{"id":1728445,"date":"2023-03-28T00:34:28","date_gmt":"2023-03-27T23:34:28","guid":{"rendered":"https:\/\/www.pressenza.com\/?p=1728445"},"modified":"2023-03-28T00:34:28","modified_gmt":"2023-03-27T23:34:28","slug":"creation-dun-premier-journal-culturel-au-conseil-de-la-premiere-nation-abitibiwinni","status":"publish","type":"post","link":"https:\/\/www.pressenza.com\/fr\/2023\/03\/creation-dun-premier-journal-culturel-au-conseil-de-la-premiere-nation-abitibiwinni\/","title":{"rendered":"Cr\u00e9ation d\u2019un premier journal culturel au Conseil de la Premi\u00e8re Nation Abitibiwinni"},"content":{"rendered":"<p><span style=\"font-weight: 400;\">J\u00e9r\u00e9mie Kistabish est agent de communication au Conseil de la Premi\u00e8re Nation Abitibiwinni. De la cr\u00e9ation d\u2019objets promotionnels \u00e0 l\u2019achat de panneaux publicitaires, son travail consiste \u00e0 s\u2019occuper de tout ce qui touche aux communications. Son parcours professionnel est teint\u00e9 par l\u2019amour de la musique et de la culture. Pas \u00e9tonnant que J\u00e9r\u00e9mie travaille \u00e0 lancer un journal culturel mettant en lumi\u00e8re diff\u00e9rents membres de diff\u00e9rentes cultures des Premi\u00e8res Nations.<\/span><\/p>\n<p><span style=\"font-weight: 400;\">Adolescent, J\u00e9r\u00e9mie avait un projet musical. Ainsi, il a pr\u00e9sent\u00e9 des spectacles, tant dans les grands centres que dans la r\u00e9gion. Dans le but de m\u00ealer la musique \u00e0 sa vie professionnelle, il s\u2019est retrouv\u00e9 derri\u00e8re le micro de la station de radio <\/span><a href=\"https:\/\/pikogan.com\/page\/1047300\"><span style=\"font-weight: 400;\">CKAG FM<\/span><\/a><span style=\"font-weight: 400;\">. Pendant sept ans, il a \u00e9t\u00e9 animateur, mais il a aussi touch\u00e9 \u00e0 la promotion, au montage, \u00e0 la r\u00e9alisation d\u2019entrevues et \u00e0 la recherche de nouvelles. J\u00e9r\u00e9mie s\u2019implique encore aujourd\u2019hui aupr\u00e8s de la radio CKAG FM en si\u00e9geant \u00e0 son conseil d\u2019administration.<\/span><\/p>\n<p><span style=\"font-weight: 400;\">En plus de sa passion pour la musique, J\u00e9r\u00e9mie organise des \u00e9v\u00e9nements dans ses temps libres. En 2021, il a notamment organis\u00e9 un d\u00e9fil\u00e9 de mode. La designer vedette \u00e9tait Julie Lacroix (Sign\u00e9 J), issue des Premi\u00e8res Nations. Que ce soit derri\u00e8re un piano, derri\u00e8re ses platines ou \u00e0 la barre d\u2019une embarcation nautique lors des rassemblements de bateaux qu\u2019il aime orchestrer, J\u00e9r\u00e9mie est tr\u00e8s impliqu\u00e9 dans son milieu.<\/span><\/p>\n<p><span style=\"font-weight: 400;\">Un autre projet lui tenant \u00e0 c\u0153ur est celui du journal culturel du Conseil de la Premi\u00e8re Nation Abitibiwinni. \u00c0 la recherche de sujets ainsi qu\u2019\u00e0 la r\u00e9daction, l\u2019agent de communication souhaite mettre en lumi\u00e8re des Autochtones qui tirent leur \u00e9pingle du jeu dans l\u2019espace culturel, mais aussi dans d\u2019autres domaines. \u00c0 travers les pages de ce journal num\u00e9rique, la culture sera privil\u00e9gi\u00e9e, mais il sera aussi possible de faire la connaissance de professionnelles et professionnels au parcourt inspirant.<\/span><\/p>\n<p><span style=\"font-weight: 400;\">L\u2019id\u00e9e du projet lui est venue en regardant des archives. Il souhaitait trouver une fa\u00e7on de regrouper tout ce que les membres des Premi\u00e8res Nations font, mais aussi en informer ses publics cibles.<\/span><\/p>\n<p><span style=\"font-weight: 400;\">Claudine Gagn\u00e9<\/span><\/p>\n","protected":false},"excerpt":{"rendered":"<p>J\u00e9r\u00e9mie Kistabish est agent de communication au Conseil de la Premi\u00e8re Nation Abitibiwinni. De la cr\u00e9ation d\u2019objets promotionnels \u00e0 l\u2019achat de panneaux publicitaires, son travail consiste \u00e0 s\u2019occuper de tout ce qui touche aux communications. Son parcours professionnel est teint\u00e9&hellip;<\/p>\n","protected":false},"author":2143,"featured_media":1728447,"comment_status":"closed","ping_status":"closed","sticky":false,"template":"","format":"standard","meta":{"footnotes":""},"categories":[87,99],"tags":[103996,111505,101682,103995],"class_list":["post-1728445","post","type-post","status-publish","format-standard","has-post-thumbnail","hentry","category-amerique-du-nord","category-peuples-autochtones","tag-abitibi","tag-abitibiwinni","tag-amecq","tag-indicebohemien"],"yoast_head":"<!-- This site is optimized with the Yoast SEO plugin v27.1.1 - https:\/\/yoast.com\/product\/yoast-seo-wordpress\/ -->\n<title>Cr\u00e9ation d\u2019un premier journal culturel au Conseil de la Premi\u00e8re Nation Abitibiwinni<\/title>\n<meta name=\"description\" content=\"J\u00e9r\u00e9mie Kistabish est agent de communication au Conseil de la Premi\u00e8re Nation Abitibiwinni. De la cr\u00e9ation d\u2019objets promotionnels \u00e0 l\u2019achat de panneaux\" \/>\n<meta name=\"robots\" content=\"index, follow, max-snippet:-1, max-image-preview:large, max-video-preview:-1\" \/>\n<link rel=\"canonical\" href=\"https:\/\/www.pressenza.com\/fr\/2023\/03\/creation-dun-premier-journal-culturel-au-conseil-de-la-premiere-nation-abitibiwinni\/\" \/>\n<meta property=\"og:locale\" content=\"fr_FR\" \/>\n<meta property=\"og:type\" content=\"article\" \/>\n<meta property=\"og:title\" content=\"Cr\u00e9ation d\u2019un premier journal culturel au Conseil de la Premi\u00e8re Nation Abitibiwinni\" \/>\n<meta property=\"og:description\" content=\"J\u00e9r\u00e9mie Kistabish est agent de communication au Conseil de la Premi\u00e8re Nation Abitibiwinni. De la cr\u00e9ation d\u2019objets promotionnels \u00e0 l\u2019achat de panneaux\" \/>\n<meta property=\"og:url\" content=\"https:\/\/www.pressenza.com\/fr\/2023\/03\/creation-dun-premier-journal-culturel-au-conseil-de-la-premiere-nation-abitibiwinni\/\" \/>\n<meta property=\"og:site_name\" content=\"Pressenza\" \/>\n<meta property=\"article:publisher\" content=\"https:\/\/www.facebook.com\/PressenzaItalia\" \/>\n<meta property=\"article:published_time\" content=\"2023-03-27T23:34:28+00:00\" \/>\n<meta property=\"og:image\" content=\"https:\/\/www.pressenza.com\/wp-content\/uploads\/2023\/03\/personnage.png\" \/>\n\t<meta property=\"og:image:width\" content=\"652\" \/>\n\t<meta property=\"og:image:height\" content=\"624\" \/>\n\t<meta property=\"og:image:type\" content=\"image\/png\" \/>\n<meta name=\"author\" content=\"AMECQ - Association des m\u00e9dias \u00e9crits communautaires du Qu\u00e9bec\" \/>\n<meta name=\"twitter:card\" content=\"summary_large_image\" \/>\n<meta name=\"twitter:creator\" content=\"@PressenzaIPA\" \/>\n<meta name=\"twitter:site\" content=\"@PressenzaIPA\" \/>\n<meta name=\"twitter:label1\" content=\"\u00c9crit par\" \/>\n\t<meta name=\"twitter:data1\" content=\"AMECQ - Association des m\u00e9dias \u00e9crits communautaires du Qu\u00e9bec\" \/>\n\t<meta name=\"twitter:label2\" content=\"Dur\u00e9e de lecture estim\u00e9e\" \/>\n\t<meta name=\"twitter:data2\" content=\"2 minutes\" \/>\n<script type=\"application\/ld+json\" class=\"yoast-schema-graph\">{\"@context\":\"https:\/\/schema.org\",\"@graph\":[{\"@type\":\"Article\",\"@id\":\"https:\/\/www.pressenza.com\/fr\/2023\/03\/creation-dun-premier-journal-culturel-au-conseil-de-la-premiere-nation-abitibiwinni\/#article\",\"isPartOf\":{\"@id\":\"https:\/\/www.pressenza.com\/fr\/2023\/03\/creation-dun-premier-journal-culturel-au-conseil-de-la-premiere-nation-abitibiwinni\/\"},\"author\":{\"name\":\"AMECQ - Association des m\u00e9dias \u00e9crits communautaires du Qu\u00e9bec\",\"@id\":\"https:\/\/www.pressenza.com\/fr\/#\/schema\/person\/5362584f414349fe88d3246d58d2ac3a\"},\"headline\":\"Cr\u00e9ation d\u2019un premier journal culturel au Conseil de la Premi\u00e8re Nation Abitibiwinni\",\"datePublished\":\"2023-03-27T23:34:28+00:00\",\"mainEntityOfPage\":{\"@id\":\"https:\/\/www.pressenza.com\/fr\/2023\/03\/creation-dun-premier-journal-culturel-au-conseil-de-la-premiere-nation-abitibiwinni\/\"},\"wordCount\":399,\"publisher\":{\"@id\":\"https:\/\/www.pressenza.com\/fr\/#organization\"},\"image\":{\"@id\":\"https:\/\/www.pressenza.com\/fr\/2023\/03\/creation-dun-premier-journal-culturel-au-conseil-de-la-premiere-nation-abitibiwinni\/#primaryimage\"},\"thumbnailUrl\":\"https:\/\/www.pressenza.com\/wp-content\/uploads\/2023\/03\/personnage.png\",\"keywords\":[\"Abitibi\",\"Abitibiwinni\",\"AMECQ\",\"indiceboh\u00e9mien\"],\"articleSection\":[\"Am\u00e9rique du Nord\",\"Peuples originaires\"],\"inLanguage\":\"fr-FR\"},{\"@type\":\"WebPage\",\"@id\":\"https:\/\/www.pressenza.com\/fr\/2023\/03\/creation-dun-premier-journal-culturel-au-conseil-de-la-premiere-nation-abitibiwinni\/\",\"url\":\"https:\/\/www.pressenza.com\/fr\/2023\/03\/creation-dun-premier-journal-culturel-au-conseil-de-la-premiere-nation-abitibiwinni\/\",\"name\":\"Cr\u00e9ation d\u2019un premier journal culturel au Conseil de la Premi\u00e8re Nation Abitibiwinni\",\"isPartOf\":{\"@id\":\"https:\/\/www.pressenza.com\/fr\/#website\"},\"primaryImageOfPage\":{\"@id\":\"https:\/\/www.pressenza.com\/fr\/2023\/03\/creation-dun-premier-journal-culturel-au-conseil-de-la-premiere-nation-abitibiwinni\/#primaryimage\"},\"image\":{\"@id\":\"https:\/\/www.pressenza.com\/fr\/2023\/03\/creation-dun-premier-journal-culturel-au-conseil-de-la-premiere-nation-abitibiwinni\/#primaryimage\"},\"thumbnailUrl\":\"https:\/\/www.pressenza.com\/wp-content\/uploads\/2023\/03\/personnage.png\",\"datePublished\":\"2023-03-27T23:34:28+00:00\",\"description\":\"J\u00e9r\u00e9mie Kistabish est agent de communication au Conseil de la Premi\u00e8re Nation Abitibiwinni. De la cr\u00e9ation d\u2019objets promotionnels \u00e0 l\u2019achat de panneaux\",\"breadcrumb\":{\"@id\":\"https:\/\/www.pressenza.com\/fr\/2023\/03\/creation-dun-premier-journal-culturel-au-conseil-de-la-premiere-nation-abitibiwinni\/#breadcrumb\"},\"inLanguage\":\"fr-FR\",\"potentialAction\":[{\"@type\":\"ReadAction\",\"target\":[\"https:\/\/www.pressenza.com\/fr\/2023\/03\/creation-dun-premier-journal-culturel-au-conseil-de-la-premiere-nation-abitibiwinni\/\"]}]},{\"@type\":\"ImageObject\",\"inLanguage\":\"fr-FR\",\"@id\":\"https:\/\/www.pressenza.com\/fr\/2023\/03\/creation-dun-premier-journal-culturel-au-conseil-de-la-premiere-nation-abitibiwinni\/#primaryimage\",\"url\":\"https:\/\/www.pressenza.com\/wp-content\/uploads\/2023\/03\/personnage.png\",\"contentUrl\":\"https:\/\/www.pressenza.com\/wp-content\/uploads\/2023\/03\/personnage.png\",\"width\":652,\"height\":624,\"caption\":\"Cr\u00e9dit photo: Indice Boh\u00e9mien - J\u00e9r\u00e9mie Kistabish sur la photo\"},{\"@type\":\"BreadcrumbList\",\"@id\":\"https:\/\/www.pressenza.com\/fr\/2023\/03\/creation-dun-premier-journal-culturel-au-conseil-de-la-premiere-nation-abitibiwinni\/#breadcrumb\",\"itemListElement\":[{\"@type\":\"ListItem\",\"position\":1,\"name\":\"Accueil\",\"item\":\"https:\/\/www.pressenza.com\/fr\/\"},{\"@type\":\"ListItem\",\"position\":2,\"name\":\"Cr\u00e9ation d\u2019un premier journal culturel au Conseil de la Premi\u00e8re Nation Abitibiwinni\"}]},{\"@type\":\"WebSite\",\"@id\":\"https:\/\/www.pressenza.com\/fr\/#website\",\"url\":\"https:\/\/www.pressenza.com\/fr\/\",\"name\":\"Pressenza\",\"description\":\"International Press Agency\",\"publisher\":{\"@id\":\"https:\/\/www.pressenza.com\/fr\/#organization\"},\"potentialAction\":[{\"@type\":\"SearchAction\",\"target\":{\"@type\":\"EntryPoint\",\"urlTemplate\":\"https:\/\/www.pressenza.com\/fr\/?s={search_term_string}\"},\"query-input\":{\"@type\":\"PropertyValueSpecification\",\"valueRequired\":true,\"valueName\":\"search_term_string\"}}],\"inLanguage\":\"fr-FR\"},{\"@type\":\"Organization\",\"@id\":\"https:\/\/www.pressenza.com\/fr\/#organization\",\"name\":\"Pressenza\",\"url\":\"https:\/\/www.pressenza.com\/fr\/\",\"logo\":{\"@type\":\"ImageObject\",\"inLanguage\":\"fr-FR\",\"@id\":\"https:\/\/www.pressenza.com\/fr\/#\/schema\/logo\/image\/\",\"url\":\"https:\/\/www.pressenza.com\/wp-content\/uploads\/2022\/10\/pressenza_logo_200x200.jpg\",\"contentUrl\":\"https:\/\/www.pressenza.com\/wp-content\/uploads\/2022\/10\/pressenza_logo_200x200.jpg\",\"width\":200,\"height\":200,\"caption\":\"Pressenza\"},\"image\":{\"@id\":\"https:\/\/www.pressenza.com\/fr\/#\/schema\/logo\/image\/\"},\"sameAs\":[\"https:\/\/www.facebook.com\/PressenzaItalia\",\"https:\/\/x.com\/PressenzaIPA\"]},{\"@type\":\"Person\",\"@id\":\"https:\/\/www.pressenza.com\/fr\/#\/schema\/person\/5362584f414349fe88d3246d58d2ac3a\",\"name\":\"AMECQ - Association des m\u00e9dias \u00e9crits communautaires du Qu\u00e9bec\",\"description\":\"L\u2019Association des m\u00e9dias \u00e9crits communautaires du Qu\u00e9bec a pour but : de fournir des services de soutien et de formation \u00e0 ses journaux communautaires membres et de les regrouper et de les repr\u00e9senter pour que ceux-ci puissent remplir leur r\u00f4le et leur mission fondamentale. L\u2019Association participe activement au d\u00e9veloppement et au rayonnement des m\u00e9dias \u00e9crits communautaires. Les liens \u00e9troits et constants qu\u2019elle entretient avec ses membres lui assurent une connaissance dynamique du secteur et de ses besoins. L\u2019AMECQ compte 74 journaux membres.\",\"url\":\"https:\/\/www.pressenza.com\/fr\/author\/amecq\/\"}]}<\/script>\n<!-- \/ Yoast SEO plugin. -->","yoast_head_json":{"title":"Cr\u00e9ation d\u2019un premier journal culturel au Conseil de la Premi\u00e8re Nation Abitibiwinni","description":"J\u00e9r\u00e9mie Kistabish est agent de communication au Conseil de la Premi\u00e8re Nation Abitibiwinni. De la cr\u00e9ation d\u2019objets promotionnels \u00e0 l\u2019achat de panneaux","robots":{"index":"index","follow":"follow","max-snippet":"max-snippet:-1","max-image-preview":"max-image-preview:large","max-video-preview":"max-video-preview:-1"},"canonical":"https:\/\/www.pressenza.com\/fr\/2023\/03\/creation-dun-premier-journal-culturel-au-conseil-de-la-premiere-nation-abitibiwinni\/","og_locale":"fr_FR","og_type":"article","og_title":"Cr\u00e9ation d\u2019un premier journal culturel au Conseil de la Premi\u00e8re Nation Abitibiwinni","og_description":"J\u00e9r\u00e9mie Kistabish est agent de communication au Conseil de la Premi\u00e8re Nation Abitibiwinni. De la cr\u00e9ation d\u2019objets promotionnels \u00e0 l\u2019achat de panneaux","og_url":"https:\/\/www.pressenza.com\/fr\/2023\/03\/creation-dun-premier-journal-culturel-au-conseil-de-la-premiere-nation-abitibiwinni\/","og_site_name":"Pressenza","article_publisher":"https:\/\/www.facebook.com\/PressenzaItalia","article_published_time":"2023-03-27T23:34:28+00:00","og_image":[{"width":652,"height":624,"url":"https:\/\/www.pressenza.com\/wp-content\/uploads\/2023\/03\/personnage.png","type":"image\/png"}],"author":"AMECQ - Association des m\u00e9dias \u00e9crits communautaires du Qu\u00e9bec","twitter_card":"summary_large_image","twitter_creator":"@PressenzaIPA","twitter_site":"@PressenzaIPA","twitter_misc":{"\u00c9crit par":"AMECQ - Association des m\u00e9dias \u00e9crits communautaires du Qu\u00e9bec","Dur\u00e9e de lecture estim\u00e9e":"2 minutes"},"schema":{"@context":"https:\/\/schema.org","@graph":[{"@type":"Article","@id":"https:\/\/www.pressenza.com\/fr\/2023\/03\/creation-dun-premier-journal-culturel-au-conseil-de-la-premiere-nation-abitibiwinni\/#article","isPartOf":{"@id":"https:\/\/www.pressenza.com\/fr\/2023\/03\/creation-dun-premier-journal-culturel-au-conseil-de-la-premiere-nation-abitibiwinni\/"},"author":{"name":"AMECQ - Association des m\u00e9dias \u00e9crits communautaires du Qu\u00e9bec","@id":"https:\/\/www.pressenza.com\/fr\/#\/schema\/person\/5362584f414349fe88d3246d58d2ac3a"},"headline":"Cr\u00e9ation d\u2019un premier journal culturel au Conseil de la Premi\u00e8re Nation Abitibiwinni","datePublished":"2023-03-27T23:34:28+00:00","mainEntityOfPage":{"@id":"https:\/\/www.pressenza.com\/fr\/2023\/03\/creation-dun-premier-journal-culturel-au-conseil-de-la-premiere-nation-abitibiwinni\/"},"wordCount":399,"publisher":{"@id":"https:\/\/www.pressenza.com\/fr\/#organization"},"image":{"@id":"https:\/\/www.pressenza.com\/fr\/2023\/03\/creation-dun-premier-journal-culturel-au-conseil-de-la-premiere-nation-abitibiwinni\/#primaryimage"},"thumbnailUrl":"https:\/\/www.pressenza.com\/wp-content\/uploads\/2023\/03\/personnage.png","keywords":["Abitibi","Abitibiwinni","AMECQ","indiceboh\u00e9mien"],"articleSection":["Am\u00e9rique du Nord","Peuples originaires"],"inLanguage":"fr-FR"},{"@type":"WebPage","@id":"https:\/\/www.pressenza.com\/fr\/2023\/03\/creation-dun-premier-journal-culturel-au-conseil-de-la-premiere-nation-abitibiwinni\/","url":"https:\/\/www.pressenza.com\/fr\/2023\/03\/creation-dun-premier-journal-culturel-au-conseil-de-la-premiere-nation-abitibiwinni\/","name":"Cr\u00e9ation d\u2019un premier journal culturel au Conseil de la Premi\u00e8re Nation Abitibiwinni","isPartOf":{"@id":"https:\/\/www.pressenza.com\/fr\/#website"},"primaryImageOfPage":{"@id":"https:\/\/www.pressenza.com\/fr\/2023\/03\/creation-dun-premier-journal-culturel-au-conseil-de-la-premiere-nation-abitibiwinni\/#primaryimage"},"image":{"@id":"https:\/\/www.pressenza.com\/fr\/2023\/03\/creation-dun-premier-journal-culturel-au-conseil-de-la-premiere-nation-abitibiwinni\/#primaryimage"},"thumbnailUrl":"https:\/\/www.pressenza.com\/wp-content\/uploads\/2023\/03\/personnage.png","datePublished":"2023-03-27T23:34:28+00:00","description":"J\u00e9r\u00e9mie Kistabish est agent de communication au Conseil de la Premi\u00e8re Nation Abitibiwinni. De la cr\u00e9ation d\u2019objets promotionnels \u00e0 l\u2019achat de panneaux","breadcrumb":{"@id":"https:\/\/www.pressenza.com\/fr\/2023\/03\/creation-dun-premier-journal-culturel-au-conseil-de-la-premiere-nation-abitibiwinni\/#breadcrumb"},"inLanguage":"fr-FR","potentialAction":[{"@type":"ReadAction","target":["https:\/\/www.pressenza.com\/fr\/2023\/03\/creation-dun-premier-journal-culturel-au-conseil-de-la-premiere-nation-abitibiwinni\/"]}]},{"@type":"ImageObject","inLanguage":"fr-FR","@id":"https:\/\/www.pressenza.com\/fr\/2023\/03\/creation-dun-premier-journal-culturel-au-conseil-de-la-premiere-nation-abitibiwinni\/#primaryimage","url":"https:\/\/www.pressenza.com\/wp-content\/uploads\/2023\/03\/personnage.png","contentUrl":"https:\/\/www.pressenza.com\/wp-content\/uploads\/2023\/03\/personnage.png","width":652,"height":624,"caption":"Cr\u00e9dit photo: Indice Boh\u00e9mien - J\u00e9r\u00e9mie Kistabish sur la photo"},{"@type":"BreadcrumbList","@id":"https:\/\/www.pressenza.com\/fr\/2023\/03\/creation-dun-premier-journal-culturel-au-conseil-de-la-premiere-nation-abitibiwinni\/#breadcrumb","itemListElement":[{"@type":"ListItem","position":1,"name":"Accueil","item":"https:\/\/www.pressenza.com\/fr\/"},{"@type":"ListItem","position":2,"name":"Cr\u00e9ation d\u2019un premier journal culturel au Conseil de la Premi\u00e8re Nation Abitibiwinni"}]},{"@type":"WebSite","@id":"https:\/\/www.pressenza.com\/fr\/#website","url":"https:\/\/www.pressenza.com\/fr\/","name":"Pressenza","description":"International Press Agency","publisher":{"@id":"https:\/\/www.pressenza.com\/fr\/#organization"},"potentialAction":[{"@type":"SearchAction","target":{"@type":"EntryPoint","urlTemplate":"https:\/\/www.pressenza.com\/fr\/?s={search_term_string}"},"query-input":{"@type":"PropertyValueSpecification","valueRequired":true,"valueName":"search_term_string"}}],"inLanguage":"fr-FR"},{"@type":"Organization","@id":"https:\/\/www.pressenza.com\/fr\/#organization","name":"Pressenza","url":"https:\/\/www.pressenza.com\/fr\/","logo":{"@type":"ImageObject","inLanguage":"fr-FR","@id":"https:\/\/www.pressenza.com\/fr\/#\/schema\/logo\/image\/","url":"https:\/\/www.pressenza.com\/wp-content\/uploads\/2022\/10\/pressenza_logo_200x200.jpg","contentUrl":"https:\/\/www.pressenza.com\/wp-content\/uploads\/2022\/10\/pressenza_logo_200x200.jpg","width":200,"height":200,"caption":"Pressenza"},"image":{"@id":"https:\/\/www.pressenza.com\/fr\/#\/schema\/logo\/image\/"},"sameAs":["https:\/\/www.facebook.com\/PressenzaItalia","https:\/\/x.com\/PressenzaIPA"]},{"@type":"Person","@id":"https:\/\/www.pressenza.com\/fr\/#\/schema\/person\/5362584f414349fe88d3246d58d2ac3a","name":"AMECQ - Association des m\u00e9dias \u00e9crits communautaires du Qu\u00e9bec","description":"L\u2019Association des m\u00e9dias \u00e9crits communautaires du Qu\u00e9bec a pour but : de fournir des services de soutien et de formation \u00e0 ses journaux communautaires membres et de les regrouper et de les repr\u00e9senter pour que ceux-ci puissent remplir leur r\u00f4le et leur mission fondamentale. L\u2019Association participe activement au d\u00e9veloppement et au rayonnement des m\u00e9dias \u00e9crits communautaires. Les liens \u00e9troits et constants qu\u2019elle entretient avec ses membres lui assurent une connaissance dynamique du secteur et de ses besoins. L\u2019AMECQ compte 74 journaux membres.","url":"https:\/\/www.pressenza.com\/fr\/author\/amecq\/"}]}},"place":"L\u2019Indice boh\u00e9mien, Abitibi-T\u00e9miscamingue","original_article_url":"https:\/\/indicebohemien.org\/2023\/03\/conseil-de-la-premiere-nation-abitibiwinni-creation-dun-premier-journal-culturel\/","_links":{"self":[{"href":"https:\/\/www.pressenza.com\/fr\/wp-json\/wp\/v2\/posts\/1728445","targetHints":{"allow":["GET"]}}],"collection":[{"href":"https:\/\/www.pressenza.com\/fr\/wp-json\/wp\/v2\/posts"}],"about":[{"href":"https:\/\/www.pressenza.com\/fr\/wp-json\/wp\/v2\/types\/post"}],"author":[{"embeddable":true,"href":"https:\/\/www.pressenza.com\/fr\/wp-json\/wp\/v2\/users\/2143"}],"replies":[{"embeddable":true,"href":"https:\/\/www.pressenza.com\/fr\/wp-json\/wp\/v2\/comments?post=1728445"}],"version-history":[{"count":0,"href":"https:\/\/www.pressenza.com\/fr\/wp-json\/wp\/v2\/posts\/1728445\/revisions"}],"wp:featuredmedia":[{"embeddable":true,"href":"https:\/\/www.pressenza.com\/fr\/wp-json\/wp\/v2\/media\/1728447"}],"wp:attachment":[{"href":"https:\/\/www.pressenza.com\/fr\/wp-json\/wp\/v2\/media?parent=1728445"}],"wp:term":[{"taxonomy":"category","embeddable":true,"href":"https:\/\/www.pressenza.com\/fr\/wp-json\/wp\/v2\/categories?post=1728445"},{"taxonomy":"post_tag","embeddable":true,"href":"https:\/\/www.pressenza.com\/fr\/wp-json\/wp\/v2\/tags?post=1728445"}],"curies":[{"name":"wp","href":"https:\/\/api.w.org\/{rel}","templated":true}]}}