{"id":1726593,"date":"2023-03-20T23:12:05","date_gmt":"2023-03-20T23:12:05","guid":{"rendered":"https:\/\/www.pressenza.com\/?p=1726593"},"modified":"2023-03-21T07:33:19","modified_gmt":"2023-03-21T07:33:19","slug":"k-ootsho-redonner-vie","status":"publish","type":"post","link":"https:\/\/www.pressenza.com\/fr\/2023\/03\/k-ootsho-redonner-vie\/","title":{"rendered":"K-OOTSHO : redonner vie"},"content":{"rendered":"<p><span style=\"font-weight: 400;\">Le contraste ne saurait \u00eatre plus tranch\u00e9, plus divergent. D\u2019un c\u00f4t\u00e9, l\u2019artiste, souriante et p\u00e9tillante, avec sa longue chevelure blonde et, de l\u2019autre, des chambres \u00e0 air de v\u00e9lo \u00e9ventr\u00e9es et r\u00e9duites en longues lani\u00e8res de caoutchouc en fin de vie utile\u2026 ou presque. La mission de l\u2019<\/span><a href=\"https:\/\/latelierkootshoo.com\/\"><span style=\"font-weight: 400;\">atelier K-OOTSHOO<\/span><\/a><span style=\"font-weight: 400;\">, c\u2019est justement cela, c&rsquo;est \u00ab faire du beau, avec du moins beau \u00bb.<\/span><\/p>\n<p><span style=\"font-weight: 400;\">Karoline L\u00e9tourneau est dipl\u00f4m\u00e9e en m\u00e9tiers d\u2019arts et impression textile \u00e0 Montr\u00e9al. Apr\u00e8s avoir travaill\u00e9 pour le Cirque du Soleil en teinture, dans l\u2019\u00e9quipe des costumes, elle revient en Abitibi-T\u00e9miscamingue. De fil en aiguille, elle met sur pied son atelier de cr\u00e9ation et de valorisation, \u00e0 La Reine en Abitibi-Ouest.<\/span><\/p>\n<blockquote><p><span style=\"font-weight: 400;\">\u00ab Le Cirque m\u2019a donn\u00e9 un c\u00f4t\u00e9 tr\u00e8s structur\u00e9. J\u2019y ai appris \u00e0 reproduire des patrons, des couleurs et \u00e0 cr\u00e9er des archives aussi. Ce n\u2019\u00e9tait pas quelque chose que j\u2019avais au d\u00e9part, mais j\u2019aime beaucoup le c\u00f4t\u00e9 affaires et, pour r\u00e9ussir, tu n\u2019as pas le choix d\u2019\u00eatre \u00e0 ton affaire, justement ! \u00bb<\/span><\/p><\/blockquote>\n<p><span style=\"font-weight: 400;\">C\u2019est, par ailleurs, en marge de son travail au Cirque du Soleil, que lui est venu le d\u00e9sir de travailler avec le caoutchouc. <\/span><\/p>\n<blockquote><p><span style=\"font-weight: 400;\">\u00ab J\u2019avais d\u00e9j\u00e0 vu des boucles d\u2019oreilles faites de caoutchouc, puis une coll\u00e8gue au Cirque m\u2019a donn\u00e9 un sac en cadeau fait en tripes de v\u00e9lo. \u00bb <\/span><\/p><\/blockquote>\n<p><span style=\"font-weight: 400;\">Il ne lui en fallait pas plus pour avoir envie de pousser plus loin les possibilit\u00e9s que lui offrait cette mati\u00e8re premi\u00e8re \u00e0 la fois originale et singuli\u00e8re.<\/span><\/p>\n<blockquote><p><span style=\"font-weight: 400;\">\u00ab Je suis une tripeuse de mati\u00e8res et de textiles. Le caoutchouc, c\u2019est quelque chose qui est venu me parler. C\u2019est mall\u00e9able, imperm\u00e9able et c\u2019est un mal-aim\u00e9 parce que c\u2019est une mati\u00e8re finalement polluante et il est difficile de s\u2019en d\u00e9barrasser \u00bb, explique Karoline L\u00e9tourneau. <\/span><\/p><\/blockquote>\n<p><span style=\"font-weight: 400;\">Il faut dire aussi que le caoutchouc des chambres \u00e0 air de v\u00e9lo peut \u00eatre travaill\u00e9 \u00e0 la machine \u00e0 coudre. Un net avantage !<\/span><\/p>\n<p><span style=\"font-weight: 400;\"><strong>Approvisionnement sans cesse renouvel\u00e9<\/strong>\u00a0<\/span><\/p>\n<blockquote><p><span style=\"font-weight: 400;\">\u00ab Je n\u2019ai jamais connu de probl\u00e8me d\u2019approvisionnement, m\u00eame avec la pand\u00e9mie, gr\u00e2ce \u00e0 de nombreux partenaires. Sports experts \u00e0 La Sarre, Rouyn-Noranda et Amos ; B\u00e9lisle \u00e0 Rouyn-Noranda ; j\u2019ai m\u00eame des boutiques de v\u00e9lo \u00e0 Mont-Laurier et Saint-Sauveur qui me gardent du mat\u00e9riel. Tout le monde est emball\u00e9 par le projet. \u00bb<\/span><span style=\"font-weight: 400;\"><br \/>\n<\/span><\/p><\/blockquote>\n<p><span style=\"font-weight: 400;\">Il faut savoir que le caoutchouc n\u2019est pas un r\u00e9sidu commercial qui peut se recycler aussi facilement que d\u2019autres. Le partenariat est ainsi gagnant-gagnant. K-OOTSHOO d\u00e9charge les entreprises de leurs d\u00e9chets pour les revaloriser sous une autre forme, o\u00f9 le caract\u00e8re durable et imperm\u00e9able devient une valeur ajout\u00e9e pour les sacs ou les portes-feuilles. Karoline aime aussi int\u00e9grer du cuir, une autre mati\u00e8re durable, et des tissus qu\u2019elle se pla\u00eet \u00e0 agencer et sur lesquels elle peut imprimer des designs uniques. Les possibilit\u00e9s d\u2019assemblages s\u2019en trouvent d\u00e9cupl\u00e9es.<\/span><\/p>\n<p><strong>Vers des teintures plus naturelles<\/strong><\/p>\n<p><span style=\"font-weight: 400;\">Pour teindre ses pi\u00e8ces et ses tissus, Karoline L\u00e9tourneau utilise des colorants \u00e0 faible impact environnemental depuis des ann\u00e9es d\u00e9j\u00e0, mais elle souhaite aller plus loin dans cette voie. <\/span><\/p>\n<blockquote><p><span style=\"font-weight: 400;\">\u00ab J\u2019aimerais aller vers quelque chose de plus naturel. C\u2019est dans mes d\u00e9sirs de teindre de mani\u00e8re plus naturelle. Le moins d\u2019impacts qu\u2019on peut laisser, mieux c\u2019est. C\u2019est le but de K-OOTSHOO \u00bb, souligne-t-elle.<\/span><span style=\"font-weight: 400;\"><br \/>\n<\/span><\/p><\/blockquote>\n<p><span style=\"font-weight: 400;\">Dans ses efforts pour r\u00e9duire son empreinte, elle garde contact avec le Centre design et impression textile \u00e0 Montr\u00e9al. <\/span><\/p>\n<blockquote><p><span style=\"font-weight: 400;\">\u00ab Si j\u2019arrive \u00e0 teindre de mani\u00e8re naturelle, je serai vraiment contente \u00bb, assure-t-elle. <\/span><span style=\"font-weight: 400;\">Native de Palmarolle, en Abitibi-Ouest, c\u2019est une fiert\u00e9 pour elle d\u2019y avoir son atelier, sa production et sa boutique en ligne. \u00ab J\u2019aime aussi faire les march\u00e9s publics. \u00c7a permet de cr\u00e9er quelque chose d\u2019unique, d\u2019expliquer aux clients comment c\u2019est fait et de leur faire prendre conscience que c\u2019est parfois plus difficile de travailler avec des vieilles affaires qu\u2019avec du neuf. C\u2019est une mani\u00e8re aussi d\u2019expliquer ma d\u00e9marche. \u00bb<\/span><\/p><\/blockquote>\n<p><span style=\"font-weight: 400;\">Et si son inspiration peut lui venir de partout, Karoline L\u00e9tourneau compte aussi sur son \u00e9quipe de \u00ab Colombo \u00bb, comme elle les appelle. Ce sont des personnes qui, comme elle, font le tour des friperies et d\u2019autres magasins de bric-\u00e0-brac et qui d\u00e9nichent parfois des trouvailles qui pourront revenir sous une autre forme.<\/span><\/p>\n<p><span style=\"font-weight: 400;\">Lise Millette<\/span><\/p>\n","protected":false},"excerpt":{"rendered":"<p>Le contraste ne saurait \u00eatre plus tranch\u00e9, plus divergent. D\u2019un c\u00f4t\u00e9, l\u2019artiste, souriante et p\u00e9tillante, avec sa longue chevelure blonde et, de l\u2019autre, des chambres \u00e0 air de v\u00e9lo \u00e9ventr\u00e9es et r\u00e9duites en longues lani\u00e8res de caoutchouc en fin de&hellip;<\/p>\n","protected":false},"author":2143,"featured_media":1726594,"comment_status":"closed","ping_status":"closed","sticky":false,"template":"","format":"standard","meta":{"footnotes":""},"categories":[97,100],"tags":[103996,101682,103995],"class_list":["post-1726593","post","type-post","status-publish","format-standard","has-post-thumbnail","hentry","category-environnement-et-ecologie","category-economie","tag-abitibi","tag-amecq","tag-indicebohemien"],"yoast_head":"<!-- This site is optimized with the Yoast SEO plugin v27.1.1 - https:\/\/yoast.com\/product\/yoast-seo-wordpress\/ -->\n<title>K-OOTSHO : redonner vie<\/title>\n<meta name=\"description\" content=\"Le contraste ne saurait \u00eatre plus tranch\u00e9, plus divergent. D\u2019un c\u00f4t\u00e9, l\u2019artiste, souriante et p\u00e9tillante, avec sa longue chevelure blonde et, de l\u2019autre,\" \/>\n<meta name=\"robots\" content=\"index, follow, max-snippet:-1, max-image-preview:large, max-video-preview:-1\" \/>\n<link rel=\"canonical\" href=\"https:\/\/www.pressenza.com\/fr\/2023\/03\/k-ootsho-redonner-vie\/\" \/>\n<meta property=\"og:locale\" content=\"fr_FR\" \/>\n<meta property=\"og:type\" content=\"article\" \/>\n<meta property=\"og:title\" content=\"K-OOTSHO : redonner vie\" \/>\n<meta property=\"og:description\" content=\"Le contraste ne saurait \u00eatre plus tranch\u00e9, plus divergent. D\u2019un c\u00f4t\u00e9, l\u2019artiste, souriante et p\u00e9tillante, avec sa longue chevelure blonde et, de l\u2019autre,\" \/>\n<meta property=\"og:url\" content=\"https:\/\/www.pressenza.com\/fr\/2023\/03\/k-ootsho-redonner-vie\/\" \/>\n<meta property=\"og:site_name\" content=\"Pressenza\" \/>\n<meta property=\"article:publisher\" content=\"https:\/\/www.facebook.com\/PressenzaItalia\" \/>\n<meta property=\"article:published_time\" content=\"2023-03-20T23:12:05+00:00\" \/>\n<meta property=\"article:modified_time\" content=\"2023-03-21T07:33:19+00:00\" \/>\n<meta property=\"og:image\" content=\"https:\/\/www.pressenza.com\/wp-content\/uploads\/2023\/03\/sac.png\" \/>\n\t<meta property=\"og:image:width\" content=\"783\" \/>\n\t<meta property=\"og:image:height\" content=\"530\" \/>\n\t<meta property=\"og:image:type\" content=\"image\/png\" \/>\n<meta name=\"author\" content=\"AMECQ - Association des m\u00e9dias \u00e9crits communautaires du Qu\u00e9bec\" \/>\n<meta name=\"twitter:card\" content=\"summary_large_image\" \/>\n<meta name=\"twitter:creator\" content=\"@PressenzaIPA\" \/>\n<meta name=\"twitter:site\" content=\"@PressenzaIPA\" \/>\n<meta name=\"twitter:label1\" content=\"\u00c9crit par\" \/>\n\t<meta name=\"twitter:data1\" content=\"AMECQ - Association des m\u00e9dias \u00e9crits communautaires du Qu\u00e9bec\" \/>\n\t<meta name=\"twitter:label2\" content=\"Dur\u00e9e de lecture estim\u00e9e\" \/>\n\t<meta name=\"twitter:data2\" content=\"4 minutes\" \/>\n<script type=\"application\/ld+json\" class=\"yoast-schema-graph\">{\"@context\":\"https:\/\/schema.org\",\"@graph\":[{\"@type\":\"Article\",\"@id\":\"https:\/\/www.pressenza.com\/fr\/2023\/03\/k-ootsho-redonner-vie\/#article\",\"isPartOf\":{\"@id\":\"https:\/\/www.pressenza.com\/fr\/2023\/03\/k-ootsho-redonner-vie\/\"},\"author\":{\"name\":\"AMECQ - Association des m\u00e9dias \u00e9crits communautaires du Qu\u00e9bec\",\"@id\":\"https:\/\/www.pressenza.com\/fr\/#\/schema\/person\/5362584f414349fe88d3246d58d2ac3a\"},\"headline\":\"K-OOTSHO : redonner vie\",\"datePublished\":\"2023-03-20T23:12:05+00:00\",\"dateModified\":\"2023-03-21T07:33:19+00:00\",\"mainEntityOfPage\":{\"@id\":\"https:\/\/www.pressenza.com\/fr\/2023\/03\/k-ootsho-redonner-vie\/\"},\"wordCount\":769,\"publisher\":{\"@id\":\"https:\/\/www.pressenza.com\/fr\/#organization\"},\"image\":{\"@id\":\"https:\/\/www.pressenza.com\/fr\/2023\/03\/k-ootsho-redonner-vie\/#primaryimage\"},\"thumbnailUrl\":\"https:\/\/www.pressenza.com\/wp-content\/uploads\/2023\/03\/sac.png\",\"keywords\":[\"Abitibi\",\"AMECQ\",\"indiceboh\u00e9mien\"],\"articleSection\":[\"Ecologie et Environnement\",\"Economie\"],\"inLanguage\":\"fr-FR\"},{\"@type\":\"WebPage\",\"@id\":\"https:\/\/www.pressenza.com\/fr\/2023\/03\/k-ootsho-redonner-vie\/\",\"url\":\"https:\/\/www.pressenza.com\/fr\/2023\/03\/k-ootsho-redonner-vie\/\",\"name\":\"K-OOTSHO : redonner vie\",\"isPartOf\":{\"@id\":\"https:\/\/www.pressenza.com\/fr\/#website\"},\"primaryImageOfPage\":{\"@id\":\"https:\/\/www.pressenza.com\/fr\/2023\/03\/k-ootsho-redonner-vie\/#primaryimage\"},\"image\":{\"@id\":\"https:\/\/www.pressenza.com\/fr\/2023\/03\/k-ootsho-redonner-vie\/#primaryimage\"},\"thumbnailUrl\":\"https:\/\/www.pressenza.com\/wp-content\/uploads\/2023\/03\/sac.png\",\"datePublished\":\"2023-03-20T23:12:05+00:00\",\"dateModified\":\"2023-03-21T07:33:19+00:00\",\"description\":\"Le contraste ne saurait \u00eatre plus tranch\u00e9, plus divergent. D\u2019un c\u00f4t\u00e9, l\u2019artiste, souriante et p\u00e9tillante, avec sa longue chevelure blonde et, de l\u2019autre,\",\"breadcrumb\":{\"@id\":\"https:\/\/www.pressenza.com\/fr\/2023\/03\/k-ootsho-redonner-vie\/#breadcrumb\"},\"inLanguage\":\"fr-FR\",\"potentialAction\":[{\"@type\":\"ReadAction\",\"target\":[\"https:\/\/www.pressenza.com\/fr\/2023\/03\/k-ootsho-redonner-vie\/\"]}]},{\"@type\":\"ImageObject\",\"inLanguage\":\"fr-FR\",\"@id\":\"https:\/\/www.pressenza.com\/fr\/2023\/03\/k-ootsho-redonner-vie\/#primaryimage\",\"url\":\"https:\/\/www.pressenza.com\/wp-content\/uploads\/2023\/03\/sac.png\",\"contentUrl\":\"https:\/\/www.pressenza.com\/wp-content\/uploads\/2023\/03\/sac.png\",\"width\":783,\"height\":530,\"caption\":\"Photo cr\u00e9dit: Karoline L\u00e9tourneau, L'Indice Boh\u00e9mien\"},{\"@type\":\"BreadcrumbList\",\"@id\":\"https:\/\/www.pressenza.com\/fr\/2023\/03\/k-ootsho-redonner-vie\/#breadcrumb\",\"itemListElement\":[{\"@type\":\"ListItem\",\"position\":1,\"name\":\"Accueil\",\"item\":\"https:\/\/www.pressenza.com\/fr\/\"},{\"@type\":\"ListItem\",\"position\":2,\"name\":\"K-OOTSHO : redonner vie\"}]},{\"@type\":\"WebSite\",\"@id\":\"https:\/\/www.pressenza.com\/fr\/#website\",\"url\":\"https:\/\/www.pressenza.com\/fr\/\",\"name\":\"Pressenza\",\"description\":\"International Press Agency\",\"publisher\":{\"@id\":\"https:\/\/www.pressenza.com\/fr\/#organization\"},\"potentialAction\":[{\"@type\":\"SearchAction\",\"target\":{\"@type\":\"EntryPoint\",\"urlTemplate\":\"https:\/\/www.pressenza.com\/fr\/?s={search_term_string}\"},\"query-input\":{\"@type\":\"PropertyValueSpecification\",\"valueRequired\":true,\"valueName\":\"search_term_string\"}}],\"inLanguage\":\"fr-FR\"},{\"@type\":\"Organization\",\"@id\":\"https:\/\/www.pressenza.com\/fr\/#organization\",\"name\":\"Pressenza\",\"url\":\"https:\/\/www.pressenza.com\/fr\/\",\"logo\":{\"@type\":\"ImageObject\",\"inLanguage\":\"fr-FR\",\"@id\":\"https:\/\/www.pressenza.com\/fr\/#\/schema\/logo\/image\/\",\"url\":\"https:\/\/www.pressenza.com\/wp-content\/uploads\/2022\/10\/pressenza_logo_200x200.jpg\",\"contentUrl\":\"https:\/\/www.pressenza.com\/wp-content\/uploads\/2022\/10\/pressenza_logo_200x200.jpg\",\"width\":200,\"height\":200,\"caption\":\"Pressenza\"},\"image\":{\"@id\":\"https:\/\/www.pressenza.com\/fr\/#\/schema\/logo\/image\/\"},\"sameAs\":[\"https:\/\/www.facebook.com\/PressenzaItalia\",\"https:\/\/x.com\/PressenzaIPA\"]},{\"@type\":\"Person\",\"@id\":\"https:\/\/www.pressenza.com\/fr\/#\/schema\/person\/5362584f414349fe88d3246d58d2ac3a\",\"name\":\"AMECQ - Association des m\u00e9dias \u00e9crits communautaires du Qu\u00e9bec\",\"description\":\"L\u2019Association des m\u00e9dias \u00e9crits communautaires du Qu\u00e9bec a pour but : de fournir des services de soutien et de formation \u00e0 ses journaux communautaires membres et de les regrouper et de les repr\u00e9senter pour que ceux-ci puissent remplir leur r\u00f4le et leur mission fondamentale. L\u2019Association participe activement au d\u00e9veloppement et au rayonnement des m\u00e9dias \u00e9crits communautaires. Les liens \u00e9troits et constants qu\u2019elle entretient avec ses membres lui assurent une connaissance dynamique du secteur et de ses besoins. L\u2019AMECQ compte 74 journaux membres.\",\"url\":\"https:\/\/www.pressenza.com\/fr\/author\/amecq\/\"}]}<\/script>\n<!-- \/ Yoast SEO plugin. -->","yoast_head_json":{"title":"K-OOTSHO : redonner vie","description":"Le contraste ne saurait \u00eatre plus tranch\u00e9, plus divergent. D\u2019un c\u00f4t\u00e9, l\u2019artiste, souriante et p\u00e9tillante, avec sa longue chevelure blonde et, de l\u2019autre,","robots":{"index":"index","follow":"follow","max-snippet":"max-snippet:-1","max-image-preview":"max-image-preview:large","max-video-preview":"max-video-preview:-1"},"canonical":"https:\/\/www.pressenza.com\/fr\/2023\/03\/k-ootsho-redonner-vie\/","og_locale":"fr_FR","og_type":"article","og_title":"K-OOTSHO : redonner vie","og_description":"Le contraste ne saurait \u00eatre plus tranch\u00e9, plus divergent. D\u2019un c\u00f4t\u00e9, l\u2019artiste, souriante et p\u00e9tillante, avec sa longue chevelure blonde et, de l\u2019autre,","og_url":"https:\/\/www.pressenza.com\/fr\/2023\/03\/k-ootsho-redonner-vie\/","og_site_name":"Pressenza","article_publisher":"https:\/\/www.facebook.com\/PressenzaItalia","article_published_time":"2023-03-20T23:12:05+00:00","article_modified_time":"2023-03-21T07:33:19+00:00","og_image":[{"width":783,"height":530,"url":"https:\/\/www.pressenza.com\/wp-content\/uploads\/2023\/03\/sac.png","type":"image\/png"}],"author":"AMECQ - Association des m\u00e9dias \u00e9crits communautaires du Qu\u00e9bec","twitter_card":"summary_large_image","twitter_creator":"@PressenzaIPA","twitter_site":"@PressenzaIPA","twitter_misc":{"\u00c9crit par":"AMECQ - Association des m\u00e9dias \u00e9crits communautaires du Qu\u00e9bec","Dur\u00e9e de lecture estim\u00e9e":"4 minutes"},"schema":{"@context":"https:\/\/schema.org","@graph":[{"@type":"Article","@id":"https:\/\/www.pressenza.com\/fr\/2023\/03\/k-ootsho-redonner-vie\/#article","isPartOf":{"@id":"https:\/\/www.pressenza.com\/fr\/2023\/03\/k-ootsho-redonner-vie\/"},"author":{"name":"AMECQ - Association des m\u00e9dias \u00e9crits communautaires du Qu\u00e9bec","@id":"https:\/\/www.pressenza.com\/fr\/#\/schema\/person\/5362584f414349fe88d3246d58d2ac3a"},"headline":"K-OOTSHO : redonner vie","datePublished":"2023-03-20T23:12:05+00:00","dateModified":"2023-03-21T07:33:19+00:00","mainEntityOfPage":{"@id":"https:\/\/www.pressenza.com\/fr\/2023\/03\/k-ootsho-redonner-vie\/"},"wordCount":769,"publisher":{"@id":"https:\/\/www.pressenza.com\/fr\/#organization"},"image":{"@id":"https:\/\/www.pressenza.com\/fr\/2023\/03\/k-ootsho-redonner-vie\/#primaryimage"},"thumbnailUrl":"https:\/\/www.pressenza.com\/wp-content\/uploads\/2023\/03\/sac.png","keywords":["Abitibi","AMECQ","indiceboh\u00e9mien"],"articleSection":["Ecologie et Environnement","Economie"],"inLanguage":"fr-FR"},{"@type":"WebPage","@id":"https:\/\/www.pressenza.com\/fr\/2023\/03\/k-ootsho-redonner-vie\/","url":"https:\/\/www.pressenza.com\/fr\/2023\/03\/k-ootsho-redonner-vie\/","name":"K-OOTSHO : redonner vie","isPartOf":{"@id":"https:\/\/www.pressenza.com\/fr\/#website"},"primaryImageOfPage":{"@id":"https:\/\/www.pressenza.com\/fr\/2023\/03\/k-ootsho-redonner-vie\/#primaryimage"},"image":{"@id":"https:\/\/www.pressenza.com\/fr\/2023\/03\/k-ootsho-redonner-vie\/#primaryimage"},"thumbnailUrl":"https:\/\/www.pressenza.com\/wp-content\/uploads\/2023\/03\/sac.png","datePublished":"2023-03-20T23:12:05+00:00","dateModified":"2023-03-21T07:33:19+00:00","description":"Le contraste ne saurait \u00eatre plus tranch\u00e9, plus divergent. D\u2019un c\u00f4t\u00e9, l\u2019artiste, souriante et p\u00e9tillante, avec sa longue chevelure blonde et, de l\u2019autre,","breadcrumb":{"@id":"https:\/\/www.pressenza.com\/fr\/2023\/03\/k-ootsho-redonner-vie\/#breadcrumb"},"inLanguage":"fr-FR","potentialAction":[{"@type":"ReadAction","target":["https:\/\/www.pressenza.com\/fr\/2023\/03\/k-ootsho-redonner-vie\/"]}]},{"@type":"ImageObject","inLanguage":"fr-FR","@id":"https:\/\/www.pressenza.com\/fr\/2023\/03\/k-ootsho-redonner-vie\/#primaryimage","url":"https:\/\/www.pressenza.com\/wp-content\/uploads\/2023\/03\/sac.png","contentUrl":"https:\/\/www.pressenza.com\/wp-content\/uploads\/2023\/03\/sac.png","width":783,"height":530,"caption":"Photo cr\u00e9dit: Karoline L\u00e9tourneau, L'Indice Boh\u00e9mien"},{"@type":"BreadcrumbList","@id":"https:\/\/www.pressenza.com\/fr\/2023\/03\/k-ootsho-redonner-vie\/#breadcrumb","itemListElement":[{"@type":"ListItem","position":1,"name":"Accueil","item":"https:\/\/www.pressenza.com\/fr\/"},{"@type":"ListItem","position":2,"name":"K-OOTSHO : redonner vie"}]},{"@type":"WebSite","@id":"https:\/\/www.pressenza.com\/fr\/#website","url":"https:\/\/www.pressenza.com\/fr\/","name":"Pressenza","description":"International Press Agency","publisher":{"@id":"https:\/\/www.pressenza.com\/fr\/#organization"},"potentialAction":[{"@type":"SearchAction","target":{"@type":"EntryPoint","urlTemplate":"https:\/\/www.pressenza.com\/fr\/?s={search_term_string}"},"query-input":{"@type":"PropertyValueSpecification","valueRequired":true,"valueName":"search_term_string"}}],"inLanguage":"fr-FR"},{"@type":"Organization","@id":"https:\/\/www.pressenza.com\/fr\/#organization","name":"Pressenza","url":"https:\/\/www.pressenza.com\/fr\/","logo":{"@type":"ImageObject","inLanguage":"fr-FR","@id":"https:\/\/www.pressenza.com\/fr\/#\/schema\/logo\/image\/","url":"https:\/\/www.pressenza.com\/wp-content\/uploads\/2022\/10\/pressenza_logo_200x200.jpg","contentUrl":"https:\/\/www.pressenza.com\/wp-content\/uploads\/2022\/10\/pressenza_logo_200x200.jpg","width":200,"height":200,"caption":"Pressenza"},"image":{"@id":"https:\/\/www.pressenza.com\/fr\/#\/schema\/logo\/image\/"},"sameAs":["https:\/\/www.facebook.com\/PressenzaItalia","https:\/\/x.com\/PressenzaIPA"]},{"@type":"Person","@id":"https:\/\/www.pressenza.com\/fr\/#\/schema\/person\/5362584f414349fe88d3246d58d2ac3a","name":"AMECQ - Association des m\u00e9dias \u00e9crits communautaires du Qu\u00e9bec","description":"L\u2019Association des m\u00e9dias \u00e9crits communautaires du Qu\u00e9bec a pour but : de fournir des services de soutien et de formation \u00e0 ses journaux communautaires membres et de les regrouper et de les repr\u00e9senter pour que ceux-ci puissent remplir leur r\u00f4le et leur mission fondamentale. L\u2019Association participe activement au d\u00e9veloppement et au rayonnement des m\u00e9dias \u00e9crits communautaires. Les liens \u00e9troits et constants qu\u2019elle entretient avec ses membres lui assurent une connaissance dynamique du secteur et de ses besoins. L\u2019AMECQ compte 74 journaux membres.","url":"https:\/\/www.pressenza.com\/fr\/author\/amecq\/"}]}},"place":"","original_article_url":"https:\/\/indicebohemien.org\/2023\/02\/k-ootshooredonner-vie\/","_links":{"self":[{"href":"https:\/\/www.pressenza.com\/fr\/wp-json\/wp\/v2\/posts\/1726593","targetHints":{"allow":["GET"]}}],"collection":[{"href":"https:\/\/www.pressenza.com\/fr\/wp-json\/wp\/v2\/posts"}],"about":[{"href":"https:\/\/www.pressenza.com\/fr\/wp-json\/wp\/v2\/types\/post"}],"author":[{"embeddable":true,"href":"https:\/\/www.pressenza.com\/fr\/wp-json\/wp\/v2\/users\/2143"}],"replies":[{"embeddable":true,"href":"https:\/\/www.pressenza.com\/fr\/wp-json\/wp\/v2\/comments?post=1726593"}],"version-history":[{"count":0,"href":"https:\/\/www.pressenza.com\/fr\/wp-json\/wp\/v2\/posts\/1726593\/revisions"}],"wp:featuredmedia":[{"embeddable":true,"href":"https:\/\/www.pressenza.com\/fr\/wp-json\/wp\/v2\/media\/1726594"}],"wp:attachment":[{"href":"https:\/\/www.pressenza.com\/fr\/wp-json\/wp\/v2\/media?parent=1726593"}],"wp:term":[{"taxonomy":"category","embeddable":true,"href":"https:\/\/www.pressenza.com\/fr\/wp-json\/wp\/v2\/categories?post=1726593"},{"taxonomy":"post_tag","embeddable":true,"href":"https:\/\/www.pressenza.com\/fr\/wp-json\/wp\/v2\/tags?post=1726593"}],"curies":[{"name":"wp","href":"https:\/\/api.w.org\/{rel}","templated":true}]}}