{"id":1723748,"date":"2023-03-09T16:55:59","date_gmt":"2023-03-09T16:55:59","guid":{"rendered":"https:\/\/www.pressenza.com\/?p=1723748"},"modified":"2023-03-09T16:55:59","modified_gmt":"2023-03-09T16:55:59","slug":"lettre-ouverte-de-diverse-women-for-diversity-aux-dirigeants-de-ce-monde","status":"publish","type":"post","link":"https:\/\/www.pressenza.com\/fr\/2023\/03\/lettre-ouverte-de-diverse-women-for-diversity-aux-dirigeants-de-ce-monde\/","title":{"rendered":"Lettre ouverte de Diverse Women for Diversity aux dirigeants de ce monde"},"content":{"rendered":"<p>Nous, femmes du monde, qui nous sommes retrouv\u00e9es en tant que <em>Diverse Women for Diversity<\/em> \u00e0 Dehradun, Inde, et qui repr\u00e9sentons 17 nationalit\u00e9s et de nombreuses cultures, nous saluons et soutenons la d\u00e9cision du gouvernement mexicain de mettre fin\u00a0 par d\u00e9cret pr\u00e9sidentiel \u00e0 l&rsquo;utilisation d&rsquo;OGM et de glyphosate.<\/p>\n<p>Nous sommes indign\u00e9es et boulevers\u00e9es que le gouvernement des \u00c9tats-Unis tente de mettre le gouvernement mexicain sous pression afin de pouvoir introduire du ma\u00efs transg\u00e9nique, ce qui signifie une violation de la souverainet\u00e9 du Mexique et de son droit de souverainet\u00e9 ancr\u00e9 dans des d\u00e9crets internationaux.<\/p>\n<p>Nous, les diff\u00e9rentes femmes du monde, qui nous engageons pour la protection de la diversit\u00e9 biologique et nous opposons \u00e0 l&rsquo;introduction des OGM qui d\u00e9truisent notre biodiversit\u00e9 et notre souverainet\u00e9 alimentaire, nous soutenons le gouvernement mexicain et condamnons les tentatives d&rsquo;initmidation des \u00c9tats-Unis et de l&rsquo;industrie de la biotechnologie qui veulent imposer au Mexique et au monde entier les OGM, enfreignant la Convention sur la diversit\u00e9 biologique et le protocole de Carthag\u00e8ne, dans lesquels la souverainet\u00e9 et le principe de pr\u00e9caution sont fix\u00e9s. Nous exigeons de surcro\u00eet de la Commission europ\u00e9enne qu&rsquo;elle respecte les d\u00e9cisions qu&rsquo;elle a prises sur la base du principe de pr\u00e9caution.<\/p>\n<p>Nous appelons le gouvernement des \u00c9tats-Unis \u00e0 :<\/p>\n<ul>\n<li>&#8211; cesser la strat\u00e9gie qui consiste \u00e0 mettre sous pression le gouvernement du Mexique afin qu&rsquo;il adopte le ma\u00efs transg\u00e9nique. Le Mexique est \u00e0 l&rsquo;\u00e9chelle mondiale le r\u00e9servoir g\u00e9n\u00e9tique\u00a0 du ma\u00efs que nous devons pr\u00e9server ;<\/li>\n<li>&#8211; reconna\u00eetre les d\u00e9cisions politiques prises d\u00e9mocratiquement par un pays souverain et \u00e0 les accepter ;<\/li>\n<li>&#8211; reconna\u00eetre que la politique mexicaine repose sur des connaissances scientifiques internationales solides qui d\u00e9montrent les effets n\u00e9fastes des OGM et du glyphosate sur la sant\u00e9 des \u00eatres humains et de l&rsquo;environnement ;<\/li>\n<li>&#8211; reconna\u00eetre que la diversit\u00e9 biologique du ma\u00efs au Mexiques est essentielle non seulement pour la souverainet\u00e9 alimentaire du pays, mais dans le monde entier. Dans un pays qui est un centre de la diversit\u00e9, les OGM ne devraient pas \u00eatre introduits.<\/li>\n<\/ul>\n<p>Nous, <em>Diverse Women for Diversity<\/em>, en tant que mouvement pour la d\u00e9fense de la diversit\u00e9 biologique des cultures, nous exer\u00e7ons partout une r\u00e9sistance aux OGM, car ils sont avec les pesticides et le syst\u00e8me alimentaire industriel la raison principale de la disparition de la biodiversit\u00e9. Nous continuerons notre lutte pour d\u00e9fendre la vie, la diversit\u00e9 et la libert\u00e9.<\/p>\n<p>Dehradun, Inde, le 8 mars 2023.<\/p>\n<p><img loading=\"lazy\" decoding=\"async\" class=\"alignnone size-medium wp-image-1723750\" src=\"https:\/\/www.pressenza.com\/wp-content\/uploads\/2023\/03\/Diverse-Womein-for-Diversity-2-300x165.jpg\" alt=\"\" width=\"300\" height=\"165\" srcset=\"https:\/\/www.pressenza.com\/wp-content\/uploads\/2023\/03\/Diverse-Womein-for-Diversity-2-300x165.jpg 300w, https:\/\/www.pressenza.com\/wp-content\/uploads\/2023\/03\/Diverse-Womein-for-Diversity-2-820x452.jpg 820w, https:\/\/www.pressenza.com\/wp-content\/uploads\/2023\/03\/Diverse-Womein-for-Diversity-2.jpg 1920w\" sizes=\"auto, (max-width: 300px) 100vw, 300px\" \/><\/p>\n<p>&nbsp;<\/p>\n<p>&nbsp;<\/p>\n<p><em>Traduit de l&rsquo;allemand par Laurence Wuillemin, Munich<\/em><\/p>\n<p>&nbsp;<\/p>\n","protected":false},"excerpt":{"rendered":"<p>Nous, femmes du monde, qui nous sommes retrouv\u00e9es en tant que Diverse Women for Diversity \u00e0 Dehradun, Inde, et qui repr\u00e9sentons 17 nationalit\u00e9s et de nombreuses cultures, nous saluons et soutenons la d\u00e9cision du gouvernement mexicain de mettre fin\u00a0 par&hellip;<\/p>\n","protected":false},"author":1870,"featured_media":1723749,"comment_status":"closed","ping_status":"closed","sticky":false,"template":"","format":"standard","meta":{"footnotes":""},"categories":[151,1247,97,54509,40,93],"tags":[2771,110876,7944,687,1719,110877],"class_list":["post-1723748","post","type-post","status-publish","format-standard","has-post-thumbnail","hentry","category-communique-de-presse","category-diversite","category-environnement-et-ecologie","category-genre-et-feminismes","category-international-fr","category-politique","tag-biodiversite","tag-diverse-women-for-diversity","tag-mais","tag-mexique","tag-ogm","tag-reservoir-genetique"],"yoast_head":"<!-- This site is optimized with the Yoast SEO plugin v27.1.1 - https:\/\/yoast.com\/product\/yoast-seo-wordpress\/ -->\n<title>Lettre ouverte de Diverse Women for Diversity aux dirigeants de ce monde<\/title>\n<meta name=\"description\" content=\"Nous, femmes du monde, qui nous sommes retrouv\u00e9es en tant que Diverse Women for Diversity \u00e0 Dehradun, Inde, et qui repr\u00e9sentons 17 nationalit\u00e9s et de\" \/>\n<meta name=\"robots\" content=\"index, follow, max-snippet:-1, max-image-preview:large, max-video-preview:-1\" \/>\n<link rel=\"canonical\" href=\"https:\/\/www.pressenza.com\/fr\/2023\/03\/lettre-ouverte-de-diverse-women-for-diversity-aux-dirigeants-de-ce-monde\/\" \/>\n<meta property=\"og:locale\" content=\"fr_FR\" \/>\n<meta property=\"og:type\" content=\"article\" \/>\n<meta property=\"og:title\" content=\"Lettre ouverte de Diverse Women for Diversity aux dirigeants de ce monde\" \/>\n<meta property=\"og:description\" content=\"Nous, femmes du monde, qui nous sommes retrouv\u00e9es en tant que Diverse Women for Diversity \u00e0 Dehradun, Inde, et qui repr\u00e9sentons 17 nationalit\u00e9s et de\" \/>\n<meta property=\"og:url\" content=\"https:\/\/www.pressenza.com\/fr\/2023\/03\/lettre-ouverte-de-diverse-women-for-diversity-aux-dirigeants-de-ce-monde\/\" \/>\n<meta property=\"og:site_name\" content=\"Pressenza\" \/>\n<meta property=\"article:publisher\" content=\"https:\/\/www.facebook.com\/PressenzaItalia\" \/>\n<meta property=\"article:author\" content=\"https:\/\/www.facebook.com\/navdanyainternational\/\" \/>\n<meta property=\"article:published_time\" content=\"2023-03-09T16:55:59+00:00\" \/>\n<meta property=\"og:image\" content=\"https:\/\/www.pressenza.com\/wp-content\/uploads\/2023\/03\/Diverse-Women-for-Diversity-1.jpeg\" \/>\n\t<meta property=\"og:image:width\" content=\"1600\" \/>\n\t<meta property=\"og:image:height\" content=\"900\" \/>\n\t<meta property=\"og:image:type\" content=\"image\/jpeg\" \/>\n<meta name=\"author\" content=\"Navdanya International\" \/>\n<meta name=\"twitter:card\" content=\"summary_large_image\" \/>\n<meta name=\"twitter:creator\" content=\"@NavdanyaInt\" \/>\n<meta name=\"twitter:site\" content=\"@PressenzaIPA\" \/>\n<meta name=\"twitter:label1\" content=\"\u00c9crit par\" \/>\n\t<meta name=\"twitter:data1\" content=\"Navdanya International\" \/>\n\t<meta name=\"twitter:label2\" content=\"Dur\u00e9e de lecture estim\u00e9e\" \/>\n\t<meta name=\"twitter:data2\" content=\"3 minutes\" \/>\n<script type=\"application\/ld+json\" class=\"yoast-schema-graph\">{\"@context\":\"https:\/\/schema.org\",\"@graph\":[{\"@type\":\"Article\",\"@id\":\"https:\/\/www.pressenza.com\/fr\/2023\/03\/lettre-ouverte-de-diverse-women-for-diversity-aux-dirigeants-de-ce-monde\/#article\",\"isPartOf\":{\"@id\":\"https:\/\/www.pressenza.com\/fr\/2023\/03\/lettre-ouverte-de-diverse-women-for-diversity-aux-dirigeants-de-ce-monde\/\"},\"author\":{\"name\":\"Navdanya International\",\"@id\":\"https:\/\/www.pressenza.com\/fr\/#\/schema\/person\/6fd65d90643c2d51c91f9c70b7613ebe\"},\"headline\":\"Lettre ouverte de Diverse Women for Diversity aux dirigeants de ce monde\",\"datePublished\":\"2023-03-09T16:55:59+00:00\",\"mainEntityOfPage\":{\"@id\":\"https:\/\/www.pressenza.com\/fr\/2023\/03\/lettre-ouverte-de-diverse-women-for-diversity-aux-dirigeants-de-ce-monde\/\"},\"wordCount\":458,\"publisher\":{\"@id\":\"https:\/\/www.pressenza.com\/fr\/#organization\"},\"image\":{\"@id\":\"https:\/\/www.pressenza.com\/fr\/2023\/03\/lettre-ouverte-de-diverse-women-for-diversity-aux-dirigeants-de-ce-monde\/#primaryimage\"},\"thumbnailUrl\":\"https:\/\/www.pressenza.com\/wp-content\/uploads\/2023\/03\/Diverse-Women-for-Diversity-1.jpeg\",\"keywords\":[\"biodiversit\u00e9\",\"Diverse Women for Diversity\",\"ma\u00efs\",\"Mexique\",\"OGM\",\"r\u00e9servoir g\u00e9n\u00e9tique\"],\"articleSection\":[\"Communiqu\u00e9s de Presse\",\"Diversit\u00e9\",\"Ecologie et Environnement\",\"Genre et f\u00e9minismes\",\"International\",\"Politique\"],\"inLanguage\":\"fr-FR\"},{\"@type\":\"WebPage\",\"@id\":\"https:\/\/www.pressenza.com\/fr\/2023\/03\/lettre-ouverte-de-diverse-women-for-diversity-aux-dirigeants-de-ce-monde\/\",\"url\":\"https:\/\/www.pressenza.com\/fr\/2023\/03\/lettre-ouverte-de-diverse-women-for-diversity-aux-dirigeants-de-ce-monde\/\",\"name\":\"Lettre ouverte de Diverse Women for Diversity aux dirigeants de ce monde\",\"isPartOf\":{\"@id\":\"https:\/\/www.pressenza.com\/fr\/#website\"},\"primaryImageOfPage\":{\"@id\":\"https:\/\/www.pressenza.com\/fr\/2023\/03\/lettre-ouverte-de-diverse-women-for-diversity-aux-dirigeants-de-ce-monde\/#primaryimage\"},\"image\":{\"@id\":\"https:\/\/www.pressenza.com\/fr\/2023\/03\/lettre-ouverte-de-diverse-women-for-diversity-aux-dirigeants-de-ce-monde\/#primaryimage\"},\"thumbnailUrl\":\"https:\/\/www.pressenza.com\/wp-content\/uploads\/2023\/03\/Diverse-Women-for-Diversity-1.jpeg\",\"datePublished\":\"2023-03-09T16:55:59+00:00\",\"description\":\"Nous, femmes du monde, qui nous sommes retrouv\u00e9es en tant que Diverse Women for Diversity \u00e0 Dehradun, Inde, et qui repr\u00e9sentons 17 nationalit\u00e9s et de\",\"breadcrumb\":{\"@id\":\"https:\/\/www.pressenza.com\/fr\/2023\/03\/lettre-ouverte-de-diverse-women-for-diversity-aux-dirigeants-de-ce-monde\/#breadcrumb\"},\"inLanguage\":\"fr-FR\",\"potentialAction\":[{\"@type\":\"ReadAction\",\"target\":[\"https:\/\/www.pressenza.com\/fr\/2023\/03\/lettre-ouverte-de-diverse-women-for-diversity-aux-dirigeants-de-ce-monde\/\"]}]},{\"@type\":\"ImageObject\",\"inLanguage\":\"fr-FR\",\"@id\":\"https:\/\/www.pressenza.com\/fr\/2023\/03\/lettre-ouverte-de-diverse-women-for-diversity-aux-dirigeants-de-ce-monde\/#primaryimage\",\"url\":\"https:\/\/www.pressenza.com\/wp-content\/uploads\/2023\/03\/Diverse-Women-for-Diversity-1.jpeg\",\"contentUrl\":\"https:\/\/www.pressenza.com\/wp-content\/uploads\/2023\/03\/Diverse-Women-for-Diversity-1.jpeg\",\"width\":1600,\"height\":900},{\"@type\":\"BreadcrumbList\",\"@id\":\"https:\/\/www.pressenza.com\/fr\/2023\/03\/lettre-ouverte-de-diverse-women-for-diversity-aux-dirigeants-de-ce-monde\/#breadcrumb\",\"itemListElement\":[{\"@type\":\"ListItem\",\"position\":1,\"name\":\"Accueil\",\"item\":\"https:\/\/www.pressenza.com\/fr\/\"},{\"@type\":\"ListItem\",\"position\":2,\"name\":\"Lettre ouverte de Diverse Women for Diversity aux dirigeants de ce monde\"}]},{\"@type\":\"WebSite\",\"@id\":\"https:\/\/www.pressenza.com\/fr\/#website\",\"url\":\"https:\/\/www.pressenza.com\/fr\/\",\"name\":\"Pressenza\",\"description\":\"International Press Agency\",\"publisher\":{\"@id\":\"https:\/\/www.pressenza.com\/fr\/#organization\"},\"potentialAction\":[{\"@type\":\"SearchAction\",\"target\":{\"@type\":\"EntryPoint\",\"urlTemplate\":\"https:\/\/www.pressenza.com\/fr\/?s={search_term_string}\"},\"query-input\":{\"@type\":\"PropertyValueSpecification\",\"valueRequired\":true,\"valueName\":\"search_term_string\"}}],\"inLanguage\":\"fr-FR\"},{\"@type\":\"Organization\",\"@id\":\"https:\/\/www.pressenza.com\/fr\/#organization\",\"name\":\"Pressenza\",\"url\":\"https:\/\/www.pressenza.com\/fr\/\",\"logo\":{\"@type\":\"ImageObject\",\"inLanguage\":\"fr-FR\",\"@id\":\"https:\/\/www.pressenza.com\/fr\/#\/schema\/logo\/image\/\",\"url\":\"https:\/\/www.pressenza.com\/wp-content\/uploads\/2022\/10\/pressenza_logo_200x200.jpg\",\"contentUrl\":\"https:\/\/www.pressenza.com\/wp-content\/uploads\/2022\/10\/pressenza_logo_200x200.jpg\",\"width\":200,\"height\":200,\"caption\":\"Pressenza\"},\"image\":{\"@id\":\"https:\/\/www.pressenza.com\/fr\/#\/schema\/logo\/image\/\"},\"sameAs\":[\"https:\/\/www.facebook.com\/PressenzaItalia\",\"https:\/\/x.com\/PressenzaIPA\"]},{\"@type\":\"Person\",\"@id\":\"https:\/\/www.pressenza.com\/fr\/#\/schema\/person\/6fd65d90643c2d51c91f9c70b7613ebe\",\"name\":\"Navdanya International\",\"description\":\"L'Associazione Navdanya International - Onlus\u00a0\u00e8 stata creata in Italia nel 2011 allo scopo di sostenere la missione di Navdanya a livello internazionale. L\u2019organizzazione promuove un nuovo paradigma agricolo ed economico, una cultura del \u201ccibo come salute\u201d, in cui prevalgono la responsabilit\u00e0 ecologica e la giustizia economica. Fra gli obiettivi dell\u2019organizzazione emergono la protezione della natura e della biodiversit\u00e0, la difesa delle culture e delle conoscenze indigene e tradizionali, la difesa del diritto dei consumatori ad\u00a0un'alimentazione sana e libera da veleni, la tutela del diritto degli agricoltori e dei cittadini comuni di conservare, scambiare, coltivare e selezionare\u00a0liberamente i semi, nonch\u00e9 il riscatto dei\u00a0beni comuni\u00a0come fondamento di un rinnovato senso di comunit\u00e0, solidariet\u00e0 e di una cultura di pace. Le campagne internazionali, il coordinamento di incontri, dibattiti e conferenze e le campagne politiche di Navdanya International sono incentrate sull\u2019analisi del contesto dei sistemi agro-alimentari e del loro stretto legame con le condizioni del suolo, della biodiversit\u00e0 e degli ecosistemi, con la resilienza climatica e la giustizia sociale.\",\"sameAs\":[\"http:\/\/navdanyainternational.org\/it\",\"https:\/\/www.facebook.com\/navdanyainternational\/\",\"https:\/\/www.instagram.com\/navdanyainternational\/\",\"https:\/\/x.com\/NavdanyaInt\",\"https:\/\/twitter.com\/NavdanyaInt\"],\"url\":\"https:\/\/www.pressenza.com\/fr\/author\/navdanya-international\/\"}]}<\/script>\n<!-- \/ Yoast SEO plugin. -->","yoast_head_json":{"title":"Lettre ouverte de Diverse Women for Diversity aux dirigeants de ce monde","description":"Nous, femmes du monde, qui nous sommes retrouv\u00e9es en tant que Diverse Women for Diversity \u00e0 Dehradun, Inde, et qui repr\u00e9sentons 17 nationalit\u00e9s et de","robots":{"index":"index","follow":"follow","max-snippet":"max-snippet:-1","max-image-preview":"max-image-preview:large","max-video-preview":"max-video-preview:-1"},"canonical":"https:\/\/www.pressenza.com\/fr\/2023\/03\/lettre-ouverte-de-diverse-women-for-diversity-aux-dirigeants-de-ce-monde\/","og_locale":"fr_FR","og_type":"article","og_title":"Lettre ouverte de Diverse Women for Diversity aux dirigeants de ce monde","og_description":"Nous, femmes du monde, qui nous sommes retrouv\u00e9es en tant que Diverse Women for Diversity \u00e0 Dehradun, Inde, et qui repr\u00e9sentons 17 nationalit\u00e9s et de","og_url":"https:\/\/www.pressenza.com\/fr\/2023\/03\/lettre-ouverte-de-diverse-women-for-diversity-aux-dirigeants-de-ce-monde\/","og_site_name":"Pressenza","article_publisher":"https:\/\/www.facebook.com\/PressenzaItalia","article_author":"https:\/\/www.facebook.com\/navdanyainternational\/","article_published_time":"2023-03-09T16:55:59+00:00","og_image":[{"width":1600,"height":900,"url":"https:\/\/www.pressenza.com\/wp-content\/uploads\/2023\/03\/Diverse-Women-for-Diversity-1.jpeg","type":"image\/jpeg"}],"author":"Navdanya International","twitter_card":"summary_large_image","twitter_creator":"@NavdanyaInt","twitter_site":"@PressenzaIPA","twitter_misc":{"\u00c9crit par":"Navdanya International","Dur\u00e9e de lecture estim\u00e9e":"3 minutes"},"schema":{"@context":"https:\/\/schema.org","@graph":[{"@type":"Article","@id":"https:\/\/www.pressenza.com\/fr\/2023\/03\/lettre-ouverte-de-diverse-women-for-diversity-aux-dirigeants-de-ce-monde\/#article","isPartOf":{"@id":"https:\/\/www.pressenza.com\/fr\/2023\/03\/lettre-ouverte-de-diverse-women-for-diversity-aux-dirigeants-de-ce-monde\/"},"author":{"name":"Navdanya International","@id":"https:\/\/www.pressenza.com\/fr\/#\/schema\/person\/6fd65d90643c2d51c91f9c70b7613ebe"},"headline":"Lettre ouverte de Diverse Women for Diversity aux dirigeants de ce monde","datePublished":"2023-03-09T16:55:59+00:00","mainEntityOfPage":{"@id":"https:\/\/www.pressenza.com\/fr\/2023\/03\/lettre-ouverte-de-diverse-women-for-diversity-aux-dirigeants-de-ce-monde\/"},"wordCount":458,"publisher":{"@id":"https:\/\/www.pressenza.com\/fr\/#organization"},"image":{"@id":"https:\/\/www.pressenza.com\/fr\/2023\/03\/lettre-ouverte-de-diverse-women-for-diversity-aux-dirigeants-de-ce-monde\/#primaryimage"},"thumbnailUrl":"https:\/\/www.pressenza.com\/wp-content\/uploads\/2023\/03\/Diverse-Women-for-Diversity-1.jpeg","keywords":["biodiversit\u00e9","Diverse Women for Diversity","ma\u00efs","Mexique","OGM","r\u00e9servoir g\u00e9n\u00e9tique"],"articleSection":["Communiqu\u00e9s de Presse","Diversit\u00e9","Ecologie et Environnement","Genre et f\u00e9minismes","International","Politique"],"inLanguage":"fr-FR"},{"@type":"WebPage","@id":"https:\/\/www.pressenza.com\/fr\/2023\/03\/lettre-ouverte-de-diverse-women-for-diversity-aux-dirigeants-de-ce-monde\/","url":"https:\/\/www.pressenza.com\/fr\/2023\/03\/lettre-ouverte-de-diverse-women-for-diversity-aux-dirigeants-de-ce-monde\/","name":"Lettre ouverte de Diverse Women for Diversity aux dirigeants de ce monde","isPartOf":{"@id":"https:\/\/www.pressenza.com\/fr\/#website"},"primaryImageOfPage":{"@id":"https:\/\/www.pressenza.com\/fr\/2023\/03\/lettre-ouverte-de-diverse-women-for-diversity-aux-dirigeants-de-ce-monde\/#primaryimage"},"image":{"@id":"https:\/\/www.pressenza.com\/fr\/2023\/03\/lettre-ouverte-de-diverse-women-for-diversity-aux-dirigeants-de-ce-monde\/#primaryimage"},"thumbnailUrl":"https:\/\/www.pressenza.com\/wp-content\/uploads\/2023\/03\/Diverse-Women-for-Diversity-1.jpeg","datePublished":"2023-03-09T16:55:59+00:00","description":"Nous, femmes du monde, qui nous sommes retrouv\u00e9es en tant que Diverse Women for Diversity \u00e0 Dehradun, Inde, et qui repr\u00e9sentons 17 nationalit\u00e9s et de","breadcrumb":{"@id":"https:\/\/www.pressenza.com\/fr\/2023\/03\/lettre-ouverte-de-diverse-women-for-diversity-aux-dirigeants-de-ce-monde\/#breadcrumb"},"inLanguage":"fr-FR","potentialAction":[{"@type":"ReadAction","target":["https:\/\/www.pressenza.com\/fr\/2023\/03\/lettre-ouverte-de-diverse-women-for-diversity-aux-dirigeants-de-ce-monde\/"]}]},{"@type":"ImageObject","inLanguage":"fr-FR","@id":"https:\/\/www.pressenza.com\/fr\/2023\/03\/lettre-ouverte-de-diverse-women-for-diversity-aux-dirigeants-de-ce-monde\/#primaryimage","url":"https:\/\/www.pressenza.com\/wp-content\/uploads\/2023\/03\/Diverse-Women-for-Diversity-1.jpeg","contentUrl":"https:\/\/www.pressenza.com\/wp-content\/uploads\/2023\/03\/Diverse-Women-for-Diversity-1.jpeg","width":1600,"height":900},{"@type":"BreadcrumbList","@id":"https:\/\/www.pressenza.com\/fr\/2023\/03\/lettre-ouverte-de-diverse-women-for-diversity-aux-dirigeants-de-ce-monde\/#breadcrumb","itemListElement":[{"@type":"ListItem","position":1,"name":"Accueil","item":"https:\/\/www.pressenza.com\/fr\/"},{"@type":"ListItem","position":2,"name":"Lettre ouverte de Diverse Women for Diversity aux dirigeants de ce monde"}]},{"@type":"WebSite","@id":"https:\/\/www.pressenza.com\/fr\/#website","url":"https:\/\/www.pressenza.com\/fr\/","name":"Pressenza","description":"International Press Agency","publisher":{"@id":"https:\/\/www.pressenza.com\/fr\/#organization"},"potentialAction":[{"@type":"SearchAction","target":{"@type":"EntryPoint","urlTemplate":"https:\/\/www.pressenza.com\/fr\/?s={search_term_string}"},"query-input":{"@type":"PropertyValueSpecification","valueRequired":true,"valueName":"search_term_string"}}],"inLanguage":"fr-FR"},{"@type":"Organization","@id":"https:\/\/www.pressenza.com\/fr\/#organization","name":"Pressenza","url":"https:\/\/www.pressenza.com\/fr\/","logo":{"@type":"ImageObject","inLanguage":"fr-FR","@id":"https:\/\/www.pressenza.com\/fr\/#\/schema\/logo\/image\/","url":"https:\/\/www.pressenza.com\/wp-content\/uploads\/2022\/10\/pressenza_logo_200x200.jpg","contentUrl":"https:\/\/www.pressenza.com\/wp-content\/uploads\/2022\/10\/pressenza_logo_200x200.jpg","width":200,"height":200,"caption":"Pressenza"},"image":{"@id":"https:\/\/www.pressenza.com\/fr\/#\/schema\/logo\/image\/"},"sameAs":["https:\/\/www.facebook.com\/PressenzaItalia","https:\/\/x.com\/PressenzaIPA"]},{"@type":"Person","@id":"https:\/\/www.pressenza.com\/fr\/#\/schema\/person\/6fd65d90643c2d51c91f9c70b7613ebe","name":"Navdanya International","description":"L'Associazione Navdanya International - Onlus\u00a0\u00e8 stata creata in Italia nel 2011 allo scopo di sostenere la missione di Navdanya a livello internazionale. L\u2019organizzazione promuove un nuovo paradigma agricolo ed economico, una cultura del \u201ccibo come salute\u201d, in cui prevalgono la responsabilit\u00e0 ecologica e la giustizia economica. Fra gli obiettivi dell\u2019organizzazione emergono la protezione della natura e della biodiversit\u00e0, la difesa delle culture e delle conoscenze indigene e tradizionali, la difesa del diritto dei consumatori ad\u00a0un'alimentazione sana e libera da veleni, la tutela del diritto degli agricoltori e dei cittadini comuni di conservare, scambiare, coltivare e selezionare\u00a0liberamente i semi, nonch\u00e9 il riscatto dei\u00a0beni comuni\u00a0come fondamento di un rinnovato senso di comunit\u00e0, solidariet\u00e0 e di una cultura di pace. Le campagne internazionali, il coordinamento di incontri, dibattiti e conferenze e le campagne politiche di Navdanya International sono incentrate sull\u2019analisi del contesto dei sistemi agro-alimentari e del loro stretto legame con le condizioni del suolo, della biodiversit\u00e0 e degli ecosistemi, con la resilienza climatica e la giustizia sociale.","sameAs":["http:\/\/navdanyainternational.org\/it","https:\/\/www.facebook.com\/navdanyainternational\/","https:\/\/www.instagram.com\/navdanyainternational\/","https:\/\/x.com\/NavdanyaInt","https:\/\/twitter.com\/NavdanyaInt"],"url":"https:\/\/www.pressenza.com\/fr\/author\/navdanya-international\/"}]}},"place":"","original_article_url":"","_links":{"self":[{"href":"https:\/\/www.pressenza.com\/fr\/wp-json\/wp\/v2\/posts\/1723748","targetHints":{"allow":["GET"]}}],"collection":[{"href":"https:\/\/www.pressenza.com\/fr\/wp-json\/wp\/v2\/posts"}],"about":[{"href":"https:\/\/www.pressenza.com\/fr\/wp-json\/wp\/v2\/types\/post"}],"author":[{"embeddable":true,"href":"https:\/\/www.pressenza.com\/fr\/wp-json\/wp\/v2\/users\/1870"}],"replies":[{"embeddable":true,"href":"https:\/\/www.pressenza.com\/fr\/wp-json\/wp\/v2\/comments?post=1723748"}],"version-history":[{"count":0,"href":"https:\/\/www.pressenza.com\/fr\/wp-json\/wp\/v2\/posts\/1723748\/revisions"}],"wp:featuredmedia":[{"embeddable":true,"href":"https:\/\/www.pressenza.com\/fr\/wp-json\/wp\/v2\/media\/1723749"}],"wp:attachment":[{"href":"https:\/\/www.pressenza.com\/fr\/wp-json\/wp\/v2\/media?parent=1723748"}],"wp:term":[{"taxonomy":"category","embeddable":true,"href":"https:\/\/www.pressenza.com\/fr\/wp-json\/wp\/v2\/categories?post=1723748"},{"taxonomy":"post_tag","embeddable":true,"href":"https:\/\/www.pressenza.com\/fr\/wp-json\/wp\/v2\/tags?post=1723748"}],"curies":[{"name":"wp","href":"https:\/\/api.w.org\/{rel}","templated":true}]}}