{"id":172301,"date":"2015-03-23T17:48:14","date_gmt":"2015-03-23T17:48:14","guid":{"rendered":"http:\/\/www.pressenza.com\/?p=172301"},"modified":"2016-03-30T19:00:54","modified_gmt":"2016-03-30T18:00:54","slug":"a-quand-la-non-violence-en-matiere-de-politique-exterieure-et-de-gestion-democratique-venezuela-etats-unis-un-cas-decole","status":"publish","type":"post","link":"https:\/\/www.pressenza.com\/fr\/2015\/03\/a-quand-la-non-violence-en-matiere-de-politique-exterieure-et-de-gestion-democratique-venezuela-etats-unis-un-cas-decole\/","title":{"rendered":"A quand la nonviolence en mati\u00e8re de politique ext\u00e9rieure et de gestion d\u00e9mocratique : Venezuela-Etats-Unis, un cas d\u2019\u00e9cole."},"content":{"rendered":"<p>Le 9 mars dernier, le Pr\u00e9sident Obama d\u00e9clarait que le <em>Venezuela repr\u00e9sentait une menace inhabituelle et extraordinaire pour la s\u00e9curit\u00e9 nationale et la politique ext\u00e9rieure des Etats-Unis.<\/em><\/p>\n<p>Quelle surprise\u00a0! Que le Venezuela puisse repr\u00e9senter une menace pour la s\u00e9curit\u00e9 nationale des Etats-Unis\u00a0est tout simplement grotesque\u00a0; et cette d\u00e9claration n\u2019est pas sans rappeler les justifications de Georges Busch, en 2003, pour intervenir en Irak.<\/p>\n<p>En revanche, le pr\u00e9sident Obama n\u2019a pas tort de dire que le Venezuela, avec l\u2019ensemble des pays progressistes d\u2019Am\u00e9rique Latine, peut repr\u00e9senter une \u00ab\u00a0menace\u00a0\u00bb pour la politique ext\u00e9rieure de son pays, laquelle n\u2019est guid\u00e9e que par un unique souci\u00a0: maintenir son h\u00e9g\u00e9monie sur le monde en g\u00e9n\u00e9ral, et l\u2019Am\u00e9rique latine en particulier.<\/p>\n<p>Car, l\u2019union de ces pays latins &#8211; \u00e0 travers l\u2019UNASUR et l\u2019ALBA qui ont d\u2019ailleurs condamn\u00e9 collectivement les propos du pr\u00e9sident am\u00e9ricain \u2013 permet en effet, depuis dix ans, de faire reculer la domination \u00e9conomique et politique \u00e9tasunienne.<\/p>\n<p>Mais force est de constater que, pour maintenir leur supr\u00e9matie, les Etats-Unis n\u2019ont comme toujours qu\u2019une seule et m\u00eame r\u00e9ponse\u00a0: la menace belliqueuse, et ce, malgr\u00e9 les \u00e9mouvantes d\u00e9clarations d\u2019intention de paix du Pr\u00e9sident Obama lors de son investiture en 2008<a href=\"#_ftn1\" name=\"_ftnref1\">[1]<\/a>.<\/p>\n<p>A cette contradiction entre les paroles et les actes, s\u2019ajoute l\u2019incoh\u00e9rence de cette \u00ab\u00a0grande d\u00e9mocratie\u00a0\u00bb qui fait peu de cas des choix d\u00e9mocratiques des autres. Car, il est bon de rappeler que le \u00ab\u00a0gouvernement bolivarien\u00a0\u00bb du Venezuela a \u00e9t\u00e9 \u00e9lu d\u00e9mocratiquement huit fois, depuis 1998.<\/p>\n<p>Ceci dit, une vraie d\u00e9mocratie ne peut user de la violence, pour r\u00e9soudre ses conflits internes. La crise \u00e9conomique, sociale et politique que traverse le Venezuela depuis plusieurs ann\u00e9es ne pourra trouver de solutions \u00e0 travers des menaces de coups d\u2019\u00e9tat, des \u00e9meutes et des affrontements violents.<\/p>\n<p>Aussi, pour toutes les raisons \u00e9voqu\u00e9es ci-dessus, le Parti Humaniste International en France condamne fermement les propos belliqueux du Pr\u00e9sident Obama, et lui rappelle d\u2019appliquer ses propres intentions\u00a0: \u00ab\u00a0notre puissance seule ne peut pas nous prot\u00e9ger, [] elle ne nous donne pas le droit d\u2019agir \u00e0 notre guise. Au contraire, [] notre puissance augmente lorsqu\u2019elle est utilis\u00e9e de mani\u00e8re prudente, que notre s\u00e9curit\u00e9 \u00e9mane de la justesse de notre cause, la force de notre exemple et les qualit\u00e9s mod\u00e9ratrices que sont l\u2019humilit\u00e9 et la retenue\u00a0\u00bb.<\/p>\n<p>Et au Pr\u00e9sident Maduro comme aux forces d\u2019opposition, le Parti Humaniste International conseille d\u2019entamer un dialogue d\u00e9mocratique et non-violent.<\/p>\n<p><a href=\"#_ftnref1\" name=\"_ftn1\">[1]<\/a> Sachez que l\u2019Am\u00e9rique est l\u2019amie de toutes les nations et de tous les hommes, femmes et enfants qui aspirent \u00e0 la paix et \u00e0 la dignit\u00e9, et sachez que nous sommes pr\u00eats \u00e0 \u00eatre une fois encore ceux qui montrent la voie.<\/p>\n","protected":false},"excerpt":{"rendered":"<p>Le 9 mars dernier, le Pr\u00e9sident Obama d\u00e9clarait que le Venezuela repr\u00e9sentait une menace inhabituelle et extraordinaire pour la s\u00e9curit\u00e9 nationale et la politique ext\u00e9rieure des Etats-Unis. Quelle surprise\u00a0! Que le Venezuela puisse repr\u00e9senter une menace pour la s\u00e9curit\u00e9 nationale&hellip;<\/p>\n","protected":false},"author":1131,"featured_media":0,"comment_status":"closed","ping_status":"open","sticky":false,"template":"","format":"standard","meta":{"footnotes":""},"categories":[151],"tags":[458,20214,2822],"class_list":["post-172301","post","type-post","status-publish","format-standard","hentry","category-communique-de-presse","tag-nonviolence-en","tag-usa","tag-venezuela-en"],"yoast_head":"<!-- This site is optimized with the Yoast SEO plugin v27.1.1 - https:\/\/yoast.com\/product\/yoast-seo-wordpress\/ -->\n<title>A quand la nonviolence en mati\u00e8re de politique ext\u00e9rieure et de gestion d\u00e9mocratique : Venezuela-Etats-Unis, un cas d\u2019\u00e9cole.<\/title>\n<meta name=\"description\" content=\"Le 9 mars dernier, le Pr\u00e9sident Obama d\u00e9clarait que le Venezuela repr\u00e9sentait une menace inhabituelle et extraordinaire pour la s\u00e9curit\u00e9 nationale et la\" \/>\n<meta name=\"robots\" content=\"index, follow, max-snippet:-1, max-image-preview:large, max-video-preview:-1\" \/>\n<link rel=\"canonical\" href=\"https:\/\/www.pressenza.com\/fr\/2015\/03\/a-quand-la-non-violence-en-matiere-de-politique-exterieure-et-de-gestion-democratique-venezuela-etats-unis-un-cas-decole\/\" \/>\n<meta property=\"og:locale\" content=\"fr_FR\" \/>\n<meta property=\"og:type\" content=\"article\" \/>\n<meta property=\"og:title\" content=\"A quand la nonviolence en mati\u00e8re de politique ext\u00e9rieure et de gestion d\u00e9mocratique : Venezuela-Etats-Unis, un cas d\u2019\u00e9cole.\" \/>\n<meta property=\"og:description\" content=\"Le 9 mars dernier, le Pr\u00e9sident Obama d\u00e9clarait que le Venezuela repr\u00e9sentait une menace inhabituelle et extraordinaire pour la s\u00e9curit\u00e9 nationale et la\" \/>\n<meta property=\"og:url\" content=\"https:\/\/www.pressenza.com\/fr\/2015\/03\/a-quand-la-non-violence-en-matiere-de-politique-exterieure-et-de-gestion-democratique-venezuela-etats-unis-un-cas-decole\/\" \/>\n<meta property=\"og:site_name\" content=\"Pressenza\" \/>\n<meta property=\"article:publisher\" content=\"https:\/\/www.facebook.com\/PressenzaItalia\" \/>\n<meta property=\"article:published_time\" content=\"2015-03-23T17:48:14+00:00\" \/>\n<meta property=\"article:modified_time\" content=\"2016-03-30T18:00:54+00:00\" \/>\n<meta name=\"author\" content=\"Parti Humaniste France\" \/>\n<meta name=\"twitter:card\" content=\"summary_large_image\" \/>\n<meta name=\"twitter:creator\" content=\"@PressenzaIPA\" \/>\n<meta name=\"twitter:site\" content=\"@PressenzaIPA\" \/>\n<meta name=\"twitter:label1\" content=\"\u00c9crit par\" \/>\n\t<meta name=\"twitter:data1\" content=\"Parti Humaniste France\" \/>\n\t<meta name=\"twitter:label2\" content=\"Dur\u00e9e de lecture estim\u00e9e\" \/>\n\t<meta name=\"twitter:data2\" content=\"2 minutes\" \/>\n<script type=\"application\/ld+json\" class=\"yoast-schema-graph\">{\"@context\":\"https:\/\/schema.org\",\"@graph\":[{\"@type\":\"Article\",\"@id\":\"https:\/\/www.pressenza.com\/fr\/2015\/03\/a-quand-la-non-violence-en-matiere-de-politique-exterieure-et-de-gestion-democratique-venezuela-etats-unis-un-cas-decole\/#article\",\"isPartOf\":{\"@id\":\"https:\/\/www.pressenza.com\/fr\/2015\/03\/a-quand-la-non-violence-en-matiere-de-politique-exterieure-et-de-gestion-democratique-venezuela-etats-unis-un-cas-decole\/\"},\"author\":{\"name\":\"Parti Humaniste France\",\"@id\":\"https:\/\/www.pressenza.com\/fr\/#\/schema\/person\/43ae398d7a70c84b65a3b895830bde1b\"},\"headline\":\"A quand la nonviolence en mati\u00e8re de politique ext\u00e9rieure et de gestion d\u00e9mocratique : Venezuela-Etats-Unis, un cas d\u2019\u00e9cole.\",\"datePublished\":\"2015-03-23T17:48:14+00:00\",\"dateModified\":\"2016-03-30T18:00:54+00:00\",\"mainEntityOfPage\":{\"@id\":\"https:\/\/www.pressenza.com\/fr\/2015\/03\/a-quand-la-non-violence-en-matiere-de-politique-exterieure-et-de-gestion-democratique-venezuela-etats-unis-un-cas-decole\/\"},\"wordCount\":509,\"publisher\":{\"@id\":\"https:\/\/www.pressenza.com\/fr\/#organization\"},\"keywords\":[\"Nonviolence\",\"USA\",\"Venezuela\"],\"articleSection\":[\"Communiqu\u00e9s de Presse\"],\"inLanguage\":\"fr-FR\"},{\"@type\":\"WebPage\",\"@id\":\"https:\/\/www.pressenza.com\/fr\/2015\/03\/a-quand-la-non-violence-en-matiere-de-politique-exterieure-et-de-gestion-democratique-venezuela-etats-unis-un-cas-decole\/\",\"url\":\"https:\/\/www.pressenza.com\/fr\/2015\/03\/a-quand-la-non-violence-en-matiere-de-politique-exterieure-et-de-gestion-democratique-venezuela-etats-unis-un-cas-decole\/\",\"name\":\"A quand la nonviolence en mati\u00e8re de politique ext\u00e9rieure et de gestion d\u00e9mocratique : Venezuela-Etats-Unis, un cas d\u2019\u00e9cole.\",\"isPartOf\":{\"@id\":\"https:\/\/www.pressenza.com\/fr\/#website\"},\"datePublished\":\"2015-03-23T17:48:14+00:00\",\"dateModified\":\"2016-03-30T18:00:54+00:00\",\"description\":\"Le 9 mars dernier, le Pr\u00e9sident Obama d\u00e9clarait que le Venezuela repr\u00e9sentait une menace inhabituelle et extraordinaire pour la s\u00e9curit\u00e9 nationale et la\",\"breadcrumb\":{\"@id\":\"https:\/\/www.pressenza.com\/fr\/2015\/03\/a-quand-la-non-violence-en-matiere-de-politique-exterieure-et-de-gestion-democratique-venezuela-etats-unis-un-cas-decole\/#breadcrumb\"},\"inLanguage\":\"fr-FR\",\"potentialAction\":[{\"@type\":\"ReadAction\",\"target\":[\"https:\/\/www.pressenza.com\/fr\/2015\/03\/a-quand-la-non-violence-en-matiere-de-politique-exterieure-et-de-gestion-democratique-venezuela-etats-unis-un-cas-decole\/\"]}]},{\"@type\":\"BreadcrumbList\",\"@id\":\"https:\/\/www.pressenza.com\/fr\/2015\/03\/a-quand-la-non-violence-en-matiere-de-politique-exterieure-et-de-gestion-democratique-venezuela-etats-unis-un-cas-decole\/#breadcrumb\",\"itemListElement\":[{\"@type\":\"ListItem\",\"position\":1,\"name\":\"Accueil\",\"item\":\"https:\/\/www.pressenza.com\/fr\/\"},{\"@type\":\"ListItem\",\"position\":2,\"name\":\"A quand la nonviolence en mati\u00e8re de politique ext\u00e9rieure et de gestion d\u00e9mocratique : Venezuela-Etats-Unis, un cas d\u2019\u00e9cole.\"}]},{\"@type\":\"WebSite\",\"@id\":\"https:\/\/www.pressenza.com\/fr\/#website\",\"url\":\"https:\/\/www.pressenza.com\/fr\/\",\"name\":\"Pressenza\",\"description\":\"International Press Agency\",\"publisher\":{\"@id\":\"https:\/\/www.pressenza.com\/fr\/#organization\"},\"potentialAction\":[{\"@type\":\"SearchAction\",\"target\":{\"@type\":\"EntryPoint\",\"urlTemplate\":\"https:\/\/www.pressenza.com\/fr\/?s={search_term_string}\"},\"query-input\":{\"@type\":\"PropertyValueSpecification\",\"valueRequired\":true,\"valueName\":\"search_term_string\"}}],\"inLanguage\":\"fr-FR\"},{\"@type\":\"Organization\",\"@id\":\"https:\/\/www.pressenza.com\/fr\/#organization\",\"name\":\"Pressenza\",\"url\":\"https:\/\/www.pressenza.com\/fr\/\",\"logo\":{\"@type\":\"ImageObject\",\"inLanguage\":\"fr-FR\",\"@id\":\"https:\/\/www.pressenza.com\/fr\/#\/schema\/logo\/image\/\",\"url\":\"https:\/\/www.pressenza.com\/wp-content\/uploads\/2022\/10\/pressenza_logo_200x200.jpg\",\"contentUrl\":\"https:\/\/www.pressenza.com\/wp-content\/uploads\/2022\/10\/pressenza_logo_200x200.jpg\",\"width\":200,\"height\":200,\"caption\":\"Pressenza\"},\"image\":{\"@id\":\"https:\/\/www.pressenza.com\/fr\/#\/schema\/logo\/image\/\"},\"sameAs\":[\"https:\/\/www.facebook.com\/PressenzaItalia\",\"https:\/\/x.com\/PressenzaIPA\"]},{\"@type\":\"Person\",\"@id\":\"https:\/\/www.pressenza.com\/fr\/#\/schema\/person\/43ae398d7a70c84b65a3b895830bde1b\",\"name\":\"Parti Humaniste France\",\"description\":\"Cr\u00e9\u00e9 en 1984 simultan\u00e9ment dans de nombreux de pays, le Parti Humaniste est l'expression politique d'un nouveau courant de pens\u00e9e : le nouvel humanisme ou humanisme universaliste\",\"sameAs\":[\"https:\/\/www.parti-humaniste-france.org\/presentation\/index.html\"],\"url\":\"https:\/\/www.pressenza.com\/fr\/author\/parti-humaniste-france\/\"}]}<\/script>\n<!-- \/ Yoast SEO plugin. -->","yoast_head_json":{"title":"A quand la nonviolence en mati\u00e8re de politique ext\u00e9rieure et de gestion d\u00e9mocratique : Venezuela-Etats-Unis, un cas d\u2019\u00e9cole.","description":"Le 9 mars dernier, le Pr\u00e9sident Obama d\u00e9clarait que le Venezuela repr\u00e9sentait une menace inhabituelle et extraordinaire pour la s\u00e9curit\u00e9 nationale et la","robots":{"index":"index","follow":"follow","max-snippet":"max-snippet:-1","max-image-preview":"max-image-preview:large","max-video-preview":"max-video-preview:-1"},"canonical":"https:\/\/www.pressenza.com\/fr\/2015\/03\/a-quand-la-non-violence-en-matiere-de-politique-exterieure-et-de-gestion-democratique-venezuela-etats-unis-un-cas-decole\/","og_locale":"fr_FR","og_type":"article","og_title":"A quand la nonviolence en mati\u00e8re de politique ext\u00e9rieure et de gestion d\u00e9mocratique : Venezuela-Etats-Unis, un cas d\u2019\u00e9cole.","og_description":"Le 9 mars dernier, le Pr\u00e9sident Obama d\u00e9clarait que le Venezuela repr\u00e9sentait une menace inhabituelle et extraordinaire pour la s\u00e9curit\u00e9 nationale et la","og_url":"https:\/\/www.pressenza.com\/fr\/2015\/03\/a-quand-la-non-violence-en-matiere-de-politique-exterieure-et-de-gestion-democratique-venezuela-etats-unis-un-cas-decole\/","og_site_name":"Pressenza","article_publisher":"https:\/\/www.facebook.com\/PressenzaItalia","article_published_time":"2015-03-23T17:48:14+00:00","article_modified_time":"2016-03-30T18:00:54+00:00","author":"Parti Humaniste France","twitter_card":"summary_large_image","twitter_creator":"@PressenzaIPA","twitter_site":"@PressenzaIPA","twitter_misc":{"\u00c9crit par":"Parti Humaniste France","Dur\u00e9e de lecture estim\u00e9e":"2 minutes"},"schema":{"@context":"https:\/\/schema.org","@graph":[{"@type":"Article","@id":"https:\/\/www.pressenza.com\/fr\/2015\/03\/a-quand-la-non-violence-en-matiere-de-politique-exterieure-et-de-gestion-democratique-venezuela-etats-unis-un-cas-decole\/#article","isPartOf":{"@id":"https:\/\/www.pressenza.com\/fr\/2015\/03\/a-quand-la-non-violence-en-matiere-de-politique-exterieure-et-de-gestion-democratique-venezuela-etats-unis-un-cas-decole\/"},"author":{"name":"Parti Humaniste France","@id":"https:\/\/www.pressenza.com\/fr\/#\/schema\/person\/43ae398d7a70c84b65a3b895830bde1b"},"headline":"A quand la nonviolence en mati\u00e8re de politique ext\u00e9rieure et de gestion d\u00e9mocratique : Venezuela-Etats-Unis, un cas d\u2019\u00e9cole.","datePublished":"2015-03-23T17:48:14+00:00","dateModified":"2016-03-30T18:00:54+00:00","mainEntityOfPage":{"@id":"https:\/\/www.pressenza.com\/fr\/2015\/03\/a-quand-la-non-violence-en-matiere-de-politique-exterieure-et-de-gestion-democratique-venezuela-etats-unis-un-cas-decole\/"},"wordCount":509,"publisher":{"@id":"https:\/\/www.pressenza.com\/fr\/#organization"},"keywords":["Nonviolence","USA","Venezuela"],"articleSection":["Communiqu\u00e9s de Presse"],"inLanguage":"fr-FR"},{"@type":"WebPage","@id":"https:\/\/www.pressenza.com\/fr\/2015\/03\/a-quand-la-non-violence-en-matiere-de-politique-exterieure-et-de-gestion-democratique-venezuela-etats-unis-un-cas-decole\/","url":"https:\/\/www.pressenza.com\/fr\/2015\/03\/a-quand-la-non-violence-en-matiere-de-politique-exterieure-et-de-gestion-democratique-venezuela-etats-unis-un-cas-decole\/","name":"A quand la nonviolence en mati\u00e8re de politique ext\u00e9rieure et de gestion d\u00e9mocratique : Venezuela-Etats-Unis, un cas d\u2019\u00e9cole.","isPartOf":{"@id":"https:\/\/www.pressenza.com\/fr\/#website"},"datePublished":"2015-03-23T17:48:14+00:00","dateModified":"2016-03-30T18:00:54+00:00","description":"Le 9 mars dernier, le Pr\u00e9sident Obama d\u00e9clarait que le Venezuela repr\u00e9sentait une menace inhabituelle et extraordinaire pour la s\u00e9curit\u00e9 nationale et la","breadcrumb":{"@id":"https:\/\/www.pressenza.com\/fr\/2015\/03\/a-quand-la-non-violence-en-matiere-de-politique-exterieure-et-de-gestion-democratique-venezuela-etats-unis-un-cas-decole\/#breadcrumb"},"inLanguage":"fr-FR","potentialAction":[{"@type":"ReadAction","target":["https:\/\/www.pressenza.com\/fr\/2015\/03\/a-quand-la-non-violence-en-matiere-de-politique-exterieure-et-de-gestion-democratique-venezuela-etats-unis-un-cas-decole\/"]}]},{"@type":"BreadcrumbList","@id":"https:\/\/www.pressenza.com\/fr\/2015\/03\/a-quand-la-non-violence-en-matiere-de-politique-exterieure-et-de-gestion-democratique-venezuela-etats-unis-un-cas-decole\/#breadcrumb","itemListElement":[{"@type":"ListItem","position":1,"name":"Accueil","item":"https:\/\/www.pressenza.com\/fr\/"},{"@type":"ListItem","position":2,"name":"A quand la nonviolence en mati\u00e8re de politique ext\u00e9rieure et de gestion d\u00e9mocratique : Venezuela-Etats-Unis, un cas d\u2019\u00e9cole."}]},{"@type":"WebSite","@id":"https:\/\/www.pressenza.com\/fr\/#website","url":"https:\/\/www.pressenza.com\/fr\/","name":"Pressenza","description":"International Press Agency","publisher":{"@id":"https:\/\/www.pressenza.com\/fr\/#organization"},"potentialAction":[{"@type":"SearchAction","target":{"@type":"EntryPoint","urlTemplate":"https:\/\/www.pressenza.com\/fr\/?s={search_term_string}"},"query-input":{"@type":"PropertyValueSpecification","valueRequired":true,"valueName":"search_term_string"}}],"inLanguage":"fr-FR"},{"@type":"Organization","@id":"https:\/\/www.pressenza.com\/fr\/#organization","name":"Pressenza","url":"https:\/\/www.pressenza.com\/fr\/","logo":{"@type":"ImageObject","inLanguage":"fr-FR","@id":"https:\/\/www.pressenza.com\/fr\/#\/schema\/logo\/image\/","url":"https:\/\/www.pressenza.com\/wp-content\/uploads\/2022\/10\/pressenza_logo_200x200.jpg","contentUrl":"https:\/\/www.pressenza.com\/wp-content\/uploads\/2022\/10\/pressenza_logo_200x200.jpg","width":200,"height":200,"caption":"Pressenza"},"image":{"@id":"https:\/\/www.pressenza.com\/fr\/#\/schema\/logo\/image\/"},"sameAs":["https:\/\/www.facebook.com\/PressenzaItalia","https:\/\/x.com\/PressenzaIPA"]},{"@type":"Person","@id":"https:\/\/www.pressenza.com\/fr\/#\/schema\/person\/43ae398d7a70c84b65a3b895830bde1b","name":"Parti Humaniste France","description":"Cr\u00e9\u00e9 en 1984 simultan\u00e9ment dans de nombreux de pays, le Parti Humaniste est l'expression politique d'un nouveau courant de pens\u00e9e : le nouvel humanisme ou humanisme universaliste","sameAs":["https:\/\/www.parti-humaniste-france.org\/presentation\/index.html"],"url":"https:\/\/www.pressenza.com\/fr\/author\/parti-humaniste-france\/"}]}},"place":"France","original_article_url":"","_links":{"self":[{"href":"https:\/\/www.pressenza.com\/fr\/wp-json\/wp\/v2\/posts\/172301","targetHints":{"allow":["GET"]}}],"collection":[{"href":"https:\/\/www.pressenza.com\/fr\/wp-json\/wp\/v2\/posts"}],"about":[{"href":"https:\/\/www.pressenza.com\/fr\/wp-json\/wp\/v2\/types\/post"}],"author":[{"embeddable":true,"href":"https:\/\/www.pressenza.com\/fr\/wp-json\/wp\/v2\/users\/1131"}],"replies":[{"embeddable":true,"href":"https:\/\/www.pressenza.com\/fr\/wp-json\/wp\/v2\/comments?post=172301"}],"version-history":[{"count":0,"href":"https:\/\/www.pressenza.com\/fr\/wp-json\/wp\/v2\/posts\/172301\/revisions"}],"wp:attachment":[{"href":"https:\/\/www.pressenza.com\/fr\/wp-json\/wp\/v2\/media?parent=172301"}],"wp:term":[{"taxonomy":"category","embeddable":true,"href":"https:\/\/www.pressenza.com\/fr\/wp-json\/wp\/v2\/categories?post=172301"},{"taxonomy":"post_tag","embeddable":true,"href":"https:\/\/www.pressenza.com\/fr\/wp-json\/wp\/v2\/tags?post=172301"}],"curies":[{"name":"wp","href":"https:\/\/api.w.org\/{rel}","templated":true}]}}