{"id":1721948,"date":"2023-03-03T17:38:19","date_gmt":"2023-03-03T17:38:19","guid":{"rendered":"https:\/\/www.pressenza.com\/?p=1721948"},"modified":"2023-03-03T19:43:25","modified_gmt":"2023-03-03T19:43:25","slug":"france-paysanes-paysans-chantons-pour-liberer-la-terre","status":"publish","type":"post","link":"https:\/\/www.pressenza.com\/fr\/2023\/03\/france-paysanes-paysans-chantons-pour-liberer-la-terre\/","title":{"rendered":"France : Paysanes, Paysans, chantons pour lib\u00e9rer la terre !"},"content":{"rendered":"<p>La Conf\u00e9d\u00e9ration paysanne a enregistr\u00e9 cette chanson issue d&rsquo;un atelier d&rsquo;\u00e9criture collectif de paysans de la Dr\u00f4me puis du Var, \u00e0 l&rsquo;initiative de Vincent Delmas, membre du Secr\u00e9tariat national de la Conf\u00e9d\u00e9ration paysanne, avec l&rsquo;appui notamment du\u00a0chanteur HK et de David Bardy. Merci aux musicien\u00b7nes et aux choristes.<\/p>\n<p>Une belle initiative qui reprend un cri du c\u0153ur de ceux qui aiment la Terre, pour nos enfants, pour le Vivant et non pour le profit, partout dans le monde.<\/p>\n<p><iframe loading=\"lazy\" title=\"Paysannes, paysans\" width=\"500\" height=\"281\" src=\"https:\/\/www.youtube.com\/embed\/ErAWiNsv134?feature=oembed\" frameborder=\"0\" allow=\"accelerometer; autoplay; clipboard-write; encrypted-media; gyroscope; picture-in-picture; web-share\" referrerpolicy=\"strict-origin-when-cross-origin\" allowfullscreen><\/iframe><\/p>\n","protected":false},"excerpt":{"rendered":"<p>La Conf\u00e9d\u00e9ration paysanne a enregistr\u00e9 cette chanson issue d&rsquo;un atelier d&rsquo;\u00e9criture collectif de paysans de la Dr\u00f4me puis du Var, \u00e0 l&rsquo;initiative de Vincent Delmas, membre du Secr\u00e9tariat national de la Conf\u00e9d\u00e9ration paysanne, avec l&rsquo;appui notamment du\u00a0chanteur HK et de&hellip;<\/p>\n","protected":false},"author":156,"featured_media":1721950,"comment_status":"closed","ping_status":"closed","sticky":false,"template":"","format":"standard","meta":{"footnotes":""},"categories":[11386,97,85,1245,27989],"tags":[110669,8182],"class_list":["post-1721948","post","type-post","status-publish","format-standard","has-post-thumbnail","hentry","category-contenu-original","category-environnement-et-ecologie","category-europe-fr","category-sante-sujet","category-video-fr","tag-agriculture-solidaire","tag-terre"],"yoast_head":"<!-- This site is optimized with the Yoast SEO plugin v27.1.1 - https:\/\/yoast.com\/product\/yoast-seo-wordpress\/ -->\n<title>France : Paysanes, Paysans, chantons pour lib\u00e9rer la terre !<\/title>\n<meta name=\"description\" content=\"La Conf\u00e9d\u00e9ration paysanne a enregistr\u00e9 cette chanson issue d&#039;un atelier d&#039;\u00e9criture collectif de paysans de la Dr\u00f4me puis du Var, \u00e0 l&#039;initiative de Vincent\" \/>\n<meta name=\"robots\" content=\"index, follow, max-snippet:-1, max-image-preview:large, max-video-preview:-1\" \/>\n<link rel=\"canonical\" href=\"https:\/\/www.pressenza.com\/fr\/2023\/03\/france-paysanes-paysans-chantons-pour-liberer-la-terre\/\" \/>\n<meta property=\"og:locale\" content=\"fr_FR\" \/>\n<meta property=\"og:type\" content=\"article\" \/>\n<meta property=\"og:title\" content=\"France : Paysanes, Paysans, chantons pour lib\u00e9rer la terre !\" \/>\n<meta property=\"og:description\" content=\"La Conf\u00e9d\u00e9ration paysanne a enregistr\u00e9 cette chanson issue d&#039;un atelier d&#039;\u00e9criture collectif de paysans de la Dr\u00f4me puis du Var, \u00e0 l&#039;initiative de Vincent\" \/>\n<meta property=\"og:url\" content=\"https:\/\/www.pressenza.com\/fr\/2023\/03\/france-paysanes-paysans-chantons-pour-liberer-la-terre\/\" \/>\n<meta property=\"og:site_name\" content=\"Pressenza\" \/>\n<meta property=\"article:publisher\" content=\"https:\/\/www.facebook.com\/PressenzaItalia\" \/>\n<meta property=\"article:author\" content=\"tatianadebarelli\" \/>\n<meta property=\"article:published_time\" content=\"2023-03-03T17:38:19+00:00\" \/>\n<meta property=\"article:modified_time\" content=\"2023-03-03T19:43:25+00:00\" \/>\n<meta property=\"og:image\" content=\"https:\/\/www.pressenza.com\/wp-content\/uploads\/2023\/03\/paysans-paysanes.jpg\" \/>\n\t<meta property=\"og:image:width\" content=\"1404\" \/>\n\t<meta property=\"og:image:height\" content=\"800\" \/>\n\t<meta property=\"og:image:type\" content=\"image\/jpeg\" \/>\n<meta name=\"author\" content=\"Tatiana De Barelli\" \/>\n<meta name=\"twitter:card\" content=\"summary_large_image\" \/>\n<meta name=\"twitter:creator\" content=\"@PressenzaIPA\" \/>\n<meta name=\"twitter:site\" content=\"@PressenzaIPA\" \/>\n<meta name=\"twitter:label1\" content=\"\u00c9crit par\" \/>\n\t<meta name=\"twitter:data1\" content=\"Tatiana De Barelli\" \/>\n\t<meta name=\"twitter:label2\" content=\"Dur\u00e9e de lecture estim\u00e9e\" \/>\n\t<meta name=\"twitter:data2\" content=\"1 minute\" \/>\n<script type=\"application\/ld+json\" class=\"yoast-schema-graph\">{\"@context\":\"https:\/\/schema.org\",\"@graph\":[{\"@type\":\"Article\",\"@id\":\"https:\/\/www.pressenza.com\/fr\/2023\/03\/france-paysanes-paysans-chantons-pour-liberer-la-terre\/#article\",\"isPartOf\":{\"@id\":\"https:\/\/www.pressenza.com\/fr\/2023\/03\/france-paysanes-paysans-chantons-pour-liberer-la-terre\/\"},\"author\":{\"name\":\"Tatiana De Barelli\",\"@id\":\"https:\/\/www.pressenza.com\/fr\/#\/schema\/person\/b8d1ec1cf15614fc9a887473b9572094\"},\"headline\":\"France : Paysanes, Paysans, chantons pour lib\u00e9rer la terre !\",\"datePublished\":\"2023-03-03T17:38:19+00:00\",\"dateModified\":\"2023-03-03T19:43:25+00:00\",\"mainEntityOfPage\":{\"@id\":\"https:\/\/www.pressenza.com\/fr\/2023\/03\/france-paysanes-paysans-chantons-pour-liberer-la-terre\/\"},\"wordCount\":117,\"publisher\":{\"@id\":\"https:\/\/www.pressenza.com\/fr\/#organization\"},\"image\":{\"@id\":\"https:\/\/www.pressenza.com\/fr\/2023\/03\/france-paysanes-paysans-chantons-pour-liberer-la-terre\/#primaryimage\"},\"thumbnailUrl\":\"https:\/\/www.pressenza.com\/wp-content\/uploads\/2023\/03\/paysans-paysanes.jpg\",\"keywords\":[\"Agriculture solidaire\",\"terre\"],\"articleSection\":[\"Contenu Original\",\"Ecologie et Environnement\",\"Europe\",\"Sant\u00e9\",\"Video\"],\"inLanguage\":\"fr-FR\"},{\"@type\":\"WebPage\",\"@id\":\"https:\/\/www.pressenza.com\/fr\/2023\/03\/france-paysanes-paysans-chantons-pour-liberer-la-terre\/\",\"url\":\"https:\/\/www.pressenza.com\/fr\/2023\/03\/france-paysanes-paysans-chantons-pour-liberer-la-terre\/\",\"name\":\"France : Paysanes, Paysans, chantons pour lib\u00e9rer la terre !\",\"isPartOf\":{\"@id\":\"https:\/\/www.pressenza.com\/fr\/#website\"},\"primaryImageOfPage\":{\"@id\":\"https:\/\/www.pressenza.com\/fr\/2023\/03\/france-paysanes-paysans-chantons-pour-liberer-la-terre\/#primaryimage\"},\"image\":{\"@id\":\"https:\/\/www.pressenza.com\/fr\/2023\/03\/france-paysanes-paysans-chantons-pour-liberer-la-terre\/#primaryimage\"},\"thumbnailUrl\":\"https:\/\/www.pressenza.com\/wp-content\/uploads\/2023\/03\/paysans-paysanes.jpg\",\"datePublished\":\"2023-03-03T17:38:19+00:00\",\"dateModified\":\"2023-03-03T19:43:25+00:00\",\"description\":\"La Conf\u00e9d\u00e9ration paysanne a enregistr\u00e9 cette chanson issue d'un atelier d'\u00e9criture collectif de paysans de la Dr\u00f4me puis du Var, \u00e0 l'initiative de Vincent\",\"breadcrumb\":{\"@id\":\"https:\/\/www.pressenza.com\/fr\/2023\/03\/france-paysanes-paysans-chantons-pour-liberer-la-terre\/#breadcrumb\"},\"inLanguage\":\"fr-FR\",\"potentialAction\":[{\"@type\":\"ReadAction\",\"target\":[\"https:\/\/www.pressenza.com\/fr\/2023\/03\/france-paysanes-paysans-chantons-pour-liberer-la-terre\/\"]}]},{\"@type\":\"ImageObject\",\"inLanguage\":\"fr-FR\",\"@id\":\"https:\/\/www.pressenza.com\/fr\/2023\/03\/france-paysanes-paysans-chantons-pour-liberer-la-terre\/#primaryimage\",\"url\":\"https:\/\/www.pressenza.com\/wp-content\/uploads\/2023\/03\/paysans-paysanes.jpg\",\"contentUrl\":\"https:\/\/www.pressenza.com\/wp-content\/uploads\/2023\/03\/paysans-paysanes.jpg\",\"width\":1404,\"height\":800},{\"@type\":\"BreadcrumbList\",\"@id\":\"https:\/\/www.pressenza.com\/fr\/2023\/03\/france-paysanes-paysans-chantons-pour-liberer-la-terre\/#breadcrumb\",\"itemListElement\":[{\"@type\":\"ListItem\",\"position\":1,\"name\":\"Accueil\",\"item\":\"https:\/\/www.pressenza.com\/fr\/\"},{\"@type\":\"ListItem\",\"position\":2,\"name\":\"France : Paysanes, Paysans, chantons pour lib\u00e9rer la terre !\"}]},{\"@type\":\"WebSite\",\"@id\":\"https:\/\/www.pressenza.com\/fr\/#website\",\"url\":\"https:\/\/www.pressenza.com\/fr\/\",\"name\":\"Pressenza\",\"description\":\"International Press Agency\",\"publisher\":{\"@id\":\"https:\/\/www.pressenza.com\/fr\/#organization\"},\"potentialAction\":[{\"@type\":\"SearchAction\",\"target\":{\"@type\":\"EntryPoint\",\"urlTemplate\":\"https:\/\/www.pressenza.com\/fr\/?s={search_term_string}\"},\"query-input\":{\"@type\":\"PropertyValueSpecification\",\"valueRequired\":true,\"valueName\":\"search_term_string\"}}],\"inLanguage\":\"fr-FR\"},{\"@type\":\"Organization\",\"@id\":\"https:\/\/www.pressenza.com\/fr\/#organization\",\"name\":\"Pressenza\",\"url\":\"https:\/\/www.pressenza.com\/fr\/\",\"logo\":{\"@type\":\"ImageObject\",\"inLanguage\":\"fr-FR\",\"@id\":\"https:\/\/www.pressenza.com\/fr\/#\/schema\/logo\/image\/\",\"url\":\"https:\/\/www.pressenza.com\/wp-content\/uploads\/2022\/10\/pressenza_logo_200x200.jpg\",\"contentUrl\":\"https:\/\/www.pressenza.com\/wp-content\/uploads\/2022\/10\/pressenza_logo_200x200.jpg\",\"width\":200,\"height\":200,\"caption\":\"Pressenza\"},\"image\":{\"@id\":\"https:\/\/www.pressenza.com\/fr\/#\/schema\/logo\/image\/\"},\"sameAs\":[\"https:\/\/www.facebook.com\/PressenzaItalia\",\"https:\/\/x.com\/PressenzaIPA\"]},{\"@type\":\"Person\",\"@id\":\"https:\/\/www.pressenza.com\/fr\/#\/schema\/person\/b8d1ec1cf15614fc9a887473b9572094\",\"name\":\"Tatiana De Barelli\",\"description\":\"Born with the gene of idealism, I have always wanted to change the world. At the age of 25, I met three crazy \\\"humanists\\\" and, little by little, with the friends of the Humanist Movement, I was able to collaborate in many projects around active nonviolence. The international dimension has always attracted me a lot and for 10 years I travelled to West Africa to support many social projects with the people there. Graphologist and educational psychologist, in 2008 I created Educ'art \\\"When education is an art\\\". It seems to me that school can be \\\"the place\\\" that opens children to their creativity, to their potential to transform the world. Together with professionals in the field of learning, we offer numerous training courses and exchanges with this objective in mind. Writing is also a passion. In 2010, I wrote a book \\\"Les Enjeux de l'Ecrire\\\" (The Stakes of Writing) which places the gesture of writing in its human dimension. In 1982, I married Jorge, an Argentinean, we have two sons who have become magnificent men. The relationship between a couple and a mother continues to be for me the most important human construction in terms of life choices.\",\"sameAs\":[\"http:\/\/www.educart.eu\",\"tatianadebarelli\"],\"url\":\"https:\/\/www.pressenza.com\/fr\/author\/tatiana-de-barelli\/\"}]}<\/script>\n<!-- \/ Yoast SEO plugin. -->","yoast_head_json":{"title":"France : Paysanes, Paysans, chantons pour lib\u00e9rer la terre !","description":"La Conf\u00e9d\u00e9ration paysanne a enregistr\u00e9 cette chanson issue d'un atelier d'\u00e9criture collectif de paysans de la Dr\u00f4me puis du Var, \u00e0 l'initiative de Vincent","robots":{"index":"index","follow":"follow","max-snippet":"max-snippet:-1","max-image-preview":"max-image-preview:large","max-video-preview":"max-video-preview:-1"},"canonical":"https:\/\/www.pressenza.com\/fr\/2023\/03\/france-paysanes-paysans-chantons-pour-liberer-la-terre\/","og_locale":"fr_FR","og_type":"article","og_title":"France : Paysanes, Paysans, chantons pour lib\u00e9rer la terre !","og_description":"La Conf\u00e9d\u00e9ration paysanne a enregistr\u00e9 cette chanson issue d'un atelier d'\u00e9criture collectif de paysans de la Dr\u00f4me puis du Var, \u00e0 l'initiative de Vincent","og_url":"https:\/\/www.pressenza.com\/fr\/2023\/03\/france-paysanes-paysans-chantons-pour-liberer-la-terre\/","og_site_name":"Pressenza","article_publisher":"https:\/\/www.facebook.com\/PressenzaItalia","article_author":"tatianadebarelli","article_published_time":"2023-03-03T17:38:19+00:00","article_modified_time":"2023-03-03T19:43:25+00:00","og_image":[{"width":1404,"height":800,"url":"https:\/\/www.pressenza.com\/wp-content\/uploads\/2023\/03\/paysans-paysanes.jpg","type":"image\/jpeg"}],"author":"Tatiana De Barelli","twitter_card":"summary_large_image","twitter_creator":"@PressenzaIPA","twitter_site":"@PressenzaIPA","twitter_misc":{"\u00c9crit par":"Tatiana De Barelli","Dur\u00e9e de lecture estim\u00e9e":"1 minute"},"schema":{"@context":"https:\/\/schema.org","@graph":[{"@type":"Article","@id":"https:\/\/www.pressenza.com\/fr\/2023\/03\/france-paysanes-paysans-chantons-pour-liberer-la-terre\/#article","isPartOf":{"@id":"https:\/\/www.pressenza.com\/fr\/2023\/03\/france-paysanes-paysans-chantons-pour-liberer-la-terre\/"},"author":{"name":"Tatiana De Barelli","@id":"https:\/\/www.pressenza.com\/fr\/#\/schema\/person\/b8d1ec1cf15614fc9a887473b9572094"},"headline":"France : Paysanes, Paysans, chantons pour lib\u00e9rer la terre !","datePublished":"2023-03-03T17:38:19+00:00","dateModified":"2023-03-03T19:43:25+00:00","mainEntityOfPage":{"@id":"https:\/\/www.pressenza.com\/fr\/2023\/03\/france-paysanes-paysans-chantons-pour-liberer-la-terre\/"},"wordCount":117,"publisher":{"@id":"https:\/\/www.pressenza.com\/fr\/#organization"},"image":{"@id":"https:\/\/www.pressenza.com\/fr\/2023\/03\/france-paysanes-paysans-chantons-pour-liberer-la-terre\/#primaryimage"},"thumbnailUrl":"https:\/\/www.pressenza.com\/wp-content\/uploads\/2023\/03\/paysans-paysanes.jpg","keywords":["Agriculture solidaire","terre"],"articleSection":["Contenu Original","Ecologie et Environnement","Europe","Sant\u00e9","Video"],"inLanguage":"fr-FR"},{"@type":"WebPage","@id":"https:\/\/www.pressenza.com\/fr\/2023\/03\/france-paysanes-paysans-chantons-pour-liberer-la-terre\/","url":"https:\/\/www.pressenza.com\/fr\/2023\/03\/france-paysanes-paysans-chantons-pour-liberer-la-terre\/","name":"France : Paysanes, Paysans, chantons pour lib\u00e9rer la terre !","isPartOf":{"@id":"https:\/\/www.pressenza.com\/fr\/#website"},"primaryImageOfPage":{"@id":"https:\/\/www.pressenza.com\/fr\/2023\/03\/france-paysanes-paysans-chantons-pour-liberer-la-terre\/#primaryimage"},"image":{"@id":"https:\/\/www.pressenza.com\/fr\/2023\/03\/france-paysanes-paysans-chantons-pour-liberer-la-terre\/#primaryimage"},"thumbnailUrl":"https:\/\/www.pressenza.com\/wp-content\/uploads\/2023\/03\/paysans-paysanes.jpg","datePublished":"2023-03-03T17:38:19+00:00","dateModified":"2023-03-03T19:43:25+00:00","description":"La Conf\u00e9d\u00e9ration paysanne a enregistr\u00e9 cette chanson issue d'un atelier d'\u00e9criture collectif de paysans de la Dr\u00f4me puis du Var, \u00e0 l'initiative de Vincent","breadcrumb":{"@id":"https:\/\/www.pressenza.com\/fr\/2023\/03\/france-paysanes-paysans-chantons-pour-liberer-la-terre\/#breadcrumb"},"inLanguage":"fr-FR","potentialAction":[{"@type":"ReadAction","target":["https:\/\/www.pressenza.com\/fr\/2023\/03\/france-paysanes-paysans-chantons-pour-liberer-la-terre\/"]}]},{"@type":"ImageObject","inLanguage":"fr-FR","@id":"https:\/\/www.pressenza.com\/fr\/2023\/03\/france-paysanes-paysans-chantons-pour-liberer-la-terre\/#primaryimage","url":"https:\/\/www.pressenza.com\/wp-content\/uploads\/2023\/03\/paysans-paysanes.jpg","contentUrl":"https:\/\/www.pressenza.com\/wp-content\/uploads\/2023\/03\/paysans-paysanes.jpg","width":1404,"height":800},{"@type":"BreadcrumbList","@id":"https:\/\/www.pressenza.com\/fr\/2023\/03\/france-paysanes-paysans-chantons-pour-liberer-la-terre\/#breadcrumb","itemListElement":[{"@type":"ListItem","position":1,"name":"Accueil","item":"https:\/\/www.pressenza.com\/fr\/"},{"@type":"ListItem","position":2,"name":"France : Paysanes, Paysans, chantons pour lib\u00e9rer la terre !"}]},{"@type":"WebSite","@id":"https:\/\/www.pressenza.com\/fr\/#website","url":"https:\/\/www.pressenza.com\/fr\/","name":"Pressenza","description":"International Press Agency","publisher":{"@id":"https:\/\/www.pressenza.com\/fr\/#organization"},"potentialAction":[{"@type":"SearchAction","target":{"@type":"EntryPoint","urlTemplate":"https:\/\/www.pressenza.com\/fr\/?s={search_term_string}"},"query-input":{"@type":"PropertyValueSpecification","valueRequired":true,"valueName":"search_term_string"}}],"inLanguage":"fr-FR"},{"@type":"Organization","@id":"https:\/\/www.pressenza.com\/fr\/#organization","name":"Pressenza","url":"https:\/\/www.pressenza.com\/fr\/","logo":{"@type":"ImageObject","inLanguage":"fr-FR","@id":"https:\/\/www.pressenza.com\/fr\/#\/schema\/logo\/image\/","url":"https:\/\/www.pressenza.com\/wp-content\/uploads\/2022\/10\/pressenza_logo_200x200.jpg","contentUrl":"https:\/\/www.pressenza.com\/wp-content\/uploads\/2022\/10\/pressenza_logo_200x200.jpg","width":200,"height":200,"caption":"Pressenza"},"image":{"@id":"https:\/\/www.pressenza.com\/fr\/#\/schema\/logo\/image\/"},"sameAs":["https:\/\/www.facebook.com\/PressenzaItalia","https:\/\/x.com\/PressenzaIPA"]},{"@type":"Person","@id":"https:\/\/www.pressenza.com\/fr\/#\/schema\/person\/b8d1ec1cf15614fc9a887473b9572094","name":"Tatiana De Barelli","description":"Born with the gene of idealism, I have always wanted to change the world. At the age of 25, I met three crazy \"humanists\" and, little by little, with the friends of the Humanist Movement, I was able to collaborate in many projects around active nonviolence. The international dimension has always attracted me a lot and for 10 years I travelled to West Africa to support many social projects with the people there. Graphologist and educational psychologist, in 2008 I created Educ'art \"When education is an art\". It seems to me that school can be \"the place\" that opens children to their creativity, to their potential to transform the world. Together with professionals in the field of learning, we offer numerous training courses and exchanges with this objective in mind. Writing is also a passion. In 2010, I wrote a book \"Les Enjeux de l'Ecrire\" (The Stakes of Writing) which places the gesture of writing in its human dimension. In 1982, I married Jorge, an Argentinean, we have two sons who have become magnificent men. The relationship between a couple and a mother continues to be for me the most important human construction in terms of life choices.","sameAs":["http:\/\/www.educart.eu","tatianadebarelli"],"url":"https:\/\/www.pressenza.com\/fr\/author\/tatiana-de-barelli\/"}]}},"place":"France","original_article_url":"","_links":{"self":[{"href":"https:\/\/www.pressenza.com\/fr\/wp-json\/wp\/v2\/posts\/1721948","targetHints":{"allow":["GET"]}}],"collection":[{"href":"https:\/\/www.pressenza.com\/fr\/wp-json\/wp\/v2\/posts"}],"about":[{"href":"https:\/\/www.pressenza.com\/fr\/wp-json\/wp\/v2\/types\/post"}],"author":[{"embeddable":true,"href":"https:\/\/www.pressenza.com\/fr\/wp-json\/wp\/v2\/users\/156"}],"replies":[{"embeddable":true,"href":"https:\/\/www.pressenza.com\/fr\/wp-json\/wp\/v2\/comments?post=1721948"}],"version-history":[{"count":0,"href":"https:\/\/www.pressenza.com\/fr\/wp-json\/wp\/v2\/posts\/1721948\/revisions"}],"wp:featuredmedia":[{"embeddable":true,"href":"https:\/\/www.pressenza.com\/fr\/wp-json\/wp\/v2\/media\/1721950"}],"wp:attachment":[{"href":"https:\/\/www.pressenza.com\/fr\/wp-json\/wp\/v2\/media?parent=1721948"}],"wp:term":[{"taxonomy":"category","embeddable":true,"href":"https:\/\/www.pressenza.com\/fr\/wp-json\/wp\/v2\/categories?post=1721948"},{"taxonomy":"post_tag","embeddable":true,"href":"https:\/\/www.pressenza.com\/fr\/wp-json\/wp\/v2\/tags?post=1721948"}],"curies":[{"name":"wp","href":"https:\/\/api.w.org\/{rel}","templated":true}]}}