{"id":1716531,"date":"2023-02-14T17:50:46","date_gmt":"2023-02-14T17:50:46","guid":{"rendered":"https:\/\/www.pressenza.com\/?p=1716531"},"modified":"2023-02-14T18:42:28","modified_gmt":"2023-02-14T18:42:28","slug":"gagner-la-paix-pas-la-guerre","status":"publish","type":"post","link":"https:\/\/www.pressenza.com\/fr\/2023\/02\/gagner-la-paix-pas-la-guerre\/","title":{"rendered":"Gagner la paix &#8211; pas la guerre !"},"content":{"rendered":"<p>En quatre langues (<a href=\"https:\/\/nie-wieder-krieg.org\/2023\/02\/08\/frieden\/\">allemand<\/a>, <a href=\"https:\/\/nie-wieder-krieg.org\/wp-content\/uploads\/2023\/02\/Gagner-la-paix.pdf\">fran\u00e7ais<\/a>, <a href=\"https:\/\/nie-wieder-krieg.org\/wp-content\/uploads\/2023\/02\/Win-the-peace.pdf\">anglais<\/a>, <a href=\"https:\/\/www.andereuropa.org\/de-vrede-winnen-niet-de-oorlog\/\">n\u00e9erlandais<\/a>), l&rsquo;initiative \u00ab Die Waffen nieder! &#8211; Nein zum Krieg \u00bb (Bas les armes ! &#8211; Non \u00e0 la guerre) autour de Reiner Braun, Claudia Haydt, Ralf Kr\u00e4mer, Willi van Ooyen, Christof Ostheimer et Peter Wahl a r\u00e9dig\u00e9 <a href=\"https:\/\/nie-wieder-krieg.org\/2023\/02\/08\/frieden\/\">une d\u00e9claration<\/a> pour appeler encore une fois \u00e0 la paix.<\/p>\n<p>Le parti <a href=\"https:\/\/linke-gegen-kriegsbeteiligung.de\/\">Die Linke<\/a> appelle \u00e9galement \u00e0 ne pas continuer la guerre.<\/p>\n<p>Une grande manifestation est organis\u00e9e le 25 f\u00e9vrier 2023 \u00e0 Berlin, 14 heures.<\/p>\n<p>Le <a href=\"https:\/\/www.change.org\/p\/manifestfuerfrieden-aufstandfuerfrieden\">manifeste<\/a> de Sarha Wagenknecht et d&rsquo;Alice Schwarzer pour la cessation des hostilit\u00e9s est en ligne et peut \u00eatre sign\u00e9 (en allemand) sur change.org.<\/p>\n<p>Il est grand temps de faire la paix ! Une ann\u00e9e de combats meurtriers, de destructions et de profondes blessures de chaque c\u00f4t\u00e9 n&rsquo;ont fait que creuser des foss\u00e9s qui mettront un temps fou \u00e0 se combler, s&rsquo;ils se comblent un jour ! Ils n&rsquo;ont caus\u00e9 que des ravages et n&rsquo;ont rajout\u00e9 que de l&rsquo;huile sur le feu, sans apporter aucune solution. Pourquoi tout ce sang vers\u00e9 ?<\/p>\n<p>La mobilisation pacifiste doit relever la t\u00eate et faire face, plus que jamais ! Le monde que nous voulons pour toutes les cr\u00e9atures vivantes sur cette plan\u00e8te n&rsquo;est pas un champ de bataille sanglant et pollu\u00e9 ni un empire capitaliste, quel qu&rsquo;il soit. Nous avons des t\u00e2ches bien plus capitales \u00e0 accomplir que celles de nous entretuer et de produire des armes. Le climat n&rsquo;attend plus, la faim doit \u00eatre \u00e9radiqu\u00e9e et les pand\u00e9mies \u00e0 venir \u00e9vit\u00e9es. L&rsquo;\u00e9quilibre entre la Nature et l&rsquo;\u00eatre humain doit \u00eatre r\u00e9tabli. Voil\u00e0 ce qui nous attend de pied ferme dans le futur, et pas des chars, des drones et des missiles test\u00e9s sur le dos des civils ! Assez de massacres et de violence !<\/p>\n<p>Nous n&rsquo;avons pas honte d&rsquo;\u00eatre pacifistes, ce sont les bellicistes qui devraient avoir honte de leurs exactions !<\/p>\n<p>&nbsp;<\/p>\n","protected":false},"excerpt":{"rendered":"<p>En quatre langues (allemand, fran\u00e7ais, anglais, n\u00e9erlandais), l&rsquo;initiative \u00ab Die Waffen nieder! &#8211; Nein zum Krieg \u00bb (Bas les armes ! &#8211; Non \u00e0 la guerre) autour de Reiner Braun, Claudia Haydt, Ralf Kr\u00e4mer, Willi van Ooyen, Christof Ostheimer et&hellip;<\/p>\n","protected":false},"author":2183,"featured_media":1716534,"comment_status":"closed","ping_status":"closed","sticky":false,"template":"","format":"standard","meta":{"footnotes":""},"categories":[11386,97,163,1250,95],"tags":[110127,307,30574,110128],"class_list":["post-1716531","post","type-post","status-publish","format-standard","has-post-thumbnail","hentry","category-contenu-original","category-environnement-et-ecologie","category-opinion-fr","category-paix-desarmement","category-affaires-etrangeres","tag-appel-a-la-paix","tag-manifestation","tag-manifeste","tag-mobilisation-pacifiste-fr"],"yoast_head":"<!-- This site is optimized with the Yoast SEO plugin v27.1.1 - https:\/\/yoast.com\/product\/yoast-seo-wordpress\/ -->\n<title>Gagner la paix - pas la guerre !<\/title>\n<meta name=\"description\" content=\"En quatre langues (allemand, fran\u00e7ais, anglais, n\u00e9erlandais), l&#039;initiative \u00ab Die Waffen nieder! - Nein zum Krieg \u00bb (Bas les armes ! - Non \u00e0 la guerre)\" \/>\n<meta name=\"robots\" content=\"index, follow, max-snippet:-1, max-image-preview:large, max-video-preview:-1\" \/>\n<link rel=\"canonical\" href=\"https:\/\/www.pressenza.com\/fr\/2023\/02\/gagner-la-paix-pas-la-guerre\/\" \/>\n<meta property=\"og:locale\" content=\"fr_FR\" \/>\n<meta property=\"og:type\" content=\"article\" \/>\n<meta property=\"og:title\" content=\"Gagner la paix - pas la guerre !\" \/>\n<meta property=\"og:description\" content=\"En quatre langues (allemand, fran\u00e7ais, anglais, n\u00e9erlandais), l&#039;initiative \u00ab Die Waffen nieder! - Nein zum Krieg \u00bb (Bas les armes ! - Non \u00e0 la guerre)\" \/>\n<meta property=\"og:url\" content=\"https:\/\/www.pressenza.com\/fr\/2023\/02\/gagner-la-paix-pas-la-guerre\/\" \/>\n<meta property=\"og:site_name\" content=\"Pressenza\" \/>\n<meta property=\"article:publisher\" content=\"https:\/\/www.facebook.com\/PressenzaItalia\" \/>\n<meta property=\"article:published_time\" content=\"2023-02-14T17:50:46+00:00\" \/>\n<meta property=\"article:modified_time\" content=\"2023-02-14T18:42:28+00:00\" \/>\n<meta property=\"og:image\" content=\"https:\/\/www.pressenza.com\/wp-content\/uploads\/2023\/02\/10976360_xl_2nl-1.png\" \/>\n\t<meta property=\"og:image:width\" content=\"600\" \/>\n\t<meta property=\"og:image:height\" content=\"200\" \/>\n\t<meta property=\"og:image:type\" content=\"image\/png\" \/>\n<meta name=\"author\" content=\"Laurence Wuillemin\" \/>\n<meta name=\"twitter:card\" content=\"summary_large_image\" \/>\n<meta name=\"twitter:creator\" content=\"@PressenzaIPA\" \/>\n<meta name=\"twitter:site\" content=\"@PressenzaIPA\" \/>\n<meta name=\"twitter:label1\" content=\"\u00c9crit par\" \/>\n\t<meta name=\"twitter:data1\" content=\"Laurence Wuillemin\" \/>\n\t<meta name=\"twitter:label2\" content=\"Dur\u00e9e de lecture estim\u00e9e\" \/>\n\t<meta name=\"twitter:data2\" content=\"2 minutes\" \/>\n<script type=\"application\/ld+json\" class=\"yoast-schema-graph\">{\"@context\":\"https:\/\/schema.org\",\"@graph\":[{\"@type\":\"Article\",\"@id\":\"https:\/\/www.pressenza.com\/fr\/2023\/02\/gagner-la-paix-pas-la-guerre\/#article\",\"isPartOf\":{\"@id\":\"https:\/\/www.pressenza.com\/fr\/2023\/02\/gagner-la-paix-pas-la-guerre\/\"},\"author\":{\"name\":\"Laurence Wuillemin\",\"@id\":\"https:\/\/www.pressenza.com\/fr\/#\/schema\/person\/f8150056c7955f1c6dff82e123d35dde\"},\"headline\":\"Gagner la paix &#8211; pas la guerre !\",\"datePublished\":\"2023-02-14T17:50:46+00:00\",\"dateModified\":\"2023-02-14T18:42:28+00:00\",\"mainEntityOfPage\":{\"@id\":\"https:\/\/www.pressenza.com\/fr\/2023\/02\/gagner-la-paix-pas-la-guerre\/\"},\"wordCount\":333,\"publisher\":{\"@id\":\"https:\/\/www.pressenza.com\/fr\/#organization\"},\"image\":{\"@id\":\"https:\/\/www.pressenza.com\/fr\/2023\/02\/gagner-la-paix-pas-la-guerre\/#primaryimage\"},\"thumbnailUrl\":\"https:\/\/www.pressenza.com\/wp-content\/uploads\/2023\/02\/10976360_xl_2nl-1.png\",\"keywords\":[\"appel \u00e0 la paix\",\"manifestation\",\"Manifeste\",\"mobilisation pacifiste\"],\"articleSection\":[\"Contenu Original\",\"Ecologie et Environnement\",\"Opinion\",\"Paix et D\u00e9sarmement\",\"Relations internationales\"],\"inLanguage\":\"fr-FR\"},{\"@type\":\"WebPage\",\"@id\":\"https:\/\/www.pressenza.com\/fr\/2023\/02\/gagner-la-paix-pas-la-guerre\/\",\"url\":\"https:\/\/www.pressenza.com\/fr\/2023\/02\/gagner-la-paix-pas-la-guerre\/\",\"name\":\"Gagner la paix - pas la guerre !\",\"isPartOf\":{\"@id\":\"https:\/\/www.pressenza.com\/fr\/#website\"},\"primaryImageOfPage\":{\"@id\":\"https:\/\/www.pressenza.com\/fr\/2023\/02\/gagner-la-paix-pas-la-guerre\/#primaryimage\"},\"image\":{\"@id\":\"https:\/\/www.pressenza.com\/fr\/2023\/02\/gagner-la-paix-pas-la-guerre\/#primaryimage\"},\"thumbnailUrl\":\"https:\/\/www.pressenza.com\/wp-content\/uploads\/2023\/02\/10976360_xl_2nl-1.png\",\"datePublished\":\"2023-02-14T17:50:46+00:00\",\"dateModified\":\"2023-02-14T18:42:28+00:00\",\"description\":\"En quatre langues (allemand, fran\u00e7ais, anglais, n\u00e9erlandais), l'initiative \u00ab Die Waffen nieder! - Nein zum Krieg \u00bb (Bas les armes ! - Non \u00e0 la guerre)\",\"breadcrumb\":{\"@id\":\"https:\/\/www.pressenza.com\/fr\/2023\/02\/gagner-la-paix-pas-la-guerre\/#breadcrumb\"},\"inLanguage\":\"fr-FR\",\"potentialAction\":[{\"@type\":\"ReadAction\",\"target\":[\"https:\/\/www.pressenza.com\/fr\/2023\/02\/gagner-la-paix-pas-la-guerre\/\"]}]},{\"@type\":\"ImageObject\",\"inLanguage\":\"fr-FR\",\"@id\":\"https:\/\/www.pressenza.com\/fr\/2023\/02\/gagner-la-paix-pas-la-guerre\/#primaryimage\",\"url\":\"https:\/\/www.pressenza.com\/wp-content\/uploads\/2023\/02\/10976360_xl_2nl-1.png\",\"contentUrl\":\"https:\/\/www.pressenza.com\/wp-content\/uploads\/2023\/02\/10976360_xl_2nl-1.png\",\"width\":600,\"height\":200},{\"@type\":\"BreadcrumbList\",\"@id\":\"https:\/\/www.pressenza.com\/fr\/2023\/02\/gagner-la-paix-pas-la-guerre\/#breadcrumb\",\"itemListElement\":[{\"@type\":\"ListItem\",\"position\":1,\"name\":\"Accueil\",\"item\":\"https:\/\/www.pressenza.com\/fr\/\"},{\"@type\":\"ListItem\",\"position\":2,\"name\":\"Gagner la paix &#8211; pas la guerre !\"}]},{\"@type\":\"WebSite\",\"@id\":\"https:\/\/www.pressenza.com\/fr\/#website\",\"url\":\"https:\/\/www.pressenza.com\/fr\/\",\"name\":\"Pressenza\",\"description\":\"International Press Agency\",\"publisher\":{\"@id\":\"https:\/\/www.pressenza.com\/fr\/#organization\"},\"potentialAction\":[{\"@type\":\"SearchAction\",\"target\":{\"@type\":\"EntryPoint\",\"urlTemplate\":\"https:\/\/www.pressenza.com\/fr\/?s={search_term_string}\"},\"query-input\":{\"@type\":\"PropertyValueSpecification\",\"valueRequired\":true,\"valueName\":\"search_term_string\"}}],\"inLanguage\":\"fr-FR\"},{\"@type\":\"Organization\",\"@id\":\"https:\/\/www.pressenza.com\/fr\/#organization\",\"name\":\"Pressenza\",\"url\":\"https:\/\/www.pressenza.com\/fr\/\",\"logo\":{\"@type\":\"ImageObject\",\"inLanguage\":\"fr-FR\",\"@id\":\"https:\/\/www.pressenza.com\/fr\/#\/schema\/logo\/image\/\",\"url\":\"https:\/\/www.pressenza.com\/wp-content\/uploads\/2022\/10\/pressenza_logo_200x200.jpg\",\"contentUrl\":\"https:\/\/www.pressenza.com\/wp-content\/uploads\/2022\/10\/pressenza_logo_200x200.jpg\",\"width\":200,\"height\":200,\"caption\":\"Pressenza\"},\"image\":{\"@id\":\"https:\/\/www.pressenza.com\/fr\/#\/schema\/logo\/image\/\"},\"sameAs\":[\"https:\/\/www.facebook.com\/PressenzaItalia\",\"https:\/\/x.com\/PressenzaIPA\"]},{\"@type\":\"Person\",\"@id\":\"https:\/\/www.pressenza.com\/fr\/#\/schema\/person\/f8150056c7955f1c6dff82e123d35dde\",\"name\":\"Laurence Wuillemin\",\"description\":\"Laurence Wuillemin, Fran\u00e7aise vivant en Allemagne, traductrice autodidacte et fi\u00e8re de l\u2019\u00eatre. Int\u00e9r\u00eats \u00e9clectiques allant, entre autres, de la musique ancienne au commerce \u00e9quitable, en passant par le pacifisme, la nature, l\u2019\u00e9criture et l\u2019\u00e9cologie et le bien-\u00eatre animal. Un grand faible pour le travail qui ne fait pas bouillir la marmite.\",\"url\":\"https:\/\/www.pressenza.com\/fr\/author\/laurence-wuillemin\/\"}]}<\/script>\n<!-- \/ Yoast SEO plugin. -->","yoast_head_json":{"title":"Gagner la paix - pas la guerre !","description":"En quatre langues (allemand, fran\u00e7ais, anglais, n\u00e9erlandais), l'initiative \u00ab Die Waffen nieder! - Nein zum Krieg \u00bb (Bas les armes ! - Non \u00e0 la guerre)","robots":{"index":"index","follow":"follow","max-snippet":"max-snippet:-1","max-image-preview":"max-image-preview:large","max-video-preview":"max-video-preview:-1"},"canonical":"https:\/\/www.pressenza.com\/fr\/2023\/02\/gagner-la-paix-pas-la-guerre\/","og_locale":"fr_FR","og_type":"article","og_title":"Gagner la paix - pas la guerre !","og_description":"En quatre langues (allemand, fran\u00e7ais, anglais, n\u00e9erlandais), l'initiative \u00ab Die Waffen nieder! - Nein zum Krieg \u00bb (Bas les armes ! - Non \u00e0 la guerre)","og_url":"https:\/\/www.pressenza.com\/fr\/2023\/02\/gagner-la-paix-pas-la-guerre\/","og_site_name":"Pressenza","article_publisher":"https:\/\/www.facebook.com\/PressenzaItalia","article_published_time":"2023-02-14T17:50:46+00:00","article_modified_time":"2023-02-14T18:42:28+00:00","og_image":[{"width":600,"height":200,"url":"https:\/\/www.pressenza.com\/wp-content\/uploads\/2023\/02\/10976360_xl_2nl-1.png","type":"image\/png"}],"author":"Laurence Wuillemin","twitter_card":"summary_large_image","twitter_creator":"@PressenzaIPA","twitter_site":"@PressenzaIPA","twitter_misc":{"\u00c9crit par":"Laurence Wuillemin","Dur\u00e9e de lecture estim\u00e9e":"2 minutes"},"schema":{"@context":"https:\/\/schema.org","@graph":[{"@type":"Article","@id":"https:\/\/www.pressenza.com\/fr\/2023\/02\/gagner-la-paix-pas-la-guerre\/#article","isPartOf":{"@id":"https:\/\/www.pressenza.com\/fr\/2023\/02\/gagner-la-paix-pas-la-guerre\/"},"author":{"name":"Laurence Wuillemin","@id":"https:\/\/www.pressenza.com\/fr\/#\/schema\/person\/f8150056c7955f1c6dff82e123d35dde"},"headline":"Gagner la paix &#8211; pas la guerre !","datePublished":"2023-02-14T17:50:46+00:00","dateModified":"2023-02-14T18:42:28+00:00","mainEntityOfPage":{"@id":"https:\/\/www.pressenza.com\/fr\/2023\/02\/gagner-la-paix-pas-la-guerre\/"},"wordCount":333,"publisher":{"@id":"https:\/\/www.pressenza.com\/fr\/#organization"},"image":{"@id":"https:\/\/www.pressenza.com\/fr\/2023\/02\/gagner-la-paix-pas-la-guerre\/#primaryimage"},"thumbnailUrl":"https:\/\/www.pressenza.com\/wp-content\/uploads\/2023\/02\/10976360_xl_2nl-1.png","keywords":["appel \u00e0 la paix","manifestation","Manifeste","mobilisation pacifiste"],"articleSection":["Contenu Original","Ecologie et Environnement","Opinion","Paix et D\u00e9sarmement","Relations internationales"],"inLanguage":"fr-FR"},{"@type":"WebPage","@id":"https:\/\/www.pressenza.com\/fr\/2023\/02\/gagner-la-paix-pas-la-guerre\/","url":"https:\/\/www.pressenza.com\/fr\/2023\/02\/gagner-la-paix-pas-la-guerre\/","name":"Gagner la paix - pas la guerre !","isPartOf":{"@id":"https:\/\/www.pressenza.com\/fr\/#website"},"primaryImageOfPage":{"@id":"https:\/\/www.pressenza.com\/fr\/2023\/02\/gagner-la-paix-pas-la-guerre\/#primaryimage"},"image":{"@id":"https:\/\/www.pressenza.com\/fr\/2023\/02\/gagner-la-paix-pas-la-guerre\/#primaryimage"},"thumbnailUrl":"https:\/\/www.pressenza.com\/wp-content\/uploads\/2023\/02\/10976360_xl_2nl-1.png","datePublished":"2023-02-14T17:50:46+00:00","dateModified":"2023-02-14T18:42:28+00:00","description":"En quatre langues (allemand, fran\u00e7ais, anglais, n\u00e9erlandais), l'initiative \u00ab Die Waffen nieder! - Nein zum Krieg \u00bb (Bas les armes ! - Non \u00e0 la guerre)","breadcrumb":{"@id":"https:\/\/www.pressenza.com\/fr\/2023\/02\/gagner-la-paix-pas-la-guerre\/#breadcrumb"},"inLanguage":"fr-FR","potentialAction":[{"@type":"ReadAction","target":["https:\/\/www.pressenza.com\/fr\/2023\/02\/gagner-la-paix-pas-la-guerre\/"]}]},{"@type":"ImageObject","inLanguage":"fr-FR","@id":"https:\/\/www.pressenza.com\/fr\/2023\/02\/gagner-la-paix-pas-la-guerre\/#primaryimage","url":"https:\/\/www.pressenza.com\/wp-content\/uploads\/2023\/02\/10976360_xl_2nl-1.png","contentUrl":"https:\/\/www.pressenza.com\/wp-content\/uploads\/2023\/02\/10976360_xl_2nl-1.png","width":600,"height":200},{"@type":"BreadcrumbList","@id":"https:\/\/www.pressenza.com\/fr\/2023\/02\/gagner-la-paix-pas-la-guerre\/#breadcrumb","itemListElement":[{"@type":"ListItem","position":1,"name":"Accueil","item":"https:\/\/www.pressenza.com\/fr\/"},{"@type":"ListItem","position":2,"name":"Gagner la paix &#8211; pas la guerre !"}]},{"@type":"WebSite","@id":"https:\/\/www.pressenza.com\/fr\/#website","url":"https:\/\/www.pressenza.com\/fr\/","name":"Pressenza","description":"International Press Agency","publisher":{"@id":"https:\/\/www.pressenza.com\/fr\/#organization"},"potentialAction":[{"@type":"SearchAction","target":{"@type":"EntryPoint","urlTemplate":"https:\/\/www.pressenza.com\/fr\/?s={search_term_string}"},"query-input":{"@type":"PropertyValueSpecification","valueRequired":true,"valueName":"search_term_string"}}],"inLanguage":"fr-FR"},{"@type":"Organization","@id":"https:\/\/www.pressenza.com\/fr\/#organization","name":"Pressenza","url":"https:\/\/www.pressenza.com\/fr\/","logo":{"@type":"ImageObject","inLanguage":"fr-FR","@id":"https:\/\/www.pressenza.com\/fr\/#\/schema\/logo\/image\/","url":"https:\/\/www.pressenza.com\/wp-content\/uploads\/2022\/10\/pressenza_logo_200x200.jpg","contentUrl":"https:\/\/www.pressenza.com\/wp-content\/uploads\/2022\/10\/pressenza_logo_200x200.jpg","width":200,"height":200,"caption":"Pressenza"},"image":{"@id":"https:\/\/www.pressenza.com\/fr\/#\/schema\/logo\/image\/"},"sameAs":["https:\/\/www.facebook.com\/PressenzaItalia","https:\/\/x.com\/PressenzaIPA"]},{"@type":"Person","@id":"https:\/\/www.pressenza.com\/fr\/#\/schema\/person\/f8150056c7955f1c6dff82e123d35dde","name":"Laurence Wuillemin","description":"Laurence Wuillemin, Fran\u00e7aise vivant en Allemagne, traductrice autodidacte et fi\u00e8re de l\u2019\u00eatre. Int\u00e9r\u00eats \u00e9clectiques allant, entre autres, de la musique ancienne au commerce \u00e9quitable, en passant par le pacifisme, la nature, l\u2019\u00e9criture et l\u2019\u00e9cologie et le bien-\u00eatre animal. Un grand faible pour le travail qui ne fait pas bouillir la marmite.","url":"https:\/\/www.pressenza.com\/fr\/author\/laurence-wuillemin\/"}]}},"place":"","original_article_url":"","_links":{"self":[{"href":"https:\/\/www.pressenza.com\/fr\/wp-json\/wp\/v2\/posts\/1716531","targetHints":{"allow":["GET"]}}],"collection":[{"href":"https:\/\/www.pressenza.com\/fr\/wp-json\/wp\/v2\/posts"}],"about":[{"href":"https:\/\/www.pressenza.com\/fr\/wp-json\/wp\/v2\/types\/post"}],"author":[{"embeddable":true,"href":"https:\/\/www.pressenza.com\/fr\/wp-json\/wp\/v2\/users\/2183"}],"replies":[{"embeddable":true,"href":"https:\/\/www.pressenza.com\/fr\/wp-json\/wp\/v2\/comments?post=1716531"}],"version-history":[{"count":0,"href":"https:\/\/www.pressenza.com\/fr\/wp-json\/wp\/v2\/posts\/1716531\/revisions"}],"wp:featuredmedia":[{"embeddable":true,"href":"https:\/\/www.pressenza.com\/fr\/wp-json\/wp\/v2\/media\/1716534"}],"wp:attachment":[{"href":"https:\/\/www.pressenza.com\/fr\/wp-json\/wp\/v2\/media?parent=1716531"}],"wp:term":[{"taxonomy":"category","embeddable":true,"href":"https:\/\/www.pressenza.com\/fr\/wp-json\/wp\/v2\/categories?post=1716531"},{"taxonomy":"post_tag","embeddable":true,"href":"https:\/\/www.pressenza.com\/fr\/wp-json\/wp\/v2\/tags?post=1716531"}],"curies":[{"name":"wp","href":"https:\/\/api.w.org\/{rel}","templated":true}]}}