{"id":1714915,"date":"2023-02-08T20:08:46","date_gmt":"2023-02-08T20:08:46","guid":{"rendered":"https:\/\/www.pressenza.com\/?p=1714915"},"modified":"2023-02-08T20:08:46","modified_gmt":"2023-02-08T20:08:46","slug":"des-mondes-qui-seloignent-les-uns-des-autres","status":"publish","type":"post","link":"https:\/\/www.pressenza.com\/fr\/2023\/02\/des-mondes-qui-seloignent-les-uns-des-autres\/","title":{"rendered":"Des mondes qui s&rsquo;\u00e9loignent les uns des autres"},"content":{"rendered":"<p><em><strong>par Gerhard Mersmann<\/strong><\/em><\/p>\n<p><em><strong>La crise en Ukraine, la crise des r\u00e9fugi\u00e9s, Brexit, Covid, les guerres \u2026 Ces \u00e9v\u00e8nements ne sont pas tomb\u00e9s comme \u00e7a du ciel. Ils sont le r\u00e9sultat d\u2019une politique d\u00e9lib\u00e9r\u00e9ment choisie.<\/strong><\/em><\/p>\n<p>Il fut un temps, et qui n\u2019est pas si lointain, o\u00f9 l\u2019on parlait de soci\u00e9t\u00e9s parall\u00e8les. Il s\u2019agissait des communaut\u00e9s d\u2019immigrants qui fonctionnaient comme s\u2019ils vivaient toujours dans le pays d\u2019o\u00f9 ils venaient. Pratiquement comme des \u00eelots au sein du fleuve social local.<\/p>\n<p><strong>Et ces soci\u00e9t\u00e9s parall\u00e8les qui ont exist\u00e9 et qui existent toujours \u00e9taient consid\u00e9r\u00e9es comme l\u2019indice d\u2019une politique d\u2019int\u00e9gration ayant \u00e9chou\u00e9<\/strong><\/p>\n<p>Pourquoi tant le terme que le probl\u00e8me qu\u2019il d\u00e9crivait sont-ils pass\u00e9s \u00e0 l\u2019arri\u00e8re-plan, est une question \u00e0 laquelle on ne peut r\u00e9pondre qu\u2019en partie. La r\u00e9ponse la plus courante que l\u2019on r\u00e9colterait si on la posait \u00e0 la ronde, serait que les grandes crises qui se succ\u00e8dent depuis 2008 ont tout simplement \u00e9clips\u00e9 beaucoup de choses et les ont rel\u00e9gu\u00e9es \u00e0 l\u2019arri\u00e8re-plan.<\/p>\n<p><strong>Crise et guerre<\/strong><\/p>\n<p>La r\u00e9ponse n\u2019est pas imparable, loin de l\u00e0. Ce qui est correct, c\u2019est qu\u2019avec la crise financi\u00e8re mondiale de 2008 un changement d\u2019\u00e9poque a \u00e9t\u00e9 amorc\u00e9. L\u2019h\u00e9g\u00e9monie mondiale du dollar am\u00e9ricain est depuis lors \u00e0 l\u2019ordre du jour et tant que c\u2019est le cas, il se passera encore un tas de choses qui ne seront pas sans m\u00e9riter les substantifs de crise et guerre.<\/p>\n<p>Mais comme nous nous trouvons dans une Allemagne qui se veut toujours cosmopolite mais reste en son for int\u00e9rieur bien provinciale, une s\u00e9rie de crises, telles qu\u2019elles sont ici apparues, devrait suffire\u00a0: crise financi\u00e8re mondiale, premi\u00e8re crise ukrainienne, crise des r\u00e9fugi\u00e9s, Brexit, Covid, deuxi\u00e8me crise ukrainienne.<\/p>\n<p>Elle n\u2019est pas, pour la d\u00e9crire aussi de la merveilleuse mani\u00e8re qu\u2019offre la langue fran\u00e7aise, piqu\u00e9e des hannetons. <strong>Car ces \u00e9v\u00e8nements ne sont pas tomb\u00e9s comme \u00e7a du ciel. Ils sont le r\u00e9sultat d\u2019une politique d\u00e9lib\u00e9r\u00e9ment choisie.<\/strong><\/p>\n<p><strong>Le r\u00e9sultat de mesures politiques<\/strong><\/p>\n<p>La crise financi\u00e8re mondiale r\u00e9sulte du jeu de hasard autoris\u00e9 en bourse ; la premi\u00e8re comme la deuxi\u00e8me crise en Ukraine est le r\u00e9sultat de l\u2019interd\u00e9pendance de l\u2019appartenance \u00e0 l\u2019UE et \u00e0 l\u2019OTAN ; la crise que l\u2019on appelle crise des r\u00e9fugi\u00e9s a suivi les guerres en Syrie et en Afghanistan ; le Brexit \u00e9tait une cons\u00e9quence de la r\u00e9action allemande \u00e0 la crise des r\u00e9fugi\u00e9s et en ce qui concerne Covid, les r\u00e9percussions de l\u2019\u00e9conomisation de la sant\u00e9 publique sont devenus apparentes. Il est clair que les raisons cit\u00e9es ne suffisent pas \u00e0 tout expliquer. Mais une chose est s\u00fbre : les crises n\u2019ont pas \u00e9t\u00e9 d\u00e9clench\u00e9es par des cas de force majeure, mais ont \u00e9t\u00e9 le r\u00e9sultat d\u00e9coulant des propres mesures de politique.<\/p>\n<p>Cet \u00e9tat de faits, et c\u2019est ce qui est le plus surprenant, a \u00e9t\u00e9 reconnu par la majorit\u00e9 de la population. Surprenant, parce que la totalit\u00e9 du traitement m\u00e9diatique de ces crises ressemble \u00e0 un grand brassage dans la marmite de la mystification.<\/p>\n<p>Tous les narratifs possibles imaginables y sont propos\u00e9s, ayant tous le m\u00eame ingr\u00e9dient, c\u2019est-\u00e0-dire une grande variation de diabolisations. Une fois ce sont les Grecs paresseux et corrompus, une autre fois les m\u00e9chants Russes et leur pr\u00e9sident, et puis ces tar\u00e9s d\u2019Anglais ou les complotistes de tout bord. Rendre la politique responsable des r\u00e9sultats de l\u2019action politique, cette banale conclusion fait partie des p\u00e9ch\u00e9s mortels qui peuvent \u00eatre commis.<\/p>\n<p><strong>Le monde parall\u00e8le de la classe politique <\/strong><\/p>\n<p>Compar\u00e9 au terme cit\u00e9 au d\u00e9but de l\u2019article, il s\u2019agit dans le cas du ph\u00e9nom\u00e8ne d\u00e9crit d\u2019une tout autre cat\u00e9gorie, bien plus dangereuse. Et pour cause, il s\u2019agit de mondes parall\u00e8les qui se sont cristallis\u00e9s. Ceux dans lesquels vivent la classe politique et les m\u00e9dias, et le monde, tel que le reste de la soci\u00e9t\u00e9 le vit.<\/p>\n<p><strong>On y voit le lien entre la politique et le monde de la vie sociale <\/strong><\/p>\n<p>Seulement, et c\u2019est l\u00e0 que cela devient explosif, ce qui fait que le probl\u00e8me de la soci\u00e9t\u00e9 parall\u00e8le appara\u00eet comme une bagatelle est qu\u2019il n\u2019existe plus de langue avec laquelle cette disproportion pourrait \u00eatre communiqu\u00e9e. Bien que le vocabulaire soit le m\u00eame. Et ce sont des mondes qui s\u2019\u00e9loignent toujours davantage les uns des autres.<\/p>\n","protected":false},"excerpt":{"rendered":"<p>par Gerhard Mersmann La crise en Ukraine, la crise des r\u00e9fugi\u00e9s, Brexit, Covid, les guerres \u2026 Ces \u00e9v\u00e8nements ne sont pas tomb\u00e9s comme \u00e7a du ciel. Ils sont le r\u00e9sultat d\u2019une politique d\u00e9lib\u00e9r\u00e9ment choisie. Il fut un temps, et qui&hellip;<\/p>\n","protected":false},"author":1342,"featured_media":1714916,"comment_status":"closed","ping_status":"closed","sticky":false,"template":"","format":"standard","meta":{"footnotes":""},"categories":[54568,163,93],"tags":[2876,18460,92433,109931,22212],"class_list":["post-1714915","post","type-post","status-publish","format-standard","has-post-thumbnail","hentry","category-migrants-fr","category-opinion-fr","category-politique","tag-crises","tag-guerres","tag-langue","tag-mondes-paralleles","tag-politique"],"yoast_head":"<!-- This site is optimized with the Yoast SEO plugin v27.1.1 - https:\/\/yoast.com\/product\/yoast-seo-wordpress\/ -->\n<title>Des mondes qui s&#039;\u00e9loignent les uns des autres<\/title>\n<meta name=\"description\" content=\"par Gerhard Mersmann La crise en Ukraine, la crise des r\u00e9fugi\u00e9s, Brexit, Covid, les guerres \u2026 Ces \u00e9v\u00e8nements ne sont pas tomb\u00e9s comme \u00e7a du ciel. Ils sont\" \/>\n<meta name=\"robots\" content=\"index, follow, max-snippet:-1, max-image-preview:large, max-video-preview:-1\" \/>\n<link rel=\"canonical\" href=\"https:\/\/www.pressenza.com\/fr\/2023\/02\/des-mondes-qui-seloignent-les-uns-des-autres\/\" \/>\n<meta property=\"og:locale\" content=\"fr_FR\" \/>\n<meta property=\"og:type\" content=\"article\" \/>\n<meta property=\"og:title\" content=\"Des mondes qui s&#039;\u00e9loignent les uns des autres\" \/>\n<meta property=\"og:description\" content=\"par Gerhard Mersmann La crise en Ukraine, la crise des r\u00e9fugi\u00e9s, Brexit, Covid, les guerres \u2026 Ces \u00e9v\u00e8nements ne sont pas tomb\u00e9s comme \u00e7a du ciel. Ils sont\" \/>\n<meta property=\"og:url\" content=\"https:\/\/www.pressenza.com\/fr\/2023\/02\/des-mondes-qui-seloignent-les-uns-des-autres\/\" \/>\n<meta property=\"og:site_name\" content=\"Pressenza\" \/>\n<meta property=\"article:publisher\" content=\"https:\/\/www.facebook.com\/PressenzaItalia\" \/>\n<meta property=\"article:published_time\" content=\"2023-02-08T20:08:46+00:00\" \/>\n<meta property=\"og:image\" content=\"https:\/\/www.pressenza.com\/wp-content\/uploads\/2023\/02\/hirsch.jpg\" \/>\n\t<meta property=\"og:image:width\" content=\"1199\" \/>\n\t<meta property=\"og:image:height\" content=\"785\" \/>\n\t<meta property=\"og:image:type\" content=\"image\/jpeg\" \/>\n<meta name=\"author\" content=\"Neue Debatte\" \/>\n<meta name=\"twitter:card\" content=\"summary_large_image\" \/>\n<meta name=\"twitter:creator\" content=\"@PressenzaIPA\" \/>\n<meta name=\"twitter:site\" content=\"@PressenzaIPA\" \/>\n<meta name=\"twitter:label1\" content=\"\u00c9crit par\" \/>\n\t<meta name=\"twitter:data1\" content=\"Neue Debatte\" \/>\n\t<meta name=\"twitter:label2\" content=\"Dur\u00e9e de lecture estim\u00e9e\" \/>\n\t<meta name=\"twitter:data2\" content=\"4 minutes\" \/>\n<script type=\"application\/ld+json\" class=\"yoast-schema-graph\">{\"@context\":\"https:\/\/schema.org\",\"@graph\":[{\"@type\":\"Article\",\"@id\":\"https:\/\/www.pressenza.com\/fr\/2023\/02\/des-mondes-qui-seloignent-les-uns-des-autres\/#article\",\"isPartOf\":{\"@id\":\"https:\/\/www.pressenza.com\/fr\/2023\/02\/des-mondes-qui-seloignent-les-uns-des-autres\/\"},\"author\":{\"name\":\"Neue Debatte\",\"@id\":\"https:\/\/www.pressenza.com\/fr\/#\/schema\/person\/b816344ee166a2736c48a20c4b9ad2a9\"},\"headline\":\"Des mondes qui s&rsquo;\u00e9loignent les uns des autres\",\"datePublished\":\"2023-02-08T20:08:46+00:00\",\"mainEntityOfPage\":{\"@id\":\"https:\/\/www.pressenza.com\/fr\/2023\/02\/des-mondes-qui-seloignent-les-uns-des-autres\/\"},\"wordCount\":821,\"publisher\":{\"@id\":\"https:\/\/www.pressenza.com\/fr\/#organization\"},\"image\":{\"@id\":\"https:\/\/www.pressenza.com\/fr\/2023\/02\/des-mondes-qui-seloignent-les-uns-des-autres\/#primaryimage\"},\"thumbnailUrl\":\"https:\/\/www.pressenza.com\/wp-content\/uploads\/2023\/02\/hirsch.jpg\",\"keywords\":[\"crises\",\"Guerres\",\"langue\",\"mondes parall\u00e8les\",\"Politique\"],\"articleSection\":[\"Migrants\",\"Opinion\",\"Politique\"],\"inLanguage\":\"fr-FR\"},{\"@type\":\"WebPage\",\"@id\":\"https:\/\/www.pressenza.com\/fr\/2023\/02\/des-mondes-qui-seloignent-les-uns-des-autres\/\",\"url\":\"https:\/\/www.pressenza.com\/fr\/2023\/02\/des-mondes-qui-seloignent-les-uns-des-autres\/\",\"name\":\"Des mondes qui s'\u00e9loignent les uns des autres\",\"isPartOf\":{\"@id\":\"https:\/\/www.pressenza.com\/fr\/#website\"},\"primaryImageOfPage\":{\"@id\":\"https:\/\/www.pressenza.com\/fr\/2023\/02\/des-mondes-qui-seloignent-les-uns-des-autres\/#primaryimage\"},\"image\":{\"@id\":\"https:\/\/www.pressenza.com\/fr\/2023\/02\/des-mondes-qui-seloignent-les-uns-des-autres\/#primaryimage\"},\"thumbnailUrl\":\"https:\/\/www.pressenza.com\/wp-content\/uploads\/2023\/02\/hirsch.jpg\",\"datePublished\":\"2023-02-08T20:08:46+00:00\",\"description\":\"par Gerhard Mersmann La crise en Ukraine, la crise des r\u00e9fugi\u00e9s, Brexit, Covid, les guerres \u2026 Ces \u00e9v\u00e8nements ne sont pas tomb\u00e9s comme \u00e7a du ciel. Ils sont\",\"breadcrumb\":{\"@id\":\"https:\/\/www.pressenza.com\/fr\/2023\/02\/des-mondes-qui-seloignent-les-uns-des-autres\/#breadcrumb\"},\"inLanguage\":\"fr-FR\",\"potentialAction\":[{\"@type\":\"ReadAction\",\"target\":[\"https:\/\/www.pressenza.com\/fr\/2023\/02\/des-mondes-qui-seloignent-les-uns-des-autres\/\"]}]},{\"@type\":\"ImageObject\",\"inLanguage\":\"fr-FR\",\"@id\":\"https:\/\/www.pressenza.com\/fr\/2023\/02\/des-mondes-qui-seloignent-les-uns-des-autres\/#primaryimage\",\"url\":\"https:\/\/www.pressenza.com\/wp-content\/uploads\/2023\/02\/hirsch.jpg\",\"contentUrl\":\"https:\/\/www.pressenza.com\/wp-content\/uploads\/2023\/02\/hirsch.jpg\",\"width\":1199,\"height\":785},{\"@type\":\"BreadcrumbList\",\"@id\":\"https:\/\/www.pressenza.com\/fr\/2023\/02\/des-mondes-qui-seloignent-les-uns-des-autres\/#breadcrumb\",\"itemListElement\":[{\"@type\":\"ListItem\",\"position\":1,\"name\":\"Accueil\",\"item\":\"https:\/\/www.pressenza.com\/fr\/\"},{\"@type\":\"ListItem\",\"position\":2,\"name\":\"Des mondes qui s&rsquo;\u00e9loignent les uns des autres\"}]},{\"@type\":\"WebSite\",\"@id\":\"https:\/\/www.pressenza.com\/fr\/#website\",\"url\":\"https:\/\/www.pressenza.com\/fr\/\",\"name\":\"Pressenza\",\"description\":\"International Press Agency\",\"publisher\":{\"@id\":\"https:\/\/www.pressenza.com\/fr\/#organization\"},\"potentialAction\":[{\"@type\":\"SearchAction\",\"target\":{\"@type\":\"EntryPoint\",\"urlTemplate\":\"https:\/\/www.pressenza.com\/fr\/?s={search_term_string}\"},\"query-input\":{\"@type\":\"PropertyValueSpecification\",\"valueRequired\":true,\"valueName\":\"search_term_string\"}}],\"inLanguage\":\"fr-FR\"},{\"@type\":\"Organization\",\"@id\":\"https:\/\/www.pressenza.com\/fr\/#organization\",\"name\":\"Pressenza\",\"url\":\"https:\/\/www.pressenza.com\/fr\/\",\"logo\":{\"@type\":\"ImageObject\",\"inLanguage\":\"fr-FR\",\"@id\":\"https:\/\/www.pressenza.com\/fr\/#\/schema\/logo\/image\/\",\"url\":\"https:\/\/www.pressenza.com\/wp-content\/uploads\/2022\/10\/pressenza_logo_200x200.jpg\",\"contentUrl\":\"https:\/\/www.pressenza.com\/wp-content\/uploads\/2022\/10\/pressenza_logo_200x200.jpg\",\"width\":200,\"height\":200,\"caption\":\"Pressenza\"},\"image\":{\"@id\":\"https:\/\/www.pressenza.com\/fr\/#\/schema\/logo\/image\/\"},\"sameAs\":[\"https:\/\/www.facebook.com\/PressenzaItalia\",\"https:\/\/x.com\/PressenzaIPA\"]},{\"@type\":\"Person\",\"@id\":\"https:\/\/www.pressenza.com\/fr\/#\/schema\/person\/b816344ee166a2736c48a20c4b9ad2a9\",\"name\":\"Neue Debatte\",\"description\":\"Magazin f\u00fcr Menschen, Kultur und Gesellschaft www.neue-debatte.de\",\"url\":\"https:\/\/www.pressenza.com\/fr\/author\/neue-debatte\/\"}]}<\/script>\n<!-- \/ Yoast SEO plugin. -->","yoast_head_json":{"title":"Des mondes qui s'\u00e9loignent les uns des autres","description":"par Gerhard Mersmann La crise en Ukraine, la crise des r\u00e9fugi\u00e9s, Brexit, Covid, les guerres \u2026 Ces \u00e9v\u00e8nements ne sont pas tomb\u00e9s comme \u00e7a du ciel. Ils sont","robots":{"index":"index","follow":"follow","max-snippet":"max-snippet:-1","max-image-preview":"max-image-preview:large","max-video-preview":"max-video-preview:-1"},"canonical":"https:\/\/www.pressenza.com\/fr\/2023\/02\/des-mondes-qui-seloignent-les-uns-des-autres\/","og_locale":"fr_FR","og_type":"article","og_title":"Des mondes qui s'\u00e9loignent les uns des autres","og_description":"par Gerhard Mersmann La crise en Ukraine, la crise des r\u00e9fugi\u00e9s, Brexit, Covid, les guerres \u2026 Ces \u00e9v\u00e8nements ne sont pas tomb\u00e9s comme \u00e7a du ciel. Ils sont","og_url":"https:\/\/www.pressenza.com\/fr\/2023\/02\/des-mondes-qui-seloignent-les-uns-des-autres\/","og_site_name":"Pressenza","article_publisher":"https:\/\/www.facebook.com\/PressenzaItalia","article_published_time":"2023-02-08T20:08:46+00:00","og_image":[{"width":1199,"height":785,"url":"https:\/\/www.pressenza.com\/wp-content\/uploads\/2023\/02\/hirsch.jpg","type":"image\/jpeg"}],"author":"Neue Debatte","twitter_card":"summary_large_image","twitter_creator":"@PressenzaIPA","twitter_site":"@PressenzaIPA","twitter_misc":{"\u00c9crit par":"Neue Debatte","Dur\u00e9e de lecture estim\u00e9e":"4 minutes"},"schema":{"@context":"https:\/\/schema.org","@graph":[{"@type":"Article","@id":"https:\/\/www.pressenza.com\/fr\/2023\/02\/des-mondes-qui-seloignent-les-uns-des-autres\/#article","isPartOf":{"@id":"https:\/\/www.pressenza.com\/fr\/2023\/02\/des-mondes-qui-seloignent-les-uns-des-autres\/"},"author":{"name":"Neue Debatte","@id":"https:\/\/www.pressenza.com\/fr\/#\/schema\/person\/b816344ee166a2736c48a20c4b9ad2a9"},"headline":"Des mondes qui s&rsquo;\u00e9loignent les uns des autres","datePublished":"2023-02-08T20:08:46+00:00","mainEntityOfPage":{"@id":"https:\/\/www.pressenza.com\/fr\/2023\/02\/des-mondes-qui-seloignent-les-uns-des-autres\/"},"wordCount":821,"publisher":{"@id":"https:\/\/www.pressenza.com\/fr\/#organization"},"image":{"@id":"https:\/\/www.pressenza.com\/fr\/2023\/02\/des-mondes-qui-seloignent-les-uns-des-autres\/#primaryimage"},"thumbnailUrl":"https:\/\/www.pressenza.com\/wp-content\/uploads\/2023\/02\/hirsch.jpg","keywords":["crises","Guerres","langue","mondes parall\u00e8les","Politique"],"articleSection":["Migrants","Opinion","Politique"],"inLanguage":"fr-FR"},{"@type":"WebPage","@id":"https:\/\/www.pressenza.com\/fr\/2023\/02\/des-mondes-qui-seloignent-les-uns-des-autres\/","url":"https:\/\/www.pressenza.com\/fr\/2023\/02\/des-mondes-qui-seloignent-les-uns-des-autres\/","name":"Des mondes qui s'\u00e9loignent les uns des autres","isPartOf":{"@id":"https:\/\/www.pressenza.com\/fr\/#website"},"primaryImageOfPage":{"@id":"https:\/\/www.pressenza.com\/fr\/2023\/02\/des-mondes-qui-seloignent-les-uns-des-autres\/#primaryimage"},"image":{"@id":"https:\/\/www.pressenza.com\/fr\/2023\/02\/des-mondes-qui-seloignent-les-uns-des-autres\/#primaryimage"},"thumbnailUrl":"https:\/\/www.pressenza.com\/wp-content\/uploads\/2023\/02\/hirsch.jpg","datePublished":"2023-02-08T20:08:46+00:00","description":"par Gerhard Mersmann La crise en Ukraine, la crise des r\u00e9fugi\u00e9s, Brexit, Covid, les guerres \u2026 Ces \u00e9v\u00e8nements ne sont pas tomb\u00e9s comme \u00e7a du ciel. Ils sont","breadcrumb":{"@id":"https:\/\/www.pressenza.com\/fr\/2023\/02\/des-mondes-qui-seloignent-les-uns-des-autres\/#breadcrumb"},"inLanguage":"fr-FR","potentialAction":[{"@type":"ReadAction","target":["https:\/\/www.pressenza.com\/fr\/2023\/02\/des-mondes-qui-seloignent-les-uns-des-autres\/"]}]},{"@type":"ImageObject","inLanguage":"fr-FR","@id":"https:\/\/www.pressenza.com\/fr\/2023\/02\/des-mondes-qui-seloignent-les-uns-des-autres\/#primaryimage","url":"https:\/\/www.pressenza.com\/wp-content\/uploads\/2023\/02\/hirsch.jpg","contentUrl":"https:\/\/www.pressenza.com\/wp-content\/uploads\/2023\/02\/hirsch.jpg","width":1199,"height":785},{"@type":"BreadcrumbList","@id":"https:\/\/www.pressenza.com\/fr\/2023\/02\/des-mondes-qui-seloignent-les-uns-des-autres\/#breadcrumb","itemListElement":[{"@type":"ListItem","position":1,"name":"Accueil","item":"https:\/\/www.pressenza.com\/fr\/"},{"@type":"ListItem","position":2,"name":"Des mondes qui s&rsquo;\u00e9loignent les uns des autres"}]},{"@type":"WebSite","@id":"https:\/\/www.pressenza.com\/fr\/#website","url":"https:\/\/www.pressenza.com\/fr\/","name":"Pressenza","description":"International Press Agency","publisher":{"@id":"https:\/\/www.pressenza.com\/fr\/#organization"},"potentialAction":[{"@type":"SearchAction","target":{"@type":"EntryPoint","urlTemplate":"https:\/\/www.pressenza.com\/fr\/?s={search_term_string}"},"query-input":{"@type":"PropertyValueSpecification","valueRequired":true,"valueName":"search_term_string"}}],"inLanguage":"fr-FR"},{"@type":"Organization","@id":"https:\/\/www.pressenza.com\/fr\/#organization","name":"Pressenza","url":"https:\/\/www.pressenza.com\/fr\/","logo":{"@type":"ImageObject","inLanguage":"fr-FR","@id":"https:\/\/www.pressenza.com\/fr\/#\/schema\/logo\/image\/","url":"https:\/\/www.pressenza.com\/wp-content\/uploads\/2022\/10\/pressenza_logo_200x200.jpg","contentUrl":"https:\/\/www.pressenza.com\/wp-content\/uploads\/2022\/10\/pressenza_logo_200x200.jpg","width":200,"height":200,"caption":"Pressenza"},"image":{"@id":"https:\/\/www.pressenza.com\/fr\/#\/schema\/logo\/image\/"},"sameAs":["https:\/\/www.facebook.com\/PressenzaItalia","https:\/\/x.com\/PressenzaIPA"]},{"@type":"Person","@id":"https:\/\/www.pressenza.com\/fr\/#\/schema\/person\/b816344ee166a2736c48a20c4b9ad2a9","name":"Neue Debatte","description":"Magazin f\u00fcr Menschen, Kultur und Gesellschaft www.neue-debatte.de","url":"https:\/\/www.pressenza.com\/fr\/author\/neue-debatte\/"}]}},"place":"","original_article_url":"","_links":{"self":[{"href":"https:\/\/www.pressenza.com\/fr\/wp-json\/wp\/v2\/posts\/1714915","targetHints":{"allow":["GET"]}}],"collection":[{"href":"https:\/\/www.pressenza.com\/fr\/wp-json\/wp\/v2\/posts"}],"about":[{"href":"https:\/\/www.pressenza.com\/fr\/wp-json\/wp\/v2\/types\/post"}],"author":[{"embeddable":true,"href":"https:\/\/www.pressenza.com\/fr\/wp-json\/wp\/v2\/users\/1342"}],"replies":[{"embeddable":true,"href":"https:\/\/www.pressenza.com\/fr\/wp-json\/wp\/v2\/comments?post=1714915"}],"version-history":[{"count":0,"href":"https:\/\/www.pressenza.com\/fr\/wp-json\/wp\/v2\/posts\/1714915\/revisions"}],"wp:featuredmedia":[{"embeddable":true,"href":"https:\/\/www.pressenza.com\/fr\/wp-json\/wp\/v2\/media\/1714916"}],"wp:attachment":[{"href":"https:\/\/www.pressenza.com\/fr\/wp-json\/wp\/v2\/media?parent=1714915"}],"wp:term":[{"taxonomy":"category","embeddable":true,"href":"https:\/\/www.pressenza.com\/fr\/wp-json\/wp\/v2\/categories?post=1714915"},{"taxonomy":"post_tag","embeddable":true,"href":"https:\/\/www.pressenza.com\/fr\/wp-json\/wp\/v2\/tags?post=1714915"}],"curies":[{"name":"wp","href":"https:\/\/api.w.org\/{rel}","templated":true}]}}