{"id":1713457,"date":"2023-01-31T22:23:06","date_gmt":"2023-01-31T22:23:06","guid":{"rendered":"https:\/\/www.pressenza.com\/?p=1713457"},"modified":"2023-02-12T18:46:29","modified_gmt":"2023-02-12T18:46:29","slug":"un-producteur-ovin-de-dudswell-au-quebec-en-renfort-au-senegal-projet-jeunes-bergers","status":"publish","type":"post","link":"https:\/\/www.pressenza.com\/fr\/2023\/01\/un-producteur-ovin-de-dudswell-au-quebec-en-renfort-au-senegal-projet-jeunes-bergers\/","title":{"rendered":"Un producteur ovin de Dudswell au Qu\u00e9bec en renfort au S\u00e9n\u00e9gal : Projet Jeunes Bergers"},"content":{"rendered":"<p><span style=\"font-weight: 400;\">Le copropri\u00e9taire de la Bergerie De Los Seis \u00e0 Dudswell, Andr\u00e9 Charest, s\u2019est vu confier le mandat par l\u2019Union des producteurs agricoles \u2013 d\u00e9veloppement international (UPA DI) afin de mettre en place de la formation et des cours pour aider de jeunes s\u00e9n\u00e9galais au d\u00e9marrage et \u00e0 l\u2019\u00e9tablissement d\u2019entreprise en production ovine.<\/span><\/p>\n<p><span style=\"font-weight: 400;\">Approch\u00e9 au printemps dernier par l\u2019UPA DI, M. Charest avait comme premier objectif, dans ce projet de d\u00e9veloppement en agriculture, d\u2019observer et d\u2019apporter une vision nouvelle, un regard neuf concernant la fa\u00e7on de faire, les techniques utilis\u00e9es et la gestion d\u2019entreprise agricole, principalement \u00e0 Dakar, au S\u00e9n\u00e9gal.<\/span><\/p>\n<p><span style=\"font-weight: 400;\">Le projet Jeunes Bergers est donc un appui mis en place par Conseil National de Concertation des Ruraux (C.N.C.R) du S\u00e9n\u00e9gal, en partenariat avec UPA DI, afin d\u2019aider financi\u00e8rement 60 jeunes, sous forme de pr\u00eat. Cela leur permettra de financer le d\u00e9marrage de leur production en agriculture, principalement ovine. Les 60 candidats \u00e9taient s\u00e9lectionn\u00e9s selon diff\u00e9rents crit\u00e8res, comme l\u2019\u00e2ge, le sexe ou la possession d\u2019animaux, par exemple.<\/span><\/p>\n<p><span style=\"font-weight: 400;\">On avait besoin d\u2019une personne de r\u00e9f\u00e9rence afin de se rendre sur place et l\u2019UPA DI s\u2019est naturellement tourn\u00e9e vers Andr\u00e9 Charest, qui est producteur ovin depuis plus de 25 ans. <\/span><\/p>\n<blockquote><p><span style=\"font-weight: 400;\">\u00ab\u2009L\u2019objectif, au S\u00e9n\u00e9gal, \u00e9tait de mettre en place des cours et de la formation pour aider ces 60 jeunes-l\u00e0 \u00e0 d\u00e9velopper une meilleure expertise et une meilleure connaissance de l\u2019agriculture et de l\u2019\u00e9levage. Les moyens, les connaissances et les techniques sont diff\u00e9rents d\u2019ici. Les jeunes l\u00e0-bas n\u2019ont pratiquement pas de r\u00e9f\u00e9rences ni de sp\u00e9cialistes. Ils n\u2019ont pas n\u00e9cessairement de formation agricole structur\u00e9e. Mon mandat \u00e0 moi, c\u2019\u00e9tait \u00e7a, leur permettre d\u2019avoir la base. D\u2019avoir les moyens de bien comprendre et de bien d\u00e9marrer leurs entreprises agricoles\u2009\u00bb, d\u2019exprimer M. Charest.<\/span><\/p><\/blockquote>\n<p><span style=\"font-weight: 400;\">Parti le 19 novembre et revenu le 4 d\u00e9cembre, le producteur de Dudswell a fait la rencontre de son contact s\u00e9n\u00e9galais, form\u00e9 en am\u00e9nagement paysager, d\u00e8s son arriv\u00e9e au pays. La premi\u00e8re semaine fut presque enti\u00e8rement consacr\u00e9e \u00e0 la cr\u00e9ation de contenu pour les cours et implicitement \u00e0 la formation de celui qui servait d\u2019h\u00f4te \u00e0 Andr\u00e9 Charest et qui serait \u00e0 m\u00eame de donner les classes une fois le producteur qu\u00e9b\u00e9cois reparti. <\/span><\/p>\n<blockquote><p><span style=\"font-weight: 400;\">\u00ab\u2009\u00c0 chaque fois, je reviens \u00e0 la base. C\u2019est quoi la base d\u2019une production\u2009? C\u2019est avoir des animaux bien nourris, des animaux qui sont bien g\u00e9r\u00e9s et une bonne gestion globale de l\u2019entreprise. Ensuite, \u00e0 l\u2019int\u00e9rieur de tout \u00e7a, il faut voir comment on peut faire \u00e7a avec leurs moyens, leur structure, leur climat, etc.\u2009\u00bb , d\u2019exprimer le copropri\u00e9taire de la Bergerie De Los Seis. <\/span><\/p><\/blockquote>\n<p><span style=\"font-weight: 400;\">La 2e semaine avait \u00e9t\u00e9 organis\u00e9e pour aller \u00e0 la rencontre des gens, d\u00e9couvrir le pays et conna\u00eetre l\u2019historique de celui-ci. La visite de certaines fermes \u00e9tait aussi pr\u00e9vue \u00e0 l\u2019horaire de cette deuxi\u00e8me semaine en sol africain.<\/span><\/p>\n<p><span style=\"font-weight: 400;\">Au total, il aura pr\u00e9sent\u00e9 approximativement l\u2019\u00e9quivalent de trois fins de semaine compl\u00e8tes de formations, avec des c\u00f4t\u00e9s pratiques, directement en bergerie, et des c\u00f4t\u00e9s plus th\u00e9oriques. Une 2e phase dans le projet Jeunes Bergers est possible et M. Charest affirme qu\u2019il serait pr\u00eat, une nouvelle fois, \u00e0 appuyer ce projet de d\u00e9veloppement au S\u00e9n\u00e9gal.<\/span><\/p>\n<p>Olivier L. La Haye<\/p>\n","protected":false},"excerpt":{"rendered":"<p>Le copropri\u00e9taire de la Bergerie De Los Seis \u00e0 Dudswell, Andr\u00e9 Charest, s\u2019est vu confier le mandat par l\u2019Union des producteurs agricoles \u2013 d\u00e9veloppement international (UPA DI) afin de mettre en place de la formation et des cours pour aider&hellip;<\/p>\n","protected":false},"author":2143,"featured_media":1713458,"comment_status":"closed","ping_status":"closed","sticky":false,"template":"","format":"standard","meta":{"footnotes":""},"categories":[87,100],"tags":[109705,101682,109704],"class_list":["post-1713457","post","type-post","status-publish","format-standard","has-post-thumbnail","hentry","category-amerique-du-nord","category-economie","tag-berger-fr","tag-amecq","tag-upadi"],"yoast_head":"<!-- This site is optimized with the Yoast SEO plugin v27.1.1 - https:\/\/yoast.com\/product\/yoast-seo-wordpress\/ -->\n<title>Un producteur ovin de Dudswell au Qu\u00e9bec en renfort au S\u00e9n\u00e9gal : Projet Jeunes Bergers<\/title>\n<meta name=\"description\" content=\"Le copropri\u00e9taire de la Bergerie De Los Seis \u00e0 Dudswell, Andr\u00e9 Charest, s\u2019est vu confier le mandat par l\u2019Union des producteurs agricoles \u2013 d\u00e9veloppement\" \/>\n<meta name=\"robots\" content=\"index, follow, max-snippet:-1, max-image-preview:large, max-video-preview:-1\" \/>\n<link rel=\"canonical\" href=\"https:\/\/www.pressenza.com\/fr\/2023\/01\/un-producteur-ovin-de-dudswell-au-quebec-en-renfort-au-senegal-projet-jeunes-bergers\/\" \/>\n<meta property=\"og:locale\" content=\"fr_FR\" \/>\n<meta property=\"og:type\" content=\"article\" \/>\n<meta property=\"og:title\" content=\"Un producteur ovin de Dudswell au Qu\u00e9bec en renfort au S\u00e9n\u00e9gal : Projet Jeunes Bergers\" \/>\n<meta property=\"og:description\" content=\"Le copropri\u00e9taire de la Bergerie De Los Seis \u00e0 Dudswell, Andr\u00e9 Charest, s\u2019est vu confier le mandat par l\u2019Union des producteurs agricoles \u2013 d\u00e9veloppement\" \/>\n<meta property=\"og:url\" content=\"https:\/\/www.pressenza.com\/fr\/2023\/01\/un-producteur-ovin-de-dudswell-au-quebec-en-renfort-au-senegal-projet-jeunes-bergers\/\" \/>\n<meta property=\"og:site_name\" content=\"Pressenza\" \/>\n<meta property=\"article:publisher\" content=\"https:\/\/www.facebook.com\/PressenzaItalia\" \/>\n<meta property=\"article:published_time\" content=\"2023-01-31T22:23:06+00:00\" \/>\n<meta property=\"article:modified_time\" content=\"2023-02-12T18:46:29+00:00\" \/>\n<meta property=\"og:image\" content=\"https:\/\/www.pressenza.com\/wp-content\/uploads\/2023\/01\/Berger.jpg\" \/>\n\t<meta property=\"og:image:width\" content=\"830\" \/>\n\t<meta property=\"og:image:height\" content=\"397\" \/>\n\t<meta property=\"og:image:type\" content=\"image\/jpeg\" \/>\n<meta name=\"author\" content=\"AMECQ - Association des m\u00e9dias \u00e9crits communautaires du Qu\u00e9bec\" \/>\n<meta name=\"twitter:card\" content=\"summary_large_image\" \/>\n<meta name=\"twitter:creator\" content=\"@PressenzaIPA\" \/>\n<meta name=\"twitter:site\" content=\"@PressenzaIPA\" \/>\n<meta name=\"twitter:label1\" content=\"\u00c9crit par\" \/>\n\t<meta name=\"twitter:data1\" content=\"AMECQ - Association des m\u00e9dias \u00e9crits communautaires du Qu\u00e9bec\" \/>\n\t<meta name=\"twitter:label2\" content=\"Dur\u00e9e de lecture estim\u00e9e\" \/>\n\t<meta name=\"twitter:data2\" content=\"3 minutes\" \/>\n<script type=\"application\/ld+json\" class=\"yoast-schema-graph\">{\"@context\":\"https:\/\/schema.org\",\"@graph\":[{\"@type\":\"Article\",\"@id\":\"https:\/\/www.pressenza.com\/fr\/2023\/01\/un-producteur-ovin-de-dudswell-au-quebec-en-renfort-au-senegal-projet-jeunes-bergers\/#article\",\"isPartOf\":{\"@id\":\"https:\/\/www.pressenza.com\/fr\/2023\/01\/un-producteur-ovin-de-dudswell-au-quebec-en-renfort-au-senegal-projet-jeunes-bergers\/\"},\"author\":{\"name\":\"AMECQ - Association des m\u00e9dias \u00e9crits communautaires du Qu\u00e9bec\",\"@id\":\"https:\/\/www.pressenza.com\/fr\/#\/schema\/person\/5362584f414349fe88d3246d58d2ac3a\"},\"headline\":\"Un producteur ovin de Dudswell au Qu\u00e9bec en renfort au S\u00e9n\u00e9gal : Projet Jeunes Bergers\",\"datePublished\":\"2023-01-31T22:23:06+00:00\",\"dateModified\":\"2023-02-12T18:46:29+00:00\",\"mainEntityOfPage\":{\"@id\":\"https:\/\/www.pressenza.com\/fr\/2023\/01\/un-producteur-ovin-de-dudswell-au-quebec-en-renfort-au-senegal-projet-jeunes-bergers\/\"},\"wordCount\":620,\"publisher\":{\"@id\":\"https:\/\/www.pressenza.com\/fr\/#organization\"},\"image\":{\"@id\":\"https:\/\/www.pressenza.com\/fr\/2023\/01\/un-producteur-ovin-de-dudswell-au-quebec-en-renfort-au-senegal-projet-jeunes-bergers\/#primaryimage\"},\"thumbnailUrl\":\"https:\/\/www.pressenza.com\/wp-content\/uploads\/2023\/01\/Berger.jpg\",\"keywords\":[\"#Berger\",\"AMECQ\",\"UPADI\"],\"articleSection\":[\"Am\u00e9rique du Nord\",\"Economie\"],\"inLanguage\":\"fr-FR\"},{\"@type\":\"WebPage\",\"@id\":\"https:\/\/www.pressenza.com\/fr\/2023\/01\/un-producteur-ovin-de-dudswell-au-quebec-en-renfort-au-senegal-projet-jeunes-bergers\/\",\"url\":\"https:\/\/www.pressenza.com\/fr\/2023\/01\/un-producteur-ovin-de-dudswell-au-quebec-en-renfort-au-senegal-projet-jeunes-bergers\/\",\"name\":\"Un producteur ovin de Dudswell au Qu\u00e9bec en renfort au S\u00e9n\u00e9gal : Projet Jeunes Bergers\",\"isPartOf\":{\"@id\":\"https:\/\/www.pressenza.com\/fr\/#website\"},\"primaryImageOfPage\":{\"@id\":\"https:\/\/www.pressenza.com\/fr\/2023\/01\/un-producteur-ovin-de-dudswell-au-quebec-en-renfort-au-senegal-projet-jeunes-bergers\/#primaryimage\"},\"image\":{\"@id\":\"https:\/\/www.pressenza.com\/fr\/2023\/01\/un-producteur-ovin-de-dudswell-au-quebec-en-renfort-au-senegal-projet-jeunes-bergers\/#primaryimage\"},\"thumbnailUrl\":\"https:\/\/www.pressenza.com\/wp-content\/uploads\/2023\/01\/Berger.jpg\",\"datePublished\":\"2023-01-31T22:23:06+00:00\",\"dateModified\":\"2023-02-12T18:46:29+00:00\",\"description\":\"Le copropri\u00e9taire de la Bergerie De Los Seis \u00e0 Dudswell, Andr\u00e9 Charest, s\u2019est vu confier le mandat par l\u2019Union des producteurs agricoles \u2013 d\u00e9veloppement\",\"breadcrumb\":{\"@id\":\"https:\/\/www.pressenza.com\/fr\/2023\/01\/un-producteur-ovin-de-dudswell-au-quebec-en-renfort-au-senegal-projet-jeunes-bergers\/#breadcrumb\"},\"inLanguage\":\"fr-FR\",\"potentialAction\":[{\"@type\":\"ReadAction\",\"target\":[\"https:\/\/www.pressenza.com\/fr\/2023\/01\/un-producteur-ovin-de-dudswell-au-quebec-en-renfort-au-senegal-projet-jeunes-bergers\/\"]}]},{\"@type\":\"ImageObject\",\"inLanguage\":\"fr-FR\",\"@id\":\"https:\/\/www.pressenza.com\/fr\/2023\/01\/un-producteur-ovin-de-dudswell-au-quebec-en-renfort-au-senegal-projet-jeunes-bergers\/#primaryimage\",\"url\":\"https:\/\/www.pressenza.com\/wp-content\/uploads\/2023\/01\/Berger.jpg\",\"contentUrl\":\"https:\/\/www.pressenza.com\/wp-content\/uploads\/2023\/01\/Berger.jpg\",\"width\":830,\"height\":397,\"caption\":\"Photo cr\u00e9dit: Le Haut-Saint-Fran\u00e7ois, Cookshire-Eaton\"},{\"@type\":\"BreadcrumbList\",\"@id\":\"https:\/\/www.pressenza.com\/fr\/2023\/01\/un-producteur-ovin-de-dudswell-au-quebec-en-renfort-au-senegal-projet-jeunes-bergers\/#breadcrumb\",\"itemListElement\":[{\"@type\":\"ListItem\",\"position\":1,\"name\":\"Accueil\",\"item\":\"https:\/\/www.pressenza.com\/fr\/\"},{\"@type\":\"ListItem\",\"position\":2,\"name\":\"Un producteur ovin de Dudswell au Qu\u00e9bec en renfort au S\u00e9n\u00e9gal : Projet Jeunes Bergers\"}]},{\"@type\":\"WebSite\",\"@id\":\"https:\/\/www.pressenza.com\/fr\/#website\",\"url\":\"https:\/\/www.pressenza.com\/fr\/\",\"name\":\"Pressenza\",\"description\":\"International Press Agency\",\"publisher\":{\"@id\":\"https:\/\/www.pressenza.com\/fr\/#organization\"},\"potentialAction\":[{\"@type\":\"SearchAction\",\"target\":{\"@type\":\"EntryPoint\",\"urlTemplate\":\"https:\/\/www.pressenza.com\/fr\/?s={search_term_string}\"},\"query-input\":{\"@type\":\"PropertyValueSpecification\",\"valueRequired\":true,\"valueName\":\"search_term_string\"}}],\"inLanguage\":\"fr-FR\"},{\"@type\":\"Organization\",\"@id\":\"https:\/\/www.pressenza.com\/fr\/#organization\",\"name\":\"Pressenza\",\"url\":\"https:\/\/www.pressenza.com\/fr\/\",\"logo\":{\"@type\":\"ImageObject\",\"inLanguage\":\"fr-FR\",\"@id\":\"https:\/\/www.pressenza.com\/fr\/#\/schema\/logo\/image\/\",\"url\":\"https:\/\/www.pressenza.com\/wp-content\/uploads\/2022\/10\/pressenza_logo_200x200.jpg\",\"contentUrl\":\"https:\/\/www.pressenza.com\/wp-content\/uploads\/2022\/10\/pressenza_logo_200x200.jpg\",\"width\":200,\"height\":200,\"caption\":\"Pressenza\"},\"image\":{\"@id\":\"https:\/\/www.pressenza.com\/fr\/#\/schema\/logo\/image\/\"},\"sameAs\":[\"https:\/\/www.facebook.com\/PressenzaItalia\",\"https:\/\/x.com\/PressenzaIPA\"]},{\"@type\":\"Person\",\"@id\":\"https:\/\/www.pressenza.com\/fr\/#\/schema\/person\/5362584f414349fe88d3246d58d2ac3a\",\"name\":\"AMECQ - Association des m\u00e9dias \u00e9crits communautaires du Qu\u00e9bec\",\"description\":\"L\u2019Association des m\u00e9dias \u00e9crits communautaires du Qu\u00e9bec a pour but : de fournir des services de soutien et de formation \u00e0 ses journaux communautaires membres et de les regrouper et de les repr\u00e9senter pour que ceux-ci puissent remplir leur r\u00f4le et leur mission fondamentale. L\u2019Association participe activement au d\u00e9veloppement et au rayonnement des m\u00e9dias \u00e9crits communautaires. Les liens \u00e9troits et constants qu\u2019elle entretient avec ses membres lui assurent une connaissance dynamique du secteur et de ses besoins. L\u2019AMECQ compte 74 journaux membres.\",\"url\":\"https:\/\/www.pressenza.com\/fr\/author\/amecq\/\"}]}<\/script>\n<!-- \/ Yoast SEO plugin. -->","yoast_head_json":{"title":"Un producteur ovin de Dudswell au Qu\u00e9bec en renfort au S\u00e9n\u00e9gal : Projet Jeunes Bergers","description":"Le copropri\u00e9taire de la Bergerie De Los Seis \u00e0 Dudswell, Andr\u00e9 Charest, s\u2019est vu confier le mandat par l\u2019Union des producteurs agricoles \u2013 d\u00e9veloppement","robots":{"index":"index","follow":"follow","max-snippet":"max-snippet:-1","max-image-preview":"max-image-preview:large","max-video-preview":"max-video-preview:-1"},"canonical":"https:\/\/www.pressenza.com\/fr\/2023\/01\/un-producteur-ovin-de-dudswell-au-quebec-en-renfort-au-senegal-projet-jeunes-bergers\/","og_locale":"fr_FR","og_type":"article","og_title":"Un producteur ovin de Dudswell au Qu\u00e9bec en renfort au S\u00e9n\u00e9gal : Projet Jeunes Bergers","og_description":"Le copropri\u00e9taire de la Bergerie De Los Seis \u00e0 Dudswell, Andr\u00e9 Charest, s\u2019est vu confier le mandat par l\u2019Union des producteurs agricoles \u2013 d\u00e9veloppement","og_url":"https:\/\/www.pressenza.com\/fr\/2023\/01\/un-producteur-ovin-de-dudswell-au-quebec-en-renfort-au-senegal-projet-jeunes-bergers\/","og_site_name":"Pressenza","article_publisher":"https:\/\/www.facebook.com\/PressenzaItalia","article_published_time":"2023-01-31T22:23:06+00:00","article_modified_time":"2023-02-12T18:46:29+00:00","og_image":[{"width":830,"height":397,"url":"https:\/\/www.pressenza.com\/wp-content\/uploads\/2023\/01\/Berger.jpg","type":"image\/jpeg"}],"author":"AMECQ - Association des m\u00e9dias \u00e9crits communautaires du Qu\u00e9bec","twitter_card":"summary_large_image","twitter_creator":"@PressenzaIPA","twitter_site":"@PressenzaIPA","twitter_misc":{"\u00c9crit par":"AMECQ - Association des m\u00e9dias \u00e9crits communautaires du Qu\u00e9bec","Dur\u00e9e de lecture estim\u00e9e":"3 minutes"},"schema":{"@context":"https:\/\/schema.org","@graph":[{"@type":"Article","@id":"https:\/\/www.pressenza.com\/fr\/2023\/01\/un-producteur-ovin-de-dudswell-au-quebec-en-renfort-au-senegal-projet-jeunes-bergers\/#article","isPartOf":{"@id":"https:\/\/www.pressenza.com\/fr\/2023\/01\/un-producteur-ovin-de-dudswell-au-quebec-en-renfort-au-senegal-projet-jeunes-bergers\/"},"author":{"name":"AMECQ - Association des m\u00e9dias \u00e9crits communautaires du Qu\u00e9bec","@id":"https:\/\/www.pressenza.com\/fr\/#\/schema\/person\/5362584f414349fe88d3246d58d2ac3a"},"headline":"Un producteur ovin de Dudswell au Qu\u00e9bec en renfort au S\u00e9n\u00e9gal : Projet Jeunes Bergers","datePublished":"2023-01-31T22:23:06+00:00","dateModified":"2023-02-12T18:46:29+00:00","mainEntityOfPage":{"@id":"https:\/\/www.pressenza.com\/fr\/2023\/01\/un-producteur-ovin-de-dudswell-au-quebec-en-renfort-au-senegal-projet-jeunes-bergers\/"},"wordCount":620,"publisher":{"@id":"https:\/\/www.pressenza.com\/fr\/#organization"},"image":{"@id":"https:\/\/www.pressenza.com\/fr\/2023\/01\/un-producteur-ovin-de-dudswell-au-quebec-en-renfort-au-senegal-projet-jeunes-bergers\/#primaryimage"},"thumbnailUrl":"https:\/\/www.pressenza.com\/wp-content\/uploads\/2023\/01\/Berger.jpg","keywords":["#Berger","AMECQ","UPADI"],"articleSection":["Am\u00e9rique du Nord","Economie"],"inLanguage":"fr-FR"},{"@type":"WebPage","@id":"https:\/\/www.pressenza.com\/fr\/2023\/01\/un-producteur-ovin-de-dudswell-au-quebec-en-renfort-au-senegal-projet-jeunes-bergers\/","url":"https:\/\/www.pressenza.com\/fr\/2023\/01\/un-producteur-ovin-de-dudswell-au-quebec-en-renfort-au-senegal-projet-jeunes-bergers\/","name":"Un producteur ovin de Dudswell au Qu\u00e9bec en renfort au S\u00e9n\u00e9gal : Projet Jeunes Bergers","isPartOf":{"@id":"https:\/\/www.pressenza.com\/fr\/#website"},"primaryImageOfPage":{"@id":"https:\/\/www.pressenza.com\/fr\/2023\/01\/un-producteur-ovin-de-dudswell-au-quebec-en-renfort-au-senegal-projet-jeunes-bergers\/#primaryimage"},"image":{"@id":"https:\/\/www.pressenza.com\/fr\/2023\/01\/un-producteur-ovin-de-dudswell-au-quebec-en-renfort-au-senegal-projet-jeunes-bergers\/#primaryimage"},"thumbnailUrl":"https:\/\/www.pressenza.com\/wp-content\/uploads\/2023\/01\/Berger.jpg","datePublished":"2023-01-31T22:23:06+00:00","dateModified":"2023-02-12T18:46:29+00:00","description":"Le copropri\u00e9taire de la Bergerie De Los Seis \u00e0 Dudswell, Andr\u00e9 Charest, s\u2019est vu confier le mandat par l\u2019Union des producteurs agricoles \u2013 d\u00e9veloppement","breadcrumb":{"@id":"https:\/\/www.pressenza.com\/fr\/2023\/01\/un-producteur-ovin-de-dudswell-au-quebec-en-renfort-au-senegal-projet-jeunes-bergers\/#breadcrumb"},"inLanguage":"fr-FR","potentialAction":[{"@type":"ReadAction","target":["https:\/\/www.pressenza.com\/fr\/2023\/01\/un-producteur-ovin-de-dudswell-au-quebec-en-renfort-au-senegal-projet-jeunes-bergers\/"]}]},{"@type":"ImageObject","inLanguage":"fr-FR","@id":"https:\/\/www.pressenza.com\/fr\/2023\/01\/un-producteur-ovin-de-dudswell-au-quebec-en-renfort-au-senegal-projet-jeunes-bergers\/#primaryimage","url":"https:\/\/www.pressenza.com\/wp-content\/uploads\/2023\/01\/Berger.jpg","contentUrl":"https:\/\/www.pressenza.com\/wp-content\/uploads\/2023\/01\/Berger.jpg","width":830,"height":397,"caption":"Photo cr\u00e9dit: Le Haut-Saint-Fran\u00e7ois, Cookshire-Eaton"},{"@type":"BreadcrumbList","@id":"https:\/\/www.pressenza.com\/fr\/2023\/01\/un-producteur-ovin-de-dudswell-au-quebec-en-renfort-au-senegal-projet-jeunes-bergers\/#breadcrumb","itemListElement":[{"@type":"ListItem","position":1,"name":"Accueil","item":"https:\/\/www.pressenza.com\/fr\/"},{"@type":"ListItem","position":2,"name":"Un producteur ovin de Dudswell au Qu\u00e9bec en renfort au S\u00e9n\u00e9gal : Projet Jeunes Bergers"}]},{"@type":"WebSite","@id":"https:\/\/www.pressenza.com\/fr\/#website","url":"https:\/\/www.pressenza.com\/fr\/","name":"Pressenza","description":"International Press Agency","publisher":{"@id":"https:\/\/www.pressenza.com\/fr\/#organization"},"potentialAction":[{"@type":"SearchAction","target":{"@type":"EntryPoint","urlTemplate":"https:\/\/www.pressenza.com\/fr\/?s={search_term_string}"},"query-input":{"@type":"PropertyValueSpecification","valueRequired":true,"valueName":"search_term_string"}}],"inLanguage":"fr-FR"},{"@type":"Organization","@id":"https:\/\/www.pressenza.com\/fr\/#organization","name":"Pressenza","url":"https:\/\/www.pressenza.com\/fr\/","logo":{"@type":"ImageObject","inLanguage":"fr-FR","@id":"https:\/\/www.pressenza.com\/fr\/#\/schema\/logo\/image\/","url":"https:\/\/www.pressenza.com\/wp-content\/uploads\/2022\/10\/pressenza_logo_200x200.jpg","contentUrl":"https:\/\/www.pressenza.com\/wp-content\/uploads\/2022\/10\/pressenza_logo_200x200.jpg","width":200,"height":200,"caption":"Pressenza"},"image":{"@id":"https:\/\/www.pressenza.com\/fr\/#\/schema\/logo\/image\/"},"sameAs":["https:\/\/www.facebook.com\/PressenzaItalia","https:\/\/x.com\/PressenzaIPA"]},{"@type":"Person","@id":"https:\/\/www.pressenza.com\/fr\/#\/schema\/person\/5362584f414349fe88d3246d58d2ac3a","name":"AMECQ - Association des m\u00e9dias \u00e9crits communautaires du Qu\u00e9bec","description":"L\u2019Association des m\u00e9dias \u00e9crits communautaires du Qu\u00e9bec a pour but : de fournir des services de soutien et de formation \u00e0 ses journaux communautaires membres et de les regrouper et de les repr\u00e9senter pour que ceux-ci puissent remplir leur r\u00f4le et leur mission fondamentale. L\u2019Association participe activement au d\u00e9veloppement et au rayonnement des m\u00e9dias \u00e9crits communautaires. Les liens \u00e9troits et constants qu\u2019elle entretient avec ses membres lui assurent une connaissance dynamique du secteur et de ses besoins. L\u2019AMECQ compte 74 journaux membres.","url":"https:\/\/www.pressenza.com\/fr\/author\/amecq\/"}]}},"place":"Le Haut-Saint-Fran\u00e7ois, Cookshire-Eaton","original_article_url":"http:\/\/journalhautsaintfrancois.com\/2023\/01\/16\/un-producteur-ovin-de-dudswell-en-renfort-au-senegal-projet-jeunes-bergers\/","_links":{"self":[{"href":"https:\/\/www.pressenza.com\/fr\/wp-json\/wp\/v2\/posts\/1713457","targetHints":{"allow":["GET"]}}],"collection":[{"href":"https:\/\/www.pressenza.com\/fr\/wp-json\/wp\/v2\/posts"}],"about":[{"href":"https:\/\/www.pressenza.com\/fr\/wp-json\/wp\/v2\/types\/post"}],"author":[{"embeddable":true,"href":"https:\/\/www.pressenza.com\/fr\/wp-json\/wp\/v2\/users\/2143"}],"replies":[{"embeddable":true,"href":"https:\/\/www.pressenza.com\/fr\/wp-json\/wp\/v2\/comments?post=1713457"}],"version-history":[{"count":0,"href":"https:\/\/www.pressenza.com\/fr\/wp-json\/wp\/v2\/posts\/1713457\/revisions"}],"wp:featuredmedia":[{"embeddable":true,"href":"https:\/\/www.pressenza.com\/fr\/wp-json\/wp\/v2\/media\/1713458"}],"wp:attachment":[{"href":"https:\/\/www.pressenza.com\/fr\/wp-json\/wp\/v2\/media?parent=1713457"}],"wp:term":[{"taxonomy":"category","embeddable":true,"href":"https:\/\/www.pressenza.com\/fr\/wp-json\/wp\/v2\/categories?post=1713457"},{"taxonomy":"post_tag","embeddable":true,"href":"https:\/\/www.pressenza.com\/fr\/wp-json\/wp\/v2\/tags?post=1713457"}],"curies":[{"name":"wp","href":"https:\/\/api.w.org\/{rel}","templated":true}]}}