{"id":1711672,"date":"2023-01-23T18:44:22","date_gmt":"2023-01-23T18:44:22","guid":{"rendered":"https:\/\/www.pressenza.com\/?p=1711672"},"modified":"2023-01-23T18:44:22","modified_gmt":"2023-01-23T18:44:22","slug":"france-la-reforme-des-retraites-ou-les-voleurs-de-vie","status":"publish","type":"post","link":"https:\/\/www.pressenza.com\/fr\/2023\/01\/france-la-reforme-des-retraites-ou-les-voleurs-de-vie\/","title":{"rendered":"France : La r\u00e9forme des retraites ou les voleurs de vie !"},"content":{"rendered":"<p>Il devient de plus en plus manifeste que le syst\u00e8me \u00e9conomique impose sa violence dans tous les champs de la vie humaine et tout le long de cette vie.<\/p>\n<p>L\u2019actuelle r\u00e9forme des retraites l\u2019illustre parfaitement. Elle g\u00e9n\u00e8re beaucoup d\u2019inqui\u00e9tude, toutes g\u00e9n\u00e9rations confondues\u00a0: au regard d\u2019un march\u00e9 du travail al\u00e9atoire, les jeunes s\u2019inqui\u00e8tent pour eux-m\u00eames mais aussi pour leurs parents\u00a0qu\u2019ils voient fatigu\u00e9s de leur travail ; r\u00e9ciproquement, les parents, qui se projetaient dans une retraite prochaine, s\u2019inqui\u00e8tent en plus pour leurs enfants ; quant aux grands-parents, ils s\u2019inqui\u00e8tent pour tous.<\/p>\n<p>\u00ab\u00a0Sacrifier votre pr\u00e9sent pour un futur meilleur\u00a0\u00bb nous radote le gouvernement\u00a0depuis maintenant 40 ans !<\/p>\n<p>Mais en mati\u00e8re de futur, les gens ont plut\u00f4t le sentiment de se le faire spolier. Plus personne n\u2019est dupe des fallacieux arguments \u00e9conomiques de ces Pinocchio de la politique. D\u2019ailleurs, le pr\u00e9sident du COR (Conseil d\u2019Orientation des Retraites) vient lui-m\u00eame de pointer ce mensonge, r\u00e9affirmant que \u00ab\u00a0les d\u00e9penses de retraite sont relativement ma\u00eetris\u00e9es\u00a0; dans la plupart des hypoth\u00e8ses, elles diminuent \u00e0 terme\u00a0\u00bb.<\/p>\n<p>Et m\u00eame si ces d\u00e9penses ne devaient pas diminuer, il y aurait 1000 mani\u00e8res de trouver les recettes\u00a0!<\/p>\n<p>Car la question de fond \u2013 comme sur tous les sujets \u00e9conomiques \u2013 n\u2019est pas le d\u00e9s\u00e9quilibre des caisses de retraite mais bien celui du rapport capital-travail, par ailleurs injuste dans ses fondements. Alors que ce capital ne cesse d\u2019enfler et de se concentrer sous forme de dividendes dans les mains d\u2019une petite minorit\u00e9, seul le fruit du travail salarial (de plus en plus exsangue) fait l\u2019objet de redistribution, avec la b\u00e9n\u00e9diction des gouvernements devenus notoirement les instruments de ce capital.<\/p>\n<p>Pour nous humanistes, qui pla\u00e7ons l\u2019\u00catre humain comme valeur centrale, qui \u0153uvrons pour \u00ab\u00a0<em>sortir du champ de la n\u00e9cessit\u00e9 pour avancer vers le champ de la libert\u00e9<\/em>\u00a0\u00bb, cette question de fond &#8211; sous-jacente aux slogans et mots d\u2019ordre de syndicats et de partis &#8211; doit se convertir en une question existentielle.<\/p>\n<p>Car au-del\u00e0 de la retraite, ce d\u00e9s\u00e9quilibre prive les gens de leur l\u00e9gitime aspiration \u00e0 avoir une vie digne et un travail qui a du sens. Et m\u00eame cette retraite, derni\u00e8re \u00e9tape de la vie, il en d\u00e9figure le sens\u00a0: pour les plus nantis, elle devient un temps absurde de consommation de divertissements, de soins de sant\u00e9 avant abandon dans un Ehpad\u00a0priv\u00e9 quand les plus pauvres sont pr\u00e9cipit\u00e9s vers une mort pr\u00e9coce.<\/p>\n<p>Pourtant, hors de cette logique \u00e9conomique mortif\u00e8re, cette p\u00e9riode de la vie ne devrait-elle pas plut\u00f4t \u00eatre consacr\u00e9e \u00e0 la transmission d\u2019une exp\u00e9rience accumul\u00e9e, \u00e0 l\u2019implication sociale, \u00e0 la joie d\u2019\u00eatre entour\u00e9 et, <em>in fine<\/em>, \u00e0 celle de sentir que l\u2019on a contribu\u00e9 jusqu\u2019au bout \u00e0 l\u2019histoire contemporaine\u00a0?<\/p>\n","protected":false},"excerpt":{"rendered":"<p>Il devient de plus en plus manifeste que le syst\u00e8me \u00e9conomique impose sa violence dans tous les champs de la vie humaine et tout le long de cette vie. L\u2019actuelle r\u00e9forme des retraites l\u2019illustre parfaitement. Elle g\u00e9n\u00e8re beaucoup d\u2019inqui\u00e9tude, toutes&hellip;<\/p>\n","protected":false},"author":1131,"featured_media":1711678,"comment_status":"closed","ping_status":"closed","sticky":false,"template":"","format":"standard","meta":{"footnotes":""},"categories":[98,85,1246,93],"tags":[1034,22212,109449,24029,4476],"class_list":["post-1711672","post","type-post","status-publish","format-standard","has-post-thumbnail","hentry","category-droits-de-lhomme","category-europe-fr","category-humanisme-spiritualite","category-politique","tag-france-fr","tag-politique","tag-rapport-capital-travail","tag-reforme-des-retraites","tag-retraites"],"yoast_head":"<!-- This site is optimized with the Yoast SEO plugin v27.1.1 - https:\/\/yoast.com\/product\/yoast-seo-wordpress\/ -->\n<title>France : La r\u00e9forme des retraites ou les voleurs de vie !<\/title>\n<meta name=\"description\" content=\"Il devient de plus en plus manifeste que le syst\u00e8me \u00e9conomique impose sa violence dans tous les champs de la vie humaine et tout le long de cette vie.\" \/>\n<meta name=\"robots\" content=\"index, follow, max-snippet:-1, max-image-preview:large, max-video-preview:-1\" \/>\n<link rel=\"canonical\" href=\"https:\/\/www.pressenza.com\/fr\/2023\/01\/france-la-reforme-des-retraites-ou-les-voleurs-de-vie\/\" \/>\n<meta property=\"og:locale\" content=\"fr_FR\" \/>\n<meta property=\"og:type\" content=\"article\" \/>\n<meta property=\"og:title\" content=\"France : La r\u00e9forme des retraites ou les voleurs de vie !\" \/>\n<meta property=\"og:description\" content=\"Il devient de plus en plus manifeste que le syst\u00e8me \u00e9conomique impose sa violence dans tous les champs de la vie humaine et tout le long de cette vie.\" \/>\n<meta property=\"og:url\" content=\"https:\/\/www.pressenza.com\/fr\/2023\/01\/france-la-reforme-des-retraites-ou-les-voleurs-de-vie\/\" \/>\n<meta property=\"og:site_name\" content=\"Pressenza\" \/>\n<meta property=\"article:publisher\" content=\"https:\/\/www.facebook.com\/PressenzaItalia\" \/>\n<meta property=\"article:published_time\" content=\"2023-01-23T18:44:22+00:00\" \/>\n<meta property=\"og:image\" content=\"https:\/\/www.pressenza.com\/wp-content\/uploads\/2023\/01\/retraites1.jpg\" \/>\n\t<meta property=\"og:image:width\" content=\"820\" \/>\n\t<meta property=\"og:image:height\" content=\"546\" \/>\n\t<meta property=\"og:image:type\" content=\"image\/jpeg\" \/>\n<meta name=\"author\" content=\"Parti Humaniste France\" \/>\n<meta name=\"twitter:card\" content=\"summary_large_image\" \/>\n<meta name=\"twitter:creator\" content=\"@PressenzaIPA\" \/>\n<meta name=\"twitter:site\" content=\"@PressenzaIPA\" \/>\n<meta name=\"twitter:label1\" content=\"\u00c9crit par\" \/>\n\t<meta name=\"twitter:data1\" content=\"Parti Humaniste France\" \/>\n\t<meta name=\"twitter:label2\" content=\"Dur\u00e9e de lecture estim\u00e9e\" \/>\n\t<meta name=\"twitter:data2\" content=\"3 minutes\" \/>\n<script type=\"application\/ld+json\" class=\"yoast-schema-graph\">{\"@context\":\"https:\/\/schema.org\",\"@graph\":[{\"@type\":\"Article\",\"@id\":\"https:\/\/www.pressenza.com\/fr\/2023\/01\/france-la-reforme-des-retraites-ou-les-voleurs-de-vie\/#article\",\"isPartOf\":{\"@id\":\"https:\/\/www.pressenza.com\/fr\/2023\/01\/france-la-reforme-des-retraites-ou-les-voleurs-de-vie\/\"},\"author\":{\"name\":\"Parti Humaniste France\",\"@id\":\"https:\/\/www.pressenza.com\/fr\/#\/schema\/person\/43ae398d7a70c84b65a3b895830bde1b\"},\"headline\":\"France : La r\u00e9forme des retraites ou les voleurs de vie !\",\"datePublished\":\"2023-01-23T18:44:22+00:00\",\"mainEntityOfPage\":{\"@id\":\"https:\/\/www.pressenza.com\/fr\/2023\/01\/france-la-reforme-des-retraites-ou-les-voleurs-de-vie\/\"},\"wordCount\":508,\"publisher\":{\"@id\":\"https:\/\/www.pressenza.com\/fr\/#organization\"},\"image\":{\"@id\":\"https:\/\/www.pressenza.com\/fr\/2023\/01\/france-la-reforme-des-retraites-ou-les-voleurs-de-vie\/#primaryimage\"},\"thumbnailUrl\":\"https:\/\/www.pressenza.com\/wp-content\/uploads\/2023\/01\/retraites1.jpg\",\"keywords\":[\"France\",\"Politique\",\"rapport capital-travail\",\"r\u00e9forme des retraites\",\"retrait\u00e9s\"],\"articleSection\":[\"Droits humains\",\"Europe\",\"Humanisme et Spiritualit\u00e9\",\"Politique\"],\"inLanguage\":\"fr-FR\"},{\"@type\":\"WebPage\",\"@id\":\"https:\/\/www.pressenza.com\/fr\/2023\/01\/france-la-reforme-des-retraites-ou-les-voleurs-de-vie\/\",\"url\":\"https:\/\/www.pressenza.com\/fr\/2023\/01\/france-la-reforme-des-retraites-ou-les-voleurs-de-vie\/\",\"name\":\"France : La r\u00e9forme des retraites ou les voleurs de vie !\",\"isPartOf\":{\"@id\":\"https:\/\/www.pressenza.com\/fr\/#website\"},\"primaryImageOfPage\":{\"@id\":\"https:\/\/www.pressenza.com\/fr\/2023\/01\/france-la-reforme-des-retraites-ou-les-voleurs-de-vie\/#primaryimage\"},\"image\":{\"@id\":\"https:\/\/www.pressenza.com\/fr\/2023\/01\/france-la-reforme-des-retraites-ou-les-voleurs-de-vie\/#primaryimage\"},\"thumbnailUrl\":\"https:\/\/www.pressenza.com\/wp-content\/uploads\/2023\/01\/retraites1.jpg\",\"datePublished\":\"2023-01-23T18:44:22+00:00\",\"description\":\"Il devient de plus en plus manifeste que le syst\u00e8me \u00e9conomique impose sa violence dans tous les champs de la vie humaine et tout le long de cette vie.\",\"breadcrumb\":{\"@id\":\"https:\/\/www.pressenza.com\/fr\/2023\/01\/france-la-reforme-des-retraites-ou-les-voleurs-de-vie\/#breadcrumb\"},\"inLanguage\":\"fr-FR\",\"potentialAction\":[{\"@type\":\"ReadAction\",\"target\":[\"https:\/\/www.pressenza.com\/fr\/2023\/01\/france-la-reforme-des-retraites-ou-les-voleurs-de-vie\/\"]}]},{\"@type\":\"ImageObject\",\"inLanguage\":\"fr-FR\",\"@id\":\"https:\/\/www.pressenza.com\/fr\/2023\/01\/france-la-reforme-des-retraites-ou-les-voleurs-de-vie\/#primaryimage\",\"url\":\"https:\/\/www.pressenza.com\/wp-content\/uploads\/2023\/01\/retraites1.jpg\",\"contentUrl\":\"https:\/\/www.pressenza.com\/wp-content\/uploads\/2023\/01\/retraites1.jpg\",\"width\":820,\"height\":546},{\"@type\":\"BreadcrumbList\",\"@id\":\"https:\/\/www.pressenza.com\/fr\/2023\/01\/france-la-reforme-des-retraites-ou-les-voleurs-de-vie\/#breadcrumb\",\"itemListElement\":[{\"@type\":\"ListItem\",\"position\":1,\"name\":\"Accueil\",\"item\":\"https:\/\/www.pressenza.com\/fr\/\"},{\"@type\":\"ListItem\",\"position\":2,\"name\":\"France : La r\u00e9forme des retraites ou les voleurs de vie !\"}]},{\"@type\":\"WebSite\",\"@id\":\"https:\/\/www.pressenza.com\/fr\/#website\",\"url\":\"https:\/\/www.pressenza.com\/fr\/\",\"name\":\"Pressenza\",\"description\":\"International Press Agency\",\"publisher\":{\"@id\":\"https:\/\/www.pressenza.com\/fr\/#organization\"},\"potentialAction\":[{\"@type\":\"SearchAction\",\"target\":{\"@type\":\"EntryPoint\",\"urlTemplate\":\"https:\/\/www.pressenza.com\/fr\/?s={search_term_string}\"},\"query-input\":{\"@type\":\"PropertyValueSpecification\",\"valueRequired\":true,\"valueName\":\"search_term_string\"}}],\"inLanguage\":\"fr-FR\"},{\"@type\":\"Organization\",\"@id\":\"https:\/\/www.pressenza.com\/fr\/#organization\",\"name\":\"Pressenza\",\"url\":\"https:\/\/www.pressenza.com\/fr\/\",\"logo\":{\"@type\":\"ImageObject\",\"inLanguage\":\"fr-FR\",\"@id\":\"https:\/\/www.pressenza.com\/fr\/#\/schema\/logo\/image\/\",\"url\":\"https:\/\/www.pressenza.com\/wp-content\/uploads\/2022\/10\/pressenza_logo_200x200.jpg\",\"contentUrl\":\"https:\/\/www.pressenza.com\/wp-content\/uploads\/2022\/10\/pressenza_logo_200x200.jpg\",\"width\":200,\"height\":200,\"caption\":\"Pressenza\"},\"image\":{\"@id\":\"https:\/\/www.pressenza.com\/fr\/#\/schema\/logo\/image\/\"},\"sameAs\":[\"https:\/\/www.facebook.com\/PressenzaItalia\",\"https:\/\/x.com\/PressenzaIPA\"]},{\"@type\":\"Person\",\"@id\":\"https:\/\/www.pressenza.com\/fr\/#\/schema\/person\/43ae398d7a70c84b65a3b895830bde1b\",\"name\":\"Parti Humaniste France\",\"description\":\"Cr\u00e9\u00e9 en 1984 simultan\u00e9ment dans de nombreux de pays, le Parti Humaniste est l'expression politique d'un nouveau courant de pens\u00e9e : le nouvel humanisme ou humanisme universaliste\",\"sameAs\":[\"https:\/\/www.parti-humaniste-france.org\/presentation\/index.html\"],\"url\":\"https:\/\/www.pressenza.com\/fr\/author\/parti-humaniste-france\/\"}]}<\/script>\n<!-- \/ Yoast SEO plugin. -->","yoast_head_json":{"title":"France : La r\u00e9forme des retraites ou les voleurs de vie !","description":"Il devient de plus en plus manifeste que le syst\u00e8me \u00e9conomique impose sa violence dans tous les champs de la vie humaine et tout le long de cette vie.","robots":{"index":"index","follow":"follow","max-snippet":"max-snippet:-1","max-image-preview":"max-image-preview:large","max-video-preview":"max-video-preview:-1"},"canonical":"https:\/\/www.pressenza.com\/fr\/2023\/01\/france-la-reforme-des-retraites-ou-les-voleurs-de-vie\/","og_locale":"fr_FR","og_type":"article","og_title":"France : La r\u00e9forme des retraites ou les voleurs de vie !","og_description":"Il devient de plus en plus manifeste que le syst\u00e8me \u00e9conomique impose sa violence dans tous les champs de la vie humaine et tout le long de cette vie.","og_url":"https:\/\/www.pressenza.com\/fr\/2023\/01\/france-la-reforme-des-retraites-ou-les-voleurs-de-vie\/","og_site_name":"Pressenza","article_publisher":"https:\/\/www.facebook.com\/PressenzaItalia","article_published_time":"2023-01-23T18:44:22+00:00","og_image":[{"width":820,"height":546,"url":"https:\/\/www.pressenza.com\/wp-content\/uploads\/2023\/01\/retraites1.jpg","type":"image\/jpeg"}],"author":"Parti Humaniste France","twitter_card":"summary_large_image","twitter_creator":"@PressenzaIPA","twitter_site":"@PressenzaIPA","twitter_misc":{"\u00c9crit par":"Parti Humaniste France","Dur\u00e9e de lecture estim\u00e9e":"3 minutes"},"schema":{"@context":"https:\/\/schema.org","@graph":[{"@type":"Article","@id":"https:\/\/www.pressenza.com\/fr\/2023\/01\/france-la-reforme-des-retraites-ou-les-voleurs-de-vie\/#article","isPartOf":{"@id":"https:\/\/www.pressenza.com\/fr\/2023\/01\/france-la-reforme-des-retraites-ou-les-voleurs-de-vie\/"},"author":{"name":"Parti Humaniste France","@id":"https:\/\/www.pressenza.com\/fr\/#\/schema\/person\/43ae398d7a70c84b65a3b895830bde1b"},"headline":"France : La r\u00e9forme des retraites ou les voleurs de vie !","datePublished":"2023-01-23T18:44:22+00:00","mainEntityOfPage":{"@id":"https:\/\/www.pressenza.com\/fr\/2023\/01\/france-la-reforme-des-retraites-ou-les-voleurs-de-vie\/"},"wordCount":508,"publisher":{"@id":"https:\/\/www.pressenza.com\/fr\/#organization"},"image":{"@id":"https:\/\/www.pressenza.com\/fr\/2023\/01\/france-la-reforme-des-retraites-ou-les-voleurs-de-vie\/#primaryimage"},"thumbnailUrl":"https:\/\/www.pressenza.com\/wp-content\/uploads\/2023\/01\/retraites1.jpg","keywords":["France","Politique","rapport capital-travail","r\u00e9forme des retraites","retrait\u00e9s"],"articleSection":["Droits humains","Europe","Humanisme et Spiritualit\u00e9","Politique"],"inLanguage":"fr-FR"},{"@type":"WebPage","@id":"https:\/\/www.pressenza.com\/fr\/2023\/01\/france-la-reforme-des-retraites-ou-les-voleurs-de-vie\/","url":"https:\/\/www.pressenza.com\/fr\/2023\/01\/france-la-reforme-des-retraites-ou-les-voleurs-de-vie\/","name":"France : La r\u00e9forme des retraites ou les voleurs de vie !","isPartOf":{"@id":"https:\/\/www.pressenza.com\/fr\/#website"},"primaryImageOfPage":{"@id":"https:\/\/www.pressenza.com\/fr\/2023\/01\/france-la-reforme-des-retraites-ou-les-voleurs-de-vie\/#primaryimage"},"image":{"@id":"https:\/\/www.pressenza.com\/fr\/2023\/01\/france-la-reforme-des-retraites-ou-les-voleurs-de-vie\/#primaryimage"},"thumbnailUrl":"https:\/\/www.pressenza.com\/wp-content\/uploads\/2023\/01\/retraites1.jpg","datePublished":"2023-01-23T18:44:22+00:00","description":"Il devient de plus en plus manifeste que le syst\u00e8me \u00e9conomique impose sa violence dans tous les champs de la vie humaine et tout le long de cette vie.","breadcrumb":{"@id":"https:\/\/www.pressenza.com\/fr\/2023\/01\/france-la-reforme-des-retraites-ou-les-voleurs-de-vie\/#breadcrumb"},"inLanguage":"fr-FR","potentialAction":[{"@type":"ReadAction","target":["https:\/\/www.pressenza.com\/fr\/2023\/01\/france-la-reforme-des-retraites-ou-les-voleurs-de-vie\/"]}]},{"@type":"ImageObject","inLanguage":"fr-FR","@id":"https:\/\/www.pressenza.com\/fr\/2023\/01\/france-la-reforme-des-retraites-ou-les-voleurs-de-vie\/#primaryimage","url":"https:\/\/www.pressenza.com\/wp-content\/uploads\/2023\/01\/retraites1.jpg","contentUrl":"https:\/\/www.pressenza.com\/wp-content\/uploads\/2023\/01\/retraites1.jpg","width":820,"height":546},{"@type":"BreadcrumbList","@id":"https:\/\/www.pressenza.com\/fr\/2023\/01\/france-la-reforme-des-retraites-ou-les-voleurs-de-vie\/#breadcrumb","itemListElement":[{"@type":"ListItem","position":1,"name":"Accueil","item":"https:\/\/www.pressenza.com\/fr\/"},{"@type":"ListItem","position":2,"name":"France : La r\u00e9forme des retraites ou les voleurs de vie !"}]},{"@type":"WebSite","@id":"https:\/\/www.pressenza.com\/fr\/#website","url":"https:\/\/www.pressenza.com\/fr\/","name":"Pressenza","description":"International Press Agency","publisher":{"@id":"https:\/\/www.pressenza.com\/fr\/#organization"},"potentialAction":[{"@type":"SearchAction","target":{"@type":"EntryPoint","urlTemplate":"https:\/\/www.pressenza.com\/fr\/?s={search_term_string}"},"query-input":{"@type":"PropertyValueSpecification","valueRequired":true,"valueName":"search_term_string"}}],"inLanguage":"fr-FR"},{"@type":"Organization","@id":"https:\/\/www.pressenza.com\/fr\/#organization","name":"Pressenza","url":"https:\/\/www.pressenza.com\/fr\/","logo":{"@type":"ImageObject","inLanguage":"fr-FR","@id":"https:\/\/www.pressenza.com\/fr\/#\/schema\/logo\/image\/","url":"https:\/\/www.pressenza.com\/wp-content\/uploads\/2022\/10\/pressenza_logo_200x200.jpg","contentUrl":"https:\/\/www.pressenza.com\/wp-content\/uploads\/2022\/10\/pressenza_logo_200x200.jpg","width":200,"height":200,"caption":"Pressenza"},"image":{"@id":"https:\/\/www.pressenza.com\/fr\/#\/schema\/logo\/image\/"},"sameAs":["https:\/\/www.facebook.com\/PressenzaItalia","https:\/\/x.com\/PressenzaIPA"]},{"@type":"Person","@id":"https:\/\/www.pressenza.com\/fr\/#\/schema\/person\/43ae398d7a70c84b65a3b895830bde1b","name":"Parti Humaniste France","description":"Cr\u00e9\u00e9 en 1984 simultan\u00e9ment dans de nombreux de pays, le Parti Humaniste est l'expression politique d'un nouveau courant de pens\u00e9e : le nouvel humanisme ou humanisme universaliste","sameAs":["https:\/\/www.parti-humaniste-france.org\/presentation\/index.html"],"url":"https:\/\/www.pressenza.com\/fr\/author\/parti-humaniste-france\/"}]}},"place":"France","original_article_url":"http:\/\/partihumaniste.canalblog.com\/archives\/2023\/01\/22\/39788496.html","_links":{"self":[{"href":"https:\/\/www.pressenza.com\/fr\/wp-json\/wp\/v2\/posts\/1711672","targetHints":{"allow":["GET"]}}],"collection":[{"href":"https:\/\/www.pressenza.com\/fr\/wp-json\/wp\/v2\/posts"}],"about":[{"href":"https:\/\/www.pressenza.com\/fr\/wp-json\/wp\/v2\/types\/post"}],"author":[{"embeddable":true,"href":"https:\/\/www.pressenza.com\/fr\/wp-json\/wp\/v2\/users\/1131"}],"replies":[{"embeddable":true,"href":"https:\/\/www.pressenza.com\/fr\/wp-json\/wp\/v2\/comments?post=1711672"}],"version-history":[{"count":0,"href":"https:\/\/www.pressenza.com\/fr\/wp-json\/wp\/v2\/posts\/1711672\/revisions"}],"wp:featuredmedia":[{"embeddable":true,"href":"https:\/\/www.pressenza.com\/fr\/wp-json\/wp\/v2\/media\/1711678"}],"wp:attachment":[{"href":"https:\/\/www.pressenza.com\/fr\/wp-json\/wp\/v2\/media?parent=1711672"}],"wp:term":[{"taxonomy":"category","embeddable":true,"href":"https:\/\/www.pressenza.com\/fr\/wp-json\/wp\/v2\/categories?post=1711672"},{"taxonomy":"post_tag","embeddable":true,"href":"https:\/\/www.pressenza.com\/fr\/wp-json\/wp\/v2\/tags?post=1711672"}],"curies":[{"name":"wp","href":"https:\/\/api.w.org\/{rel}","templated":true}]}}