{"id":1711080,"date":"2023-01-21T17:08:08","date_gmt":"2023-01-21T17:08:08","guid":{"rendered":"https:\/\/www.pressenza.com\/?p=1711080"},"modified":"2023-01-21T20:12:47","modified_gmt":"2023-01-21T20:12:47","slug":"un-jugement-qui-fera-date-sur-la-catastrophe-en-mer-de-2013-les-responsables-de-la-mort-de-268-personnes-en-quete-de-protection-sont-les-garde-cotes-et-la-marine-italiennes","status":"publish","type":"post","link":"https:\/\/www.pressenza.com\/fr\/2023\/01\/un-jugement-qui-fera-date-sur-la-catastrophe-en-mer-de-2013-les-responsables-de-la-mort-de-268-personnes-en-quete-de-protection-sont-les-garde-cotes-et-la-marine-italiennes\/","title":{"rendered":"Un jugement sur la catastrophe en mer de 2013 qui fera date : les responsables de la mort de 268 personnes en qu\u00eate de protection sont les garde-c\u00f4tes et la Marine italiens"},"content":{"rendered":"<p><strong>C\u2019est avec des sentiments mitig\u00e9s que les trois organisations de d\u00e9fense des droits de l\u2019homme, PRO ASYL, borderline-europe et WatchTheMed\/Alarm Phone, ont r\u00e9agi au jugement rendu en Italie sur le naufrage qui a eu lieu en 2013 devant Lampedusa. En effet, si la Cour de justice de Rome a jug\u00e9 que les garde-c\u00f4tes et la marine <\/strong><strong>italienne<\/strong><strong> sont rendus coupables d\u2019omission volontaire de sauvetage et qu\u2019ils sont responsables de la mort de 268 r\u00e9fugi\u00e9s, les deux accus\u00e9s, le capitaine Leopoldo Manna et le capitaine de fr\u00e9gate Luca Licciardi, ont uniquement \u00e9chapp\u00e9 \u00e0 une condamnation parce que le cas est prescrit.<\/strong><\/p>\n<p>Il s\u2019agit dor\u00e9navant de v\u00e9rifier si l\u2019\u00c9tat italien, dans le cadre d\u2019une proc\u00e9dure civile, peut \u00eatre passible d\u2019indemnisation des victimes.<\/p>\n<p>PRO ASYL, borderline-europe et WatchTheMed\/Alarm Phone estiment le jugement du 16 d\u00e9cembre 2022 ainsi\u00a0: \u00ab\u00a0Les appels de d\u00e9tresse en mer doivent \u00eatre pris au s\u00e9rieux et d\u00e9clencher imm\u00e9diatement des op\u00e9rations de sauvetage. C\u2019est le message central de ce proc\u00e8s, qui s\u2019adresse non seulement aux garde-c\u00f4tes italiens, mais aussi \u00e0 toutes les gardes c\u00f4ti\u00e8res et forces d\u2019intervention en M\u00e9diterran\u00e9e\u00a0\u00bb. Des personnes en d\u00e9tresse en mer doivent toujours \u00eatre sauv\u00e9es de la noyade\u00a0!<\/p>\n<p>\u00ab\u00a0Il aura fallu plus de neuf ans pour que soit rendu un jugement dans ce cas de non-assistance \u00e0 personne en danger ayant provoqu\u00e9 la mort. Les responsables accus\u00e9s n\u2019ont pas pu \u00eatre tenus responsables en raison de la prescription. Pour les parents des victimes, c\u2019est une exp\u00e9rience am\u00e8re\u00a0\u00bb, affirment les trois organisations.<\/p>\n<p><strong>Left to die\u00a0: le refus d\u2019assistance a co\u00fbt\u00e9 la vie \u00e0 268 personnes <\/strong><\/p>\n<p>Le contexte : huit jours apr\u00e8s la trag\u00e9die plus connue du bateau au large de Lampedusa le 3 octobre 2013, 268 r\u00e9fugi\u00e9s, dont 60 enfants, se sont noy\u00e9s dans un autre accident au large de l&rsquo;\u00eele italienne : le 11 octobre 2013, un bateau transportant plus de 400 boat people syriens et palestiniens en provenance de Libye s&rsquo;est retrouv\u00e9 en d\u00e9tresse imminente en mer. L&#8217;embarcation avait auparavant \u00e9t\u00e9 poursuivie par une vedette libyenne qui lui avait tir\u00e9 dessus.<\/p>\n<p>Pendant plus de cinq heures, les personnes \u00e0 bord du bateau ont envoy\u00e9 par t\u00e9l\u00e9phone satellite des appels de d\u00e9tresse d\u00e9sesp\u00e9r\u00e9s aux garde-c\u00f4tes italiens et maltais. Le centre op\u00e9rationnel de sauvetage en mer italien a volontairement omis d\u2019envoyer sur le lieu de l\u2019accident un navire de la marine italienne, localis\u00e9 \u00e0 peine \u00e0 17 miles marins.<\/p>\n<p>Si les autorit\u00e9s italiennes avaient imm\u00e9diatement d\u00e9clench\u00e9 les op\u00e9rations de sauvetage en mer, tout le monde aurait pu \u00eatre sauv\u00e9 : c\u2019est \u00e9galement la conclusion du journaliste italien Fabrizio Gatti qui, par ses recherches, avait lanc\u00e9 les enqu\u00eates et le proc\u00e8s qui dure depuis des ann\u00e9es. Le jugement du 16 d\u00e9cembre 2022 souligne que le naufrage aurait pu \u00eatre \u00e9vit\u00e9 si les responsables avaient fait leur devoir et avaient agi selon le droit international.<\/p>\n<p><strong>Cinq heures durant, les naufrag\u00e9s n\u2019ont obtenu aucune ai<\/strong><\/p>\n<p>Les juges ont \u00e9tay\u00e9 leur jugement et reconstruit le d\u00e9roulement du naufrage trait\u00e9 tr\u00e8s en d\u00e9tail, et ce sur 87 pages. La pr\u00e9sidente du Second Tribunal correctionnel, Anna Maria Pazienza, et les juges Maria Concetta Giannitti et Chiara Bocola ont conclu que la Marine et les garde-c\u00f4tes italiens s\u2019\u00e9taient volontairement rendus coupable d\u2019omission de sauvetage. Leur d\u00e9cision de ne pas intervenir a conduit au nombre \u00e9lev\u00e9 de morts, femmes, hommes et enfants.<\/p>\n<p>\u00ab Nos mandants, qui ont vu se noyer leurs parents et leurs enfants durant les cinq heures pendant lesquelles ils ont vainement attendu les sauveteurs, n\u2019ont cess\u00e9 de nous demander de veiller \u00e0 ce que cela ne se r\u00e9p\u00e8te pas. C\u2019est la raison pour laquelle ils ont pris sur eux les affres de ce long proc\u00e8s \u00bb, d\u00e9clarent apr\u00e8s le proc\u00e8s les avocats des survivants qui se sont constitu\u00e9s partie civile.<\/p>\n<p><strong>La vie humaine en mer doit toujours \u00eatre sauv\u00e9e<br \/>\n<\/strong><br \/>\nIls ont rajout\u00e9\u00a0: \u00ab\u00a0Aujourd\u2019hui, nous pouvons esp\u00e9rer que ce jugement rappellera \u00e0 tous les obligations constitutionnelles et de droit international public qui incombent aux intervenants du sauvetage en mer. Le jugement de la Cour de justice de Rome n\u2019est pas uniquement tourn\u00e9 vers le pass\u00e9, mais aussi vers le pr\u00e9sent et l\u2019avenir\u00a0: la vie humaine en mer doit toujours \u00eatre sauv\u00e9e et aucun ordre ne peut passer outre \u00e0 cette obligation.\u00a0\u00bb<\/p>\n<p>Pour l\u2019Italie en particulier : le nouveau gouvernement sous Giorgia Meloni devrait \u00e9tudier en d\u00e9tail de jugement et reconna\u00eetre sans conditions sa responsabilit\u00e9 dans le sauvetage en mer. \u00ab Car nous devons actuellement constater comment le ministres de l\u2019Int\u00e9rieur en fonction, Matteo Piantedosi, et le ministre de l\u2019Infrastructure, Matteo Salvini, tentent de nouveau, par tous les moyens, de rendre plus difficile le sauvetage en mer civil\u00a0 et s\u2019accommodent ainsi du nombre accru de victimes \u00bb, selon les trois organisations PRO ASYL, borderline-europe et WatchTheMed\/Alarm Phone.<\/p>\n<p>&nbsp;<\/p>\n<p><em>Traduit de l&rsquo;allemand par Laurence Wuillemin, Munich<\/em><\/p>\n<p>&nbsp;<\/p>\n","protected":false},"excerpt":{"rendered":"<p>C\u2019est avec des sentiments mitig\u00e9s que les trois organisations de d\u00e9fense des droits de l\u2019homme, PRO ASYL, borderline-europe et WatchTheMed\/Alarm Phone, ont r\u00e9agi au jugement rendu en Italie sur le naufrage qui a eu lieu en 2013 devant Lampedusa. En&hellip;<\/p>\n","protected":false},"author":1411,"featured_media":1711139,"comment_status":"closed","ping_status":"closed","sticky":false,"template":"","format":"standard","meta":{"footnotes":""},"categories":[151,98,54568,93],"tags":[109368,7201,5762,109369,53861],"class_list":["post-1711080","post","type-post","status-publish","format-standard","has-post-thumbnail","hentry","category-communique-de-presse","category-droits-de-lhomme","category-migrants-fr","category-politique","tag-jugement","tag-lampedusa-fr","tag-migration","tag-naufrage","tag-sauvetage-en-mer"],"yoast_head":"<!-- This site is optimized with the Yoast SEO plugin v27.1.1 - https:\/\/yoast.com\/product\/yoast-seo-wordpress\/ -->\n<title>Un jugement sur la catastrophe en mer de 2013 qui fera date : les responsables de la mort de 268 personnes en qu\u00eate de protection sont les garde-c\u00f4tes et la Marine italiens<\/title>\n<meta name=\"description\" content=\"C\u2019est avec des sentiments mitig\u00e9s que les trois organisations de d\u00e9fense des droits de l\u2019homme, PRO ASYL, borderline-europe et WatchTheMed\/Alarm Phone,\" \/>\n<meta name=\"robots\" content=\"index, follow, max-snippet:-1, max-image-preview:large, max-video-preview:-1\" \/>\n<link rel=\"canonical\" href=\"https:\/\/www.pressenza.com\/fr\/2023\/01\/un-jugement-qui-fera-date-sur-la-catastrophe-en-mer-de-2013-les-responsables-de-la-mort-de-268-personnes-en-quete-de-protection-sont-les-garde-cotes-et-la-marine-italiennes\/\" \/>\n<meta property=\"og:locale\" content=\"fr_FR\" \/>\n<meta property=\"og:type\" content=\"article\" \/>\n<meta property=\"og:title\" content=\"Un jugement sur la catastrophe en mer de 2013 qui fera date : les responsables de la mort de 268 personnes en qu\u00eate de protection sont les garde-c\u00f4tes et la Marine italiens\" \/>\n<meta property=\"og:description\" content=\"C\u2019est avec des sentiments mitig\u00e9s que les trois organisations de d\u00e9fense des droits de l\u2019homme, PRO ASYL, borderline-europe et WatchTheMed\/Alarm Phone,\" \/>\n<meta property=\"og:url\" content=\"https:\/\/www.pressenza.com\/fr\/2023\/01\/un-jugement-qui-fera-date-sur-la-catastrophe-en-mer-de-2013-les-responsables-de-la-mort-de-268-personnes-en-quete-de-protection-sont-les-garde-cotes-et-la-marine-italiennes\/\" \/>\n<meta property=\"og:site_name\" content=\"Pressenza\" \/>\n<meta property=\"article:publisher\" content=\"https:\/\/www.facebook.com\/PressenzaItalia\" \/>\n<meta property=\"article:published_time\" content=\"2023-01-21T17:08:08+00:00\" \/>\n<meta property=\"article:modified_time\" content=\"2023-01-21T20:12:47+00:00\" \/>\n<meta property=\"og:image\" content=\"https:\/\/www.pressenza.com\/wp-content\/uploads\/2023\/01\/06DF2157-3ABC-44AD-A3C3-D9191CFD5134.jpeg\" \/>\n\t<meta property=\"og:image:width\" content=\"1920\" \/>\n\t<meta property=\"og:image:height\" content=\"1278\" \/>\n\t<meta property=\"og:image:type\" content=\"image\/jpeg\" \/>\n<meta name=\"author\" content=\"Pro Asyl\" \/>\n<meta name=\"twitter:card\" content=\"summary_large_image\" \/>\n<meta name=\"twitter:creator\" content=\"@PressenzaIPA\" \/>\n<meta name=\"twitter:site\" content=\"@PressenzaIPA\" \/>\n<meta name=\"twitter:label1\" content=\"\u00c9crit par\" \/>\n\t<meta name=\"twitter:data1\" content=\"Pro Asyl\" \/>\n\t<meta name=\"twitter:label2\" content=\"Dur\u00e9e de lecture estim\u00e9e\" \/>\n\t<meta name=\"twitter:data2\" content=\"5 minutes\" \/>\n<script type=\"application\/ld+json\" class=\"yoast-schema-graph\">{\"@context\":\"https:\/\/schema.org\",\"@graph\":[{\"@type\":\"Article\",\"@id\":\"https:\/\/www.pressenza.com\/fr\/2023\/01\/un-jugement-qui-fera-date-sur-la-catastrophe-en-mer-de-2013-les-responsables-de-la-mort-de-268-personnes-en-quete-de-protection-sont-les-garde-cotes-et-la-marine-italiennes\/#article\",\"isPartOf\":{\"@id\":\"https:\/\/www.pressenza.com\/fr\/2023\/01\/un-jugement-qui-fera-date-sur-la-catastrophe-en-mer-de-2013-les-responsables-de-la-mort-de-268-personnes-en-quete-de-protection-sont-les-garde-cotes-et-la-marine-italiennes\/\"},\"author\":{\"name\":\"Pro Asyl\",\"@id\":\"https:\/\/www.pressenza.com\/fr\/#\/schema\/person\/2a2e2e83a39e4cf3cf67ecb1e0760b14\"},\"headline\":\"Un jugement sur la catastrophe en mer de 2013 qui fera date : les responsables de la mort de 268 personnes en qu\u00eate de protection sont les garde-c\u00f4tes et la Marine italiens\",\"datePublished\":\"2023-01-21T17:08:08+00:00\",\"dateModified\":\"2023-01-21T20:12:47+00:00\",\"mainEntityOfPage\":{\"@id\":\"https:\/\/www.pressenza.com\/fr\/2023\/01\/un-jugement-qui-fera-date-sur-la-catastrophe-en-mer-de-2013-les-responsables-de-la-mort-de-268-personnes-en-quete-de-protection-sont-les-garde-cotes-et-la-marine-italiennes\/\"},\"wordCount\":896,\"publisher\":{\"@id\":\"https:\/\/www.pressenza.com\/fr\/#organization\"},\"image\":{\"@id\":\"https:\/\/www.pressenza.com\/fr\/2023\/01\/un-jugement-qui-fera-date-sur-la-catastrophe-en-mer-de-2013-les-responsables-de-la-mort-de-268-personnes-en-quete-de-protection-sont-les-garde-cotes-et-la-marine-italiennes\/#primaryimage\"},\"thumbnailUrl\":\"https:\/\/www.pressenza.com\/wp-content\/uploads\/2023\/01\/06DF2157-3ABC-44AD-A3C3-D9191CFD5134.jpeg\",\"keywords\":[\"jugement\",\"Lampedusa\",\"migration\",\"naufrage\",\"sauvetage en mer\"],\"articleSection\":[\"Communiqu\u00e9s de Presse\",\"Droits humains\",\"Migrants\",\"Politique\"],\"inLanguage\":\"fr-FR\"},{\"@type\":\"WebPage\",\"@id\":\"https:\/\/www.pressenza.com\/fr\/2023\/01\/un-jugement-qui-fera-date-sur-la-catastrophe-en-mer-de-2013-les-responsables-de-la-mort-de-268-personnes-en-quete-de-protection-sont-les-garde-cotes-et-la-marine-italiennes\/\",\"url\":\"https:\/\/www.pressenza.com\/fr\/2023\/01\/un-jugement-qui-fera-date-sur-la-catastrophe-en-mer-de-2013-les-responsables-de-la-mort-de-268-personnes-en-quete-de-protection-sont-les-garde-cotes-et-la-marine-italiennes\/\",\"name\":\"Un jugement sur la catastrophe en mer de 2013 qui fera date : les responsables de la mort de 268 personnes en qu\u00eate de protection sont les garde-c\u00f4tes et la Marine italiens\",\"isPartOf\":{\"@id\":\"https:\/\/www.pressenza.com\/fr\/#website\"},\"primaryImageOfPage\":{\"@id\":\"https:\/\/www.pressenza.com\/fr\/2023\/01\/un-jugement-qui-fera-date-sur-la-catastrophe-en-mer-de-2013-les-responsables-de-la-mort-de-268-personnes-en-quete-de-protection-sont-les-garde-cotes-et-la-marine-italiennes\/#primaryimage\"},\"image\":{\"@id\":\"https:\/\/www.pressenza.com\/fr\/2023\/01\/un-jugement-qui-fera-date-sur-la-catastrophe-en-mer-de-2013-les-responsables-de-la-mort-de-268-personnes-en-quete-de-protection-sont-les-garde-cotes-et-la-marine-italiennes\/#primaryimage\"},\"thumbnailUrl\":\"https:\/\/www.pressenza.com\/wp-content\/uploads\/2023\/01\/06DF2157-3ABC-44AD-A3C3-D9191CFD5134.jpeg\",\"datePublished\":\"2023-01-21T17:08:08+00:00\",\"dateModified\":\"2023-01-21T20:12:47+00:00\",\"description\":\"C\u2019est avec des sentiments mitig\u00e9s que les trois organisations de d\u00e9fense des droits de l\u2019homme, PRO ASYL, borderline-europe et WatchTheMed\/Alarm Phone,\",\"breadcrumb\":{\"@id\":\"https:\/\/www.pressenza.com\/fr\/2023\/01\/un-jugement-qui-fera-date-sur-la-catastrophe-en-mer-de-2013-les-responsables-de-la-mort-de-268-personnes-en-quete-de-protection-sont-les-garde-cotes-et-la-marine-italiennes\/#breadcrumb\"},\"inLanguage\":\"fr-FR\",\"potentialAction\":[{\"@type\":\"ReadAction\",\"target\":[\"https:\/\/www.pressenza.com\/fr\/2023\/01\/un-jugement-qui-fera-date-sur-la-catastrophe-en-mer-de-2013-les-responsables-de-la-mort-de-268-personnes-en-quete-de-protection-sont-les-garde-cotes-et-la-marine-italiennes\/\"]}]},{\"@type\":\"ImageObject\",\"inLanguage\":\"fr-FR\",\"@id\":\"https:\/\/www.pressenza.com\/fr\/2023\/01\/un-jugement-qui-fera-date-sur-la-catastrophe-en-mer-de-2013-les-responsables-de-la-mort-de-268-personnes-en-quete-de-protection-sont-les-garde-cotes-et-la-marine-italiennes\/#primaryimage\",\"url\":\"https:\/\/www.pressenza.com\/wp-content\/uploads\/2023\/01\/06DF2157-3ABC-44AD-A3C3-D9191CFD5134.jpeg\",\"contentUrl\":\"https:\/\/www.pressenza.com\/wp-content\/uploads\/2023\/01\/06DF2157-3ABC-44AD-A3C3-D9191CFD5134.jpeg\",\"width\":1920,\"height\":1278,\"caption\":\"160729-N-ZE250-283 MEDITERRANEAN SEA (July 29, 2016) - Sailors assigned to USS Carney (DDG 64) provide security while members of the SOS Mediterranee ship MS Aquarius rescue migrants on a small craft in the Mediterranean Sea July 29, 2016. Carney, an Arleigh Burke-class guided-missile destroyer, forward deployed to Rota, Spain, is conducting a routine patrol in the U.S. 6th fleet area of operations in support of U.S. national security interests in Europe. (U.S. Navy photo by Mass Communication Specialist 3rd Class Weston Jones\/Released)\"},{\"@type\":\"BreadcrumbList\",\"@id\":\"https:\/\/www.pressenza.com\/fr\/2023\/01\/un-jugement-qui-fera-date-sur-la-catastrophe-en-mer-de-2013-les-responsables-de-la-mort-de-268-personnes-en-quete-de-protection-sont-les-garde-cotes-et-la-marine-italiennes\/#breadcrumb\",\"itemListElement\":[{\"@type\":\"ListItem\",\"position\":1,\"name\":\"Accueil\",\"item\":\"https:\/\/www.pressenza.com\/fr\/\"},{\"@type\":\"ListItem\",\"position\":2,\"name\":\"Un jugement sur la catastrophe en mer de 2013 qui fera date : les responsables de la mort de 268 personnes en qu\u00eate de protection sont les garde-c\u00f4tes et la Marine italiens\"}]},{\"@type\":\"WebSite\",\"@id\":\"https:\/\/www.pressenza.com\/fr\/#website\",\"url\":\"https:\/\/www.pressenza.com\/fr\/\",\"name\":\"Pressenza\",\"description\":\"International Press Agency\",\"publisher\":{\"@id\":\"https:\/\/www.pressenza.com\/fr\/#organization\"},\"potentialAction\":[{\"@type\":\"SearchAction\",\"target\":{\"@type\":\"EntryPoint\",\"urlTemplate\":\"https:\/\/www.pressenza.com\/fr\/?s={search_term_string}\"},\"query-input\":{\"@type\":\"PropertyValueSpecification\",\"valueRequired\":true,\"valueName\":\"search_term_string\"}}],\"inLanguage\":\"fr-FR\"},{\"@type\":\"Organization\",\"@id\":\"https:\/\/www.pressenza.com\/fr\/#organization\",\"name\":\"Pressenza\",\"url\":\"https:\/\/www.pressenza.com\/fr\/\",\"logo\":{\"@type\":\"ImageObject\",\"inLanguage\":\"fr-FR\",\"@id\":\"https:\/\/www.pressenza.com\/fr\/#\/schema\/logo\/image\/\",\"url\":\"https:\/\/www.pressenza.com\/wp-content\/uploads\/2022\/10\/pressenza_logo_200x200.jpg\",\"contentUrl\":\"https:\/\/www.pressenza.com\/wp-content\/uploads\/2022\/10\/pressenza_logo_200x200.jpg\",\"width\":200,\"height\":200,\"caption\":\"Pressenza\"},\"image\":{\"@id\":\"https:\/\/www.pressenza.com\/fr\/#\/schema\/logo\/image\/\"},\"sameAs\":[\"https:\/\/www.facebook.com\/PressenzaItalia\",\"https:\/\/x.com\/PressenzaIPA\"]},{\"@type\":\"Person\",\"@id\":\"https:\/\/www.pressenza.com\/fr\/#\/schema\/person\/2a2e2e83a39e4cf3cf67ecb1e0760b14\",\"name\":\"Pro Asyl\",\"description\":\"Ist die selbstbestimmte und unabh\u00e4ngige Stimme f\u00fcr die Menschenrechte und den Schutz von Fl\u00fcchtlingen in Deutschland und Europa. Es ist ein Verein dessen Arbeit durch Mitgliedsbeitr\u00e4ge, Spenden und Stiftungszuwendungen finanziert wird.\",\"sameAs\":[\"https:\/\/www.proasyl.de\"],\"url\":\"https:\/\/www.pressenza.com\/fr\/author\/pro-asyl\/\"}]}<\/script>\n<!-- \/ Yoast SEO plugin. -->","yoast_head_json":{"title":"Un jugement sur la catastrophe en mer de 2013 qui fera date : les responsables de la mort de 268 personnes en qu\u00eate de protection sont les garde-c\u00f4tes et la Marine italiens","description":"C\u2019est avec des sentiments mitig\u00e9s que les trois organisations de d\u00e9fense des droits de l\u2019homme, PRO ASYL, borderline-europe et WatchTheMed\/Alarm Phone,","robots":{"index":"index","follow":"follow","max-snippet":"max-snippet:-1","max-image-preview":"max-image-preview:large","max-video-preview":"max-video-preview:-1"},"canonical":"https:\/\/www.pressenza.com\/fr\/2023\/01\/un-jugement-qui-fera-date-sur-la-catastrophe-en-mer-de-2013-les-responsables-de-la-mort-de-268-personnes-en-quete-de-protection-sont-les-garde-cotes-et-la-marine-italiennes\/","og_locale":"fr_FR","og_type":"article","og_title":"Un jugement sur la catastrophe en mer de 2013 qui fera date : les responsables de la mort de 268 personnes en qu\u00eate de protection sont les garde-c\u00f4tes et la Marine italiens","og_description":"C\u2019est avec des sentiments mitig\u00e9s que les trois organisations de d\u00e9fense des droits de l\u2019homme, PRO ASYL, borderline-europe et WatchTheMed\/Alarm Phone,","og_url":"https:\/\/www.pressenza.com\/fr\/2023\/01\/un-jugement-qui-fera-date-sur-la-catastrophe-en-mer-de-2013-les-responsables-de-la-mort-de-268-personnes-en-quete-de-protection-sont-les-garde-cotes-et-la-marine-italiennes\/","og_site_name":"Pressenza","article_publisher":"https:\/\/www.facebook.com\/PressenzaItalia","article_published_time":"2023-01-21T17:08:08+00:00","article_modified_time":"2023-01-21T20:12:47+00:00","og_image":[{"width":1920,"height":1278,"url":"https:\/\/www.pressenza.com\/wp-content\/uploads\/2023\/01\/06DF2157-3ABC-44AD-A3C3-D9191CFD5134.jpeg","type":"image\/jpeg"}],"author":"Pro Asyl","twitter_card":"summary_large_image","twitter_creator":"@PressenzaIPA","twitter_site":"@PressenzaIPA","twitter_misc":{"\u00c9crit par":"Pro Asyl","Dur\u00e9e de lecture estim\u00e9e":"5 minutes"},"schema":{"@context":"https:\/\/schema.org","@graph":[{"@type":"Article","@id":"https:\/\/www.pressenza.com\/fr\/2023\/01\/un-jugement-qui-fera-date-sur-la-catastrophe-en-mer-de-2013-les-responsables-de-la-mort-de-268-personnes-en-quete-de-protection-sont-les-garde-cotes-et-la-marine-italiennes\/#article","isPartOf":{"@id":"https:\/\/www.pressenza.com\/fr\/2023\/01\/un-jugement-qui-fera-date-sur-la-catastrophe-en-mer-de-2013-les-responsables-de-la-mort-de-268-personnes-en-quete-de-protection-sont-les-garde-cotes-et-la-marine-italiennes\/"},"author":{"name":"Pro Asyl","@id":"https:\/\/www.pressenza.com\/fr\/#\/schema\/person\/2a2e2e83a39e4cf3cf67ecb1e0760b14"},"headline":"Un jugement sur la catastrophe en mer de 2013 qui fera date : les responsables de la mort de 268 personnes en qu\u00eate de protection sont les garde-c\u00f4tes et la Marine italiens","datePublished":"2023-01-21T17:08:08+00:00","dateModified":"2023-01-21T20:12:47+00:00","mainEntityOfPage":{"@id":"https:\/\/www.pressenza.com\/fr\/2023\/01\/un-jugement-qui-fera-date-sur-la-catastrophe-en-mer-de-2013-les-responsables-de-la-mort-de-268-personnes-en-quete-de-protection-sont-les-garde-cotes-et-la-marine-italiennes\/"},"wordCount":896,"publisher":{"@id":"https:\/\/www.pressenza.com\/fr\/#organization"},"image":{"@id":"https:\/\/www.pressenza.com\/fr\/2023\/01\/un-jugement-qui-fera-date-sur-la-catastrophe-en-mer-de-2013-les-responsables-de-la-mort-de-268-personnes-en-quete-de-protection-sont-les-garde-cotes-et-la-marine-italiennes\/#primaryimage"},"thumbnailUrl":"https:\/\/www.pressenza.com\/wp-content\/uploads\/2023\/01\/06DF2157-3ABC-44AD-A3C3-D9191CFD5134.jpeg","keywords":["jugement","Lampedusa","migration","naufrage","sauvetage en mer"],"articleSection":["Communiqu\u00e9s de Presse","Droits humains","Migrants","Politique"],"inLanguage":"fr-FR"},{"@type":"WebPage","@id":"https:\/\/www.pressenza.com\/fr\/2023\/01\/un-jugement-qui-fera-date-sur-la-catastrophe-en-mer-de-2013-les-responsables-de-la-mort-de-268-personnes-en-quete-de-protection-sont-les-garde-cotes-et-la-marine-italiennes\/","url":"https:\/\/www.pressenza.com\/fr\/2023\/01\/un-jugement-qui-fera-date-sur-la-catastrophe-en-mer-de-2013-les-responsables-de-la-mort-de-268-personnes-en-quete-de-protection-sont-les-garde-cotes-et-la-marine-italiennes\/","name":"Un jugement sur la catastrophe en mer de 2013 qui fera date : les responsables de la mort de 268 personnes en qu\u00eate de protection sont les garde-c\u00f4tes et la Marine italiens","isPartOf":{"@id":"https:\/\/www.pressenza.com\/fr\/#website"},"primaryImageOfPage":{"@id":"https:\/\/www.pressenza.com\/fr\/2023\/01\/un-jugement-qui-fera-date-sur-la-catastrophe-en-mer-de-2013-les-responsables-de-la-mort-de-268-personnes-en-quete-de-protection-sont-les-garde-cotes-et-la-marine-italiennes\/#primaryimage"},"image":{"@id":"https:\/\/www.pressenza.com\/fr\/2023\/01\/un-jugement-qui-fera-date-sur-la-catastrophe-en-mer-de-2013-les-responsables-de-la-mort-de-268-personnes-en-quete-de-protection-sont-les-garde-cotes-et-la-marine-italiennes\/#primaryimage"},"thumbnailUrl":"https:\/\/www.pressenza.com\/wp-content\/uploads\/2023\/01\/06DF2157-3ABC-44AD-A3C3-D9191CFD5134.jpeg","datePublished":"2023-01-21T17:08:08+00:00","dateModified":"2023-01-21T20:12:47+00:00","description":"C\u2019est avec des sentiments mitig\u00e9s que les trois organisations de d\u00e9fense des droits de l\u2019homme, PRO ASYL, borderline-europe et WatchTheMed\/Alarm Phone,","breadcrumb":{"@id":"https:\/\/www.pressenza.com\/fr\/2023\/01\/un-jugement-qui-fera-date-sur-la-catastrophe-en-mer-de-2013-les-responsables-de-la-mort-de-268-personnes-en-quete-de-protection-sont-les-garde-cotes-et-la-marine-italiennes\/#breadcrumb"},"inLanguage":"fr-FR","potentialAction":[{"@type":"ReadAction","target":["https:\/\/www.pressenza.com\/fr\/2023\/01\/un-jugement-qui-fera-date-sur-la-catastrophe-en-mer-de-2013-les-responsables-de-la-mort-de-268-personnes-en-quete-de-protection-sont-les-garde-cotes-et-la-marine-italiennes\/"]}]},{"@type":"ImageObject","inLanguage":"fr-FR","@id":"https:\/\/www.pressenza.com\/fr\/2023\/01\/un-jugement-qui-fera-date-sur-la-catastrophe-en-mer-de-2013-les-responsables-de-la-mort-de-268-personnes-en-quete-de-protection-sont-les-garde-cotes-et-la-marine-italiennes\/#primaryimage","url":"https:\/\/www.pressenza.com\/wp-content\/uploads\/2023\/01\/06DF2157-3ABC-44AD-A3C3-D9191CFD5134.jpeg","contentUrl":"https:\/\/www.pressenza.com\/wp-content\/uploads\/2023\/01\/06DF2157-3ABC-44AD-A3C3-D9191CFD5134.jpeg","width":1920,"height":1278,"caption":"160729-N-ZE250-283 MEDITERRANEAN SEA (July 29, 2016) - Sailors assigned to USS Carney (DDG 64) provide security while members of the SOS Mediterranee ship MS Aquarius rescue migrants on a small craft in the Mediterranean Sea July 29, 2016. Carney, an Arleigh Burke-class guided-missile destroyer, forward deployed to Rota, Spain, is conducting a routine patrol in the U.S. 6th fleet area of operations in support of U.S. national security interests in Europe. (U.S. Navy photo by Mass Communication Specialist 3rd Class Weston Jones\/Released)"},{"@type":"BreadcrumbList","@id":"https:\/\/www.pressenza.com\/fr\/2023\/01\/un-jugement-qui-fera-date-sur-la-catastrophe-en-mer-de-2013-les-responsables-de-la-mort-de-268-personnes-en-quete-de-protection-sont-les-garde-cotes-et-la-marine-italiennes\/#breadcrumb","itemListElement":[{"@type":"ListItem","position":1,"name":"Accueil","item":"https:\/\/www.pressenza.com\/fr\/"},{"@type":"ListItem","position":2,"name":"Un jugement sur la catastrophe en mer de 2013 qui fera date : les responsables de la mort de 268 personnes en qu\u00eate de protection sont les garde-c\u00f4tes et la Marine italiens"}]},{"@type":"WebSite","@id":"https:\/\/www.pressenza.com\/fr\/#website","url":"https:\/\/www.pressenza.com\/fr\/","name":"Pressenza","description":"International Press Agency","publisher":{"@id":"https:\/\/www.pressenza.com\/fr\/#organization"},"potentialAction":[{"@type":"SearchAction","target":{"@type":"EntryPoint","urlTemplate":"https:\/\/www.pressenza.com\/fr\/?s={search_term_string}"},"query-input":{"@type":"PropertyValueSpecification","valueRequired":true,"valueName":"search_term_string"}}],"inLanguage":"fr-FR"},{"@type":"Organization","@id":"https:\/\/www.pressenza.com\/fr\/#organization","name":"Pressenza","url":"https:\/\/www.pressenza.com\/fr\/","logo":{"@type":"ImageObject","inLanguage":"fr-FR","@id":"https:\/\/www.pressenza.com\/fr\/#\/schema\/logo\/image\/","url":"https:\/\/www.pressenza.com\/wp-content\/uploads\/2022\/10\/pressenza_logo_200x200.jpg","contentUrl":"https:\/\/www.pressenza.com\/wp-content\/uploads\/2022\/10\/pressenza_logo_200x200.jpg","width":200,"height":200,"caption":"Pressenza"},"image":{"@id":"https:\/\/www.pressenza.com\/fr\/#\/schema\/logo\/image\/"},"sameAs":["https:\/\/www.facebook.com\/PressenzaItalia","https:\/\/x.com\/PressenzaIPA"]},{"@type":"Person","@id":"https:\/\/www.pressenza.com\/fr\/#\/schema\/person\/2a2e2e83a39e4cf3cf67ecb1e0760b14","name":"Pro Asyl","description":"Ist die selbstbestimmte und unabh\u00e4ngige Stimme f\u00fcr die Menschenrechte und den Schutz von Fl\u00fcchtlingen in Deutschland und Europa. Es ist ein Verein dessen Arbeit durch Mitgliedsbeitr\u00e4ge, Spenden und Stiftungszuwendungen finanziert wird.","sameAs":["https:\/\/www.proasyl.de"],"url":"https:\/\/www.pressenza.com\/fr\/author\/pro-asyl\/"}]}},"place":"","original_article_url":"","_links":{"self":[{"href":"https:\/\/www.pressenza.com\/fr\/wp-json\/wp\/v2\/posts\/1711080","targetHints":{"allow":["GET"]}}],"collection":[{"href":"https:\/\/www.pressenza.com\/fr\/wp-json\/wp\/v2\/posts"}],"about":[{"href":"https:\/\/www.pressenza.com\/fr\/wp-json\/wp\/v2\/types\/post"}],"author":[{"embeddable":true,"href":"https:\/\/www.pressenza.com\/fr\/wp-json\/wp\/v2\/users\/1411"}],"replies":[{"embeddable":true,"href":"https:\/\/www.pressenza.com\/fr\/wp-json\/wp\/v2\/comments?post=1711080"}],"version-history":[{"count":0,"href":"https:\/\/www.pressenza.com\/fr\/wp-json\/wp\/v2\/posts\/1711080\/revisions"}],"wp:featuredmedia":[{"embeddable":true,"href":"https:\/\/www.pressenza.com\/fr\/wp-json\/wp\/v2\/media\/1711139"}],"wp:attachment":[{"href":"https:\/\/www.pressenza.com\/fr\/wp-json\/wp\/v2\/media?parent=1711080"}],"wp:term":[{"taxonomy":"category","embeddable":true,"href":"https:\/\/www.pressenza.com\/fr\/wp-json\/wp\/v2\/categories?post=1711080"},{"taxonomy":"post_tag","embeddable":true,"href":"https:\/\/www.pressenza.com\/fr\/wp-json\/wp\/v2\/tags?post=1711080"}],"curies":[{"name":"wp","href":"https:\/\/api.w.org\/{rel}","templated":true}]}}