{"id":1710695,"date":"2023-01-19T23:36:59","date_gmt":"2023-01-19T23:36:59","guid":{"rendered":"https:\/\/www.pressenza.com\/?p=1710695"},"modified":"2023-01-20T07:35:17","modified_gmt":"2023-01-20T07:35:17","slug":"atout-lire-quarante-ans-daction-communautaire","status":"publish","type":"post","link":"https:\/\/www.pressenza.com\/fr\/2023\/01\/atout-lire-quarante-ans-daction-communautaire\/","title":{"rendered":"Atout-Lire : quarante ans d\u2019action communautaire"},"content":{"rendered":"<p><span style=\"font-weight: 400;\">Pouvez-vous nous rappeler ce qui a motiv\u00e9 les fondateurs et les fondatrices d&rsquo;Atout-Lire ?<\/span><\/p>\n<p><span style=\"font-weight: 400;\"><strong>Atout-Lire<\/strong> \u2013 Atout-lire a \u00e9t\u00e9 fond\u00e9 par quelqu\u2019un qui travaillait au Comit\u00e9 des citoyens et des citoyennes de quartier Saint-Sauveur \u00e0 Qu\u00e9bec et qui a cr\u00e9\u00e9 un comit\u00e9 d\u2019alphab\u00e9tisation.<\/span><\/p>\n<p><span style=\"font-weight: 400;\">Ce sous-comit\u00e9 est devenu ind\u00e9pendant. Au d\u00e9but, Atout-lire \u00e9tait situ\u00e9 au sous-sol de l\u2019\u00e9glise Saint-Malo et ensuite, dans un local sur la rue Sainte-Th\u00e9r\u00e8se. En 1982, le groupe a \u00e9t\u00e9 form\u00e9 en OBNL et c\u2019est en 1993 qu\u2019AtoutLire a \u00e9t\u00e9 capable d\u2019acheter le b\u00e2timent actuel, l\u2019ancien bureau de poste du quartier. Et Atout-lire est devenu depuis membre du RGAQ avec les 80 groupes d\u2019alphab\u00e9tisation partout au Qu\u00e9bec.<\/span><\/p>\n<p><span style=\"font-weight: 400;\">Il faut souligner le travail et le d\u00e9vouement des animatrices en alphab\u00e9tisation ; ces femmes ont fait beaucoup de temps non pay\u00e9. Le financement de la mission a pris du temps. Et l\u2019organisme a \u00e9t\u00e9 longtemps sous financ\u00e9. C\u2019est gr\u00e2ce \u00e0 leur travail qu\u2019il existe encore et qu\u2019il fonctionne bien !<\/span><\/p>\n<p><span style=\"font-weight: 400;\"><strong>DDP<\/strong> \u2013 Comme dans plusieurs groupes communautaires, ce sont les membres, qui d\u00e9cident des grandes orientations en assembl\u00e9e g\u00e9n\u00e9rale. Cette implication des membres est-elle importante dans la d\u00e9marche d\u2019alphab\u00e9tisation ?<\/span><\/p>\n<blockquote><p><span style=\"font-weight: 400;\">\u00ab De plus en plus, les services gouvernementaux en personne ou par t\u00e9l\u00e9phone disparaissent. \u00bb<\/span><\/p><\/blockquote>\n<p><span style=\"font-weight: 400;\"><strong>Atout-Lire<\/strong> \u2013 On est un groupe populaire en alphab\u00e9tisation : notre objectif c\u2019est d\u2019\u00eatre le plus d\u00e9mocratique possible. Pour y arriver, on a un conseil d\u2019administration compos\u00e9 \u00e0 majorit\u00e9 de participants et de participantes aux ateliers. En plus de s\u2019am\u00e9liorer en \u00e9criture et en lecture, l\u2019objectif c\u2019est de reprendre du contr\u00f4le sur leur vie et cela commence par s\u2019impliquer dans l\u2019organisme. On essaie de partir des pr\u00e9occupations des gens qui s\u2019expriment dans les ateliers, les r\u00e9unions. Dans l\u2019\u00e9quipe de travail, on fonctionne en gestion collective. On n\u2019a pas de patron. On est tous et toutes des animateurs. On fonctionne par consensus\u2026<\/span><\/p>\n<p><span style=\"font-weight: 400;\"><strong>DDP<\/strong> \u2013 Le probl\u00e8me de ce qu\u2019on appelle la \u00ab fracture num\u00e9rique \u00bb, ou la litt\u00e9ratie num\u00e9rique, touche une partie de la population. Les gens qui n\u2019ont pas acc\u00e8s \u00e0 des ordinateurs ou qui ne savent pas s\u2019en servir font face \u00e0 toutes sortes de difficult\u00e9s. Quelles sont-elles ?<\/span><\/p>\n<p><span style=\"font-weight: 400;\"><strong>Atout-Lire<\/strong> \u2013 La fracture num\u00e9rique, c\u2019est un terme qu\u2019on commence \u00e0 entendre de plus en plus. Qu\u2019est-ce que c\u2019est ? La soci\u00e9t\u00e9 repose de plus en plus sur de nouvelles technologies ce qui g\u00e9n\u00e8re l\u2019exclusion sociale. Et \u00e7a s\u2019acc\u00e9l\u00e8re. Des gens qui n\u2019ont pas acc\u00e8s \u00e0 l\u2019univers num\u00e9rique, c\u2019est principalement parce qu\u2019ils n\u2019ont pas d\u2019appareil, ou qu\u2019ils n\u2019ont pas assez d\u2019argent, ou qu\u2019ils manquent de comp\u00e9tence pour pouvoir utiliser le mat\u00e9riel. C\u2019est r\u00e9pandu dans la soci\u00e9t\u00e9 et les personnes qui ont des difficult\u00e9s de lecture et d\u2019\u00e9criture sont les plus touch\u00e9es. L\u2019univers num\u00e9rique repose sur le courriel.<\/span><\/p>\n<p><span style=\"font-weight: 400;\">Si t\u2019es pas capable de l\u2019utiliser, qu\u2019est-ce que tu fais ? Ici \u00e0 Atout-lire, pendant la pand\u00e9mie, on aidait les gens \u00e0 compl\u00e9ter le formulaire sur Clic-sant\u00e9 ou pour faire des demandes de PCU. De plus en plus, les services gouvernementaux en personne ou par t\u00e9l\u00e9phone disparaissent. Il y a une d\u00e9mat\u00e9rialisation des services pour des choses essentielles comme la sant\u00e9 et le logement et cela s\u2019acc\u00e9l\u00e8re \u00e0 une vitesse exponentielle. Chez Hydro-Qu\u00e9bec par exemple, pour un changement d\u2019adresse par t\u00e9l\u00e9phone, il y des frais (25$ plus les taxes) alors que c\u2019est gratuit en ligne.<\/span><\/p>\n<p><span style=\"font-weight: 400;\">C\u2019est une de nos revendications : il faut garder les services en personne lorsqu\u2019il est question de services publics !<\/span><\/p>\n<h4><span style=\"font-weight: 400;\">Nathalie C\u00f4t\u00e9<\/span><\/h4>\n","protected":false},"excerpt":{"rendered":"<p>Pouvez-vous nous rappeler ce qui a motiv\u00e9 les fondateurs et les fondatrices d&rsquo;Atout-Lire ? Atout-Lire \u2013 Atout-lire a \u00e9t\u00e9 fond\u00e9 par quelqu\u2019un qui travaillait au Comit\u00e9 des citoyens et des citoyennes de quartier Saint-Sauveur \u00e0 Qu\u00e9bec et qui a cr\u00e9\u00e9&hellip;<\/p>\n","protected":false},"author":2143,"featured_media":1710698,"comment_status":"closed","ping_status":"closed","sticky":false,"template":"","format":"standard","meta":{"footnotes":""},"categories":[87,94],"tags":[101682,109324,109325,3521],"class_list":["post-1710695","post","type-post","status-publish","format-standard","has-post-thumbnail","hentry","category-amerique-du-nord","category-culture-fr","tag-amecq","tag-atoutlire","tag-droitdeparole","tag-quebec"],"yoast_head":"<!-- This site is optimized with the Yoast SEO plugin v27.1.1 - https:\/\/yoast.com\/product\/yoast-seo-wordpress\/ -->\n<title>Atout-Lire : quarante ans d\u2019action communautaire<\/title>\n<meta name=\"description\" content=\"Pouvez-vous nous rappeler ce qui a motiv\u00e9 les fondateurs et les fondatrices d&#039;Atout-Lire ? Atout-Lire \u2013 Atout-lire a \u00e9t\u00e9 fond\u00e9 par quelqu\u2019un qui\" \/>\n<meta name=\"robots\" content=\"index, follow, max-snippet:-1, max-image-preview:large, max-video-preview:-1\" \/>\n<link rel=\"canonical\" href=\"https:\/\/www.pressenza.com\/fr\/2023\/01\/atout-lire-quarante-ans-daction-communautaire\/\" \/>\n<meta property=\"og:locale\" content=\"fr_FR\" \/>\n<meta property=\"og:type\" content=\"article\" \/>\n<meta property=\"og:title\" content=\"Atout-Lire : quarante ans d\u2019action communautaire\" \/>\n<meta property=\"og:description\" content=\"Pouvez-vous nous rappeler ce qui a motiv\u00e9 les fondateurs et les fondatrices d&#039;Atout-Lire ? Atout-Lire \u2013 Atout-lire a \u00e9t\u00e9 fond\u00e9 par quelqu\u2019un qui\" \/>\n<meta property=\"og:url\" content=\"https:\/\/www.pressenza.com\/fr\/2023\/01\/atout-lire-quarante-ans-daction-communautaire\/\" \/>\n<meta property=\"og:site_name\" content=\"Pressenza\" \/>\n<meta property=\"article:publisher\" content=\"https:\/\/www.facebook.com\/PressenzaItalia\" \/>\n<meta property=\"article:published_time\" content=\"2023-01-19T23:36:59+00:00\" \/>\n<meta property=\"article:modified_time\" content=\"2023-01-20T07:35:17+00:00\" \/>\n<meta property=\"og:image\" content=\"https:\/\/www.pressenza.com\/wp-content\/uploads\/2023\/01\/40ans.png\" \/>\n\t<meta property=\"og:image:width\" content=\"768\" \/>\n\t<meta property=\"og:image:height\" content=\"498\" \/>\n\t<meta property=\"og:image:type\" content=\"image\/png\" \/>\n<meta name=\"author\" content=\"AMECQ - Association des m\u00e9dias \u00e9crits communautaires du Qu\u00e9bec\" \/>\n<meta name=\"twitter:card\" content=\"summary_large_image\" \/>\n<meta name=\"twitter:creator\" content=\"@PressenzaIPA\" \/>\n<meta name=\"twitter:site\" content=\"@PressenzaIPA\" \/>\n<meta name=\"twitter:label1\" content=\"\u00c9crit par\" \/>\n\t<meta name=\"twitter:data1\" content=\"AMECQ - Association des m\u00e9dias \u00e9crits communautaires du Qu\u00e9bec\" \/>\n\t<meta name=\"twitter:label2\" content=\"Dur\u00e9e de lecture estim\u00e9e\" \/>\n\t<meta name=\"twitter:data2\" content=\"3 minutes\" \/>\n<script type=\"application\/ld+json\" class=\"yoast-schema-graph\">{\"@context\":\"https:\/\/schema.org\",\"@graph\":[{\"@type\":\"Article\",\"@id\":\"https:\/\/www.pressenza.com\/fr\/2023\/01\/atout-lire-quarante-ans-daction-communautaire\/#article\",\"isPartOf\":{\"@id\":\"https:\/\/www.pressenza.com\/fr\/2023\/01\/atout-lire-quarante-ans-daction-communautaire\/\"},\"author\":{\"name\":\"AMECQ - Association des m\u00e9dias \u00e9crits communautaires du Qu\u00e9bec\",\"@id\":\"https:\/\/www.pressenza.com\/fr\/#\/schema\/person\/5362584f414349fe88d3246d58d2ac3a\"},\"headline\":\"Atout-Lire : quarante ans d\u2019action communautaire\",\"datePublished\":\"2023-01-19T23:36:59+00:00\",\"dateModified\":\"2023-01-20T07:35:17+00:00\",\"mainEntityOfPage\":{\"@id\":\"https:\/\/www.pressenza.com\/fr\/2023\/01\/atout-lire-quarante-ans-daction-communautaire\/\"},\"wordCount\":657,\"publisher\":{\"@id\":\"https:\/\/www.pressenza.com\/fr\/#organization\"},\"image\":{\"@id\":\"https:\/\/www.pressenza.com\/fr\/2023\/01\/atout-lire-quarante-ans-daction-communautaire\/#primaryimage\"},\"thumbnailUrl\":\"https:\/\/www.pressenza.com\/wp-content\/uploads\/2023\/01\/40ans.png\",\"keywords\":[\"AMECQ\",\"Atoutlire\",\"Droitdeparole\",\"Qu\u00e9bec\"],\"articleSection\":[\"Am\u00e9rique du Nord\",\"Culture et M\u00e9dias\"],\"inLanguage\":\"fr-FR\"},{\"@type\":\"WebPage\",\"@id\":\"https:\/\/www.pressenza.com\/fr\/2023\/01\/atout-lire-quarante-ans-daction-communautaire\/\",\"url\":\"https:\/\/www.pressenza.com\/fr\/2023\/01\/atout-lire-quarante-ans-daction-communautaire\/\",\"name\":\"Atout-Lire : quarante ans d\u2019action communautaire\",\"isPartOf\":{\"@id\":\"https:\/\/www.pressenza.com\/fr\/#website\"},\"primaryImageOfPage\":{\"@id\":\"https:\/\/www.pressenza.com\/fr\/2023\/01\/atout-lire-quarante-ans-daction-communautaire\/#primaryimage\"},\"image\":{\"@id\":\"https:\/\/www.pressenza.com\/fr\/2023\/01\/atout-lire-quarante-ans-daction-communautaire\/#primaryimage\"},\"thumbnailUrl\":\"https:\/\/www.pressenza.com\/wp-content\/uploads\/2023\/01\/40ans.png\",\"datePublished\":\"2023-01-19T23:36:59+00:00\",\"dateModified\":\"2023-01-20T07:35:17+00:00\",\"description\":\"Pouvez-vous nous rappeler ce qui a motiv\u00e9 les fondateurs et les fondatrices d'Atout-Lire ? Atout-Lire \u2013 Atout-lire a \u00e9t\u00e9 fond\u00e9 par quelqu\u2019un qui\",\"breadcrumb\":{\"@id\":\"https:\/\/www.pressenza.com\/fr\/2023\/01\/atout-lire-quarante-ans-daction-communautaire\/#breadcrumb\"},\"inLanguage\":\"fr-FR\",\"potentialAction\":[{\"@type\":\"ReadAction\",\"target\":[\"https:\/\/www.pressenza.com\/fr\/2023\/01\/atout-lire-quarante-ans-daction-communautaire\/\"]}]},{\"@type\":\"ImageObject\",\"inLanguage\":\"fr-FR\",\"@id\":\"https:\/\/www.pressenza.com\/fr\/2023\/01\/atout-lire-quarante-ans-daction-communautaire\/#primaryimage\",\"url\":\"https:\/\/www.pressenza.com\/wp-content\/uploads\/2023\/01\/40ans.png\",\"contentUrl\":\"https:\/\/www.pressenza.com\/wp-content\/uploads\/2023\/01\/40ans.png\",\"width\":768,\"height\":498,\"caption\":\"Cr\u00e9dit photo: Droit de parole\"},{\"@type\":\"BreadcrumbList\",\"@id\":\"https:\/\/www.pressenza.com\/fr\/2023\/01\/atout-lire-quarante-ans-daction-communautaire\/#breadcrumb\",\"itemListElement\":[{\"@type\":\"ListItem\",\"position\":1,\"name\":\"Accueil\",\"item\":\"https:\/\/www.pressenza.com\/fr\/\"},{\"@type\":\"ListItem\",\"position\":2,\"name\":\"Atout-Lire : quarante ans d\u2019action communautaire\"}]},{\"@type\":\"WebSite\",\"@id\":\"https:\/\/www.pressenza.com\/fr\/#website\",\"url\":\"https:\/\/www.pressenza.com\/fr\/\",\"name\":\"Pressenza\",\"description\":\"International Press Agency\",\"publisher\":{\"@id\":\"https:\/\/www.pressenza.com\/fr\/#organization\"},\"potentialAction\":[{\"@type\":\"SearchAction\",\"target\":{\"@type\":\"EntryPoint\",\"urlTemplate\":\"https:\/\/www.pressenza.com\/fr\/?s={search_term_string}\"},\"query-input\":{\"@type\":\"PropertyValueSpecification\",\"valueRequired\":true,\"valueName\":\"search_term_string\"}}],\"inLanguage\":\"fr-FR\"},{\"@type\":\"Organization\",\"@id\":\"https:\/\/www.pressenza.com\/fr\/#organization\",\"name\":\"Pressenza\",\"url\":\"https:\/\/www.pressenza.com\/fr\/\",\"logo\":{\"@type\":\"ImageObject\",\"inLanguage\":\"fr-FR\",\"@id\":\"https:\/\/www.pressenza.com\/fr\/#\/schema\/logo\/image\/\",\"url\":\"https:\/\/www.pressenza.com\/wp-content\/uploads\/2022\/10\/pressenza_logo_200x200.jpg\",\"contentUrl\":\"https:\/\/www.pressenza.com\/wp-content\/uploads\/2022\/10\/pressenza_logo_200x200.jpg\",\"width\":200,\"height\":200,\"caption\":\"Pressenza\"},\"image\":{\"@id\":\"https:\/\/www.pressenza.com\/fr\/#\/schema\/logo\/image\/\"},\"sameAs\":[\"https:\/\/www.facebook.com\/PressenzaItalia\",\"https:\/\/x.com\/PressenzaIPA\"]},{\"@type\":\"Person\",\"@id\":\"https:\/\/www.pressenza.com\/fr\/#\/schema\/person\/5362584f414349fe88d3246d58d2ac3a\",\"name\":\"AMECQ - Association des m\u00e9dias \u00e9crits communautaires du Qu\u00e9bec\",\"description\":\"L\u2019Association des m\u00e9dias \u00e9crits communautaires du Qu\u00e9bec a pour but : de fournir des services de soutien et de formation \u00e0 ses journaux communautaires membres et de les regrouper et de les repr\u00e9senter pour que ceux-ci puissent remplir leur r\u00f4le et leur mission fondamentale. L\u2019Association participe activement au d\u00e9veloppement et au rayonnement des m\u00e9dias \u00e9crits communautaires. Les liens \u00e9troits et constants qu\u2019elle entretient avec ses membres lui assurent une connaissance dynamique du secteur et de ses besoins. L\u2019AMECQ compte 74 journaux membres.\",\"url\":\"https:\/\/www.pressenza.com\/fr\/author\/amecq\/\"}]}<\/script>\n<!-- \/ Yoast SEO plugin. -->","yoast_head_json":{"title":"Atout-Lire : quarante ans d\u2019action communautaire","description":"Pouvez-vous nous rappeler ce qui a motiv\u00e9 les fondateurs et les fondatrices d'Atout-Lire ? Atout-Lire \u2013 Atout-lire a \u00e9t\u00e9 fond\u00e9 par quelqu\u2019un qui","robots":{"index":"index","follow":"follow","max-snippet":"max-snippet:-1","max-image-preview":"max-image-preview:large","max-video-preview":"max-video-preview:-1"},"canonical":"https:\/\/www.pressenza.com\/fr\/2023\/01\/atout-lire-quarante-ans-daction-communautaire\/","og_locale":"fr_FR","og_type":"article","og_title":"Atout-Lire : quarante ans d\u2019action communautaire","og_description":"Pouvez-vous nous rappeler ce qui a motiv\u00e9 les fondateurs et les fondatrices d'Atout-Lire ? Atout-Lire \u2013 Atout-lire a \u00e9t\u00e9 fond\u00e9 par quelqu\u2019un qui","og_url":"https:\/\/www.pressenza.com\/fr\/2023\/01\/atout-lire-quarante-ans-daction-communautaire\/","og_site_name":"Pressenza","article_publisher":"https:\/\/www.facebook.com\/PressenzaItalia","article_published_time":"2023-01-19T23:36:59+00:00","article_modified_time":"2023-01-20T07:35:17+00:00","og_image":[{"width":768,"height":498,"url":"https:\/\/www.pressenza.com\/wp-content\/uploads\/2023\/01\/40ans.png","type":"image\/png"}],"author":"AMECQ - Association des m\u00e9dias \u00e9crits communautaires du Qu\u00e9bec","twitter_card":"summary_large_image","twitter_creator":"@PressenzaIPA","twitter_site":"@PressenzaIPA","twitter_misc":{"\u00c9crit par":"AMECQ - Association des m\u00e9dias \u00e9crits communautaires du Qu\u00e9bec","Dur\u00e9e de lecture estim\u00e9e":"3 minutes"},"schema":{"@context":"https:\/\/schema.org","@graph":[{"@type":"Article","@id":"https:\/\/www.pressenza.com\/fr\/2023\/01\/atout-lire-quarante-ans-daction-communautaire\/#article","isPartOf":{"@id":"https:\/\/www.pressenza.com\/fr\/2023\/01\/atout-lire-quarante-ans-daction-communautaire\/"},"author":{"name":"AMECQ - Association des m\u00e9dias \u00e9crits communautaires du Qu\u00e9bec","@id":"https:\/\/www.pressenza.com\/fr\/#\/schema\/person\/5362584f414349fe88d3246d58d2ac3a"},"headline":"Atout-Lire : quarante ans d\u2019action communautaire","datePublished":"2023-01-19T23:36:59+00:00","dateModified":"2023-01-20T07:35:17+00:00","mainEntityOfPage":{"@id":"https:\/\/www.pressenza.com\/fr\/2023\/01\/atout-lire-quarante-ans-daction-communautaire\/"},"wordCount":657,"publisher":{"@id":"https:\/\/www.pressenza.com\/fr\/#organization"},"image":{"@id":"https:\/\/www.pressenza.com\/fr\/2023\/01\/atout-lire-quarante-ans-daction-communautaire\/#primaryimage"},"thumbnailUrl":"https:\/\/www.pressenza.com\/wp-content\/uploads\/2023\/01\/40ans.png","keywords":["AMECQ","Atoutlire","Droitdeparole","Qu\u00e9bec"],"articleSection":["Am\u00e9rique du Nord","Culture et M\u00e9dias"],"inLanguage":"fr-FR"},{"@type":"WebPage","@id":"https:\/\/www.pressenza.com\/fr\/2023\/01\/atout-lire-quarante-ans-daction-communautaire\/","url":"https:\/\/www.pressenza.com\/fr\/2023\/01\/atout-lire-quarante-ans-daction-communautaire\/","name":"Atout-Lire : quarante ans d\u2019action communautaire","isPartOf":{"@id":"https:\/\/www.pressenza.com\/fr\/#website"},"primaryImageOfPage":{"@id":"https:\/\/www.pressenza.com\/fr\/2023\/01\/atout-lire-quarante-ans-daction-communautaire\/#primaryimage"},"image":{"@id":"https:\/\/www.pressenza.com\/fr\/2023\/01\/atout-lire-quarante-ans-daction-communautaire\/#primaryimage"},"thumbnailUrl":"https:\/\/www.pressenza.com\/wp-content\/uploads\/2023\/01\/40ans.png","datePublished":"2023-01-19T23:36:59+00:00","dateModified":"2023-01-20T07:35:17+00:00","description":"Pouvez-vous nous rappeler ce qui a motiv\u00e9 les fondateurs et les fondatrices d'Atout-Lire ? Atout-Lire \u2013 Atout-lire a \u00e9t\u00e9 fond\u00e9 par quelqu\u2019un qui","breadcrumb":{"@id":"https:\/\/www.pressenza.com\/fr\/2023\/01\/atout-lire-quarante-ans-daction-communautaire\/#breadcrumb"},"inLanguage":"fr-FR","potentialAction":[{"@type":"ReadAction","target":["https:\/\/www.pressenza.com\/fr\/2023\/01\/atout-lire-quarante-ans-daction-communautaire\/"]}]},{"@type":"ImageObject","inLanguage":"fr-FR","@id":"https:\/\/www.pressenza.com\/fr\/2023\/01\/atout-lire-quarante-ans-daction-communautaire\/#primaryimage","url":"https:\/\/www.pressenza.com\/wp-content\/uploads\/2023\/01\/40ans.png","contentUrl":"https:\/\/www.pressenza.com\/wp-content\/uploads\/2023\/01\/40ans.png","width":768,"height":498,"caption":"Cr\u00e9dit photo: Droit de parole"},{"@type":"BreadcrumbList","@id":"https:\/\/www.pressenza.com\/fr\/2023\/01\/atout-lire-quarante-ans-daction-communautaire\/#breadcrumb","itemListElement":[{"@type":"ListItem","position":1,"name":"Accueil","item":"https:\/\/www.pressenza.com\/fr\/"},{"@type":"ListItem","position":2,"name":"Atout-Lire : quarante ans d\u2019action communautaire"}]},{"@type":"WebSite","@id":"https:\/\/www.pressenza.com\/fr\/#website","url":"https:\/\/www.pressenza.com\/fr\/","name":"Pressenza","description":"International Press Agency","publisher":{"@id":"https:\/\/www.pressenza.com\/fr\/#organization"},"potentialAction":[{"@type":"SearchAction","target":{"@type":"EntryPoint","urlTemplate":"https:\/\/www.pressenza.com\/fr\/?s={search_term_string}"},"query-input":{"@type":"PropertyValueSpecification","valueRequired":true,"valueName":"search_term_string"}}],"inLanguage":"fr-FR"},{"@type":"Organization","@id":"https:\/\/www.pressenza.com\/fr\/#organization","name":"Pressenza","url":"https:\/\/www.pressenza.com\/fr\/","logo":{"@type":"ImageObject","inLanguage":"fr-FR","@id":"https:\/\/www.pressenza.com\/fr\/#\/schema\/logo\/image\/","url":"https:\/\/www.pressenza.com\/wp-content\/uploads\/2022\/10\/pressenza_logo_200x200.jpg","contentUrl":"https:\/\/www.pressenza.com\/wp-content\/uploads\/2022\/10\/pressenza_logo_200x200.jpg","width":200,"height":200,"caption":"Pressenza"},"image":{"@id":"https:\/\/www.pressenza.com\/fr\/#\/schema\/logo\/image\/"},"sameAs":["https:\/\/www.facebook.com\/PressenzaItalia","https:\/\/x.com\/PressenzaIPA"]},{"@type":"Person","@id":"https:\/\/www.pressenza.com\/fr\/#\/schema\/person\/5362584f414349fe88d3246d58d2ac3a","name":"AMECQ - Association des m\u00e9dias \u00e9crits communautaires du Qu\u00e9bec","description":"L\u2019Association des m\u00e9dias \u00e9crits communautaires du Qu\u00e9bec a pour but : de fournir des services de soutien et de formation \u00e0 ses journaux communautaires membres et de les regrouper et de les repr\u00e9senter pour que ceux-ci puissent remplir leur r\u00f4le et leur mission fondamentale. L\u2019Association participe activement au d\u00e9veloppement et au rayonnement des m\u00e9dias \u00e9crits communautaires. Les liens \u00e9troits et constants qu\u2019elle entretient avec ses membres lui assurent une connaissance dynamique du secteur et de ses besoins. L\u2019AMECQ compte 74 journaux membres.","url":"https:\/\/www.pressenza.com\/fr\/author\/amecq\/"}]}},"place":"Droit de parole, Qu\u00e9bec","original_article_url":"https:\/\/amecq.ca\/2023\/01\/18\/atout-lire-quarante-ans-daction-communautaire\/","_links":{"self":[{"href":"https:\/\/www.pressenza.com\/fr\/wp-json\/wp\/v2\/posts\/1710695","targetHints":{"allow":["GET"]}}],"collection":[{"href":"https:\/\/www.pressenza.com\/fr\/wp-json\/wp\/v2\/posts"}],"about":[{"href":"https:\/\/www.pressenza.com\/fr\/wp-json\/wp\/v2\/types\/post"}],"author":[{"embeddable":true,"href":"https:\/\/www.pressenza.com\/fr\/wp-json\/wp\/v2\/users\/2143"}],"replies":[{"embeddable":true,"href":"https:\/\/www.pressenza.com\/fr\/wp-json\/wp\/v2\/comments?post=1710695"}],"version-history":[{"count":0,"href":"https:\/\/www.pressenza.com\/fr\/wp-json\/wp\/v2\/posts\/1710695\/revisions"}],"wp:featuredmedia":[{"embeddable":true,"href":"https:\/\/www.pressenza.com\/fr\/wp-json\/wp\/v2\/media\/1710698"}],"wp:attachment":[{"href":"https:\/\/www.pressenza.com\/fr\/wp-json\/wp\/v2\/media?parent=1710695"}],"wp:term":[{"taxonomy":"category","embeddable":true,"href":"https:\/\/www.pressenza.com\/fr\/wp-json\/wp\/v2\/categories?post=1710695"},{"taxonomy":"post_tag","embeddable":true,"href":"https:\/\/www.pressenza.com\/fr\/wp-json\/wp\/v2\/tags?post=1710695"}],"curies":[{"name":"wp","href":"https:\/\/api.w.org\/{rel}","templated":true}]}}