{"id":1710687,"date":"2023-01-19T23:30:36","date_gmt":"2023-01-19T23:30:36","guid":{"rendered":"https:\/\/www.pressenza.com\/?p=1710687"},"modified":"2023-01-20T15:53:06","modified_gmt":"2023-01-20T15:53:06","slug":"biodiversite-cop15-et-fanatisme-militant","status":"publish","type":"post","link":"https:\/\/www.pressenza.com\/fr\/2023\/01\/biodiversite-cop15-et-fanatisme-militant\/","title":{"rendered":"Biodiversit\u00e9, COP15 et fanatisme militant"},"content":{"rendered":"<p><span style=\"font-weight: 400;\">Du 7 au 19 d\u00e9cembre 2022, Montr\u00e9al s\u2019est faite ville-h\u00f4tesse de la COP15, cette conf\u00e9rence aux r\u00e9percussions de l\u2019ONU sur la Biodiversit\u00e9 et la n\u00e9cessit\u00e9 de mieux prot\u00e9ger les esp\u00e8ces v\u00e9g\u00e9tales et animales de la plan\u00e8te.<\/span><\/p>\n<p><span style=\"font-weight: 400;\">Pr\u00e8s d\u2019un million d\u2019esp\u00e8ces v\u00e9g\u00e9tales et animales menac\u00e9es d\u2019extinction sur les quelque 8 millions qui peuplent la Terre, ou encore la n\u00e9cessit\u00e9 absolue de prot\u00e9ger plus et mieux au moins 30 % des surfaces marines et terrestres du monde. Et ce, pour la survie m\u00eame de notre \u00e9cosyst\u00e8me plan\u00e9taire, fragilis\u00e9 tant par la pollution galopante que l\u2019on a laiss\u00e9 s\u2019installer au fil des d\u00e9cennies de l\u2019industrialisation, que par des ann\u00e9es de mi\u00e8vrerie environnementale et de manque de volont\u00e9 \u00e0 poser des gestes concrets.<\/span><\/p>\n<p><span style=\"font-weight: 400;\">Pour paraphraser la synth\u00e8se certes brutale, mais n\u00e9anmoins r\u00e9aliste et juste du Directeur de l\u2019ONU Antonio Guterres, \u00abon traite notre plan\u00e8te comme une poubelle\u00bb, une d\u00e9claration qui vise plus particuli\u00e8rement les pays riches, qui se drapent souvent dans la signalisation de vell\u00e9it\u00e9s \u00e9cologiques, mais qui dans les faits n\u2019en font que tr\u00e8s peu, et se contentent du strict minimum politiquement acceptable.<\/span><\/p>\n<p><span style=\"font-weight: 400;\">Bref, il y a beaucoup de travail et ce ne sont l\u00e0 que deux des 22 objectifs \u00e0 l\u2019ordre du jour de la conf\u00e9rence.\u00a0 Ce sont ces chiffres qui devraient dominer l\u2019actualit\u00e9 de la COP15. Malheureusement, en raison des agissements vandales lors de mouvements pass\u00e9s de bon nombre d\u2019activistes qui se d\u00e9clarent pro-environnementaux, mais qui n\u2019en ont souvent que la pr\u00e9tention m\u00e9diatique, ce qui a occup\u00e9 le devant des projecteurs, c\u2019est plut\u00f4t les risques de grabuge et la pr\u00e9sence en cons\u00e9quence d\u2019un nombre record de policiers aux alentours du Palais des Congr\u00e8s qui accueille cette 15e \u00e9dition.<\/span><\/p>\n<p><span style=\"font-weight: 400;\">Ainsi, en marge de cette importante rencontre d\u2019une douzaine de jours r\u00e9unissant pr\u00e8s de 5 000 d\u00e9l\u00e9gu\u00e9s provenant de 193 pays, on anticipait des vagues nombreuses de manifestants \u00e9tudiants. Ceux-ci ont vot\u00e9 massivement pour se donner une journ\u00e9e d\u2019absence sp\u00e9cifiquement dans le but d\u2019\u00eatre libres pour cet \u00e9v\u00e9nement. Sur les 23 000 \u00e9tudiants au sein desquels on redoutait la pr\u00e9sence en grand nombre de professionnels du vandalisme, au final on s\u2019est plut\u00f4t retrouv\u00e9s avec un p\u00e9tard mouill\u00e9, soit \u00e0 peine une poign\u00e9e de manifestants, peut-\u00eatre 200 en \u00e9tant g\u00e9n\u00e9reux, comparativement \u00e0 5 ou 6 fois plus de policiers.<\/span><\/p>\n<p><span style=\"font-weight: 400;\">Cela dit et sans vouloir tourner le fer dans la plaie, outre le ridicule de la situation, et le gaspillage budg\u00e9taire que cette surabondance polici\u00e8re superflue aura co\u00fbt\u00e9 aux finances de la ville, on a surtout l\u2019impression d\u2019assister encore une fois au tr\u00e8s net clivage entre la majorit\u00e9 de la population et les quelques adeptes les plus bruyants de la mentalit\u00e9 activiste plus extr\u00e9miste et revendicatrice, qui occupent trop souvent la sph\u00e8re m\u00e9diatique, aid\u00e9s en cela par moult m\u00e9dias trop complaisants et par des corporations compl\u00e8tement assouvies \u00e0 l\u2019imagerie de la cause ultra-woke et surtout pr\u00e9occup\u00e9es \u00e0 faire de la signalisation de vertu tous azimuts.<\/span><\/p>\n<p><span style=\"font-weight: 400;\">Ce qui choque possiblement le plus dans tout cela, c\u2019est l\u2019hypocrisie qui peut se rattacher \u00e0 ces ph\u00e9nom\u00e8nes de revendications soci\u00e9taires de pacotille. Non pas que la cause environnementale ne soit pas importante, bien au contraire. Mais justement tous ceux qui sont occup\u00e9s \u00e0 faire de la signalisation vertueuse mais qui ne sont jamais prompts \u00e0 reconna\u00eetre leurs propres torts et dont souvent le discours finit par sonner creux tant les babines ne suivent pas les bottines, nuisent \u00e0 la cause plut\u00f4t que ne l\u2019aident. Car ils aseptisent et en diluent l\u2019impact, de par leur action purement \u00e9gocentr\u00e9e.<\/span><\/p>\n<p><span style=\"font-weight: 400;\">Au-del\u00e0 des \u00e9ventuels fauteurs de trouble, qui plus souvent qu\u2019autrement semblent surtout motiv\u00e9s par des vis\u00e9es nihilistes, i.e. le chaos pour le chaos, ou encore pour le loisir de pouvoir casser quelques vitrines de commerces ou fen\u00eatres de voitures et s\u2019enfuir ensuite en volant tout ce qu\u2019ils y trouveront d\u2019int\u00e9ressant; dans le cas pr\u00e9sent, on le constate bien, la majorit\u00e9 \u00e9tudiante en a surtout profit\u00e9 pour se donner une journ\u00e9e de cong\u00e9 en utilisant le pr\u00e9texte de la COP15.<\/span><\/p>\n<p><span style=\"font-weight: 400;\">Et ultimement, n\u2019en d\u00e9plaise \u00e0 plusieurs, c\u2019est un constat qui rejoint en fait la pens\u00e9e \u00e9ditoriale de la majorit\u00e9 d\u00e9mographique.<\/span><\/p>\n<p><span style=\"font-weight: 400;\">Oui, on est inquiet pour l\u2019environnement et oui on aimerait que \u00e7a change. Notamment que les plus gros pollueurs soient vraiment mis \u00e0 l\u2019amende, que les braconniers d\u2019esp\u00e8ces en danger soient arr\u00eat\u00e9s et fassent de la prison, que ceux qui pillent sans vergogne nos richesses, ou qui participent \u00e0 la d\u00e9forestation sauvage en paient les cons\u00e9quences. Mais on continue en parall\u00e8le \u00e0 gaspiller l\u2019eau, l\u2019\u00e9nergie. \u00c0 conduire des grosses cylindr\u00e9es, \u00e0 porter des v\u00eatements de marque, \u00e0 s\u2019acheter les derniers mod\u00e8les de iPhone ou de tablette, alors que ceux qu\u2019on a font pourtant amplement l\u2019affaire.<\/span><\/p>\n<p><span style=\"font-weight: 400;\">Idem pour ce qui est de jeter nos foutus m\u00e9gots de cigarette par terre, comme si l\u2019espace urbain \u00e9tait notre poubelle personnelle, un ph\u00e9nom\u00e8ne qui continue de me sid\u00e9rer apr\u00e8s toutes ces ann\u00e9es. Les m\u00e9gots de cigarette sont une source importante de pollution, ne sont pas biod\u00e9gradables. Il est ironique de voir le nombre de fumeurs qui jettent ponctuellement leur m\u00e9got par terre, alors qu\u2019il ne leur viendrait pas \u00e0 l\u2019esprit de jeter dans la rue un mouchoir en papier, pourtant au demeurant biod\u00e9gradable et bien moins nocif sur l\u2019environnement.<\/span><\/p>\n<p><span style=\"font-weight: 400;\">Bien s\u00fbr on se dit tout le temps qu\u2019on fait notre part, parce qu\u2019on a l\u2019incroyable altruisme de faire un tweet pro-environnemental, ou alors parce qu\u2019on est si vertueux que l\u2019on composte. Quant \u00e0 nos propres tares \u00e9cologiques, apr\u00e8s tout, on n\u2019a qu\u2019\u00e0 se dire qu\u2019on n\u2019est pas les seuls, les autres font pareils, parfois m\u00eame pire. Sauf qu\u2019\u00e0 d\u00e9noncer ainsi l\u2019aphasie \u00e9cologique d\u2019une main, tout en y contribuant de l\u2019autre main, on fait partie du probl\u00e8me, et non de la solution. Le capitalisme effr\u00e9n\u00e9, comme celui du Temps des F\u00eates par exemple, est un ph\u00e9nom\u00e8ne propre aux pays industrialis\u00e9s et sans contredit la cause la plus directe de notre empreinte polluante n\u00e9faste sur la plan\u00e8te.<\/span><\/p>\n<p><span style=\"font-weight: 400;\">Sommes-nous pr\u00eats \u00e0 laisser de c\u00f4t\u00e9 nos joujoux technologiques, \u00e0 \u00eatre moins d\u00e9pendants des produits de consommation, \u00e0 se restreindre de vouloir toujours poss\u00e9der la nouvelle b\u00e9belle, fra\u00eechement sortie? D\u00e9noncer le capitalisme, c\u2019est bien mais l\u2019exemple doit commencer par nous-m\u00eames. Dans le cas contraire, ce n\u2019est que du vent.<\/span><\/p>\n<p><span style=\"font-weight: 400;\">Vincent Di Candido<\/span><\/p>\n","protected":false},"excerpt":{"rendered":"<p>Du 7 au 19 d\u00e9cembre 2022, Montr\u00e9al s\u2019est faite ville-h\u00f4tesse de la COP15, cette conf\u00e9rence aux r\u00e9percussions de l\u2019ONU sur la Biodiversit\u00e9 et la n\u00e9cessit\u00e9 de mieux prot\u00e9ger les esp\u00e8ces v\u00e9g\u00e9tales et animales de la plan\u00e8te. Pr\u00e8s d\u2019un million d\u2019esp\u00e8ces&hellip;<\/p>\n","protected":false},"author":2143,"featured_media":1710691,"comment_status":"closed","ping_status":"closed","sticky":false,"template":"","format":"standard","meta":{"footnotes":""},"categories":[97,163],"tags":[106881,109322,109321,29617],"class_list":["post-1710687","post","type-post","status-publish","format-standard","has-post-thumbnail","hentry","category-environnement-et-ecologie","category-opinion-fr","tag-cop15-fr","tag-echosmontreal","tag-militant","tag-montreal"],"yoast_head":"<!-- This site is optimized with the Yoast SEO plugin v27.1.1 - https:\/\/yoast.com\/product\/yoast-seo-wordpress\/ -->\n<title>Biodiversit\u00e9, COP15 et fanatisme militant<\/title>\n<meta name=\"description\" content=\"Du 7 au 19 d\u00e9cembre 2022, Montr\u00e9al s\u2019est faite ville-h\u00f4tesse de la COP15, cette conf\u00e9rence aux r\u00e9percussions de l\u2019ONU sur la Biodiversit\u00e9 et la n\u00e9cessit\u00e9\" \/>\n<meta name=\"robots\" content=\"index, follow, max-snippet:-1, max-image-preview:large, max-video-preview:-1\" \/>\n<link rel=\"canonical\" href=\"https:\/\/www.pressenza.com\/fr\/2023\/01\/biodiversite-cop15-et-fanatisme-militant\/\" \/>\n<meta property=\"og:locale\" content=\"fr_FR\" \/>\n<meta property=\"og:type\" content=\"article\" \/>\n<meta property=\"og:title\" content=\"Biodiversit\u00e9, COP15 et fanatisme militant\" \/>\n<meta property=\"og:description\" content=\"Du 7 au 19 d\u00e9cembre 2022, Montr\u00e9al s\u2019est faite ville-h\u00f4tesse de la COP15, cette conf\u00e9rence aux r\u00e9percussions de l\u2019ONU sur la Biodiversit\u00e9 et la n\u00e9cessit\u00e9\" \/>\n<meta property=\"og:url\" content=\"https:\/\/www.pressenza.com\/fr\/2023\/01\/biodiversite-cop15-et-fanatisme-militant\/\" \/>\n<meta property=\"og:site_name\" content=\"Pressenza\" \/>\n<meta property=\"article:publisher\" content=\"https:\/\/www.facebook.com\/PressenzaItalia\" \/>\n<meta property=\"article:published_time\" content=\"2023-01-19T23:30:36+00:00\" \/>\n<meta property=\"article:modified_time\" content=\"2023-01-20T15:53:06+00:00\" \/>\n<meta property=\"og:image\" content=\"https:\/\/www.pressenza.com\/wp-content\/uploads\/2023\/01\/Biodiversite-echo.png\" \/>\n\t<meta property=\"og:image:width\" content=\"768\" \/>\n\t<meta property=\"og:image:height\" content=\"375\" \/>\n\t<meta property=\"og:image:type\" content=\"image\/png\" \/>\n<meta name=\"author\" content=\"AMECQ - Association des m\u00e9dias \u00e9crits communautaires du Qu\u00e9bec\" \/>\n<meta name=\"twitter:card\" content=\"summary_large_image\" \/>\n<meta name=\"twitter:creator\" content=\"@PressenzaIPA\" \/>\n<meta name=\"twitter:site\" content=\"@PressenzaIPA\" \/>\n<meta name=\"twitter:label1\" content=\"\u00c9crit par\" \/>\n\t<meta name=\"twitter:data1\" content=\"AMECQ - Association des m\u00e9dias \u00e9crits communautaires du Qu\u00e9bec\" \/>\n\t<meta name=\"twitter:label2\" content=\"Dur\u00e9e de lecture estim\u00e9e\" \/>\n\t<meta name=\"twitter:data2\" content=\"6 minutes\" \/>\n<script type=\"application\/ld+json\" class=\"yoast-schema-graph\">{\"@context\":\"https:\/\/schema.org\",\"@graph\":[{\"@type\":\"Article\",\"@id\":\"https:\/\/www.pressenza.com\/fr\/2023\/01\/biodiversite-cop15-et-fanatisme-militant\/#article\",\"isPartOf\":{\"@id\":\"https:\/\/www.pressenza.com\/fr\/2023\/01\/biodiversite-cop15-et-fanatisme-militant\/\"},\"author\":{\"name\":\"AMECQ - Association des m\u00e9dias \u00e9crits communautaires du Qu\u00e9bec\",\"@id\":\"https:\/\/www.pressenza.com\/fr\/#\/schema\/person\/5362584f414349fe88d3246d58d2ac3a\"},\"headline\":\"Biodiversit\u00e9, COP15 et fanatisme militant\",\"datePublished\":\"2023-01-19T23:30:36+00:00\",\"dateModified\":\"2023-01-20T15:53:06+00:00\",\"mainEntityOfPage\":{\"@id\":\"https:\/\/www.pressenza.com\/fr\/2023\/01\/biodiversite-cop15-et-fanatisme-militant\/\"},\"wordCount\":1184,\"publisher\":{\"@id\":\"https:\/\/www.pressenza.com\/fr\/#organization\"},\"image\":{\"@id\":\"https:\/\/www.pressenza.com\/fr\/2023\/01\/biodiversite-cop15-et-fanatisme-militant\/#primaryimage\"},\"thumbnailUrl\":\"https:\/\/www.pressenza.com\/wp-content\/uploads\/2023\/01\/Biodiversite-echo.png\",\"keywords\":[\"COP15\",\"echosmontreal\",\"militant\",\"Montr\u00e9al\"],\"articleSection\":[\"Ecologie et Environnement\",\"Opinion\"],\"inLanguage\":\"fr-FR\"},{\"@type\":\"WebPage\",\"@id\":\"https:\/\/www.pressenza.com\/fr\/2023\/01\/biodiversite-cop15-et-fanatisme-militant\/\",\"url\":\"https:\/\/www.pressenza.com\/fr\/2023\/01\/biodiversite-cop15-et-fanatisme-militant\/\",\"name\":\"Biodiversit\u00e9, COP15 et fanatisme militant\",\"isPartOf\":{\"@id\":\"https:\/\/www.pressenza.com\/fr\/#website\"},\"primaryImageOfPage\":{\"@id\":\"https:\/\/www.pressenza.com\/fr\/2023\/01\/biodiversite-cop15-et-fanatisme-militant\/#primaryimage\"},\"image\":{\"@id\":\"https:\/\/www.pressenza.com\/fr\/2023\/01\/biodiversite-cop15-et-fanatisme-militant\/#primaryimage\"},\"thumbnailUrl\":\"https:\/\/www.pressenza.com\/wp-content\/uploads\/2023\/01\/Biodiversite-echo.png\",\"datePublished\":\"2023-01-19T23:30:36+00:00\",\"dateModified\":\"2023-01-20T15:53:06+00:00\",\"description\":\"Du 7 au 19 d\u00e9cembre 2022, Montr\u00e9al s\u2019est faite ville-h\u00f4tesse de la COP15, cette conf\u00e9rence aux r\u00e9percussions de l\u2019ONU sur la Biodiversit\u00e9 et la n\u00e9cessit\u00e9\",\"breadcrumb\":{\"@id\":\"https:\/\/www.pressenza.com\/fr\/2023\/01\/biodiversite-cop15-et-fanatisme-militant\/#breadcrumb\"},\"inLanguage\":\"fr-FR\",\"potentialAction\":[{\"@type\":\"ReadAction\",\"target\":[\"https:\/\/www.pressenza.com\/fr\/2023\/01\/biodiversite-cop15-et-fanatisme-militant\/\"]}]},{\"@type\":\"ImageObject\",\"inLanguage\":\"fr-FR\",\"@id\":\"https:\/\/www.pressenza.com\/fr\/2023\/01\/biodiversite-cop15-et-fanatisme-militant\/#primaryimage\",\"url\":\"https:\/\/www.pressenza.com\/wp-content\/uploads\/2023\/01\/Biodiversite-echo.png\",\"contentUrl\":\"https:\/\/www.pressenza.com\/wp-content\/uploads\/2023\/01\/Biodiversite-echo.png\",\"width\":768,\"height\":375,\"caption\":\"Photo cr\u00e9dit: Journal \u00c9chos, Montr\u00e9al\"},{\"@type\":\"BreadcrumbList\",\"@id\":\"https:\/\/www.pressenza.com\/fr\/2023\/01\/biodiversite-cop15-et-fanatisme-militant\/#breadcrumb\",\"itemListElement\":[{\"@type\":\"ListItem\",\"position\":1,\"name\":\"Accueil\",\"item\":\"https:\/\/www.pressenza.com\/fr\/\"},{\"@type\":\"ListItem\",\"position\":2,\"name\":\"Biodiversit\u00e9, COP15 et fanatisme militant\"}]},{\"@type\":\"WebSite\",\"@id\":\"https:\/\/www.pressenza.com\/fr\/#website\",\"url\":\"https:\/\/www.pressenza.com\/fr\/\",\"name\":\"Pressenza\",\"description\":\"International Press Agency\",\"publisher\":{\"@id\":\"https:\/\/www.pressenza.com\/fr\/#organization\"},\"potentialAction\":[{\"@type\":\"SearchAction\",\"target\":{\"@type\":\"EntryPoint\",\"urlTemplate\":\"https:\/\/www.pressenza.com\/fr\/?s={search_term_string}\"},\"query-input\":{\"@type\":\"PropertyValueSpecification\",\"valueRequired\":true,\"valueName\":\"search_term_string\"}}],\"inLanguage\":\"fr-FR\"},{\"@type\":\"Organization\",\"@id\":\"https:\/\/www.pressenza.com\/fr\/#organization\",\"name\":\"Pressenza\",\"url\":\"https:\/\/www.pressenza.com\/fr\/\",\"logo\":{\"@type\":\"ImageObject\",\"inLanguage\":\"fr-FR\",\"@id\":\"https:\/\/www.pressenza.com\/fr\/#\/schema\/logo\/image\/\",\"url\":\"https:\/\/www.pressenza.com\/wp-content\/uploads\/2022\/10\/pressenza_logo_200x200.jpg\",\"contentUrl\":\"https:\/\/www.pressenza.com\/wp-content\/uploads\/2022\/10\/pressenza_logo_200x200.jpg\",\"width\":200,\"height\":200,\"caption\":\"Pressenza\"},\"image\":{\"@id\":\"https:\/\/www.pressenza.com\/fr\/#\/schema\/logo\/image\/\"},\"sameAs\":[\"https:\/\/www.facebook.com\/PressenzaItalia\",\"https:\/\/x.com\/PressenzaIPA\"]},{\"@type\":\"Person\",\"@id\":\"https:\/\/www.pressenza.com\/fr\/#\/schema\/person\/5362584f414349fe88d3246d58d2ac3a\",\"name\":\"AMECQ - Association des m\u00e9dias \u00e9crits communautaires du Qu\u00e9bec\",\"description\":\"L\u2019Association des m\u00e9dias \u00e9crits communautaires du Qu\u00e9bec a pour but : de fournir des services de soutien et de formation \u00e0 ses journaux communautaires membres et de les regrouper et de les repr\u00e9senter pour que ceux-ci puissent remplir leur r\u00f4le et leur mission fondamentale. L\u2019Association participe activement au d\u00e9veloppement et au rayonnement des m\u00e9dias \u00e9crits communautaires. Les liens \u00e9troits et constants qu\u2019elle entretient avec ses membres lui assurent une connaissance dynamique du secteur et de ses besoins. L\u2019AMECQ compte 74 journaux membres.\",\"url\":\"https:\/\/www.pressenza.com\/fr\/author\/amecq\/\"}]}<\/script>\n<!-- \/ Yoast SEO plugin. -->","yoast_head_json":{"title":"Biodiversit\u00e9, COP15 et fanatisme militant","description":"Du 7 au 19 d\u00e9cembre 2022, Montr\u00e9al s\u2019est faite ville-h\u00f4tesse de la COP15, cette conf\u00e9rence aux r\u00e9percussions de l\u2019ONU sur la Biodiversit\u00e9 et la n\u00e9cessit\u00e9","robots":{"index":"index","follow":"follow","max-snippet":"max-snippet:-1","max-image-preview":"max-image-preview:large","max-video-preview":"max-video-preview:-1"},"canonical":"https:\/\/www.pressenza.com\/fr\/2023\/01\/biodiversite-cop15-et-fanatisme-militant\/","og_locale":"fr_FR","og_type":"article","og_title":"Biodiversit\u00e9, COP15 et fanatisme militant","og_description":"Du 7 au 19 d\u00e9cembre 2022, Montr\u00e9al s\u2019est faite ville-h\u00f4tesse de la COP15, cette conf\u00e9rence aux r\u00e9percussions de l\u2019ONU sur la Biodiversit\u00e9 et la n\u00e9cessit\u00e9","og_url":"https:\/\/www.pressenza.com\/fr\/2023\/01\/biodiversite-cop15-et-fanatisme-militant\/","og_site_name":"Pressenza","article_publisher":"https:\/\/www.facebook.com\/PressenzaItalia","article_published_time":"2023-01-19T23:30:36+00:00","article_modified_time":"2023-01-20T15:53:06+00:00","og_image":[{"width":768,"height":375,"url":"https:\/\/www.pressenza.com\/wp-content\/uploads\/2023\/01\/Biodiversite-echo.png","type":"image\/png"}],"author":"AMECQ - Association des m\u00e9dias \u00e9crits communautaires du Qu\u00e9bec","twitter_card":"summary_large_image","twitter_creator":"@PressenzaIPA","twitter_site":"@PressenzaIPA","twitter_misc":{"\u00c9crit par":"AMECQ - Association des m\u00e9dias \u00e9crits communautaires du Qu\u00e9bec","Dur\u00e9e de lecture estim\u00e9e":"6 minutes"},"schema":{"@context":"https:\/\/schema.org","@graph":[{"@type":"Article","@id":"https:\/\/www.pressenza.com\/fr\/2023\/01\/biodiversite-cop15-et-fanatisme-militant\/#article","isPartOf":{"@id":"https:\/\/www.pressenza.com\/fr\/2023\/01\/biodiversite-cop15-et-fanatisme-militant\/"},"author":{"name":"AMECQ - Association des m\u00e9dias \u00e9crits communautaires du Qu\u00e9bec","@id":"https:\/\/www.pressenza.com\/fr\/#\/schema\/person\/5362584f414349fe88d3246d58d2ac3a"},"headline":"Biodiversit\u00e9, COP15 et fanatisme militant","datePublished":"2023-01-19T23:30:36+00:00","dateModified":"2023-01-20T15:53:06+00:00","mainEntityOfPage":{"@id":"https:\/\/www.pressenza.com\/fr\/2023\/01\/biodiversite-cop15-et-fanatisme-militant\/"},"wordCount":1184,"publisher":{"@id":"https:\/\/www.pressenza.com\/fr\/#organization"},"image":{"@id":"https:\/\/www.pressenza.com\/fr\/2023\/01\/biodiversite-cop15-et-fanatisme-militant\/#primaryimage"},"thumbnailUrl":"https:\/\/www.pressenza.com\/wp-content\/uploads\/2023\/01\/Biodiversite-echo.png","keywords":["COP15","echosmontreal","militant","Montr\u00e9al"],"articleSection":["Ecologie et Environnement","Opinion"],"inLanguage":"fr-FR"},{"@type":"WebPage","@id":"https:\/\/www.pressenza.com\/fr\/2023\/01\/biodiversite-cop15-et-fanatisme-militant\/","url":"https:\/\/www.pressenza.com\/fr\/2023\/01\/biodiversite-cop15-et-fanatisme-militant\/","name":"Biodiversit\u00e9, COP15 et fanatisme militant","isPartOf":{"@id":"https:\/\/www.pressenza.com\/fr\/#website"},"primaryImageOfPage":{"@id":"https:\/\/www.pressenza.com\/fr\/2023\/01\/biodiversite-cop15-et-fanatisme-militant\/#primaryimage"},"image":{"@id":"https:\/\/www.pressenza.com\/fr\/2023\/01\/biodiversite-cop15-et-fanatisme-militant\/#primaryimage"},"thumbnailUrl":"https:\/\/www.pressenza.com\/wp-content\/uploads\/2023\/01\/Biodiversite-echo.png","datePublished":"2023-01-19T23:30:36+00:00","dateModified":"2023-01-20T15:53:06+00:00","description":"Du 7 au 19 d\u00e9cembre 2022, Montr\u00e9al s\u2019est faite ville-h\u00f4tesse de la COP15, cette conf\u00e9rence aux r\u00e9percussions de l\u2019ONU sur la Biodiversit\u00e9 et la n\u00e9cessit\u00e9","breadcrumb":{"@id":"https:\/\/www.pressenza.com\/fr\/2023\/01\/biodiversite-cop15-et-fanatisme-militant\/#breadcrumb"},"inLanguage":"fr-FR","potentialAction":[{"@type":"ReadAction","target":["https:\/\/www.pressenza.com\/fr\/2023\/01\/biodiversite-cop15-et-fanatisme-militant\/"]}]},{"@type":"ImageObject","inLanguage":"fr-FR","@id":"https:\/\/www.pressenza.com\/fr\/2023\/01\/biodiversite-cop15-et-fanatisme-militant\/#primaryimage","url":"https:\/\/www.pressenza.com\/wp-content\/uploads\/2023\/01\/Biodiversite-echo.png","contentUrl":"https:\/\/www.pressenza.com\/wp-content\/uploads\/2023\/01\/Biodiversite-echo.png","width":768,"height":375,"caption":"Photo cr\u00e9dit: Journal \u00c9chos, Montr\u00e9al"},{"@type":"BreadcrumbList","@id":"https:\/\/www.pressenza.com\/fr\/2023\/01\/biodiversite-cop15-et-fanatisme-militant\/#breadcrumb","itemListElement":[{"@type":"ListItem","position":1,"name":"Accueil","item":"https:\/\/www.pressenza.com\/fr\/"},{"@type":"ListItem","position":2,"name":"Biodiversit\u00e9, COP15 et fanatisme militant"}]},{"@type":"WebSite","@id":"https:\/\/www.pressenza.com\/fr\/#website","url":"https:\/\/www.pressenza.com\/fr\/","name":"Pressenza","description":"International Press Agency","publisher":{"@id":"https:\/\/www.pressenza.com\/fr\/#organization"},"potentialAction":[{"@type":"SearchAction","target":{"@type":"EntryPoint","urlTemplate":"https:\/\/www.pressenza.com\/fr\/?s={search_term_string}"},"query-input":{"@type":"PropertyValueSpecification","valueRequired":true,"valueName":"search_term_string"}}],"inLanguage":"fr-FR"},{"@type":"Organization","@id":"https:\/\/www.pressenza.com\/fr\/#organization","name":"Pressenza","url":"https:\/\/www.pressenza.com\/fr\/","logo":{"@type":"ImageObject","inLanguage":"fr-FR","@id":"https:\/\/www.pressenza.com\/fr\/#\/schema\/logo\/image\/","url":"https:\/\/www.pressenza.com\/wp-content\/uploads\/2022\/10\/pressenza_logo_200x200.jpg","contentUrl":"https:\/\/www.pressenza.com\/wp-content\/uploads\/2022\/10\/pressenza_logo_200x200.jpg","width":200,"height":200,"caption":"Pressenza"},"image":{"@id":"https:\/\/www.pressenza.com\/fr\/#\/schema\/logo\/image\/"},"sameAs":["https:\/\/www.facebook.com\/PressenzaItalia","https:\/\/x.com\/PressenzaIPA"]},{"@type":"Person","@id":"https:\/\/www.pressenza.com\/fr\/#\/schema\/person\/5362584f414349fe88d3246d58d2ac3a","name":"AMECQ - Association des m\u00e9dias \u00e9crits communautaires du Qu\u00e9bec","description":"L\u2019Association des m\u00e9dias \u00e9crits communautaires du Qu\u00e9bec a pour but : de fournir des services de soutien et de formation \u00e0 ses journaux communautaires membres et de les regrouper et de les repr\u00e9senter pour que ceux-ci puissent remplir leur r\u00f4le et leur mission fondamentale. L\u2019Association participe activement au d\u00e9veloppement et au rayonnement des m\u00e9dias \u00e9crits communautaires. Les liens \u00e9troits et constants qu\u2019elle entretient avec ses membres lui assurent une connaissance dynamique du secteur et de ses besoins. L\u2019AMECQ compte 74 journaux membres.","url":"https:\/\/www.pressenza.com\/fr\/author\/amecq\/"}]}},"place":"\u00c9chos, Montr\u00e9al","original_article_url":"https:\/\/amecq.ca\/2023\/01\/17\/biodiversite-cop15-et-fanatisme-militant\/","_links":{"self":[{"href":"https:\/\/www.pressenza.com\/fr\/wp-json\/wp\/v2\/posts\/1710687","targetHints":{"allow":["GET"]}}],"collection":[{"href":"https:\/\/www.pressenza.com\/fr\/wp-json\/wp\/v2\/posts"}],"about":[{"href":"https:\/\/www.pressenza.com\/fr\/wp-json\/wp\/v2\/types\/post"}],"author":[{"embeddable":true,"href":"https:\/\/www.pressenza.com\/fr\/wp-json\/wp\/v2\/users\/2143"}],"replies":[{"embeddable":true,"href":"https:\/\/www.pressenza.com\/fr\/wp-json\/wp\/v2\/comments?post=1710687"}],"version-history":[{"count":0,"href":"https:\/\/www.pressenza.com\/fr\/wp-json\/wp\/v2\/posts\/1710687\/revisions"}],"wp:featuredmedia":[{"embeddable":true,"href":"https:\/\/www.pressenza.com\/fr\/wp-json\/wp\/v2\/media\/1710691"}],"wp:attachment":[{"href":"https:\/\/www.pressenza.com\/fr\/wp-json\/wp\/v2\/media?parent=1710687"}],"wp:term":[{"taxonomy":"category","embeddable":true,"href":"https:\/\/www.pressenza.com\/fr\/wp-json\/wp\/v2\/categories?post=1710687"},{"taxonomy":"post_tag","embeddable":true,"href":"https:\/\/www.pressenza.com\/fr\/wp-json\/wp\/v2\/tags?post=1710687"}],"curies":[{"name":"wp","href":"https:\/\/api.w.org\/{rel}","templated":true}]}}