{"id":1710485,"date":"2023-01-20T16:37:49","date_gmt":"2023-01-20T16:37:49","guid":{"rendered":"https:\/\/www.pressenza.com\/?p=1710485"},"modified":"2023-01-20T16:37:49","modified_gmt":"2023-01-20T16:37:49","slug":"btselem-revele-les-mensonges-des-generaux-israeliens-sur-les-meurtres-de-palestiniens","status":"publish","type":"post","link":"https:\/\/www.pressenza.com\/fr\/2023\/01\/btselem-revele-les-mensonges-des-generaux-israeliens-sur-les-meurtres-de-palestiniens\/","title":{"rendered":"B&rsquo;tselem r\u00e9v\u00e8le les mensonges des g\u00e9n\u00e9raux isra\u00e9liens sur les meurtres de Palestiniens"},"content":{"rendered":"<p>B&rsquo;tselem a publi\u00e9 une <a href=\"https:\/\/twitter.com\/i\/status\/1615224799235653635\" target=\"_blank\" rel=\"noopener noreferrer\">vid\u00e9o<\/a> au sujet de Raed Na&rsquo;saan, 21 ans,\u00a0 tu\u00e9 par des soldats isra\u00e9liens alors qu&rsquo;il fuyait le lieu des affrontements in\u00e9gaux, pierres contre balles.<\/p>\n<p>Les faits remontent au 29 novembre 2022, lors du raid de l&rsquo;arm\u00e9e sur le village de Moughir, \u00e0 l&rsquo;est de Ramallah.<\/p>\n<p>L&rsquo;arm\u00e9e, comme d&rsquo;habitude, a justifi\u00e9 le meurtre en affirmant que le gar\u00e7on avait jet\u00e9 un cocktail molotov sur les soldats. Ils ont menti, en toute connaissance de cause.<\/p>\n<p>L&rsquo;enqu\u00eate men\u00e9e par l&rsquo;organisation isra\u00e9lienne B&rsquo;tselem a permis de recueillir des vid\u00e9os et des t\u00e9moignages qui r\u00e9futent la version des soldats menteurs.<\/p>\n","protected":false},"excerpt":{"rendered":"<p>B&rsquo;tselem a publi\u00e9 une vid\u00e9o au sujet de Raed Na&rsquo;saan, 21 ans,\u00a0 tu\u00e9 par des soldats isra\u00e9liens alors qu&rsquo;il fuyait le lieu des affrontements in\u00e9gaux, pierres contre balles. Les faits remontent au 29 novembre 2022, lors du raid de l&rsquo;arm\u00e9e&hellip;<\/p>\n","protected":false},"author":2080,"featured_media":1710486,"comment_status":"closed","ping_status":"closed","sticky":false,"template":"","format":"standard","meta":{"footnotes":""},"categories":[11386,98,90],"tags":[1113,53188],"class_list":["post-1710485","post","type-post","status-publish","format-standard","has-post-thumbnail","hentry","category-contenu-original","category-droits-de-lhomme","category-moyen-orient","tag-palestine-fr","tag-question-israelo-palestinienne"],"yoast_head":"<!-- This site is optimized with the Yoast SEO plugin v27.1.1 - https:\/\/yoast.com\/product\/yoast-seo-wordpress\/ -->\n<title>B&#039;tselem r\u00e9v\u00e8le les mensonges des g\u00e9n\u00e9raux isra\u00e9liens sur les meurtres de Palestiniens<\/title>\n<meta name=\"description\" content=\"B&#039;tselem a publi\u00e9 une vid\u00e9o au sujet de Raed Na&#039;saan, 21 ans,\u00a0 tu\u00e9 par des soldats isra\u00e9liens alors qu&#039;il fuyait le lieu des affrontements in\u00e9gaux,\" \/>\n<meta name=\"robots\" content=\"index, follow, max-snippet:-1, max-image-preview:large, max-video-preview:-1\" \/>\n<link rel=\"canonical\" href=\"https:\/\/www.pressenza.com\/fr\/2023\/01\/btselem-revele-les-mensonges-des-generaux-israeliens-sur-les-meurtres-de-palestiniens\/\" \/>\n<meta property=\"og:locale\" content=\"fr_FR\" \/>\n<meta property=\"og:type\" content=\"article\" \/>\n<meta property=\"og:title\" content=\"B&#039;tselem r\u00e9v\u00e8le les mensonges des g\u00e9n\u00e9raux isra\u00e9liens sur les meurtres de Palestiniens\" \/>\n<meta property=\"og:description\" content=\"B&#039;tselem a publi\u00e9 une vid\u00e9o au sujet de Raed Na&#039;saan, 21 ans,\u00a0 tu\u00e9 par des soldats isra\u00e9liens alors qu&#039;il fuyait le lieu des affrontements in\u00e9gaux,\" \/>\n<meta property=\"og:url\" content=\"https:\/\/www.pressenza.com\/fr\/2023\/01\/btselem-revele-les-mensonges-des-generaux-israeliens-sur-les-meurtres-de-palestiniens\/\" \/>\n<meta property=\"og:site_name\" content=\"Pressenza\" \/>\n<meta property=\"article:publisher\" content=\"https:\/\/www.facebook.com\/PressenzaItalia\" \/>\n<meta property=\"article:published_time\" content=\"2023-01-20T16:37:49+00:00\" \/>\n<meta property=\"og:image\" content=\"https:\/\/www.pressenza.com\/wp-content\/uploads\/2023\/01\/btselem-video-palestina.jpg\" \/>\n\t<meta property=\"og:image:width\" content=\"864\" \/>\n\t<meta property=\"og:image:height\" content=\"599\" \/>\n\t<meta property=\"og:image:type\" content=\"image\/jpeg\" \/>\n<meta name=\"author\" content=\"ANBAMED\" \/>\n<meta name=\"twitter:card\" content=\"summary_large_image\" \/>\n<meta name=\"twitter:creator\" content=\"@PressenzaIPA\" \/>\n<meta name=\"twitter:site\" content=\"@PressenzaIPA\" \/>\n<meta name=\"twitter:label1\" content=\"\u00c9crit par\" \/>\n\t<meta name=\"twitter:data1\" content=\"ANBAMED\" \/>\n\t<meta name=\"twitter:label2\" content=\"Dur\u00e9e de lecture estim\u00e9e\" \/>\n\t<meta name=\"twitter:data2\" content=\"1 minute\" \/>\n<script type=\"application\/ld+json\" class=\"yoast-schema-graph\">{\"@context\":\"https:\/\/schema.org\",\"@graph\":[{\"@type\":\"Article\",\"@id\":\"https:\/\/www.pressenza.com\/fr\/2023\/01\/btselem-revele-les-mensonges-des-generaux-israeliens-sur-les-meurtres-de-palestiniens\/#article\",\"isPartOf\":{\"@id\":\"https:\/\/www.pressenza.com\/fr\/2023\/01\/btselem-revele-les-mensonges-des-generaux-israeliens-sur-les-meurtres-de-palestiniens\/\"},\"author\":{\"name\":\"ANBAMED\",\"@id\":\"https:\/\/www.pressenza.com\/fr\/#\/schema\/person\/9f05db79ca2872d8e94cb459a93831e4\"},\"headline\":\"B&rsquo;tselem r\u00e9v\u00e8le les mensonges des g\u00e9n\u00e9raux isra\u00e9liens sur les meurtres de Palestiniens\",\"datePublished\":\"2023-01-20T16:37:49+00:00\",\"mainEntityOfPage\":{\"@id\":\"https:\/\/www.pressenza.com\/fr\/2023\/01\/btselem-revele-les-mensonges-des-generaux-israeliens-sur-les-meurtres-de-palestiniens\/\"},\"wordCount\":135,\"publisher\":{\"@id\":\"https:\/\/www.pressenza.com\/fr\/#organization\"},\"image\":{\"@id\":\"https:\/\/www.pressenza.com\/fr\/2023\/01\/btselem-revele-les-mensonges-des-generaux-israeliens-sur-les-meurtres-de-palestiniens\/#primaryimage\"},\"thumbnailUrl\":\"https:\/\/www.pressenza.com\/wp-content\/uploads\/2023\/01\/btselem-video-palestina.jpg\",\"keywords\":[\"Palestine\",\"question isra\u00e9lo-palestinienne\"],\"articleSection\":[\"Contenu Original\",\"Droits humains\",\"Proche et Moyen-Orient\"],\"inLanguage\":\"fr-FR\"},{\"@type\":\"WebPage\",\"@id\":\"https:\/\/www.pressenza.com\/fr\/2023\/01\/btselem-revele-les-mensonges-des-generaux-israeliens-sur-les-meurtres-de-palestiniens\/\",\"url\":\"https:\/\/www.pressenza.com\/fr\/2023\/01\/btselem-revele-les-mensonges-des-generaux-israeliens-sur-les-meurtres-de-palestiniens\/\",\"name\":\"B'tselem r\u00e9v\u00e8le les mensonges des g\u00e9n\u00e9raux isra\u00e9liens sur les meurtres de Palestiniens\",\"isPartOf\":{\"@id\":\"https:\/\/www.pressenza.com\/fr\/#website\"},\"primaryImageOfPage\":{\"@id\":\"https:\/\/www.pressenza.com\/fr\/2023\/01\/btselem-revele-les-mensonges-des-generaux-israeliens-sur-les-meurtres-de-palestiniens\/#primaryimage\"},\"image\":{\"@id\":\"https:\/\/www.pressenza.com\/fr\/2023\/01\/btselem-revele-les-mensonges-des-generaux-israeliens-sur-les-meurtres-de-palestiniens\/#primaryimage\"},\"thumbnailUrl\":\"https:\/\/www.pressenza.com\/wp-content\/uploads\/2023\/01\/btselem-video-palestina.jpg\",\"datePublished\":\"2023-01-20T16:37:49+00:00\",\"description\":\"B'tselem a publi\u00e9 une vid\u00e9o au sujet de Raed Na'saan, 21 ans,\u00a0 tu\u00e9 par des soldats isra\u00e9liens alors qu'il fuyait le lieu des affrontements in\u00e9gaux,\",\"breadcrumb\":{\"@id\":\"https:\/\/www.pressenza.com\/fr\/2023\/01\/btselem-revele-les-mensonges-des-generaux-israeliens-sur-les-meurtres-de-palestiniens\/#breadcrumb\"},\"inLanguage\":\"fr-FR\",\"potentialAction\":[{\"@type\":\"ReadAction\",\"target\":[\"https:\/\/www.pressenza.com\/fr\/2023\/01\/btselem-revele-les-mensonges-des-generaux-israeliens-sur-les-meurtres-de-palestiniens\/\"]}]},{\"@type\":\"ImageObject\",\"inLanguage\":\"fr-FR\",\"@id\":\"https:\/\/www.pressenza.com\/fr\/2023\/01\/btselem-revele-les-mensonges-des-generaux-israeliens-sur-les-meurtres-de-palestiniens\/#primaryimage\",\"url\":\"https:\/\/www.pressenza.com\/wp-content\/uploads\/2023\/01\/btselem-video-palestina.jpg\",\"contentUrl\":\"https:\/\/www.pressenza.com\/wp-content\/uploads\/2023\/01\/btselem-video-palestina.jpg\",\"width\":864,\"height\":599},{\"@type\":\"BreadcrumbList\",\"@id\":\"https:\/\/www.pressenza.com\/fr\/2023\/01\/btselem-revele-les-mensonges-des-generaux-israeliens-sur-les-meurtres-de-palestiniens\/#breadcrumb\",\"itemListElement\":[{\"@type\":\"ListItem\",\"position\":1,\"name\":\"Accueil\",\"item\":\"https:\/\/www.pressenza.com\/fr\/\"},{\"@type\":\"ListItem\",\"position\":2,\"name\":\"B&rsquo;tselem r\u00e9v\u00e8le les mensonges des g\u00e9n\u00e9raux isra\u00e9liens sur les meurtres de Palestiniens\"}]},{\"@type\":\"WebSite\",\"@id\":\"https:\/\/www.pressenza.com\/fr\/#website\",\"url\":\"https:\/\/www.pressenza.com\/fr\/\",\"name\":\"Pressenza\",\"description\":\"International Press Agency\",\"publisher\":{\"@id\":\"https:\/\/www.pressenza.com\/fr\/#organization\"},\"potentialAction\":[{\"@type\":\"SearchAction\",\"target\":{\"@type\":\"EntryPoint\",\"urlTemplate\":\"https:\/\/www.pressenza.com\/fr\/?s={search_term_string}\"},\"query-input\":{\"@type\":\"PropertyValueSpecification\",\"valueRequired\":true,\"valueName\":\"search_term_string\"}}],\"inLanguage\":\"fr-FR\"},{\"@type\":\"Organization\",\"@id\":\"https:\/\/www.pressenza.com\/fr\/#organization\",\"name\":\"Pressenza\",\"url\":\"https:\/\/www.pressenza.com\/fr\/\",\"logo\":{\"@type\":\"ImageObject\",\"inLanguage\":\"fr-FR\",\"@id\":\"https:\/\/www.pressenza.com\/fr\/#\/schema\/logo\/image\/\",\"url\":\"https:\/\/www.pressenza.com\/wp-content\/uploads\/2022\/10\/pressenza_logo_200x200.jpg\",\"contentUrl\":\"https:\/\/www.pressenza.com\/wp-content\/uploads\/2022\/10\/pressenza_logo_200x200.jpg\",\"width\":200,\"height\":200,\"caption\":\"Pressenza\"},\"image\":{\"@id\":\"https:\/\/www.pressenza.com\/fr\/#\/schema\/logo\/image\/\"},\"sameAs\":[\"https:\/\/www.facebook.com\/PressenzaItalia\",\"https:\/\/x.com\/PressenzaIPA\"]},{\"@type\":\"Person\",\"@id\":\"https:\/\/www.pressenza.com\/fr\/#\/schema\/person\/9f05db79ca2872d8e94cb459a93831e4\",\"name\":\"ANBAMED\",\"description\":\"Notizie dal Sud Est del Mediterraneo\",\"sameAs\":[\"https:\/\/www.anbamed.it\/\"],\"url\":\"https:\/\/www.pressenza.com\/fr\/author\/anbamed\/\"}]}<\/script>\n<!-- \/ Yoast SEO plugin. -->","yoast_head_json":{"title":"B'tselem r\u00e9v\u00e8le les mensonges des g\u00e9n\u00e9raux isra\u00e9liens sur les meurtres de Palestiniens","description":"B'tselem a publi\u00e9 une vid\u00e9o au sujet de Raed Na'saan, 21 ans,\u00a0 tu\u00e9 par des soldats isra\u00e9liens alors qu'il fuyait le lieu des affrontements in\u00e9gaux,","robots":{"index":"index","follow":"follow","max-snippet":"max-snippet:-1","max-image-preview":"max-image-preview:large","max-video-preview":"max-video-preview:-1"},"canonical":"https:\/\/www.pressenza.com\/fr\/2023\/01\/btselem-revele-les-mensonges-des-generaux-israeliens-sur-les-meurtres-de-palestiniens\/","og_locale":"fr_FR","og_type":"article","og_title":"B'tselem r\u00e9v\u00e8le les mensonges des g\u00e9n\u00e9raux isra\u00e9liens sur les meurtres de Palestiniens","og_description":"B'tselem a publi\u00e9 une vid\u00e9o au sujet de Raed Na'saan, 21 ans,\u00a0 tu\u00e9 par des soldats isra\u00e9liens alors qu'il fuyait le lieu des affrontements in\u00e9gaux,","og_url":"https:\/\/www.pressenza.com\/fr\/2023\/01\/btselem-revele-les-mensonges-des-generaux-israeliens-sur-les-meurtres-de-palestiniens\/","og_site_name":"Pressenza","article_publisher":"https:\/\/www.facebook.com\/PressenzaItalia","article_published_time":"2023-01-20T16:37:49+00:00","og_image":[{"width":864,"height":599,"url":"https:\/\/www.pressenza.com\/wp-content\/uploads\/2023\/01\/btselem-video-palestina.jpg","type":"image\/jpeg"}],"author":"ANBAMED","twitter_card":"summary_large_image","twitter_creator":"@PressenzaIPA","twitter_site":"@PressenzaIPA","twitter_misc":{"\u00c9crit par":"ANBAMED","Dur\u00e9e de lecture estim\u00e9e":"1 minute"},"schema":{"@context":"https:\/\/schema.org","@graph":[{"@type":"Article","@id":"https:\/\/www.pressenza.com\/fr\/2023\/01\/btselem-revele-les-mensonges-des-generaux-israeliens-sur-les-meurtres-de-palestiniens\/#article","isPartOf":{"@id":"https:\/\/www.pressenza.com\/fr\/2023\/01\/btselem-revele-les-mensonges-des-generaux-israeliens-sur-les-meurtres-de-palestiniens\/"},"author":{"name":"ANBAMED","@id":"https:\/\/www.pressenza.com\/fr\/#\/schema\/person\/9f05db79ca2872d8e94cb459a93831e4"},"headline":"B&rsquo;tselem r\u00e9v\u00e8le les mensonges des g\u00e9n\u00e9raux isra\u00e9liens sur les meurtres de Palestiniens","datePublished":"2023-01-20T16:37:49+00:00","mainEntityOfPage":{"@id":"https:\/\/www.pressenza.com\/fr\/2023\/01\/btselem-revele-les-mensonges-des-generaux-israeliens-sur-les-meurtres-de-palestiniens\/"},"wordCount":135,"publisher":{"@id":"https:\/\/www.pressenza.com\/fr\/#organization"},"image":{"@id":"https:\/\/www.pressenza.com\/fr\/2023\/01\/btselem-revele-les-mensonges-des-generaux-israeliens-sur-les-meurtres-de-palestiniens\/#primaryimage"},"thumbnailUrl":"https:\/\/www.pressenza.com\/wp-content\/uploads\/2023\/01\/btselem-video-palestina.jpg","keywords":["Palestine","question isra\u00e9lo-palestinienne"],"articleSection":["Contenu Original","Droits humains","Proche et Moyen-Orient"],"inLanguage":"fr-FR"},{"@type":"WebPage","@id":"https:\/\/www.pressenza.com\/fr\/2023\/01\/btselem-revele-les-mensonges-des-generaux-israeliens-sur-les-meurtres-de-palestiniens\/","url":"https:\/\/www.pressenza.com\/fr\/2023\/01\/btselem-revele-les-mensonges-des-generaux-israeliens-sur-les-meurtres-de-palestiniens\/","name":"B'tselem r\u00e9v\u00e8le les mensonges des g\u00e9n\u00e9raux isra\u00e9liens sur les meurtres de Palestiniens","isPartOf":{"@id":"https:\/\/www.pressenza.com\/fr\/#website"},"primaryImageOfPage":{"@id":"https:\/\/www.pressenza.com\/fr\/2023\/01\/btselem-revele-les-mensonges-des-generaux-israeliens-sur-les-meurtres-de-palestiniens\/#primaryimage"},"image":{"@id":"https:\/\/www.pressenza.com\/fr\/2023\/01\/btselem-revele-les-mensonges-des-generaux-israeliens-sur-les-meurtres-de-palestiniens\/#primaryimage"},"thumbnailUrl":"https:\/\/www.pressenza.com\/wp-content\/uploads\/2023\/01\/btselem-video-palestina.jpg","datePublished":"2023-01-20T16:37:49+00:00","description":"B'tselem a publi\u00e9 une vid\u00e9o au sujet de Raed Na'saan, 21 ans,\u00a0 tu\u00e9 par des soldats isra\u00e9liens alors qu'il fuyait le lieu des affrontements in\u00e9gaux,","breadcrumb":{"@id":"https:\/\/www.pressenza.com\/fr\/2023\/01\/btselem-revele-les-mensonges-des-generaux-israeliens-sur-les-meurtres-de-palestiniens\/#breadcrumb"},"inLanguage":"fr-FR","potentialAction":[{"@type":"ReadAction","target":["https:\/\/www.pressenza.com\/fr\/2023\/01\/btselem-revele-les-mensonges-des-generaux-israeliens-sur-les-meurtres-de-palestiniens\/"]}]},{"@type":"ImageObject","inLanguage":"fr-FR","@id":"https:\/\/www.pressenza.com\/fr\/2023\/01\/btselem-revele-les-mensonges-des-generaux-israeliens-sur-les-meurtres-de-palestiniens\/#primaryimage","url":"https:\/\/www.pressenza.com\/wp-content\/uploads\/2023\/01\/btselem-video-palestina.jpg","contentUrl":"https:\/\/www.pressenza.com\/wp-content\/uploads\/2023\/01\/btselem-video-palestina.jpg","width":864,"height":599},{"@type":"BreadcrumbList","@id":"https:\/\/www.pressenza.com\/fr\/2023\/01\/btselem-revele-les-mensonges-des-generaux-israeliens-sur-les-meurtres-de-palestiniens\/#breadcrumb","itemListElement":[{"@type":"ListItem","position":1,"name":"Accueil","item":"https:\/\/www.pressenza.com\/fr\/"},{"@type":"ListItem","position":2,"name":"B&rsquo;tselem r\u00e9v\u00e8le les mensonges des g\u00e9n\u00e9raux isra\u00e9liens sur les meurtres de Palestiniens"}]},{"@type":"WebSite","@id":"https:\/\/www.pressenza.com\/fr\/#website","url":"https:\/\/www.pressenza.com\/fr\/","name":"Pressenza","description":"International Press Agency","publisher":{"@id":"https:\/\/www.pressenza.com\/fr\/#organization"},"potentialAction":[{"@type":"SearchAction","target":{"@type":"EntryPoint","urlTemplate":"https:\/\/www.pressenza.com\/fr\/?s={search_term_string}"},"query-input":{"@type":"PropertyValueSpecification","valueRequired":true,"valueName":"search_term_string"}}],"inLanguage":"fr-FR"},{"@type":"Organization","@id":"https:\/\/www.pressenza.com\/fr\/#organization","name":"Pressenza","url":"https:\/\/www.pressenza.com\/fr\/","logo":{"@type":"ImageObject","inLanguage":"fr-FR","@id":"https:\/\/www.pressenza.com\/fr\/#\/schema\/logo\/image\/","url":"https:\/\/www.pressenza.com\/wp-content\/uploads\/2022\/10\/pressenza_logo_200x200.jpg","contentUrl":"https:\/\/www.pressenza.com\/wp-content\/uploads\/2022\/10\/pressenza_logo_200x200.jpg","width":200,"height":200,"caption":"Pressenza"},"image":{"@id":"https:\/\/www.pressenza.com\/fr\/#\/schema\/logo\/image\/"},"sameAs":["https:\/\/www.facebook.com\/PressenzaItalia","https:\/\/x.com\/PressenzaIPA"]},{"@type":"Person","@id":"https:\/\/www.pressenza.com\/fr\/#\/schema\/person\/9f05db79ca2872d8e94cb459a93831e4","name":"ANBAMED","description":"Notizie dal Sud Est del Mediterraneo","sameAs":["https:\/\/www.anbamed.it\/"],"url":"https:\/\/www.pressenza.com\/fr\/author\/anbamed\/"}]}},"place":"Moughir - Palestine","original_article_url":"","_links":{"self":[{"href":"https:\/\/www.pressenza.com\/fr\/wp-json\/wp\/v2\/posts\/1710485","targetHints":{"allow":["GET"]}}],"collection":[{"href":"https:\/\/www.pressenza.com\/fr\/wp-json\/wp\/v2\/posts"}],"about":[{"href":"https:\/\/www.pressenza.com\/fr\/wp-json\/wp\/v2\/types\/post"}],"author":[{"embeddable":true,"href":"https:\/\/www.pressenza.com\/fr\/wp-json\/wp\/v2\/users\/2080"}],"replies":[{"embeddable":true,"href":"https:\/\/www.pressenza.com\/fr\/wp-json\/wp\/v2\/comments?post=1710485"}],"version-history":[{"count":0,"href":"https:\/\/www.pressenza.com\/fr\/wp-json\/wp\/v2\/posts\/1710485\/revisions"}],"wp:featuredmedia":[{"embeddable":true,"href":"https:\/\/www.pressenza.com\/fr\/wp-json\/wp\/v2\/media\/1710486"}],"wp:attachment":[{"href":"https:\/\/www.pressenza.com\/fr\/wp-json\/wp\/v2\/media?parent=1710485"}],"wp:term":[{"taxonomy":"category","embeddable":true,"href":"https:\/\/www.pressenza.com\/fr\/wp-json\/wp\/v2\/categories?post=1710485"},{"taxonomy":"post_tag","embeddable":true,"href":"https:\/\/www.pressenza.com\/fr\/wp-json\/wp\/v2\/tags?post=1710485"}],"curies":[{"name":"wp","href":"https:\/\/api.w.org\/{rel}","templated":true}]}}