{"id":1710003,"date":"2023-01-17T00:11:58","date_gmt":"2023-01-17T00:11:58","guid":{"rendered":"https:\/\/www.pressenza.com\/?p=1710003"},"modified":"2025-05-10T10:20:46","modified_gmt":"2025-05-10T09:20:46","slug":"dix-ans-apres-le-depart-daaron-swartz-un-grand-combattant-pour-la-libre-connaissance","status":"publish","type":"post","link":"https:\/\/www.pressenza.com\/fr\/2023\/01\/dix-ans-apres-le-depart-daaron-swartz-un-grand-combattant-pour-la-libre-connaissance\/","title":{"rendered":"Dix ans apr\u00e8s le d\u00e9part d&rsquo;Aaron Swartz, un grand combattant pour la libre connaissance"},"content":{"rendered":"<p>Ce 13 janvier 2023 marque le dixi\u00e8me anniversaire du d\u00e9part physique d&rsquo;Aaron Swartz. Une journ\u00e9e qui a \u00e9t\u00e9 institu\u00e9e en son honneur comme \u00ab\u00a0Journ\u00e9e du cyberactivisme\u00a0\u00bb.<\/p>\n<p>Wikip\u00e9dia &#8211; autre magnifique entreprise de libre acc\u00e8s \u00e0 la connaissance collective &#8211; nous informe qu&rsquo;Aaron, surnomm\u00e9 \u00ab\u00a0le prince de l&rsquo;internet\u00a0\u00bb, \u00e9tait un programmeur et hacktiviste am\u00e9ricain prolifique (entre autres vertus), qui a contribu\u00e9 \u00e0 d\u00e9velopper le format RSS pour les flux web, l&rsquo;architecture technique de Creative Commons, le framework web.py et Markdown, un format de langage de balisage l\u00e9ger.<\/p>\n<p>Dans une <a href=\"https:\/\/sursiendo.org\/2014\/01\/aaron-y-su-web-programable\/\">note<\/a> de Jacobo N\u00e1jera publi\u00e9e par le collectif SurSiendo, il est d\u00e9fini comme un \u00ab\u00a0promoteur, diffuseur et d\u00e9veloppeur de ce qu\u2019on appelle le Web s\u00e9mantique, celui que Tim-Berners Lee a d\u00e9fini comme une extension du Web actuel dans lequel l&rsquo;information re\u00e7oit une signification bien d\u00e9finie, permettant aux ordinateurs et aux personnes de travailler en coop\u00e9ration\u00a0\u00bb.<\/p>\n<p>\u00ab\u00a0Il est un communicateur scientifique, un artisan ; Aaron est une personne cl\u00e9 pour approcher et observer les g\u00e9n\u00e9rations dans le processus de manifestation des id\u00e9es et de la science comme axe directeur. Non seulement pour son travail impeccable en tant que scientifique, mais aussi pour avoir utilis\u00e9 le travail scientifique comme un processus de socialisation en elle-m\u00eame\u00a0\u00bb, ajoute N\u00e1jera, \u00e9galement chercheur et d\u00e9veloppeur de logiciels libres.<\/p>\n<p>Au-del\u00e0 de ses apports technologiques pratiques, la grande contribution de Swartz a \u00e9t\u00e9 de sensibiliser les citoyens \u00e0 la n\u00e9cessit\u00e9 d&rsquo;ouvrir l&rsquo;acc\u00e8s \u00e0 la connaissance \u00e0 toute l&rsquo;humanit\u00e9 sans restriction et de permettre sa libre circulation dans les espaces num\u00e9riques. Il a \u00e9t\u00e9 l&rsquo;un des principaux moteurs de la campagne visant \u00e0 affaiblir la loi sur le piratage en ligne (Arr\u00eatez le piratage en ligne) (SOPA).<\/p>\n<p>Un document int\u00e9ressant qui rend compte de son id\u00e9ologie et du fondement de ses actions est le <a href=\"http:\/\/www.lesmaterialistes.com\/voie-lactee\/manifeste-guerilla-pour-libre-acces-aaron-swartz\">Manifeste de la gu\u00e9rilla pour le libre acc\u00e8s<\/a>.<\/p>\n<p>On peut y lire : \u00ab\u00a0Vous, qui avez acc\u00e8s \u00e0 ces ressources &#8211; \u00e9tudiants, biblioth\u00e9caires, scientifiques &#8211; avez b\u00e9n\u00e9fici\u00e9 d&rsquo;un privil\u00e8ge. Vous pouvez vous nourrir \u00e0 ce banquet de la connaissance pendant que le reste du monde est laiss\u00e9 de c\u00f4t\u00e9. Mais il n&rsquo;est pas n\u00e9cessaire &#8211; en fait, moralement, ce n&rsquo;est pas possible &#8211; que vous gardiez ce privil\u00e8ge pour vous. Vous avez le devoir de le partager avec le monde.\u00a0\u00bb<\/p>\n<p>Sa constance l&rsquo;a amen\u00e9 \u00e0 se connecter au r\u00e9seau du MIT en utilisant un compte d&rsquo;utilisateur invit\u00e9 qui lui avait \u00e9t\u00e9 fourni par l&rsquo;institut, et \u00e0 partager syst\u00e9matiquement des articles de revues universitaires provenant de JSTOR, ce qui lui a valu d&rsquo;\u00eatre arr\u00eat\u00e9 le 6 janvier 2011.<\/p>\n<p>Les charges que le bureau du procureur de l&rsquo;\u00c9tat a exag\u00e9r\u00e9ment retenues contre lui \u00e9taient passibles d&rsquo;une peine de prison maximale de 50 ans et d&rsquo;une amende d&rsquo;un million de dollars. Ces poursuites visaient sans doute \u00e0 prendre une revanche sur l&rsquo;activisme libre et \u00e0 punir de mani\u00e8re exemplaire quiconque oserait transgresser les sacro-saintes r\u00e8gles de la propri\u00e9t\u00e9 intellectuelle.<\/p>\n<p>R\u00e9ticent \u00e0 accepter une peine moindre qu&rsquo;il ne jugeait pas du tout juste pour ses actes, il a mis fin \u00e0 son existence physique \u00e0 l&rsquo;\u00e2ge de vingt-six ans, le 13 janvier 2011.<\/p>\n<p>Dans un tweet comm\u00e9moratif, Tim Berners-Lee, consid\u00e9r\u00e9 comme le p\u00e8re du World Wide Web, a d\u00e9clar\u00e9 : \u00ab\u00a0Aaron est mort. Vagabonds du monde, nous avons perdu un vieil homme sage. Des pirates informatiques de plein droit, nous en avons perdu un. Vous, tous les parents, nous avons perdu un fils. Laissez-nous faire notre deuil.\u00a0\u00bb<\/p>\n<p>\u00c0 l&rsquo;instar des grands humanistes qui ont courageusement ouvert de nouvelles voies, malgr\u00e9 les pr\u00e9jug\u00e9s et les normes anachroniques, son action se perp\u00e9tue dans la m\u00e9moire, le pr\u00e9sent et l&rsquo;avenir de tous ceux qui travaillent dans et pour la bonne connaissance, pour le bien commun de l&rsquo;humanit\u00e9.<\/p>\n<p>&nbsp;<\/p>\n<p><strong>Voir aussi :<\/strong><\/p>\n<p class=\"entry-title\"><a href=\"https:\/\/www.pressenza.com\/fr\/2019\/05\/livre-flore-vasseur-ce-quil-reste-de-nos-reves\/\"><strong>[Livre] Flore Vasseur \u2013 Ce qu\u2019il reste de nos r\u00eaves<\/strong><\/a><\/p>\n<p class=\"entry-title\"><a href=\"https:\/\/www.pressenza.com\/2013\/01\/aaron-swartz-family-statement\/\"><strong>Aaron Swartz \u2013 family statement<\/strong><\/a><\/p>\n<p>&nbsp;<\/p>\n<p>&nbsp;<\/p>\n<p><em>Traduction de l\u2019espagnol, Evelyn Tischer<\/em><\/p>\n","protected":false},"excerpt":{"rendered":"<p>Ce 13 janvier 2023 marque le dixi\u00e8me anniversaire du d\u00e9part physique d&rsquo;Aaron Swartz. Une journ\u00e9e qui a \u00e9t\u00e9 institu\u00e9e en son honneur comme \u00ab\u00a0Journ\u00e9e du cyberactivisme\u00a0\u00bb. Wikip\u00e9dia &#8211; autre magnifique entreprise de libre acc\u00e8s \u00e0 la connaissance collective &#8211; nous&hellip;<\/p>\n","protected":false},"author":970,"featured_media":1710006,"comment_status":"closed","ping_status":"closed","sticky":false,"template":"","format":"standard","meta":{"footnotes":""},"categories":[11386,94,1246,40,495],"tags":[58704,109227,109228,109229,109230],"class_list":["post-1710003","post","type-post","status-publish","format-standard","has-post-thumbnail","hentry","category-contenu-original","category-culture-fr","category-humanisme-spiritualite","category-international-fr","category-sciences-technologie","tag-aaron-swartz-fr","tag-culture-libre","tag-cyberactivisme","tag-hacktivisme","tag-partage-des-connaissances"],"yoast_head":"<!-- This site is optimized with the Yoast SEO plugin v27.1.1 - https:\/\/yoast.com\/product\/yoast-seo-wordpress\/ -->\n<title>Dix ans apr\u00e8s le d\u00e9part d&#039;Aaron Swartz, un grand combattant pour la libre connaissance<\/title>\n<meta name=\"description\" content=\"Ce 13 janvier 2023 marque le dixi\u00e8me anniversaire du d\u00e9part physique d&#039;Aaron Swartz. Une journ\u00e9e qui a \u00e9t\u00e9 institu\u00e9e en son honneur comme &quot;Journ\u00e9e du\" \/>\n<meta name=\"robots\" content=\"index, follow, max-snippet:-1, max-image-preview:large, max-video-preview:-1\" \/>\n<link rel=\"canonical\" href=\"https:\/\/www.pressenza.com\/fr\/2023\/01\/dix-ans-apres-le-depart-daaron-swartz-un-grand-combattant-pour-la-libre-connaissance\/\" \/>\n<meta property=\"og:locale\" content=\"fr_FR\" \/>\n<meta property=\"og:type\" content=\"article\" \/>\n<meta property=\"og:title\" content=\"Dix ans apr\u00e8s le d\u00e9part d&#039;Aaron Swartz, un grand combattant pour la libre connaissance\" \/>\n<meta property=\"og:description\" content=\"Ce 13 janvier 2023 marque le dixi\u00e8me anniversaire du d\u00e9part physique d&#039;Aaron Swartz. Une journ\u00e9e qui a \u00e9t\u00e9 institu\u00e9e en son honneur comme &quot;Journ\u00e9e du\" \/>\n<meta property=\"og:url\" content=\"https:\/\/www.pressenza.com\/fr\/2023\/01\/dix-ans-apres-le-depart-daaron-swartz-un-grand-combattant-pour-la-libre-connaissance\/\" \/>\n<meta property=\"og:site_name\" content=\"Pressenza\" \/>\n<meta property=\"article:publisher\" content=\"https:\/\/www.facebook.com\/PressenzaItalia\" \/>\n<meta property=\"article:author\" content=\"https:\/\/www.facebook.com\/javier.tolcachier?fref=ts\" \/>\n<meta property=\"article:published_time\" content=\"2023-01-17T00:11:58+00:00\" \/>\n<meta property=\"article:modified_time\" content=\"2025-05-10T09:20:46+00:00\" \/>\n<meta property=\"og:image\" content=\"https:\/\/www.pressenza.com\/wp-content\/uploads\/2023\/01\/AaronSwartzPIPA.jpg\" \/>\n\t<meta property=\"og:image:width\" content=\"640\" \/>\n\t<meta property=\"og:image:height\" content=\"424\" \/>\n\t<meta property=\"og:image:type\" content=\"image\/jpeg\" \/>\n<meta name=\"author\" content=\"Javier Tolcachier\" \/>\n<meta name=\"twitter:card\" content=\"summary_large_image\" \/>\n<meta name=\"twitter:creator\" content=\"@jtolcachier\" \/>\n<meta name=\"twitter:site\" content=\"@PressenzaIPA\" \/>\n<meta name=\"twitter:label1\" content=\"\u00c9crit par\" \/>\n\t<meta name=\"twitter:data1\" content=\"Javier Tolcachier\" \/>\n\t<meta name=\"twitter:label2\" content=\"Dur\u00e9e de lecture estim\u00e9e\" \/>\n\t<meta name=\"twitter:data2\" content=\"4 minutes\" \/>\n<script type=\"application\/ld+json\" class=\"yoast-schema-graph\">{\"@context\":\"https:\/\/schema.org\",\"@graph\":[{\"@type\":\"Article\",\"@id\":\"https:\/\/www.pressenza.com\/fr\/2023\/01\/dix-ans-apres-le-depart-daaron-swartz-un-grand-combattant-pour-la-libre-connaissance\/#article\",\"isPartOf\":{\"@id\":\"https:\/\/www.pressenza.com\/fr\/2023\/01\/dix-ans-apres-le-depart-daaron-swartz-un-grand-combattant-pour-la-libre-connaissance\/\"},\"author\":{\"name\":\"Javier Tolcachier\",\"@id\":\"https:\/\/www.pressenza.com\/fr\/#\/schema\/person\/f353f6d4eed144101dedba60e6227564\"},\"headline\":\"Dix ans apr\u00e8s le d\u00e9part d&rsquo;Aaron Swartz, un grand combattant pour la libre connaissance\",\"datePublished\":\"2023-01-17T00:11:58+00:00\",\"dateModified\":\"2025-05-10T09:20:46+00:00\",\"mainEntityOfPage\":{\"@id\":\"https:\/\/www.pressenza.com\/fr\/2023\/01\/dix-ans-apres-le-depart-daaron-swartz-un-grand-combattant-pour-la-libre-connaissance\/\"},\"wordCount\":717,\"publisher\":{\"@id\":\"https:\/\/www.pressenza.com\/fr\/#organization\"},\"image\":{\"@id\":\"https:\/\/www.pressenza.com\/fr\/2023\/01\/dix-ans-apres-le-depart-daaron-swartz-un-grand-combattant-pour-la-libre-connaissance\/#primaryimage\"},\"thumbnailUrl\":\"https:\/\/www.pressenza.com\/wp-content\/uploads\/2023\/01\/AaronSwartzPIPA.jpg\",\"keywords\":[\"aaron swartz\",\"culture libre\",\"cyberactivisme\",\"hacktivisme\",\"partage des connaissances\"],\"articleSection\":[\"Contenu Original\",\"Culture et M\u00e9dias\",\"Humanisme et Spiritualit\u00e9\",\"International\",\"Sciences et Technologie\"],\"inLanguage\":\"fr-FR\"},{\"@type\":\"WebPage\",\"@id\":\"https:\/\/www.pressenza.com\/fr\/2023\/01\/dix-ans-apres-le-depart-daaron-swartz-un-grand-combattant-pour-la-libre-connaissance\/\",\"url\":\"https:\/\/www.pressenza.com\/fr\/2023\/01\/dix-ans-apres-le-depart-daaron-swartz-un-grand-combattant-pour-la-libre-connaissance\/\",\"name\":\"Dix ans apr\u00e8s le d\u00e9part d'Aaron Swartz, un grand combattant pour la libre connaissance\",\"isPartOf\":{\"@id\":\"https:\/\/www.pressenza.com\/fr\/#website\"},\"primaryImageOfPage\":{\"@id\":\"https:\/\/www.pressenza.com\/fr\/2023\/01\/dix-ans-apres-le-depart-daaron-swartz-un-grand-combattant-pour-la-libre-connaissance\/#primaryimage\"},\"image\":{\"@id\":\"https:\/\/www.pressenza.com\/fr\/2023\/01\/dix-ans-apres-le-depart-daaron-swartz-un-grand-combattant-pour-la-libre-connaissance\/#primaryimage\"},\"thumbnailUrl\":\"https:\/\/www.pressenza.com\/wp-content\/uploads\/2023\/01\/AaronSwartzPIPA.jpg\",\"datePublished\":\"2023-01-17T00:11:58+00:00\",\"dateModified\":\"2025-05-10T09:20:46+00:00\",\"description\":\"Ce 13 janvier 2023 marque le dixi\u00e8me anniversaire du d\u00e9part physique d'Aaron Swartz. Une journ\u00e9e qui a \u00e9t\u00e9 institu\u00e9e en son honneur comme \\\"Journ\u00e9e du\",\"breadcrumb\":{\"@id\":\"https:\/\/www.pressenza.com\/fr\/2023\/01\/dix-ans-apres-le-depart-daaron-swartz-un-grand-combattant-pour-la-libre-connaissance\/#breadcrumb\"},\"inLanguage\":\"fr-FR\",\"potentialAction\":[{\"@type\":\"ReadAction\",\"target\":[\"https:\/\/www.pressenza.com\/fr\/2023\/01\/dix-ans-apres-le-depart-daaron-swartz-un-grand-combattant-pour-la-libre-connaissance\/\"]}]},{\"@type\":\"ImageObject\",\"inLanguage\":\"fr-FR\",\"@id\":\"https:\/\/www.pressenza.com\/fr\/2023\/01\/dix-ans-apres-le-depart-daaron-swartz-un-grand-combattant-pour-la-libre-connaissance\/#primaryimage\",\"url\":\"https:\/\/www.pressenza.com\/wp-content\/uploads\/2023\/01\/AaronSwartzPIPA.jpg\",\"contentUrl\":\"https:\/\/www.pressenza.com\/wp-content\/uploads\/2023\/01\/AaronSwartzPIPA.jpg\",\"width\":640,\"height\":424},{\"@type\":\"BreadcrumbList\",\"@id\":\"https:\/\/www.pressenza.com\/fr\/2023\/01\/dix-ans-apres-le-depart-daaron-swartz-un-grand-combattant-pour-la-libre-connaissance\/#breadcrumb\",\"itemListElement\":[{\"@type\":\"ListItem\",\"position\":1,\"name\":\"Accueil\",\"item\":\"https:\/\/www.pressenza.com\/fr\/\"},{\"@type\":\"ListItem\",\"position\":2,\"name\":\"Dix ans apr\u00e8s le d\u00e9part d&#8217;Aaron Swartz, un grand combattant pour la libre connaissance\"}]},{\"@type\":\"WebSite\",\"@id\":\"https:\/\/www.pressenza.com\/fr\/#website\",\"url\":\"https:\/\/www.pressenza.com\/fr\/\",\"name\":\"Pressenza\",\"description\":\"International Press Agency\",\"publisher\":{\"@id\":\"https:\/\/www.pressenza.com\/fr\/#organization\"},\"potentialAction\":[{\"@type\":\"SearchAction\",\"target\":{\"@type\":\"EntryPoint\",\"urlTemplate\":\"https:\/\/www.pressenza.com\/fr\/?s={search_term_string}\"},\"query-input\":{\"@type\":\"PropertyValueSpecification\",\"valueRequired\":true,\"valueName\":\"search_term_string\"}}],\"inLanguage\":\"fr-FR\"},{\"@type\":\"Organization\",\"@id\":\"https:\/\/www.pressenza.com\/fr\/#organization\",\"name\":\"Pressenza\",\"url\":\"https:\/\/www.pressenza.com\/fr\/\",\"logo\":{\"@type\":\"ImageObject\",\"inLanguage\":\"fr-FR\",\"@id\":\"https:\/\/www.pressenza.com\/fr\/#\/schema\/logo\/image\/\",\"url\":\"https:\/\/www.pressenza.com\/wp-content\/uploads\/2022\/10\/pressenza_logo_200x200.jpg\",\"contentUrl\":\"https:\/\/www.pressenza.com\/wp-content\/uploads\/2022\/10\/pressenza_logo_200x200.jpg\",\"width\":200,\"height\":200,\"caption\":\"Pressenza\"},\"image\":{\"@id\":\"https:\/\/www.pressenza.com\/fr\/#\/schema\/logo\/image\/\"},\"sameAs\":[\"https:\/\/www.facebook.com\/PressenzaItalia\",\"https:\/\/x.com\/PressenzaIPA\"]},{\"@type\":\"Person\",\"@id\":\"https:\/\/www.pressenza.com\/fr\/#\/schema\/person\/f353f6d4eed144101dedba60e6227564\",\"name\":\"Javier Tolcachier\",\"description\":\"Javier Tolcachier is a researcher from the World Centre of Humanist Studies, an organism of the Humanist Movement. Mail: javiertolcachier@disroot.org Twitter: @jtolcachier\",\"sameAs\":[\"https:\/\/www.facebook.com\/javier.tolcachier?fref=ts\",\"https:\/\/x.com\/jtolcachier\"],\"url\":\"https:\/\/www.pressenza.com\/fr\/author\/javier-tolcachier\/\"}]}<\/script>\n<!-- \/ Yoast SEO plugin. -->","yoast_head_json":{"title":"Dix ans apr\u00e8s le d\u00e9part d'Aaron Swartz, un grand combattant pour la libre connaissance","description":"Ce 13 janvier 2023 marque le dixi\u00e8me anniversaire du d\u00e9part physique d'Aaron Swartz. Une journ\u00e9e qui a \u00e9t\u00e9 institu\u00e9e en son honneur comme \"Journ\u00e9e du","robots":{"index":"index","follow":"follow","max-snippet":"max-snippet:-1","max-image-preview":"max-image-preview:large","max-video-preview":"max-video-preview:-1"},"canonical":"https:\/\/www.pressenza.com\/fr\/2023\/01\/dix-ans-apres-le-depart-daaron-swartz-un-grand-combattant-pour-la-libre-connaissance\/","og_locale":"fr_FR","og_type":"article","og_title":"Dix ans apr\u00e8s le d\u00e9part d'Aaron Swartz, un grand combattant pour la libre connaissance","og_description":"Ce 13 janvier 2023 marque le dixi\u00e8me anniversaire du d\u00e9part physique d'Aaron Swartz. Une journ\u00e9e qui a \u00e9t\u00e9 institu\u00e9e en son honneur comme \"Journ\u00e9e du","og_url":"https:\/\/www.pressenza.com\/fr\/2023\/01\/dix-ans-apres-le-depart-daaron-swartz-un-grand-combattant-pour-la-libre-connaissance\/","og_site_name":"Pressenza","article_publisher":"https:\/\/www.facebook.com\/PressenzaItalia","article_author":"https:\/\/www.facebook.com\/javier.tolcachier?fref=ts","article_published_time":"2023-01-17T00:11:58+00:00","article_modified_time":"2025-05-10T09:20:46+00:00","og_image":[{"width":640,"height":424,"url":"https:\/\/www.pressenza.com\/wp-content\/uploads\/2023\/01\/AaronSwartzPIPA.jpg","type":"image\/jpeg"}],"author":"Javier Tolcachier","twitter_card":"summary_large_image","twitter_creator":"@jtolcachier","twitter_site":"@PressenzaIPA","twitter_misc":{"\u00c9crit par":"Javier Tolcachier","Dur\u00e9e de lecture estim\u00e9e":"4 minutes"},"schema":{"@context":"https:\/\/schema.org","@graph":[{"@type":"Article","@id":"https:\/\/www.pressenza.com\/fr\/2023\/01\/dix-ans-apres-le-depart-daaron-swartz-un-grand-combattant-pour-la-libre-connaissance\/#article","isPartOf":{"@id":"https:\/\/www.pressenza.com\/fr\/2023\/01\/dix-ans-apres-le-depart-daaron-swartz-un-grand-combattant-pour-la-libre-connaissance\/"},"author":{"name":"Javier Tolcachier","@id":"https:\/\/www.pressenza.com\/fr\/#\/schema\/person\/f353f6d4eed144101dedba60e6227564"},"headline":"Dix ans apr\u00e8s le d\u00e9part d&rsquo;Aaron Swartz, un grand combattant pour la libre connaissance","datePublished":"2023-01-17T00:11:58+00:00","dateModified":"2025-05-10T09:20:46+00:00","mainEntityOfPage":{"@id":"https:\/\/www.pressenza.com\/fr\/2023\/01\/dix-ans-apres-le-depart-daaron-swartz-un-grand-combattant-pour-la-libre-connaissance\/"},"wordCount":717,"publisher":{"@id":"https:\/\/www.pressenza.com\/fr\/#organization"},"image":{"@id":"https:\/\/www.pressenza.com\/fr\/2023\/01\/dix-ans-apres-le-depart-daaron-swartz-un-grand-combattant-pour-la-libre-connaissance\/#primaryimage"},"thumbnailUrl":"https:\/\/www.pressenza.com\/wp-content\/uploads\/2023\/01\/AaronSwartzPIPA.jpg","keywords":["aaron swartz","culture libre","cyberactivisme","hacktivisme","partage des connaissances"],"articleSection":["Contenu Original","Culture et M\u00e9dias","Humanisme et Spiritualit\u00e9","International","Sciences et Technologie"],"inLanguage":"fr-FR"},{"@type":"WebPage","@id":"https:\/\/www.pressenza.com\/fr\/2023\/01\/dix-ans-apres-le-depart-daaron-swartz-un-grand-combattant-pour-la-libre-connaissance\/","url":"https:\/\/www.pressenza.com\/fr\/2023\/01\/dix-ans-apres-le-depart-daaron-swartz-un-grand-combattant-pour-la-libre-connaissance\/","name":"Dix ans apr\u00e8s le d\u00e9part d'Aaron Swartz, un grand combattant pour la libre connaissance","isPartOf":{"@id":"https:\/\/www.pressenza.com\/fr\/#website"},"primaryImageOfPage":{"@id":"https:\/\/www.pressenza.com\/fr\/2023\/01\/dix-ans-apres-le-depart-daaron-swartz-un-grand-combattant-pour-la-libre-connaissance\/#primaryimage"},"image":{"@id":"https:\/\/www.pressenza.com\/fr\/2023\/01\/dix-ans-apres-le-depart-daaron-swartz-un-grand-combattant-pour-la-libre-connaissance\/#primaryimage"},"thumbnailUrl":"https:\/\/www.pressenza.com\/wp-content\/uploads\/2023\/01\/AaronSwartzPIPA.jpg","datePublished":"2023-01-17T00:11:58+00:00","dateModified":"2025-05-10T09:20:46+00:00","description":"Ce 13 janvier 2023 marque le dixi\u00e8me anniversaire du d\u00e9part physique d'Aaron Swartz. Une journ\u00e9e qui a \u00e9t\u00e9 institu\u00e9e en son honneur comme \"Journ\u00e9e du","breadcrumb":{"@id":"https:\/\/www.pressenza.com\/fr\/2023\/01\/dix-ans-apres-le-depart-daaron-swartz-un-grand-combattant-pour-la-libre-connaissance\/#breadcrumb"},"inLanguage":"fr-FR","potentialAction":[{"@type":"ReadAction","target":["https:\/\/www.pressenza.com\/fr\/2023\/01\/dix-ans-apres-le-depart-daaron-swartz-un-grand-combattant-pour-la-libre-connaissance\/"]}]},{"@type":"ImageObject","inLanguage":"fr-FR","@id":"https:\/\/www.pressenza.com\/fr\/2023\/01\/dix-ans-apres-le-depart-daaron-swartz-un-grand-combattant-pour-la-libre-connaissance\/#primaryimage","url":"https:\/\/www.pressenza.com\/wp-content\/uploads\/2023\/01\/AaronSwartzPIPA.jpg","contentUrl":"https:\/\/www.pressenza.com\/wp-content\/uploads\/2023\/01\/AaronSwartzPIPA.jpg","width":640,"height":424},{"@type":"BreadcrumbList","@id":"https:\/\/www.pressenza.com\/fr\/2023\/01\/dix-ans-apres-le-depart-daaron-swartz-un-grand-combattant-pour-la-libre-connaissance\/#breadcrumb","itemListElement":[{"@type":"ListItem","position":1,"name":"Accueil","item":"https:\/\/www.pressenza.com\/fr\/"},{"@type":"ListItem","position":2,"name":"Dix ans apr\u00e8s le d\u00e9part d&#8217;Aaron Swartz, un grand combattant pour la libre connaissance"}]},{"@type":"WebSite","@id":"https:\/\/www.pressenza.com\/fr\/#website","url":"https:\/\/www.pressenza.com\/fr\/","name":"Pressenza","description":"International Press Agency","publisher":{"@id":"https:\/\/www.pressenza.com\/fr\/#organization"},"potentialAction":[{"@type":"SearchAction","target":{"@type":"EntryPoint","urlTemplate":"https:\/\/www.pressenza.com\/fr\/?s={search_term_string}"},"query-input":{"@type":"PropertyValueSpecification","valueRequired":true,"valueName":"search_term_string"}}],"inLanguage":"fr-FR"},{"@type":"Organization","@id":"https:\/\/www.pressenza.com\/fr\/#organization","name":"Pressenza","url":"https:\/\/www.pressenza.com\/fr\/","logo":{"@type":"ImageObject","inLanguage":"fr-FR","@id":"https:\/\/www.pressenza.com\/fr\/#\/schema\/logo\/image\/","url":"https:\/\/www.pressenza.com\/wp-content\/uploads\/2022\/10\/pressenza_logo_200x200.jpg","contentUrl":"https:\/\/www.pressenza.com\/wp-content\/uploads\/2022\/10\/pressenza_logo_200x200.jpg","width":200,"height":200,"caption":"Pressenza"},"image":{"@id":"https:\/\/www.pressenza.com\/fr\/#\/schema\/logo\/image\/"},"sameAs":["https:\/\/www.facebook.com\/PressenzaItalia","https:\/\/x.com\/PressenzaIPA"]},{"@type":"Person","@id":"https:\/\/www.pressenza.com\/fr\/#\/schema\/person\/f353f6d4eed144101dedba60e6227564","name":"Javier Tolcachier","description":"Javier Tolcachier is a researcher from the World Centre of Humanist Studies, an organism of the Humanist Movement. Mail: javiertolcachier@disroot.org Twitter: @jtolcachier","sameAs":["https:\/\/www.facebook.com\/javier.tolcachier?fref=ts","https:\/\/x.com\/jtolcachier"],"url":"https:\/\/www.pressenza.com\/fr\/author\/javier-tolcachier\/"}]}},"place":"","original_article_url":"","_links":{"self":[{"href":"https:\/\/www.pressenza.com\/fr\/wp-json\/wp\/v2\/posts\/1710003","targetHints":{"allow":["GET"]}}],"collection":[{"href":"https:\/\/www.pressenza.com\/fr\/wp-json\/wp\/v2\/posts"}],"about":[{"href":"https:\/\/www.pressenza.com\/fr\/wp-json\/wp\/v2\/types\/post"}],"author":[{"embeddable":true,"href":"https:\/\/www.pressenza.com\/fr\/wp-json\/wp\/v2\/users\/970"}],"replies":[{"embeddable":true,"href":"https:\/\/www.pressenza.com\/fr\/wp-json\/wp\/v2\/comments?post=1710003"}],"version-history":[{"count":0,"href":"https:\/\/www.pressenza.com\/fr\/wp-json\/wp\/v2\/posts\/1710003\/revisions"}],"wp:featuredmedia":[{"embeddable":true,"href":"https:\/\/www.pressenza.com\/fr\/wp-json\/wp\/v2\/media\/1710006"}],"wp:attachment":[{"href":"https:\/\/www.pressenza.com\/fr\/wp-json\/wp\/v2\/media?parent=1710003"}],"wp:term":[{"taxonomy":"category","embeddable":true,"href":"https:\/\/www.pressenza.com\/fr\/wp-json\/wp\/v2\/categories?post=1710003"},{"taxonomy":"post_tag","embeddable":true,"href":"https:\/\/www.pressenza.com\/fr\/wp-json\/wp\/v2\/tags?post=1710003"}],"curies":[{"name":"wp","href":"https:\/\/api.w.org\/{rel}","templated":true}]}}