{"id":1709583,"date":"2023-01-15T15:58:27","date_gmt":"2023-01-15T15:58:27","guid":{"rendered":"https:\/\/www.pressenza.com\/?p=1709583"},"modified":"2023-01-22T13:52:06","modified_gmt":"2023-01-22T13:52:06","slug":"quel-droit-specifique-dedie-a-lintelligence-artificielle","status":"publish","type":"post","link":"https:\/\/www.pressenza.com\/fr\/2023\/01\/quel-droit-specifique-dedie-a-lintelligence-artificielle\/","title":{"rendered":"L\u2019incontr\u00f4lable essor de l\u2019intelligence artificielle : quelles protections juridiques \u00e0 l&rsquo;heure actuelle ?"},"content":{"rendered":"<p>Il existe plusieurs ph\u00e9nom\u00e8nes qui rendent les limites juridiques difficilement distinctes \u00e0 l\u2019\u00e9gard de l\u2019intelligence artificielle (IA) et son implication croissante dans diff\u00e9rents domaines, y compris la robotique. Si on compare du point de vue temporel la vitesse \u00e0 laquelle se d\u00e9veloppe l\u2019IA et son int\u00e9r\u00eat \u00e9conomique en tr\u00e8s forte \u00e9volution, avec les questions juridiques auxquelles l\u2019IA nous confrontent, ils ne semblent pas se synchroniser. Il est difficile de fixer les limites de ce qui peut constituer une atteinte aux droits des individus ou consommateurs et de possibles risques quels qu&rsquo;ils soient. Il s\u2019agit donc d\u2019un d\u00e9calage en mati\u00e8re d\u2019actions et de r\u00e9gulations : la soci\u00e9t\u00e9 fait d\u00e9faut face \u00e0 l\u2019impr\u00e9visible concernant les possibles probl\u00e8mes pos\u00e9s par l\u2019IA appliqu\u00e9e dans tous les domaines. Nous savons que ses \u00e9volutions couvrent une large panoplie d\u2019applications dans le domaine civil, notamment m\u00e9dical, \u00e9ducationnel (e-learning), soins \u00e0 la personne, drones, etc.<\/p>\n<p>L\u2019essor de l\u2019IA dans le domaine m\u00e9dical est con\u00e7u pour cr\u00e9er une proximit\u00e9 \u00e0 l\u2019\u00e9gard des acteurs de la sant\u00e9 et des services attendus, qui n&rsquo;est pas sans cons\u00e9quences. L\u2019IA utilis\u00e9e \u00e0 des fins de diagnostic m\u00e9dical, quand elle est confront\u00e9e \u00e0 un traitement de variabilit\u00e9 et d\u2019unicit\u00e9 en termes de donn\u00e9es m\u00e9dicales complexes, retrouve sa raison premi\u00e8re, c\u2019est-\u00e0-dire la r\u00e9p\u00e9titivit\u00e9. Elle perd sa capacit\u00e9 \u00e0 traiter des param\u00e8tres variables dans les analyses en diagnostic, notamment devant des cas de maladies difficiles, que seule l\u2019intelligence humaine est capable de traiter avec la complexit\u00e9 de connaissances m\u00e9dicales existantes, afin de d\u00e9cerner une question m\u00e9dicale \u00e9labor\u00e9e. On parle dans ce cas d\u2019un rapprochement Homme\/Machine et d\u2019une IA collaborative, mais qui a ses limites (1). Ainsi l\u2019IA est autonome dans un milieu connu, pr\u00e9vu pour ex\u00e9cuter des t\u00e2ches sp\u00e9cifiques, qui exclut des variabilit\u00e9s inattendues (Ibid. : 33).<\/p>\n<p>La question de l\u2019apport de l\u2019IA en mati\u00e8re \u00e9conomique et d\u2019avancement technologique et ses retomb\u00e9es dans les secteurs concern\u00e9s prime souvent sur les cons\u00e9quences impr\u00e9visibles au point de vue \u00e9thique et juridique. L\u2019IA dans le r\u00e9el permet de r\u00e9duire les co\u00fbts de nombreuses activit\u00e9s professionnelles. Le d\u00e9veloppement de l\u2019IA et de la robotisation place le d\u00e9bat sur la place de l\u2019homme au travail et de son remplacement pour des questions de rentabilit\u00e9 et d\u2019efficacit\u00e9. Mais les contraintes que ce syst\u00e8me pr\u00e9figure dans un contexte de march\u00e9 et de service pi\u00e9tine sur le droit du travail et de son application afin de garantir un minimum de droits \u00e0 l\u2019humain (2). Pourtant les r\u00e8gles europ\u00e9ennes de droit civique sur la robotique en rapport avec l\u2019IA (textes du parlement europ\u00e9en 2014-2019) stipulent dans ses principes g\u00e9n\u00e9raux par l\u2019article 3 que le d\u00e9veloppement de la technologie robotique devrait avant tout viser \u00e0 compl\u00e9ter les capacit\u00e9s humaines et non les remplacer. Cette \u00e9volution technologique, avant tout pouss\u00e9e pour des raisons \u00e9conomiques, ne d\u00e9finit pas suffisamment les limites que l\u2019implication de l\u2019IA et de la robotique peuvent atteindre dans divers secteurs d\u2019activit\u00e9s. Il est aussi question d\u2019emploi qui peut \u00eatre menac\u00e9. L\u2019expansion de l\u2019IA et son int\u00e9gration dans la robotique est telle que nul ne peut pr\u00e9dire son \u00e9volution et ses limites, donc sa l\u00e9gitimit\u00e9.<\/p>\n<p>Nous savons que des algorithmes tr\u00e8s d\u00e9velopp\u00e9s dans un syst\u00e8me opaque permettent de rentrer dans une interaction machine\/homme qui aboutit \u00e0 une reconnaissance de profil type, traits et tendances cognitives \u00e0 partir des activit\u00e9s et d\u00e9cisions humaines effectu\u00e9es \u00e0 travers une interface g\u00e9r\u00e9e par l\u2019IA. Celle-ci collecte des donn\u00e9es de l\u2019utilisateur et interagit avec lui. Il s\u2019agit des donn\u00e9es socioculturelles et de leurs qualit\u00e9s que cette technologie utilise \u00e0 l\u2019insu d\u2019un individu dans des cas divers, notamment \u00e0 travers les sites marchands (e-commerce).<\/p>\n<p>Pour illustrer une pratique courante dans cette logique, nous savons que quand un internaute navigue dans un site marchand quelconque, les cookies font leur apparition pour rep\u00e9rer l\u2019usager au cours de sa recherche, permettant d\u2019enregistrer sur un serveur le comportement de cet usager. Ainsi toutes ces traces pourront \u00eatre partag\u00e9es par diff\u00e9rentes soci\u00e9t\u00e9s, et utilis\u00e9es \u00e0 des fins commerciales. Maintenant, l&rsquo;IA intervient d\u00e9j\u00e0 dans les rayons des commerces de d\u00e9tails. Il peut s&rsquo;agir d&rsquo;un processus o\u00f9 l\u2019intelligence artificielle est par exemple utilis\u00e9e par le biais de la reconnaissance faciale pour capturer les comportements d\u2019un client dans un magasin. En somme, si un consommateur s\u2019attarde pendant un certain temps devant un produit \u2013 un mixer par exemple \u2013 cette information sera stock\u00e9e pour \u00eatre utilis\u00e9e lors de sa prochaine visite.<\/p>\n<p>Bien souvent ce dispositif g\u00e9n\u00e8re des pr\u00e9judices qui atteignent les droits et libert\u00e9s des individus en mati\u00e8re de confidentialit\u00e9 (2). Ainsi l\u2019article 14 des R\u00e8gles europ\u00e9ennes de droit civil sur la robotique au niveau de l\u2019intelligence artificielle pr\u00e9conise qu\u2019une attention particuli\u00e8re devrait \u00eatre accord\u00e9e aux syst\u00e8mes qui repr\u00e9sentent une s\u00e9rieuse menace pour la confidentialit\u00e9, en raison de leur emplacement dans des espaces traditionnellement prot\u00e9g\u00e9s et priv\u00e9s, et de leurs capacit\u00e9s d\u2019extraction et de transmission d\u2019informations sur des donn\u00e9es personnelles et sensibles (3).<\/p>\n<p>Ce droit de principe est dans l\u2019id\u00e9al rassurant, mais sur le terrain est impossible \u00e0 pratiquer sur le strict plan juridique dans un syst\u00e8me opaque tel que celui de l\u2019IA, sauf dans des cas av\u00e9r\u00e9s et prouv\u00e9s mais difficilement atteignables. Ainsi la responsabilit\u00e9 civile pour les dommages caus\u00e9s par les robots\/IA est une question cruciale qui doit \u00eatre examin\u00e9e, et \u00e0 laquelle il importe de r\u00e9pondre au niveau de l\u2019Union (Article 49). Toutefois, il sera difficile de mettre en application cette responsabilit\u00e9 dans la pratique quotidienne, tout secteur confondu, si on ne s\u2019appuie pas sur une charte de r\u00e9glementation pour la ma\u00eetrise de chaque entit\u00e9 de l\u2019IA. Le risque est d\u2019arriver \u00e0 un univers difficilement contr\u00f4lable.<\/p>\n<p>On peut constater qu\u2019il n\u2019existe pas suffisamment de r\u00e8gles juridiques claires et sp\u00e9cifiques qui permettent de fixer les limites de l\u2019usage de l\u2019IA dans les secteurs civils et priv\u00e9s, ou m\u00eame de la recherche. Tout compte fait, la tendance se dirige vers une optimisation de performances et de b\u00e9n\u00e9fices dans un processus industriel ou d\u2019application civile comme militaire, dont les risques nous paraissent \u00e0 ce jour disproportionn\u00e9s par rapport aux b\u00e9n\u00e9fices.<\/p>\n<p><em><strong>Par Abdullah Alqalawi<\/strong><\/em><\/p>\n<p>&nbsp;<\/p>\n<hr \/>\n<p>Sources :<\/p>\n<p>(1) Nathana\u00ebl Jarrass\u00e9, Franck Damour et Nathalie Sarthou-Lajus : <em>La robotique et le mythe de \u00ab l\u2019homme augment\u00e9 \u00bb<\/em> S.E.R. \u00c9tudes 2018\u00a0 \/ 2 F\u00e9vrier | pages 31 \u00e0 42<\/p>\n<p>(2) C\u00e9line Castets-Renard, <em>Quels impacts de l\u2019intelligence artificielle sur les m\u00e9tiers du droit et du journalisme ?<\/em>, Institut Universitaire de France, 2018.<\/p>\n<p>(3) R\u00e8gles de droit civil sur la robotique, R\u00e9solution du Parlement europ\u00e9en du 16 f\u00e9vrier 2017 contenant des recommandations \u00e0 la Commission concernant des r\u00e8gles de droit civil sur la robotique (2015\/2103(INL)) UF), 2018. Parlement europ\u00e9en 2014-2019\u00a0 textes adopt\u00e9s<\/p>\n","protected":false},"excerpt":{"rendered":"<p>Il existe plusieurs ph\u00e9nom\u00e8nes qui rendent les limites juridiques difficilement distinctes \u00e0 l\u2019\u00e9gard de l\u2019intelligence artificielle (IA) et son implication croissante dans diff\u00e9rents domaines, y compris la robotique. Si on compare du point de vue temporel la vitesse \u00e0 laquelle&hellip;<\/p>\n","protected":false},"author":1682,"featured_media":1709587,"comment_status":"closed","ping_status":"closed","sticky":false,"template":"","format":"standard","meta":{"footnotes":""},"categories":[11386,495],"tags":[3331,64565,41628],"class_list":["post-1709583","post","type-post","status-publish","format-standard","has-post-thumbnail","hentry","category-contenu-original","category-sciences-technologie","tag-droit","tag-ia-fr","tag-intelligence-artificielle"],"yoast_head":"<!-- This site is optimized with the Yoast SEO plugin v27.1.1 - https:\/\/yoast.com\/product\/yoast-seo-wordpress\/ -->\n<title>L\u2019incontr\u00f4lable essor de l\u2019intelligence artificielle : quelles protections juridiques \u00e0 l&#039;heure actuelle ?<\/title>\n<meta name=\"description\" content=\"Il existe plusieurs ph\u00e9nom\u00e8nes qui rendent les limites juridiques difficilement distinctes \u00e0 l\u2019\u00e9gard de l\u2019intelligence artificielle (IA) et son\" \/>\n<meta name=\"robots\" content=\"index, follow, max-snippet:-1, max-image-preview:large, max-video-preview:-1\" \/>\n<link rel=\"canonical\" href=\"https:\/\/www.pressenza.com\/fr\/2023\/01\/quel-droit-specifique-dedie-a-lintelligence-artificielle\/\" \/>\n<meta property=\"og:locale\" content=\"fr_FR\" \/>\n<meta property=\"og:type\" content=\"article\" \/>\n<meta property=\"og:title\" content=\"L\u2019incontr\u00f4lable essor de l\u2019intelligence artificielle : quelles protections juridiques \u00e0 l&#039;heure actuelle ?\" \/>\n<meta property=\"og:description\" content=\"Il existe plusieurs ph\u00e9nom\u00e8nes qui rendent les limites juridiques difficilement distinctes \u00e0 l\u2019\u00e9gard de l\u2019intelligence artificielle (IA) et son\" \/>\n<meta property=\"og:url\" content=\"https:\/\/www.pressenza.com\/fr\/2023\/01\/quel-droit-specifique-dedie-a-lintelligence-artificielle\/\" \/>\n<meta property=\"og:site_name\" content=\"Pressenza\" \/>\n<meta property=\"article:publisher\" content=\"https:\/\/www.facebook.com\/PressenzaItalia\" \/>\n<meta property=\"article:published_time\" content=\"2023-01-15T15:58:27+00:00\" \/>\n<meta property=\"article:modified_time\" content=\"2023-01-22T13:52:06+00:00\" \/>\n<meta property=\"og:image\" content=\"https:\/\/www.pressenza.com\/wp-content\/uploads\/2023\/01\/technology-developer-touch-finger.jpg\" \/>\n\t<meta property=\"og:image:width\" content=\"910\" \/>\n\t<meta property=\"og:image:height\" content=\"511\" \/>\n\t<meta property=\"og:image:type\" content=\"image\/jpeg\" \/>\n<meta name=\"author\" content=\"R\u00e9daction Bordeaux\" \/>\n<meta name=\"twitter:card\" content=\"summary_large_image\" \/>\n<meta name=\"twitter:creator\" content=\"@PressenzaIPA\" \/>\n<meta name=\"twitter:site\" content=\"@PressenzaIPA\" \/>\n<meta name=\"twitter:label1\" content=\"\u00c9crit par\" \/>\n\t<meta name=\"twitter:data1\" content=\"R\u00e9daction Bordeaux\" \/>\n\t<meta name=\"twitter:label2\" content=\"Dur\u00e9e de lecture estim\u00e9e\" \/>\n\t<meta name=\"twitter:data2\" content=\"6 minutes\" \/>\n<script type=\"application\/ld+json\" class=\"yoast-schema-graph\">{\"@context\":\"https:\/\/schema.org\",\"@graph\":[{\"@type\":\"Article\",\"@id\":\"https:\/\/www.pressenza.com\/fr\/2023\/01\/quel-droit-specifique-dedie-a-lintelligence-artificielle\/#article\",\"isPartOf\":{\"@id\":\"https:\/\/www.pressenza.com\/fr\/2023\/01\/quel-droit-specifique-dedie-a-lintelligence-artificielle\/\"},\"author\":{\"name\":\"R\u00e9daction Bordeaux\",\"@id\":\"https:\/\/www.pressenza.com\/fr\/#\/schema\/person\/74c500e1daab28f0f7573e1b2e9416ea\"},\"headline\":\"L\u2019incontr\u00f4lable essor de l\u2019intelligence artificielle : quelles protections juridiques \u00e0 l&rsquo;heure actuelle ?\",\"datePublished\":\"2023-01-15T15:58:27+00:00\",\"dateModified\":\"2023-01-22T13:52:06+00:00\",\"mainEntityOfPage\":{\"@id\":\"https:\/\/www.pressenza.com\/fr\/2023\/01\/quel-droit-specifique-dedie-a-lintelligence-artificielle\/\"},\"wordCount\":1264,\"publisher\":{\"@id\":\"https:\/\/www.pressenza.com\/fr\/#organization\"},\"image\":{\"@id\":\"https:\/\/www.pressenza.com\/fr\/2023\/01\/quel-droit-specifique-dedie-a-lintelligence-artificielle\/#primaryimage\"},\"thumbnailUrl\":\"https:\/\/www.pressenza.com\/wp-content\/uploads\/2023\/01\/technology-developer-touch-finger.jpg\",\"keywords\":[\"droit\",\"IA\",\"intelligence artificielle\"],\"articleSection\":[\"Contenu Original\",\"Sciences et Technologie\"],\"inLanguage\":\"fr-FR\"},{\"@type\":\"WebPage\",\"@id\":\"https:\/\/www.pressenza.com\/fr\/2023\/01\/quel-droit-specifique-dedie-a-lintelligence-artificielle\/\",\"url\":\"https:\/\/www.pressenza.com\/fr\/2023\/01\/quel-droit-specifique-dedie-a-lintelligence-artificielle\/\",\"name\":\"L\u2019incontr\u00f4lable essor de l\u2019intelligence artificielle : quelles protections juridiques \u00e0 l'heure actuelle ?\",\"isPartOf\":{\"@id\":\"https:\/\/www.pressenza.com\/fr\/#website\"},\"primaryImageOfPage\":{\"@id\":\"https:\/\/www.pressenza.com\/fr\/2023\/01\/quel-droit-specifique-dedie-a-lintelligence-artificielle\/#primaryimage\"},\"image\":{\"@id\":\"https:\/\/www.pressenza.com\/fr\/2023\/01\/quel-droit-specifique-dedie-a-lintelligence-artificielle\/#primaryimage\"},\"thumbnailUrl\":\"https:\/\/www.pressenza.com\/wp-content\/uploads\/2023\/01\/technology-developer-touch-finger.jpg\",\"datePublished\":\"2023-01-15T15:58:27+00:00\",\"dateModified\":\"2023-01-22T13:52:06+00:00\",\"description\":\"Il existe plusieurs ph\u00e9nom\u00e8nes qui rendent les limites juridiques difficilement distinctes \u00e0 l\u2019\u00e9gard de l\u2019intelligence artificielle (IA) et son\",\"breadcrumb\":{\"@id\":\"https:\/\/www.pressenza.com\/fr\/2023\/01\/quel-droit-specifique-dedie-a-lintelligence-artificielle\/#breadcrumb\"},\"inLanguage\":\"fr-FR\",\"potentialAction\":[{\"@type\":\"ReadAction\",\"target\":[\"https:\/\/www.pressenza.com\/fr\/2023\/01\/quel-droit-specifique-dedie-a-lintelligence-artificielle\/\"]}]},{\"@type\":\"ImageObject\",\"inLanguage\":\"fr-FR\",\"@id\":\"https:\/\/www.pressenza.com\/fr\/2023\/01\/quel-droit-specifique-dedie-a-lintelligence-artificielle\/#primaryimage\",\"url\":\"https:\/\/www.pressenza.com\/wp-content\/uploads\/2023\/01\/technology-developer-touch-finger.jpg\",\"contentUrl\":\"https:\/\/www.pressenza.com\/wp-content\/uploads\/2023\/01\/technology-developer-touch-finger.jpg\",\"width\":910,\"height\":511},{\"@type\":\"BreadcrumbList\",\"@id\":\"https:\/\/www.pressenza.com\/fr\/2023\/01\/quel-droit-specifique-dedie-a-lintelligence-artificielle\/#breadcrumb\",\"itemListElement\":[{\"@type\":\"ListItem\",\"position\":1,\"name\":\"Accueil\",\"item\":\"https:\/\/www.pressenza.com\/fr\/\"},{\"@type\":\"ListItem\",\"position\":2,\"name\":\"L\u2019incontr\u00f4lable essor de l\u2019intelligence artificielle : quelles protections juridiques \u00e0 l&rsquo;heure actuelle ?\"}]},{\"@type\":\"WebSite\",\"@id\":\"https:\/\/www.pressenza.com\/fr\/#website\",\"url\":\"https:\/\/www.pressenza.com\/fr\/\",\"name\":\"Pressenza\",\"description\":\"International Press Agency\",\"publisher\":{\"@id\":\"https:\/\/www.pressenza.com\/fr\/#organization\"},\"potentialAction\":[{\"@type\":\"SearchAction\",\"target\":{\"@type\":\"EntryPoint\",\"urlTemplate\":\"https:\/\/www.pressenza.com\/fr\/?s={search_term_string}\"},\"query-input\":{\"@type\":\"PropertyValueSpecification\",\"valueRequired\":true,\"valueName\":\"search_term_string\"}}],\"inLanguage\":\"fr-FR\"},{\"@type\":\"Organization\",\"@id\":\"https:\/\/www.pressenza.com\/fr\/#organization\",\"name\":\"Pressenza\",\"url\":\"https:\/\/www.pressenza.com\/fr\/\",\"logo\":{\"@type\":\"ImageObject\",\"inLanguage\":\"fr-FR\",\"@id\":\"https:\/\/www.pressenza.com\/fr\/#\/schema\/logo\/image\/\",\"url\":\"https:\/\/www.pressenza.com\/wp-content\/uploads\/2022\/10\/pressenza_logo_200x200.jpg\",\"contentUrl\":\"https:\/\/www.pressenza.com\/wp-content\/uploads\/2022\/10\/pressenza_logo_200x200.jpg\",\"width\":200,\"height\":200,\"caption\":\"Pressenza\"},\"image\":{\"@id\":\"https:\/\/www.pressenza.com\/fr\/#\/schema\/logo\/image\/\"},\"sameAs\":[\"https:\/\/www.facebook.com\/PressenzaItalia\",\"https:\/\/x.com\/PressenzaIPA\"]},{\"@type\":\"Person\",\"@id\":\"https:\/\/www.pressenza.com\/fr\/#\/schema\/person\/74c500e1daab28f0f7573e1b2e9416ea\",\"name\":\"R\u00e9daction Bordeaux\",\"description\":\"News publi\u00e9es par le Bureau de Pressenza \u00e0 Bordeaux.\",\"url\":\"https:\/\/www.pressenza.com\/fr\/author\/redaction-bordeaux\/\"}]}<\/script>\n<!-- \/ Yoast SEO plugin. -->","yoast_head_json":{"title":"L\u2019incontr\u00f4lable essor de l\u2019intelligence artificielle : quelles protections juridiques \u00e0 l'heure actuelle ?","description":"Il existe plusieurs ph\u00e9nom\u00e8nes qui rendent les limites juridiques difficilement distinctes \u00e0 l\u2019\u00e9gard de l\u2019intelligence artificielle (IA) et son","robots":{"index":"index","follow":"follow","max-snippet":"max-snippet:-1","max-image-preview":"max-image-preview:large","max-video-preview":"max-video-preview:-1"},"canonical":"https:\/\/www.pressenza.com\/fr\/2023\/01\/quel-droit-specifique-dedie-a-lintelligence-artificielle\/","og_locale":"fr_FR","og_type":"article","og_title":"L\u2019incontr\u00f4lable essor de l\u2019intelligence artificielle : quelles protections juridiques \u00e0 l'heure actuelle ?","og_description":"Il existe plusieurs ph\u00e9nom\u00e8nes qui rendent les limites juridiques difficilement distinctes \u00e0 l\u2019\u00e9gard de l\u2019intelligence artificielle (IA) et son","og_url":"https:\/\/www.pressenza.com\/fr\/2023\/01\/quel-droit-specifique-dedie-a-lintelligence-artificielle\/","og_site_name":"Pressenza","article_publisher":"https:\/\/www.facebook.com\/PressenzaItalia","article_published_time":"2023-01-15T15:58:27+00:00","article_modified_time":"2023-01-22T13:52:06+00:00","og_image":[{"width":910,"height":511,"url":"https:\/\/www.pressenza.com\/wp-content\/uploads\/2023\/01\/technology-developer-touch-finger.jpg","type":"image\/jpeg"}],"author":"R\u00e9daction Bordeaux","twitter_card":"summary_large_image","twitter_creator":"@PressenzaIPA","twitter_site":"@PressenzaIPA","twitter_misc":{"\u00c9crit par":"R\u00e9daction Bordeaux","Dur\u00e9e de lecture estim\u00e9e":"6 minutes"},"schema":{"@context":"https:\/\/schema.org","@graph":[{"@type":"Article","@id":"https:\/\/www.pressenza.com\/fr\/2023\/01\/quel-droit-specifique-dedie-a-lintelligence-artificielle\/#article","isPartOf":{"@id":"https:\/\/www.pressenza.com\/fr\/2023\/01\/quel-droit-specifique-dedie-a-lintelligence-artificielle\/"},"author":{"name":"R\u00e9daction Bordeaux","@id":"https:\/\/www.pressenza.com\/fr\/#\/schema\/person\/74c500e1daab28f0f7573e1b2e9416ea"},"headline":"L\u2019incontr\u00f4lable essor de l\u2019intelligence artificielle : quelles protections juridiques \u00e0 l&rsquo;heure actuelle ?","datePublished":"2023-01-15T15:58:27+00:00","dateModified":"2023-01-22T13:52:06+00:00","mainEntityOfPage":{"@id":"https:\/\/www.pressenza.com\/fr\/2023\/01\/quel-droit-specifique-dedie-a-lintelligence-artificielle\/"},"wordCount":1264,"publisher":{"@id":"https:\/\/www.pressenza.com\/fr\/#organization"},"image":{"@id":"https:\/\/www.pressenza.com\/fr\/2023\/01\/quel-droit-specifique-dedie-a-lintelligence-artificielle\/#primaryimage"},"thumbnailUrl":"https:\/\/www.pressenza.com\/wp-content\/uploads\/2023\/01\/technology-developer-touch-finger.jpg","keywords":["droit","IA","intelligence artificielle"],"articleSection":["Contenu Original","Sciences et Technologie"],"inLanguage":"fr-FR"},{"@type":"WebPage","@id":"https:\/\/www.pressenza.com\/fr\/2023\/01\/quel-droit-specifique-dedie-a-lintelligence-artificielle\/","url":"https:\/\/www.pressenza.com\/fr\/2023\/01\/quel-droit-specifique-dedie-a-lintelligence-artificielle\/","name":"L\u2019incontr\u00f4lable essor de l\u2019intelligence artificielle : quelles protections juridiques \u00e0 l'heure actuelle ?","isPartOf":{"@id":"https:\/\/www.pressenza.com\/fr\/#website"},"primaryImageOfPage":{"@id":"https:\/\/www.pressenza.com\/fr\/2023\/01\/quel-droit-specifique-dedie-a-lintelligence-artificielle\/#primaryimage"},"image":{"@id":"https:\/\/www.pressenza.com\/fr\/2023\/01\/quel-droit-specifique-dedie-a-lintelligence-artificielle\/#primaryimage"},"thumbnailUrl":"https:\/\/www.pressenza.com\/wp-content\/uploads\/2023\/01\/technology-developer-touch-finger.jpg","datePublished":"2023-01-15T15:58:27+00:00","dateModified":"2023-01-22T13:52:06+00:00","description":"Il existe plusieurs ph\u00e9nom\u00e8nes qui rendent les limites juridiques difficilement distinctes \u00e0 l\u2019\u00e9gard de l\u2019intelligence artificielle (IA) et son","breadcrumb":{"@id":"https:\/\/www.pressenza.com\/fr\/2023\/01\/quel-droit-specifique-dedie-a-lintelligence-artificielle\/#breadcrumb"},"inLanguage":"fr-FR","potentialAction":[{"@type":"ReadAction","target":["https:\/\/www.pressenza.com\/fr\/2023\/01\/quel-droit-specifique-dedie-a-lintelligence-artificielle\/"]}]},{"@type":"ImageObject","inLanguage":"fr-FR","@id":"https:\/\/www.pressenza.com\/fr\/2023\/01\/quel-droit-specifique-dedie-a-lintelligence-artificielle\/#primaryimage","url":"https:\/\/www.pressenza.com\/wp-content\/uploads\/2023\/01\/technology-developer-touch-finger.jpg","contentUrl":"https:\/\/www.pressenza.com\/wp-content\/uploads\/2023\/01\/technology-developer-touch-finger.jpg","width":910,"height":511},{"@type":"BreadcrumbList","@id":"https:\/\/www.pressenza.com\/fr\/2023\/01\/quel-droit-specifique-dedie-a-lintelligence-artificielle\/#breadcrumb","itemListElement":[{"@type":"ListItem","position":1,"name":"Accueil","item":"https:\/\/www.pressenza.com\/fr\/"},{"@type":"ListItem","position":2,"name":"L\u2019incontr\u00f4lable essor de l\u2019intelligence artificielle : quelles protections juridiques \u00e0 l&rsquo;heure actuelle ?"}]},{"@type":"WebSite","@id":"https:\/\/www.pressenza.com\/fr\/#website","url":"https:\/\/www.pressenza.com\/fr\/","name":"Pressenza","description":"International Press Agency","publisher":{"@id":"https:\/\/www.pressenza.com\/fr\/#organization"},"potentialAction":[{"@type":"SearchAction","target":{"@type":"EntryPoint","urlTemplate":"https:\/\/www.pressenza.com\/fr\/?s={search_term_string}"},"query-input":{"@type":"PropertyValueSpecification","valueRequired":true,"valueName":"search_term_string"}}],"inLanguage":"fr-FR"},{"@type":"Organization","@id":"https:\/\/www.pressenza.com\/fr\/#organization","name":"Pressenza","url":"https:\/\/www.pressenza.com\/fr\/","logo":{"@type":"ImageObject","inLanguage":"fr-FR","@id":"https:\/\/www.pressenza.com\/fr\/#\/schema\/logo\/image\/","url":"https:\/\/www.pressenza.com\/wp-content\/uploads\/2022\/10\/pressenza_logo_200x200.jpg","contentUrl":"https:\/\/www.pressenza.com\/wp-content\/uploads\/2022\/10\/pressenza_logo_200x200.jpg","width":200,"height":200,"caption":"Pressenza"},"image":{"@id":"https:\/\/www.pressenza.com\/fr\/#\/schema\/logo\/image\/"},"sameAs":["https:\/\/www.facebook.com\/PressenzaItalia","https:\/\/x.com\/PressenzaIPA"]},{"@type":"Person","@id":"https:\/\/www.pressenza.com\/fr\/#\/schema\/person\/74c500e1daab28f0f7573e1b2e9416ea","name":"R\u00e9daction Bordeaux","description":"News publi\u00e9es par le Bureau de Pressenza \u00e0 Bordeaux.","url":"https:\/\/www.pressenza.com\/fr\/author\/redaction-bordeaux\/"}]}},"place":"","original_article_url":"","_links":{"self":[{"href":"https:\/\/www.pressenza.com\/fr\/wp-json\/wp\/v2\/posts\/1709583","targetHints":{"allow":["GET"]}}],"collection":[{"href":"https:\/\/www.pressenza.com\/fr\/wp-json\/wp\/v2\/posts"}],"about":[{"href":"https:\/\/www.pressenza.com\/fr\/wp-json\/wp\/v2\/types\/post"}],"author":[{"embeddable":true,"href":"https:\/\/www.pressenza.com\/fr\/wp-json\/wp\/v2\/users\/1682"}],"replies":[{"embeddable":true,"href":"https:\/\/www.pressenza.com\/fr\/wp-json\/wp\/v2\/comments?post=1709583"}],"version-history":[{"count":0,"href":"https:\/\/www.pressenza.com\/fr\/wp-json\/wp\/v2\/posts\/1709583\/revisions"}],"wp:featuredmedia":[{"embeddable":true,"href":"https:\/\/www.pressenza.com\/fr\/wp-json\/wp\/v2\/media\/1709587"}],"wp:attachment":[{"href":"https:\/\/www.pressenza.com\/fr\/wp-json\/wp\/v2\/media?parent=1709583"}],"wp:term":[{"taxonomy":"category","embeddable":true,"href":"https:\/\/www.pressenza.com\/fr\/wp-json\/wp\/v2\/categories?post=1709583"},{"taxonomy":"post_tag","embeddable":true,"href":"https:\/\/www.pressenza.com\/fr\/wp-json\/wp\/v2\/tags?post=1709583"}],"curies":[{"name":"wp","href":"https:\/\/api.w.org\/{rel}","templated":true}]}}