{"id":1708985,"date":"2023-01-13T21:20:57","date_gmt":"2023-01-13T21:20:57","guid":{"rendered":"https:\/\/www.pressenza.com\/?p=1708985"},"modified":"2023-01-13T21:24:01","modified_gmt":"2023-01-13T21:24:01","slug":"balamos-un-voyage-empirique-et-photographique","status":"publish","type":"post","link":"https:\/\/www.pressenza.com\/fr\/2023\/01\/balamos-un-voyage-empirique-et-photographique\/","title":{"rendered":"Balamos : un voyage empirique et photographique"},"content":{"rendered":"<p>Dans la langue des Roms, \u00ab\u00a0<em>balamos<\/em>\u00a0\u00bb d\u00e9signe tous ceux qui ne sont pas des gitans. Et c\u2019est ainsi qu\u2019ils m\u2019ont appel\u00e9 lorsque j\u2019ai commenc\u00e9 \u00e0 les approcher et les photographier\u00a0: j\u2019\u00e9tais pour eux un \u00ab\u00a0<em>balamos<\/em>\u00a0\u00bb, ou en d\u2019autres mots, un \u00e9tranger.<\/p>\n<p>En avril 2022, j\u2019ai commenc\u00e9 \u00e0 parcourir la colonie rom de Messolonghi, Aetoliko et de la r\u00e9gion de Bakaria, o\u00f9 ils sont nombreux \u00e0 vivre. Les autochtones appellent ces r\u00e9gions les \u00ab voisinages gitans \u00bb. Au d\u00e9part, mon but \u00e9tait d\u2019apprendre \u00e0 conna\u00eetre leur mentalit\u00e9, leurs traditions, et de comprendre ce que ressentent ces gens et pourquoi ils sont tellement stigmatis\u00e9s par la soci\u00e9t\u00e9. Plus mes visites \u00e9taient fr\u00e9quentes, plus je les d\u00e9couvrais et plus ils me d\u00e9couvraient. Une relation sp\u00e9ciale a fini par s\u2019\u00e9tablir entre nous. Ils m\u2019ont fait entrer dans leurs maisons et m\u2019ont toujours propos\u00e9 un caf\u00e9, une cigarette ou une conversation avant que je commence \u00e0 prendre des photos. Nos conversations typiques portaient sur leur amour de la musique et sur leurs origines. \u00c0 chaque fois que j\u2019arrivais, les enfants me souriaient et s\u2019il arrivait qu\u2019ils me croisent dans la rue, ils s\u2019approchaient pour me dire bonjour.<\/p>\n<p>La petite communaut\u00e9 de Messolonghi ne tarda pas \u00e0 prendre vent de cette relation, si bien que moi aussi, j\u2019ai \u00e9t\u00e9 stigmatis\u00e9. J\u2019ai souvent senti les regards d\u00e9daigneux des autochtones et d\u2019autres fois, j\u2019ai d\u00fb subir leurs critiques. J\u2019ai ainsi fini par me retrouver \u00e0 la place des Roms, sortir me procurait un malaise et j\u2019\u00e9tais en permanence stress\u00e9, j\u2019avais l\u2019impression d\u2019\u00eatre <em>persona non grata<\/em>. Arriv\u00e9 \u00e0 ce point, j\u2019ai r\u00e9alis\u00e9 que la soci\u00e9t\u00e9 se fiche pas mal de la personne que vous \u00eates, ce qui compte, c\u2019est le groupe social auquel vous appartenez. Voil\u00e0 comment se cr\u00e9e le pr\u00e9jug\u00e9 du racisme, un pr\u00e9jug\u00e9 dont les enfants Roms font l\u2019exp\u00e9rience d\u00e8s leur plus jeune \u00e2ge, ce qui rend difficile l\u2019int\u00e9gration de ce groupe de personnes dans la soci\u00e9t\u00e9 plus large.<\/p>\n<p>En conclusion, je voudrais souligner le but de ce projet en citant les mots de Mme Sofia, \u00e2g\u00e9e de 56 ans et qui vit dans la colonie rom de Messolonghi\u00a0: \u00ab\u00a0Les Roms ne sont pas des gitans, le mot gitan est injurieux. Que tu aies grandi dans une braque ou une maison, cela n\u2019a aucune importance, ce qui compte c\u2019est l\u2019\u00e9ducation que tu as re\u00e7ue et le genre de personne que tu es.\u00a0\u00bb<\/p>\n<p>* Nikitas Sifonios est n\u00e9 en 2000 \u00e0 Ath\u00e8nes, o\u00f9 il a grandi. Il suit des \u00e9tudes \u00e0 l\u2019Universit\u00e9 d\u2019agriculture de Patras. Il \u00e9tudie en m\u00eame temps la photographie \u00e0 l\u2019\u00e9cole AKTO d\u2019Ath\u00e8nes. Il photographie depuis 2021 et ses centres d\u2019int\u00e9r\u00eat se portent sur les probl\u00e8mes humanitaires et plus sp\u00e9cialement sur les groupes sociaux vuln\u00e9rables, tels que les Roms et les r\u00e9fugi\u00e9s. Il a photographi\u00e9 des r\u00e9fugi\u00e9s \u00e0 la fronti\u00e8re entre l\u2019Ukraine et la Pologne pendant la guerre et dans les vieilles usines abandonn\u00e9es de Patras. En 2022, il a remport\u00e9 le premier prix dans la cat\u00e9gorie \u00ab Student Awards \u00bb du concours Photometria International Photography Festival pour son premier projet : les s\u00e9ries photographiques <em>Balamos<\/em>, qui refl\u00e8tent son exp\u00e9rience avec les communaut\u00e9s d\u2019\u00c9tolie-Acarnanie.<\/p>\n","protected":false},"excerpt":{"rendered":"<p>Dans la langue des Roms, \u00ab\u00a0balamos\u00a0\u00bb d\u00e9signe tous ceux qui ne sont pas des gitans. Et c\u2019est ainsi qu\u2019ils m\u2019ont appel\u00e9 lorsque j\u2019ai commenc\u00e9 \u00e0 les approcher et les photographier\u00a0: j\u2019\u00e9tais pour eux un \u00ab\u00a0balamos\u00a0\u00bb, ou en d\u2019autres mots, un&hellip;<\/p>\n","protected":false},"author":1220,"featured_media":1708986,"comment_status":"closed","ping_status":"closed","sticky":false,"template":"","format":"standard","meta":{"footnotes":""},"categories":[1247,85,20604,163,5700],"tags":[109053,56178,6776,5706],"class_list":["post-1708985","post","type-post","status-publish","format-standard","has-post-thumbnail","hentry","category-diversite","category-europe-fr","category-non-classifiee","category-opinion-fr","category-reportages-photo","tag-balamos-fr","tag-concours-de-photographie","tag-gitans","tag-roms"],"yoast_head":"<!-- This site is optimized with the Yoast SEO plugin v27.1.1 - https:\/\/yoast.com\/product\/yoast-seo-wordpress\/ -->\n<title>Balamos : un voyage empirique et photographique<\/title>\n<meta name=\"description\" content=\"Dans la langue des Roms, \u00ab\u00a0balamos\u00a0\u00bb d\u00e9signe tous ceux qui ne sont pas des gitans. Et c\u2019est ainsi qu\u2019ils m\u2019ont appel\u00e9 lorsque j\u2019ai commenc\u00e9 \u00e0 les\" \/>\n<meta name=\"robots\" content=\"index, follow, max-snippet:-1, max-image-preview:large, max-video-preview:-1\" \/>\n<link rel=\"canonical\" href=\"https:\/\/www.pressenza.com\/fr\/2023\/01\/balamos-un-voyage-empirique-et-photographique\/\" \/>\n<meta property=\"og:locale\" content=\"fr_FR\" \/>\n<meta property=\"og:type\" content=\"article\" \/>\n<meta property=\"og:title\" content=\"Balamos : un voyage empirique et photographique\" \/>\n<meta property=\"og:description\" content=\"Dans la langue des Roms, \u00ab\u00a0balamos\u00a0\u00bb d\u00e9signe tous ceux qui ne sont pas des gitans. Et c\u2019est ainsi qu\u2019ils m\u2019ont appel\u00e9 lorsque j\u2019ai commenc\u00e9 \u00e0 les\" \/>\n<meta property=\"og:url\" content=\"https:\/\/www.pressenza.com\/fr\/2023\/01\/balamos-un-voyage-empirique-et-photographique\/\" \/>\n<meta property=\"og:site_name\" content=\"Pressenza\" \/>\n<meta property=\"article:publisher\" content=\"https:\/\/www.facebook.com\/PressenzaItalia\" \/>\n<meta property=\"article:author\" content=\"https:\/\/www.facebook.com\/pressenzagr\/\" \/>\n<meta property=\"article:published_time\" content=\"2023-01-13T21:20:57+00:00\" \/>\n<meta property=\"article:modified_time\" content=\"2023-01-13T21:24:01+00:00\" \/>\n<meta property=\"og:image\" content=\"https:\/\/www.pressenza.com\/wp-content\/uploads\/2023\/01\/BNW-COPY-01.jpg\" \/>\n\t<meta property=\"og:image:width\" content=\"1920\" \/>\n\t<meta property=\"og:image:height\" content=\"1280\" \/>\n\t<meta property=\"og:image:type\" content=\"image\/jpeg\" \/>\n<meta name=\"author\" content=\"Pressenza Athens\" \/>\n<meta name=\"twitter:card\" content=\"summary_large_image\" \/>\n<meta name=\"twitter:creator\" content=\"@Pressenza_ath\" \/>\n<meta name=\"twitter:site\" content=\"@PressenzaIPA\" \/>\n<meta name=\"twitter:label1\" content=\"\u00c9crit par\" \/>\n\t<meta name=\"twitter:data1\" content=\"Pressenza Athens\" \/>\n\t<meta name=\"twitter:label2\" content=\"Dur\u00e9e de lecture estim\u00e9e\" \/>\n\t<meta name=\"twitter:data2\" content=\"3 minutes\" \/>\n<script type=\"application\/ld+json\" class=\"yoast-schema-graph\">{\"@context\":\"https:\/\/schema.org\",\"@graph\":[{\"@type\":\"Article\",\"@id\":\"https:\/\/www.pressenza.com\/fr\/2023\/01\/balamos-un-voyage-empirique-et-photographique\/#article\",\"isPartOf\":{\"@id\":\"https:\/\/www.pressenza.com\/fr\/2023\/01\/balamos-un-voyage-empirique-et-photographique\/\"},\"author\":{\"name\":\"Pressenza Athens\",\"@id\":\"https:\/\/www.pressenza.com\/fr\/#\/schema\/person\/9eae8d7f0aad5ec6a7f6f21ec94480fb\"},\"headline\":\"Balamos : un voyage empirique et photographique\",\"datePublished\":\"2023-01-13T21:20:57+00:00\",\"dateModified\":\"2023-01-13T21:24:01+00:00\",\"mainEntityOfPage\":{\"@id\":\"https:\/\/www.pressenza.com\/fr\/2023\/01\/balamos-un-voyage-empirique-et-photographique\/\"},\"wordCount\":581,\"publisher\":{\"@id\":\"https:\/\/www.pressenza.com\/fr\/#organization\"},\"image\":{\"@id\":\"https:\/\/www.pressenza.com\/fr\/2023\/01\/balamos-un-voyage-empirique-et-photographique\/#primaryimage\"},\"thumbnailUrl\":\"https:\/\/www.pressenza.com\/wp-content\/uploads\/2023\/01\/BNW-COPY-01.jpg\",\"keywords\":[\"balamos\",\"Concours de Photographie\",\"Gitans\",\"Roms\"],\"articleSection\":[\"Diversit\u00e9\",\"Europe\",\"Non classifi\u00e9(e)\",\"Opinion\",\"Reportages photo\"],\"inLanguage\":\"fr-FR\"},{\"@type\":\"WebPage\",\"@id\":\"https:\/\/www.pressenza.com\/fr\/2023\/01\/balamos-un-voyage-empirique-et-photographique\/\",\"url\":\"https:\/\/www.pressenza.com\/fr\/2023\/01\/balamos-un-voyage-empirique-et-photographique\/\",\"name\":\"Balamos : un voyage empirique et photographique\",\"isPartOf\":{\"@id\":\"https:\/\/www.pressenza.com\/fr\/#website\"},\"primaryImageOfPage\":{\"@id\":\"https:\/\/www.pressenza.com\/fr\/2023\/01\/balamos-un-voyage-empirique-et-photographique\/#primaryimage\"},\"image\":{\"@id\":\"https:\/\/www.pressenza.com\/fr\/2023\/01\/balamos-un-voyage-empirique-et-photographique\/#primaryimage\"},\"thumbnailUrl\":\"https:\/\/www.pressenza.com\/wp-content\/uploads\/2023\/01\/BNW-COPY-01.jpg\",\"datePublished\":\"2023-01-13T21:20:57+00:00\",\"dateModified\":\"2023-01-13T21:24:01+00:00\",\"description\":\"Dans la langue des Roms, \u00ab\u00a0balamos\u00a0\u00bb d\u00e9signe tous ceux qui ne sont pas des gitans. Et c\u2019est ainsi qu\u2019ils m\u2019ont appel\u00e9 lorsque j\u2019ai commenc\u00e9 \u00e0 les\",\"breadcrumb\":{\"@id\":\"https:\/\/www.pressenza.com\/fr\/2023\/01\/balamos-un-voyage-empirique-et-photographique\/#breadcrumb\"},\"inLanguage\":\"fr-FR\",\"potentialAction\":[{\"@type\":\"ReadAction\",\"target\":[\"https:\/\/www.pressenza.com\/fr\/2023\/01\/balamos-un-voyage-empirique-et-photographique\/\"]}]},{\"@type\":\"ImageObject\",\"inLanguage\":\"fr-FR\",\"@id\":\"https:\/\/www.pressenza.com\/fr\/2023\/01\/balamos-un-voyage-empirique-et-photographique\/#primaryimage\",\"url\":\"https:\/\/www.pressenza.com\/wp-content\/uploads\/2023\/01\/BNW-COPY-01.jpg\",\"contentUrl\":\"https:\/\/www.pressenza.com\/wp-content\/uploads\/2023\/01\/BNW-COPY-01.jpg\",\"width\":1920,\"height\":1280,\"caption\":\"Balamos: Eine erfahrungsreiche Fotoreise\"},{\"@type\":\"BreadcrumbList\",\"@id\":\"https:\/\/www.pressenza.com\/fr\/2023\/01\/balamos-un-voyage-empirique-et-photographique\/#breadcrumb\",\"itemListElement\":[{\"@type\":\"ListItem\",\"position\":1,\"name\":\"Accueil\",\"item\":\"https:\/\/www.pressenza.com\/fr\/\"},{\"@type\":\"ListItem\",\"position\":2,\"name\":\"Balamos : un voyage empirique et photographique\"}]},{\"@type\":\"WebSite\",\"@id\":\"https:\/\/www.pressenza.com\/fr\/#website\",\"url\":\"https:\/\/www.pressenza.com\/fr\/\",\"name\":\"Pressenza\",\"description\":\"International Press Agency\",\"publisher\":{\"@id\":\"https:\/\/www.pressenza.com\/fr\/#organization\"},\"potentialAction\":[{\"@type\":\"SearchAction\",\"target\":{\"@type\":\"EntryPoint\",\"urlTemplate\":\"https:\/\/www.pressenza.com\/fr\/?s={search_term_string}\"},\"query-input\":{\"@type\":\"PropertyValueSpecification\",\"valueRequired\":true,\"valueName\":\"search_term_string\"}}],\"inLanguage\":\"fr-FR\"},{\"@type\":\"Organization\",\"@id\":\"https:\/\/www.pressenza.com\/fr\/#organization\",\"name\":\"Pressenza\",\"url\":\"https:\/\/www.pressenza.com\/fr\/\",\"logo\":{\"@type\":\"ImageObject\",\"inLanguage\":\"fr-FR\",\"@id\":\"https:\/\/www.pressenza.com\/fr\/#\/schema\/logo\/image\/\",\"url\":\"https:\/\/www.pressenza.com\/wp-content\/uploads\/2022\/10\/pressenza_logo_200x200.jpg\",\"contentUrl\":\"https:\/\/www.pressenza.com\/wp-content\/uploads\/2022\/10\/pressenza_logo_200x200.jpg\",\"width\":200,\"height\":200,\"caption\":\"Pressenza\"},\"image\":{\"@id\":\"https:\/\/www.pressenza.com\/fr\/#\/schema\/logo\/image\/\"},\"sameAs\":[\"https:\/\/www.facebook.com\/PressenzaItalia\",\"https:\/\/x.com\/PressenzaIPA\"]},{\"@type\":\"Person\",\"@id\":\"https:\/\/www.pressenza.com\/fr\/#\/schema\/person\/9eae8d7f0aad5ec6a7f6f21ec94480fb\",\"name\":\"Pressenza Athens\",\"description\":\"News from the Pressenza Bureau in Athens, Greece\",\"sameAs\":[\"https:\/\/www.facebook.com\/pressenzagr\/\",\"https:\/\/x.com\/Pressenza_ath\"],\"url\":\"https:\/\/www.pressenza.com\/fr\/author\/pressenza-athens\/\"}]}<\/script>\n<!-- \/ Yoast SEO plugin. -->","yoast_head_json":{"title":"Balamos : un voyage empirique et photographique","description":"Dans la langue des Roms, \u00ab\u00a0balamos\u00a0\u00bb d\u00e9signe tous ceux qui ne sont pas des gitans. Et c\u2019est ainsi qu\u2019ils m\u2019ont appel\u00e9 lorsque j\u2019ai commenc\u00e9 \u00e0 les","robots":{"index":"index","follow":"follow","max-snippet":"max-snippet:-1","max-image-preview":"max-image-preview:large","max-video-preview":"max-video-preview:-1"},"canonical":"https:\/\/www.pressenza.com\/fr\/2023\/01\/balamos-un-voyage-empirique-et-photographique\/","og_locale":"fr_FR","og_type":"article","og_title":"Balamos : un voyage empirique et photographique","og_description":"Dans la langue des Roms, \u00ab\u00a0balamos\u00a0\u00bb d\u00e9signe tous ceux qui ne sont pas des gitans. Et c\u2019est ainsi qu\u2019ils m\u2019ont appel\u00e9 lorsque j\u2019ai commenc\u00e9 \u00e0 les","og_url":"https:\/\/www.pressenza.com\/fr\/2023\/01\/balamos-un-voyage-empirique-et-photographique\/","og_site_name":"Pressenza","article_publisher":"https:\/\/www.facebook.com\/PressenzaItalia","article_author":"https:\/\/www.facebook.com\/pressenzagr\/","article_published_time":"2023-01-13T21:20:57+00:00","article_modified_time":"2023-01-13T21:24:01+00:00","og_image":[{"width":1920,"height":1280,"url":"https:\/\/www.pressenza.com\/wp-content\/uploads\/2023\/01\/BNW-COPY-01.jpg","type":"image\/jpeg"}],"author":"Pressenza Athens","twitter_card":"summary_large_image","twitter_creator":"@Pressenza_ath","twitter_site":"@PressenzaIPA","twitter_misc":{"\u00c9crit par":"Pressenza Athens","Dur\u00e9e de lecture estim\u00e9e":"3 minutes"},"schema":{"@context":"https:\/\/schema.org","@graph":[{"@type":"Article","@id":"https:\/\/www.pressenza.com\/fr\/2023\/01\/balamos-un-voyage-empirique-et-photographique\/#article","isPartOf":{"@id":"https:\/\/www.pressenza.com\/fr\/2023\/01\/balamos-un-voyage-empirique-et-photographique\/"},"author":{"name":"Pressenza Athens","@id":"https:\/\/www.pressenza.com\/fr\/#\/schema\/person\/9eae8d7f0aad5ec6a7f6f21ec94480fb"},"headline":"Balamos : un voyage empirique et photographique","datePublished":"2023-01-13T21:20:57+00:00","dateModified":"2023-01-13T21:24:01+00:00","mainEntityOfPage":{"@id":"https:\/\/www.pressenza.com\/fr\/2023\/01\/balamos-un-voyage-empirique-et-photographique\/"},"wordCount":581,"publisher":{"@id":"https:\/\/www.pressenza.com\/fr\/#organization"},"image":{"@id":"https:\/\/www.pressenza.com\/fr\/2023\/01\/balamos-un-voyage-empirique-et-photographique\/#primaryimage"},"thumbnailUrl":"https:\/\/www.pressenza.com\/wp-content\/uploads\/2023\/01\/BNW-COPY-01.jpg","keywords":["balamos","Concours de Photographie","Gitans","Roms"],"articleSection":["Diversit\u00e9","Europe","Non classifi\u00e9(e)","Opinion","Reportages photo"],"inLanguage":"fr-FR"},{"@type":"WebPage","@id":"https:\/\/www.pressenza.com\/fr\/2023\/01\/balamos-un-voyage-empirique-et-photographique\/","url":"https:\/\/www.pressenza.com\/fr\/2023\/01\/balamos-un-voyage-empirique-et-photographique\/","name":"Balamos : un voyage empirique et photographique","isPartOf":{"@id":"https:\/\/www.pressenza.com\/fr\/#website"},"primaryImageOfPage":{"@id":"https:\/\/www.pressenza.com\/fr\/2023\/01\/balamos-un-voyage-empirique-et-photographique\/#primaryimage"},"image":{"@id":"https:\/\/www.pressenza.com\/fr\/2023\/01\/balamos-un-voyage-empirique-et-photographique\/#primaryimage"},"thumbnailUrl":"https:\/\/www.pressenza.com\/wp-content\/uploads\/2023\/01\/BNW-COPY-01.jpg","datePublished":"2023-01-13T21:20:57+00:00","dateModified":"2023-01-13T21:24:01+00:00","description":"Dans la langue des Roms, \u00ab\u00a0balamos\u00a0\u00bb d\u00e9signe tous ceux qui ne sont pas des gitans. Et c\u2019est ainsi qu\u2019ils m\u2019ont appel\u00e9 lorsque j\u2019ai commenc\u00e9 \u00e0 les","breadcrumb":{"@id":"https:\/\/www.pressenza.com\/fr\/2023\/01\/balamos-un-voyage-empirique-et-photographique\/#breadcrumb"},"inLanguage":"fr-FR","potentialAction":[{"@type":"ReadAction","target":["https:\/\/www.pressenza.com\/fr\/2023\/01\/balamos-un-voyage-empirique-et-photographique\/"]}]},{"@type":"ImageObject","inLanguage":"fr-FR","@id":"https:\/\/www.pressenza.com\/fr\/2023\/01\/balamos-un-voyage-empirique-et-photographique\/#primaryimage","url":"https:\/\/www.pressenza.com\/wp-content\/uploads\/2023\/01\/BNW-COPY-01.jpg","contentUrl":"https:\/\/www.pressenza.com\/wp-content\/uploads\/2023\/01\/BNW-COPY-01.jpg","width":1920,"height":1280,"caption":"Balamos: Eine erfahrungsreiche Fotoreise"},{"@type":"BreadcrumbList","@id":"https:\/\/www.pressenza.com\/fr\/2023\/01\/balamos-un-voyage-empirique-et-photographique\/#breadcrumb","itemListElement":[{"@type":"ListItem","position":1,"name":"Accueil","item":"https:\/\/www.pressenza.com\/fr\/"},{"@type":"ListItem","position":2,"name":"Balamos : un voyage empirique et photographique"}]},{"@type":"WebSite","@id":"https:\/\/www.pressenza.com\/fr\/#website","url":"https:\/\/www.pressenza.com\/fr\/","name":"Pressenza","description":"International Press Agency","publisher":{"@id":"https:\/\/www.pressenza.com\/fr\/#organization"},"potentialAction":[{"@type":"SearchAction","target":{"@type":"EntryPoint","urlTemplate":"https:\/\/www.pressenza.com\/fr\/?s={search_term_string}"},"query-input":{"@type":"PropertyValueSpecification","valueRequired":true,"valueName":"search_term_string"}}],"inLanguage":"fr-FR"},{"@type":"Organization","@id":"https:\/\/www.pressenza.com\/fr\/#organization","name":"Pressenza","url":"https:\/\/www.pressenza.com\/fr\/","logo":{"@type":"ImageObject","inLanguage":"fr-FR","@id":"https:\/\/www.pressenza.com\/fr\/#\/schema\/logo\/image\/","url":"https:\/\/www.pressenza.com\/wp-content\/uploads\/2022\/10\/pressenza_logo_200x200.jpg","contentUrl":"https:\/\/www.pressenza.com\/wp-content\/uploads\/2022\/10\/pressenza_logo_200x200.jpg","width":200,"height":200,"caption":"Pressenza"},"image":{"@id":"https:\/\/www.pressenza.com\/fr\/#\/schema\/logo\/image\/"},"sameAs":["https:\/\/www.facebook.com\/PressenzaItalia","https:\/\/x.com\/PressenzaIPA"]},{"@type":"Person","@id":"https:\/\/www.pressenza.com\/fr\/#\/schema\/person\/9eae8d7f0aad5ec6a7f6f21ec94480fb","name":"Pressenza Athens","description":"News from the Pressenza Bureau in Athens, Greece","sameAs":["https:\/\/www.facebook.com\/pressenzagr\/","https:\/\/x.com\/Pressenza_ath"],"url":"https:\/\/www.pressenza.com\/fr\/author\/pressenza-athens\/"}]}},"place":"","original_article_url":"","_links":{"self":[{"href":"https:\/\/www.pressenza.com\/fr\/wp-json\/wp\/v2\/posts\/1708985","targetHints":{"allow":["GET"]}}],"collection":[{"href":"https:\/\/www.pressenza.com\/fr\/wp-json\/wp\/v2\/posts"}],"about":[{"href":"https:\/\/www.pressenza.com\/fr\/wp-json\/wp\/v2\/types\/post"}],"author":[{"embeddable":true,"href":"https:\/\/www.pressenza.com\/fr\/wp-json\/wp\/v2\/users\/1220"}],"replies":[{"embeddable":true,"href":"https:\/\/www.pressenza.com\/fr\/wp-json\/wp\/v2\/comments?post=1708985"}],"version-history":[{"count":0,"href":"https:\/\/www.pressenza.com\/fr\/wp-json\/wp\/v2\/posts\/1708985\/revisions"}],"wp:featuredmedia":[{"embeddable":true,"href":"https:\/\/www.pressenza.com\/fr\/wp-json\/wp\/v2\/media\/1708986"}],"wp:attachment":[{"href":"https:\/\/www.pressenza.com\/fr\/wp-json\/wp\/v2\/media?parent=1708985"}],"wp:term":[{"taxonomy":"category","embeddable":true,"href":"https:\/\/www.pressenza.com\/fr\/wp-json\/wp\/v2\/categories?post=1708985"},{"taxonomy":"post_tag","embeddable":true,"href":"https:\/\/www.pressenza.com\/fr\/wp-json\/wp\/v2\/tags?post=1708985"}],"curies":[{"name":"wp","href":"https:\/\/api.w.org\/{rel}","templated":true}]}}