{"id":1706452,"date":"2023-01-05T22:53:16","date_gmt":"2023-01-05T22:53:16","guid":{"rendered":"https:\/\/www.pressenza.com\/?p=1706452"},"modified":"2023-01-05T22:54:04","modified_gmt":"2023-01-05T22:54:04","slug":"180-degres-lexploit-ephemere-dun-documentaire-qui-a-inquiete-netflix","status":"publish","type":"post","link":"https:\/\/www.pressenza.com\/fr\/2023\/01\/180-degres-lexploit-ephemere-dun-documentaire-qui-a-inquiete-netflix\/","title":{"rendered":"\u2018180 degr\u00e9s\u2019 : l&rsquo;exploit \u00e9ph\u00e9m\u00e8re d&rsquo;un documentaire qui a inqui\u00e9t\u00e9 Netflix"},"content":{"rendered":"<blockquote><p><em>Le film \u2018180 degr\u00e9s\u2019 est sorti sur Netflix le 18 novembre 2022. En moins de 24 heures, il avait disparu de la plateforme. Son directeur, Javier R\u00edos, explique comment on lui a dit que l&rsquo;annulation \u00e9tait due \u00e0 des raisons politiques.<\/em><\/p><\/blockquote>\n<p><strong>Par Sara Babiker<\/strong><\/p>\n<p>En 2020, en plein confinement, Javier R\u00edos a tourn\u00e9 le documentaire <em>180 degr\u00e9s<\/em> avec son \u00e9quipe, en utilisant Zoom et Skype, et en subissant d&rsquo;\u00e9normes difficult\u00e9s techniques dues \u00e0 l&rsquo;\u00e9tat de la soci\u00e9t\u00e9 \u00e0 ce moment. Le projet a tent\u00e9 de mettre en lumi\u00e8re le r\u00f4le du n\u00e9olib\u00e9ralisme dans une r\u00e9alit\u00e9 travers\u00e9e par l&rsquo;urgence de la pand\u00e9mie, avec l&rsquo;aide de diverses penseuses. Il y avait Yayo Herrero, Sol S\u00e1nchez, Ildefonso Hern\u00e1ndez et Adolfo Rodr\u00edguez.<\/p>\n<p>Le film, qui est la troisi\u00e8me \u0153uvre de R\u00edos apr\u00e8s<em> Reset<\/em> (remise \u00e0 z\u00e9ro) (2011) et<em> Return<\/em> (retour) (2017), est en quelque sorte la continuation de ce dernier &#8211; un long m\u00e9trage qui \u00e9tait d\u00e9j\u00e0, selon les mots de son r\u00e9alisateur \u00ab\u00a0une d\u00e9nonciation concernant la sant\u00e9 et le syst\u00e8me\u00a0\u00bb, \u00e9galement de la main de Yayo Herrero. \u2018<em>180 degr\u00e9s\u2019<\/em> a \u00e9t\u00e9 pr\u00e9sent\u00e9 en premi\u00e8re au <em>Teatro del Barrio<\/em> et dans les cin\u00e9mas <em>Embajadores<\/em>. Il a \u00e9galement \u00e9t\u00e9 diffus\u00e9 sur Filmin, mais n&rsquo;a pas \u00e9t\u00e9 largement distribu\u00e9. Et tout d&rsquo;un coup, quand ils nous ont dit au d\u00e9but de l&rsquo;ann\u00e9e 2022 que Netflix l&rsquo;avait acquis, c&rsquo;\u00e9tait comme, Oh ! nous avons fait passer le message, nous avons fait passer notre point de vue\u00a0\u00bb.<\/p>\n<blockquote><p>Alors que &lsquo;180 degr\u00e9s&rsquo; devait sortir sur la plateforme en avril 2022, la date a finalement \u00e9t\u00e9 repouss\u00e9e au 18 novembre. Le film devait \u00eatre disponible dans tous les pays europ\u00e9ens via Netflix, mais moins de 24 heures plus tard, il a disparu de son offre.<\/p><\/blockquote>\n<p>Apr\u00e8s l&rsquo;annonce, ils ont d\u00fb ne pas se faire trop d&rsquo;illusions ; alors que le film devait sortir en avril 2022 sur la plateforme, la date a finalement \u00e9t\u00e9 repouss\u00e9e au 18 novembre, date \u00e0 laquelle il est sorti \u00e0 00h00 pour tout le continent. Le film a finalement \u00e9t\u00e9 disponible sur Netflix dans tous les pays europ\u00e9ens, mais moins de 24 heures plus tard, il a disparu des offres de Netflix. Apr\u00e8s avoir v\u00e9rifi\u00e9 aupr\u00e8s de plusieurs personnes dans diff\u00e9rents pays europ\u00e9ens, R\u00edos a constat\u00e9 que le film n&rsquo;\u00e9tait plus disponible. Il a confi\u00e9 \u00e0 El Salto (N.d.T.: El Salto est un journal alternatif espagnol) qu&rsquo;il ressentait un m\u00e9lange de col\u00e8re et de frustration, car le fait d&rsquo;appara\u00eetre devant le grand public leur donnait, apr\u00e8s dix ans de r\u00e9alisation de ce type de documentaire, \u00ab\u00a0un aboutissement, une petite victoire pour avoir trouv\u00e9 cette faille dans le monde commercial. Mais la faille a dur\u00e9 17 heures\u00a0\u00bb.<\/p>\n<figure class=\"figure real\">\n<div data-proporcion=\"141.5\">\n<p><img loading=\"lazy\" decoding=\"async\" class=\"aligncenter size-large wp-image-1702882\" src=\"https:\/\/www.pressenza.com\/wp-content\/uploads\/2022\/12\/180-netflix-724x1024.jpeg\" alt=\"\" width=\"724\" height=\"1024\" srcset=\"https:\/\/www.pressenza.com\/wp-content\/uploads\/2022\/12\/180-netflix-724x1024.jpeg 724w, https:\/\/www.pressenza.com\/wp-content\/uploads\/2022\/12\/180-netflix-212x300.jpeg 212w, https:\/\/www.pressenza.com\/wp-content\/uploads\/2022\/12\/180-netflix.jpeg 1500w\" sizes=\"auto, (max-width: 724px) 100vw, 724px\" \/>\u00a0\u00a0\u00a0\u00a0\u00a0\u00a0\u00a0\u00a0\u00a0\u00a0\u00a0\u00a0\u00a0\u00a0\u00a0\u00a0\u00a0\u00a0\u00a0\u00a0\u00a0\u00a0\u00a0\u00a0\u00a0\u00a0\u00a0\u00a0\u00a0\u00a0\u00a0\u00a0\u00a0\u00a0\u00a0\u00a0\u00a0\u00a0\u00a0\u00a0\u00a0\u00a0\u00a0\u00a0\u00a0 \u2018180 d\u00e9gr\u00e9es\u2019 figure parmi les offres de Netflix pendant environ 17 heures.<\/p>\n<\/div>\n<\/figure>\n<p>Les explications ont \u00e9t\u00e9 lentes \u00e0 venir de la part du distributeur, et elles sont arriv\u00e9es \u00e0 deux moments diff\u00e9rents. Quelques semaines apr\u00e8s la premi\u00e8re manqu\u00e9e, R\u00edos a appris que Netflix avait eu des probl\u00e8mes avec les sous-titres. Le directeur n&rsquo;a pas \u00e9t\u00e9 convaincu par cette explication : apr\u00e8s tout, ils avaient eu des mois \u00e0 consacrer \u00e0 cette t\u00e2che. La deuxi\u00e8me fois, c&rsquo;est Netflix USA qui a donn\u00e9 une explication au distributeur, le jeudi 15 d\u00e9cembre 2022, et les raisons invoqu\u00e9es \u00e9taient politiques.<\/p>\n<p>R\u00edos pense que l&rsquo;une des raisons pour lesquelles la disponibilit\u00e9 de la plateforme a \u00e9t\u00e9 si br\u00e8ve est peut-\u00eatre li\u00e9e au fait qu&rsquo;elle a \u00e9t\u00e9 rachet\u00e9e par Netflix aux Pays-Bas. Il soup\u00e7onne que le probl\u00e8me a commenc\u00e9 lorsque le film a \u00e9t\u00e9 vu en Espagne. \u00ab\u00a0C&rsquo;est inconfortable parce que nous parlons de la pand\u00e9mie, nous parlons du triage, de ce qui s&rsquo;est pass\u00e9, de la raison pour laquelle les soins de sant\u00e9 priv\u00e9s n&rsquo;ont pas \u00e9t\u00e9 mis au service des soins de sant\u00e9 publics \u00e0 un moment aussi d\u00e9licat, au moment de l&rsquo;effondrement\u00a0\u00bb. En outre, souligne-t-il, il est \u00e9galement question de solidarit\u00e9 mondiale, de la n\u00e9cessit\u00e9 de s&rsquo;organiser, de renforcer les mouvements sociaux et d&rsquo;explorer la d\u00e9sob\u00e9issance civile. Un discours, r\u00e9fl\u00e9chit R\u00edos, qui n&rsquo;a gu\u00e8re sa place dans les m\u00e9dias commerciaux. Le r\u00e9alisateur est attrist\u00e9 que ces d\u00e9bats ne puissent pas atteindre un public plus large, ou qu&rsquo;un v\u00e9ritable programme de diminution de la croissance ne commence pas \u00e0 prendre forme.<\/p>\n<p>Yayo Herrero elle-m\u00eame trouve honteux que le documentaire ait subi ce sort sur la plateforme. Pour elle, cette d\u00e9cision \u00ab\u00a0montre clairement comment certaines des questions abord\u00e9es dans ce documentaire, qui sont cruciales pour la vie des gens, qui ont trait aux soins de sant\u00e9, \u00e0 l&rsquo;avenir, aux services publics, \u00e0 la demande d&rsquo;une politique qui place la vie des gens au centre, loin de faire partie de ce qui est inclus dans les m\u00e9dias de masse, sont laiss\u00e9es de c\u00f4t\u00e9\u00a0\u00bb.<\/p>\n<blockquote><p>\u00ab\u00a0Il me semble extraordinairement grave que gr\u00e2ce \u00e0 un t\u00e9l\u00e9phone ou \u00e0 un d\u00e9cret, on puisse d\u00e9cider qu&rsquo;un film qui avait \u00e9t\u00e9 admis \u00e0 \u00eatre projet\u00e9 sur une plateforme disparaisse soudainement\u00a0\u00bb, d\u00e9clare Yayo Herrero.<\/p><\/blockquote>\n<p>Pour Yayo Herrero, le documentaire nous invite \u00e0 r\u00e9fl\u00e9chir aux raisons pour lesquelles ce genre de questions est condamn\u00e9 \u00e0 l&rsquo;invisibilit\u00e9 par les m\u00e9dias grand public. \u00ab\u00a0Il me semble extraordinairement grave que gr\u00e2ce \u00e0 un coup de t\u00e9l\u00e9phone ou \u00e0 un d\u00e9cret, on puisse d\u00e9cider qu&rsquo;un film qui avait \u00e9t\u00e9 admis \u00e0 \u00eatre projet\u00e9 sur une plateforme disparaisse soudainement\u00a0\u00bb.<\/p>\n<p>En ce qui concerne le r\u00f4le du distributeur, qui s&rsquo;est \u00e9galement occup\u00e9 de deux autres documentaires sign\u00e9s par R\u00edos, <em>Le Retour<\/em> et <em>Aqu\u00ed Estamos<\/em> (Nous sommes ici) (2021) &#8211; tous deux disponibles sur Filmin, tandis que ses autres \u0153uvres <em>Reset<\/em> (remise \u00e0 z\u00e9ro) et <em>Rompiendo el Muro<\/em> (briser le mur) (2021) peuvent \u00eatre vues sur Youtube -, R\u00edos commente que maintenant, avec la confirmation que le film ne sera pas diffus\u00e9, l&rsquo;entreprise va engager une action en justice. Ils attendent \u00e9galement un document officiel pour \u00e9tayer ce qui a \u00e9t\u00e9 communiqu\u00e9 par t\u00e9l\u00e9phone.<\/p>\n<p>Mais tout le bilan n&rsquo;est pas n\u00e9gatif, du point de vue qu&rsquo;il d\u00e9fend dans son travail, qui d\u00e9nonce le fait que les grands m\u00e9dias ne donnent pas de place \u00e0 ses arguments, ils ont fait en sorte que Netflix montre ses contradictions. \u00ab\u00a0En ce sens, c&rsquo;est aussi une sorte de victoire. Pour dire non mais, eh bien \u00e9coutez, je ne sais pas comment nous sommes entr\u00e9s dans Netflix, par une publicit\u00e9 ou un agr\u00e9gateur Netflix en Hollande qui a d\u00fb appr\u00e9cier notre film. Il l&rsquo;a mis l\u00e0 et maintenant c&rsquo;est presque comme si on avait <em>pirat\u00e9<\/em> Netflix lui-m\u00eame. Selon M. R\u00edos, une \u00e9tape suppl\u00e9mentaire consisterait \u00e0 diffuser \u2018180 degr\u00e9s\u2019 \u00e0 la t\u00e9l\u00e9vision publique, afin de toucher davantage de personnes avec des questions et des urgences qui touchent l&rsquo;ensemble de la soci\u00e9t\u00e9.<\/p>\n<p>&nbsp;<\/p>\n","protected":false},"excerpt":{"rendered":"<p>Le film \u2018180 degr\u00e9s\u2019 est sorti sur Netflix le 18 novembre 2022. En moins de 24 heures, il avait disparu de la plateforme. Son directeur, Javier R\u00edos, explique comment on lui a dit que l&rsquo;annulation \u00e9tait due \u00e0 des raisons&hellip;<\/p>\n","protected":false},"author":1681,"featured_media":1706458,"comment_status":"closed","ping_status":"closed","sticky":false,"template":"","format":"standard","meta":{"footnotes":""},"categories":[94,98,85,1245],"tags":[77329,524,1133,108886,519,108887],"class_list":["post-1706452","post","type-post","status-publish","format-standard","has-post-thumbnail","hentry","category-culture-fr","category-droits-de-lhomme","category-europe-fr","category-sante-sujet","tag-cahier-de-culture","tag-censure","tag-cinema-fr","tag-javier-rios-fr","tag-liberte-dexpression","tag-yayo-herrero-fr"],"yoast_head":"<!-- This site is optimized with the Yoast SEO plugin v27.1.1 - https:\/\/yoast.com\/product\/yoast-seo-wordpress\/ -->\n<title>\u2018180 degr\u00e9s\u2019 : l&#039;exploit \u00e9ph\u00e9m\u00e8re d&#039;un documentaire qui a inqui\u00e9t\u00e9 Netflix<\/title>\n<meta name=\"description\" content=\"Le film \u2018180 degr\u00e9s\u2019 est sorti sur Netflix le 18 novembre 2022. En moins de 24 heures, il avait disparu de la plateforme. Son directeur, Javier R\u00edos,\" \/>\n<meta name=\"robots\" content=\"index, follow, max-snippet:-1, max-image-preview:large, max-video-preview:-1\" \/>\n<link rel=\"canonical\" href=\"https:\/\/www.pressenza.com\/fr\/2023\/01\/180-degres-lexploit-ephemere-dun-documentaire-qui-a-inquiete-netflix\/\" \/>\n<meta property=\"og:locale\" content=\"fr_FR\" \/>\n<meta property=\"og:type\" content=\"article\" \/>\n<meta property=\"og:title\" content=\"\u2018180 degr\u00e9s\u2019 : l&#039;exploit \u00e9ph\u00e9m\u00e8re d&#039;un documentaire qui a inqui\u00e9t\u00e9 Netflix\" \/>\n<meta property=\"og:description\" content=\"Le film \u2018180 degr\u00e9s\u2019 est sorti sur Netflix le 18 novembre 2022. En moins de 24 heures, il avait disparu de la plateforme. Son directeur, Javier R\u00edos,\" \/>\n<meta property=\"og:url\" content=\"https:\/\/www.pressenza.com\/fr\/2023\/01\/180-degres-lexploit-ephemere-dun-documentaire-qui-a-inquiete-netflix\/\" \/>\n<meta property=\"og:site_name\" content=\"Pressenza\" \/>\n<meta property=\"article:publisher\" content=\"https:\/\/www.facebook.com\/PressenzaItalia\" \/>\n<meta property=\"article:published_time\" content=\"2023-01-05T22:53:16+00:00\" \/>\n<meta property=\"article:modified_time\" content=\"2023-01-05T22:54:04+00:00\" \/>\n<meta property=\"og:image\" content=\"https:\/\/www.pressenza.com\/wp-content\/uploads\/2022\/12\/180-grados.jpeg\" \/>\n\t<meta property=\"og:image:width\" content=\"2000\" \/>\n\t<meta property=\"og:image:height\" content=\"1130\" \/>\n\t<meta property=\"og:image:type\" content=\"image\/jpeg\" \/>\n<meta name=\"author\" content=\"Redacci\u00f3n Espa\u00f1a\" \/>\n<meta name=\"twitter:card\" content=\"summary_large_image\" \/>\n<meta name=\"twitter:creator\" content=\"@PressenzaIPA\" \/>\n<meta name=\"twitter:site\" content=\"@PressenzaIPA\" \/>\n<meta name=\"twitter:label1\" content=\"\u00c9crit par\" \/>\n\t<meta name=\"twitter:data1\" content=\"Redacci\u00f3n Espa\u00f1a\" \/>\n\t<meta name=\"twitter:label2\" content=\"Dur\u00e9e de lecture estim\u00e9e\" \/>\n\t<meta name=\"twitter:data2\" content=\"6 minutes\" \/>\n<script type=\"application\/ld+json\" class=\"yoast-schema-graph\">{\"@context\":\"https:\/\/schema.org\",\"@graph\":[{\"@type\":\"Article\",\"@id\":\"https:\/\/www.pressenza.com\/fr\/2023\/01\/180-degres-lexploit-ephemere-dun-documentaire-qui-a-inquiete-netflix\/#article\",\"isPartOf\":{\"@id\":\"https:\/\/www.pressenza.com\/fr\/2023\/01\/180-degres-lexploit-ephemere-dun-documentaire-qui-a-inquiete-netflix\/\"},\"author\":{\"name\":\"Redacci\u00f3n Espa\u00f1a\",\"@id\":\"https:\/\/www.pressenza.com\/fr\/#\/schema\/person\/fffbbe2f14495897417f313a954dae23\"},\"headline\":\"\u2018180 degr\u00e9s\u2019 : l&rsquo;exploit \u00e9ph\u00e9m\u00e8re d&rsquo;un documentaire qui a inqui\u00e9t\u00e9 Netflix\",\"datePublished\":\"2023-01-05T22:53:16+00:00\",\"dateModified\":\"2023-01-05T22:54:04+00:00\",\"mainEntityOfPage\":{\"@id\":\"https:\/\/www.pressenza.com\/fr\/2023\/01\/180-degres-lexploit-ephemere-dun-documentaire-qui-a-inquiete-netflix\/\"},\"wordCount\":1222,\"publisher\":{\"@id\":\"https:\/\/www.pressenza.com\/fr\/#organization\"},\"image\":{\"@id\":\"https:\/\/www.pressenza.com\/fr\/2023\/01\/180-degres-lexploit-ephemere-dun-documentaire-qui-a-inquiete-netflix\/#primaryimage\"},\"thumbnailUrl\":\"https:\/\/www.pressenza.com\/wp-content\/uploads\/2022\/12\/180-grados.jpeg\",\"keywords\":[\"cahier de culture\",\"censure\",\"cin\u00e9ma\",\"Javier R\u00edos\",\"Libert\u00e9 d'expression\",\"Yayo Herrero\"],\"articleSection\":[\"Culture et M\u00e9dias\",\"Droits humains\",\"Europe\",\"Sant\u00e9\"],\"inLanguage\":\"fr-FR\"},{\"@type\":\"WebPage\",\"@id\":\"https:\/\/www.pressenza.com\/fr\/2023\/01\/180-degres-lexploit-ephemere-dun-documentaire-qui-a-inquiete-netflix\/\",\"url\":\"https:\/\/www.pressenza.com\/fr\/2023\/01\/180-degres-lexploit-ephemere-dun-documentaire-qui-a-inquiete-netflix\/\",\"name\":\"\u2018180 degr\u00e9s\u2019 : l'exploit \u00e9ph\u00e9m\u00e8re d'un documentaire qui a inqui\u00e9t\u00e9 Netflix\",\"isPartOf\":{\"@id\":\"https:\/\/www.pressenza.com\/fr\/#website\"},\"primaryImageOfPage\":{\"@id\":\"https:\/\/www.pressenza.com\/fr\/2023\/01\/180-degres-lexploit-ephemere-dun-documentaire-qui-a-inquiete-netflix\/#primaryimage\"},\"image\":{\"@id\":\"https:\/\/www.pressenza.com\/fr\/2023\/01\/180-degres-lexploit-ephemere-dun-documentaire-qui-a-inquiete-netflix\/#primaryimage\"},\"thumbnailUrl\":\"https:\/\/www.pressenza.com\/wp-content\/uploads\/2022\/12\/180-grados.jpeg\",\"datePublished\":\"2023-01-05T22:53:16+00:00\",\"dateModified\":\"2023-01-05T22:54:04+00:00\",\"description\":\"Le film \u2018180 degr\u00e9s\u2019 est sorti sur Netflix le 18 novembre 2022. En moins de 24 heures, il avait disparu de la plateforme. Son directeur, Javier R\u00edos,\",\"breadcrumb\":{\"@id\":\"https:\/\/www.pressenza.com\/fr\/2023\/01\/180-degres-lexploit-ephemere-dun-documentaire-qui-a-inquiete-netflix\/#breadcrumb\"},\"inLanguage\":\"fr-FR\",\"potentialAction\":[{\"@type\":\"ReadAction\",\"target\":[\"https:\/\/www.pressenza.com\/fr\/2023\/01\/180-degres-lexploit-ephemere-dun-documentaire-qui-a-inquiete-netflix\/\"]}]},{\"@type\":\"ImageObject\",\"inLanguage\":\"fr-FR\",\"@id\":\"https:\/\/www.pressenza.com\/fr\/2023\/01\/180-degres-lexploit-ephemere-dun-documentaire-qui-a-inquiete-netflix\/#primaryimage\",\"url\":\"https:\/\/www.pressenza.com\/wp-content\/uploads\/2022\/12\/180-grados.jpeg\",\"contentUrl\":\"https:\/\/www.pressenza.com\/wp-content\/uploads\/2022\/12\/180-grados.jpeg\",\"width\":2000,\"height\":1130},{\"@type\":\"BreadcrumbList\",\"@id\":\"https:\/\/www.pressenza.com\/fr\/2023\/01\/180-degres-lexploit-ephemere-dun-documentaire-qui-a-inquiete-netflix\/#breadcrumb\",\"itemListElement\":[{\"@type\":\"ListItem\",\"position\":1,\"name\":\"Accueil\",\"item\":\"https:\/\/www.pressenza.com\/fr\/\"},{\"@type\":\"ListItem\",\"position\":2,\"name\":\"\u2018180 degr\u00e9s\u2019 : l&rsquo;exploit \u00e9ph\u00e9m\u00e8re d&rsquo;un documentaire qui a inqui\u00e9t\u00e9 Netflix\"}]},{\"@type\":\"WebSite\",\"@id\":\"https:\/\/www.pressenza.com\/fr\/#website\",\"url\":\"https:\/\/www.pressenza.com\/fr\/\",\"name\":\"Pressenza\",\"description\":\"International Press Agency\",\"publisher\":{\"@id\":\"https:\/\/www.pressenza.com\/fr\/#organization\"},\"potentialAction\":[{\"@type\":\"SearchAction\",\"target\":{\"@type\":\"EntryPoint\",\"urlTemplate\":\"https:\/\/www.pressenza.com\/fr\/?s={search_term_string}\"},\"query-input\":{\"@type\":\"PropertyValueSpecification\",\"valueRequired\":true,\"valueName\":\"search_term_string\"}}],\"inLanguage\":\"fr-FR\"},{\"@type\":\"Organization\",\"@id\":\"https:\/\/www.pressenza.com\/fr\/#organization\",\"name\":\"Pressenza\",\"url\":\"https:\/\/www.pressenza.com\/fr\/\",\"logo\":{\"@type\":\"ImageObject\",\"inLanguage\":\"fr-FR\",\"@id\":\"https:\/\/www.pressenza.com\/fr\/#\/schema\/logo\/image\/\",\"url\":\"https:\/\/www.pressenza.com\/wp-content\/uploads\/2022\/10\/pressenza_logo_200x200.jpg\",\"contentUrl\":\"https:\/\/www.pressenza.com\/wp-content\/uploads\/2022\/10\/pressenza_logo_200x200.jpg\",\"width\":200,\"height\":200,\"caption\":\"Pressenza\"},\"image\":{\"@id\":\"https:\/\/www.pressenza.com\/fr\/#\/schema\/logo\/image\/\"},\"sameAs\":[\"https:\/\/www.facebook.com\/PressenzaItalia\",\"https:\/\/x.com\/PressenzaIPA\"]},{\"@type\":\"Person\",\"@id\":\"https:\/\/www.pressenza.com\/fr\/#\/schema\/person\/fffbbe2f14495897417f313a954dae23\",\"name\":\"Redacci\u00f3n Espa\u00f1a\",\"url\":\"https:\/\/www.pressenza.com\/fr\/author\/redaccion-espana\/\"}]}<\/script>\n<!-- \/ Yoast SEO plugin. -->","yoast_head_json":{"title":"\u2018180 degr\u00e9s\u2019 : l'exploit \u00e9ph\u00e9m\u00e8re d'un documentaire qui a inqui\u00e9t\u00e9 Netflix","description":"Le film \u2018180 degr\u00e9s\u2019 est sorti sur Netflix le 18 novembre 2022. En moins de 24 heures, il avait disparu de la plateforme. Son directeur, Javier R\u00edos,","robots":{"index":"index","follow":"follow","max-snippet":"max-snippet:-1","max-image-preview":"max-image-preview:large","max-video-preview":"max-video-preview:-1"},"canonical":"https:\/\/www.pressenza.com\/fr\/2023\/01\/180-degres-lexploit-ephemere-dun-documentaire-qui-a-inquiete-netflix\/","og_locale":"fr_FR","og_type":"article","og_title":"\u2018180 degr\u00e9s\u2019 : l'exploit \u00e9ph\u00e9m\u00e8re d'un documentaire qui a inqui\u00e9t\u00e9 Netflix","og_description":"Le film \u2018180 degr\u00e9s\u2019 est sorti sur Netflix le 18 novembre 2022. En moins de 24 heures, il avait disparu de la plateforme. Son directeur, Javier R\u00edos,","og_url":"https:\/\/www.pressenza.com\/fr\/2023\/01\/180-degres-lexploit-ephemere-dun-documentaire-qui-a-inquiete-netflix\/","og_site_name":"Pressenza","article_publisher":"https:\/\/www.facebook.com\/PressenzaItalia","article_published_time":"2023-01-05T22:53:16+00:00","article_modified_time":"2023-01-05T22:54:04+00:00","og_image":[{"width":2000,"height":1130,"url":"https:\/\/www.pressenza.com\/wp-content\/uploads\/2022\/12\/180-grados.jpeg","type":"image\/jpeg"}],"author":"Redacci\u00f3n Espa\u00f1a","twitter_card":"summary_large_image","twitter_creator":"@PressenzaIPA","twitter_site":"@PressenzaIPA","twitter_misc":{"\u00c9crit par":"Redacci\u00f3n Espa\u00f1a","Dur\u00e9e de lecture estim\u00e9e":"6 minutes"},"schema":{"@context":"https:\/\/schema.org","@graph":[{"@type":"Article","@id":"https:\/\/www.pressenza.com\/fr\/2023\/01\/180-degres-lexploit-ephemere-dun-documentaire-qui-a-inquiete-netflix\/#article","isPartOf":{"@id":"https:\/\/www.pressenza.com\/fr\/2023\/01\/180-degres-lexploit-ephemere-dun-documentaire-qui-a-inquiete-netflix\/"},"author":{"name":"Redacci\u00f3n Espa\u00f1a","@id":"https:\/\/www.pressenza.com\/fr\/#\/schema\/person\/fffbbe2f14495897417f313a954dae23"},"headline":"\u2018180 degr\u00e9s\u2019 : l&rsquo;exploit \u00e9ph\u00e9m\u00e8re d&rsquo;un documentaire qui a inqui\u00e9t\u00e9 Netflix","datePublished":"2023-01-05T22:53:16+00:00","dateModified":"2023-01-05T22:54:04+00:00","mainEntityOfPage":{"@id":"https:\/\/www.pressenza.com\/fr\/2023\/01\/180-degres-lexploit-ephemere-dun-documentaire-qui-a-inquiete-netflix\/"},"wordCount":1222,"publisher":{"@id":"https:\/\/www.pressenza.com\/fr\/#organization"},"image":{"@id":"https:\/\/www.pressenza.com\/fr\/2023\/01\/180-degres-lexploit-ephemere-dun-documentaire-qui-a-inquiete-netflix\/#primaryimage"},"thumbnailUrl":"https:\/\/www.pressenza.com\/wp-content\/uploads\/2022\/12\/180-grados.jpeg","keywords":["cahier de culture","censure","cin\u00e9ma","Javier R\u00edos","Libert\u00e9 d'expression","Yayo Herrero"],"articleSection":["Culture et M\u00e9dias","Droits humains","Europe","Sant\u00e9"],"inLanguage":"fr-FR"},{"@type":"WebPage","@id":"https:\/\/www.pressenza.com\/fr\/2023\/01\/180-degres-lexploit-ephemere-dun-documentaire-qui-a-inquiete-netflix\/","url":"https:\/\/www.pressenza.com\/fr\/2023\/01\/180-degres-lexploit-ephemere-dun-documentaire-qui-a-inquiete-netflix\/","name":"\u2018180 degr\u00e9s\u2019 : l'exploit \u00e9ph\u00e9m\u00e8re d'un documentaire qui a inqui\u00e9t\u00e9 Netflix","isPartOf":{"@id":"https:\/\/www.pressenza.com\/fr\/#website"},"primaryImageOfPage":{"@id":"https:\/\/www.pressenza.com\/fr\/2023\/01\/180-degres-lexploit-ephemere-dun-documentaire-qui-a-inquiete-netflix\/#primaryimage"},"image":{"@id":"https:\/\/www.pressenza.com\/fr\/2023\/01\/180-degres-lexploit-ephemere-dun-documentaire-qui-a-inquiete-netflix\/#primaryimage"},"thumbnailUrl":"https:\/\/www.pressenza.com\/wp-content\/uploads\/2022\/12\/180-grados.jpeg","datePublished":"2023-01-05T22:53:16+00:00","dateModified":"2023-01-05T22:54:04+00:00","description":"Le film \u2018180 degr\u00e9s\u2019 est sorti sur Netflix le 18 novembre 2022. En moins de 24 heures, il avait disparu de la plateforme. Son directeur, Javier R\u00edos,","breadcrumb":{"@id":"https:\/\/www.pressenza.com\/fr\/2023\/01\/180-degres-lexploit-ephemere-dun-documentaire-qui-a-inquiete-netflix\/#breadcrumb"},"inLanguage":"fr-FR","potentialAction":[{"@type":"ReadAction","target":["https:\/\/www.pressenza.com\/fr\/2023\/01\/180-degres-lexploit-ephemere-dun-documentaire-qui-a-inquiete-netflix\/"]}]},{"@type":"ImageObject","inLanguage":"fr-FR","@id":"https:\/\/www.pressenza.com\/fr\/2023\/01\/180-degres-lexploit-ephemere-dun-documentaire-qui-a-inquiete-netflix\/#primaryimage","url":"https:\/\/www.pressenza.com\/wp-content\/uploads\/2022\/12\/180-grados.jpeg","contentUrl":"https:\/\/www.pressenza.com\/wp-content\/uploads\/2022\/12\/180-grados.jpeg","width":2000,"height":1130},{"@type":"BreadcrumbList","@id":"https:\/\/www.pressenza.com\/fr\/2023\/01\/180-degres-lexploit-ephemere-dun-documentaire-qui-a-inquiete-netflix\/#breadcrumb","itemListElement":[{"@type":"ListItem","position":1,"name":"Accueil","item":"https:\/\/www.pressenza.com\/fr\/"},{"@type":"ListItem","position":2,"name":"\u2018180 degr\u00e9s\u2019 : l&rsquo;exploit \u00e9ph\u00e9m\u00e8re d&rsquo;un documentaire qui a inqui\u00e9t\u00e9 Netflix"}]},{"@type":"WebSite","@id":"https:\/\/www.pressenza.com\/fr\/#website","url":"https:\/\/www.pressenza.com\/fr\/","name":"Pressenza","description":"International Press Agency","publisher":{"@id":"https:\/\/www.pressenza.com\/fr\/#organization"},"potentialAction":[{"@type":"SearchAction","target":{"@type":"EntryPoint","urlTemplate":"https:\/\/www.pressenza.com\/fr\/?s={search_term_string}"},"query-input":{"@type":"PropertyValueSpecification","valueRequired":true,"valueName":"search_term_string"}}],"inLanguage":"fr-FR"},{"@type":"Organization","@id":"https:\/\/www.pressenza.com\/fr\/#organization","name":"Pressenza","url":"https:\/\/www.pressenza.com\/fr\/","logo":{"@type":"ImageObject","inLanguage":"fr-FR","@id":"https:\/\/www.pressenza.com\/fr\/#\/schema\/logo\/image\/","url":"https:\/\/www.pressenza.com\/wp-content\/uploads\/2022\/10\/pressenza_logo_200x200.jpg","contentUrl":"https:\/\/www.pressenza.com\/wp-content\/uploads\/2022\/10\/pressenza_logo_200x200.jpg","width":200,"height":200,"caption":"Pressenza"},"image":{"@id":"https:\/\/www.pressenza.com\/fr\/#\/schema\/logo\/image\/"},"sameAs":["https:\/\/www.facebook.com\/PressenzaItalia","https:\/\/x.com\/PressenzaIPA"]},{"@type":"Person","@id":"https:\/\/www.pressenza.com\/fr\/#\/schema\/person\/fffbbe2f14495897417f313a954dae23","name":"Redacci\u00f3n Espa\u00f1a","url":"https:\/\/www.pressenza.com\/fr\/author\/redaccion-espana\/"}]}},"place":"Madrid, Espagne","original_article_url":"https:\/\/www.elsaltodiario.com\/cine\/180-grados-gesta-efimera-documental-inquieto-netflix","_links":{"self":[{"href":"https:\/\/www.pressenza.com\/fr\/wp-json\/wp\/v2\/posts\/1706452","targetHints":{"allow":["GET"]}}],"collection":[{"href":"https:\/\/www.pressenza.com\/fr\/wp-json\/wp\/v2\/posts"}],"about":[{"href":"https:\/\/www.pressenza.com\/fr\/wp-json\/wp\/v2\/types\/post"}],"author":[{"embeddable":true,"href":"https:\/\/www.pressenza.com\/fr\/wp-json\/wp\/v2\/users\/1681"}],"replies":[{"embeddable":true,"href":"https:\/\/www.pressenza.com\/fr\/wp-json\/wp\/v2\/comments?post=1706452"}],"version-history":[{"count":0,"href":"https:\/\/www.pressenza.com\/fr\/wp-json\/wp\/v2\/posts\/1706452\/revisions"}],"wp:featuredmedia":[{"embeddable":true,"href":"https:\/\/www.pressenza.com\/fr\/wp-json\/wp\/v2\/media\/1706458"}],"wp:attachment":[{"href":"https:\/\/www.pressenza.com\/fr\/wp-json\/wp\/v2\/media?parent=1706452"}],"wp:term":[{"taxonomy":"category","embeddable":true,"href":"https:\/\/www.pressenza.com\/fr\/wp-json\/wp\/v2\/categories?post=1706452"},{"taxonomy":"post_tag","embeddable":true,"href":"https:\/\/www.pressenza.com\/fr\/wp-json\/wp\/v2\/tags?post=1706452"}],"curies":[{"name":"wp","href":"https:\/\/api.w.org\/{rel}","templated":true}]}}