{"id":1701879,"date":"2022-12-22T20:54:13","date_gmt":"2022-12-22T20:54:13","guid":{"rendered":"https:\/\/www.pressenza.com\/?p=1701879"},"modified":"2022-12-22T20:55:02","modified_gmt":"2022-12-22T20:55:02","slug":"la-micropulperie-de-lecole-du-parchemin-en-mode-production-region-de-lestrie","status":"publish","type":"post","link":"https:\/\/www.pressenza.com\/fr\/2022\/12\/la-micropulperie-de-lecole-du-parchemin-en-mode-production-region-de-lestrie\/","title":{"rendered":"La micropulperie de l\u2019\u00e9cole du Parchemin en mode production r\u00e9gion de l&rsquo;Estrie"},"content":{"rendered":"<p><span style=\"font-weight: 400;\">Une autre ann\u00e9e \u00e0 l\u2019\u00e9cole du Parchemin d\u2019East Angus signifie aussi une autre ann\u00e9e \u00e0 la micropulperie dans la classe de M. Alexandre Dumas. La vingtaine d\u2019\u00e9l\u00e8ves de 6e ann\u00e9e mettent d\u00e9j\u00e0 la main \u00e0 la p\u00e2te depuis plusieurs semaines afin de fabriquer plusieurs centaines de cartes de No\u00ebl en papier recycl\u00e9. Cette initiative n\u2019est pas organis\u00e9e dans un but lucratif, mais les profits permettent de bonifier les activit\u00e9s scolaires, de fournir du mat\u00e9riel \u00e0 l\u2019\u00e9cole et enfin de financer un voyage de fin d\u2019ann\u00e9e.<\/span><\/p>\n<p><span style=\"font-weight: 400;\">Le projet, initi\u00e9 par le professeur Alexandre Dumas, il y a plus de 10 ans, continue de faire \u00e9voluer les jeunes dans un cadre entrepreneurial. En les stimulant \u00e0 se responsabiliser et \u00e0 communiquer entre eux, les \u00e9l\u00e8ves de la classe sont aussi conscientis\u00e9s face aux bonnes habitudes \u00e9cologiques et \u00e0 la r\u00e9cup\u00e9ration, explique-t-il. La micropulperie est une entreprise op\u00e9r\u00e9e par les \u00e9l\u00e8ves, avec n\u00e9anmoins le soutien et la pr\u00e9sence de leur enseignant. Les \u00e9tudiants sont pass\u00e9s par le processus habituel d\u2019embauche au sein de l\u2019entreprise. <\/span><\/p>\n<blockquote><p><span style=\"font-weight: 400;\">\u00ab\u2009Les \u00e9l\u00e8ves ont d\u00fb faire un curriculum vitae, passer des entrevues afin de d\u00e9terminer les forces de chacun au sein du projet et voir ce qui les int\u00e9ressait\u2009\u00bb, d\u2019expliquer M. Dumas. <\/span><\/p><\/blockquote>\n<p><span style=\"font-weight: 400;\">Cette fa\u00e7on d\u2019op\u00e9rer permet aussi aux jeunes d\u2019apprivoiser ce que pourrait \u00eatre le march\u00e9 du travail. <\/span><span style=\"font-weight: 400;\">Les \u00e9tudiants de 6e ann\u00e9e ont chacun leur poste et se mettent \u00e0 la t\u00e2che de fa\u00e7on autonome et responsable. Chacun sait ce qu\u2019il a \u00e0 faire et le fait au meilleur de ses capacit\u00e9s, d\u2019affirmer l\u2019enseignant. Cette m\u00e9thode d\u2019enseignement est tr\u00e8s appr\u00e9ci\u00e9e chez les \u00e9l\u00e8ves de la classe. <\/span><\/p>\n<blockquote><p><span style=\"font-weight: 400;\">\u00ab\u2009C\u2019est vraiment agr\u00e9able de faire partie de ce projet de la micropulperie. Dans la classe de M. Alexandre, on fait toutes sortes d\u2019activit\u00e9s et \u00e7a nous permet d\u2019\u00eatre plus concentr\u00e9s en classe lorsqu\u2019on fait des classes r\u00e9guli\u00e8res\u2009\u00bb, d\u2019exprimer un des \u00e9l\u00e8ves et directeurs adjoints de l\u2019entreprise, Julien Robitaille. <\/span><\/p><\/blockquote>\n<p><span style=\"font-weight: 400;\">M\u00eame constat du c\u00f4t\u00e9 d\u2019une des directrices adjointes, Lorie St-Pierre, qui ajoute que le fait de s\u2019impliquer autant \u00e0 travers la micropulperie, le compost de l\u2019\u00e9cole et le jardin communautaire de l\u2019\u00e9cole est tr\u00e8s valorisant pour eux.<\/span><\/p>\n<blockquote><p><span style=\"font-weight: 400;\"> \u00ab\u00catre dans la classe de M. Alexandre, c\u2019est vraiment bien. On touche \u00e0 plein de choses, pas seulement aux mati\u00e8res acad\u00e9miques. En plus, avec la micropulperie, on voit concr\u00e8tement ce que c\u2019est de donner une 2e, et m\u00eame une 3e vie au papier que l\u2019on utilise.\u2009\u00bb<\/span><\/p><\/blockquote>\n<p><span style=\"font-weight: 400;\">Les \u00e9l\u00e8ves des autres classes de l\u2019\u00e9cole primaire d\u2019East Angus peuvent aussi venir donner un coup de main aux \u00e9tudiants de M. Alexandre. <\/span><\/p>\n<blockquote><p><span style=\"font-weight: 400;\">\u00ab\u2009Avec les plus vieux, il y a beaucoup d\u2019autonomie. Mes \u00e9l\u00e8ves leur montrent une premi\u00e8re fois et ensuite, ce sont nos invit\u00e9s qui se mouillent les mains. Mais avec les plus jeunes, il faut un peu plus de supervision et d\u2019entraide et c\u2019est une belle fa\u00e7on pour eux de sociabiliser et d\u2019enseigner \u00e0 leur tour\u2009\u00bb, d\u2019expliquer Alexandre Dumas.<\/span><\/p><\/blockquote>\n<p><span style=\"font-weight: 400;\">Du c\u00f4t\u00e9 de la direction, ce genre d\u2019initiative fait mouche et am\u00e8ne une fiert\u00e9 pour tous. <\/span><\/p>\n<blockquote><p><span style=\"font-weight: 400;\">\u00ab\u2009C\u2019est une fiert\u00e9 pour l\u2019\u00e9cole, mais c\u2019est une fiert\u00e9 partag\u00e9e. Ce que je veux dire par l\u00e0, c\u2019est que M. Alexandre est fier de \u00e7a, les \u00e9l\u00e8ves de la classe sont aussi fiers et lorsque les parents re\u00e7oivent leurs cartes de No\u00ebl, c\u2019est la m\u00eame chose\u2009\u00bb, d\u2019exprimer la directrice de l\u2019\u00e9tablissement, Val\u00e9rie Tremblay. \u00ab\u2009Ce projet valorise et motive les \u00e9l\u00e8ves d\u2019une fa\u00e7on diff\u00e9rente et ce que fait M. Alexandre est un super beau levier pour les jeunes qui apprennent tranquillement \u00e0 se responsabiliser et \u00e0 travailler en \u00e9quipe\u2009\u00bb, de conclure Mme Tremblay.<\/span><\/p><\/blockquote>\n<p><span style=\"font-weight: 400;\">Olivier L. La Haye<\/span><\/p>\n","protected":false},"excerpt":{"rendered":"<p>Une autre ann\u00e9e \u00e0 l\u2019\u00e9cole du Parchemin d\u2019East Angus signifie aussi une autre ann\u00e9e \u00e0 la micropulperie dans la classe de M. Alexandre Dumas. La vingtaine d\u2019\u00e9l\u00e8ves de 6e ann\u00e9e mettent d\u00e9j\u00e0 la main \u00e0 la p\u00e2te depuis plusieurs semaines&hellip;<\/p>\n","protected":false},"author":2143,"featured_media":1701881,"comment_status":"closed","ping_status":"closed","sticky":false,"template":"","format":"standard","meta":{"footnotes":""},"categories":[87,1249],"tags":[101682,108633,104344],"class_list":["post-1701879","post","type-post","status-publish","format-standard","has-post-thumbnail","hentry","category-amerique-du-nord","category-education-sujet","tag-amecq","tag-ecoleduparchemin","tag-estrie"],"yoast_head":"<!-- This site is optimized with the Yoast SEO plugin v27.1.1 - https:\/\/yoast.com\/product\/yoast-seo-wordpress\/ -->\n<title>La micropulperie de l\u2019\u00e9cole du Parchemin en mode production r\u00e9gion de l&#039;Estrie<\/title>\n<meta name=\"description\" content=\"Une autre ann\u00e9e \u00e0 l\u2019\u00e9cole du Parchemin d\u2019East Angus signifie aussi une autre ann\u00e9e \u00e0 la micropulperie dans la classe de M. Alexandre Dumas. La vingtaine\" \/>\n<meta name=\"robots\" content=\"index, follow, max-snippet:-1, max-image-preview:large, max-video-preview:-1\" \/>\n<link rel=\"canonical\" href=\"https:\/\/www.pressenza.com\/fr\/2022\/12\/la-micropulperie-de-lecole-du-parchemin-en-mode-production-region-de-lestrie\/\" \/>\n<meta property=\"og:locale\" content=\"fr_FR\" \/>\n<meta property=\"og:type\" content=\"article\" \/>\n<meta property=\"og:title\" content=\"La micropulperie de l\u2019\u00e9cole du Parchemin en mode production r\u00e9gion de l&#039;Estrie\" \/>\n<meta property=\"og:description\" content=\"Une autre ann\u00e9e \u00e0 l\u2019\u00e9cole du Parchemin d\u2019East Angus signifie aussi une autre ann\u00e9e \u00e0 la micropulperie dans la classe de M. Alexandre Dumas. La vingtaine\" \/>\n<meta property=\"og:url\" content=\"https:\/\/www.pressenza.com\/fr\/2022\/12\/la-micropulperie-de-lecole-du-parchemin-en-mode-production-region-de-lestrie\/\" \/>\n<meta property=\"og:site_name\" content=\"Pressenza\" \/>\n<meta property=\"article:publisher\" content=\"https:\/\/www.facebook.com\/PressenzaItalia\" \/>\n<meta property=\"article:published_time\" content=\"2022-12-22T20:54:13+00:00\" \/>\n<meta property=\"article:modified_time\" content=\"2022-12-22T20:55:02+00:00\" \/>\n<meta property=\"og:image\" content=\"https:\/\/www.pressenza.com\/wp-content\/uploads\/2022\/12\/Micropulperie-estrie.jpg\" \/>\n\t<meta property=\"og:image:width\" content=\"876\" \/>\n\t<meta property=\"og:image:height\" content=\"419\" \/>\n\t<meta property=\"og:image:type\" content=\"image\/jpeg\" \/>\n<meta name=\"author\" content=\"AMECQ - Association des m\u00e9dias \u00e9crits communautaires du Qu\u00e9bec\" \/>\n<meta name=\"twitter:card\" content=\"summary_large_image\" \/>\n<meta name=\"twitter:creator\" content=\"@PressenzaIPA\" \/>\n<meta name=\"twitter:site\" content=\"@PressenzaIPA\" \/>\n<meta name=\"twitter:label1\" content=\"\u00c9crit par\" \/>\n\t<meta name=\"twitter:data1\" content=\"AMECQ - Association des m\u00e9dias \u00e9crits communautaires du Qu\u00e9bec\" \/>\n\t<meta name=\"twitter:label2\" content=\"Dur\u00e9e de lecture estim\u00e9e\" \/>\n\t<meta name=\"twitter:data2\" content=\"4 minutes\" \/>\n<script type=\"application\/ld+json\" class=\"yoast-schema-graph\">{\"@context\":\"https:\/\/schema.org\",\"@graph\":[{\"@type\":\"Article\",\"@id\":\"https:\/\/www.pressenza.com\/fr\/2022\/12\/la-micropulperie-de-lecole-du-parchemin-en-mode-production-region-de-lestrie\/#article\",\"isPartOf\":{\"@id\":\"https:\/\/www.pressenza.com\/fr\/2022\/12\/la-micropulperie-de-lecole-du-parchemin-en-mode-production-region-de-lestrie\/\"},\"author\":{\"name\":\"AMECQ - Association des m\u00e9dias \u00e9crits communautaires du Qu\u00e9bec\",\"@id\":\"https:\/\/www.pressenza.com\/fr\/#\/schema\/person\/5362584f414349fe88d3246d58d2ac3a\"},\"headline\":\"La micropulperie de l\u2019\u00e9cole du Parchemin en mode production r\u00e9gion de l&rsquo;Estrie\",\"datePublished\":\"2022-12-22T20:54:13+00:00\",\"dateModified\":\"2022-12-22T20:55:02+00:00\",\"mainEntityOfPage\":{\"@id\":\"https:\/\/www.pressenza.com\/fr\/2022\/12\/la-micropulperie-de-lecole-du-parchemin-en-mode-production-region-de-lestrie\/\"},\"wordCount\":699,\"publisher\":{\"@id\":\"https:\/\/www.pressenza.com\/fr\/#organization\"},\"image\":{\"@id\":\"https:\/\/www.pressenza.com\/fr\/2022\/12\/la-micropulperie-de-lecole-du-parchemin-en-mode-production-region-de-lestrie\/#primaryimage\"},\"thumbnailUrl\":\"https:\/\/www.pressenza.com\/wp-content\/uploads\/2022\/12\/Micropulperie-estrie.jpg\",\"keywords\":[\"AMECQ\",\"EcoleduParchemin\",\"Estrie\"],\"articleSection\":[\"Am\u00e9rique du Nord\",\"Education\"],\"inLanguage\":\"fr-FR\"},{\"@type\":\"WebPage\",\"@id\":\"https:\/\/www.pressenza.com\/fr\/2022\/12\/la-micropulperie-de-lecole-du-parchemin-en-mode-production-region-de-lestrie\/\",\"url\":\"https:\/\/www.pressenza.com\/fr\/2022\/12\/la-micropulperie-de-lecole-du-parchemin-en-mode-production-region-de-lestrie\/\",\"name\":\"La micropulperie de l\u2019\u00e9cole du Parchemin en mode production r\u00e9gion de l'Estrie\",\"isPartOf\":{\"@id\":\"https:\/\/www.pressenza.com\/fr\/#website\"},\"primaryImageOfPage\":{\"@id\":\"https:\/\/www.pressenza.com\/fr\/2022\/12\/la-micropulperie-de-lecole-du-parchemin-en-mode-production-region-de-lestrie\/#primaryimage\"},\"image\":{\"@id\":\"https:\/\/www.pressenza.com\/fr\/2022\/12\/la-micropulperie-de-lecole-du-parchemin-en-mode-production-region-de-lestrie\/#primaryimage\"},\"thumbnailUrl\":\"https:\/\/www.pressenza.com\/wp-content\/uploads\/2022\/12\/Micropulperie-estrie.jpg\",\"datePublished\":\"2022-12-22T20:54:13+00:00\",\"dateModified\":\"2022-12-22T20:55:02+00:00\",\"description\":\"Une autre ann\u00e9e \u00e0 l\u2019\u00e9cole du Parchemin d\u2019East Angus signifie aussi une autre ann\u00e9e \u00e0 la micropulperie dans la classe de M. Alexandre Dumas. La vingtaine\",\"breadcrumb\":{\"@id\":\"https:\/\/www.pressenza.com\/fr\/2022\/12\/la-micropulperie-de-lecole-du-parchemin-en-mode-production-region-de-lestrie\/#breadcrumb\"},\"inLanguage\":\"fr-FR\",\"potentialAction\":[{\"@type\":\"ReadAction\",\"target\":[\"https:\/\/www.pressenza.com\/fr\/2022\/12\/la-micropulperie-de-lecole-du-parchemin-en-mode-production-region-de-lestrie\/\"]}]},{\"@type\":\"ImageObject\",\"inLanguage\":\"fr-FR\",\"@id\":\"https:\/\/www.pressenza.com\/fr\/2022\/12\/la-micropulperie-de-lecole-du-parchemin-en-mode-production-region-de-lestrie\/#primaryimage\",\"url\":\"https:\/\/www.pressenza.com\/wp-content\/uploads\/2022\/12\/Micropulperie-estrie.jpg\",\"contentUrl\":\"https:\/\/www.pressenza.com\/wp-content\/uploads\/2022\/12\/Micropulperie-estrie.jpg\",\"width\":876,\"height\":419,\"caption\":\"Photo cr\u00e9dit: Journal haut Saint Fran\u00e7ois, Les \u00e9l\u00e8ves de la classe de M. Alexandre en pleine production de cartes de No\u00ebl\"},{\"@type\":\"BreadcrumbList\",\"@id\":\"https:\/\/www.pressenza.com\/fr\/2022\/12\/la-micropulperie-de-lecole-du-parchemin-en-mode-production-region-de-lestrie\/#breadcrumb\",\"itemListElement\":[{\"@type\":\"ListItem\",\"position\":1,\"name\":\"Accueil\",\"item\":\"https:\/\/www.pressenza.com\/fr\/\"},{\"@type\":\"ListItem\",\"position\":2,\"name\":\"La micropulperie de l\u2019\u00e9cole du Parchemin en mode production r\u00e9gion de l&rsquo;Estrie\"}]},{\"@type\":\"WebSite\",\"@id\":\"https:\/\/www.pressenza.com\/fr\/#website\",\"url\":\"https:\/\/www.pressenza.com\/fr\/\",\"name\":\"Pressenza\",\"description\":\"International Press Agency\",\"publisher\":{\"@id\":\"https:\/\/www.pressenza.com\/fr\/#organization\"},\"potentialAction\":[{\"@type\":\"SearchAction\",\"target\":{\"@type\":\"EntryPoint\",\"urlTemplate\":\"https:\/\/www.pressenza.com\/fr\/?s={search_term_string}\"},\"query-input\":{\"@type\":\"PropertyValueSpecification\",\"valueRequired\":true,\"valueName\":\"search_term_string\"}}],\"inLanguage\":\"fr-FR\"},{\"@type\":\"Organization\",\"@id\":\"https:\/\/www.pressenza.com\/fr\/#organization\",\"name\":\"Pressenza\",\"url\":\"https:\/\/www.pressenza.com\/fr\/\",\"logo\":{\"@type\":\"ImageObject\",\"inLanguage\":\"fr-FR\",\"@id\":\"https:\/\/www.pressenza.com\/fr\/#\/schema\/logo\/image\/\",\"url\":\"https:\/\/www.pressenza.com\/wp-content\/uploads\/2022\/10\/pressenza_logo_200x200.jpg\",\"contentUrl\":\"https:\/\/www.pressenza.com\/wp-content\/uploads\/2022\/10\/pressenza_logo_200x200.jpg\",\"width\":200,\"height\":200,\"caption\":\"Pressenza\"},\"image\":{\"@id\":\"https:\/\/www.pressenza.com\/fr\/#\/schema\/logo\/image\/\"},\"sameAs\":[\"https:\/\/www.facebook.com\/PressenzaItalia\",\"https:\/\/x.com\/PressenzaIPA\"]},{\"@type\":\"Person\",\"@id\":\"https:\/\/www.pressenza.com\/fr\/#\/schema\/person\/5362584f414349fe88d3246d58d2ac3a\",\"name\":\"AMECQ - Association des m\u00e9dias \u00e9crits communautaires du Qu\u00e9bec\",\"description\":\"L\u2019Association des m\u00e9dias \u00e9crits communautaires du Qu\u00e9bec a pour but : de fournir des services de soutien et de formation \u00e0 ses journaux communautaires membres et de les regrouper et de les repr\u00e9senter pour que ceux-ci puissent remplir leur r\u00f4le et leur mission fondamentale. L\u2019Association participe activement au d\u00e9veloppement et au rayonnement des m\u00e9dias \u00e9crits communautaires. Les liens \u00e9troits et constants qu\u2019elle entretient avec ses membres lui assurent une connaissance dynamique du secteur et de ses besoins. L\u2019AMECQ compte 74 journaux membres.\",\"url\":\"https:\/\/www.pressenza.com\/fr\/author\/amecq\/\"}]}<\/script>\n<!-- \/ Yoast SEO plugin. -->","yoast_head_json":{"title":"La micropulperie de l\u2019\u00e9cole du Parchemin en mode production r\u00e9gion de l'Estrie","description":"Une autre ann\u00e9e \u00e0 l\u2019\u00e9cole du Parchemin d\u2019East Angus signifie aussi une autre ann\u00e9e \u00e0 la micropulperie dans la classe de M. Alexandre Dumas. La vingtaine","robots":{"index":"index","follow":"follow","max-snippet":"max-snippet:-1","max-image-preview":"max-image-preview:large","max-video-preview":"max-video-preview:-1"},"canonical":"https:\/\/www.pressenza.com\/fr\/2022\/12\/la-micropulperie-de-lecole-du-parchemin-en-mode-production-region-de-lestrie\/","og_locale":"fr_FR","og_type":"article","og_title":"La micropulperie de l\u2019\u00e9cole du Parchemin en mode production r\u00e9gion de l'Estrie","og_description":"Une autre ann\u00e9e \u00e0 l\u2019\u00e9cole du Parchemin d\u2019East Angus signifie aussi une autre ann\u00e9e \u00e0 la micropulperie dans la classe de M. Alexandre Dumas. La vingtaine","og_url":"https:\/\/www.pressenza.com\/fr\/2022\/12\/la-micropulperie-de-lecole-du-parchemin-en-mode-production-region-de-lestrie\/","og_site_name":"Pressenza","article_publisher":"https:\/\/www.facebook.com\/PressenzaItalia","article_published_time":"2022-12-22T20:54:13+00:00","article_modified_time":"2022-12-22T20:55:02+00:00","og_image":[{"width":876,"height":419,"url":"https:\/\/www.pressenza.com\/wp-content\/uploads\/2022\/12\/Micropulperie-estrie.jpg","type":"image\/jpeg"}],"author":"AMECQ - Association des m\u00e9dias \u00e9crits communautaires du Qu\u00e9bec","twitter_card":"summary_large_image","twitter_creator":"@PressenzaIPA","twitter_site":"@PressenzaIPA","twitter_misc":{"\u00c9crit par":"AMECQ - Association des m\u00e9dias \u00e9crits communautaires du Qu\u00e9bec","Dur\u00e9e de lecture estim\u00e9e":"4 minutes"},"schema":{"@context":"https:\/\/schema.org","@graph":[{"@type":"Article","@id":"https:\/\/www.pressenza.com\/fr\/2022\/12\/la-micropulperie-de-lecole-du-parchemin-en-mode-production-region-de-lestrie\/#article","isPartOf":{"@id":"https:\/\/www.pressenza.com\/fr\/2022\/12\/la-micropulperie-de-lecole-du-parchemin-en-mode-production-region-de-lestrie\/"},"author":{"name":"AMECQ - Association des m\u00e9dias \u00e9crits communautaires du Qu\u00e9bec","@id":"https:\/\/www.pressenza.com\/fr\/#\/schema\/person\/5362584f414349fe88d3246d58d2ac3a"},"headline":"La micropulperie de l\u2019\u00e9cole du Parchemin en mode production r\u00e9gion de l&rsquo;Estrie","datePublished":"2022-12-22T20:54:13+00:00","dateModified":"2022-12-22T20:55:02+00:00","mainEntityOfPage":{"@id":"https:\/\/www.pressenza.com\/fr\/2022\/12\/la-micropulperie-de-lecole-du-parchemin-en-mode-production-region-de-lestrie\/"},"wordCount":699,"publisher":{"@id":"https:\/\/www.pressenza.com\/fr\/#organization"},"image":{"@id":"https:\/\/www.pressenza.com\/fr\/2022\/12\/la-micropulperie-de-lecole-du-parchemin-en-mode-production-region-de-lestrie\/#primaryimage"},"thumbnailUrl":"https:\/\/www.pressenza.com\/wp-content\/uploads\/2022\/12\/Micropulperie-estrie.jpg","keywords":["AMECQ","EcoleduParchemin","Estrie"],"articleSection":["Am\u00e9rique du Nord","Education"],"inLanguage":"fr-FR"},{"@type":"WebPage","@id":"https:\/\/www.pressenza.com\/fr\/2022\/12\/la-micropulperie-de-lecole-du-parchemin-en-mode-production-region-de-lestrie\/","url":"https:\/\/www.pressenza.com\/fr\/2022\/12\/la-micropulperie-de-lecole-du-parchemin-en-mode-production-region-de-lestrie\/","name":"La micropulperie de l\u2019\u00e9cole du Parchemin en mode production r\u00e9gion de l'Estrie","isPartOf":{"@id":"https:\/\/www.pressenza.com\/fr\/#website"},"primaryImageOfPage":{"@id":"https:\/\/www.pressenza.com\/fr\/2022\/12\/la-micropulperie-de-lecole-du-parchemin-en-mode-production-region-de-lestrie\/#primaryimage"},"image":{"@id":"https:\/\/www.pressenza.com\/fr\/2022\/12\/la-micropulperie-de-lecole-du-parchemin-en-mode-production-region-de-lestrie\/#primaryimage"},"thumbnailUrl":"https:\/\/www.pressenza.com\/wp-content\/uploads\/2022\/12\/Micropulperie-estrie.jpg","datePublished":"2022-12-22T20:54:13+00:00","dateModified":"2022-12-22T20:55:02+00:00","description":"Une autre ann\u00e9e \u00e0 l\u2019\u00e9cole du Parchemin d\u2019East Angus signifie aussi une autre ann\u00e9e \u00e0 la micropulperie dans la classe de M. Alexandre Dumas. La vingtaine","breadcrumb":{"@id":"https:\/\/www.pressenza.com\/fr\/2022\/12\/la-micropulperie-de-lecole-du-parchemin-en-mode-production-region-de-lestrie\/#breadcrumb"},"inLanguage":"fr-FR","potentialAction":[{"@type":"ReadAction","target":["https:\/\/www.pressenza.com\/fr\/2022\/12\/la-micropulperie-de-lecole-du-parchemin-en-mode-production-region-de-lestrie\/"]}]},{"@type":"ImageObject","inLanguage":"fr-FR","@id":"https:\/\/www.pressenza.com\/fr\/2022\/12\/la-micropulperie-de-lecole-du-parchemin-en-mode-production-region-de-lestrie\/#primaryimage","url":"https:\/\/www.pressenza.com\/wp-content\/uploads\/2022\/12\/Micropulperie-estrie.jpg","contentUrl":"https:\/\/www.pressenza.com\/wp-content\/uploads\/2022\/12\/Micropulperie-estrie.jpg","width":876,"height":419,"caption":"Photo cr\u00e9dit: Journal haut Saint Fran\u00e7ois, Les \u00e9l\u00e8ves de la classe de M. Alexandre en pleine production de cartes de No\u00ebl"},{"@type":"BreadcrumbList","@id":"https:\/\/www.pressenza.com\/fr\/2022\/12\/la-micropulperie-de-lecole-du-parchemin-en-mode-production-region-de-lestrie\/#breadcrumb","itemListElement":[{"@type":"ListItem","position":1,"name":"Accueil","item":"https:\/\/www.pressenza.com\/fr\/"},{"@type":"ListItem","position":2,"name":"La micropulperie de l\u2019\u00e9cole du Parchemin en mode production r\u00e9gion de l&rsquo;Estrie"}]},{"@type":"WebSite","@id":"https:\/\/www.pressenza.com\/fr\/#website","url":"https:\/\/www.pressenza.com\/fr\/","name":"Pressenza","description":"International Press Agency","publisher":{"@id":"https:\/\/www.pressenza.com\/fr\/#organization"},"potentialAction":[{"@type":"SearchAction","target":{"@type":"EntryPoint","urlTemplate":"https:\/\/www.pressenza.com\/fr\/?s={search_term_string}"},"query-input":{"@type":"PropertyValueSpecification","valueRequired":true,"valueName":"search_term_string"}}],"inLanguage":"fr-FR"},{"@type":"Organization","@id":"https:\/\/www.pressenza.com\/fr\/#organization","name":"Pressenza","url":"https:\/\/www.pressenza.com\/fr\/","logo":{"@type":"ImageObject","inLanguage":"fr-FR","@id":"https:\/\/www.pressenza.com\/fr\/#\/schema\/logo\/image\/","url":"https:\/\/www.pressenza.com\/wp-content\/uploads\/2022\/10\/pressenza_logo_200x200.jpg","contentUrl":"https:\/\/www.pressenza.com\/wp-content\/uploads\/2022\/10\/pressenza_logo_200x200.jpg","width":200,"height":200,"caption":"Pressenza"},"image":{"@id":"https:\/\/www.pressenza.com\/fr\/#\/schema\/logo\/image\/"},"sameAs":["https:\/\/www.facebook.com\/PressenzaItalia","https:\/\/x.com\/PressenzaIPA"]},{"@type":"Person","@id":"https:\/\/www.pressenza.com\/fr\/#\/schema\/person\/5362584f414349fe88d3246d58d2ac3a","name":"AMECQ - Association des m\u00e9dias \u00e9crits communautaires du Qu\u00e9bec","description":"L\u2019Association des m\u00e9dias \u00e9crits communautaires du Qu\u00e9bec a pour but : de fournir des services de soutien et de formation \u00e0 ses journaux communautaires membres et de les regrouper et de les repr\u00e9senter pour que ceux-ci puissent remplir leur r\u00f4le et leur mission fondamentale. L\u2019Association participe activement au d\u00e9veloppement et au rayonnement des m\u00e9dias \u00e9crits communautaires. Les liens \u00e9troits et constants qu\u2019elle entretient avec ses membres lui assurent une connaissance dynamique du secteur et de ses besoins. L\u2019AMECQ compte 74 journaux membres.","url":"https:\/\/www.pressenza.com\/fr\/author\/amecq\/"}]}},"place":"Le Haut-Saint-Fran\u00e7ois, Cookshire-Eaton","original_article_url":"http:\/\/journalhautsaintfrancois.com\/2022\/11\/22\/la-micropulperie-de-lecole-du-parchemin-en-mode-production\/","_links":{"self":[{"href":"https:\/\/www.pressenza.com\/fr\/wp-json\/wp\/v2\/posts\/1701879","targetHints":{"allow":["GET"]}}],"collection":[{"href":"https:\/\/www.pressenza.com\/fr\/wp-json\/wp\/v2\/posts"}],"about":[{"href":"https:\/\/www.pressenza.com\/fr\/wp-json\/wp\/v2\/types\/post"}],"author":[{"embeddable":true,"href":"https:\/\/www.pressenza.com\/fr\/wp-json\/wp\/v2\/users\/2143"}],"replies":[{"embeddable":true,"href":"https:\/\/www.pressenza.com\/fr\/wp-json\/wp\/v2\/comments?post=1701879"}],"version-history":[{"count":0,"href":"https:\/\/www.pressenza.com\/fr\/wp-json\/wp\/v2\/posts\/1701879\/revisions"}],"wp:featuredmedia":[{"embeddable":true,"href":"https:\/\/www.pressenza.com\/fr\/wp-json\/wp\/v2\/media\/1701881"}],"wp:attachment":[{"href":"https:\/\/www.pressenza.com\/fr\/wp-json\/wp\/v2\/media?parent=1701879"}],"wp:term":[{"taxonomy":"category","embeddable":true,"href":"https:\/\/www.pressenza.com\/fr\/wp-json\/wp\/v2\/categories?post=1701879"},{"taxonomy":"post_tag","embeddable":true,"href":"https:\/\/www.pressenza.com\/fr\/wp-json\/wp\/v2\/tags?post=1701879"}],"curies":[{"name":"wp","href":"https:\/\/api.w.org\/{rel}","templated":true}]}}