{"id":1701554,"date":"2022-12-20T17:53:52","date_gmt":"2022-12-20T17:53:52","guid":{"rendered":"https:\/\/www.pressenza.com\/?p=1701554"},"modified":"2022-12-20T17:53:52","modified_gmt":"2022-12-20T17:53:52","slug":"le-combat-identitaire-la-kabylie-dhier-et-daujourdhui-otage-du-regime-autoritaire-algerien","status":"publish","type":"post","link":"https:\/\/www.pressenza.com\/fr\/2022\/12\/le-combat-identitaire-la-kabylie-dhier-et-daujourdhui-otage-du-regime-autoritaire-algerien\/","title":{"rendered":"Le combat identitaire: la Kabylie d&rsquo;hier et d&rsquo;aujourd&rsquo;hui, otage du r\u00e9gime autoritaire alg\u00e9rien"},"content":{"rendered":"<p>De la crise dite \u00a0\u00bb berb\u00e9riste \u00a0\u00bb de 1949 \u00e0 nos jours, la question kabyle est au c\u0153ur de l&rsquo;histoire contemporaine. L&rsquo;Alg\u00e9rie ind\u00e9pendante, n\u00e9e dans le feu d&rsquo;une guerre de lib\u00e9ration \u00e0 laquelle la contribution de la Kabylie a \u00e9t\u00e9 fondamentale, ne peut \u00eatre assimil\u00e9e \u00e0 un \u00ab\u00a0\u00c9tat arabe\u00a0\u00bb opprimant sa \u00ab\u00a0minorit\u00e9 kabyle\u00a0\u00bb (les Kabyles sont les Berb\u00e8res ou Amazighs, dits \u00ab\u00a0hommes libres\u00a0\u00bb, les plus anciens habitants de l&rsquo;Afrique du Nord, un peuple et une ethnie \u00e0 part enti\u00e8re).<\/p>\n<p>Depuis le 19e si\u00e8cle, ils constituent le plus grand groupe berb\u00e9rophone d&rsquo;Afrique du Nord. Les Kabyles vivent dans les montagnes du Djurdjura, ainsi que sur la c\u00f4te de ces r\u00e9gions), qui aurait \u00e9volu\u00e9 politiquement en compl\u00e8te autarcie par rapport \u00e0 d&rsquo;autres r\u00e9gions qui posent des questions de pluralit\u00e9 dans un pays en proie au totalitarisme.<\/p>\n<p>Un an apr\u00e8s l&rsquo;ind\u00e9pendance de l&rsquo;Alg\u00e9rie, le Front des Forces Socialistes (FFS), parti politique d&rsquo;opposition, est n\u00e9 comme un cri de r\u00e9volte contre le r\u00e9gime autoritaire arabo-islamiste. C&rsquo;est le premier parti politique ayant une base militante et une profondeur sociologique, essentiellement des anciens combattants de l&rsquo;ind\u00e9pendance alg\u00e9rienne d\u00e9sabus\u00e9s par les arabo-islamiste qui ont envoy\u00e9 l&rsquo;arm\u00e9e de ce pays en Kabylie le premier jour d&rsquo;octobre 1963.<\/p>\n<p>Apr\u00e8s l&rsquo;attaque du Maroc dans la r\u00e9gion de Tindouf (Alg\u00e9rie). Une fois de plus, les Kabyles men\u00e9s par le FFS se mobilisent et envoient des militants arm\u00e9s \u00e0 l&rsquo;ouest pour soutenir un r\u00e9gime autoritaire afin de mieux d\u00e9fendre le pays.<\/p>\n<p>Malgr\u00e9 cela, ce r\u00e9gime ne change pas ses pratiques autoritaires envers les Kabyles, o\u00f9 des figures majeures du mouvement kabyle sont assassin\u00e9es pour leurs positions d\u00e9mocratiques, \u00e0 tel point que le FFS d\u00e9cide de retourner au maquis apr\u00e8s un mini-congr\u00e8s. Le r\u00e9gime arabo-musulman r\u00e9agit. La r\u00e9pression est terrible, plus de 400 personnes sont tu\u00e9es et pr\u00e8s de 3000 arr\u00eat\u00e9es du c\u00f4t\u00e9 kabyle. Des centaines des militants et sympathisants sont tortur\u00e9s dans les commissariats.<\/p>\n<p>Pour ce r\u00e9gime, la Kabylie n&rsquo;est qu&rsquo;un condens\u00e9 politique, \u00e9conomique, social, culturel et pr\u00e9caire de la crise alg\u00e9rienne, tr\u00e8s complexe, devenue une r\u00e9gion oubli\u00e9e d&rsquo;un pays qui a sombr\u00e9 dans le chaos et a \u00e9t\u00e9 victime d&rsquo;une arabisation forc\u00e9e et d&rsquo;une r\u00e9pression sanglante depuis avril 1980, s&rsquo;est retrouv\u00e9e isol\u00e9e dans sa lutte alors qu&rsquo;elle est, depuis toujours, une terre de sagesse, de discernement et de lucidit\u00e9, qu&rsquo;elle a encore un sens aigu de la politique et de la libert\u00e9. Une politique citoyenne dans une r\u00e9gion \u00e0 l&rsquo;avant-garde des luttes d\u00e9mocratiques. Bien s\u00fbr, au fil du temps, il y a eu des tra\u00eetres, des l\u00e2ches et des pyromanes dans la r\u00e9gion.<\/p>\n<p>Malheureusement, la situation en Kabylie se d\u00e9grade d&rsquo;ann\u00e9e en ann\u00e9e. Toujours qualifi\u00e9e de r\u00e9gionaliste, s\u00e9paratiste, voire raciste par le r\u00e9gime alg\u00e9rien qui se veut arabe. La Kabylie se bat de toutes ses forces pour s&rsquo;opposer \u00e0 l&rsquo;assimilation arabe et \u00e0 l&rsquo;id\u00e9ologie arabo-musulmane.<\/p>\n<p>Aujourd&rsquo;hui encore, mais de mani\u00e8re beaucoup plus \u00e9vidente, avec la mont\u00e9e des revendications de l&rsquo;existence d&rsquo;une nation kabyle qu&rsquo;il faudrait restaurer, les tensions sont beaucoup plus exacerb\u00e9es et mettent en \u00e9vidence la v\u00e9ritable nature du conflit entre la Kabylie et l&rsquo;\u00c9tat alg\u00e9rien inf\u00e9od\u00e9 au Moyen-Orient, autrement dit, c&rsquo;est une opposition civilisationnelle de l&rsquo;\u00c9tat qui se joue en Kabylie.<\/p>\n<p>Pour le r\u00e9gime actuel, les r\u00e9sultats de ses actions en Kabylie, surtout avec son slogan de l&rsquo;Alg\u00e9rie nouvelle, sont: l&rsquo;arabisation forc\u00e9e, l&rsquo;islamisation de type wahhabite, la r\u00e9pression, les arrestations abusives, l&rsquo;entrave \u00e0 tout d\u00e9veloppement \u00e9conomique, la destruction de son environnement et la marginalisation de l&rsquo;\u00e9lite kabyle, sans oublier l&rsquo;assassinat physique de certains de ses symboles et de son \u00e9lite.<\/p>\n<p>Une position qui n&rsquo;a cess\u00e9 d&rsquo;\u00e9voluer au fil du temps o\u00f9 le r\u00e9gime dictatorial alg\u00e9rien n&rsquo;a jamais voulu d&rsquo;une Alg\u00e9rie d\u00e9mocratique plurielle, et tous les espoirs de tout un peuple r\u00e9duits \u00e0 n\u00e9ant, sa politique est d&rsquo;exterminer l&rsquo;existence m\u00eame de la nation kabyle, qui ne se bat que pour ces valeurs, c&rsquo;est-\u00e0-dire kabyle, amazighe, d\u00e9mocratique, la\u00efque et \u00e9galitaire, c&rsquo;est-\u00e0-dire un ensemble de valeurs incompatibles avec l&rsquo;id\u00e9ologie arabo-musulmane.<\/p>\n<p>&nbsp;<\/p>\n<p>&nbsp;<\/p>\n","protected":false},"excerpt":{"rendered":"<p>De la crise dite \u00a0\u00bb berb\u00e9riste \u00a0\u00bb de 1949 \u00e0 nos jours, la question kabyle est au c\u0153ur de l&rsquo;histoire contemporaine. L&rsquo;Alg\u00e9rie ind\u00e9pendante, n\u00e9e dans le feu d&rsquo;une guerre de lib\u00e9ration \u00e0 laquelle la contribution de la Kabylie a \u00e9t\u00e9&hellip;<\/p>\n","protected":false},"author":1885,"featured_media":1701556,"comment_status":"closed","ping_status":"closed","sticky":false,"template":"","format":"standard","meta":{"footnotes":""},"categories":[83,11386,163,99,93],"tags":[108588,108587,103518],"class_list":["post-1701554","post","type-post","status-publish","format-standard","has-post-thumbnail","hentry","category-africa-fr","category-contenu-original","category-opinion-fr","category-peuples-autochtones","category-politique","tag-algerien-fr","tag-berberiste","tag-kabyle-fr"],"yoast_head":"<!-- This site is optimized with the Yoast SEO plugin v27.1.1 - https:\/\/yoast.com\/product\/yoast-seo-wordpress\/ -->\n<title>Le combat identitaire: la Kabylie d&#039;hier et d&#039;aujourd&#039;hui, otage du r\u00e9gime autoritaire alg\u00e9rien<\/title>\n<meta name=\"description\" content=\"De la crise dite &quot; berb\u00e9riste &quot; de 1949 \u00e0 nos jours, la question kabyle est au c\u0153ur de l&#039;histoire contemporaine. L&#039;Alg\u00e9rie ind\u00e9pendante, n\u00e9e dans le feu\" \/>\n<meta name=\"robots\" content=\"index, follow, max-snippet:-1, max-image-preview:large, max-video-preview:-1\" \/>\n<link rel=\"canonical\" href=\"https:\/\/www.pressenza.com\/fr\/2022\/12\/le-combat-identitaire-la-kabylie-dhier-et-daujourdhui-otage-du-regime-autoritaire-algerien\/\" \/>\n<meta property=\"og:locale\" content=\"fr_FR\" \/>\n<meta property=\"og:type\" content=\"article\" \/>\n<meta property=\"og:title\" content=\"Le combat identitaire: la Kabylie d&#039;hier et d&#039;aujourd&#039;hui, otage du r\u00e9gime autoritaire alg\u00e9rien\" \/>\n<meta property=\"og:description\" content=\"De la crise dite &quot; berb\u00e9riste &quot; de 1949 \u00e0 nos jours, la question kabyle est au c\u0153ur de l&#039;histoire contemporaine. L&#039;Alg\u00e9rie ind\u00e9pendante, n\u00e9e dans le feu\" \/>\n<meta property=\"og:url\" content=\"https:\/\/www.pressenza.com\/fr\/2022\/12\/le-combat-identitaire-la-kabylie-dhier-et-daujourdhui-otage-du-regime-autoritaire-algerien\/\" \/>\n<meta property=\"og:site_name\" content=\"Pressenza\" \/>\n<meta property=\"article:publisher\" content=\"https:\/\/www.facebook.com\/PressenzaItalia\" \/>\n<meta property=\"article:published_time\" content=\"2022-12-20T17:53:52+00:00\" \/>\n<meta property=\"og:image\" content=\"https:\/\/www.pressenza.com\/wp-content\/uploads\/2022\/11\/Identity-struggle-Kabylia-of-yesterday-and-today-hostage-of-the-Algerian-authoritarian-regime.jpg\" \/>\n\t<meta property=\"og:image:width\" content=\"936\" \/>\n\t<meta property=\"og:image:height\" content=\"622\" \/>\n\t<meta property=\"og:image:type\" content=\"image\/jpeg\" \/>\n<meta name=\"author\" content=\"Rabah Arkam\" \/>\n<meta name=\"twitter:card\" content=\"summary_large_image\" \/>\n<meta name=\"twitter:creator\" content=\"@PressenzaIPA\" \/>\n<meta name=\"twitter:site\" content=\"@PressenzaIPA\" \/>\n<meta name=\"twitter:label1\" content=\"\u00c9crit par\" \/>\n\t<meta name=\"twitter:data1\" content=\"Rabah Arkam\" \/>\n\t<meta name=\"twitter:label2\" content=\"Dur\u00e9e de lecture estim\u00e9e\" \/>\n\t<meta name=\"twitter:data2\" content=\"4 minutes\" \/>\n<script type=\"application\/ld+json\" class=\"yoast-schema-graph\">{\"@context\":\"https:\/\/schema.org\",\"@graph\":[{\"@type\":\"Article\",\"@id\":\"https:\/\/www.pressenza.com\/fr\/2022\/12\/le-combat-identitaire-la-kabylie-dhier-et-daujourdhui-otage-du-regime-autoritaire-algerien\/#article\",\"isPartOf\":{\"@id\":\"https:\/\/www.pressenza.com\/fr\/2022\/12\/le-combat-identitaire-la-kabylie-dhier-et-daujourdhui-otage-du-regime-autoritaire-algerien\/\"},\"author\":{\"name\":\"Rabah Arkam\",\"@id\":\"https:\/\/www.pressenza.com\/fr\/#\/schema\/person\/8731a6cc6cacc7cbfaa4129a24d0e058\"},\"headline\":\"Le combat identitaire: la Kabylie d&rsquo;hier et d&rsquo;aujourd&rsquo;hui, otage du r\u00e9gime autoritaire alg\u00e9rien\",\"datePublished\":\"2022-12-20T17:53:52+00:00\",\"mainEntityOfPage\":{\"@id\":\"https:\/\/www.pressenza.com\/fr\/2022\/12\/le-combat-identitaire-la-kabylie-dhier-et-daujourdhui-otage-du-regime-autoritaire-algerien\/\"},\"wordCount\":795,\"publisher\":{\"@id\":\"https:\/\/www.pressenza.com\/fr\/#organization\"},\"image\":{\"@id\":\"https:\/\/www.pressenza.com\/fr\/2022\/12\/le-combat-identitaire-la-kabylie-dhier-et-daujourdhui-otage-du-regime-autoritaire-algerien\/#primaryimage\"},\"thumbnailUrl\":\"https:\/\/www.pressenza.com\/wp-content\/uploads\/2022\/11\/Identity-struggle-Kabylia-of-yesterday-and-today-hostage-of-the-Algerian-authoritarian-regime.jpg\",\"keywords\":[\"Algerien\",\"berb\u00e9riste\",\"Kabyle\"],\"articleSection\":[\"Afrique\",\"Contenu Original\",\"Opinion\",\"Peuples originaires\",\"Politique\"],\"inLanguage\":\"fr-FR\"},{\"@type\":\"WebPage\",\"@id\":\"https:\/\/www.pressenza.com\/fr\/2022\/12\/le-combat-identitaire-la-kabylie-dhier-et-daujourdhui-otage-du-regime-autoritaire-algerien\/\",\"url\":\"https:\/\/www.pressenza.com\/fr\/2022\/12\/le-combat-identitaire-la-kabylie-dhier-et-daujourdhui-otage-du-regime-autoritaire-algerien\/\",\"name\":\"Le combat identitaire: la Kabylie d'hier et d'aujourd'hui, otage du r\u00e9gime autoritaire alg\u00e9rien\",\"isPartOf\":{\"@id\":\"https:\/\/www.pressenza.com\/fr\/#website\"},\"primaryImageOfPage\":{\"@id\":\"https:\/\/www.pressenza.com\/fr\/2022\/12\/le-combat-identitaire-la-kabylie-dhier-et-daujourdhui-otage-du-regime-autoritaire-algerien\/#primaryimage\"},\"image\":{\"@id\":\"https:\/\/www.pressenza.com\/fr\/2022\/12\/le-combat-identitaire-la-kabylie-dhier-et-daujourdhui-otage-du-regime-autoritaire-algerien\/#primaryimage\"},\"thumbnailUrl\":\"https:\/\/www.pressenza.com\/wp-content\/uploads\/2022\/11\/Identity-struggle-Kabylia-of-yesterday-and-today-hostage-of-the-Algerian-authoritarian-regime.jpg\",\"datePublished\":\"2022-12-20T17:53:52+00:00\",\"description\":\"De la crise dite \\\" berb\u00e9riste \\\" de 1949 \u00e0 nos jours, la question kabyle est au c\u0153ur de l'histoire contemporaine. L'Alg\u00e9rie ind\u00e9pendante, n\u00e9e dans le feu\",\"breadcrumb\":{\"@id\":\"https:\/\/www.pressenza.com\/fr\/2022\/12\/le-combat-identitaire-la-kabylie-dhier-et-daujourdhui-otage-du-regime-autoritaire-algerien\/#breadcrumb\"},\"inLanguage\":\"fr-FR\",\"potentialAction\":[{\"@type\":\"ReadAction\",\"target\":[\"https:\/\/www.pressenza.com\/fr\/2022\/12\/le-combat-identitaire-la-kabylie-dhier-et-daujourdhui-otage-du-regime-autoritaire-algerien\/\"]}]},{\"@type\":\"ImageObject\",\"inLanguage\":\"fr-FR\",\"@id\":\"https:\/\/www.pressenza.com\/fr\/2022\/12\/le-combat-identitaire-la-kabylie-dhier-et-daujourdhui-otage-du-regime-autoritaire-algerien\/#primaryimage\",\"url\":\"https:\/\/www.pressenza.com\/wp-content\/uploads\/2022\/11\/Identity-struggle-Kabylia-of-yesterday-and-today-hostage-of-the-Algerian-authoritarian-regime.jpg\",\"contentUrl\":\"https:\/\/www.pressenza.com\/wp-content\/uploads\/2022\/11\/Identity-struggle-Kabylia-of-yesterday-and-today-hostage-of-the-Algerian-authoritarian-regime.jpg\",\"width\":936,\"height\":622},{\"@type\":\"BreadcrumbList\",\"@id\":\"https:\/\/www.pressenza.com\/fr\/2022\/12\/le-combat-identitaire-la-kabylie-dhier-et-daujourdhui-otage-du-regime-autoritaire-algerien\/#breadcrumb\",\"itemListElement\":[{\"@type\":\"ListItem\",\"position\":1,\"name\":\"Accueil\",\"item\":\"https:\/\/www.pressenza.com\/fr\/\"},{\"@type\":\"ListItem\",\"position\":2,\"name\":\"Le combat identitaire: la Kabylie d&rsquo;hier et d&rsquo;aujourd&rsquo;hui, otage du r\u00e9gime autoritaire alg\u00e9rien\"}]},{\"@type\":\"WebSite\",\"@id\":\"https:\/\/www.pressenza.com\/fr\/#website\",\"url\":\"https:\/\/www.pressenza.com\/fr\/\",\"name\":\"Pressenza\",\"description\":\"International Press Agency\",\"publisher\":{\"@id\":\"https:\/\/www.pressenza.com\/fr\/#organization\"},\"potentialAction\":[{\"@type\":\"SearchAction\",\"target\":{\"@type\":\"EntryPoint\",\"urlTemplate\":\"https:\/\/www.pressenza.com\/fr\/?s={search_term_string}\"},\"query-input\":{\"@type\":\"PropertyValueSpecification\",\"valueRequired\":true,\"valueName\":\"search_term_string\"}}],\"inLanguage\":\"fr-FR\"},{\"@type\":\"Organization\",\"@id\":\"https:\/\/www.pressenza.com\/fr\/#organization\",\"name\":\"Pressenza\",\"url\":\"https:\/\/www.pressenza.com\/fr\/\",\"logo\":{\"@type\":\"ImageObject\",\"inLanguage\":\"fr-FR\",\"@id\":\"https:\/\/www.pressenza.com\/fr\/#\/schema\/logo\/image\/\",\"url\":\"https:\/\/www.pressenza.com\/wp-content\/uploads\/2022\/10\/pressenza_logo_200x200.jpg\",\"contentUrl\":\"https:\/\/www.pressenza.com\/wp-content\/uploads\/2022\/10\/pressenza_logo_200x200.jpg\",\"width\":200,\"height\":200,\"caption\":\"Pressenza\"},\"image\":{\"@id\":\"https:\/\/www.pressenza.com\/fr\/#\/schema\/logo\/image\/\"},\"sameAs\":[\"https:\/\/www.facebook.com\/PressenzaItalia\",\"https:\/\/x.com\/PressenzaIPA\"]},{\"@type\":\"Person\",\"@id\":\"https:\/\/www.pressenza.com\/fr\/#\/schema\/person\/8731a6cc6cacc7cbfaa4129a24d0e058\",\"name\":\"Rabah Arkam\",\"description\":\"Rabah Arkam is a human rights advocate known for promoting Amazigh identity, cultural rights, and democratic, secular reform in Algeria and North Africa.\",\"url\":\"https:\/\/www.pressenza.com\/fr\/author\/rabah-arkam\/\"}]}<\/script>\n<!-- \/ Yoast SEO plugin. -->","yoast_head_json":{"title":"Le combat identitaire: la Kabylie d'hier et d'aujourd'hui, otage du r\u00e9gime autoritaire alg\u00e9rien","description":"De la crise dite \" berb\u00e9riste \" de 1949 \u00e0 nos jours, la question kabyle est au c\u0153ur de l'histoire contemporaine. L'Alg\u00e9rie ind\u00e9pendante, n\u00e9e dans le feu","robots":{"index":"index","follow":"follow","max-snippet":"max-snippet:-1","max-image-preview":"max-image-preview:large","max-video-preview":"max-video-preview:-1"},"canonical":"https:\/\/www.pressenza.com\/fr\/2022\/12\/le-combat-identitaire-la-kabylie-dhier-et-daujourdhui-otage-du-regime-autoritaire-algerien\/","og_locale":"fr_FR","og_type":"article","og_title":"Le combat identitaire: la Kabylie d'hier et d'aujourd'hui, otage du r\u00e9gime autoritaire alg\u00e9rien","og_description":"De la crise dite \" berb\u00e9riste \" de 1949 \u00e0 nos jours, la question kabyle est au c\u0153ur de l'histoire contemporaine. L'Alg\u00e9rie ind\u00e9pendante, n\u00e9e dans le feu","og_url":"https:\/\/www.pressenza.com\/fr\/2022\/12\/le-combat-identitaire-la-kabylie-dhier-et-daujourdhui-otage-du-regime-autoritaire-algerien\/","og_site_name":"Pressenza","article_publisher":"https:\/\/www.facebook.com\/PressenzaItalia","article_published_time":"2022-12-20T17:53:52+00:00","og_image":[{"width":936,"height":622,"url":"https:\/\/www.pressenza.com\/wp-content\/uploads\/2022\/11\/Identity-struggle-Kabylia-of-yesterday-and-today-hostage-of-the-Algerian-authoritarian-regime.jpg","type":"image\/jpeg"}],"author":"Rabah Arkam","twitter_card":"summary_large_image","twitter_creator":"@PressenzaIPA","twitter_site":"@PressenzaIPA","twitter_misc":{"\u00c9crit par":"Rabah Arkam","Dur\u00e9e de lecture estim\u00e9e":"4 minutes"},"schema":{"@context":"https:\/\/schema.org","@graph":[{"@type":"Article","@id":"https:\/\/www.pressenza.com\/fr\/2022\/12\/le-combat-identitaire-la-kabylie-dhier-et-daujourdhui-otage-du-regime-autoritaire-algerien\/#article","isPartOf":{"@id":"https:\/\/www.pressenza.com\/fr\/2022\/12\/le-combat-identitaire-la-kabylie-dhier-et-daujourdhui-otage-du-regime-autoritaire-algerien\/"},"author":{"name":"Rabah Arkam","@id":"https:\/\/www.pressenza.com\/fr\/#\/schema\/person\/8731a6cc6cacc7cbfaa4129a24d0e058"},"headline":"Le combat identitaire: la Kabylie d&rsquo;hier et d&rsquo;aujourd&rsquo;hui, otage du r\u00e9gime autoritaire alg\u00e9rien","datePublished":"2022-12-20T17:53:52+00:00","mainEntityOfPage":{"@id":"https:\/\/www.pressenza.com\/fr\/2022\/12\/le-combat-identitaire-la-kabylie-dhier-et-daujourdhui-otage-du-regime-autoritaire-algerien\/"},"wordCount":795,"publisher":{"@id":"https:\/\/www.pressenza.com\/fr\/#organization"},"image":{"@id":"https:\/\/www.pressenza.com\/fr\/2022\/12\/le-combat-identitaire-la-kabylie-dhier-et-daujourdhui-otage-du-regime-autoritaire-algerien\/#primaryimage"},"thumbnailUrl":"https:\/\/www.pressenza.com\/wp-content\/uploads\/2022\/11\/Identity-struggle-Kabylia-of-yesterday-and-today-hostage-of-the-Algerian-authoritarian-regime.jpg","keywords":["Algerien","berb\u00e9riste","Kabyle"],"articleSection":["Afrique","Contenu Original","Opinion","Peuples originaires","Politique"],"inLanguage":"fr-FR"},{"@type":"WebPage","@id":"https:\/\/www.pressenza.com\/fr\/2022\/12\/le-combat-identitaire-la-kabylie-dhier-et-daujourdhui-otage-du-regime-autoritaire-algerien\/","url":"https:\/\/www.pressenza.com\/fr\/2022\/12\/le-combat-identitaire-la-kabylie-dhier-et-daujourdhui-otage-du-regime-autoritaire-algerien\/","name":"Le combat identitaire: la Kabylie d'hier et d'aujourd'hui, otage du r\u00e9gime autoritaire alg\u00e9rien","isPartOf":{"@id":"https:\/\/www.pressenza.com\/fr\/#website"},"primaryImageOfPage":{"@id":"https:\/\/www.pressenza.com\/fr\/2022\/12\/le-combat-identitaire-la-kabylie-dhier-et-daujourdhui-otage-du-regime-autoritaire-algerien\/#primaryimage"},"image":{"@id":"https:\/\/www.pressenza.com\/fr\/2022\/12\/le-combat-identitaire-la-kabylie-dhier-et-daujourdhui-otage-du-regime-autoritaire-algerien\/#primaryimage"},"thumbnailUrl":"https:\/\/www.pressenza.com\/wp-content\/uploads\/2022\/11\/Identity-struggle-Kabylia-of-yesterday-and-today-hostage-of-the-Algerian-authoritarian-regime.jpg","datePublished":"2022-12-20T17:53:52+00:00","description":"De la crise dite \" berb\u00e9riste \" de 1949 \u00e0 nos jours, la question kabyle est au c\u0153ur de l'histoire contemporaine. L'Alg\u00e9rie ind\u00e9pendante, n\u00e9e dans le feu","breadcrumb":{"@id":"https:\/\/www.pressenza.com\/fr\/2022\/12\/le-combat-identitaire-la-kabylie-dhier-et-daujourdhui-otage-du-regime-autoritaire-algerien\/#breadcrumb"},"inLanguage":"fr-FR","potentialAction":[{"@type":"ReadAction","target":["https:\/\/www.pressenza.com\/fr\/2022\/12\/le-combat-identitaire-la-kabylie-dhier-et-daujourdhui-otage-du-regime-autoritaire-algerien\/"]}]},{"@type":"ImageObject","inLanguage":"fr-FR","@id":"https:\/\/www.pressenza.com\/fr\/2022\/12\/le-combat-identitaire-la-kabylie-dhier-et-daujourdhui-otage-du-regime-autoritaire-algerien\/#primaryimage","url":"https:\/\/www.pressenza.com\/wp-content\/uploads\/2022\/11\/Identity-struggle-Kabylia-of-yesterday-and-today-hostage-of-the-Algerian-authoritarian-regime.jpg","contentUrl":"https:\/\/www.pressenza.com\/wp-content\/uploads\/2022\/11\/Identity-struggle-Kabylia-of-yesterday-and-today-hostage-of-the-Algerian-authoritarian-regime.jpg","width":936,"height":622},{"@type":"BreadcrumbList","@id":"https:\/\/www.pressenza.com\/fr\/2022\/12\/le-combat-identitaire-la-kabylie-dhier-et-daujourdhui-otage-du-regime-autoritaire-algerien\/#breadcrumb","itemListElement":[{"@type":"ListItem","position":1,"name":"Accueil","item":"https:\/\/www.pressenza.com\/fr\/"},{"@type":"ListItem","position":2,"name":"Le combat identitaire: la Kabylie d&rsquo;hier et d&rsquo;aujourd&rsquo;hui, otage du r\u00e9gime autoritaire alg\u00e9rien"}]},{"@type":"WebSite","@id":"https:\/\/www.pressenza.com\/fr\/#website","url":"https:\/\/www.pressenza.com\/fr\/","name":"Pressenza","description":"International Press Agency","publisher":{"@id":"https:\/\/www.pressenza.com\/fr\/#organization"},"potentialAction":[{"@type":"SearchAction","target":{"@type":"EntryPoint","urlTemplate":"https:\/\/www.pressenza.com\/fr\/?s={search_term_string}"},"query-input":{"@type":"PropertyValueSpecification","valueRequired":true,"valueName":"search_term_string"}}],"inLanguage":"fr-FR"},{"@type":"Organization","@id":"https:\/\/www.pressenza.com\/fr\/#organization","name":"Pressenza","url":"https:\/\/www.pressenza.com\/fr\/","logo":{"@type":"ImageObject","inLanguage":"fr-FR","@id":"https:\/\/www.pressenza.com\/fr\/#\/schema\/logo\/image\/","url":"https:\/\/www.pressenza.com\/wp-content\/uploads\/2022\/10\/pressenza_logo_200x200.jpg","contentUrl":"https:\/\/www.pressenza.com\/wp-content\/uploads\/2022\/10\/pressenza_logo_200x200.jpg","width":200,"height":200,"caption":"Pressenza"},"image":{"@id":"https:\/\/www.pressenza.com\/fr\/#\/schema\/logo\/image\/"},"sameAs":["https:\/\/www.facebook.com\/PressenzaItalia","https:\/\/x.com\/PressenzaIPA"]},{"@type":"Person","@id":"https:\/\/www.pressenza.com\/fr\/#\/schema\/person\/8731a6cc6cacc7cbfaa4129a24d0e058","name":"Rabah Arkam","description":"Rabah Arkam is a human rights advocate known for promoting Amazigh identity, cultural rights, and democratic, secular reform in Algeria and North Africa.","url":"https:\/\/www.pressenza.com\/fr\/author\/rabah-arkam\/"}]}},"place":"Alg\u00e9rie","original_article_url":"","_links":{"self":[{"href":"https:\/\/www.pressenza.com\/fr\/wp-json\/wp\/v2\/posts\/1701554","targetHints":{"allow":["GET"]}}],"collection":[{"href":"https:\/\/www.pressenza.com\/fr\/wp-json\/wp\/v2\/posts"}],"about":[{"href":"https:\/\/www.pressenza.com\/fr\/wp-json\/wp\/v2\/types\/post"}],"author":[{"embeddable":true,"href":"https:\/\/www.pressenza.com\/fr\/wp-json\/wp\/v2\/users\/1885"}],"replies":[{"embeddable":true,"href":"https:\/\/www.pressenza.com\/fr\/wp-json\/wp\/v2\/comments?post=1701554"}],"version-history":[{"count":0,"href":"https:\/\/www.pressenza.com\/fr\/wp-json\/wp\/v2\/posts\/1701554\/revisions"}],"wp:featuredmedia":[{"embeddable":true,"href":"https:\/\/www.pressenza.com\/fr\/wp-json\/wp\/v2\/media\/1701556"}],"wp:attachment":[{"href":"https:\/\/www.pressenza.com\/fr\/wp-json\/wp\/v2\/media?parent=1701554"}],"wp:term":[{"taxonomy":"category","embeddable":true,"href":"https:\/\/www.pressenza.com\/fr\/wp-json\/wp\/v2\/categories?post=1701554"},{"taxonomy":"post_tag","embeddable":true,"href":"https:\/\/www.pressenza.com\/fr\/wp-json\/wp\/v2\/tags?post=1701554"}],"curies":[{"name":"wp","href":"https:\/\/api.w.org\/{rel}","templated":true}]}}