{"id":1699081,"date":"2022-12-11T17:03:36","date_gmt":"2022-12-11T17:03:36","guid":{"rendered":"https:\/\/www.pressenza.com\/?p=1699081"},"modified":"2022-12-11T17:03:36","modified_gmt":"2022-12-11T17:03:36","slug":"pour-une-politique-dacces-aux-lacs-a-sainte-anne-des-lacs","status":"publish","type":"post","link":"https:\/\/www.pressenza.com\/fr\/2022\/12\/pour-une-politique-dacces-aux-lacs-a-sainte-anne-des-lacs\/","title":{"rendered":"Pour une politique d\u2019acc\u00e8s aux lacs \u00e0 Sainte-Anne-des-Lacs"},"content":{"rendered":"<p><span style=\"font-weight: 400;\">Un sujet qui retient l\u2019attention des citoyens de Sainte-Anne-des-Lacs depuis quelques mois. La soir\u00e9e du 9 novembre avait pour but de laisser les citoyens exprimer leurs inqui\u00e9tudes quant au projet de la Politique de l\u2019acc\u00e8s \u00e0 l\u2019eau d\u00e9pos\u00e9, en septembre, par le Conseil municipal. \u00ab\u2009On vous \u00e9coute\u2009\u00bb fut l\u2019expression cl\u00e9 de la soir\u00e9e lanc\u00e9e par la mairesse.<\/span><\/p>\n<p><span style=\"font-weight: 400;\">D\u00e8s le d\u00e9but de la rencontre, Catherine Ham\u00e9 a tenu \u00e0 s\u2019excuser de la maladresse du d\u00e9but du projet qui a engendr\u00e9 de fortes r\u00e9actions de la part de la population. Elle a tenu \u00e0 assurer les citoyens, que le Conseil n\u2019avait jamais eu l\u2019intention d\u2019\u00e9viter quelques d\u00e9tails que ce soit.<\/span><\/p>\n<p><span style=\"font-weight: 400;\">D\u2019ailleurs, cette rencontre ne pouvait avoir lieu avant que le recueil de 200 pages contenant 140 interventions citoyennes ne soit d\u00e9pos\u00e9 sur le site de la Municipalit\u00e9. Cet ouvrage ne comporte pas seulement des commentaires, mais aussi des expertises r\u00e9alis\u00e9es par des professionnels.<\/span><\/p>\n<p><span style=\"font-weight: 400;\">La responsable de la r\u00e9daction de ce recueil a avis\u00e9 le Journal que ces 140 interventions proviennent, pour certaines, d\u2019envoi individuel et, pour d\u2019autres, d\u2019envoi de groupes d\u00fbment form\u00e9s.\u00a0<\/span><\/p>\n<p><strong>Un panel d\u2019experts<\/strong><\/p>\n<p><span style=\"font-weight: 400;\">Pour cette soir\u00e9e d\u2019\u00e9change, la mairesse Catherine Ham\u00e9, encadr\u00e9e par les experts St\u00e9phanie Provost, avocate et associ\u00e9e chez Pr\u00e9vost, Fortin, D\u2019Aoust et Mathieu Madison, biologiste et gestionnaire dans le domaine de l\u2019environnement, ont r\u00e9pondu aux questions des citoyens.\u00a0<\/span><\/p>\n<p><span style=\"font-weight: 400;\">Fait important, tous les membres du Conseil \u00e9taient pr\u00e9sents pour rencontrer les r\u00e9sidents au moment de la pause. Cette pr\u00e9sence r\u00e9pondait \u00e0 une demande de quelques citoyens lors du dernier Conseil municipal.<\/span><\/p>\n<p><strong>Le besoin des demandeurs d\u2019un acc\u00e8s \u00e0 l\u2019eau<\/strong><\/p>\n<p><span style=\"font-weight: 400;\">En 2017, selon la mairesse, le Conseil a re\u00e7u une p\u00e9tition de 125 citoyens demandant notamment un acc\u00e8s \u00e0 l\u2019eau. Lors de la p\u00e9riode \u00e9lectorale, ce besoin fut aussi exprim\u00e9 \u00e0 maintes reprises.<\/span><\/p>\n<p><span style=\"font-weight: 400;\">Devant le fait que la Municipalit\u00e9 ait cinq propri\u00e9t\u00e9s riveraines et que des citoyens aient manifest\u00e9 un besoin, il est, d\u2019apr\u00e8s les dires de la mairesse, du devoir des \u00e9lus de prendre en compte et de voir \u00e0 la possibilit\u00e9 de r\u00e9pondre \u00e0 ce besoin de fa\u00e7on raisonnable et dans le respect de l\u2019ensemble des citoyens.\u00a0\u00a0<\/span><\/p>\n<p><strong>Les besoins des autres<\/strong><\/p>\n<p><span style=\"font-weight: 400;\">\u00c0 l\u2019oppos\u00e9, le besoin exprim\u00e9 par les citoyens pr\u00e9sents et ceux qui ont r\u00e9pondu \u00e0 l\u2019appel de la mairesse en envoyant leurs interventions se d\u00e9finit en ces mots\u2009: la protection des lacs\u2009? Ces derniers ne sont pas contre, mais pas \u00e0 n\u2019importe quel prix.<\/span><\/p>\n<p><span style=\"font-weight: 400;\">Un autre besoin\u2009: calmer leur appr\u00e9hension quant \u00e0 l\u2019intrusion du myriophylle \u00e0 \u00e9pi (M\u00e0\u00c9), inqui\u00e9tude qui est d\u00e9j\u00e0 omnipr\u00e9sente. Les craintes sont r\u00e9elles\u2009: perte de jouissance des lacs, diminution de la valeur des maisons et, surtout, co\u00fbts associ\u00e9s aux diff\u00e9rents moyens pour tenter de ralentir la progression de la plante. Cette question a \u00e9t\u00e9 pos\u00e9e au cours de la soir\u00e9e\u2009: \u00ab\u2009\u00c0 qui reviendraient les co\u00fbts\u2009? Aux riverains ou \u00e0 toute la population\u2009?\u2009\u00bb\u00a0<\/span><\/p>\n<p><span style=\"font-weight: 400;\">D\u2019autres pr\u00e9occupations ont \u00e9t\u00e9 \u00e9voqu\u00e9es\u2009: la surveillance des plages, le lavage des embarcations \u00e0 la station de lavage dont la localisation est questionn\u00e9e, l\u2019entretien des sites pour maintenir une certaine propret\u00e9, et, en fin de liste, la s\u00e9curit\u00e9 des lieux et des baigneurs.\u00a0<\/span><\/p>\n<p><span style=\"font-weight: 400;\">Deux solutions propos\u00e9es\u2009: l\u2019embauche de surveillants selon les sites et leurs particularit\u00e9s et surtout, commencer par un projet pilote au lieu des cinq sugg\u00e9r\u00e9s dans le projet. La mairesse n\u2019a pu r\u00e9pondre \u00e0 cette demande.\u00a0<\/span><\/p>\n<p><span style=\"font-weight: 400;\"><strong>Une opposition ou plut\u00f4t une pr\u00e9occupation<\/strong>\u00a0<\/span><\/p>\n<blockquote><p><span style=\"font-weight: 400;\">\u00ab\u2009Une opposition ou une mauvaise compr\u00e9hension de la r\u00e9action des citoyens qui se sentent plus concern\u00e9s que d\u2019autres\u2009\u00bb, mentionnent certaines personnes.<\/span><\/p><\/blockquote>\n<p><span style=\"font-weight: 400;\">Pour essayer de mieux comprendre les pr\u00e9occupations des riverains et des associations qui travaillent depuis des ann\u00e9es \u00e0 la protection des lacs, John Dalzell, pr\u00e9sident de l\u2019ABVLacs, a demand\u00e9 la position du biologiste Mathieu Madison quant aux diff\u00e9rents dangers qui guettent les plans d\u2019eau et particuli\u00e8rement celui qui concerne le myriophylle \u00e0 \u00e9pi.\u00a0<\/span><\/p>\n<blockquote><p><span style=\"font-weight: 400;\">\u00ab\u2009Dans les Laurentides, on est en retard. On sous-estime l\u2019impact de ce danger\u2009\u00bb, de r\u00e9pondre sans aucune h\u00e9sitation l\u2019expert. Pour lui, le risque est tr\u00e8s grand. Projet ou non, il faut mettre en place un plan d\u2019action dans lequel, on retrouvera, sans contredit, un fonds de pr\u00e9voyance.\u00a0<\/span><\/p><\/blockquote>\n<p><span style=\"font-weight: 400;\">L\u2019usage des bateaux \u00e0 moteur d\u00e9j\u00e0 r\u00e9glement\u00e9 dans la municipalit\u00e9 est un avantage marqu\u00e9. Cependant restent les embarcations l\u00e9g\u00e8res comme les canots, les kayaks, les planches \u00e0 rame (paddle board). Il faut tout contr\u00f4ler, selon Mathieu.<\/span><\/p>\n<blockquote><p><span style=\"font-weight: 400;\">\u00ab\u2009Qu\u2019en est-il de la pr\u00e9vention\u2009? Comment peut-on la garantir\u2009?\u2009\u00bb. La r\u00e9ponse de Mathieu Madison est tr\u00e8s simple\u2009: l\u2019intendance collective, traduction de l\u2019expression anglaise \u00ab\u2009stewardship\u2009\u00bb.\u00a0<\/span><\/p><\/blockquote>\n<p><span style=\"font-weight: 400;\">Pour mieux comprendre l\u2019id\u00e9e sous-jacente, la vulgarisation par le terme du \u00ab\u2009bouche-\u00e0-oreille\u2009\u00bb serait aussi appropri\u00e9e. L\u2019urgence du moment\u2009: \u00e9laborer un plan d\u2019action pour conscientiser la population. Resteront les visiteurs et les locataires des Airbnb.<\/span><\/p>\n<p><span style=\"font-weight: 400;\">Mathieu Madison pr\u00f4ne la sensibilisation, l\u2019\u00e9ducation. Pour lui, Sainte-Anne-des-Lacs a des associations et des organismes qui ont des structures d\u00e9j\u00e0 bien \u00e9tablies. Il ne reste qu\u2019\u00e0 s\u2019asseoir ensemble.\u00a0<\/span><\/p>\n<p><span style=\"font-weight: 400;\">Les citoyens approuvent, mais demandent un soutien de la part du service de l\u2019Environnement. La volont\u00e9 y est, mais les ressources sont insuffisantes. Le Conseil travaille \u00e0 la pr\u00e9paration de son budget 2023. \u00ab\u2009Il faut pr\u00e9voir\u2009\u00bb de proposer les citoyens.\u00a0<\/span><\/p>\n<p><strong>Un r\u00e9f\u00e9rendum\u2009?<\/strong><\/p>\n<p><span style=\"font-weight: 400;\">La question d\u2019un r\u00e9f\u00e9rendum a \u00e9t\u00e9 abord\u00e9e, plus d\u2019une fois, au cours de la soir\u00e9e. L\u2019avocate St\u00e9phanie Provost a apport\u00e9 certains \u00e9claircissements. Juridiquement, il est possible d\u2019organiser un r\u00e9f\u00e9rendum. Cependant, cette proc\u00e9dure est tr\u00e8s co\u00fbteuse pour les citoyens.<\/span><\/p>\n<p><strong>Et la suite\u2009?<\/strong><\/p>\n<p><span style=\"font-weight: 400;\">La d\u00e9cision finale ne sera pas d\u00e9voil\u00e9e avant le printemps 2023 au grand \u00e9tonnement des personnes pr\u00e9sentes dans la salle. Selon eux, printemps 2024 serait beaucoup plus r\u00e9aliste. Une version modifi\u00e9e du projet est attendue et une rencontre citoyenne esp\u00e9r\u00e9e. La population est en attente d\u2019une confirmation.<\/span><\/p>\n<p><span style=\"font-weight: 400;\">Jacinthe Lalibert\u00e9<\/span><\/p>\n","protected":false},"excerpt":{"rendered":"<p>Un sujet qui retient l\u2019attention des citoyens de Sainte-Anne-des-Lacs depuis quelques mois. La soir\u00e9e du 9 novembre avait pour but de laisser les citoyens exprimer leurs inqui\u00e9tudes quant au projet de la Politique de l\u2019acc\u00e8s \u00e0 l\u2019eau d\u00e9pos\u00e9, en septembre,&hellip;<\/p>\n","protected":false},"author":2143,"featured_media":1699086,"comment_status":"closed","ping_status":"closed","sticky":false,"template":"","format":"standard","meta":{"footnotes":""},"categories":[87,97],"tags":[101682,108349,108348],"class_list":["post-1699081","post","type-post","status-publish","format-standard","has-post-thumbnail","hentry","category-amerique-du-nord","category-environnement-et-ecologie","tag-amecq","tag-politique-de-leau","tag-sainte-anne-des-lacs"],"yoast_head":"<!-- This site is optimized with the Yoast SEO plugin v27.1.1 - https:\/\/yoast.com\/product\/yoast-seo-wordpress\/ -->\n<title>Pour une politique d\u2019acc\u00e8s aux lacs \u00e0 Sainte-Anne-des-Lacs<\/title>\n<meta name=\"description\" content=\"Un sujet qui retient l\u2019attention des citoyens de Sainte-Anne-des-Lacs depuis quelques mois. La soir\u00e9e du 9 novembre avait pour but de laisser les citoyens\" \/>\n<meta name=\"robots\" content=\"index, follow, max-snippet:-1, max-image-preview:large, max-video-preview:-1\" \/>\n<link rel=\"canonical\" href=\"https:\/\/www.pressenza.com\/fr\/2022\/12\/pour-une-politique-dacces-aux-lacs-a-sainte-anne-des-lacs\/\" \/>\n<meta property=\"og:locale\" content=\"fr_FR\" \/>\n<meta property=\"og:type\" content=\"article\" \/>\n<meta property=\"og:title\" content=\"Pour une politique d\u2019acc\u00e8s aux lacs \u00e0 Sainte-Anne-des-Lacs\" \/>\n<meta property=\"og:description\" content=\"Un sujet qui retient l\u2019attention des citoyens de Sainte-Anne-des-Lacs depuis quelques mois. La soir\u00e9e du 9 novembre avait pour but de laisser les citoyens\" \/>\n<meta property=\"og:url\" content=\"https:\/\/www.pressenza.com\/fr\/2022\/12\/pour-une-politique-dacces-aux-lacs-a-sainte-anne-des-lacs\/\" \/>\n<meta property=\"og:site_name\" content=\"Pressenza\" \/>\n<meta property=\"article:publisher\" content=\"https:\/\/www.facebook.com\/PressenzaItalia\" \/>\n<meta property=\"article:published_time\" content=\"2022-12-11T17:03:36+00:00\" \/>\n<meta property=\"og:image\" content=\"https:\/\/www.pressenza.com\/wp-content\/uploads\/2022\/12\/Lac_Marois_Sainte-Anne-des-Lacs.jpg\" \/>\n\t<meta property=\"og:image:width\" content=\"820\" \/>\n\t<meta property=\"og:image:height\" content=\"615\" \/>\n\t<meta property=\"og:image:type\" content=\"image\/jpeg\" \/>\n<meta name=\"author\" content=\"AMECQ - Association des m\u00e9dias \u00e9crits communautaires du Qu\u00e9bec\" \/>\n<meta name=\"twitter:card\" content=\"summary_large_image\" \/>\n<meta name=\"twitter:creator\" content=\"@PressenzaIPA\" \/>\n<meta name=\"twitter:site\" content=\"@PressenzaIPA\" \/>\n<meta name=\"twitter:label1\" content=\"\u00c9crit par\" \/>\n\t<meta name=\"twitter:data1\" content=\"AMECQ - Association des m\u00e9dias \u00e9crits communautaires du Qu\u00e9bec\" \/>\n\t<meta name=\"twitter:label2\" content=\"Dur\u00e9e de lecture estim\u00e9e\" \/>\n\t<meta name=\"twitter:data2\" content=\"5 minutes\" \/>\n<script type=\"application\/ld+json\" class=\"yoast-schema-graph\">{\"@context\":\"https:\/\/schema.org\",\"@graph\":[{\"@type\":\"Article\",\"@id\":\"https:\/\/www.pressenza.com\/fr\/2022\/12\/pour-une-politique-dacces-aux-lacs-a-sainte-anne-des-lacs\/#article\",\"isPartOf\":{\"@id\":\"https:\/\/www.pressenza.com\/fr\/2022\/12\/pour-une-politique-dacces-aux-lacs-a-sainte-anne-des-lacs\/\"},\"author\":{\"name\":\"AMECQ - Association des m\u00e9dias \u00e9crits communautaires du Qu\u00e9bec\",\"@id\":\"https:\/\/www.pressenza.com\/fr\/#\/schema\/person\/5362584f414349fe88d3246d58d2ac3a\"},\"headline\":\"Pour une politique d\u2019acc\u00e8s aux lacs \u00e0 Sainte-Anne-des-Lacs\",\"datePublished\":\"2022-12-11T17:03:36+00:00\",\"mainEntityOfPage\":{\"@id\":\"https:\/\/www.pressenza.com\/fr\/2022\/12\/pour-une-politique-dacces-aux-lacs-a-sainte-anne-des-lacs\/\"},\"wordCount\":1065,\"publisher\":{\"@id\":\"https:\/\/www.pressenza.com\/fr\/#organization\"},\"image\":{\"@id\":\"https:\/\/www.pressenza.com\/fr\/2022\/12\/pour-une-politique-dacces-aux-lacs-a-sainte-anne-des-lacs\/#primaryimage\"},\"thumbnailUrl\":\"https:\/\/www.pressenza.com\/wp-content\/uploads\/2022\/12\/Lac_Marois_Sainte-Anne-des-Lacs.jpg\",\"keywords\":[\"AMECQ\",\"politique de l'eau\",\"Sainte-Anne-des-Lacs\"],\"articleSection\":[\"Am\u00e9rique du Nord\",\"Ecologie et Environnement\"],\"inLanguage\":\"fr-FR\"},{\"@type\":\"WebPage\",\"@id\":\"https:\/\/www.pressenza.com\/fr\/2022\/12\/pour-une-politique-dacces-aux-lacs-a-sainte-anne-des-lacs\/\",\"url\":\"https:\/\/www.pressenza.com\/fr\/2022\/12\/pour-une-politique-dacces-aux-lacs-a-sainte-anne-des-lacs\/\",\"name\":\"Pour une politique d\u2019acc\u00e8s aux lacs \u00e0 Sainte-Anne-des-Lacs\",\"isPartOf\":{\"@id\":\"https:\/\/www.pressenza.com\/fr\/#website\"},\"primaryImageOfPage\":{\"@id\":\"https:\/\/www.pressenza.com\/fr\/2022\/12\/pour-une-politique-dacces-aux-lacs-a-sainte-anne-des-lacs\/#primaryimage\"},\"image\":{\"@id\":\"https:\/\/www.pressenza.com\/fr\/2022\/12\/pour-une-politique-dacces-aux-lacs-a-sainte-anne-des-lacs\/#primaryimage\"},\"thumbnailUrl\":\"https:\/\/www.pressenza.com\/wp-content\/uploads\/2022\/12\/Lac_Marois_Sainte-Anne-des-Lacs.jpg\",\"datePublished\":\"2022-12-11T17:03:36+00:00\",\"description\":\"Un sujet qui retient l\u2019attention des citoyens de Sainte-Anne-des-Lacs depuis quelques mois. La soir\u00e9e du 9 novembre avait pour but de laisser les citoyens\",\"breadcrumb\":{\"@id\":\"https:\/\/www.pressenza.com\/fr\/2022\/12\/pour-une-politique-dacces-aux-lacs-a-sainte-anne-des-lacs\/#breadcrumb\"},\"inLanguage\":\"fr-FR\",\"potentialAction\":[{\"@type\":\"ReadAction\",\"target\":[\"https:\/\/www.pressenza.com\/fr\/2022\/12\/pour-une-politique-dacces-aux-lacs-a-sainte-anne-des-lacs\/\"]}]},{\"@type\":\"ImageObject\",\"inLanguage\":\"fr-FR\",\"@id\":\"https:\/\/www.pressenza.com\/fr\/2022\/12\/pour-une-politique-dacces-aux-lacs-a-sainte-anne-des-lacs\/#primaryimage\",\"url\":\"https:\/\/www.pressenza.com\/wp-content\/uploads\/2022\/12\/Lac_Marois_Sainte-Anne-des-Lacs.jpg\",\"contentUrl\":\"https:\/\/www.pressenza.com\/wp-content\/uploads\/2022\/12\/Lac_Marois_Sainte-Anne-des-Lacs.jpg\",\"width\":820,\"height\":615,\"caption\":\"Photo wikip\u00e9dia : Lac Marois Sainte-Anne-des-Lacs\"},{\"@type\":\"BreadcrumbList\",\"@id\":\"https:\/\/www.pressenza.com\/fr\/2022\/12\/pour-une-politique-dacces-aux-lacs-a-sainte-anne-des-lacs\/#breadcrumb\",\"itemListElement\":[{\"@type\":\"ListItem\",\"position\":1,\"name\":\"Accueil\",\"item\":\"https:\/\/www.pressenza.com\/fr\/\"},{\"@type\":\"ListItem\",\"position\":2,\"name\":\"Pour une politique d\u2019acc\u00e8s aux lacs \u00e0 Sainte-Anne-des-Lacs\"}]},{\"@type\":\"WebSite\",\"@id\":\"https:\/\/www.pressenza.com\/fr\/#website\",\"url\":\"https:\/\/www.pressenza.com\/fr\/\",\"name\":\"Pressenza\",\"description\":\"International Press Agency\",\"publisher\":{\"@id\":\"https:\/\/www.pressenza.com\/fr\/#organization\"},\"potentialAction\":[{\"@type\":\"SearchAction\",\"target\":{\"@type\":\"EntryPoint\",\"urlTemplate\":\"https:\/\/www.pressenza.com\/fr\/?s={search_term_string}\"},\"query-input\":{\"@type\":\"PropertyValueSpecification\",\"valueRequired\":true,\"valueName\":\"search_term_string\"}}],\"inLanguage\":\"fr-FR\"},{\"@type\":\"Organization\",\"@id\":\"https:\/\/www.pressenza.com\/fr\/#organization\",\"name\":\"Pressenza\",\"url\":\"https:\/\/www.pressenza.com\/fr\/\",\"logo\":{\"@type\":\"ImageObject\",\"inLanguage\":\"fr-FR\",\"@id\":\"https:\/\/www.pressenza.com\/fr\/#\/schema\/logo\/image\/\",\"url\":\"https:\/\/www.pressenza.com\/wp-content\/uploads\/2022\/10\/pressenza_logo_200x200.jpg\",\"contentUrl\":\"https:\/\/www.pressenza.com\/wp-content\/uploads\/2022\/10\/pressenza_logo_200x200.jpg\",\"width\":200,\"height\":200,\"caption\":\"Pressenza\"},\"image\":{\"@id\":\"https:\/\/www.pressenza.com\/fr\/#\/schema\/logo\/image\/\"},\"sameAs\":[\"https:\/\/www.facebook.com\/PressenzaItalia\",\"https:\/\/x.com\/PressenzaIPA\"]},{\"@type\":\"Person\",\"@id\":\"https:\/\/www.pressenza.com\/fr\/#\/schema\/person\/5362584f414349fe88d3246d58d2ac3a\",\"name\":\"AMECQ - Association des m\u00e9dias \u00e9crits communautaires du Qu\u00e9bec\",\"description\":\"L\u2019Association des m\u00e9dias \u00e9crits communautaires du Qu\u00e9bec a pour but : de fournir des services de soutien et de formation \u00e0 ses journaux communautaires membres et de les regrouper et de les repr\u00e9senter pour que ceux-ci puissent remplir leur r\u00f4le et leur mission fondamentale. L\u2019Association participe activement au d\u00e9veloppement et au rayonnement des m\u00e9dias \u00e9crits communautaires. Les liens \u00e9troits et constants qu\u2019elle entretient avec ses membres lui assurent une connaissance dynamique du secteur et de ses besoins. L\u2019AMECQ compte 74 journaux membres.\",\"url\":\"https:\/\/www.pressenza.com\/fr\/author\/amecq\/\"}]}<\/script>\n<!-- \/ Yoast SEO plugin. -->","yoast_head_json":{"title":"Pour une politique d\u2019acc\u00e8s aux lacs \u00e0 Sainte-Anne-des-Lacs","description":"Un sujet qui retient l\u2019attention des citoyens de Sainte-Anne-des-Lacs depuis quelques mois. La soir\u00e9e du 9 novembre avait pour but de laisser les citoyens","robots":{"index":"index","follow":"follow","max-snippet":"max-snippet:-1","max-image-preview":"max-image-preview:large","max-video-preview":"max-video-preview:-1"},"canonical":"https:\/\/www.pressenza.com\/fr\/2022\/12\/pour-une-politique-dacces-aux-lacs-a-sainte-anne-des-lacs\/","og_locale":"fr_FR","og_type":"article","og_title":"Pour une politique d\u2019acc\u00e8s aux lacs \u00e0 Sainte-Anne-des-Lacs","og_description":"Un sujet qui retient l\u2019attention des citoyens de Sainte-Anne-des-Lacs depuis quelques mois. La soir\u00e9e du 9 novembre avait pour but de laisser les citoyens","og_url":"https:\/\/www.pressenza.com\/fr\/2022\/12\/pour-une-politique-dacces-aux-lacs-a-sainte-anne-des-lacs\/","og_site_name":"Pressenza","article_publisher":"https:\/\/www.facebook.com\/PressenzaItalia","article_published_time":"2022-12-11T17:03:36+00:00","og_image":[{"width":820,"height":615,"url":"https:\/\/www.pressenza.com\/wp-content\/uploads\/2022\/12\/Lac_Marois_Sainte-Anne-des-Lacs.jpg","type":"image\/jpeg"}],"author":"AMECQ - Association des m\u00e9dias \u00e9crits communautaires du Qu\u00e9bec","twitter_card":"summary_large_image","twitter_creator":"@PressenzaIPA","twitter_site":"@PressenzaIPA","twitter_misc":{"\u00c9crit par":"AMECQ - Association des m\u00e9dias \u00e9crits communautaires du Qu\u00e9bec","Dur\u00e9e de lecture estim\u00e9e":"5 minutes"},"schema":{"@context":"https:\/\/schema.org","@graph":[{"@type":"Article","@id":"https:\/\/www.pressenza.com\/fr\/2022\/12\/pour-une-politique-dacces-aux-lacs-a-sainte-anne-des-lacs\/#article","isPartOf":{"@id":"https:\/\/www.pressenza.com\/fr\/2022\/12\/pour-une-politique-dacces-aux-lacs-a-sainte-anne-des-lacs\/"},"author":{"name":"AMECQ - Association des m\u00e9dias \u00e9crits communautaires du Qu\u00e9bec","@id":"https:\/\/www.pressenza.com\/fr\/#\/schema\/person\/5362584f414349fe88d3246d58d2ac3a"},"headline":"Pour une politique d\u2019acc\u00e8s aux lacs \u00e0 Sainte-Anne-des-Lacs","datePublished":"2022-12-11T17:03:36+00:00","mainEntityOfPage":{"@id":"https:\/\/www.pressenza.com\/fr\/2022\/12\/pour-une-politique-dacces-aux-lacs-a-sainte-anne-des-lacs\/"},"wordCount":1065,"publisher":{"@id":"https:\/\/www.pressenza.com\/fr\/#organization"},"image":{"@id":"https:\/\/www.pressenza.com\/fr\/2022\/12\/pour-une-politique-dacces-aux-lacs-a-sainte-anne-des-lacs\/#primaryimage"},"thumbnailUrl":"https:\/\/www.pressenza.com\/wp-content\/uploads\/2022\/12\/Lac_Marois_Sainte-Anne-des-Lacs.jpg","keywords":["AMECQ","politique de l'eau","Sainte-Anne-des-Lacs"],"articleSection":["Am\u00e9rique du Nord","Ecologie et Environnement"],"inLanguage":"fr-FR"},{"@type":"WebPage","@id":"https:\/\/www.pressenza.com\/fr\/2022\/12\/pour-une-politique-dacces-aux-lacs-a-sainte-anne-des-lacs\/","url":"https:\/\/www.pressenza.com\/fr\/2022\/12\/pour-une-politique-dacces-aux-lacs-a-sainte-anne-des-lacs\/","name":"Pour une politique d\u2019acc\u00e8s aux lacs \u00e0 Sainte-Anne-des-Lacs","isPartOf":{"@id":"https:\/\/www.pressenza.com\/fr\/#website"},"primaryImageOfPage":{"@id":"https:\/\/www.pressenza.com\/fr\/2022\/12\/pour-une-politique-dacces-aux-lacs-a-sainte-anne-des-lacs\/#primaryimage"},"image":{"@id":"https:\/\/www.pressenza.com\/fr\/2022\/12\/pour-une-politique-dacces-aux-lacs-a-sainte-anne-des-lacs\/#primaryimage"},"thumbnailUrl":"https:\/\/www.pressenza.com\/wp-content\/uploads\/2022\/12\/Lac_Marois_Sainte-Anne-des-Lacs.jpg","datePublished":"2022-12-11T17:03:36+00:00","description":"Un sujet qui retient l\u2019attention des citoyens de Sainte-Anne-des-Lacs depuis quelques mois. La soir\u00e9e du 9 novembre avait pour but de laisser les citoyens","breadcrumb":{"@id":"https:\/\/www.pressenza.com\/fr\/2022\/12\/pour-une-politique-dacces-aux-lacs-a-sainte-anne-des-lacs\/#breadcrumb"},"inLanguage":"fr-FR","potentialAction":[{"@type":"ReadAction","target":["https:\/\/www.pressenza.com\/fr\/2022\/12\/pour-une-politique-dacces-aux-lacs-a-sainte-anne-des-lacs\/"]}]},{"@type":"ImageObject","inLanguage":"fr-FR","@id":"https:\/\/www.pressenza.com\/fr\/2022\/12\/pour-une-politique-dacces-aux-lacs-a-sainte-anne-des-lacs\/#primaryimage","url":"https:\/\/www.pressenza.com\/wp-content\/uploads\/2022\/12\/Lac_Marois_Sainte-Anne-des-Lacs.jpg","contentUrl":"https:\/\/www.pressenza.com\/wp-content\/uploads\/2022\/12\/Lac_Marois_Sainte-Anne-des-Lacs.jpg","width":820,"height":615,"caption":"Photo wikip\u00e9dia : Lac Marois Sainte-Anne-des-Lacs"},{"@type":"BreadcrumbList","@id":"https:\/\/www.pressenza.com\/fr\/2022\/12\/pour-une-politique-dacces-aux-lacs-a-sainte-anne-des-lacs\/#breadcrumb","itemListElement":[{"@type":"ListItem","position":1,"name":"Accueil","item":"https:\/\/www.pressenza.com\/fr\/"},{"@type":"ListItem","position":2,"name":"Pour une politique d\u2019acc\u00e8s aux lacs \u00e0 Sainte-Anne-des-Lacs"}]},{"@type":"WebSite","@id":"https:\/\/www.pressenza.com\/fr\/#website","url":"https:\/\/www.pressenza.com\/fr\/","name":"Pressenza","description":"International Press Agency","publisher":{"@id":"https:\/\/www.pressenza.com\/fr\/#organization"},"potentialAction":[{"@type":"SearchAction","target":{"@type":"EntryPoint","urlTemplate":"https:\/\/www.pressenza.com\/fr\/?s={search_term_string}"},"query-input":{"@type":"PropertyValueSpecification","valueRequired":true,"valueName":"search_term_string"}}],"inLanguage":"fr-FR"},{"@type":"Organization","@id":"https:\/\/www.pressenza.com\/fr\/#organization","name":"Pressenza","url":"https:\/\/www.pressenza.com\/fr\/","logo":{"@type":"ImageObject","inLanguage":"fr-FR","@id":"https:\/\/www.pressenza.com\/fr\/#\/schema\/logo\/image\/","url":"https:\/\/www.pressenza.com\/wp-content\/uploads\/2022\/10\/pressenza_logo_200x200.jpg","contentUrl":"https:\/\/www.pressenza.com\/wp-content\/uploads\/2022\/10\/pressenza_logo_200x200.jpg","width":200,"height":200,"caption":"Pressenza"},"image":{"@id":"https:\/\/www.pressenza.com\/fr\/#\/schema\/logo\/image\/"},"sameAs":["https:\/\/www.facebook.com\/PressenzaItalia","https:\/\/x.com\/PressenzaIPA"]},{"@type":"Person","@id":"https:\/\/www.pressenza.com\/fr\/#\/schema\/person\/5362584f414349fe88d3246d58d2ac3a","name":"AMECQ - Association des m\u00e9dias \u00e9crits communautaires du Qu\u00e9bec","description":"L\u2019Association des m\u00e9dias \u00e9crits communautaires du Qu\u00e9bec a pour but : de fournir des services de soutien et de formation \u00e0 ses journaux communautaires membres et de les regrouper et de les repr\u00e9senter pour que ceux-ci puissent remplir leur r\u00f4le et leur mission fondamentale. L\u2019Association participe activement au d\u00e9veloppement et au rayonnement des m\u00e9dias \u00e9crits communautaires. Les liens \u00e9troits et constants qu\u2019elle entretient avec ses membres lui assurent une connaissance dynamique du secteur et de ses besoins. L\u2019AMECQ compte 74 journaux membres.","url":"https:\/\/www.pressenza.com\/fr\/author\/amecq\/"}]}},"place":"Le Journal des citoyens, Pr\u00e9vost","original_article_url":"https:\/\/www.jdc.quebec\/2022\/11\/20\/lacces-a-leau-pour-tous\/","_links":{"self":[{"href":"https:\/\/www.pressenza.com\/fr\/wp-json\/wp\/v2\/posts\/1699081","targetHints":{"allow":["GET"]}}],"collection":[{"href":"https:\/\/www.pressenza.com\/fr\/wp-json\/wp\/v2\/posts"}],"about":[{"href":"https:\/\/www.pressenza.com\/fr\/wp-json\/wp\/v2\/types\/post"}],"author":[{"embeddable":true,"href":"https:\/\/www.pressenza.com\/fr\/wp-json\/wp\/v2\/users\/2143"}],"replies":[{"embeddable":true,"href":"https:\/\/www.pressenza.com\/fr\/wp-json\/wp\/v2\/comments?post=1699081"}],"version-history":[{"count":0,"href":"https:\/\/www.pressenza.com\/fr\/wp-json\/wp\/v2\/posts\/1699081\/revisions"}],"wp:featuredmedia":[{"embeddable":true,"href":"https:\/\/www.pressenza.com\/fr\/wp-json\/wp\/v2\/media\/1699086"}],"wp:attachment":[{"href":"https:\/\/www.pressenza.com\/fr\/wp-json\/wp\/v2\/media?parent=1699081"}],"wp:term":[{"taxonomy":"category","embeddable":true,"href":"https:\/\/www.pressenza.com\/fr\/wp-json\/wp\/v2\/categories?post=1699081"},{"taxonomy":"post_tag","embeddable":true,"href":"https:\/\/www.pressenza.com\/fr\/wp-json\/wp\/v2\/tags?post=1699081"}],"curies":[{"name":"wp","href":"https:\/\/api.w.org\/{rel}","templated":true}]}}