{"id":1699043,"date":"2022-12-11T16:30:17","date_gmt":"2022-12-11T16:30:17","guid":{"rendered":"https:\/\/www.pressenza.com\/?p=1699043"},"modified":"2022-12-13T14:14:58","modified_gmt":"2022-12-13T14:14:58","slug":"le-vent-dans-les-voiles-a-fermont-region-cote-nord-du-quebec","status":"publish","type":"post","link":"https:\/\/www.pressenza.com\/fr\/2022\/12\/le-vent-dans-les-voiles-a-fermont-region-cote-nord-du-quebec\/","title":{"rendered":"Le vent dans les voiles \u00e0 Fermont : r\u00e9gion C\u00f4te-Nord du Qu\u00e9bec"},"content":{"rendered":"<p>Une initiative d\u2019implantation d\u2019\u00e9oliennes dans la r\u00e9gion de Fermont est actuellement \u00e0 l\u2019\u00e9tude par le promoteur Tuglip \u00c9nergie. Un avis de projet, portant le nom \u201cLe projet \u00e9olien du fer phase 1\u201d, a \u00e9t\u00e9 d\u00e9pos\u00e9 aupr\u00e8s du gouvernement du Qu\u00e9bec, le 28 juillet 2022, par l\u2019instigateur de la d\u00e9marche dans le cadre d\u2019un appel d\u2019offres de la soci\u00e9t\u00e9 d\u2019\u00c9tat Hydro-Qu\u00e9bec, qui cherche \u00e0 conclure des contrats d\u2019approvisionnement en \u00e9lectricit\u00e9 \u00e0 partir d\u2019\u00e9nergie a\u00e9romotrice. Cette action s\u2019inscrit en conformit\u00e9 avec la proc\u00e9dure d\u2019\u00e9valuation et d\u2019examen des impacts sur l\u2019environnement (P\u00c9EIE) exig\u00e9e par la Loi sur la qualit\u00e9 de l\u2019environnement (LQE)\u201d<\/p>\n<p><span style=\"font-weight: 400;\">Le parc \u00e9olien que souhaite installer l\u2019entreprise qu\u00e9b\u00e9coise fond\u00e9e en 2011 qui se sp\u00e9cialise dans la d\u00e9carbonation (\u00e9limination des gaz \u00e0 effet de serre) de l\u2019industrie lourde serait compos\u00e9 de 12 a\u00e9rog\u00e9n\u00e9rateurs d\u2019une puissance de 4,2 m\u00e9gawatts (MW) pour un total de 50,4 MW. Les infrastructures seraient situ\u00e9es \u00e0 l\u2019int\u00e9rieur des limites du territoire de la localit\u00e9 nordique. D\u2019autres volets pourraient \u00e9ventuellement s\u2019ajouter par la suite.<\/span><\/p>\n<p><span style=\"font-weight: 400;\">Tugliq \u00c9nergie offre des solutions \u00e9nerg\u00e9tiques propres et durables produites localement aux consommateurs industriels et aux populations isol\u00e9es notamment \u00e0 l\u2019aide d\u2019\u00e9nergie renouvelable et de stockage d\u2019\u00e9nergie en fournissant des services \u00ab cl\u00e9s en main \u00bb en diversification \u00e9nerg\u00e9tique.\u00a0<\/span><\/p>\n<p><span style=\"font-weight: 400;\">Selon les documents pr\u00e9sent\u00e9s au minist\u00e8re du D\u00e9veloppement durable, de l\u2019Environnement et de la Lutte contre les changements climatiques (MDDELCC), le parc d\u2019\u00e9oliennes, qui ciblait \u00e0 l\u2019origine le d\u00e9ploiement de la moiti\u00e9 des a\u00e9romoteurs en p\u00e9riph\u00e9rie (autour) du lac Tupper, occuperait une superficie de 25 kilom\u00e8tres carr\u00e9s avec des \u00e9oliennes diss\u00e9min\u00e9es dans certains secteurs au nord de la route nationale 389. Le mod\u00e8le de conception allemande serait de type Enercon E-115 EP3 E, une technologie d\u2019entra\u00eenement direct sans bo\u00eete de vitesse \u00e0 r\u00e9gime de rotation variable d\u2019une puissance nominale de 4200 kilowatts (kW) ou de 4600 kilovoltamp\u00e8res (kVA). La hauteur du moyeu est de 92 m\u00e8tres (m) et la longueur des pales \u00e0 orientation individuelle est de 56 m avec un diam\u00e8tre du rotor de 115,7 m.<\/span><\/p>\n<p><span style=\"font-weight: 400;\">Le maire de Fermont, Martin St-Laurent, explique que les besoins \u00e9nerg\u00e9tiques de la r\u00e9gion sont en forte croissance et que ce ph\u00e9nom\u00e8ne constitue un enjeu majeur qui co\u00efncide avec le virage vert des mini\u00e8res qui ont besoin d\u2019un approvisionnement accru en \u00e9lectricit\u00e9 afin de s\u2019adapter \u00e0 la demande mondiale d\u2019acier \u00e0 l\u2019empreinte carbone r\u00e9duite.<\/span><\/p>\n<blockquote><p><span style=\"font-weight: 400;\">\u00ab Je consid\u00e8re que le p\u00e9rim\u00e8tre initialement pr\u00e9vu pour l\u2019installation n\u2019est pas id\u00e9al, car il est trop pr\u00e8s de la ville.\u00a0 La probl\u00e9matique d\u2019am\u00e9nagement au lac Tupper a \u00e9t\u00e9 ult\u00e9rieurement abord\u00e9e et des solutions de remplacement mieux adapt\u00e9es aux besoins seront propos\u00e9es. J\u2019ai pris l\u2019initiative d\u2019effectuer une visite de certains endroits strat\u00e9giques en compagnie de repr\u00e9sentants du promoteur lors de leur passage sur place afin de leur montrer d\u2019autres lieux qui pourraient \u00eatre envisag\u00e9s notamment le long du trac\u00e9 anticip\u00e9 d\u2019une possible nouvelle ligne de transport d\u2019\u00e9lectricit\u00e9 de 315 kV entre le poste Montagnais et Fermont ainsi qu\u2019\u00e0 Fire Lake. \u00bb<\/span><\/p><\/blockquote>\n<p><span style=\"font-weight: 400;\">Le vice-pr\u00e9sident d\u00e9veloppement projets et op\u00e9rations chez Tugliq \u00c9nergie, l\u2019ing\u00e9nieur en g\u00e9nie \u00e9lectrique Nicolas Seguin, confie que la cartographie d\u00e9pos\u00e9e en juillet dernier est ant\u00e9rieure \u00e0 la visite subs\u00e9quente du secteur effectu\u00e9e par des intervenants municipaux et des responsables de l\u2019entreprise et ne refl\u00e8te pas le cheminement actuel. L\u2019emplacement exact du parc d\u2019\u00e9oliennes n\u2019est pas encore d\u00e9fini.\u00a0<\/span><\/p>\n<blockquote><p><span style=\"font-weight: 400;\">\u00ab Avant la visite de terrain effectu\u00e9e avec des repr\u00e9sentants locaux, en septembre dernier, des endroits ont \u00e9t\u00e9 cibl\u00e9s afin de pouvoir proc\u00e9der au d\u00e9p\u00f4t de l\u2019avis de projet pour l\u2019appel d\u2019offres, en juillet 2022. \u00c0 la suite de ce d\u00e9placement \u00e0 Fermont, les secteurs d\u2019int\u00e9r\u00eats pour le d\u00e9ploiement \u00e9olien se sont \u00e9loign\u00e9s des zones initialement pressenties et nous comptons sur les consultations \u00e0 venir pour d\u00e9terminer les meilleurs endroits pour le projet. \u00bb<\/span><\/p><\/blockquote>\n<p><span style=\"font-weight: 400;\">Le directeur g\u00e9n\u00e9ral de la Ville de Fermont, Claude Gagn\u00e9, invoque l\u2019importance de la diversification \u00e9conomique actuellement essentiellement mono industrielle dans la r\u00e9gion et pr\u00e9cise qu\u2019une collaboration est souhait\u00e9e entre la municipalit\u00e9 et les Innus de Uashat mak Mani-Utenam (Sept-\u00celes) afin de conclure des ententes et d\u2019\u00e9tablir un partenariat.<\/span><\/p>\n<p><span style=\"font-weight: 400;\">\u00c9ric Cyr<\/span><\/p>\n","protected":false},"excerpt":{"rendered":"<p>Une initiative d\u2019implantation d\u2019\u00e9oliennes dans la r\u00e9gion de Fermont est actuellement \u00e0 l\u2019\u00e9tude par le promoteur Tuglip \u00c9nergie. Un avis de projet, portant le nom \u201cLe projet \u00e9olien du fer phase 1\u201d, a \u00e9t\u00e9 d\u00e9pos\u00e9 aupr\u00e8s du gouvernement du Qu\u00e9bec,&hellip;<\/p>\n","protected":false},"author":2143,"featured_media":1699063,"comment_status":"closed","ping_status":"closed","sticky":false,"template":"","format":"standard","meta":{"footnotes":""},"categories":[87,97,495],"tags":[101682,3155,103120],"class_list":["post-1699043","post","type-post","status-publish","format-standard","has-post-thumbnail","hentry","category-amerique-du-nord","category-environnement-et-ecologie","category-sciences-technologie","tag-amecq","tag-energie-eolienne","tag-fermont"],"yoast_head":"<!-- This site is optimized with the Yoast SEO plugin v27.1.1 - https:\/\/yoast.com\/product\/yoast-seo-wordpress\/ -->\n<title>Le vent dans les voiles \u00e0 Fermont : r\u00e9gion C\u00f4te-Nord du Qu\u00e9bec<\/title>\n<meta name=\"description\" content=\"Une initiative d\u2019implantation d\u2019\u00e9oliennes dans la r\u00e9gion de Fermont est actuellement \u00e0 l\u2019\u00e9tude par le promoteur Tuglip \u00c9nergie. Un avis de projet, portant\" \/>\n<meta name=\"robots\" content=\"index, follow, max-snippet:-1, max-image-preview:large, max-video-preview:-1\" \/>\n<link rel=\"canonical\" href=\"https:\/\/www.pressenza.com\/fr\/2022\/12\/le-vent-dans-les-voiles-a-fermont-region-cote-nord-du-quebec\/\" \/>\n<meta property=\"og:locale\" content=\"fr_FR\" \/>\n<meta property=\"og:type\" content=\"article\" \/>\n<meta property=\"og:title\" content=\"Le vent dans les voiles \u00e0 Fermont : r\u00e9gion C\u00f4te-Nord du Qu\u00e9bec\" \/>\n<meta property=\"og:description\" content=\"Une initiative d\u2019implantation d\u2019\u00e9oliennes dans la r\u00e9gion de Fermont est actuellement \u00e0 l\u2019\u00e9tude par le promoteur Tuglip \u00c9nergie. Un avis de projet, portant\" \/>\n<meta property=\"og:url\" content=\"https:\/\/www.pressenza.com\/fr\/2022\/12\/le-vent-dans-les-voiles-a-fermont-region-cote-nord-du-quebec\/\" \/>\n<meta property=\"og:site_name\" content=\"Pressenza\" \/>\n<meta property=\"article:publisher\" content=\"https:\/\/www.facebook.com\/PressenzaItalia\" \/>\n<meta property=\"article:published_time\" content=\"2022-12-11T16:30:17+00:00\" \/>\n<meta property=\"article:modified_time\" content=\"2022-12-13T14:14:58+00:00\" \/>\n<meta property=\"og:image\" content=\"https:\/\/www.pressenza.com\/wp-content\/uploads\/2022\/12\/El-v-01_ubt.jpeg\" \/>\n\t<meta property=\"og:image:width\" content=\"588\" \/>\n\t<meta property=\"og:image:height\" content=\"245\" \/>\n\t<meta property=\"og:image:type\" content=\"image\/jpeg\" \/>\n<meta name=\"author\" content=\"AMECQ - Association des m\u00e9dias \u00e9crits communautaires du Qu\u00e9bec\" \/>\n<meta name=\"twitter:card\" content=\"summary_large_image\" \/>\n<meta name=\"twitter:creator\" content=\"@PressenzaIPA\" \/>\n<meta name=\"twitter:site\" content=\"@PressenzaIPA\" \/>\n<meta name=\"twitter:label1\" content=\"\u00c9crit par\" \/>\n\t<meta name=\"twitter:data1\" content=\"AMECQ - Association des m\u00e9dias \u00e9crits communautaires du Qu\u00e9bec\" \/>\n\t<meta name=\"twitter:label2\" content=\"Dur\u00e9e de lecture estim\u00e9e\" \/>\n\t<meta name=\"twitter:data2\" content=\"4 minutes\" \/>\n<script type=\"application\/ld+json\" class=\"yoast-schema-graph\">{\"@context\":\"https:\/\/schema.org\",\"@graph\":[{\"@type\":\"Article\",\"@id\":\"https:\/\/www.pressenza.com\/fr\/2022\/12\/le-vent-dans-les-voiles-a-fermont-region-cote-nord-du-quebec\/#article\",\"isPartOf\":{\"@id\":\"https:\/\/www.pressenza.com\/fr\/2022\/12\/le-vent-dans-les-voiles-a-fermont-region-cote-nord-du-quebec\/\"},\"author\":{\"name\":\"AMECQ - Association des m\u00e9dias \u00e9crits communautaires du Qu\u00e9bec\",\"@id\":\"https:\/\/www.pressenza.com\/fr\/#\/schema\/person\/5362584f414349fe88d3246d58d2ac3a\"},\"headline\":\"Le vent dans les voiles \u00e0 Fermont : r\u00e9gion C\u00f4te-Nord du Qu\u00e9bec\",\"datePublished\":\"2022-12-11T16:30:17+00:00\",\"dateModified\":\"2022-12-13T14:14:58+00:00\",\"mainEntityOfPage\":{\"@id\":\"https:\/\/www.pressenza.com\/fr\/2022\/12\/le-vent-dans-les-voiles-a-fermont-region-cote-nord-du-quebec\/\"},\"wordCount\":794,\"publisher\":{\"@id\":\"https:\/\/www.pressenza.com\/fr\/#organization\"},\"image\":{\"@id\":\"https:\/\/www.pressenza.com\/fr\/2022\/12\/le-vent-dans-les-voiles-a-fermont-region-cote-nord-du-quebec\/#primaryimage\"},\"thumbnailUrl\":\"https:\/\/www.pressenza.com\/wp-content\/uploads\/2022\/12\/El-v-01_ubt.jpeg\",\"keywords\":[\"AMECQ\",\"\u00e9nergie \u00e9olienne\",\"Fermont\"],\"articleSection\":[\"Am\u00e9rique du Nord\",\"Ecologie et Environnement\",\"Sciences et Technologie\"],\"inLanguage\":\"fr-FR\"},{\"@type\":\"WebPage\",\"@id\":\"https:\/\/www.pressenza.com\/fr\/2022\/12\/le-vent-dans-les-voiles-a-fermont-region-cote-nord-du-quebec\/\",\"url\":\"https:\/\/www.pressenza.com\/fr\/2022\/12\/le-vent-dans-les-voiles-a-fermont-region-cote-nord-du-quebec\/\",\"name\":\"Le vent dans les voiles \u00e0 Fermont : r\u00e9gion C\u00f4te-Nord du Qu\u00e9bec\",\"isPartOf\":{\"@id\":\"https:\/\/www.pressenza.com\/fr\/#website\"},\"primaryImageOfPage\":{\"@id\":\"https:\/\/www.pressenza.com\/fr\/2022\/12\/le-vent-dans-les-voiles-a-fermont-region-cote-nord-du-quebec\/#primaryimage\"},\"image\":{\"@id\":\"https:\/\/www.pressenza.com\/fr\/2022\/12\/le-vent-dans-les-voiles-a-fermont-region-cote-nord-du-quebec\/#primaryimage\"},\"thumbnailUrl\":\"https:\/\/www.pressenza.com\/wp-content\/uploads\/2022\/12\/El-v-01_ubt.jpeg\",\"datePublished\":\"2022-12-11T16:30:17+00:00\",\"dateModified\":\"2022-12-13T14:14:58+00:00\",\"description\":\"Une initiative d\u2019implantation d\u2019\u00e9oliennes dans la r\u00e9gion de Fermont est actuellement \u00e0 l\u2019\u00e9tude par le promoteur Tuglip \u00c9nergie. Un avis de projet, portant\",\"breadcrumb\":{\"@id\":\"https:\/\/www.pressenza.com\/fr\/2022\/12\/le-vent-dans-les-voiles-a-fermont-region-cote-nord-du-quebec\/#breadcrumb\"},\"inLanguage\":\"fr-FR\",\"potentialAction\":[{\"@type\":\"ReadAction\",\"target\":[\"https:\/\/www.pressenza.com\/fr\/2022\/12\/le-vent-dans-les-voiles-a-fermont-region-cote-nord-du-quebec\/\"]}]},{\"@type\":\"ImageObject\",\"inLanguage\":\"fr-FR\",\"@id\":\"https:\/\/www.pressenza.com\/fr\/2022\/12\/le-vent-dans-les-voiles-a-fermont-region-cote-nord-du-quebec\/#primaryimage\",\"url\":\"https:\/\/www.pressenza.com\/wp-content\/uploads\/2022\/12\/El-v-01_ubt.jpeg\",\"contentUrl\":\"https:\/\/www.pressenza.com\/wp-content\/uploads\/2022\/12\/El-v-01_ubt.jpeg\",\"width\":588,\"height\":245,\"caption\":\"Cr\u00e9dit photo : wikip\u00e9dia\"},{\"@type\":\"BreadcrumbList\",\"@id\":\"https:\/\/www.pressenza.com\/fr\/2022\/12\/le-vent-dans-les-voiles-a-fermont-region-cote-nord-du-quebec\/#breadcrumb\",\"itemListElement\":[{\"@type\":\"ListItem\",\"position\":1,\"name\":\"Accueil\",\"item\":\"https:\/\/www.pressenza.com\/fr\/\"},{\"@type\":\"ListItem\",\"position\":2,\"name\":\"Le vent dans les voiles \u00e0 Fermont : r\u00e9gion C\u00f4te-Nord du Qu\u00e9bec\"}]},{\"@type\":\"WebSite\",\"@id\":\"https:\/\/www.pressenza.com\/fr\/#website\",\"url\":\"https:\/\/www.pressenza.com\/fr\/\",\"name\":\"Pressenza\",\"description\":\"International Press Agency\",\"publisher\":{\"@id\":\"https:\/\/www.pressenza.com\/fr\/#organization\"},\"potentialAction\":[{\"@type\":\"SearchAction\",\"target\":{\"@type\":\"EntryPoint\",\"urlTemplate\":\"https:\/\/www.pressenza.com\/fr\/?s={search_term_string}\"},\"query-input\":{\"@type\":\"PropertyValueSpecification\",\"valueRequired\":true,\"valueName\":\"search_term_string\"}}],\"inLanguage\":\"fr-FR\"},{\"@type\":\"Organization\",\"@id\":\"https:\/\/www.pressenza.com\/fr\/#organization\",\"name\":\"Pressenza\",\"url\":\"https:\/\/www.pressenza.com\/fr\/\",\"logo\":{\"@type\":\"ImageObject\",\"inLanguage\":\"fr-FR\",\"@id\":\"https:\/\/www.pressenza.com\/fr\/#\/schema\/logo\/image\/\",\"url\":\"https:\/\/www.pressenza.com\/wp-content\/uploads\/2022\/10\/pressenza_logo_200x200.jpg\",\"contentUrl\":\"https:\/\/www.pressenza.com\/wp-content\/uploads\/2022\/10\/pressenza_logo_200x200.jpg\",\"width\":200,\"height\":200,\"caption\":\"Pressenza\"},\"image\":{\"@id\":\"https:\/\/www.pressenza.com\/fr\/#\/schema\/logo\/image\/\"},\"sameAs\":[\"https:\/\/www.facebook.com\/PressenzaItalia\",\"https:\/\/x.com\/PressenzaIPA\"]},{\"@type\":\"Person\",\"@id\":\"https:\/\/www.pressenza.com\/fr\/#\/schema\/person\/5362584f414349fe88d3246d58d2ac3a\",\"name\":\"AMECQ - Association des m\u00e9dias \u00e9crits communautaires du Qu\u00e9bec\",\"description\":\"L\u2019Association des m\u00e9dias \u00e9crits communautaires du Qu\u00e9bec a pour but : de fournir des services de soutien et de formation \u00e0 ses journaux communautaires membres et de les regrouper et de les repr\u00e9senter pour que ceux-ci puissent remplir leur r\u00f4le et leur mission fondamentale. L\u2019Association participe activement au d\u00e9veloppement et au rayonnement des m\u00e9dias \u00e9crits communautaires. Les liens \u00e9troits et constants qu\u2019elle entretient avec ses membres lui assurent une connaissance dynamique du secteur et de ses besoins. L\u2019AMECQ compte 74 journaux membres.\",\"url\":\"https:\/\/www.pressenza.com\/fr\/author\/amecq\/\"}]}<\/script>\n<!-- \/ Yoast SEO plugin. -->","yoast_head_json":{"title":"Le vent dans les voiles \u00e0 Fermont : r\u00e9gion C\u00f4te-Nord du Qu\u00e9bec","description":"Une initiative d\u2019implantation d\u2019\u00e9oliennes dans la r\u00e9gion de Fermont est actuellement \u00e0 l\u2019\u00e9tude par le promoteur Tuglip \u00c9nergie. Un avis de projet, portant","robots":{"index":"index","follow":"follow","max-snippet":"max-snippet:-1","max-image-preview":"max-image-preview:large","max-video-preview":"max-video-preview:-1"},"canonical":"https:\/\/www.pressenza.com\/fr\/2022\/12\/le-vent-dans-les-voiles-a-fermont-region-cote-nord-du-quebec\/","og_locale":"fr_FR","og_type":"article","og_title":"Le vent dans les voiles \u00e0 Fermont : r\u00e9gion C\u00f4te-Nord du Qu\u00e9bec","og_description":"Une initiative d\u2019implantation d\u2019\u00e9oliennes dans la r\u00e9gion de Fermont est actuellement \u00e0 l\u2019\u00e9tude par le promoteur Tuglip \u00c9nergie. Un avis de projet, portant","og_url":"https:\/\/www.pressenza.com\/fr\/2022\/12\/le-vent-dans-les-voiles-a-fermont-region-cote-nord-du-quebec\/","og_site_name":"Pressenza","article_publisher":"https:\/\/www.facebook.com\/PressenzaItalia","article_published_time":"2022-12-11T16:30:17+00:00","article_modified_time":"2022-12-13T14:14:58+00:00","og_image":[{"width":588,"height":245,"url":"https:\/\/www.pressenza.com\/wp-content\/uploads\/2022\/12\/El-v-01_ubt.jpeg","type":"image\/jpeg"}],"author":"AMECQ - Association des m\u00e9dias \u00e9crits communautaires du Qu\u00e9bec","twitter_card":"summary_large_image","twitter_creator":"@PressenzaIPA","twitter_site":"@PressenzaIPA","twitter_misc":{"\u00c9crit par":"AMECQ - Association des m\u00e9dias \u00e9crits communautaires du Qu\u00e9bec","Dur\u00e9e de lecture estim\u00e9e":"4 minutes"},"schema":{"@context":"https:\/\/schema.org","@graph":[{"@type":"Article","@id":"https:\/\/www.pressenza.com\/fr\/2022\/12\/le-vent-dans-les-voiles-a-fermont-region-cote-nord-du-quebec\/#article","isPartOf":{"@id":"https:\/\/www.pressenza.com\/fr\/2022\/12\/le-vent-dans-les-voiles-a-fermont-region-cote-nord-du-quebec\/"},"author":{"name":"AMECQ - Association des m\u00e9dias \u00e9crits communautaires du Qu\u00e9bec","@id":"https:\/\/www.pressenza.com\/fr\/#\/schema\/person\/5362584f414349fe88d3246d58d2ac3a"},"headline":"Le vent dans les voiles \u00e0 Fermont : r\u00e9gion C\u00f4te-Nord du Qu\u00e9bec","datePublished":"2022-12-11T16:30:17+00:00","dateModified":"2022-12-13T14:14:58+00:00","mainEntityOfPage":{"@id":"https:\/\/www.pressenza.com\/fr\/2022\/12\/le-vent-dans-les-voiles-a-fermont-region-cote-nord-du-quebec\/"},"wordCount":794,"publisher":{"@id":"https:\/\/www.pressenza.com\/fr\/#organization"},"image":{"@id":"https:\/\/www.pressenza.com\/fr\/2022\/12\/le-vent-dans-les-voiles-a-fermont-region-cote-nord-du-quebec\/#primaryimage"},"thumbnailUrl":"https:\/\/www.pressenza.com\/wp-content\/uploads\/2022\/12\/El-v-01_ubt.jpeg","keywords":["AMECQ","\u00e9nergie \u00e9olienne","Fermont"],"articleSection":["Am\u00e9rique du Nord","Ecologie et Environnement","Sciences et Technologie"],"inLanguage":"fr-FR"},{"@type":"WebPage","@id":"https:\/\/www.pressenza.com\/fr\/2022\/12\/le-vent-dans-les-voiles-a-fermont-region-cote-nord-du-quebec\/","url":"https:\/\/www.pressenza.com\/fr\/2022\/12\/le-vent-dans-les-voiles-a-fermont-region-cote-nord-du-quebec\/","name":"Le vent dans les voiles \u00e0 Fermont : r\u00e9gion C\u00f4te-Nord du Qu\u00e9bec","isPartOf":{"@id":"https:\/\/www.pressenza.com\/fr\/#website"},"primaryImageOfPage":{"@id":"https:\/\/www.pressenza.com\/fr\/2022\/12\/le-vent-dans-les-voiles-a-fermont-region-cote-nord-du-quebec\/#primaryimage"},"image":{"@id":"https:\/\/www.pressenza.com\/fr\/2022\/12\/le-vent-dans-les-voiles-a-fermont-region-cote-nord-du-quebec\/#primaryimage"},"thumbnailUrl":"https:\/\/www.pressenza.com\/wp-content\/uploads\/2022\/12\/El-v-01_ubt.jpeg","datePublished":"2022-12-11T16:30:17+00:00","dateModified":"2022-12-13T14:14:58+00:00","description":"Une initiative d\u2019implantation d\u2019\u00e9oliennes dans la r\u00e9gion de Fermont est actuellement \u00e0 l\u2019\u00e9tude par le promoteur Tuglip \u00c9nergie. Un avis de projet, portant","breadcrumb":{"@id":"https:\/\/www.pressenza.com\/fr\/2022\/12\/le-vent-dans-les-voiles-a-fermont-region-cote-nord-du-quebec\/#breadcrumb"},"inLanguage":"fr-FR","potentialAction":[{"@type":"ReadAction","target":["https:\/\/www.pressenza.com\/fr\/2022\/12\/le-vent-dans-les-voiles-a-fermont-region-cote-nord-du-quebec\/"]}]},{"@type":"ImageObject","inLanguage":"fr-FR","@id":"https:\/\/www.pressenza.com\/fr\/2022\/12\/le-vent-dans-les-voiles-a-fermont-region-cote-nord-du-quebec\/#primaryimage","url":"https:\/\/www.pressenza.com\/wp-content\/uploads\/2022\/12\/El-v-01_ubt.jpeg","contentUrl":"https:\/\/www.pressenza.com\/wp-content\/uploads\/2022\/12\/El-v-01_ubt.jpeg","width":588,"height":245,"caption":"Cr\u00e9dit photo : wikip\u00e9dia"},{"@type":"BreadcrumbList","@id":"https:\/\/www.pressenza.com\/fr\/2022\/12\/le-vent-dans-les-voiles-a-fermont-region-cote-nord-du-quebec\/#breadcrumb","itemListElement":[{"@type":"ListItem","position":1,"name":"Accueil","item":"https:\/\/www.pressenza.com\/fr\/"},{"@type":"ListItem","position":2,"name":"Le vent dans les voiles \u00e0 Fermont : r\u00e9gion C\u00f4te-Nord du Qu\u00e9bec"}]},{"@type":"WebSite","@id":"https:\/\/www.pressenza.com\/fr\/#website","url":"https:\/\/www.pressenza.com\/fr\/","name":"Pressenza","description":"International Press Agency","publisher":{"@id":"https:\/\/www.pressenza.com\/fr\/#organization"},"potentialAction":[{"@type":"SearchAction","target":{"@type":"EntryPoint","urlTemplate":"https:\/\/www.pressenza.com\/fr\/?s={search_term_string}"},"query-input":{"@type":"PropertyValueSpecification","valueRequired":true,"valueName":"search_term_string"}}],"inLanguage":"fr-FR"},{"@type":"Organization","@id":"https:\/\/www.pressenza.com\/fr\/#organization","name":"Pressenza","url":"https:\/\/www.pressenza.com\/fr\/","logo":{"@type":"ImageObject","inLanguage":"fr-FR","@id":"https:\/\/www.pressenza.com\/fr\/#\/schema\/logo\/image\/","url":"https:\/\/www.pressenza.com\/wp-content\/uploads\/2022\/10\/pressenza_logo_200x200.jpg","contentUrl":"https:\/\/www.pressenza.com\/wp-content\/uploads\/2022\/10\/pressenza_logo_200x200.jpg","width":200,"height":200,"caption":"Pressenza"},"image":{"@id":"https:\/\/www.pressenza.com\/fr\/#\/schema\/logo\/image\/"},"sameAs":["https:\/\/www.facebook.com\/PressenzaItalia","https:\/\/x.com\/PressenzaIPA"]},{"@type":"Person","@id":"https:\/\/www.pressenza.com\/fr\/#\/schema\/person\/5362584f414349fe88d3246d58d2ac3a","name":"AMECQ - Association des m\u00e9dias \u00e9crits communautaires du Qu\u00e9bec","description":"L\u2019Association des m\u00e9dias \u00e9crits communautaires du Qu\u00e9bec a pour but : de fournir des services de soutien et de formation \u00e0 ses journaux communautaires membres et de les regrouper et de les repr\u00e9senter pour que ceux-ci puissent remplir leur r\u00f4le et leur mission fondamentale. L\u2019Association participe activement au d\u00e9veloppement et au rayonnement des m\u00e9dias \u00e9crits communautaires. Les liens \u00e9troits et constants qu\u2019elle entretient avec ses membres lui assurent une connaissance dynamique du secteur et de ses besoins. L\u2019AMECQ compte 74 journaux membres.","url":"https:\/\/www.pressenza.com\/fr\/author\/amecq\/"}]}},"place":"Le Trait d\u2019union du Nord","original_article_url":"https:\/\/journaltdn.ca\/publications\/le-vent-dans-les-voiles-a-fermont\/","_links":{"self":[{"href":"https:\/\/www.pressenza.com\/fr\/wp-json\/wp\/v2\/posts\/1699043","targetHints":{"allow":["GET"]}}],"collection":[{"href":"https:\/\/www.pressenza.com\/fr\/wp-json\/wp\/v2\/posts"}],"about":[{"href":"https:\/\/www.pressenza.com\/fr\/wp-json\/wp\/v2\/types\/post"}],"author":[{"embeddable":true,"href":"https:\/\/www.pressenza.com\/fr\/wp-json\/wp\/v2\/users\/2143"}],"replies":[{"embeddable":true,"href":"https:\/\/www.pressenza.com\/fr\/wp-json\/wp\/v2\/comments?post=1699043"}],"version-history":[{"count":0,"href":"https:\/\/www.pressenza.com\/fr\/wp-json\/wp\/v2\/posts\/1699043\/revisions"}],"wp:featuredmedia":[{"embeddable":true,"href":"https:\/\/www.pressenza.com\/fr\/wp-json\/wp\/v2\/media\/1699063"}],"wp:attachment":[{"href":"https:\/\/www.pressenza.com\/fr\/wp-json\/wp\/v2\/media?parent=1699043"}],"wp:term":[{"taxonomy":"category","embeddable":true,"href":"https:\/\/www.pressenza.com\/fr\/wp-json\/wp\/v2\/categories?post=1699043"},{"taxonomy":"post_tag","embeddable":true,"href":"https:\/\/www.pressenza.com\/fr\/wp-json\/wp\/v2\/tags?post=1699043"}],"curies":[{"name":"wp","href":"https:\/\/api.w.org\/{rel}","templated":true}]}}