{"id":1698676,"date":"2022-12-09T22:09:18","date_gmt":"2022-12-09T22:09:18","guid":{"rendered":"https:\/\/www.pressenza.com\/?p=1698676"},"modified":"2022-12-10T08:50:58","modified_gmt":"2022-12-10T08:50:58","slug":"nelson-mandela-et-la-reconciliation-sociale","status":"publish","type":"post","link":"https:\/\/www.pressenza.com\/fr\/2022\/12\/nelson-mandela-et-la-reconciliation-sociale\/","title":{"rendered":"Nelson Mandela et la r\u00e9conciliation sociale"},"content":{"rendered":"<p>Le 5 d\u00e9cembre dernier, cela faisait neuf ans que Nelson Mandela \u00e9tait physiquement parti. De toutes les d\u00e9finitions que j&rsquo;ai lues, je m&rsquo;en tiendrai \u00e0 celle qui, \u00e0 mon avis, le d\u00e9finit dans sa qualit\u00e9 la plus exceptionnelle : \u00ab Un des plus grands hommes du monde \u00bb.<\/p>\n<p>Au-del\u00e0 de son d\u00e9vouement ind\u00e9niable au d\u00e9mant\u00e8lement de la structure sociale et politique, h\u00e9rit\u00e9e de l&rsquo;apartheid, en luttant contre le racisme institutionnalis\u00e9, la pauvret\u00e9 et les in\u00e9galit\u00e9s dans son pays, sa t\u00e2che la plus noble a \u00e9t\u00e9 la promotion de la r\u00e9conciliation sociale.<\/p>\n<p>Son histoire personnelle m&rsquo;a toujours \u00e9mue, sa capacit\u00e9 \u00e0 endurer ce que peu d&rsquo;entre nous ont pu endurer, son intelligence et surtout sa noblesse d&rsquo;\u00e2me pour parvenir \u00e0 pardonner \u00e0 ceux qui l&rsquo;ont maintenu en prison pendant 27 ans, un exemple qui a conduit \u00e0 la r\u00e9conciliation de son pays, l&rsquo;Afrique du Sud.<\/p>\n<p>Il est consid\u00e9r\u00e9 comme une figure aim\u00e9e et respect\u00e9e et est connu sous son nom tribal d&rsquo;origine \u00ab Madiba \u00bb, qui signifie \u00ab P\u00e8re \u00bb.<\/p>\n<p>Sa mort a remis en circulation le po\u00e8me <em>Invictus<\/em> du po\u00e8te anglais William Ernest Henley, qui a aid\u00e9 Mandela \u00e0 supporter 27 ans de captivit\u00e9.<\/p>\n<p>En hommage \u00e0 sa m\u00e9moire, le voici :<\/p>\n<p>INVICTUS<\/p>\n<p>Dans les t\u00e9n\u00e8bres qui m\u2019enserrent,<br \/>\nNoires comme un puits o\u00f9 l\u2019on se noie,<br \/>\nJe rends gr\u00e2ce aux dieux quels qu\u2019ils soient,<br \/>\nPour mon \u00e2me invincible.<\/p>\n<p>Dans de cruelles circonstances,<br \/>\nJe n\u2019ai ni g\u00e9mi ni pleur\u00e9,<br \/>\nSous les coups du hasard,<br \/>\nMa t\u00eate saigne mais reste droite.<\/p>\n<p>En ce lieu de col\u00e8re et de pleurs,<br \/>\nSe profile l\u2019ombre de la mort,<br \/>\nEt bien que les ann\u00e9es menacent,<br \/>\nJe suis et je resterai sans peur.<\/p>\n<p>Aussi \u00e9troit soit le chemin,<br \/>\nNombreux les ch\u00e2timents inf\u00e2mes,<br \/>\nJe suis le ma\u00eetre de mon destin,<br \/>\nJe suis le capitaine de mon \u00e2me.<\/p>\n","protected":false},"excerpt":{"rendered":"<p>Le 5 d\u00e9cembre dernier, cela faisait neuf ans que Nelson Mandela \u00e9tait physiquement parti. De toutes les d\u00e9finitions que j&rsquo;ai lues, je m&rsquo;en tiendrai \u00e0 celle qui, \u00e0 mon avis, le d\u00e9finit dans sa qualit\u00e9 la plus exceptionnelle : \u00ab&hellip;<\/p>\n","protected":false},"author":1501,"featured_media":1698678,"comment_status":"closed","ping_status":"closed","sticky":false,"template":"","format":"standard","meta":{"footnotes":""},"categories":[83,11386,98],"tags":[8122],"class_list":["post-1698676","post","type-post","status-publish","format-standard","has-post-thumbnail","hentry","category-africa-fr","category-contenu-original","category-droits-de-lhomme","tag-nelson-mandela-fr"],"yoast_head":"<!-- This site is optimized with the Yoast SEO plugin v27.1.1 - https:\/\/yoast.com\/product\/yoast-seo-wordpress\/ -->\n<title>Nelson Mandela et la r\u00e9conciliation sociale<\/title>\n<meta name=\"description\" content=\"Le 5 d\u00e9cembre dernier, cela faisait neuf ans que Nelson Mandela \u00e9tait physiquement parti. De toutes les d\u00e9finitions que j&#039;ai lues, je m&#039;en tiendrai \u00e0\" \/>\n<meta name=\"robots\" content=\"index, follow, max-snippet:-1, max-image-preview:large, max-video-preview:-1\" \/>\n<link rel=\"canonical\" href=\"https:\/\/www.pressenza.com\/fr\/2022\/12\/nelson-mandela-et-la-reconciliation-sociale\/\" \/>\n<meta property=\"og:locale\" content=\"fr_FR\" \/>\n<meta property=\"og:type\" content=\"article\" \/>\n<meta property=\"og:title\" content=\"Nelson Mandela et la r\u00e9conciliation sociale\" \/>\n<meta property=\"og:description\" content=\"Le 5 d\u00e9cembre dernier, cela faisait neuf ans que Nelson Mandela \u00e9tait physiquement parti. De toutes les d\u00e9finitions que j&#039;ai lues, je m&#039;en tiendrai \u00e0\" \/>\n<meta property=\"og:url\" content=\"https:\/\/www.pressenza.com\/fr\/2022\/12\/nelson-mandela-et-la-reconciliation-sociale\/\" \/>\n<meta property=\"og:site_name\" content=\"Pressenza\" \/>\n<meta property=\"article:publisher\" content=\"https:\/\/www.facebook.com\/PressenzaItalia\" \/>\n<meta property=\"article:published_time\" content=\"2022-12-09T22:09:18+00:00\" \/>\n<meta property=\"article:modified_time\" content=\"2022-12-10T08:50:58+00:00\" \/>\n<meta property=\"og:image\" content=\"https:\/\/www.pressenza.com\/wp-content\/uploads\/2022\/12\/indice.jpeg\" \/>\n\t<meta property=\"og:image:width\" content=\"720\" \/>\n\t<meta property=\"og:image:height\" content=\"500\" \/>\n\t<meta property=\"og:image:type\" content=\"image\/jpeg\" \/>\n<meta name=\"author\" content=\"Rosi Bar\u00f3\" \/>\n<meta name=\"twitter:card\" content=\"summary_large_image\" \/>\n<meta name=\"twitter:creator\" content=\"@PressenzaIPA\" \/>\n<meta name=\"twitter:site\" content=\"@PressenzaIPA\" \/>\n<meta name=\"twitter:label1\" content=\"\u00c9crit par\" \/>\n\t<meta name=\"twitter:data1\" content=\"Rosi Bar\u00f3\" \/>\n\t<meta name=\"twitter:label2\" content=\"Dur\u00e9e de lecture estim\u00e9e\" \/>\n\t<meta name=\"twitter:data2\" content=\"2 minutes\" \/>\n<script type=\"application\/ld+json\" class=\"yoast-schema-graph\">{\"@context\":\"https:\/\/schema.org\",\"@graph\":[{\"@type\":\"Article\",\"@id\":\"https:\/\/www.pressenza.com\/fr\/2022\/12\/nelson-mandela-et-la-reconciliation-sociale\/#article\",\"isPartOf\":{\"@id\":\"https:\/\/www.pressenza.com\/fr\/2022\/12\/nelson-mandela-et-la-reconciliation-sociale\/\"},\"author\":{\"name\":\"Rosi Bar\u00f3\",\"@id\":\"https:\/\/www.pressenza.com\/fr\/#\/schema\/person\/564c0f4eee6bd521f5bf34f94dd4f4c6\"},\"headline\":\"Nelson Mandela et la r\u00e9conciliation sociale\",\"datePublished\":\"2022-12-09T22:09:18+00:00\",\"dateModified\":\"2022-12-10T08:50:58+00:00\",\"mainEntityOfPage\":{\"@id\":\"https:\/\/www.pressenza.com\/fr\/2022\/12\/nelson-mandela-et-la-reconciliation-sociale\/\"},\"wordCount\":332,\"publisher\":{\"@id\":\"https:\/\/www.pressenza.com\/fr\/#organization\"},\"image\":{\"@id\":\"https:\/\/www.pressenza.com\/fr\/2022\/12\/nelson-mandela-et-la-reconciliation-sociale\/#primaryimage\"},\"thumbnailUrl\":\"https:\/\/www.pressenza.com\/wp-content\/uploads\/2022\/12\/indice.jpeg\",\"keywords\":[\"Nelson Mandela\"],\"articleSection\":[\"Afrique\",\"Contenu Original\",\"Droits humains\"],\"inLanguage\":\"fr-FR\"},{\"@type\":\"WebPage\",\"@id\":\"https:\/\/www.pressenza.com\/fr\/2022\/12\/nelson-mandela-et-la-reconciliation-sociale\/\",\"url\":\"https:\/\/www.pressenza.com\/fr\/2022\/12\/nelson-mandela-et-la-reconciliation-sociale\/\",\"name\":\"Nelson Mandela et la r\u00e9conciliation sociale\",\"isPartOf\":{\"@id\":\"https:\/\/www.pressenza.com\/fr\/#website\"},\"primaryImageOfPage\":{\"@id\":\"https:\/\/www.pressenza.com\/fr\/2022\/12\/nelson-mandela-et-la-reconciliation-sociale\/#primaryimage\"},\"image\":{\"@id\":\"https:\/\/www.pressenza.com\/fr\/2022\/12\/nelson-mandela-et-la-reconciliation-sociale\/#primaryimage\"},\"thumbnailUrl\":\"https:\/\/www.pressenza.com\/wp-content\/uploads\/2022\/12\/indice.jpeg\",\"datePublished\":\"2022-12-09T22:09:18+00:00\",\"dateModified\":\"2022-12-10T08:50:58+00:00\",\"description\":\"Le 5 d\u00e9cembre dernier, cela faisait neuf ans que Nelson Mandela \u00e9tait physiquement parti. De toutes les d\u00e9finitions que j'ai lues, je m'en tiendrai \u00e0\",\"breadcrumb\":{\"@id\":\"https:\/\/www.pressenza.com\/fr\/2022\/12\/nelson-mandela-et-la-reconciliation-sociale\/#breadcrumb\"},\"inLanguage\":\"fr-FR\",\"potentialAction\":[{\"@type\":\"ReadAction\",\"target\":[\"https:\/\/www.pressenza.com\/fr\/2022\/12\/nelson-mandela-et-la-reconciliation-sociale\/\"]}]},{\"@type\":\"ImageObject\",\"inLanguage\":\"fr-FR\",\"@id\":\"https:\/\/www.pressenza.com\/fr\/2022\/12\/nelson-mandela-et-la-reconciliation-sociale\/#primaryimage\",\"url\":\"https:\/\/www.pressenza.com\/wp-content\/uploads\/2022\/12\/indice.jpeg\",\"contentUrl\":\"https:\/\/www.pressenza.com\/wp-content\/uploads\/2022\/12\/indice.jpeg\",\"width\":720,\"height\":500},{\"@type\":\"BreadcrumbList\",\"@id\":\"https:\/\/www.pressenza.com\/fr\/2022\/12\/nelson-mandela-et-la-reconciliation-sociale\/#breadcrumb\",\"itemListElement\":[{\"@type\":\"ListItem\",\"position\":1,\"name\":\"Accueil\",\"item\":\"https:\/\/www.pressenza.com\/fr\/\"},{\"@type\":\"ListItem\",\"position\":2,\"name\":\"Nelson Mandela et la r\u00e9conciliation sociale\"}]},{\"@type\":\"WebSite\",\"@id\":\"https:\/\/www.pressenza.com\/fr\/#website\",\"url\":\"https:\/\/www.pressenza.com\/fr\/\",\"name\":\"Pressenza\",\"description\":\"International Press Agency\",\"publisher\":{\"@id\":\"https:\/\/www.pressenza.com\/fr\/#organization\"},\"potentialAction\":[{\"@type\":\"SearchAction\",\"target\":{\"@type\":\"EntryPoint\",\"urlTemplate\":\"https:\/\/www.pressenza.com\/fr\/?s={search_term_string}\"},\"query-input\":{\"@type\":\"PropertyValueSpecification\",\"valueRequired\":true,\"valueName\":\"search_term_string\"}}],\"inLanguage\":\"fr-FR\"},{\"@type\":\"Organization\",\"@id\":\"https:\/\/www.pressenza.com\/fr\/#organization\",\"name\":\"Pressenza\",\"url\":\"https:\/\/www.pressenza.com\/fr\/\",\"logo\":{\"@type\":\"ImageObject\",\"inLanguage\":\"fr-FR\",\"@id\":\"https:\/\/www.pressenza.com\/fr\/#\/schema\/logo\/image\/\",\"url\":\"https:\/\/www.pressenza.com\/wp-content\/uploads\/2022\/10\/pressenza_logo_200x200.jpg\",\"contentUrl\":\"https:\/\/www.pressenza.com\/wp-content\/uploads\/2022\/10\/pressenza_logo_200x200.jpg\",\"width\":200,\"height\":200,\"caption\":\"Pressenza\"},\"image\":{\"@id\":\"https:\/\/www.pressenza.com\/fr\/#\/schema\/logo\/image\/\"},\"sameAs\":[\"https:\/\/www.facebook.com\/PressenzaItalia\",\"https:\/\/x.com\/PressenzaIPA\"]},{\"@type\":\"Person\",\"@id\":\"https:\/\/www.pressenza.com\/fr\/#\/schema\/person\/564c0f4eee6bd521f5bf34f94dd4f4c6\",\"name\":\"Rosi Bar\u00f3\",\"description\":\"Radicada en Venezuela, de formaci\u00f3n Silo\u00edsta y Humanista, ha vivido y apoya el proceso de la Revoluci\u00f3n Bolivariana desde su comienzo. Actualmente participa en el Consejo Local de Abastecimiento y Producci\u00f3n (CLAP) de su zona.\",\"url\":\"https:\/\/www.pressenza.com\/fr\/author\/rosi-baro\/\"}]}<\/script>\n<!-- \/ Yoast SEO plugin. -->","yoast_head_json":{"title":"Nelson Mandela et la r\u00e9conciliation sociale","description":"Le 5 d\u00e9cembre dernier, cela faisait neuf ans que Nelson Mandela \u00e9tait physiquement parti. De toutes les d\u00e9finitions que j'ai lues, je m'en tiendrai \u00e0","robots":{"index":"index","follow":"follow","max-snippet":"max-snippet:-1","max-image-preview":"max-image-preview:large","max-video-preview":"max-video-preview:-1"},"canonical":"https:\/\/www.pressenza.com\/fr\/2022\/12\/nelson-mandela-et-la-reconciliation-sociale\/","og_locale":"fr_FR","og_type":"article","og_title":"Nelson Mandela et la r\u00e9conciliation sociale","og_description":"Le 5 d\u00e9cembre dernier, cela faisait neuf ans que Nelson Mandela \u00e9tait physiquement parti. De toutes les d\u00e9finitions que j'ai lues, je m'en tiendrai \u00e0","og_url":"https:\/\/www.pressenza.com\/fr\/2022\/12\/nelson-mandela-et-la-reconciliation-sociale\/","og_site_name":"Pressenza","article_publisher":"https:\/\/www.facebook.com\/PressenzaItalia","article_published_time":"2022-12-09T22:09:18+00:00","article_modified_time":"2022-12-10T08:50:58+00:00","og_image":[{"width":720,"height":500,"url":"https:\/\/www.pressenza.com\/wp-content\/uploads\/2022\/12\/indice.jpeg","type":"image\/jpeg"}],"author":"Rosi Bar\u00f3","twitter_card":"summary_large_image","twitter_creator":"@PressenzaIPA","twitter_site":"@PressenzaIPA","twitter_misc":{"\u00c9crit par":"Rosi Bar\u00f3","Dur\u00e9e de lecture estim\u00e9e":"2 minutes"},"schema":{"@context":"https:\/\/schema.org","@graph":[{"@type":"Article","@id":"https:\/\/www.pressenza.com\/fr\/2022\/12\/nelson-mandela-et-la-reconciliation-sociale\/#article","isPartOf":{"@id":"https:\/\/www.pressenza.com\/fr\/2022\/12\/nelson-mandela-et-la-reconciliation-sociale\/"},"author":{"name":"Rosi Bar\u00f3","@id":"https:\/\/www.pressenza.com\/fr\/#\/schema\/person\/564c0f4eee6bd521f5bf34f94dd4f4c6"},"headline":"Nelson Mandela et la r\u00e9conciliation sociale","datePublished":"2022-12-09T22:09:18+00:00","dateModified":"2022-12-10T08:50:58+00:00","mainEntityOfPage":{"@id":"https:\/\/www.pressenza.com\/fr\/2022\/12\/nelson-mandela-et-la-reconciliation-sociale\/"},"wordCount":332,"publisher":{"@id":"https:\/\/www.pressenza.com\/fr\/#organization"},"image":{"@id":"https:\/\/www.pressenza.com\/fr\/2022\/12\/nelson-mandela-et-la-reconciliation-sociale\/#primaryimage"},"thumbnailUrl":"https:\/\/www.pressenza.com\/wp-content\/uploads\/2022\/12\/indice.jpeg","keywords":["Nelson Mandela"],"articleSection":["Afrique","Contenu Original","Droits humains"],"inLanguage":"fr-FR"},{"@type":"WebPage","@id":"https:\/\/www.pressenza.com\/fr\/2022\/12\/nelson-mandela-et-la-reconciliation-sociale\/","url":"https:\/\/www.pressenza.com\/fr\/2022\/12\/nelson-mandela-et-la-reconciliation-sociale\/","name":"Nelson Mandela et la r\u00e9conciliation sociale","isPartOf":{"@id":"https:\/\/www.pressenza.com\/fr\/#website"},"primaryImageOfPage":{"@id":"https:\/\/www.pressenza.com\/fr\/2022\/12\/nelson-mandela-et-la-reconciliation-sociale\/#primaryimage"},"image":{"@id":"https:\/\/www.pressenza.com\/fr\/2022\/12\/nelson-mandela-et-la-reconciliation-sociale\/#primaryimage"},"thumbnailUrl":"https:\/\/www.pressenza.com\/wp-content\/uploads\/2022\/12\/indice.jpeg","datePublished":"2022-12-09T22:09:18+00:00","dateModified":"2022-12-10T08:50:58+00:00","description":"Le 5 d\u00e9cembre dernier, cela faisait neuf ans que Nelson Mandela \u00e9tait physiquement parti. De toutes les d\u00e9finitions que j'ai lues, je m'en tiendrai \u00e0","breadcrumb":{"@id":"https:\/\/www.pressenza.com\/fr\/2022\/12\/nelson-mandela-et-la-reconciliation-sociale\/#breadcrumb"},"inLanguage":"fr-FR","potentialAction":[{"@type":"ReadAction","target":["https:\/\/www.pressenza.com\/fr\/2022\/12\/nelson-mandela-et-la-reconciliation-sociale\/"]}]},{"@type":"ImageObject","inLanguage":"fr-FR","@id":"https:\/\/www.pressenza.com\/fr\/2022\/12\/nelson-mandela-et-la-reconciliation-sociale\/#primaryimage","url":"https:\/\/www.pressenza.com\/wp-content\/uploads\/2022\/12\/indice.jpeg","contentUrl":"https:\/\/www.pressenza.com\/wp-content\/uploads\/2022\/12\/indice.jpeg","width":720,"height":500},{"@type":"BreadcrumbList","@id":"https:\/\/www.pressenza.com\/fr\/2022\/12\/nelson-mandela-et-la-reconciliation-sociale\/#breadcrumb","itemListElement":[{"@type":"ListItem","position":1,"name":"Accueil","item":"https:\/\/www.pressenza.com\/fr\/"},{"@type":"ListItem","position":2,"name":"Nelson Mandela et la r\u00e9conciliation sociale"}]},{"@type":"WebSite","@id":"https:\/\/www.pressenza.com\/fr\/#website","url":"https:\/\/www.pressenza.com\/fr\/","name":"Pressenza","description":"International Press Agency","publisher":{"@id":"https:\/\/www.pressenza.com\/fr\/#organization"},"potentialAction":[{"@type":"SearchAction","target":{"@type":"EntryPoint","urlTemplate":"https:\/\/www.pressenza.com\/fr\/?s={search_term_string}"},"query-input":{"@type":"PropertyValueSpecification","valueRequired":true,"valueName":"search_term_string"}}],"inLanguage":"fr-FR"},{"@type":"Organization","@id":"https:\/\/www.pressenza.com\/fr\/#organization","name":"Pressenza","url":"https:\/\/www.pressenza.com\/fr\/","logo":{"@type":"ImageObject","inLanguage":"fr-FR","@id":"https:\/\/www.pressenza.com\/fr\/#\/schema\/logo\/image\/","url":"https:\/\/www.pressenza.com\/wp-content\/uploads\/2022\/10\/pressenza_logo_200x200.jpg","contentUrl":"https:\/\/www.pressenza.com\/wp-content\/uploads\/2022\/10\/pressenza_logo_200x200.jpg","width":200,"height":200,"caption":"Pressenza"},"image":{"@id":"https:\/\/www.pressenza.com\/fr\/#\/schema\/logo\/image\/"},"sameAs":["https:\/\/www.facebook.com\/PressenzaItalia","https:\/\/x.com\/PressenzaIPA"]},{"@type":"Person","@id":"https:\/\/www.pressenza.com\/fr\/#\/schema\/person\/564c0f4eee6bd521f5bf34f94dd4f4c6","name":"Rosi Bar\u00f3","description":"Radicada en Venezuela, de formaci\u00f3n Silo\u00edsta y Humanista, ha vivido y apoya el proceso de la Revoluci\u00f3n Bolivariana desde su comienzo. Actualmente participa en el Consejo Local de Abastecimiento y Producci\u00f3n (CLAP) de su zona.","url":"https:\/\/www.pressenza.com\/fr\/author\/rosi-baro\/"}]}},"place":"Caracas, Venezuela","original_article_url":"","_links":{"self":[{"href":"https:\/\/www.pressenza.com\/fr\/wp-json\/wp\/v2\/posts\/1698676","targetHints":{"allow":["GET"]}}],"collection":[{"href":"https:\/\/www.pressenza.com\/fr\/wp-json\/wp\/v2\/posts"}],"about":[{"href":"https:\/\/www.pressenza.com\/fr\/wp-json\/wp\/v2\/types\/post"}],"author":[{"embeddable":true,"href":"https:\/\/www.pressenza.com\/fr\/wp-json\/wp\/v2\/users\/1501"}],"replies":[{"embeddable":true,"href":"https:\/\/www.pressenza.com\/fr\/wp-json\/wp\/v2\/comments?post=1698676"}],"version-history":[{"count":0,"href":"https:\/\/www.pressenza.com\/fr\/wp-json\/wp\/v2\/posts\/1698676\/revisions"}],"wp:featuredmedia":[{"embeddable":true,"href":"https:\/\/www.pressenza.com\/fr\/wp-json\/wp\/v2\/media\/1698678"}],"wp:attachment":[{"href":"https:\/\/www.pressenza.com\/fr\/wp-json\/wp\/v2\/media?parent=1698676"}],"wp:term":[{"taxonomy":"category","embeddable":true,"href":"https:\/\/www.pressenza.com\/fr\/wp-json\/wp\/v2\/categories?post=1698676"},{"taxonomy":"post_tag","embeddable":true,"href":"https:\/\/www.pressenza.com\/fr\/wp-json\/wp\/v2\/tags?post=1698676"}],"curies":[{"name":"wp","href":"https:\/\/api.w.org\/{rel}","templated":true}]}}