{"id":1697370,"date":"2022-12-02T23:18:07","date_gmt":"2022-12-02T23:18:07","guid":{"rendered":"https:\/\/www.pressenza.com\/?p=1697370"},"modified":"2022-12-02T23:18:07","modified_gmt":"2022-12-02T23:18:07","slug":"les-feminismes-sensibles-vont-transformer-le-monde","status":"publish","type":"post","link":"https:\/\/www.pressenza.com\/fr\/2022\/12\/les-feminismes-sensibles-vont-transformer-le-monde\/","title":{"rendered":"Les f\u00e9minismes sensibles vont transformer le monde"},"content":{"rendered":"<p>Le contact entre femmes, quand elles sont ensemble, \u00e0 partir d&rsquo;un \u00e9tat de sensibilit\u00e9, fait changer le monde. J&rsquo;en fais l&rsquo;exp\u00e9rience lorsque nous nous r\u00e9unissons, parlons et commen\u00e7ons \u00e0 agir dans le monde. Je commence alors \u00e0 me demander : qu&rsquo;est-ce que la sensibilit\u00e9 pour moi, et comment se construit-elle ou se nourrit-elle ? Exer\u00e7ons-nous la sensibilit\u00e9 au-del\u00e0 de ce que nous appelons \u00ab\u00a0le sensible\u00a0\u00bb ? Comment se transformer en quelque chose que nous ne pouvons pas encore imaginer ?<\/p>\n<p>J&rsquo;ai envie que la sensibilit\u00e9 nous guide pour r\u00e9volutionner le monde. Un d\u00e9sir qui se sent fort, palpitant, \u00e0 l&rsquo;int\u00e9rieur, il hurle. Peut-\u00eatre que la sensibilit\u00e9 dont je parle est cach\u00e9e, peut-\u00eatre que nous n&rsquo;osons pas l&rsquo;exercer ; mais que se passe-t-il si le mandat patriarcal est si fort que nous pensons qu&rsquo;il n&rsquo;est pas bon de le rendre visible et de l&rsquo;exercer ?<\/p>\n<p>Cette civilisation patriarcale nous affecte : nous avons appris dans un monde de valeurs, de comp\u00e9tences et de hi\u00e9rarchies. Ces pratiques que nous avons institu\u00e9es chez les femmes, consistant \u00e0 nous mettre en concurrence et \u00e0 nous maltraiter, sont des pratiques de survie, car si nous ne respectons pas le monde patriarcal, nous sommes brutalement discrimin\u00e9es. Nous nous battons avec d&rsquo;autres femmes parce que nous ne pouvons pas rivaliser avec les hommes ; mais dans l&rsquo;intimit\u00e9, toute cette comp\u00e9tition, toute cette action ext\u00e9rieure est li\u00e9e \u00e0 notre propre manque de confiance et d&rsquo;estime de soi, qui nous am\u00e8ne \u00e0 douter constamment de notre potentiel. Ces attitudes font que nous avons un regard biais\u00e9 sur les autres femmes, une difficult\u00e9 \u00e0 les appr\u00e9cier, car le regard des autres et les apparences sont toujours au-dessus de nous. Nous vivons dans deux mondes, car nous devons aussi \u00eatre des m\u00e8res parfaites, des femmes au foyer, des wonder women (des femmes merveilleuses), entre autres r\u00f4les que le syst\u00e8me nous enseigne pour cette vie. Ainsi, les exp\u00e9riences de vie deviennent superficielles.<\/p>\n<p>Le manque de sensibilit\u00e9 est li\u00e9 au monde patriarcal que nous avons \u00e9galement exerc\u00e9 avec les autres, y compris avec les enfants. Il y a toujours une attitude m\u00e9prisante \u00e0 l&rsquo;\u00e9gard des d\u00e9marches des femmes. La peur et la crainte nous font perdre notre sensibilit\u00e9. Nous faisons tout par peur, nous portons la peur en nous tout le temps.<\/p>\n<p>Lorsqu&rsquo;une amie a parl\u00e9 en critiquant une autre femme, j&rsquo;essayais de ressentir le manque de sensibilit\u00e9 dans les relations personnelles. Je pense que nous nous soucions peu de ce que l&rsquo;autre femme ressent, ce qui peut conduire \u00e0 une rupture dans la relation. Nous devons amener cela dans le dialogue pour que cela apparaisse parmi nous, pour qu&rsquo;un nouveau type de sensibilit\u00e9 apparaisse parmi les femmes. Nous sommes toutes impliqu\u00e9es dans ces comportements patriarcaux occidentaux comp\u00e9titifs et violents. Se mettre \u00e0 la place de l&rsquo;autre comme une pratique intentionnelle, c&rsquo;est aussi se mettre \u00e0 la place que nous devons nous donner.<\/p>\n<p>Je veux comprendre et me mettre \u00e0 la place de celles qui sont transgressives, anticonformistes, blas\u00e9es, incomprises, mal \u00e0 l&rsquo;aise, insatisfaites, intempestives, irr\u00e9v\u00e9rencieuses, incorrigibles et incontr\u00f4lables, ainsi que de celles qui sont conservatrices, traditionnelles et conformistes, lorsqu&rsquo;elles ne veulent rien changer.<\/p>\n<p>\u00ab\u00a0La sororit\u00e9 est puissante.\u00a0\u00bb Nous pouvons tisser des sensibilit\u00e9s en ouvrant les espaces, l&rsquo;esprit, le corps, le c\u0153ur, en exp\u00e9rimentant sans crainte cette sensibilit\u00e9 qui est li\u00e9e \u00e0 notre histoire, \u00e0 notre registre perceptif, subjectif et singulier. Nous faisons partie d&rsquo;une individualit\u00e9 qui cr\u00e9e une communaut\u00e9, nous ne nous enregistrons plus s\u00e9par\u00e9ment, et c&rsquo;est un sentiment de sensibilit\u00e9 \u00e9cologique du monde dont nous faisons partie.<\/p>\n<p>Si je suis sensible, je suis plus ouverte \u00e0 la compr\u00e9hension des autres. La sensibilit\u00e9 est une forme d&rsquo;intelligence, un nouvel \u00e9tat de conscience. Il est possible de valider et de permettre le sensible dans le quotidien comme un pouvoir et une force de combat, voire comme un outil.<\/p>\n<p>On la ressent davantage lors de dialogues intenses, d&rsquo;\u00e9treintes profondes, lorsqu&rsquo;elle rayonne de joie, concocte des gentillesses, lorsqu&rsquo;on a le courage de la montrer et qu&rsquo;on r\u00e9siste \u00e0 l&rsquo;offense. Il n&rsquo;y a pas de raisons, il y a des sentiments.<\/p>\n<p>Il est n\u00e9cessaire d&rsquo;aller au-del\u00e0 des limites autoris\u00e9es.<\/p>\n<p>S&rsquo;affranchir des limites impos\u00e9es.<\/p>\n<p>Il le faut, nous voil\u00e0 parties, volant heureuses, croyant que c&rsquo;est possible, que le monde nous \u00e9coutera, que nous pouvons regarder le soleil et sentir sa chaleur quand nous y croyons, que les \u00e9toiles brillent davantage, que les tournesols se retournent pour nous voir parce qu&rsquo;il y a tant de lumi\u00e8re, que les oiseaux chantent et nous disent que nous sommes sur le bon chemin.<\/p>\n<p>Nous y allons, nous transformant les unes les autres afin que la compassion pour chacune d&rsquo;entre nous soit toujours pr\u00e9sente. On y va, \u00e0 la h\u00e2te, en se heurtant les unes aux autres, on veut que ce soit maintenant. Nous faisons irruption, nous nous convoquons, nous construisons des m\u00e9taphores aimables avec la force de nos d\u00e9sirs. Nous nous tissons ensemble, quelle que soit la couleur, quel que soit l&rsquo;\u00e2ge. Nous ne voyons pas les diff\u00e9rences, mais nous ne les ressentons pas non plus. L&rsquo;espoir nous pousse \u00e0 sortir de ce monde absurde et gris\u00e2tre. On y va, \u00e9chevel\u00e9es, en d\u00e9sordre, avec des chaussures us\u00e9es, comme on peut, on y va, on se rencontre, on chante, on danse, on se d\u00e9guise. Aujourd&rsquo;hui, nous sommes pr\u00eates \u00e0 tout. Pas de d\u00e9tours, pas de virages, pas de craintes.<\/p>\n<p>Un d\u00e9sir qui vient du plus profond de soi.<\/p>\n<p>&nbsp;<\/p>\n<p><em>Traduit de l\u2019espagnol par Evelyn Tischer<\/em><\/p>\n","protected":false},"excerpt":{"rendered":"<p>Le contact entre femmes, quand elles sont ensemble, \u00e0 partir d&rsquo;un \u00e9tat de sensibilit\u00e9, fait changer le monde. J&rsquo;en fais l&rsquo;exp\u00e9rience lorsque nous nous r\u00e9unissons, parlons et commen\u00e7ons \u00e0 agir dans le monde. Je commence alors \u00e0 me demander :&hellip;<\/p>\n","protected":false},"author":1782,"featured_media":1697374,"comment_status":"closed","ping_status":"closed","sticky":false,"template":"","format":"standard","meta":{"footnotes":""},"categories":[86,11386,54509,163],"tags":[65964,1600,1335,2878],"class_list":["post-1697370","post","type-post","status-publish","format-standard","has-post-thumbnail","hentry","category-amerique-du-sud","category-contenu-original","category-genre-et-feminismes","category-opinion-fr","tag-feminismes","tag-femmes","tag-sensibilite","tag-transformation"],"yoast_head":"<!-- This site is optimized with the Yoast SEO plugin v27.1.1 - https:\/\/yoast.com\/product\/yoast-seo-wordpress\/ -->\n<title>Les f\u00e9minismes sensibles vont transformer le monde<\/title>\n<meta name=\"description\" content=\"Le contact entre femmes, quand elles sont ensemble, \u00e0 partir d&#039;un \u00e9tat de sensibilit\u00e9, fait changer le monde. J&#039;en fais l&#039;exp\u00e9rience lorsque nous nous\" \/>\n<meta name=\"robots\" content=\"index, follow, max-snippet:-1, max-image-preview:large, max-video-preview:-1\" \/>\n<link rel=\"canonical\" href=\"https:\/\/www.pressenza.com\/fr\/2022\/12\/les-feminismes-sensibles-vont-transformer-le-monde\/\" \/>\n<meta property=\"og:locale\" content=\"fr_FR\" \/>\n<meta property=\"og:type\" content=\"article\" \/>\n<meta property=\"og:title\" content=\"Les f\u00e9minismes sensibles vont transformer le monde\" \/>\n<meta property=\"og:description\" content=\"Le contact entre femmes, quand elles sont ensemble, \u00e0 partir d&#039;un \u00e9tat de sensibilit\u00e9, fait changer le monde. J&#039;en fais l&#039;exp\u00e9rience lorsque nous nous\" \/>\n<meta property=\"og:url\" content=\"https:\/\/www.pressenza.com\/fr\/2022\/12\/les-feminismes-sensibles-vont-transformer-le-monde\/\" \/>\n<meta property=\"og:site_name\" content=\"Pressenza\" \/>\n<meta property=\"article:publisher\" content=\"https:\/\/www.facebook.com\/PressenzaItalia\" \/>\n<meta property=\"article:published_time\" content=\"2022-12-02T23:18:07+00:00\" \/>\n<meta property=\"og:image\" content=\"https:\/\/www.pressenza.com\/wp-content\/uploads\/2022\/11\/Stefan-Keller-en-Pixabay.jpg\" \/>\n\t<meta property=\"og:image:width\" content=\"960\" \/>\n\t<meta property=\"og:image:height\" content=\"441\" \/>\n\t<meta property=\"og:image:type\" content=\"image\/jpeg\" \/>\n<meta name=\"author\" content=\"Esther Amelia Delvenne\" \/>\n<meta name=\"twitter:card\" content=\"summary_large_image\" \/>\n<meta name=\"twitter:creator\" content=\"@PressenzaIPA\" \/>\n<meta name=\"twitter:site\" content=\"@PressenzaIPA\" \/>\n<meta name=\"twitter:label1\" content=\"\u00c9crit par\" \/>\n\t<meta name=\"twitter:data1\" content=\"Esther Amelia Delvenne\" \/>\n\t<meta name=\"twitter:label2\" content=\"Dur\u00e9e de lecture estim\u00e9e\" \/>\n\t<meta name=\"twitter:data2\" content=\"5 minutes\" \/>\n<script type=\"application\/ld+json\" class=\"yoast-schema-graph\">{\"@context\":\"https:\/\/schema.org\",\"@graph\":[{\"@type\":\"Article\",\"@id\":\"https:\/\/www.pressenza.com\/fr\/2022\/12\/les-feminismes-sensibles-vont-transformer-le-monde\/#article\",\"isPartOf\":{\"@id\":\"https:\/\/www.pressenza.com\/fr\/2022\/12\/les-feminismes-sensibles-vont-transformer-le-monde\/\"},\"author\":{\"name\":\"Esther Amelia Delvenne\",\"@id\":\"https:\/\/www.pressenza.com\/fr\/#\/schema\/person\/9a744165a2bd1a5de9b92bf6e15e9482\"},\"headline\":\"Les f\u00e9minismes sensibles vont transformer le monde\",\"datePublished\":\"2022-12-02T23:18:07+00:00\",\"mainEntityOfPage\":{\"@id\":\"https:\/\/www.pressenza.com\/fr\/2022\/12\/les-feminismes-sensibles-vont-transformer-le-monde\/\"},\"wordCount\":980,\"publisher\":{\"@id\":\"https:\/\/www.pressenza.com\/fr\/#organization\"},\"image\":{\"@id\":\"https:\/\/www.pressenza.com\/fr\/2022\/12\/les-feminismes-sensibles-vont-transformer-le-monde\/#primaryimage\"},\"thumbnailUrl\":\"https:\/\/www.pressenza.com\/wp-content\/uploads\/2022\/11\/Stefan-Keller-en-Pixabay.jpg\",\"keywords\":[\"f\u00e9minismes\",\"femmes\",\"sensibilit\u00e9\",\"transformation\"],\"articleSection\":[\"Am\u00e9rique du Sud\",\"Contenu Original\",\"Genre et f\u00e9minismes\",\"Opinion\"],\"inLanguage\":\"fr-FR\"},{\"@type\":\"WebPage\",\"@id\":\"https:\/\/www.pressenza.com\/fr\/2022\/12\/les-feminismes-sensibles-vont-transformer-le-monde\/\",\"url\":\"https:\/\/www.pressenza.com\/fr\/2022\/12\/les-feminismes-sensibles-vont-transformer-le-monde\/\",\"name\":\"Les f\u00e9minismes sensibles vont transformer le monde\",\"isPartOf\":{\"@id\":\"https:\/\/www.pressenza.com\/fr\/#website\"},\"primaryImageOfPage\":{\"@id\":\"https:\/\/www.pressenza.com\/fr\/2022\/12\/les-feminismes-sensibles-vont-transformer-le-monde\/#primaryimage\"},\"image\":{\"@id\":\"https:\/\/www.pressenza.com\/fr\/2022\/12\/les-feminismes-sensibles-vont-transformer-le-monde\/#primaryimage\"},\"thumbnailUrl\":\"https:\/\/www.pressenza.com\/wp-content\/uploads\/2022\/11\/Stefan-Keller-en-Pixabay.jpg\",\"datePublished\":\"2022-12-02T23:18:07+00:00\",\"description\":\"Le contact entre femmes, quand elles sont ensemble, \u00e0 partir d'un \u00e9tat de sensibilit\u00e9, fait changer le monde. J'en fais l'exp\u00e9rience lorsque nous nous\",\"breadcrumb\":{\"@id\":\"https:\/\/www.pressenza.com\/fr\/2022\/12\/les-feminismes-sensibles-vont-transformer-le-monde\/#breadcrumb\"},\"inLanguage\":\"fr-FR\",\"potentialAction\":[{\"@type\":\"ReadAction\",\"target\":[\"https:\/\/www.pressenza.com\/fr\/2022\/12\/les-feminismes-sensibles-vont-transformer-le-monde\/\"]}]},{\"@type\":\"ImageObject\",\"inLanguage\":\"fr-FR\",\"@id\":\"https:\/\/www.pressenza.com\/fr\/2022\/12\/les-feminismes-sensibles-vont-transformer-le-monde\/#primaryimage\",\"url\":\"https:\/\/www.pressenza.com\/wp-content\/uploads\/2022\/11\/Stefan-Keller-en-Pixabay.jpg\",\"contentUrl\":\"https:\/\/www.pressenza.com\/wp-content\/uploads\/2022\/11\/Stefan-Keller-en-Pixabay.jpg\",\"width\":960,\"height\":441},{\"@type\":\"BreadcrumbList\",\"@id\":\"https:\/\/www.pressenza.com\/fr\/2022\/12\/les-feminismes-sensibles-vont-transformer-le-monde\/#breadcrumb\",\"itemListElement\":[{\"@type\":\"ListItem\",\"position\":1,\"name\":\"Accueil\",\"item\":\"https:\/\/www.pressenza.com\/fr\/\"},{\"@type\":\"ListItem\",\"position\":2,\"name\":\"Les f\u00e9minismes sensibles vont transformer le monde\"}]},{\"@type\":\"WebSite\",\"@id\":\"https:\/\/www.pressenza.com\/fr\/#website\",\"url\":\"https:\/\/www.pressenza.com\/fr\/\",\"name\":\"Pressenza\",\"description\":\"International Press Agency\",\"publisher\":{\"@id\":\"https:\/\/www.pressenza.com\/fr\/#organization\"},\"potentialAction\":[{\"@type\":\"SearchAction\",\"target\":{\"@type\":\"EntryPoint\",\"urlTemplate\":\"https:\/\/www.pressenza.com\/fr\/?s={search_term_string}\"},\"query-input\":{\"@type\":\"PropertyValueSpecification\",\"valueRequired\":true,\"valueName\":\"search_term_string\"}}],\"inLanguage\":\"fr-FR\"},{\"@type\":\"Organization\",\"@id\":\"https:\/\/www.pressenza.com\/fr\/#organization\",\"name\":\"Pressenza\",\"url\":\"https:\/\/www.pressenza.com\/fr\/\",\"logo\":{\"@type\":\"ImageObject\",\"inLanguage\":\"fr-FR\",\"@id\":\"https:\/\/www.pressenza.com\/fr\/#\/schema\/logo\/image\/\",\"url\":\"https:\/\/www.pressenza.com\/wp-content\/uploads\/2022\/10\/pressenza_logo_200x200.jpg\",\"contentUrl\":\"https:\/\/www.pressenza.com\/wp-content\/uploads\/2022\/10\/pressenza_logo_200x200.jpg\",\"width\":200,\"height\":200,\"caption\":\"Pressenza\"},\"image\":{\"@id\":\"https:\/\/www.pressenza.com\/fr\/#\/schema\/logo\/image\/\"},\"sameAs\":[\"https:\/\/www.facebook.com\/PressenzaItalia\",\"https:\/\/x.com\/PressenzaIPA\"]},{\"@type\":\"Person\",\"@id\":\"https:\/\/www.pressenza.com\/fr\/#\/schema\/person\/9a744165a2bd1a5de9b92bf6e15e9482\",\"name\":\"Esther Amelia Delvenne\",\"description\":\"Participante del Movimiento Siloista desde 1973, militante en varios pa\u00edses de Latinoam\u00e9rica. Dedicada a investigar y trabajar por el tema de la Mujer. Particip\u00f3 en varios Congresos internacionales, regionales y de Argentina como Miembro del Movimiento Humanista. Naci\u00f3 en 1953), vive en Argentina. estherdelvenne@gmail.com https:\/\/estherdelvenne.blogspot.com\/\",\"url\":\"https:\/\/www.pressenza.com\/fr\/author\/esther-delvenne\/\"}]}<\/script>\n<!-- \/ Yoast SEO plugin. -->","yoast_head_json":{"title":"Les f\u00e9minismes sensibles vont transformer le monde","description":"Le contact entre femmes, quand elles sont ensemble, \u00e0 partir d'un \u00e9tat de sensibilit\u00e9, fait changer le monde. J'en fais l'exp\u00e9rience lorsque nous nous","robots":{"index":"index","follow":"follow","max-snippet":"max-snippet:-1","max-image-preview":"max-image-preview:large","max-video-preview":"max-video-preview:-1"},"canonical":"https:\/\/www.pressenza.com\/fr\/2022\/12\/les-feminismes-sensibles-vont-transformer-le-monde\/","og_locale":"fr_FR","og_type":"article","og_title":"Les f\u00e9minismes sensibles vont transformer le monde","og_description":"Le contact entre femmes, quand elles sont ensemble, \u00e0 partir d'un \u00e9tat de sensibilit\u00e9, fait changer le monde. J'en fais l'exp\u00e9rience lorsque nous nous","og_url":"https:\/\/www.pressenza.com\/fr\/2022\/12\/les-feminismes-sensibles-vont-transformer-le-monde\/","og_site_name":"Pressenza","article_publisher":"https:\/\/www.facebook.com\/PressenzaItalia","article_published_time":"2022-12-02T23:18:07+00:00","og_image":[{"width":960,"height":441,"url":"https:\/\/www.pressenza.com\/wp-content\/uploads\/2022\/11\/Stefan-Keller-en-Pixabay.jpg","type":"image\/jpeg"}],"author":"Esther Amelia Delvenne","twitter_card":"summary_large_image","twitter_creator":"@PressenzaIPA","twitter_site":"@PressenzaIPA","twitter_misc":{"\u00c9crit par":"Esther Amelia Delvenne","Dur\u00e9e de lecture estim\u00e9e":"5 minutes"},"schema":{"@context":"https:\/\/schema.org","@graph":[{"@type":"Article","@id":"https:\/\/www.pressenza.com\/fr\/2022\/12\/les-feminismes-sensibles-vont-transformer-le-monde\/#article","isPartOf":{"@id":"https:\/\/www.pressenza.com\/fr\/2022\/12\/les-feminismes-sensibles-vont-transformer-le-monde\/"},"author":{"name":"Esther Amelia Delvenne","@id":"https:\/\/www.pressenza.com\/fr\/#\/schema\/person\/9a744165a2bd1a5de9b92bf6e15e9482"},"headline":"Les f\u00e9minismes sensibles vont transformer le monde","datePublished":"2022-12-02T23:18:07+00:00","mainEntityOfPage":{"@id":"https:\/\/www.pressenza.com\/fr\/2022\/12\/les-feminismes-sensibles-vont-transformer-le-monde\/"},"wordCount":980,"publisher":{"@id":"https:\/\/www.pressenza.com\/fr\/#organization"},"image":{"@id":"https:\/\/www.pressenza.com\/fr\/2022\/12\/les-feminismes-sensibles-vont-transformer-le-monde\/#primaryimage"},"thumbnailUrl":"https:\/\/www.pressenza.com\/wp-content\/uploads\/2022\/11\/Stefan-Keller-en-Pixabay.jpg","keywords":["f\u00e9minismes","femmes","sensibilit\u00e9","transformation"],"articleSection":["Am\u00e9rique du Sud","Contenu Original","Genre et f\u00e9minismes","Opinion"],"inLanguage":"fr-FR"},{"@type":"WebPage","@id":"https:\/\/www.pressenza.com\/fr\/2022\/12\/les-feminismes-sensibles-vont-transformer-le-monde\/","url":"https:\/\/www.pressenza.com\/fr\/2022\/12\/les-feminismes-sensibles-vont-transformer-le-monde\/","name":"Les f\u00e9minismes sensibles vont transformer le monde","isPartOf":{"@id":"https:\/\/www.pressenza.com\/fr\/#website"},"primaryImageOfPage":{"@id":"https:\/\/www.pressenza.com\/fr\/2022\/12\/les-feminismes-sensibles-vont-transformer-le-monde\/#primaryimage"},"image":{"@id":"https:\/\/www.pressenza.com\/fr\/2022\/12\/les-feminismes-sensibles-vont-transformer-le-monde\/#primaryimage"},"thumbnailUrl":"https:\/\/www.pressenza.com\/wp-content\/uploads\/2022\/11\/Stefan-Keller-en-Pixabay.jpg","datePublished":"2022-12-02T23:18:07+00:00","description":"Le contact entre femmes, quand elles sont ensemble, \u00e0 partir d'un \u00e9tat de sensibilit\u00e9, fait changer le monde. J'en fais l'exp\u00e9rience lorsque nous nous","breadcrumb":{"@id":"https:\/\/www.pressenza.com\/fr\/2022\/12\/les-feminismes-sensibles-vont-transformer-le-monde\/#breadcrumb"},"inLanguage":"fr-FR","potentialAction":[{"@type":"ReadAction","target":["https:\/\/www.pressenza.com\/fr\/2022\/12\/les-feminismes-sensibles-vont-transformer-le-monde\/"]}]},{"@type":"ImageObject","inLanguage":"fr-FR","@id":"https:\/\/www.pressenza.com\/fr\/2022\/12\/les-feminismes-sensibles-vont-transformer-le-monde\/#primaryimage","url":"https:\/\/www.pressenza.com\/wp-content\/uploads\/2022\/11\/Stefan-Keller-en-Pixabay.jpg","contentUrl":"https:\/\/www.pressenza.com\/wp-content\/uploads\/2022\/11\/Stefan-Keller-en-Pixabay.jpg","width":960,"height":441},{"@type":"BreadcrumbList","@id":"https:\/\/www.pressenza.com\/fr\/2022\/12\/les-feminismes-sensibles-vont-transformer-le-monde\/#breadcrumb","itemListElement":[{"@type":"ListItem","position":1,"name":"Accueil","item":"https:\/\/www.pressenza.com\/fr\/"},{"@type":"ListItem","position":2,"name":"Les f\u00e9minismes sensibles vont transformer le monde"}]},{"@type":"WebSite","@id":"https:\/\/www.pressenza.com\/fr\/#website","url":"https:\/\/www.pressenza.com\/fr\/","name":"Pressenza","description":"International Press Agency","publisher":{"@id":"https:\/\/www.pressenza.com\/fr\/#organization"},"potentialAction":[{"@type":"SearchAction","target":{"@type":"EntryPoint","urlTemplate":"https:\/\/www.pressenza.com\/fr\/?s={search_term_string}"},"query-input":{"@type":"PropertyValueSpecification","valueRequired":true,"valueName":"search_term_string"}}],"inLanguage":"fr-FR"},{"@type":"Organization","@id":"https:\/\/www.pressenza.com\/fr\/#organization","name":"Pressenza","url":"https:\/\/www.pressenza.com\/fr\/","logo":{"@type":"ImageObject","inLanguage":"fr-FR","@id":"https:\/\/www.pressenza.com\/fr\/#\/schema\/logo\/image\/","url":"https:\/\/www.pressenza.com\/wp-content\/uploads\/2022\/10\/pressenza_logo_200x200.jpg","contentUrl":"https:\/\/www.pressenza.com\/wp-content\/uploads\/2022\/10\/pressenza_logo_200x200.jpg","width":200,"height":200,"caption":"Pressenza"},"image":{"@id":"https:\/\/www.pressenza.com\/fr\/#\/schema\/logo\/image\/"},"sameAs":["https:\/\/www.facebook.com\/PressenzaItalia","https:\/\/x.com\/PressenzaIPA"]},{"@type":"Person","@id":"https:\/\/www.pressenza.com\/fr\/#\/schema\/person\/9a744165a2bd1a5de9b92bf6e15e9482","name":"Esther Amelia Delvenne","description":"Participante del Movimiento Siloista desde 1973, militante en varios pa\u00edses de Latinoam\u00e9rica. Dedicada a investigar y trabajar por el tema de la Mujer. Particip\u00f3 en varios Congresos internacionales, regionales y de Argentina como Miembro del Movimiento Humanista. Naci\u00f3 en 1953), vive en Argentina. estherdelvenne@gmail.com https:\/\/estherdelvenne.blogspot.com\/","url":"https:\/\/www.pressenza.com\/fr\/author\/esther-delvenne\/"}]}},"place":"Buenos Aires, Argentine","original_article_url":"","_links":{"self":[{"href":"https:\/\/www.pressenza.com\/fr\/wp-json\/wp\/v2\/posts\/1697370","targetHints":{"allow":["GET"]}}],"collection":[{"href":"https:\/\/www.pressenza.com\/fr\/wp-json\/wp\/v2\/posts"}],"about":[{"href":"https:\/\/www.pressenza.com\/fr\/wp-json\/wp\/v2\/types\/post"}],"author":[{"embeddable":true,"href":"https:\/\/www.pressenza.com\/fr\/wp-json\/wp\/v2\/users\/1782"}],"replies":[{"embeddable":true,"href":"https:\/\/www.pressenza.com\/fr\/wp-json\/wp\/v2\/comments?post=1697370"}],"version-history":[{"count":0,"href":"https:\/\/www.pressenza.com\/fr\/wp-json\/wp\/v2\/posts\/1697370\/revisions"}],"wp:featuredmedia":[{"embeddable":true,"href":"https:\/\/www.pressenza.com\/fr\/wp-json\/wp\/v2\/media\/1697374"}],"wp:attachment":[{"href":"https:\/\/www.pressenza.com\/fr\/wp-json\/wp\/v2\/media?parent=1697370"}],"wp:term":[{"taxonomy":"category","embeddable":true,"href":"https:\/\/www.pressenza.com\/fr\/wp-json\/wp\/v2\/categories?post=1697370"},{"taxonomy":"post_tag","embeddable":true,"href":"https:\/\/www.pressenza.com\/fr\/wp-json\/wp\/v2\/tags?post=1697370"}],"curies":[{"name":"wp","href":"https:\/\/api.w.org\/{rel}","templated":true}]}}