{"id":1697228,"date":"2022-12-02T08:50:34","date_gmt":"2022-12-02T08:50:34","guid":{"rendered":"https:\/\/www.pressenza.com\/?p=1697228"},"modified":"2022-12-02T08:50:34","modified_gmt":"2022-12-02T08:50:34","slug":"architectes-des-nouveaux-mondes-retrouvons-nous-le-10-decembre-2022","status":"publish","type":"post","link":"https:\/\/www.pressenza.com\/fr\/2022\/12\/architectes-des-nouveaux-mondes-retrouvons-nous-le-10-decembre-2022\/","title":{"rendered":"Architectes des nouveaux mondes : retrouvons-nous le 10 d\u00e9cembre 2022 !"},"content":{"rendered":"<p>Entre r\u00e9sistance et choix de la libert\u00e9,<br \/>\nVers toujours plus d\u2019ouverture et de spiritualit\u00e9,<br \/>\nConsciences au c\u0153ur de l\u2019infini,<br \/>\nNous sommes en train de r\u00e9apprendre \u00e0 habiter le pr\u00e9sent de nos vies.<\/p>\n<p>Respirer consciemment et amplement,<br \/>\n\u00catre vivants pleinement, ici et maintenant, concr\u00e8tement et subtilement.<\/p>\n<p>Renaissent alors la joie et le plaisir de la cr\u00e9ativit\u00e9, pour nous r\u00e9inventer.<br \/>\nEt s\u2019il suffisait pour cela de faire un pas de c\u00f4t\u00e9 ?<\/p>\n<p>Partout sur la plan\u00e8te, des humains sont en train de retrouver leur souverainet\u00e9,<br \/>\nR\u00e9pondant \u00e0 cet appel du c\u0153ur que rien ne peut arr\u00eater,<br \/>\nM\u00ealant toutes les g\u00e9n\u00e9rations dans un m\u00eame et puissant mouvement de paix.<br \/>\nPerceptions nouvelles d\u2019un monde du sens et de ce que nous nommons la r\u00e9alit\u00e9.<\/p>\n<p>Ces humains sont les architectes des nouveaux mondes.<br \/>\nPar un autre rapport aux autres, \u00e0 la nature et au sacr\u00e9, sensible et subtil,<br \/>\nIls tissent dans l\u2019invisible des possibles r\u00e9enchant\u00e9s,<br \/>\n\u00c9lan puissant de l\u2019humanit\u00e9.<\/p>\n<p>Les deuxi\u00e8mes rencontres <em>Conscience et Citoyennet\u00e9<\/em> souhaitent contribuer \u00e0 cet \u00e9lan puissant de l\u2019humanit\u00e9. Ces rencontres auront lieu <strong>le 10 d\u00e9cembre 2022<\/strong>.<\/p>\n<p>Les inscriptions en pr\u00e9sence \u00e0 l\u2019Agora Paris sont compl\u00e8tes mais les inscriptions pour suivre cette journ\u00e9e en ligne, \u00e0 distance, sont ouvertes et illimit\u00e9es.<br \/>\nVous pouvez vous inscrire ici\u00a0: <a href=\"https:\/\/conscienceetcitoyennete.org\">https:\/\/conscienceetcitoyennete.org<\/a> (prix sugg\u00e9r\u00e9 25 euros, prix minimum\u00a0: 5,00 euros).<\/p>\n<p>Vous vous sentez \u00ab\u00a0architecte des nouveaux mondes\u00a0\u00bb\u00a0?<br \/>\nVenez partager cette journ\u00e9e avec nos 9 intervenant(e)s passionnant(e)s et passionn\u00e9(e)s.<\/p>\n<ul>\n<li>Luc Big\u00e9, astrologue et symboliste, fondateur de <em>R\u00e9enchanter le monde<\/em><\/li>\n<li>Fr\u00e9d\u00e9ric Bosqu\u00e9, entrepreneur humaniste, fondateur de <em>Tera<\/em><\/li>\n<li>Isabelle Alexandrine Bourgeois, journaliste, fondatrice de <em>Joy for the planet<\/em><\/li>\n<li>Audrey Chapot, anthropologue et auteure<\/li>\n<li>Isabelle Duffaud, fondatrice de l\u2019association <em>Les nouveaux mondes<\/em><\/li>\n<li>Patrick Fischmann, barde, conteur et po\u00e8te<\/li>\n<li>Stephen Florian, co-fondateur de l\u2019<em>Institut des Pl\u00e9iades en Europe<\/em><\/li>\n<li>D\u00e9bora Nunes, urbaniste et fondatrice de <em>l\u2019\u00c9cole d&rsquo;\u00e9cologie int\u00e9grative<\/em><\/li>\n<li>Daniel Shoushi, explorateur du r\u00e9el, fondateur d\u2019<em>Orph\u00e9lya<\/em><\/li>\n<\/ul>\n<p>Une journ\u00e9e anim\u00e9e par Laurence Baranski, Ivan Maltcheff et Marie Verguet.<\/p>\n<p><img loading=\"lazy\" decoding=\"async\" class=\"alignnone size-medium\" src=\"https:\/\/www.pressenza.com\/fr\/?attachment_id=1697236\" width=\"940\" height=\"788\" \/><\/p>\n","protected":false},"excerpt":{"rendered":"<p>Entre r\u00e9sistance et choix de la libert\u00e9, Vers toujours plus d\u2019ouverture et de spiritualit\u00e9, Consciences au c\u0153ur de l\u2019infini, Nous sommes en train de r\u00e9apprendre \u00e0 habiter le pr\u00e9sent de nos vies. Respirer consciemment et amplement, \u00catre vivants pleinement, ici&hellip;<\/p>\n","protected":false},"author":1824,"featured_media":1697229,"comment_status":"closed","ping_status":"closed","sticky":false,"template":"","format":"standard","meta":{"footnotes":""},"categories":[11386,1246,40,93],"tags":[107603,107605,107604],"class_list":["post-1697228","post","type-post","status-publish","format-standard","has-post-thumbnail","hentry","category-contenu-original","category-humanisme-spiritualite","category-international-fr","category-politique","tag-conscience-et-citoyennete","tag-deuxiemes-rencontres","tag-nouveaux-mondes"],"yoast_head":"<!-- This site is optimized with the Yoast SEO plugin v27.1.1 - https:\/\/yoast.com\/product\/yoast-seo-wordpress\/ -->\n<title>Architectes des nouveaux mondes : retrouvons-nous le 10 d\u00e9cembre 2022 !<\/title>\n<meta name=\"description\" content=\"Entre r\u00e9sistance et choix de la libert\u00e9, Vers toujours plus d\u2019ouverture et de spiritualit\u00e9, Consciences au c\u0153ur de l\u2019infini, Nous sommes en train de\" \/>\n<meta name=\"robots\" content=\"index, follow, max-snippet:-1, max-image-preview:large, max-video-preview:-1\" \/>\n<link rel=\"canonical\" href=\"https:\/\/www.pressenza.com\/fr\/2022\/12\/architectes-des-nouveaux-mondes-retrouvons-nous-le-10-decembre-2022\/\" \/>\n<meta property=\"og:locale\" content=\"fr_FR\" \/>\n<meta property=\"og:type\" content=\"article\" \/>\n<meta property=\"og:title\" content=\"Architectes des nouveaux mondes : retrouvons-nous le 10 d\u00e9cembre 2022 !\" \/>\n<meta property=\"og:description\" content=\"Entre r\u00e9sistance et choix de la libert\u00e9, Vers toujours plus d\u2019ouverture et de spiritualit\u00e9, Consciences au c\u0153ur de l\u2019infini, Nous sommes en train de\" \/>\n<meta property=\"og:url\" content=\"https:\/\/www.pressenza.com\/fr\/2022\/12\/architectes-des-nouveaux-mondes-retrouvons-nous-le-10-decembre-2022\/\" \/>\n<meta property=\"og:site_name\" content=\"Pressenza\" \/>\n<meta property=\"article:publisher\" content=\"https:\/\/www.facebook.com\/PressenzaItalia\" \/>\n<meta property=\"article:published_time\" content=\"2022-12-02T08:50:34+00:00\" \/>\n<meta property=\"og:image\" content=\"https:\/\/www.pressenza.com\/wp-content\/uploads\/2022\/12\/Architectes-des-nouveaux-mondes.jpg\" \/>\n\t<meta property=\"og:image:width\" content=\"820\" \/>\n\t<meta property=\"og:image:height\" content=\"546\" \/>\n\t<meta property=\"og:image:type\" content=\"image\/jpeg\" \/>\n<meta name=\"author\" content=\"Laurence Baranski\" \/>\n<meta name=\"twitter:card\" content=\"summary_large_image\" \/>\n<meta name=\"twitter:creator\" content=\"@PressenzaIPA\" \/>\n<meta name=\"twitter:site\" content=\"@PressenzaIPA\" \/>\n<meta name=\"twitter:label1\" content=\"\u00c9crit par\" \/>\n\t<meta name=\"twitter:data1\" content=\"Laurence Baranski\" \/>\n\t<meta name=\"twitter:label2\" content=\"Dur\u00e9e de lecture estim\u00e9e\" \/>\n\t<meta name=\"twitter:data2\" content=\"2 minutes\" \/>\n<script type=\"application\/ld+json\" class=\"yoast-schema-graph\">{\"@context\":\"https:\/\/schema.org\",\"@graph\":[{\"@type\":\"Article\",\"@id\":\"https:\/\/www.pressenza.com\/fr\/2022\/12\/architectes-des-nouveaux-mondes-retrouvons-nous-le-10-decembre-2022\/#article\",\"isPartOf\":{\"@id\":\"https:\/\/www.pressenza.com\/fr\/2022\/12\/architectes-des-nouveaux-mondes-retrouvons-nous-le-10-decembre-2022\/\"},\"author\":{\"name\":\"Laurence Baranski\",\"@id\":\"https:\/\/www.pressenza.com\/fr\/#\/schema\/person\/0a3ec228aecb374659f6a528d4e5fcf3\"},\"headline\":\"Architectes des nouveaux mondes : retrouvons-nous le 10 d\u00e9cembre 2022 !\",\"datePublished\":\"2022-12-02T08:50:34+00:00\",\"mainEntityOfPage\":{\"@id\":\"https:\/\/www.pressenza.com\/fr\/2022\/12\/architectes-des-nouveaux-mondes-retrouvons-nous-le-10-decembre-2022\/\"},\"wordCount\":369,\"publisher\":{\"@id\":\"https:\/\/www.pressenza.com\/fr\/#organization\"},\"image\":{\"@id\":\"https:\/\/www.pressenza.com\/fr\/2022\/12\/architectes-des-nouveaux-mondes-retrouvons-nous-le-10-decembre-2022\/#primaryimage\"},\"thumbnailUrl\":\"https:\/\/www.pressenza.com\/wp-content\/uploads\/2022\/12\/Architectes-des-nouveaux-mondes.jpg\",\"keywords\":[\"Conscience et Citoyennet\u00e9\",\"deuxi\u00e8mes rencontres\",\"nouveaux mondes\"],\"articleSection\":[\"Contenu Original\",\"Humanisme et Spiritualit\u00e9\",\"International\",\"Politique\"],\"inLanguage\":\"fr-FR\"},{\"@type\":\"WebPage\",\"@id\":\"https:\/\/www.pressenza.com\/fr\/2022\/12\/architectes-des-nouveaux-mondes-retrouvons-nous-le-10-decembre-2022\/\",\"url\":\"https:\/\/www.pressenza.com\/fr\/2022\/12\/architectes-des-nouveaux-mondes-retrouvons-nous-le-10-decembre-2022\/\",\"name\":\"Architectes des nouveaux mondes : retrouvons-nous le 10 d\u00e9cembre 2022 !\",\"isPartOf\":{\"@id\":\"https:\/\/www.pressenza.com\/fr\/#website\"},\"primaryImageOfPage\":{\"@id\":\"https:\/\/www.pressenza.com\/fr\/2022\/12\/architectes-des-nouveaux-mondes-retrouvons-nous-le-10-decembre-2022\/#primaryimage\"},\"image\":{\"@id\":\"https:\/\/www.pressenza.com\/fr\/2022\/12\/architectes-des-nouveaux-mondes-retrouvons-nous-le-10-decembre-2022\/#primaryimage\"},\"thumbnailUrl\":\"https:\/\/www.pressenza.com\/wp-content\/uploads\/2022\/12\/Architectes-des-nouveaux-mondes.jpg\",\"datePublished\":\"2022-12-02T08:50:34+00:00\",\"description\":\"Entre r\u00e9sistance et choix de la libert\u00e9, Vers toujours plus d\u2019ouverture et de spiritualit\u00e9, Consciences au c\u0153ur de l\u2019infini, Nous sommes en train de\",\"breadcrumb\":{\"@id\":\"https:\/\/www.pressenza.com\/fr\/2022\/12\/architectes-des-nouveaux-mondes-retrouvons-nous-le-10-decembre-2022\/#breadcrumb\"},\"inLanguage\":\"fr-FR\",\"potentialAction\":[{\"@type\":\"ReadAction\",\"target\":[\"https:\/\/www.pressenza.com\/fr\/2022\/12\/architectes-des-nouveaux-mondes-retrouvons-nous-le-10-decembre-2022\/\"]}]},{\"@type\":\"ImageObject\",\"inLanguage\":\"fr-FR\",\"@id\":\"https:\/\/www.pressenza.com\/fr\/2022\/12\/architectes-des-nouveaux-mondes-retrouvons-nous-le-10-decembre-2022\/#primaryimage\",\"url\":\"https:\/\/www.pressenza.com\/wp-content\/uploads\/2022\/12\/Architectes-des-nouveaux-mondes.jpg\",\"contentUrl\":\"https:\/\/www.pressenza.com\/wp-content\/uploads\/2022\/12\/Architectes-des-nouveaux-mondes.jpg\",\"width\":820,\"height\":546},{\"@type\":\"BreadcrumbList\",\"@id\":\"https:\/\/www.pressenza.com\/fr\/2022\/12\/architectes-des-nouveaux-mondes-retrouvons-nous-le-10-decembre-2022\/#breadcrumb\",\"itemListElement\":[{\"@type\":\"ListItem\",\"position\":1,\"name\":\"Accueil\",\"item\":\"https:\/\/www.pressenza.com\/fr\/\"},{\"@type\":\"ListItem\",\"position\":2,\"name\":\"Architectes des nouveaux mondes : retrouvons-nous le 10 d\u00e9cembre 2022 !\"}]},{\"@type\":\"WebSite\",\"@id\":\"https:\/\/www.pressenza.com\/fr\/#website\",\"url\":\"https:\/\/www.pressenza.com\/fr\/\",\"name\":\"Pressenza\",\"description\":\"International Press Agency\",\"publisher\":{\"@id\":\"https:\/\/www.pressenza.com\/fr\/#organization\"},\"potentialAction\":[{\"@type\":\"SearchAction\",\"target\":{\"@type\":\"EntryPoint\",\"urlTemplate\":\"https:\/\/www.pressenza.com\/fr\/?s={search_term_string}\"},\"query-input\":{\"@type\":\"PropertyValueSpecification\",\"valueRequired\":true,\"valueName\":\"search_term_string\"}}],\"inLanguage\":\"fr-FR\"},{\"@type\":\"Organization\",\"@id\":\"https:\/\/www.pressenza.com\/fr\/#organization\",\"name\":\"Pressenza\",\"url\":\"https:\/\/www.pressenza.com\/fr\/\",\"logo\":{\"@type\":\"ImageObject\",\"inLanguage\":\"fr-FR\",\"@id\":\"https:\/\/www.pressenza.com\/fr\/#\/schema\/logo\/image\/\",\"url\":\"https:\/\/www.pressenza.com\/wp-content\/uploads\/2022\/10\/pressenza_logo_200x200.jpg\",\"contentUrl\":\"https:\/\/www.pressenza.com\/wp-content\/uploads\/2022\/10\/pressenza_logo_200x200.jpg\",\"width\":200,\"height\":200,\"caption\":\"Pressenza\"},\"image\":{\"@id\":\"https:\/\/www.pressenza.com\/fr\/#\/schema\/logo\/image\/\"},\"sameAs\":[\"https:\/\/www.facebook.com\/PressenzaItalia\",\"https:\/\/x.com\/PressenzaIPA\"]},{\"@type\":\"Person\",\"@id\":\"https:\/\/www.pressenza.com\/fr\/#\/schema\/person\/0a3ec228aecb374659f6a528d4e5fcf3\",\"name\":\"Laurence Baranski\",\"description\":\"De formation initiale en \u00e9conomie et droit social, Laurence Baranski s\u2019est tr\u00e8s t\u00f4t passionn\u00e9e pour les questions humaines, et les myst\u00e8res de la vie et de l\u2019esprit. Investie dans des dynamiques citoyennes depuis 20 ans, elle y explore la notion de transformation personnelle en lien avec la transformation collective et sociale. Auteure, elle a \u00e9crit, co-\u00e9crit ou coordonn\u00e9 plusieurs ouvrages sur le changement (dans l\u2019entreprise, l\u2019\u00e9cole, la soci\u00e9t\u00e9) en s\u2019appuyant sur une vision complexe et transdisciplinaire du r\u00e9el. Elle int\u00e8gre dans son approche du changement et dans ses derniers ouvrages les champs ontologiques et spirituels, \u00e0 pr\u00e9sent incontournables pour comprendre et mieux vivre les mutations actuelles et la m\u00e9tamorphose civilisationnelle en cours. Elle accompagne aujourd\u2019hui des dirigeants et des collectifs sur les chemins de la transformation et de la conscience \u00e9largie. Dernier ouvrage : \\\"Oser l'invisible. Aux v\u00e9ritables sources de la performance durable.\\\" Chronique sociale, 2020. Site web : www.laurencebaranski.com\",\"url\":\"https:\/\/www.pressenza.com\/fr\/author\/laurence-baranski\/\"}]}<\/script>\n<!-- \/ Yoast SEO plugin. -->","yoast_head_json":{"title":"Architectes des nouveaux mondes : retrouvons-nous le 10 d\u00e9cembre 2022 !","description":"Entre r\u00e9sistance et choix de la libert\u00e9, Vers toujours plus d\u2019ouverture et de spiritualit\u00e9, Consciences au c\u0153ur de l\u2019infini, Nous sommes en train de","robots":{"index":"index","follow":"follow","max-snippet":"max-snippet:-1","max-image-preview":"max-image-preview:large","max-video-preview":"max-video-preview:-1"},"canonical":"https:\/\/www.pressenza.com\/fr\/2022\/12\/architectes-des-nouveaux-mondes-retrouvons-nous-le-10-decembre-2022\/","og_locale":"fr_FR","og_type":"article","og_title":"Architectes des nouveaux mondes : retrouvons-nous le 10 d\u00e9cembre 2022 !","og_description":"Entre r\u00e9sistance et choix de la libert\u00e9, Vers toujours plus d\u2019ouverture et de spiritualit\u00e9, Consciences au c\u0153ur de l\u2019infini, Nous sommes en train de","og_url":"https:\/\/www.pressenza.com\/fr\/2022\/12\/architectes-des-nouveaux-mondes-retrouvons-nous-le-10-decembre-2022\/","og_site_name":"Pressenza","article_publisher":"https:\/\/www.facebook.com\/PressenzaItalia","article_published_time":"2022-12-02T08:50:34+00:00","og_image":[{"width":820,"height":546,"url":"https:\/\/www.pressenza.com\/wp-content\/uploads\/2022\/12\/Architectes-des-nouveaux-mondes.jpg","type":"image\/jpeg"}],"author":"Laurence Baranski","twitter_card":"summary_large_image","twitter_creator":"@PressenzaIPA","twitter_site":"@PressenzaIPA","twitter_misc":{"\u00c9crit par":"Laurence Baranski","Dur\u00e9e de lecture estim\u00e9e":"2 minutes"},"schema":{"@context":"https:\/\/schema.org","@graph":[{"@type":"Article","@id":"https:\/\/www.pressenza.com\/fr\/2022\/12\/architectes-des-nouveaux-mondes-retrouvons-nous-le-10-decembre-2022\/#article","isPartOf":{"@id":"https:\/\/www.pressenza.com\/fr\/2022\/12\/architectes-des-nouveaux-mondes-retrouvons-nous-le-10-decembre-2022\/"},"author":{"name":"Laurence Baranski","@id":"https:\/\/www.pressenza.com\/fr\/#\/schema\/person\/0a3ec228aecb374659f6a528d4e5fcf3"},"headline":"Architectes des nouveaux mondes : retrouvons-nous le 10 d\u00e9cembre 2022 !","datePublished":"2022-12-02T08:50:34+00:00","mainEntityOfPage":{"@id":"https:\/\/www.pressenza.com\/fr\/2022\/12\/architectes-des-nouveaux-mondes-retrouvons-nous-le-10-decembre-2022\/"},"wordCount":369,"publisher":{"@id":"https:\/\/www.pressenza.com\/fr\/#organization"},"image":{"@id":"https:\/\/www.pressenza.com\/fr\/2022\/12\/architectes-des-nouveaux-mondes-retrouvons-nous-le-10-decembre-2022\/#primaryimage"},"thumbnailUrl":"https:\/\/www.pressenza.com\/wp-content\/uploads\/2022\/12\/Architectes-des-nouveaux-mondes.jpg","keywords":["Conscience et Citoyennet\u00e9","deuxi\u00e8mes rencontres","nouveaux mondes"],"articleSection":["Contenu Original","Humanisme et Spiritualit\u00e9","International","Politique"],"inLanguage":"fr-FR"},{"@type":"WebPage","@id":"https:\/\/www.pressenza.com\/fr\/2022\/12\/architectes-des-nouveaux-mondes-retrouvons-nous-le-10-decembre-2022\/","url":"https:\/\/www.pressenza.com\/fr\/2022\/12\/architectes-des-nouveaux-mondes-retrouvons-nous-le-10-decembre-2022\/","name":"Architectes des nouveaux mondes : retrouvons-nous le 10 d\u00e9cembre 2022 !","isPartOf":{"@id":"https:\/\/www.pressenza.com\/fr\/#website"},"primaryImageOfPage":{"@id":"https:\/\/www.pressenza.com\/fr\/2022\/12\/architectes-des-nouveaux-mondes-retrouvons-nous-le-10-decembre-2022\/#primaryimage"},"image":{"@id":"https:\/\/www.pressenza.com\/fr\/2022\/12\/architectes-des-nouveaux-mondes-retrouvons-nous-le-10-decembre-2022\/#primaryimage"},"thumbnailUrl":"https:\/\/www.pressenza.com\/wp-content\/uploads\/2022\/12\/Architectes-des-nouveaux-mondes.jpg","datePublished":"2022-12-02T08:50:34+00:00","description":"Entre r\u00e9sistance et choix de la libert\u00e9, Vers toujours plus d\u2019ouverture et de spiritualit\u00e9, Consciences au c\u0153ur de l\u2019infini, Nous sommes en train de","breadcrumb":{"@id":"https:\/\/www.pressenza.com\/fr\/2022\/12\/architectes-des-nouveaux-mondes-retrouvons-nous-le-10-decembre-2022\/#breadcrumb"},"inLanguage":"fr-FR","potentialAction":[{"@type":"ReadAction","target":["https:\/\/www.pressenza.com\/fr\/2022\/12\/architectes-des-nouveaux-mondes-retrouvons-nous-le-10-decembre-2022\/"]}]},{"@type":"ImageObject","inLanguage":"fr-FR","@id":"https:\/\/www.pressenza.com\/fr\/2022\/12\/architectes-des-nouveaux-mondes-retrouvons-nous-le-10-decembre-2022\/#primaryimage","url":"https:\/\/www.pressenza.com\/wp-content\/uploads\/2022\/12\/Architectes-des-nouveaux-mondes.jpg","contentUrl":"https:\/\/www.pressenza.com\/wp-content\/uploads\/2022\/12\/Architectes-des-nouveaux-mondes.jpg","width":820,"height":546},{"@type":"BreadcrumbList","@id":"https:\/\/www.pressenza.com\/fr\/2022\/12\/architectes-des-nouveaux-mondes-retrouvons-nous-le-10-decembre-2022\/#breadcrumb","itemListElement":[{"@type":"ListItem","position":1,"name":"Accueil","item":"https:\/\/www.pressenza.com\/fr\/"},{"@type":"ListItem","position":2,"name":"Architectes des nouveaux mondes : retrouvons-nous le 10 d\u00e9cembre 2022 !"}]},{"@type":"WebSite","@id":"https:\/\/www.pressenza.com\/fr\/#website","url":"https:\/\/www.pressenza.com\/fr\/","name":"Pressenza","description":"International Press Agency","publisher":{"@id":"https:\/\/www.pressenza.com\/fr\/#organization"},"potentialAction":[{"@type":"SearchAction","target":{"@type":"EntryPoint","urlTemplate":"https:\/\/www.pressenza.com\/fr\/?s={search_term_string}"},"query-input":{"@type":"PropertyValueSpecification","valueRequired":true,"valueName":"search_term_string"}}],"inLanguage":"fr-FR"},{"@type":"Organization","@id":"https:\/\/www.pressenza.com\/fr\/#organization","name":"Pressenza","url":"https:\/\/www.pressenza.com\/fr\/","logo":{"@type":"ImageObject","inLanguage":"fr-FR","@id":"https:\/\/www.pressenza.com\/fr\/#\/schema\/logo\/image\/","url":"https:\/\/www.pressenza.com\/wp-content\/uploads\/2022\/10\/pressenza_logo_200x200.jpg","contentUrl":"https:\/\/www.pressenza.com\/wp-content\/uploads\/2022\/10\/pressenza_logo_200x200.jpg","width":200,"height":200,"caption":"Pressenza"},"image":{"@id":"https:\/\/www.pressenza.com\/fr\/#\/schema\/logo\/image\/"},"sameAs":["https:\/\/www.facebook.com\/PressenzaItalia","https:\/\/x.com\/PressenzaIPA"]},{"@type":"Person","@id":"https:\/\/www.pressenza.com\/fr\/#\/schema\/person\/0a3ec228aecb374659f6a528d4e5fcf3","name":"Laurence Baranski","description":"De formation initiale en \u00e9conomie et droit social, Laurence Baranski s\u2019est tr\u00e8s t\u00f4t passionn\u00e9e pour les questions humaines, et les myst\u00e8res de la vie et de l\u2019esprit. Investie dans des dynamiques citoyennes depuis 20 ans, elle y explore la notion de transformation personnelle en lien avec la transformation collective et sociale. Auteure, elle a \u00e9crit, co-\u00e9crit ou coordonn\u00e9 plusieurs ouvrages sur le changement (dans l\u2019entreprise, l\u2019\u00e9cole, la soci\u00e9t\u00e9) en s\u2019appuyant sur une vision complexe et transdisciplinaire du r\u00e9el. Elle int\u00e8gre dans son approche du changement et dans ses derniers ouvrages les champs ontologiques et spirituels, \u00e0 pr\u00e9sent incontournables pour comprendre et mieux vivre les mutations actuelles et la m\u00e9tamorphose civilisationnelle en cours. Elle accompagne aujourd\u2019hui des dirigeants et des collectifs sur les chemins de la transformation et de la conscience \u00e9largie. Dernier ouvrage : \"Oser l'invisible. Aux v\u00e9ritables sources de la performance durable.\" Chronique sociale, 2020. Site web : www.laurencebaranski.com","url":"https:\/\/www.pressenza.com\/fr\/author\/laurence-baranski\/"}]}},"place":"Paris, France","original_article_url":"","_links":{"self":[{"href":"https:\/\/www.pressenza.com\/fr\/wp-json\/wp\/v2\/posts\/1697228","targetHints":{"allow":["GET"]}}],"collection":[{"href":"https:\/\/www.pressenza.com\/fr\/wp-json\/wp\/v2\/posts"}],"about":[{"href":"https:\/\/www.pressenza.com\/fr\/wp-json\/wp\/v2\/types\/post"}],"author":[{"embeddable":true,"href":"https:\/\/www.pressenza.com\/fr\/wp-json\/wp\/v2\/users\/1824"}],"replies":[{"embeddable":true,"href":"https:\/\/www.pressenza.com\/fr\/wp-json\/wp\/v2\/comments?post=1697228"}],"version-history":[{"count":0,"href":"https:\/\/www.pressenza.com\/fr\/wp-json\/wp\/v2\/posts\/1697228\/revisions"}],"wp:featuredmedia":[{"embeddable":true,"href":"https:\/\/www.pressenza.com\/fr\/wp-json\/wp\/v2\/media\/1697229"}],"wp:attachment":[{"href":"https:\/\/www.pressenza.com\/fr\/wp-json\/wp\/v2\/media?parent=1697228"}],"wp:term":[{"taxonomy":"category","embeddable":true,"href":"https:\/\/www.pressenza.com\/fr\/wp-json\/wp\/v2\/categories?post=1697228"},{"taxonomy":"post_tag","embeddable":true,"href":"https:\/\/www.pressenza.com\/fr\/wp-json\/wp\/v2\/tags?post=1697228"}],"curies":[{"name":"wp","href":"https:\/\/api.w.org\/{rel}","templated":true}]}}