{"id":1696745,"date":"2022-11-29T18:52:22","date_gmt":"2022-11-29T18:52:22","guid":{"rendered":"https:\/\/www.pressenza.com\/?p=1696745"},"modified":"2022-11-29T18:54:01","modified_gmt":"2022-11-29T18:54:01","slug":"des-recoltes-abondantes-grace-au-glanage-de-labio-association-benevole-de-lile-dorleans","status":"publish","type":"post","link":"https:\/\/www.pressenza.com\/fr\/2022\/11\/des-recoltes-abondantes-grace-au-glanage-de-labio-association-benevole-de-lile-dorleans\/","title":{"rendered":"Des r\u00e9coltes abondantes gr\u00e2ce au glanage de l\u2019ABIO &#8211; association b\u00e9n\u00e9vole de l\u2019\u00cele d\u2019Orl\u00e9ans"},"content":{"rendered":"<p><span style=\"font-weight: 400;\">Gr\u00e2ce au projet de glanage institu\u00e9 cet \u00e9t\u00e9 par l\u2019Association b\u00e9n\u00e9vole de l\u2019\u00cele d\u2019Orl\u00e9ans (ABIO), des organismes en s\u00e9curit\u00e9 alimentaire de la r\u00e9gion de Qu\u00e9bec peuvent ajouter des fruits et des l\u00e9gumes aux paniers d\u2019\u00e9picerie offerts aux gens dans le besoin.<\/span><\/p>\n<p><span style=\"font-weight: 400;\">Faisant partie du programme de s\u00e9curit\u00e9 alimentaire Moi, j\u2019mange de l\u2019ABIO, la premi\u00e8re activit\u00e9 de glanage a permis d\u2019amasser 100 livres de haricots g\u00e9ants (merveilles) jaunes et verts, le 12 ao\u00fbt, gr\u00e2ce aux quatre b\u00e9n\u00e9voles pr\u00e9sents \u00e0 la Ferme Poulin-Turcotte, de Sainte-Famille.<\/span><\/p>\n<blockquote><p><span style=\"font-weight: 400;\">\u00ab Le glanage consiste en la r\u00e9colte de produits de la ferme qui sont ensuite r\u00e9partis en trois parts, une au producteur, une aux b\u00e9n\u00e9voles qui y participent et une \u00e0 l\u2019organisme en charge de la d\u00e9marche. Il arrive aussi que les producteurs remettent leur part \u00e0 l\u2019organisme, car il s\u2019agit de surplus. C\u2019est le cas pour les deux premi\u00e8res activit\u00e9s de glanage \u00bb, a pr\u00e9cis\u00e9 la coordonnatrice \u2013 s\u00e9curit\u00e9 alimentaire de l\u2019ABIO, Orane Wells.<\/span><\/p><\/blockquote>\n<p><span style=\"font-weight: 400;\">Dans le cas des haricots, ils ont \u00e9t\u00e9 partag\u00e9s entre l\u2019ABIO et Entraide Agap\u00e8, de Beauport.<\/span><\/p>\n<p><span style=\"font-weight: 400;\">La bleueti\u00e8re Aux Trois Baies, de Saint-Pierre, a ensuite accueilli, le 25 ao\u00fbt, une douzaine de b\u00e9n\u00e9voles qui ont amass\u00e9 plus de 150 livres de bleuets. Ils ont \u00e9t\u00e9 congel\u00e9s et distribu\u00e9s en septembre \u00e0 l\u2019aide alimentaire, \u00e0 l\u2019ABIO, dans les frigos-partages de la ville de Qu\u00e9bec et dans les organismes de s\u00e9curit\u00e9 alimentaire, \u00e0 Beauport et \u00e0 Qu\u00e9bec.<\/span><\/p>\n<blockquote><p><span style=\"font-weight: 400;\">\u00ab J\u2019ai d\u00e9cid\u00e9 de prendre part au glanage pour le partage, \u00e0 l\u2019aide communautaire, et de m\u2019impr\u00e9gner de la terre de l\u2019\u00eele d\u2019Orl\u00e9ans. Je l\u2019aurais fait pareil si je n\u2019avais pas eu une part des r\u00e9coltes. Je voulais donner de mon temps et \u00e9viter le gaspillage \u00bb, a d\u00e9clar\u00e9 Sarah Godin, de Saint-Pierre, qui \u00e9tait accompagn\u00e9e de sa fille, Maelie B\u00e9langer.<\/span><\/p><\/blockquote>\n<p><span style=\"font-weight: 400;\">Quant \u00e0 Marc-Andr\u00e9 Bourassa, il avait \u00e9t\u00e9 invit\u00e9 \u00e0 titre de coordonnateur de la Table en d\u00e9veloppement local de Beauport, un projet de la Corporation de d\u00e9veloppement local de Beauport (CDCB).<\/span><\/p>\n<blockquote><p><span style=\"font-weight: 400;\">\u00ab On trouve seulement deux fermes, \u00e0 Beauport. C\u2019est pourquoi nous aimerions \u00e9tablir une collaboration avec l\u2019\u00eele d\u2019Orl\u00e9ans pour le glanage. Nous travaillons de pair avec le centre communautaire Le Pivot, de Beauport, dans ce projet \u00bb, a pr\u00e9cis\u00e9 M. Bourassa.<\/span><\/p>\n<p><span style=\"font-weight: 400;\">\u00ab J\u2019avais entendu parler de ce principe, il y a quelques ann\u00e9es, et je trouvais que c\u2019\u00e9tait une excellente id\u00e9e de partager et d\u2019aider diff\u00e9rents organismes et producteurs lorsqu\u2019ils ont des surplus afin de diminuer le gaspillage. \u00c9tant donn\u00e9 que nous avons une saison extraordinaire avec une r\u00e9colte tr\u00e8s abondante, je les ai donc contact\u00e9s apr\u00e8s qu\u2019Orane ait envoy\u00e9 un courriel pour annoncer que l\u2019ABIO avait un projet de glanage \u00bb, a mentionn\u00e9 la propri\u00e9taire d\u2019Aux Trois Baies, Sandra Houde.<\/span><\/p><\/blockquote>\n<p><span style=\"font-weight: 400;\">Il est aussi arriv\u00e9 que des producteurs donnent des surplus de r\u00e9coltes sans cueillette par des b\u00e9n\u00e9voles. La Ferme Fran\u00e7ois Gosselin, de Saint-Laurent, a remis \u00e0 deux reprises des fraises totalisant 500 livres. Elles ont fait le bonheur d\u2019organismes tels Le Pivot, Agap\u00e8, les frigos-partages de Qu\u00e9bec et, bien s\u00fbr, l\u2019ABIO.<\/span><\/p>\n<p><span style=\"font-weight: 400;\">Selon Mme Wells, d\u2019autres glanages sont pr\u00e9vus cet automne pour des pommes, des citrouilles et des courges.<\/span><\/p>\n<p><span style=\"font-weight: 400;\">Marc Cochrane<\/span><\/p>\n","protected":false},"excerpt":{"rendered":"<p>Gr\u00e2ce au projet de glanage institu\u00e9 cet \u00e9t\u00e9 par l\u2019Association b\u00e9n\u00e9vole de l\u2019\u00cele d\u2019Orl\u00e9ans (ABIO), des organismes en s\u00e9curit\u00e9 alimentaire de la r\u00e9gion de Qu\u00e9bec peuvent ajouter des fruits et des l\u00e9gumes aux paniers d\u2019\u00e9picerie offerts aux gens dans le&hellip;<\/p>\n","protected":false},"author":2143,"featured_media":1696746,"comment_status":"closed","ping_status":"closed","sticky":false,"template":"","format":"standard","meta":{"footnotes":""},"categories":[87,97],"tags":[108012,106242,101682,107634,27597],"class_list":["post-1696745","post","type-post","status-publish","format-standard","has-post-thumbnail","hentry","category-amerique-du-nord","category-environnement-et-ecologie","tag-abio","tag-agriculture-bio","tag-amecq","tag-autourdelile","tag-glanage"],"yoast_head":"<!-- This site is optimized with the Yoast SEO plugin v27.1.1 - https:\/\/yoast.com\/product\/yoast-seo-wordpress\/ -->\n<title>Des r\u00e9coltes abondantes gr\u00e2ce au glanage de l\u2019ABIO - association b\u00e9n\u00e9vole de l\u2019\u00cele d\u2019Orl\u00e9ans<\/title>\n<meta name=\"description\" content=\"Gr\u00e2ce au projet de glanage institu\u00e9 cet \u00e9t\u00e9 par l\u2019Association b\u00e9n\u00e9vole de l\u2019\u00cele d\u2019Orl\u00e9ans (ABIO), des organismes en s\u00e9curit\u00e9 alimentaire de la r\u00e9gion de\" \/>\n<meta name=\"robots\" content=\"index, follow, max-snippet:-1, max-image-preview:large, max-video-preview:-1\" \/>\n<link rel=\"canonical\" href=\"https:\/\/www.pressenza.com\/fr\/2022\/11\/des-recoltes-abondantes-grace-au-glanage-de-labio-association-benevole-de-lile-dorleans\/\" \/>\n<meta property=\"og:locale\" content=\"fr_FR\" \/>\n<meta property=\"og:type\" content=\"article\" \/>\n<meta property=\"og:title\" content=\"Des r\u00e9coltes abondantes gr\u00e2ce au glanage de l\u2019ABIO - association b\u00e9n\u00e9vole de l\u2019\u00cele d\u2019Orl\u00e9ans\" \/>\n<meta property=\"og:description\" content=\"Gr\u00e2ce au projet de glanage institu\u00e9 cet \u00e9t\u00e9 par l\u2019Association b\u00e9n\u00e9vole de l\u2019\u00cele d\u2019Orl\u00e9ans (ABIO), des organismes en s\u00e9curit\u00e9 alimentaire de la r\u00e9gion de\" \/>\n<meta property=\"og:url\" content=\"https:\/\/www.pressenza.com\/fr\/2022\/11\/des-recoltes-abondantes-grace-au-glanage-de-labio-association-benevole-de-lile-dorleans\/\" \/>\n<meta property=\"og:site_name\" content=\"Pressenza\" \/>\n<meta property=\"article:publisher\" content=\"https:\/\/www.facebook.com\/PressenzaItalia\" \/>\n<meta property=\"article:published_time\" content=\"2022-11-29T18:52:22+00:00\" \/>\n<meta property=\"article:modified_time\" content=\"2022-11-29T18:54:01+00:00\" \/>\n<meta property=\"og:image\" content=\"https:\/\/www.pressenza.com\/wp-content\/uploads\/2022\/11\/DES-RECOLTES-ABONDANTES-GRACE-AU-GLANAGE.jpg\" \/>\n\t<meta property=\"og:image:width\" content=\"627\" \/>\n\t<meta property=\"og:image:height\" content=\"336\" \/>\n\t<meta property=\"og:image:type\" content=\"image\/jpeg\" \/>\n<meta name=\"author\" content=\"AMECQ - Association des m\u00e9dias \u00e9crits communautaires du Qu\u00e9bec\" \/>\n<meta name=\"twitter:card\" content=\"summary_large_image\" \/>\n<meta name=\"twitter:creator\" content=\"@PressenzaIPA\" \/>\n<meta name=\"twitter:site\" content=\"@PressenzaIPA\" \/>\n<meta name=\"twitter:label1\" content=\"\u00c9crit par\" \/>\n\t<meta name=\"twitter:data1\" content=\"AMECQ - Association des m\u00e9dias \u00e9crits communautaires du Qu\u00e9bec\" \/>\n\t<meta name=\"twitter:label2\" content=\"Dur\u00e9e de lecture estim\u00e9e\" \/>\n\t<meta name=\"twitter:data2\" content=\"3 minutes\" \/>\n<script type=\"application\/ld+json\" class=\"yoast-schema-graph\">{\"@context\":\"https:\/\/schema.org\",\"@graph\":[{\"@type\":\"Article\",\"@id\":\"https:\/\/www.pressenza.com\/fr\/2022\/11\/des-recoltes-abondantes-grace-au-glanage-de-labio-association-benevole-de-lile-dorleans\/#article\",\"isPartOf\":{\"@id\":\"https:\/\/www.pressenza.com\/fr\/2022\/11\/des-recoltes-abondantes-grace-au-glanage-de-labio-association-benevole-de-lile-dorleans\/\"},\"author\":{\"name\":\"AMECQ - Association des m\u00e9dias \u00e9crits communautaires du Qu\u00e9bec\",\"@id\":\"https:\/\/www.pressenza.com\/fr\/#\/schema\/person\/5362584f414349fe88d3246d58d2ac3a\"},\"headline\":\"Des r\u00e9coltes abondantes gr\u00e2ce au glanage de l\u2019ABIO &#8211; association b\u00e9n\u00e9vole de l\u2019\u00cele d\u2019Orl\u00e9ans\",\"datePublished\":\"2022-11-29T18:52:22+00:00\",\"dateModified\":\"2022-11-29T18:54:01+00:00\",\"mainEntityOfPage\":{\"@id\":\"https:\/\/www.pressenza.com\/fr\/2022\/11\/des-recoltes-abondantes-grace-au-glanage-de-labio-association-benevole-de-lile-dorleans\/\"},\"wordCount\":608,\"publisher\":{\"@id\":\"https:\/\/www.pressenza.com\/fr\/#organization\"},\"image\":{\"@id\":\"https:\/\/www.pressenza.com\/fr\/2022\/11\/des-recoltes-abondantes-grace-au-glanage-de-labio-association-benevole-de-lile-dorleans\/#primaryimage\"},\"thumbnailUrl\":\"https:\/\/www.pressenza.com\/wp-content\/uploads\/2022\/11\/DES-RECOLTES-ABONDANTES-GRACE-AU-GLANAGE.jpg\",\"keywords\":[\"ABIO\",\"agriculture bio\",\"AMECQ\",\"autourdelile\",\"glanage\"],\"articleSection\":[\"Am\u00e9rique du Nord\",\"Ecologie et Environnement\"],\"inLanguage\":\"fr-FR\"},{\"@type\":\"WebPage\",\"@id\":\"https:\/\/www.pressenza.com\/fr\/2022\/11\/des-recoltes-abondantes-grace-au-glanage-de-labio-association-benevole-de-lile-dorleans\/\",\"url\":\"https:\/\/www.pressenza.com\/fr\/2022\/11\/des-recoltes-abondantes-grace-au-glanage-de-labio-association-benevole-de-lile-dorleans\/\",\"name\":\"Des r\u00e9coltes abondantes gr\u00e2ce au glanage de l\u2019ABIO - association b\u00e9n\u00e9vole de l\u2019\u00cele d\u2019Orl\u00e9ans\",\"isPartOf\":{\"@id\":\"https:\/\/www.pressenza.com\/fr\/#website\"},\"primaryImageOfPage\":{\"@id\":\"https:\/\/www.pressenza.com\/fr\/2022\/11\/des-recoltes-abondantes-grace-au-glanage-de-labio-association-benevole-de-lile-dorleans\/#primaryimage\"},\"image\":{\"@id\":\"https:\/\/www.pressenza.com\/fr\/2022\/11\/des-recoltes-abondantes-grace-au-glanage-de-labio-association-benevole-de-lile-dorleans\/#primaryimage\"},\"thumbnailUrl\":\"https:\/\/www.pressenza.com\/wp-content\/uploads\/2022\/11\/DES-RECOLTES-ABONDANTES-GRACE-AU-GLANAGE.jpg\",\"datePublished\":\"2022-11-29T18:52:22+00:00\",\"dateModified\":\"2022-11-29T18:54:01+00:00\",\"description\":\"Gr\u00e2ce au projet de glanage institu\u00e9 cet \u00e9t\u00e9 par l\u2019Association b\u00e9n\u00e9vole de l\u2019\u00cele d\u2019Orl\u00e9ans (ABIO), des organismes en s\u00e9curit\u00e9 alimentaire de la r\u00e9gion de\",\"breadcrumb\":{\"@id\":\"https:\/\/www.pressenza.com\/fr\/2022\/11\/des-recoltes-abondantes-grace-au-glanage-de-labio-association-benevole-de-lile-dorleans\/#breadcrumb\"},\"inLanguage\":\"fr-FR\",\"potentialAction\":[{\"@type\":\"ReadAction\",\"target\":[\"https:\/\/www.pressenza.com\/fr\/2022\/11\/des-recoltes-abondantes-grace-au-glanage-de-labio-association-benevole-de-lile-dorleans\/\"]}]},{\"@type\":\"ImageObject\",\"inLanguage\":\"fr-FR\",\"@id\":\"https:\/\/www.pressenza.com\/fr\/2022\/11\/des-recoltes-abondantes-grace-au-glanage-de-labio-association-benevole-de-lile-dorleans\/#primaryimage\",\"url\":\"https:\/\/www.pressenza.com\/wp-content\/uploads\/2022\/11\/DES-RECOLTES-ABONDANTES-GRACE-AU-GLANAGE.jpg\",\"contentUrl\":\"https:\/\/www.pressenza.com\/wp-content\/uploads\/2022\/11\/DES-RECOLTES-ABONDANTES-GRACE-AU-GLANAGE.jpg\",\"width\":627,\"height\":336,\"caption\":\"Cr\u00e9dit photo: Autour de l\u2019\u00cele, \u00cele d\u2019Orl\u00e9ans Orane Wells (\u00e0 droite) Marc-Andr\u00e9 Bourassa, Maelie B\u00e9langer et Sarah Godin \u00e0 la bleueti\u00e8re Aux Trois Baies\"},{\"@type\":\"BreadcrumbList\",\"@id\":\"https:\/\/www.pressenza.com\/fr\/2022\/11\/des-recoltes-abondantes-grace-au-glanage-de-labio-association-benevole-de-lile-dorleans\/#breadcrumb\",\"itemListElement\":[{\"@type\":\"ListItem\",\"position\":1,\"name\":\"Accueil\",\"item\":\"https:\/\/www.pressenza.com\/fr\/\"},{\"@type\":\"ListItem\",\"position\":2,\"name\":\"Des r\u00e9coltes abondantes gr\u00e2ce au glanage de l\u2019ABIO &#8211; association b\u00e9n\u00e9vole de l\u2019\u00cele d\u2019Orl\u00e9ans\"}]},{\"@type\":\"WebSite\",\"@id\":\"https:\/\/www.pressenza.com\/fr\/#website\",\"url\":\"https:\/\/www.pressenza.com\/fr\/\",\"name\":\"Pressenza\",\"description\":\"International Press Agency\",\"publisher\":{\"@id\":\"https:\/\/www.pressenza.com\/fr\/#organization\"},\"potentialAction\":[{\"@type\":\"SearchAction\",\"target\":{\"@type\":\"EntryPoint\",\"urlTemplate\":\"https:\/\/www.pressenza.com\/fr\/?s={search_term_string}\"},\"query-input\":{\"@type\":\"PropertyValueSpecification\",\"valueRequired\":true,\"valueName\":\"search_term_string\"}}],\"inLanguage\":\"fr-FR\"},{\"@type\":\"Organization\",\"@id\":\"https:\/\/www.pressenza.com\/fr\/#organization\",\"name\":\"Pressenza\",\"url\":\"https:\/\/www.pressenza.com\/fr\/\",\"logo\":{\"@type\":\"ImageObject\",\"inLanguage\":\"fr-FR\",\"@id\":\"https:\/\/www.pressenza.com\/fr\/#\/schema\/logo\/image\/\",\"url\":\"https:\/\/www.pressenza.com\/wp-content\/uploads\/2022\/10\/pressenza_logo_200x200.jpg\",\"contentUrl\":\"https:\/\/www.pressenza.com\/wp-content\/uploads\/2022\/10\/pressenza_logo_200x200.jpg\",\"width\":200,\"height\":200,\"caption\":\"Pressenza\"},\"image\":{\"@id\":\"https:\/\/www.pressenza.com\/fr\/#\/schema\/logo\/image\/\"},\"sameAs\":[\"https:\/\/www.facebook.com\/PressenzaItalia\",\"https:\/\/x.com\/PressenzaIPA\"]},{\"@type\":\"Person\",\"@id\":\"https:\/\/www.pressenza.com\/fr\/#\/schema\/person\/5362584f414349fe88d3246d58d2ac3a\",\"name\":\"AMECQ - Association des m\u00e9dias \u00e9crits communautaires du Qu\u00e9bec\",\"description\":\"L\u2019Association des m\u00e9dias \u00e9crits communautaires du Qu\u00e9bec a pour but : de fournir des services de soutien et de formation \u00e0 ses journaux communautaires membres et de les regrouper et de les repr\u00e9senter pour que ceux-ci puissent remplir leur r\u00f4le et leur mission fondamentale. L\u2019Association participe activement au d\u00e9veloppement et au rayonnement des m\u00e9dias \u00e9crits communautaires. Les liens \u00e9troits et constants qu\u2019elle entretient avec ses membres lui assurent une connaissance dynamique du secteur et de ses besoins. L\u2019AMECQ compte 74 journaux membres.\",\"url\":\"https:\/\/www.pressenza.com\/fr\/author\/amecq\/\"}]}<\/script>\n<!-- \/ Yoast SEO plugin. -->","yoast_head_json":{"title":"Des r\u00e9coltes abondantes gr\u00e2ce au glanage de l\u2019ABIO - association b\u00e9n\u00e9vole de l\u2019\u00cele d\u2019Orl\u00e9ans","description":"Gr\u00e2ce au projet de glanage institu\u00e9 cet \u00e9t\u00e9 par l\u2019Association b\u00e9n\u00e9vole de l\u2019\u00cele d\u2019Orl\u00e9ans (ABIO), des organismes en s\u00e9curit\u00e9 alimentaire de la r\u00e9gion de","robots":{"index":"index","follow":"follow","max-snippet":"max-snippet:-1","max-image-preview":"max-image-preview:large","max-video-preview":"max-video-preview:-1"},"canonical":"https:\/\/www.pressenza.com\/fr\/2022\/11\/des-recoltes-abondantes-grace-au-glanage-de-labio-association-benevole-de-lile-dorleans\/","og_locale":"fr_FR","og_type":"article","og_title":"Des r\u00e9coltes abondantes gr\u00e2ce au glanage de l\u2019ABIO - association b\u00e9n\u00e9vole de l\u2019\u00cele d\u2019Orl\u00e9ans","og_description":"Gr\u00e2ce au projet de glanage institu\u00e9 cet \u00e9t\u00e9 par l\u2019Association b\u00e9n\u00e9vole de l\u2019\u00cele d\u2019Orl\u00e9ans (ABIO), des organismes en s\u00e9curit\u00e9 alimentaire de la r\u00e9gion de","og_url":"https:\/\/www.pressenza.com\/fr\/2022\/11\/des-recoltes-abondantes-grace-au-glanage-de-labio-association-benevole-de-lile-dorleans\/","og_site_name":"Pressenza","article_publisher":"https:\/\/www.facebook.com\/PressenzaItalia","article_published_time":"2022-11-29T18:52:22+00:00","article_modified_time":"2022-11-29T18:54:01+00:00","og_image":[{"width":627,"height":336,"url":"https:\/\/www.pressenza.com\/wp-content\/uploads\/2022\/11\/DES-RECOLTES-ABONDANTES-GRACE-AU-GLANAGE.jpg","type":"image\/jpeg"}],"author":"AMECQ - Association des m\u00e9dias \u00e9crits communautaires du Qu\u00e9bec","twitter_card":"summary_large_image","twitter_creator":"@PressenzaIPA","twitter_site":"@PressenzaIPA","twitter_misc":{"\u00c9crit par":"AMECQ - Association des m\u00e9dias \u00e9crits communautaires du Qu\u00e9bec","Dur\u00e9e de lecture estim\u00e9e":"3 minutes"},"schema":{"@context":"https:\/\/schema.org","@graph":[{"@type":"Article","@id":"https:\/\/www.pressenza.com\/fr\/2022\/11\/des-recoltes-abondantes-grace-au-glanage-de-labio-association-benevole-de-lile-dorleans\/#article","isPartOf":{"@id":"https:\/\/www.pressenza.com\/fr\/2022\/11\/des-recoltes-abondantes-grace-au-glanage-de-labio-association-benevole-de-lile-dorleans\/"},"author":{"name":"AMECQ - Association des m\u00e9dias \u00e9crits communautaires du Qu\u00e9bec","@id":"https:\/\/www.pressenza.com\/fr\/#\/schema\/person\/5362584f414349fe88d3246d58d2ac3a"},"headline":"Des r\u00e9coltes abondantes gr\u00e2ce au glanage de l\u2019ABIO &#8211; association b\u00e9n\u00e9vole de l\u2019\u00cele d\u2019Orl\u00e9ans","datePublished":"2022-11-29T18:52:22+00:00","dateModified":"2022-11-29T18:54:01+00:00","mainEntityOfPage":{"@id":"https:\/\/www.pressenza.com\/fr\/2022\/11\/des-recoltes-abondantes-grace-au-glanage-de-labio-association-benevole-de-lile-dorleans\/"},"wordCount":608,"publisher":{"@id":"https:\/\/www.pressenza.com\/fr\/#organization"},"image":{"@id":"https:\/\/www.pressenza.com\/fr\/2022\/11\/des-recoltes-abondantes-grace-au-glanage-de-labio-association-benevole-de-lile-dorleans\/#primaryimage"},"thumbnailUrl":"https:\/\/www.pressenza.com\/wp-content\/uploads\/2022\/11\/DES-RECOLTES-ABONDANTES-GRACE-AU-GLANAGE.jpg","keywords":["ABIO","agriculture bio","AMECQ","autourdelile","glanage"],"articleSection":["Am\u00e9rique du Nord","Ecologie et Environnement"],"inLanguage":"fr-FR"},{"@type":"WebPage","@id":"https:\/\/www.pressenza.com\/fr\/2022\/11\/des-recoltes-abondantes-grace-au-glanage-de-labio-association-benevole-de-lile-dorleans\/","url":"https:\/\/www.pressenza.com\/fr\/2022\/11\/des-recoltes-abondantes-grace-au-glanage-de-labio-association-benevole-de-lile-dorleans\/","name":"Des r\u00e9coltes abondantes gr\u00e2ce au glanage de l\u2019ABIO - association b\u00e9n\u00e9vole de l\u2019\u00cele d\u2019Orl\u00e9ans","isPartOf":{"@id":"https:\/\/www.pressenza.com\/fr\/#website"},"primaryImageOfPage":{"@id":"https:\/\/www.pressenza.com\/fr\/2022\/11\/des-recoltes-abondantes-grace-au-glanage-de-labio-association-benevole-de-lile-dorleans\/#primaryimage"},"image":{"@id":"https:\/\/www.pressenza.com\/fr\/2022\/11\/des-recoltes-abondantes-grace-au-glanage-de-labio-association-benevole-de-lile-dorleans\/#primaryimage"},"thumbnailUrl":"https:\/\/www.pressenza.com\/wp-content\/uploads\/2022\/11\/DES-RECOLTES-ABONDANTES-GRACE-AU-GLANAGE.jpg","datePublished":"2022-11-29T18:52:22+00:00","dateModified":"2022-11-29T18:54:01+00:00","description":"Gr\u00e2ce au projet de glanage institu\u00e9 cet \u00e9t\u00e9 par l\u2019Association b\u00e9n\u00e9vole de l\u2019\u00cele d\u2019Orl\u00e9ans (ABIO), des organismes en s\u00e9curit\u00e9 alimentaire de la r\u00e9gion de","breadcrumb":{"@id":"https:\/\/www.pressenza.com\/fr\/2022\/11\/des-recoltes-abondantes-grace-au-glanage-de-labio-association-benevole-de-lile-dorleans\/#breadcrumb"},"inLanguage":"fr-FR","potentialAction":[{"@type":"ReadAction","target":["https:\/\/www.pressenza.com\/fr\/2022\/11\/des-recoltes-abondantes-grace-au-glanage-de-labio-association-benevole-de-lile-dorleans\/"]}]},{"@type":"ImageObject","inLanguage":"fr-FR","@id":"https:\/\/www.pressenza.com\/fr\/2022\/11\/des-recoltes-abondantes-grace-au-glanage-de-labio-association-benevole-de-lile-dorleans\/#primaryimage","url":"https:\/\/www.pressenza.com\/wp-content\/uploads\/2022\/11\/DES-RECOLTES-ABONDANTES-GRACE-AU-GLANAGE.jpg","contentUrl":"https:\/\/www.pressenza.com\/wp-content\/uploads\/2022\/11\/DES-RECOLTES-ABONDANTES-GRACE-AU-GLANAGE.jpg","width":627,"height":336,"caption":"Cr\u00e9dit photo: Autour de l\u2019\u00cele, \u00cele d\u2019Orl\u00e9ans Orane Wells (\u00e0 droite) Marc-Andr\u00e9 Bourassa, Maelie B\u00e9langer et Sarah Godin \u00e0 la bleueti\u00e8re Aux Trois Baies"},{"@type":"BreadcrumbList","@id":"https:\/\/www.pressenza.com\/fr\/2022\/11\/des-recoltes-abondantes-grace-au-glanage-de-labio-association-benevole-de-lile-dorleans\/#breadcrumb","itemListElement":[{"@type":"ListItem","position":1,"name":"Accueil","item":"https:\/\/www.pressenza.com\/fr\/"},{"@type":"ListItem","position":2,"name":"Des r\u00e9coltes abondantes gr\u00e2ce au glanage de l\u2019ABIO &#8211; association b\u00e9n\u00e9vole de l\u2019\u00cele d\u2019Orl\u00e9ans"}]},{"@type":"WebSite","@id":"https:\/\/www.pressenza.com\/fr\/#website","url":"https:\/\/www.pressenza.com\/fr\/","name":"Pressenza","description":"International Press Agency","publisher":{"@id":"https:\/\/www.pressenza.com\/fr\/#organization"},"potentialAction":[{"@type":"SearchAction","target":{"@type":"EntryPoint","urlTemplate":"https:\/\/www.pressenza.com\/fr\/?s={search_term_string}"},"query-input":{"@type":"PropertyValueSpecification","valueRequired":true,"valueName":"search_term_string"}}],"inLanguage":"fr-FR"},{"@type":"Organization","@id":"https:\/\/www.pressenza.com\/fr\/#organization","name":"Pressenza","url":"https:\/\/www.pressenza.com\/fr\/","logo":{"@type":"ImageObject","inLanguage":"fr-FR","@id":"https:\/\/www.pressenza.com\/fr\/#\/schema\/logo\/image\/","url":"https:\/\/www.pressenza.com\/wp-content\/uploads\/2022\/10\/pressenza_logo_200x200.jpg","contentUrl":"https:\/\/www.pressenza.com\/wp-content\/uploads\/2022\/10\/pressenza_logo_200x200.jpg","width":200,"height":200,"caption":"Pressenza"},"image":{"@id":"https:\/\/www.pressenza.com\/fr\/#\/schema\/logo\/image\/"},"sameAs":["https:\/\/www.facebook.com\/PressenzaItalia","https:\/\/x.com\/PressenzaIPA"]},{"@type":"Person","@id":"https:\/\/www.pressenza.com\/fr\/#\/schema\/person\/5362584f414349fe88d3246d58d2ac3a","name":"AMECQ - Association des m\u00e9dias \u00e9crits communautaires du Qu\u00e9bec","description":"L\u2019Association des m\u00e9dias \u00e9crits communautaires du Qu\u00e9bec a pour but : de fournir des services de soutien et de formation \u00e0 ses journaux communautaires membres et de les regrouper et de les repr\u00e9senter pour que ceux-ci puissent remplir leur r\u00f4le et leur mission fondamentale. L\u2019Association participe activement au d\u00e9veloppement et au rayonnement des m\u00e9dias \u00e9crits communautaires. Les liens \u00e9troits et constants qu\u2019elle entretient avec ses membres lui assurent une connaissance dynamique du secteur et de ses besoins. L\u2019AMECQ compte 74 journaux membres.","url":"https:\/\/www.pressenza.com\/fr\/author\/amecq\/"}]}},"place":"Autour de l\u2019\u00cele, \u00cele d\u2019Orl\u00e9ans","original_article_url":"http:\/\/autourdelile.com\/2022\/10\/des-recoltes-abondantes-grace-au-glanage-de-labio\/","_links":{"self":[{"href":"https:\/\/www.pressenza.com\/fr\/wp-json\/wp\/v2\/posts\/1696745","targetHints":{"allow":["GET"]}}],"collection":[{"href":"https:\/\/www.pressenza.com\/fr\/wp-json\/wp\/v2\/posts"}],"about":[{"href":"https:\/\/www.pressenza.com\/fr\/wp-json\/wp\/v2\/types\/post"}],"author":[{"embeddable":true,"href":"https:\/\/www.pressenza.com\/fr\/wp-json\/wp\/v2\/users\/2143"}],"replies":[{"embeddable":true,"href":"https:\/\/www.pressenza.com\/fr\/wp-json\/wp\/v2\/comments?post=1696745"}],"version-history":[{"count":0,"href":"https:\/\/www.pressenza.com\/fr\/wp-json\/wp\/v2\/posts\/1696745\/revisions"}],"wp:featuredmedia":[{"embeddable":true,"href":"https:\/\/www.pressenza.com\/fr\/wp-json\/wp\/v2\/media\/1696746"}],"wp:attachment":[{"href":"https:\/\/www.pressenza.com\/fr\/wp-json\/wp\/v2\/media?parent=1696745"}],"wp:term":[{"taxonomy":"category","embeddable":true,"href":"https:\/\/www.pressenza.com\/fr\/wp-json\/wp\/v2\/categories?post=1696745"},{"taxonomy":"post_tag","embeddable":true,"href":"https:\/\/www.pressenza.com\/fr\/wp-json\/wp\/v2\/tags?post=1696745"}],"curies":[{"name":"wp","href":"https:\/\/api.w.org\/{rel}","templated":true}]}}