{"id":1694169,"date":"2022-11-15T23:30:14","date_gmt":"2022-11-15T23:30:14","guid":{"rendered":"https:\/\/www.pressenza.com\/?p=1694169"},"modified":"2023-02-03T13:25:21","modified_gmt":"2023-02-03T13:25:21","slug":"conversation-avec-pia-figueroa-14-ans-apres-la-fondation-de-lagence-pressenza","status":"publish","type":"post","link":"https:\/\/www.pressenza.com\/fr\/2022\/11\/conversation-avec-pia-figueroa-14-ans-apres-la-fondation-de-lagence-pressenza\/","title":{"rendered":"Conversation avec P\u00eda Figueroa, 14 ans apr\u00e8s la fondation de l&rsquo;agence Pressenza"},"content":{"rendered":"<p>Ces jours-ci, l&rsquo;agence de presse internationale ax\u00e9e sur la paix et la non-violence, Pressenza, c\u00e9l\u00e8bre 14 ans de travail d&rsquo;information ininterrompu.<\/p>\n<p>Nous en avons parl\u00e9 avec P\u00eda Figueroa, silo\u00efste depuis sa jeunesse et fondatrice du projet de communication.<\/p>\n<p>Dans l&rsquo;interview, la codirectrice actuelle de l&rsquo;agence nous a parl\u00e9 en d\u00e9tail des d\u00e9buts et du processus d&rsquo;\u00e9volution de Pressenza.<\/p>\n<p>Que signifie communiquer d&rsquo;un point de vue non-violent ? et quel est le r\u00f4le de Pressenza face \u00e0 la d\u00e9sinformation, \u00e0 la manipulation de l&rsquo;information et aux discours de haine, si r\u00e9pandus aujourd&rsquo;hui ? \u00e9taient d&rsquo;autres questions abord\u00e9es.<\/p>\n<p>Le dialogue a \u00e9galement \u00e9t\u00e9 l&rsquo;occasion pour l&rsquo;\u00e9ditrice de partager un point de vue humaniste sur la situation actuelle du monde et des hommes,<\/p>\n<p>Enfin, dans une perspective qui relie la transformation personnelle \u00e0 l&rsquo;action sociale, nous avons demand\u00e9 \u00e0 P\u00eda ce que ces \u00ab\u00a0plus de 5100 jours\u00a0\u00bb &#8211; pour reprendre ses propres termes &#8211; de participation d\u00e9vou\u00e9e \u00e0 Pressenza ont signifi\u00e9 pour sa vie.<\/p>\n<p><i>Pour voir la vid\u00e9o (25\u2032 03\u2032\u2032) avec les sous-titres en fran\u00e7ais sur un ordinateur : <b>1.<\/b>\u00a0Cliquez sur l\u2019ic\u00f4ne\u00a0<b>Sous-titres\u00a0<\/b>(rectangle blanc en bas \u00e0 droite de la fen\u00eatre du lecteur vid\u00e9o).\u00a0 \u00a0<b>2.<\/b>\u00a0Cliquez sur l\u2019ic\u00f4ne\u00a0<b>Param\u00e8tres\u00a0<\/b>(roue dent\u00e9e\u00a0en bas \u00e0 droite), puis cliquez\u00a0successivement sur\u00a0<b>Sous-titres<\/b>, puis sur\u00a0<b>Traduire automatiquement<\/b>.\u00a0\u00a0\u00a0\u00a0<b>3.<\/b>\u00a0Dans la fen\u00eatre qui s\u2019ouvre, faites d\u00e9filer la liste des langues et cliquez sur\u00a0<b>Fran\u00e7ais<\/b>.<\/i><\/p>\n<p><iframe loading=\"lazy\" title=\"YouTube video player\" src=\"https:\/\/www.youtube.com\/embed\/UfPWXbIgPcM\" width=\"560\" height=\"315\" frameborder=\"0\" allowfullscreen=\"allowfullscreen\" data-mce-fragment=\"1\"><\/iframe><\/p>\n","protected":false},"excerpt":{"rendered":"<p>Ces jours-ci, l&rsquo;agence de presse internationale ax\u00e9e sur la paix et la non-violence, Pressenza, c\u00e9l\u00e8bre 14 ans de travail d&rsquo;information ininterrompu. Nous en avons parl\u00e9 avec P\u00eda Figueroa, silo\u00efste depuis sa jeunesse et fondatrice du projet de communication. Dans l&rsquo;interview,&hellip;<\/p>\n","protected":false},"author":19,"featured_media":1694172,"comment_status":"closed","ping_status":"closed","sticky":false,"template":"","format":"standard","meta":{"footnotes":""},"categories":[11386,1246,156,27989],"tags":[96852,77640,1211],"class_list":["post-1694169","post","type-post","status-publish","format-standard","has-post-thumbnail","hentry","category-contenu-original","category-humanisme-spiritualite","category-interview-fr","category-video-fr","tag-journalisme-non-violent","tag-pia-figueroa-fr","tag-pressenza-2"],"yoast_head":"<!-- This site is optimized with the Yoast SEO plugin v27.1.1 - https:\/\/yoast.com\/product\/yoast-seo-wordpress\/ -->\n<title>Conversation avec P\u00eda Figueroa, 14 ans apr\u00e8s la fondation de l&#039;agence Pressenza<\/title>\n<meta name=\"description\" content=\"Ces jours-ci, l&#039;agence de presse internationale ax\u00e9e sur la paix et la non-violence, Pressenza, c\u00e9l\u00e8bre 14 ans de travail d&#039;information ininterrompu. Nous\" \/>\n<meta name=\"robots\" content=\"index, follow, max-snippet:-1, max-image-preview:large, max-video-preview:-1\" \/>\n<link rel=\"canonical\" href=\"https:\/\/www.pressenza.com\/fr\/2022\/11\/conversation-avec-pia-figueroa-14-ans-apres-la-fondation-de-lagence-pressenza\/\" \/>\n<meta property=\"og:locale\" content=\"fr_FR\" \/>\n<meta property=\"og:type\" content=\"article\" \/>\n<meta property=\"og:title\" content=\"Conversation avec P\u00eda Figueroa, 14 ans apr\u00e8s la fondation de l&#039;agence Pressenza\" \/>\n<meta property=\"og:description\" content=\"Ces jours-ci, l&#039;agence de presse internationale ax\u00e9e sur la paix et la non-violence, Pressenza, c\u00e9l\u00e8bre 14 ans de travail d&#039;information ininterrompu. Nous\" \/>\n<meta property=\"og:url\" content=\"https:\/\/www.pressenza.com\/fr\/2022\/11\/conversation-avec-pia-figueroa-14-ans-apres-la-fondation-de-lagence-pressenza\/\" \/>\n<meta property=\"og:site_name\" content=\"Pressenza\" \/>\n<meta property=\"article:publisher\" content=\"https:\/\/www.facebook.com\/PressenzaItalia\" \/>\n<meta property=\"article:author\" content=\"https:\/\/www.facebook.com\/pressenza\" \/>\n<meta property=\"article:published_time\" content=\"2022-11-15T23:30:14+00:00\" \/>\n<meta property=\"article:modified_time\" content=\"2023-02-03T13:25:21+00:00\" \/>\n<meta property=\"og:image\" content=\"https:\/\/www.pressenza.com\/wp-content\/uploads\/2022\/11\/pia-y-javier.jpg\" \/>\n\t<meta property=\"og:image:width\" content=\"797\" \/>\n\t<meta property=\"og:image:height\" content=\"401\" \/>\n\t<meta property=\"og:image:type\" content=\"image\/jpeg\" \/>\n<meta name=\"author\" content=\"Pressenza IPA\" \/>\n<meta name=\"twitter:card\" content=\"summary_large_image\" \/>\n<meta name=\"twitter:creator\" content=\"@PressenzaIPA\" \/>\n<meta name=\"twitter:site\" content=\"@PressenzaIPA\" \/>\n<meta name=\"twitter:label1\" content=\"\u00c9crit par\" \/>\n\t<meta name=\"twitter:data1\" content=\"Pressenza IPA\" \/>\n\t<meta name=\"twitter:label2\" content=\"Dur\u00e9e de lecture estim\u00e9e\" \/>\n\t<meta name=\"twitter:data2\" content=\"2 minutes\" \/>\n<script type=\"application\/ld+json\" class=\"yoast-schema-graph\">{\"@context\":\"https:\/\/schema.org\",\"@graph\":[{\"@type\":\"Article\",\"@id\":\"https:\/\/www.pressenza.com\/fr\/2022\/11\/conversation-avec-pia-figueroa-14-ans-apres-la-fondation-de-lagence-pressenza\/#article\",\"isPartOf\":{\"@id\":\"https:\/\/www.pressenza.com\/fr\/2022\/11\/conversation-avec-pia-figueroa-14-ans-apres-la-fondation-de-lagence-pressenza\/\"},\"author\":{\"name\":\"Pressenza IPA\",\"@id\":\"https:\/\/www.pressenza.com\/fr\/#\/schema\/person\/010e5d02bcf40965427a1289a4cc8d75\"},\"headline\":\"Conversation avec P\u00eda Figueroa, 14 ans apr\u00e8s la fondation de l&rsquo;agence Pressenza\",\"datePublished\":\"2022-11-15T23:30:14+00:00\",\"dateModified\":\"2023-02-03T13:25:21+00:00\",\"mainEntityOfPage\":{\"@id\":\"https:\/\/www.pressenza.com\/fr\/2022\/11\/conversation-avec-pia-figueroa-14-ans-apres-la-fondation-de-lagence-pressenza\/\"},\"wordCount\":266,\"publisher\":{\"@id\":\"https:\/\/www.pressenza.com\/fr\/#organization\"},\"image\":{\"@id\":\"https:\/\/www.pressenza.com\/fr\/2022\/11\/conversation-avec-pia-figueroa-14-ans-apres-la-fondation-de-lagence-pressenza\/#primaryimage\"},\"thumbnailUrl\":\"https:\/\/www.pressenza.com\/wp-content\/uploads\/2022\/11\/pia-y-javier.jpg\",\"keywords\":[\"journalisme non-violent\",\"Pia Figueroa\",\"Pressenza\"],\"articleSection\":[\"Contenu Original\",\"Humanisme et Spiritualit\u00e9\",\"Interviews\",\"Video\"],\"inLanguage\":\"fr-FR\"},{\"@type\":\"WebPage\",\"@id\":\"https:\/\/www.pressenza.com\/fr\/2022\/11\/conversation-avec-pia-figueroa-14-ans-apres-la-fondation-de-lagence-pressenza\/\",\"url\":\"https:\/\/www.pressenza.com\/fr\/2022\/11\/conversation-avec-pia-figueroa-14-ans-apres-la-fondation-de-lagence-pressenza\/\",\"name\":\"Conversation avec P\u00eda Figueroa, 14 ans apr\u00e8s la fondation de l'agence Pressenza\",\"isPartOf\":{\"@id\":\"https:\/\/www.pressenza.com\/fr\/#website\"},\"primaryImageOfPage\":{\"@id\":\"https:\/\/www.pressenza.com\/fr\/2022\/11\/conversation-avec-pia-figueroa-14-ans-apres-la-fondation-de-lagence-pressenza\/#primaryimage\"},\"image\":{\"@id\":\"https:\/\/www.pressenza.com\/fr\/2022\/11\/conversation-avec-pia-figueroa-14-ans-apres-la-fondation-de-lagence-pressenza\/#primaryimage\"},\"thumbnailUrl\":\"https:\/\/www.pressenza.com\/wp-content\/uploads\/2022\/11\/pia-y-javier.jpg\",\"datePublished\":\"2022-11-15T23:30:14+00:00\",\"dateModified\":\"2023-02-03T13:25:21+00:00\",\"description\":\"Ces jours-ci, l'agence de presse internationale ax\u00e9e sur la paix et la non-violence, Pressenza, c\u00e9l\u00e8bre 14 ans de travail d'information ininterrompu. Nous\",\"breadcrumb\":{\"@id\":\"https:\/\/www.pressenza.com\/fr\/2022\/11\/conversation-avec-pia-figueroa-14-ans-apres-la-fondation-de-lagence-pressenza\/#breadcrumb\"},\"inLanguage\":\"fr-FR\",\"potentialAction\":[{\"@type\":\"ReadAction\",\"target\":[\"https:\/\/www.pressenza.com\/fr\/2022\/11\/conversation-avec-pia-figueroa-14-ans-apres-la-fondation-de-lagence-pressenza\/\"]}]},{\"@type\":\"ImageObject\",\"inLanguage\":\"fr-FR\",\"@id\":\"https:\/\/www.pressenza.com\/fr\/2022\/11\/conversation-avec-pia-figueroa-14-ans-apres-la-fondation-de-lagence-pressenza\/#primaryimage\",\"url\":\"https:\/\/www.pressenza.com\/wp-content\/uploads\/2022\/11\/pia-y-javier.jpg\",\"contentUrl\":\"https:\/\/www.pressenza.com\/wp-content\/uploads\/2022\/11\/pia-y-javier.jpg\",\"width\":797,\"height\":401},{\"@type\":\"BreadcrumbList\",\"@id\":\"https:\/\/www.pressenza.com\/fr\/2022\/11\/conversation-avec-pia-figueroa-14-ans-apres-la-fondation-de-lagence-pressenza\/#breadcrumb\",\"itemListElement\":[{\"@type\":\"ListItem\",\"position\":1,\"name\":\"Accueil\",\"item\":\"https:\/\/www.pressenza.com\/fr\/\"},{\"@type\":\"ListItem\",\"position\":2,\"name\":\"Conversation avec P\u00eda Figueroa, 14 ans apr\u00e8s la fondation de l&rsquo;agence Pressenza\"}]},{\"@type\":\"WebSite\",\"@id\":\"https:\/\/www.pressenza.com\/fr\/#website\",\"url\":\"https:\/\/www.pressenza.com\/fr\/\",\"name\":\"Pressenza\",\"description\":\"International Press Agency\",\"publisher\":{\"@id\":\"https:\/\/www.pressenza.com\/fr\/#organization\"},\"potentialAction\":[{\"@type\":\"SearchAction\",\"target\":{\"@type\":\"EntryPoint\",\"urlTemplate\":\"https:\/\/www.pressenza.com\/fr\/?s={search_term_string}\"},\"query-input\":{\"@type\":\"PropertyValueSpecification\",\"valueRequired\":true,\"valueName\":\"search_term_string\"}}],\"inLanguage\":\"fr-FR\"},{\"@type\":\"Organization\",\"@id\":\"https:\/\/www.pressenza.com\/fr\/#organization\",\"name\":\"Pressenza\",\"url\":\"https:\/\/www.pressenza.com\/fr\/\",\"logo\":{\"@type\":\"ImageObject\",\"inLanguage\":\"fr-FR\",\"@id\":\"https:\/\/www.pressenza.com\/fr\/#\/schema\/logo\/image\/\",\"url\":\"https:\/\/www.pressenza.com\/wp-content\/uploads\/2022\/10\/pressenza_logo_200x200.jpg\",\"contentUrl\":\"https:\/\/www.pressenza.com\/wp-content\/uploads\/2022\/10\/pressenza_logo_200x200.jpg\",\"width\":200,\"height\":200,\"caption\":\"Pressenza\"},\"image\":{\"@id\":\"https:\/\/www.pressenza.com\/fr\/#\/schema\/logo\/image\/\"},\"sameAs\":[\"https:\/\/www.facebook.com\/PressenzaItalia\",\"https:\/\/x.com\/PressenzaIPA\"]},{\"@type\":\"Person\",\"@id\":\"https:\/\/www.pressenza.com\/fr\/#\/schema\/person\/010e5d02bcf40965427a1289a4cc8d75\",\"name\":\"Pressenza IPA\",\"description\":\"News from Pressenza IPA correspondents\",\"sameAs\":[\"https:\/\/www.facebook.com\/pressenza\",\"https:\/\/x.com\/PressenzaIPA\"],\"url\":\"https:\/\/www.pressenza.com\/fr\/author\/pressenza-ipa\/\"}]}<\/script>\n<!-- \/ Yoast SEO plugin. -->","yoast_head_json":{"title":"Conversation avec P\u00eda Figueroa, 14 ans apr\u00e8s la fondation de l'agence Pressenza","description":"Ces jours-ci, l'agence de presse internationale ax\u00e9e sur la paix et la non-violence, Pressenza, c\u00e9l\u00e8bre 14 ans de travail d'information ininterrompu. Nous","robots":{"index":"index","follow":"follow","max-snippet":"max-snippet:-1","max-image-preview":"max-image-preview:large","max-video-preview":"max-video-preview:-1"},"canonical":"https:\/\/www.pressenza.com\/fr\/2022\/11\/conversation-avec-pia-figueroa-14-ans-apres-la-fondation-de-lagence-pressenza\/","og_locale":"fr_FR","og_type":"article","og_title":"Conversation avec P\u00eda Figueroa, 14 ans apr\u00e8s la fondation de l'agence Pressenza","og_description":"Ces jours-ci, l'agence de presse internationale ax\u00e9e sur la paix et la non-violence, Pressenza, c\u00e9l\u00e8bre 14 ans de travail d'information ininterrompu. Nous","og_url":"https:\/\/www.pressenza.com\/fr\/2022\/11\/conversation-avec-pia-figueroa-14-ans-apres-la-fondation-de-lagence-pressenza\/","og_site_name":"Pressenza","article_publisher":"https:\/\/www.facebook.com\/PressenzaItalia","article_author":"https:\/\/www.facebook.com\/pressenza","article_published_time":"2022-11-15T23:30:14+00:00","article_modified_time":"2023-02-03T13:25:21+00:00","og_image":[{"width":797,"height":401,"url":"https:\/\/www.pressenza.com\/wp-content\/uploads\/2022\/11\/pia-y-javier.jpg","type":"image\/jpeg"}],"author":"Pressenza IPA","twitter_card":"summary_large_image","twitter_creator":"@PressenzaIPA","twitter_site":"@PressenzaIPA","twitter_misc":{"\u00c9crit par":"Pressenza IPA","Dur\u00e9e de lecture estim\u00e9e":"2 minutes"},"schema":{"@context":"https:\/\/schema.org","@graph":[{"@type":"Article","@id":"https:\/\/www.pressenza.com\/fr\/2022\/11\/conversation-avec-pia-figueroa-14-ans-apres-la-fondation-de-lagence-pressenza\/#article","isPartOf":{"@id":"https:\/\/www.pressenza.com\/fr\/2022\/11\/conversation-avec-pia-figueroa-14-ans-apres-la-fondation-de-lagence-pressenza\/"},"author":{"name":"Pressenza IPA","@id":"https:\/\/www.pressenza.com\/fr\/#\/schema\/person\/010e5d02bcf40965427a1289a4cc8d75"},"headline":"Conversation avec P\u00eda Figueroa, 14 ans apr\u00e8s la fondation de l&rsquo;agence Pressenza","datePublished":"2022-11-15T23:30:14+00:00","dateModified":"2023-02-03T13:25:21+00:00","mainEntityOfPage":{"@id":"https:\/\/www.pressenza.com\/fr\/2022\/11\/conversation-avec-pia-figueroa-14-ans-apres-la-fondation-de-lagence-pressenza\/"},"wordCount":266,"publisher":{"@id":"https:\/\/www.pressenza.com\/fr\/#organization"},"image":{"@id":"https:\/\/www.pressenza.com\/fr\/2022\/11\/conversation-avec-pia-figueroa-14-ans-apres-la-fondation-de-lagence-pressenza\/#primaryimage"},"thumbnailUrl":"https:\/\/www.pressenza.com\/wp-content\/uploads\/2022\/11\/pia-y-javier.jpg","keywords":["journalisme non-violent","Pia Figueroa","Pressenza"],"articleSection":["Contenu Original","Humanisme et Spiritualit\u00e9","Interviews","Video"],"inLanguage":"fr-FR"},{"@type":"WebPage","@id":"https:\/\/www.pressenza.com\/fr\/2022\/11\/conversation-avec-pia-figueroa-14-ans-apres-la-fondation-de-lagence-pressenza\/","url":"https:\/\/www.pressenza.com\/fr\/2022\/11\/conversation-avec-pia-figueroa-14-ans-apres-la-fondation-de-lagence-pressenza\/","name":"Conversation avec P\u00eda Figueroa, 14 ans apr\u00e8s la fondation de l'agence Pressenza","isPartOf":{"@id":"https:\/\/www.pressenza.com\/fr\/#website"},"primaryImageOfPage":{"@id":"https:\/\/www.pressenza.com\/fr\/2022\/11\/conversation-avec-pia-figueroa-14-ans-apres-la-fondation-de-lagence-pressenza\/#primaryimage"},"image":{"@id":"https:\/\/www.pressenza.com\/fr\/2022\/11\/conversation-avec-pia-figueroa-14-ans-apres-la-fondation-de-lagence-pressenza\/#primaryimage"},"thumbnailUrl":"https:\/\/www.pressenza.com\/wp-content\/uploads\/2022\/11\/pia-y-javier.jpg","datePublished":"2022-11-15T23:30:14+00:00","dateModified":"2023-02-03T13:25:21+00:00","description":"Ces jours-ci, l'agence de presse internationale ax\u00e9e sur la paix et la non-violence, Pressenza, c\u00e9l\u00e8bre 14 ans de travail d'information ininterrompu. Nous","breadcrumb":{"@id":"https:\/\/www.pressenza.com\/fr\/2022\/11\/conversation-avec-pia-figueroa-14-ans-apres-la-fondation-de-lagence-pressenza\/#breadcrumb"},"inLanguage":"fr-FR","potentialAction":[{"@type":"ReadAction","target":["https:\/\/www.pressenza.com\/fr\/2022\/11\/conversation-avec-pia-figueroa-14-ans-apres-la-fondation-de-lagence-pressenza\/"]}]},{"@type":"ImageObject","inLanguage":"fr-FR","@id":"https:\/\/www.pressenza.com\/fr\/2022\/11\/conversation-avec-pia-figueroa-14-ans-apres-la-fondation-de-lagence-pressenza\/#primaryimage","url":"https:\/\/www.pressenza.com\/wp-content\/uploads\/2022\/11\/pia-y-javier.jpg","contentUrl":"https:\/\/www.pressenza.com\/wp-content\/uploads\/2022\/11\/pia-y-javier.jpg","width":797,"height":401},{"@type":"BreadcrumbList","@id":"https:\/\/www.pressenza.com\/fr\/2022\/11\/conversation-avec-pia-figueroa-14-ans-apres-la-fondation-de-lagence-pressenza\/#breadcrumb","itemListElement":[{"@type":"ListItem","position":1,"name":"Accueil","item":"https:\/\/www.pressenza.com\/fr\/"},{"@type":"ListItem","position":2,"name":"Conversation avec P\u00eda Figueroa, 14 ans apr\u00e8s la fondation de l&rsquo;agence Pressenza"}]},{"@type":"WebSite","@id":"https:\/\/www.pressenza.com\/fr\/#website","url":"https:\/\/www.pressenza.com\/fr\/","name":"Pressenza","description":"International Press Agency","publisher":{"@id":"https:\/\/www.pressenza.com\/fr\/#organization"},"potentialAction":[{"@type":"SearchAction","target":{"@type":"EntryPoint","urlTemplate":"https:\/\/www.pressenza.com\/fr\/?s={search_term_string}"},"query-input":{"@type":"PropertyValueSpecification","valueRequired":true,"valueName":"search_term_string"}}],"inLanguage":"fr-FR"},{"@type":"Organization","@id":"https:\/\/www.pressenza.com\/fr\/#organization","name":"Pressenza","url":"https:\/\/www.pressenza.com\/fr\/","logo":{"@type":"ImageObject","inLanguage":"fr-FR","@id":"https:\/\/www.pressenza.com\/fr\/#\/schema\/logo\/image\/","url":"https:\/\/www.pressenza.com\/wp-content\/uploads\/2022\/10\/pressenza_logo_200x200.jpg","contentUrl":"https:\/\/www.pressenza.com\/wp-content\/uploads\/2022\/10\/pressenza_logo_200x200.jpg","width":200,"height":200,"caption":"Pressenza"},"image":{"@id":"https:\/\/www.pressenza.com\/fr\/#\/schema\/logo\/image\/"},"sameAs":["https:\/\/www.facebook.com\/PressenzaItalia","https:\/\/x.com\/PressenzaIPA"]},{"@type":"Person","@id":"https:\/\/www.pressenza.com\/fr\/#\/schema\/person\/010e5d02bcf40965427a1289a4cc8d75","name":"Pressenza IPA","description":"News from Pressenza IPA correspondents","sameAs":["https:\/\/www.facebook.com\/pressenza","https:\/\/x.com\/PressenzaIPA"],"url":"https:\/\/www.pressenza.com\/fr\/author\/pressenza-ipa\/"}]}},"place":"","original_article_url":"","_links":{"self":[{"href":"https:\/\/www.pressenza.com\/fr\/wp-json\/wp\/v2\/posts\/1694169","targetHints":{"allow":["GET"]}}],"collection":[{"href":"https:\/\/www.pressenza.com\/fr\/wp-json\/wp\/v2\/posts"}],"about":[{"href":"https:\/\/www.pressenza.com\/fr\/wp-json\/wp\/v2\/types\/post"}],"author":[{"embeddable":true,"href":"https:\/\/www.pressenza.com\/fr\/wp-json\/wp\/v2\/users\/19"}],"replies":[{"embeddable":true,"href":"https:\/\/www.pressenza.com\/fr\/wp-json\/wp\/v2\/comments?post=1694169"}],"version-history":[{"count":0,"href":"https:\/\/www.pressenza.com\/fr\/wp-json\/wp\/v2\/posts\/1694169\/revisions"}],"wp:featuredmedia":[{"embeddable":true,"href":"https:\/\/www.pressenza.com\/fr\/wp-json\/wp\/v2\/media\/1694172"}],"wp:attachment":[{"href":"https:\/\/www.pressenza.com\/fr\/wp-json\/wp\/v2\/media?parent=1694169"}],"wp:term":[{"taxonomy":"category","embeddable":true,"href":"https:\/\/www.pressenza.com\/fr\/wp-json\/wp\/v2\/categories?post=1694169"},{"taxonomy":"post_tag","embeddable":true,"href":"https:\/\/www.pressenza.com\/fr\/wp-json\/wp\/v2\/tags?post=1694169"}],"curies":[{"name":"wp","href":"https:\/\/api.w.org\/{rel}","templated":true}]}}