{"id":1691396,"date":"2022-11-04T20:01:43","date_gmt":"2022-11-04T20:01:43","guid":{"rendered":"https:\/\/www.pressenza.com\/?p=1691396"},"modified":"2022-11-04T20:01:43","modified_gmt":"2022-11-04T20:01:43","slug":"demande-dasile-au-canada","status":"publish","type":"post","link":"https:\/\/www.pressenza.com\/fr\/2022\/11\/demande-dasile-au-canada\/","title":{"rendered":"Demande d\u2019asile au Canada"},"content":{"rendered":"<p><span style=\"font-weight: 400;\">Je souhaite vous raconter le parcours d\u2019une personne demandant l\u2019asile au Canada. On le sait, une telle personne arrive sans permis ou visa et sollicite la protection du gouvernement car sa vie est menac\u00e9e dans son pays d\u2019origine. Souvent, elle a travers\u00e9 des continents et a d\u00fb faire face \u00e0 d\u2019immenses obstacles et difficult\u00e9s avant d\u2019arriver enfin en terre canadienne.\u00a0<\/span><\/p>\n<p><span style=\"font-weight: 400;\">Une fois sur place, elle commence \u00e0 travailler en attendant le jour o\u00f9 elle passera devant un juge. C\u2019est ce magistrat qui d\u00e9cidera de son destin. Souvent craintifs, les demandeurs d\u2019asile pr\u00e9f\u00e8rent g\u00e9n\u00e9ralement s\u2019abstenir de raconter leur histoire. Leret Fataki fait exception \u00e0 cette r\u00e8gle. Je la remercie d\u2019avoir accept\u00e9 de partager son v\u00e9cu avec vous et moi.\u00a0<\/span><\/p>\n<p><span style=\"font-weight: 400;\">\u00c0 travers son propos, je souhaite donner la parole \u00e0 ceux qui, comme elle, ont tout perdu et ont tout laiss\u00e9 derri\u00e8re eux. Qui arrivent ici avec l\u2019espoir pour seul bagage. Aujourd\u2019hui \u00e2g\u00e9e de 44 ans, Leret Fataki travaille d\u00e9sormais comme pr\u00e9pos\u00e9e aux b\u00e9n\u00e9ficiaires dans une r\u00e9sidence pour a\u00een\u00e9s de Cowansville. Arriv\u00e9e au pays le 30 novembre dernier par le tr\u00e8s controvers\u00e9 chemin Roxham*, elle a d\u00e9cid\u00e9 de s\u2019installer ici en attendant de passer devant le juge qui d\u00e9cidera de son sort : lui accorder le statut de r\u00e9sidente permanente ou la d\u00e9porter.<\/span><\/p>\n<p><span style=\"font-weight: 400;\">Originaire de la R\u00e9publique D\u00e9mocratique du Congo (RDC), cette m\u00e8re de quatre enfants a d\u00fb laisser ceux-ci l\u00e0-bas sous la garde de sa m\u00e8re et de sa s\u0153ur. En effet, il y a quatre ans, elle a d\u00fb quitter le pays \u00e0 la suite d\u2019une attaque men\u00e9e contre son conjoint et contre elle. Lui a perdu la vie, mais elle a surv\u00e9cu et s\u2019est r\u00e9fugi\u00e9e en Angola, le pays voisin.\u00a0<\/span><\/p>\n<blockquote><p><span style=\"font-weight: 400;\">\u00ab Mon pays est riche, m\u2019a-t-elle confi\u00e9, mais nous sommes tellement pauvres. Je travaillais en tant qu\u2019institutrice dans une \u00e9cole primaire, mais mon salaire \u00e9tait mis\u00e9rable. Mon \u00e9poux et moi avons d\u00e9cid\u00e9 de nous impliquer en politique, mais les rivalit\u00e9s tribales \u00e9tant courantes en RDC, notre candidat \u00e0 la pr\u00e9sidence n\u2019a pas \u00e9t\u00e9 \u00e9lu et l\u2019on a voulu nous tuer. \u00bb<\/span><\/p><\/blockquote>\n<p><span style=\"font-weight: 400;\">En Angola, elle apprend le portugais dans le but d\u2019y rester le temps que le gouvernement du Congo change, esp\u00e8re-t-elle, et qu\u2019elle puisse retourner chez elle. Cependant, les Congolais ayant immigr\u00e9 en grand nombre dans ce pays voisin \u00e0 l\u2019occasion des nombreuses guerres intestines qui ont marqu\u00e9 leur histoire, le gouvernement angolais n\u2019\u00e9tait pas dispos\u00e9 \u00e0 en accueillir davantage et cherchait plut\u00f4t \u00e0 les retourner chez eux.\u00a0<\/span><\/p>\n<p><span style=\"font-weight: 400;\">\u00c0 l\u2019instar de nombre de ses compatriotes, Leret Fataki se rendra donc au Br\u00e9sil, autre pays lusophone, munie du passeport angolais qu\u2019elle s\u2019est procur\u00e9e entre-temps.\u00a0<\/span><\/p>\n<blockquote><p><span style=\"font-weight: 400;\">\u00ab Au Congo, avoir un passeport c\u2019est un luxe, m\u2019a-t-elle expliqu\u00e9. La plupart des gens n\u2019en n\u2019ont pas, car ou bien tu manges ou bien tu en as un. \u00bb<\/span><\/p><\/blockquote>\n<p><span style=\"font-weight: 400;\">Arriv\u00e9e \u00e0 Rio de Janeiro, elle trouve \u00e0 se loger dans la fav\u00e9la de Jacarezinho, un des quartiers noirs d\u00e9favoris\u00e9s de la m\u00e9tropole. Pour survivre, elle doit se r\u00e9soudre \u00e0 vendre dans la rue divers objets, parapluies, chapeaux, bref, n\u2019importe quoi pour lui permettre de manger. Cependant, elle confie ne s\u2019\u00eatre jamais sentie comme une \u00e9trang\u00e8re \u00e0 Rio. \u00c0 ses yeux, c\u2019\u00e9tait comme l\u2019Afrique.<\/span><\/p>\n<p><span style=\"font-weight: 400;\">Elle y \u00e9tait le 6 mai 2021 quand une op\u00e9ration polici\u00e8re, qualifi\u00e9e de massacre par Amnesty International, a fait plus de vingt-cinq morts dans son quartier. Effray\u00e9e, elle prend la route \u00e0 pied avec d\u2019autres habitants de Jacarezinho dans le but de se rendre \u00e0 la fronti\u00e8re entre le Br\u00e9sil, la Colombie et le P\u00e9rou.<\/span><\/p>\n<p><span style=\"font-weight: 400;\">Chaque jour, des milliers de migrants prennent ce dangereux chemin et traversent la jungle amazonienne afin de se rendre aux for\u00eats tropicales du Dari\u00e9n, o\u00f9 ils doivent emprunter un passage r\u00e9put\u00e9 \u00eatre parmi les plus dangereux du monde.<\/span><\/p>\n<p><span style=\"font-weight: 400;\">Leret Fataki \u00e9voque ce moment tr\u00e8s particulier o\u00f9 elle s\u2019appr\u00eatait \u00e0 monter dans la petite embarcation qui devait l\u2019amener en Colombie par le fleuve Amazone :\u00a0\u00a0<\/span><\/p>\n<blockquote><p><span style=\"font-weight: 400;\">\u00ab J\u2019ai pens\u00e9 \u00e0 mes enfants et \u00e0 tous les gens que j\u2019ai connus qui sont d\u00e9c\u00e9d\u00e9s sur cette route. J\u2019ai d\u00e9cid\u00e9 de retourner et je suis rentr\u00e9e \u00e0 Rio, d\u00e9termin\u00e9e \u00e0 trouver une autre solution pour me rendre au Canada \u00bb ajoutant que, pour des milliers d\u2019autres dans sa situation, le Canada est le seul endroit s\u00fbr dans les Am\u00e9riques.<\/span><\/p><\/blockquote>\n<p><span style=\"font-weight: 400;\">\u00c0 l\u2019ambassade du Mexique de Sao Polo, elle obtient un visa touristique de deux mois pour Mexico. Puis, \u00e0 l\u2019automne 2021, elle tente, comme bien d\u2019autres avant elle, la travers\u00e9e du Rio Bravo (ou Rio Grande, fleuve qui marque la fronti\u00e8re entre le Mexique et les \u00c9tats-Unis) dont les eaux tra\u00eetresses ont d\u00e9j\u00e0 emport\u00e9 beaucoup de vies. Elle n\u2019a pour toute possession que les v\u00eatements qu\u2019elle porte sur elle et son cellulaire, fix\u00e9 \u00e0 sa t\u00eate \u00e0 l\u2019aide d\u2019un bandana afin d\u2019\u00e9viter de le mouiller, l\u2019eau lui arrivant jusqu\u2019au cou.<\/span><\/p>\n<p><span style=\"font-weight: 400;\">Aux \u00c9tats-Unis, elle est d\u00e9tenue dans un centre de r\u00e9tention. Comme elle a perdu son passeport angolais dans les eaux profondes du Rio Bravo, on a rapidement programm\u00e9 une rencontre avec un juge.\u00a0<\/span><\/p>\n<blockquote><p><span style=\"font-weight: 400;\">\u00ab Je savais qu\u2019on voulait me d\u00e9porter, confie-t-elle, et je me suis dit que je devrais franchir la fronti\u00e8re canadienne avant la date de mon audience, pr\u00e9vue pour le 6 janvier 2022. Mais les fronti\u00e8res \u00e9taient ferm\u00e9es \u00e0 cause de la pand\u00e9mie. On priait tous tr\u00e8s fort pour qu\u2019elles soient rouvertes. \u00bb\u00a0<\/span><\/p><\/blockquote>\n<p><span style=\"font-weight: 400;\">Dans l\u2019attente de ce moment tant esp\u00e9r\u00e9, elle est log\u00e9e dans une auberge de Portland r\u00e9serv\u00e9e aux migrants. Au moment de partir, on lui fournira nourriture, v\u00eatements et conseils pour la travers\u00e9e de la fronti\u00e8re.<\/span><\/p>\n<p><span style=\"font-weight: 400;\">Le 30 novembre 2021, soit pr\u00e9cis\u00e9ment 9 jours apr\u00e8s la r\u00e9ouverture des fronti\u00e8res, elle emprunte le chemin Roxham. Comme elle n\u2019a pour toute pi\u00e8ce d\u2019identit\u00e9 qu\u2019une copie de sa carte d\u2019\u00e9lectrice congolaise, on la gardera une semaine \u00e0 Lacolle o\u00f9 elle passera diverses audiences avant qu\u2019on la laisse finalement entrer au pays.\u00a0<\/span><\/p>\n<p><span style=\"font-weight: 400;\">Le 9 d\u00e9cembre, elle d\u00e9barque au YMCA de Montr\u00e9al et entreprend alors une formation de pr\u00e9pos\u00e9e aux b\u00e9n\u00e9ficiaires d\u2019une dur\u00e9e de deux mois.\u00a0<\/span><\/p>\n<blockquote><p><span style=\"font-weight: 400;\">\u00ab C\u2019est une fa\u00e7on de gagner sa vie, mais aussi d\u2019aider les autres et je voulais aider, explique-t-elle. Les b\u00e9n\u00e9voles des centres pour les a\u00een\u00e9s m\u2019ont beaucoup aid\u00e9e. Je ne vais jamais oublier cela et je me suis dit que, d\u00e8s que je serais install\u00e9e, moi aussi j\u2019allais devenir b\u00e9n\u00e9vole et aider les autres, comme on l\u2019a fait pour moi. \u00bb<\/span><\/p><\/blockquote>\n<p>Nathalia Guerrero V\u00e9lez<\/p>\n<p>___________________________________________<\/p>\n<p><span style=\"font-weight: 400;\">* <em>Le chemin Roxham est le passage qui traverse la fronti\u00e8re canado-am\u00e9ricaine en provenance de la petite ville de Champlain, dans l\u2019\u00c9tat de New York, aux \u00c9tats-Unis. Du c\u00f4t\u00e9 qu\u00e9b\u00e9cois, il se trouve dans la petite municipalit\u00e9 de Saint-Bernard-de-Lacolle, en Mont\u00e9r\u00e9gie, \u00e0 environ 65 km au sud de Montr\u00e9al. Le point d\u2019arriv\u00e9e est \u00e0 quelques minutes \u00e0 peine de l\u2019Agence des services frontaliers du Canada.\u00a0<\/em><\/span><\/p>\n<p><em><span style=\"font-weight: 400;\">Apr\u00e8s l\u2019avoir ferm\u00e9 pendant la pand\u00e9mie, le gouvernement f\u00e9d\u00e9ral a rouvert le chemin en novembre 2021. Mais depuis quelques mois le gouvernement du Qu\u00e9bec demande la fermeture de ce passage irr\u00e9gulier qu\u2019empruntent quotidiennement des centaines de demandeurs d\u2019asile en qu\u00eate d\u2019une vie meilleure.<\/span><\/em><\/p>\n","protected":false},"excerpt":{"rendered":"<p>Je souhaite vous raconter le parcours d\u2019une personne demandant l\u2019asile au Canada. On le sait, une telle personne arrive sans permis ou visa et sollicite la protection du gouvernement car sa vie est menac\u00e9e dans son pays d\u2019origine. Souvent, elle&hellip;<\/p>\n","protected":false},"author":2143,"featured_media":1691397,"comment_status":"closed","ping_status":"closed","sticky":false,"template":"","format":"standard","meta":{"footnotes":""},"categories":[98,40,54568],"tags":[41529,101682,2899],"class_list":["post-1691396","post","type-post","status-publish","format-standard","has-post-thumbnail","hentry","category-droits-de-lhomme","category-international-fr","category-migrants-fr","tag-accueil-des-migrants","tag-amecq","tag-canada-fr"],"yoast_head":"<!-- This site is optimized with the Yoast SEO plugin v27.1.1 - https:\/\/yoast.com\/product\/yoast-seo-wordpress\/ -->\n<title>Demande d\u2019asile au Canada<\/title>\n<meta name=\"description\" content=\"Je souhaite vous raconter le parcours d\u2019une personne demandant l\u2019asile au Canada. On le sait, une telle personne arrive sans permis ou visa et sollicite\" \/>\n<meta name=\"robots\" content=\"index, follow, max-snippet:-1, max-image-preview:large, max-video-preview:-1\" \/>\n<link rel=\"canonical\" href=\"https:\/\/www.pressenza.com\/fr\/2022\/11\/demande-dasile-au-canada\/\" \/>\n<meta property=\"og:locale\" content=\"fr_FR\" \/>\n<meta property=\"og:type\" content=\"article\" \/>\n<meta property=\"og:title\" content=\"Demande d\u2019asile au Canada\" \/>\n<meta property=\"og:description\" content=\"Je souhaite vous raconter le parcours d\u2019une personne demandant l\u2019asile au Canada. On le sait, une telle personne arrive sans permis ou visa et sollicite\" \/>\n<meta property=\"og:url\" content=\"https:\/\/www.pressenza.com\/fr\/2022\/11\/demande-dasile-au-canada\/\" \/>\n<meta property=\"og:site_name\" content=\"Pressenza\" \/>\n<meta property=\"article:publisher\" content=\"https:\/\/www.facebook.com\/PressenzaItalia\" \/>\n<meta property=\"article:published_time\" content=\"2022-11-04T20:01:43+00:00\" \/>\n<meta property=\"og:image\" content=\"https:\/\/www.pressenza.com\/wp-content\/uploads\/2022\/11\/Leret-Fataki-3.jpg\" \/>\n\t<meta property=\"og:image:width\" content=\"780\" \/>\n\t<meta property=\"og:image:height\" content=\"523\" \/>\n\t<meta property=\"og:image:type\" content=\"image\/jpeg\" \/>\n<meta name=\"author\" content=\"AMECQ - Association des m\u00e9dias \u00e9crits communautaires du Qu\u00e9bec\" \/>\n<meta name=\"twitter:card\" content=\"summary_large_image\" \/>\n<meta name=\"twitter:creator\" content=\"@PressenzaIPA\" \/>\n<meta name=\"twitter:site\" content=\"@PressenzaIPA\" \/>\n<meta name=\"twitter:label1\" content=\"\u00c9crit par\" \/>\n\t<meta name=\"twitter:data1\" content=\"AMECQ - Association des m\u00e9dias \u00e9crits communautaires du Qu\u00e9bec\" \/>\n\t<meta name=\"twitter:label2\" content=\"Dur\u00e9e de lecture estim\u00e9e\" \/>\n\t<meta name=\"twitter:data2\" content=\"6 minutes\" \/>\n<script type=\"application\/ld+json\" class=\"yoast-schema-graph\">{\"@context\":\"https:\/\/schema.org\",\"@graph\":[{\"@type\":\"Article\",\"@id\":\"https:\/\/www.pressenza.com\/fr\/2022\/11\/demande-dasile-au-canada\/#article\",\"isPartOf\":{\"@id\":\"https:\/\/www.pressenza.com\/fr\/2022\/11\/demande-dasile-au-canada\/\"},\"author\":{\"name\":\"AMECQ - Association des m\u00e9dias \u00e9crits communautaires du Qu\u00e9bec\",\"@id\":\"https:\/\/www.pressenza.com\/fr\/#\/schema\/person\/5362584f414349fe88d3246d58d2ac3a\"},\"headline\":\"Demande d\u2019asile au Canada\",\"datePublished\":\"2022-11-04T20:01:43+00:00\",\"mainEntityOfPage\":{\"@id\":\"https:\/\/www.pressenza.com\/fr\/2022\/11\/demande-dasile-au-canada\/\"},\"wordCount\":1317,\"publisher\":{\"@id\":\"https:\/\/www.pressenza.com\/fr\/#organization\"},\"image\":{\"@id\":\"https:\/\/www.pressenza.com\/fr\/2022\/11\/demande-dasile-au-canada\/#primaryimage\"},\"thumbnailUrl\":\"https:\/\/www.pressenza.com\/wp-content\/uploads\/2022\/11\/Leret-Fataki-3.jpg\",\"keywords\":[\"accueil des migrants\",\"AMECQ\",\"Canada\"],\"articleSection\":[\"Droits humains\",\"International\",\"Migrants\"],\"inLanguage\":\"fr-FR\"},{\"@type\":\"WebPage\",\"@id\":\"https:\/\/www.pressenza.com\/fr\/2022\/11\/demande-dasile-au-canada\/\",\"url\":\"https:\/\/www.pressenza.com\/fr\/2022\/11\/demande-dasile-au-canada\/\",\"name\":\"Demande d\u2019asile au Canada\",\"isPartOf\":{\"@id\":\"https:\/\/www.pressenza.com\/fr\/#website\"},\"primaryImageOfPage\":{\"@id\":\"https:\/\/www.pressenza.com\/fr\/2022\/11\/demande-dasile-au-canada\/#primaryimage\"},\"image\":{\"@id\":\"https:\/\/www.pressenza.com\/fr\/2022\/11\/demande-dasile-au-canada\/#primaryimage\"},\"thumbnailUrl\":\"https:\/\/www.pressenza.com\/wp-content\/uploads\/2022\/11\/Leret-Fataki-3.jpg\",\"datePublished\":\"2022-11-04T20:01:43+00:00\",\"description\":\"Je souhaite vous raconter le parcours d\u2019une personne demandant l\u2019asile au Canada. On le sait, une telle personne arrive sans permis ou visa et sollicite\",\"breadcrumb\":{\"@id\":\"https:\/\/www.pressenza.com\/fr\/2022\/11\/demande-dasile-au-canada\/#breadcrumb\"},\"inLanguage\":\"fr-FR\",\"potentialAction\":[{\"@type\":\"ReadAction\",\"target\":[\"https:\/\/www.pressenza.com\/fr\/2022\/11\/demande-dasile-au-canada\/\"]}]},{\"@type\":\"ImageObject\",\"inLanguage\":\"fr-FR\",\"@id\":\"https:\/\/www.pressenza.com\/fr\/2022\/11\/demande-dasile-au-canada\/#primaryimage\",\"url\":\"https:\/\/www.pressenza.com\/wp-content\/uploads\/2022\/11\/Leret-Fataki-3.jpg\",\"contentUrl\":\"https:\/\/www.pressenza.com\/wp-content\/uploads\/2022\/11\/Leret-Fataki-3.jpg\",\"width\":780,\"height\":523,\"caption\":\"Cr\u00e9dit photo : Le journal Saint-Armand\"},{\"@type\":\"BreadcrumbList\",\"@id\":\"https:\/\/www.pressenza.com\/fr\/2022\/11\/demande-dasile-au-canada\/#breadcrumb\",\"itemListElement\":[{\"@type\":\"ListItem\",\"position\":1,\"name\":\"Accueil\",\"item\":\"https:\/\/www.pressenza.com\/fr\/\"},{\"@type\":\"ListItem\",\"position\":2,\"name\":\"Demande d\u2019asile au Canada\"}]},{\"@type\":\"WebSite\",\"@id\":\"https:\/\/www.pressenza.com\/fr\/#website\",\"url\":\"https:\/\/www.pressenza.com\/fr\/\",\"name\":\"Pressenza\",\"description\":\"International Press Agency\",\"publisher\":{\"@id\":\"https:\/\/www.pressenza.com\/fr\/#organization\"},\"potentialAction\":[{\"@type\":\"SearchAction\",\"target\":{\"@type\":\"EntryPoint\",\"urlTemplate\":\"https:\/\/www.pressenza.com\/fr\/?s={search_term_string}\"},\"query-input\":{\"@type\":\"PropertyValueSpecification\",\"valueRequired\":true,\"valueName\":\"search_term_string\"}}],\"inLanguage\":\"fr-FR\"},{\"@type\":\"Organization\",\"@id\":\"https:\/\/www.pressenza.com\/fr\/#organization\",\"name\":\"Pressenza\",\"url\":\"https:\/\/www.pressenza.com\/fr\/\",\"logo\":{\"@type\":\"ImageObject\",\"inLanguage\":\"fr-FR\",\"@id\":\"https:\/\/www.pressenza.com\/fr\/#\/schema\/logo\/image\/\",\"url\":\"https:\/\/www.pressenza.com\/wp-content\/uploads\/2022\/10\/pressenza_logo_200x200.jpg\",\"contentUrl\":\"https:\/\/www.pressenza.com\/wp-content\/uploads\/2022\/10\/pressenza_logo_200x200.jpg\",\"width\":200,\"height\":200,\"caption\":\"Pressenza\"},\"image\":{\"@id\":\"https:\/\/www.pressenza.com\/fr\/#\/schema\/logo\/image\/\"},\"sameAs\":[\"https:\/\/www.facebook.com\/PressenzaItalia\",\"https:\/\/x.com\/PressenzaIPA\"]},{\"@type\":\"Person\",\"@id\":\"https:\/\/www.pressenza.com\/fr\/#\/schema\/person\/5362584f414349fe88d3246d58d2ac3a\",\"name\":\"AMECQ - Association des m\u00e9dias \u00e9crits communautaires du Qu\u00e9bec\",\"description\":\"L\u2019Association des m\u00e9dias \u00e9crits communautaires du Qu\u00e9bec a pour but : de fournir des services de soutien et de formation \u00e0 ses journaux communautaires membres et de les regrouper et de les repr\u00e9senter pour que ceux-ci puissent remplir leur r\u00f4le et leur mission fondamentale. L\u2019Association participe activement au d\u00e9veloppement et au rayonnement des m\u00e9dias \u00e9crits communautaires. Les liens \u00e9troits et constants qu\u2019elle entretient avec ses membres lui assurent une connaissance dynamique du secteur et de ses besoins. L\u2019AMECQ compte 74 journaux membres.\",\"url\":\"https:\/\/www.pressenza.com\/fr\/author\/amecq\/\"}]}<\/script>\n<!-- \/ Yoast SEO plugin. -->","yoast_head_json":{"title":"Demande d\u2019asile au Canada","description":"Je souhaite vous raconter le parcours d\u2019une personne demandant l\u2019asile au Canada. On le sait, une telle personne arrive sans permis ou visa et sollicite","robots":{"index":"index","follow":"follow","max-snippet":"max-snippet:-1","max-image-preview":"max-image-preview:large","max-video-preview":"max-video-preview:-1"},"canonical":"https:\/\/www.pressenza.com\/fr\/2022\/11\/demande-dasile-au-canada\/","og_locale":"fr_FR","og_type":"article","og_title":"Demande d\u2019asile au Canada","og_description":"Je souhaite vous raconter le parcours d\u2019une personne demandant l\u2019asile au Canada. On le sait, une telle personne arrive sans permis ou visa et sollicite","og_url":"https:\/\/www.pressenza.com\/fr\/2022\/11\/demande-dasile-au-canada\/","og_site_name":"Pressenza","article_publisher":"https:\/\/www.facebook.com\/PressenzaItalia","article_published_time":"2022-11-04T20:01:43+00:00","og_image":[{"width":780,"height":523,"url":"https:\/\/www.pressenza.com\/wp-content\/uploads\/2022\/11\/Leret-Fataki-3.jpg","type":"image\/jpeg"}],"author":"AMECQ - Association des m\u00e9dias \u00e9crits communautaires du Qu\u00e9bec","twitter_card":"summary_large_image","twitter_creator":"@PressenzaIPA","twitter_site":"@PressenzaIPA","twitter_misc":{"\u00c9crit par":"AMECQ - Association des m\u00e9dias \u00e9crits communautaires du Qu\u00e9bec","Dur\u00e9e de lecture estim\u00e9e":"6 minutes"},"schema":{"@context":"https:\/\/schema.org","@graph":[{"@type":"Article","@id":"https:\/\/www.pressenza.com\/fr\/2022\/11\/demande-dasile-au-canada\/#article","isPartOf":{"@id":"https:\/\/www.pressenza.com\/fr\/2022\/11\/demande-dasile-au-canada\/"},"author":{"name":"AMECQ - Association des m\u00e9dias \u00e9crits communautaires du Qu\u00e9bec","@id":"https:\/\/www.pressenza.com\/fr\/#\/schema\/person\/5362584f414349fe88d3246d58d2ac3a"},"headline":"Demande d\u2019asile au Canada","datePublished":"2022-11-04T20:01:43+00:00","mainEntityOfPage":{"@id":"https:\/\/www.pressenza.com\/fr\/2022\/11\/demande-dasile-au-canada\/"},"wordCount":1317,"publisher":{"@id":"https:\/\/www.pressenza.com\/fr\/#organization"},"image":{"@id":"https:\/\/www.pressenza.com\/fr\/2022\/11\/demande-dasile-au-canada\/#primaryimage"},"thumbnailUrl":"https:\/\/www.pressenza.com\/wp-content\/uploads\/2022\/11\/Leret-Fataki-3.jpg","keywords":["accueil des migrants","AMECQ","Canada"],"articleSection":["Droits humains","International","Migrants"],"inLanguage":"fr-FR"},{"@type":"WebPage","@id":"https:\/\/www.pressenza.com\/fr\/2022\/11\/demande-dasile-au-canada\/","url":"https:\/\/www.pressenza.com\/fr\/2022\/11\/demande-dasile-au-canada\/","name":"Demande d\u2019asile au Canada","isPartOf":{"@id":"https:\/\/www.pressenza.com\/fr\/#website"},"primaryImageOfPage":{"@id":"https:\/\/www.pressenza.com\/fr\/2022\/11\/demande-dasile-au-canada\/#primaryimage"},"image":{"@id":"https:\/\/www.pressenza.com\/fr\/2022\/11\/demande-dasile-au-canada\/#primaryimage"},"thumbnailUrl":"https:\/\/www.pressenza.com\/wp-content\/uploads\/2022\/11\/Leret-Fataki-3.jpg","datePublished":"2022-11-04T20:01:43+00:00","description":"Je souhaite vous raconter le parcours d\u2019une personne demandant l\u2019asile au Canada. On le sait, une telle personne arrive sans permis ou visa et sollicite","breadcrumb":{"@id":"https:\/\/www.pressenza.com\/fr\/2022\/11\/demande-dasile-au-canada\/#breadcrumb"},"inLanguage":"fr-FR","potentialAction":[{"@type":"ReadAction","target":["https:\/\/www.pressenza.com\/fr\/2022\/11\/demande-dasile-au-canada\/"]}]},{"@type":"ImageObject","inLanguage":"fr-FR","@id":"https:\/\/www.pressenza.com\/fr\/2022\/11\/demande-dasile-au-canada\/#primaryimage","url":"https:\/\/www.pressenza.com\/wp-content\/uploads\/2022\/11\/Leret-Fataki-3.jpg","contentUrl":"https:\/\/www.pressenza.com\/wp-content\/uploads\/2022\/11\/Leret-Fataki-3.jpg","width":780,"height":523,"caption":"Cr\u00e9dit photo : Le journal Saint-Armand"},{"@type":"BreadcrumbList","@id":"https:\/\/www.pressenza.com\/fr\/2022\/11\/demande-dasile-au-canada\/#breadcrumb","itemListElement":[{"@type":"ListItem","position":1,"name":"Accueil","item":"https:\/\/www.pressenza.com\/fr\/"},{"@type":"ListItem","position":2,"name":"Demande d\u2019asile au Canada"}]},{"@type":"WebSite","@id":"https:\/\/www.pressenza.com\/fr\/#website","url":"https:\/\/www.pressenza.com\/fr\/","name":"Pressenza","description":"International Press Agency","publisher":{"@id":"https:\/\/www.pressenza.com\/fr\/#organization"},"potentialAction":[{"@type":"SearchAction","target":{"@type":"EntryPoint","urlTemplate":"https:\/\/www.pressenza.com\/fr\/?s={search_term_string}"},"query-input":{"@type":"PropertyValueSpecification","valueRequired":true,"valueName":"search_term_string"}}],"inLanguage":"fr-FR"},{"@type":"Organization","@id":"https:\/\/www.pressenza.com\/fr\/#organization","name":"Pressenza","url":"https:\/\/www.pressenza.com\/fr\/","logo":{"@type":"ImageObject","inLanguage":"fr-FR","@id":"https:\/\/www.pressenza.com\/fr\/#\/schema\/logo\/image\/","url":"https:\/\/www.pressenza.com\/wp-content\/uploads\/2022\/10\/pressenza_logo_200x200.jpg","contentUrl":"https:\/\/www.pressenza.com\/wp-content\/uploads\/2022\/10\/pressenza_logo_200x200.jpg","width":200,"height":200,"caption":"Pressenza"},"image":{"@id":"https:\/\/www.pressenza.com\/fr\/#\/schema\/logo\/image\/"},"sameAs":["https:\/\/www.facebook.com\/PressenzaItalia","https:\/\/x.com\/PressenzaIPA"]},{"@type":"Person","@id":"https:\/\/www.pressenza.com\/fr\/#\/schema\/person\/5362584f414349fe88d3246d58d2ac3a","name":"AMECQ - Association des m\u00e9dias \u00e9crits communautaires du Qu\u00e9bec","description":"L\u2019Association des m\u00e9dias \u00e9crits communautaires du Qu\u00e9bec a pour but : de fournir des services de soutien et de formation \u00e0 ses journaux communautaires membres et de les regrouper et de les repr\u00e9senter pour que ceux-ci puissent remplir leur r\u00f4le et leur mission fondamentale. L\u2019Association participe activement au d\u00e9veloppement et au rayonnement des m\u00e9dias \u00e9crits communautaires. Les liens \u00e9troits et constants qu\u2019elle entretient avec ses membres lui assurent une connaissance dynamique du secteur et de ses besoins. L\u2019AMECQ compte 74 journaux membres.","url":"https:\/\/www.pressenza.com\/fr\/author\/amecq\/"}]}},"place":"Le Saint-Armand, Armandie","original_article_url":"https:\/\/journalstarmand.com\/le-perilleux-parcours-de-leret-fataki\/","_links":{"self":[{"href":"https:\/\/www.pressenza.com\/fr\/wp-json\/wp\/v2\/posts\/1691396","targetHints":{"allow":["GET"]}}],"collection":[{"href":"https:\/\/www.pressenza.com\/fr\/wp-json\/wp\/v2\/posts"}],"about":[{"href":"https:\/\/www.pressenza.com\/fr\/wp-json\/wp\/v2\/types\/post"}],"author":[{"embeddable":true,"href":"https:\/\/www.pressenza.com\/fr\/wp-json\/wp\/v2\/users\/2143"}],"replies":[{"embeddable":true,"href":"https:\/\/www.pressenza.com\/fr\/wp-json\/wp\/v2\/comments?post=1691396"}],"version-history":[{"count":0,"href":"https:\/\/www.pressenza.com\/fr\/wp-json\/wp\/v2\/posts\/1691396\/revisions"}],"wp:featuredmedia":[{"embeddable":true,"href":"https:\/\/www.pressenza.com\/fr\/wp-json\/wp\/v2\/media\/1691397"}],"wp:attachment":[{"href":"https:\/\/www.pressenza.com\/fr\/wp-json\/wp\/v2\/media?parent=1691396"}],"wp:term":[{"taxonomy":"category","embeddable":true,"href":"https:\/\/www.pressenza.com\/fr\/wp-json\/wp\/v2\/categories?post=1691396"},{"taxonomy":"post_tag","embeddable":true,"href":"https:\/\/www.pressenza.com\/fr\/wp-json\/wp\/v2\/tags?post=1691396"}],"curies":[{"name":"wp","href":"https:\/\/api.w.org\/{rel}","templated":true}]}}