{"id":1690736,"date":"2022-11-01T15:59:18","date_gmt":"2022-11-01T15:59:18","guid":{"rendered":"https:\/\/www.pressenza.com\/?p=1690736"},"modified":"2022-11-01T15:59:18","modified_gmt":"2022-11-01T15:59:18","slug":"aviation-electrique-les-batteries-sont-encore-trop-lourdes","status":"publish","type":"post","link":"https:\/\/www.pressenza.com\/fr\/2022\/11\/aviation-electrique-les-batteries-sont-encore-trop-lourdes\/","title":{"rendered":"Aviation \u00e9lectrique : les batteries sont encore trop lourdes"},"content":{"rendered":"<div>\n<p><strong>On devrait bient\u00f4t voir des avions \u00e9lectriques. Interview de l&rsquo;ing\u00e9nieure en a\u00e9ronautique G\u00f6k\u00e7in \u00c7\u0131nar.<\/strong><\/p>\n<p>Jo Adetunji pour le journal en ligne <a href=\"https:\/\/www.infosperber.ch\/umwelt\/boden-raum-verkehr\/elektrische-luftfahrt-noch-sind-die-batterien-zu-schwer\/\">INFOsperber<\/a><\/p>\n<p>Cette interview a \u00e9t\u00e9 publi\u00e9e pour la premi\u00e8re fois le 19 septembre 2022 sur <a href=\"https:\/\/theconversation.com\/electric-planes-are-coming-short-hop-regional-flights-could-be-running-on-batteries-in-a-few-years-190098\" target=\"_blank\" rel=\"noreferrer noopener\" data-type=\"URL\" data-id=\"https:\/\/theconversation.com\/electric-planes-are-coming-short-hop-regional-flights-could-be-running-on-batteries-in-a-few-years-190098\">The Conversation<\/a>. Infosperber l&rsquo;a traduite dans le cadre de la licence Creative Commons.<\/p>\n<\/div>\n<div class=\"entry-content clearfix\">\n<p>Les avions \u00e9lectriques peuvent sembler futuristes, mais ils devraient bient\u00f4t \u00eatre utilis\u00e9s au moins pour les courtes distances. Des biplaces Velis Electros survolent d\u00e9j\u00e0 silencieusement <a href=\"https:\/\/investor.textron.com\/news\/news-releases\/press-release-details\/2022\/Textron-Completes-Acquisition-of-Pipistrel\/default.aspx\" target=\"_blank\" rel=\"noreferrer noopener\" data-type=\"URL\" data-id=\"https:\/\/investor.textron.com\/news\/news-releases\/press-release-details\/2022\/Textron-Completes-Acquisition-of-Pipistrel\/default.aspx\">les pays d\u2019Europe<\/a>,<a href=\"https:\/\/harbourair.com\/harbour-air-and-magnix-announce-successful-flight-of-worlds-first-commercial-electric-airplane\/\" target=\"_blank\" rel=\"noreferrer noopener\" data-type=\"URL\" data-id=\"https:\/\/harbourair.com\/harbour-air-and-magnix-announce-successful-flight-of-worlds-first-commercial-electric-airplane\/\"> des hydravions \u00e9lectriques<\/a> des hydravions \u00e9lectriques sont test\u00e9s en Colombie-Britannique, et des avions plus grands vont suivre.<a href=\"http:\/\/heartaerospace.com\/heart-aerospace-unveils-new-airplane-design-confirms-air-canada-and-saab-as-new-shareholders\/\" target=\"_blank\" rel=\"noreferrer noopener\" data-type=\"URL\" data-id=\"http:\/\/heartaerospace.com\/heart-aerospace-unveils-new-airplane-design-confirms-air-canada-and-saab-as-new-shareholders\/\"> Air Canada<\/a> a annonc\u00e9 le 15 septembre 2022 l&rsquo;achat de 30 avions r\u00e9gionaux hybrides \u00e9lectriques aupr\u00e8s de la soci\u00e9t\u00e9 su\u00e9doise Heart Aerospace, qui pr\u00e9voit de mettre en service son avion de 30 places d&rsquo;ici 2028. Les analystes du Laboratoire National Nord Am\u00e9ricain des \u00c9nergies Renouvelables indiquent que <a href=\"https:\/\/www.nrel.gov\/docs\/fy22osti\/80220.pdf\" target=\"_blank\" rel=\"noreferrer noopener\" data-type=\"URL\" data-id=\"https:\/\/www.nrel.gov\/docs\/fy22osti\/80220.pdf\">la premi\u00e8re navette a\u00e9rienne hybride-\u00e9lectrique proposant entre 50 et 70 places <\/a><a href=\"https:\/\/www.electricaviationgroup.com\/electric-flight\/\" target=\"_blank\" rel=\"noreferrer noopener\" data-type=\"URL\" data-id=\"https:\/\/www.electricaviationgroup.com\/electric-flight\/\">pourrait \u00eatre pr\u00eat<\/a>\u00a0peu de temps apr\u00e8s. Dans les ann\u00e9es 2030, disent-ils, l&rsquo;aviation \u00e9lectrique pourrait vraiment d\u00e9coller.<\/p>\n<p>Environ 3 pour cent des \u00e9missions mondiales proviennent aujourd&rsquo;hui de l&rsquo;aviation, et comme on s&rsquo;attend \u00e0 ce que la croissance d\u00e9mographique entra\u00eene une augmentation du nombre de passagers et de vols, l&rsquo;aviation pourrait, d&rsquo;ici 2050, \u00e9mettre <a href=\"https:\/\/www.nrel.gov\/docs\/fy22osti\/80220.pdf\" target=\"_blank\" rel=\"noreferrer noopener\" data-type=\"URL\" data-id=\"https:\/\/www.nrel.gov\/docs\/fy22osti\/80220.pdf\">entre trois et cinq fois<\/a>\u00a0plus de dioxyde de carbone qu&rsquo;avant la pand\u00e9mie de COVID-19.<\/p>\n<div><a href=\"https:\/\/scholar.google.com\/citations?user=KIbLE10AAAAJ&amp;hl=en\" target=\"_blank\" rel=\"noreferrer noopener\" data-type=\"URL\" data-id=\"https:\/\/scholar.google.com\/citations?user=KIbLE10AAAAJ&amp;hl=en\">G\u00f6k\u00e7in \u00c7\u0131nar<\/a>, ing\u00e9nieure en a\u00e9rospatiale et professeure assistante, d\u00e9veloppe des concepts d&rsquo;aviation durable \u00e0 l&rsquo;Universit\u00e9 du Michigan, notamment des avions hybrides \u00e9lectriques ou utilisant de l&rsquo;hydrog\u00e8ne comme carburant. <em>The Conversation<\/em> l&rsquo;a interview\u00e9e sur les principaux moyens de r\u00e9duire les \u00e9missions dans le domaine de l&rsquo;aviation, et sur le d\u00e9veloppement de technologies telles que l&rsquo;\u00e9lectrification et l&rsquo;utilisation de l&rsquo;hydrog\u00e8ne.<\/div>\n<div><span style=\"font-size: small;\">\u00a0<\/span><\/div>\n<p><strong>Pourquoi est-il si difficile d&rsquo;\u00e9lectrifier l&rsquo;aviation ?<\/strong><\/p>\n<p>Les avions font partie des v\u00e9hicules les plus complexes, mais le plus gros probl\u00e8me pour pouvoir les \u00e9lectrifier est le poids des batteries.<\/p>\n<p>Si l&rsquo;on essayait d&rsquo;\u00e9lectrifier compl\u00e8tement un 737 avec les batteries existantes, pour voler juste une heure, il ne faudrait embarquer ni passager, ni fret, et remplir tout l&rsquo;espace avec des batteries.<\/p>\n<p>Si l&rsquo;on compare une batterie et du k\u00e9ros\u00e8ne, le k\u00e9ros\u00e8ne peut stocker environ 50 fois plus d&rsquo;\u00e9nergie par unit\u00e9 de masse. On peut donc utiliser 1 livre de k\u00e9ros\u00e8ne ou 50 livres de batterie. Pour combler cette diff\u00e9rence, nous devons soit all\u00e9ger les batteries au lithium-ion, soit d\u00e9velopper de nouvelles batteries qui stockent plus d&rsquo;\u00e9nergie. De nouvelles batteries sont en cours de d\u00e9veloppement, mais elles ne sont pas encore adapt\u00e9es aux avions. L&rsquo;hybrides constitue une alternative \u00e9lectrique.<\/p>\n<p>M\u00eame si nous ne sommes peut-\u00eatre pas en mesure d&rsquo;\u00e9lectrifier totalement un 737, nous pouvons utiliser des syst\u00e8mes de propulsion hybrides sur des avions plus grands et r\u00e9duire la consommation de carburant. Nous essayons d&rsquo;atteindre cet objectif \u00e0 court terme, avec un objectif pour 2030-2035 pour les petits avions r\u00e9gionaux. Moins on br\u00fble de carburant pendant le vol, moins on produit d&rsquo;\u00e9missions de gaz \u00e0 effet de serre.<\/p>\n<p><span style=\"font-size: small;\">\u00a0<\/span><strong>Comment l\u2019aviation hybride contribue-t-elle \u00e0 la r\u00e9duction des \u00e9missions ?\u00a0<\/strong><\/p>\n<p>Les avions \u00e9lectriques hybrides sont similaires aux voitures \u00e9lectriques hybrides, dans la mesure o\u00f9 ils utilisent une combinaison de batteries et de carburant d&rsquo;aviation. Le probl\u00e8me est qu&rsquo;aucun autre secteur que l\u2019industrie a\u00e9rospatiale ne doit faire face aux restrictions de poids. Nous devons donc r\u00e9fl\u00e9chir tr\u00e8s pr\u00e9cis\u00e9ment \u00e0 la mani\u00e8re et \u00e0 la mesure de l&rsquo;hybridation du syst\u00e8me de propulsion.<\/p>\n<p>L&rsquo;utilisation de batteries pour la phase de d\u00e9collage et de mont\u00e9e en altitude est une option prometteuse. Le roulage vers la piste en utilisant uniquement une propulsion \u00e9lectrique pourrait \u00e9galement permettre d&rsquo;\u00e9conomiser une quantit\u00e9 consid\u00e9rable de carburant et de r\u00e9duire les \u00e9missions aux alentours des a\u00e9roports. Il existe un point critique entre le poids suppl\u00e9mentaire de la batterie et la quantit\u00e9 d&rsquo;\u00e9lectricit\u00e9 que l&rsquo;on peut utiliser pour obtenir un avantage net en terme de carburant. Ce probl\u00e8me d&rsquo;optimisation est au c\u0153ur de mes recherches.<\/p>\n<p>Les hybrides consommeraient toujours du carburant pendant le vol. Mais cela serait nettement moins que si l&rsquo;on se reposait exclusivement sur le k\u00e9ros\u00e8ne.<\/p>\n<p>Je vois l&rsquo;hybridation comme une option \u00e0 moyen terme pour les plus gros appareils, mais comme une solution \u00e0 court terme pour les avions r\u00e9gionaux.<\/p>\n<p>Dans les ann\u00e9es 2030 \u00e0 2035, nous nous concentrerons sur les avions hybrides \u00e0 turbopropulseurs, en g\u00e9n\u00e9ral des avions r\u00e9gionaux de 50 \u00e0 80 passagers ou destin\u00e9s au transport de marchandises. Ces hybrides pourraient r\u00e9duire la consommation de carburant d&rsquo;environ 10 %.<\/p>\n<p>Les avions hybrides \u00e9lectriques permettraient \u00e9galement aux compagnies a\u00e9riennes d&rsquo;utiliser davantage d&rsquo;a\u00e9roports r\u00e9gionaux, ce qui r\u00e9duirait la congestion et le temps pass\u00e9 par les avions plus gros \u00e0 tourner au ralenti sur la piste.<\/p>\n<p><strong>\u00a0Comment voyez-vous l&rsquo;aviation durable dans un avenir proche ?<\/strong><\/p>\n<p>\u00c0 court terme, nous voyons une utilisation accrue de carburants d&rsquo;aviation durables. Avec les moteurs actuels, il est possible de verser du carburant d&rsquo;aviation durable dans le m\u00eame r\u00e9servoir et de le br\u00fbler. Des carburants \u00e0 base de ma\u00efs, d&rsquo;algues, d&rsquo;ol\u00e9agineux et d&rsquo;autres graisses sont d\u00e9j\u00e0 utilis\u00e9s.<\/p>\n<p>Les carburants d&rsquo;aviation durables peuvent r\u00e9duire les \u00e9missions nettes de dioxyde de carbone d&rsquo;un avion d&rsquo;environ 80 %, mais l&rsquo;offre est limit\u00e9e et l&rsquo;utilisation de biomasse pour fabriquer du carburant pourrait entrer en concurrence avec la production alimentaire et entra\u00eener la d\u00e9forestation.<\/p>\n<p>Une deuxi\u00e8me possibilit\u00e9 est d&rsquo;utiliser des carburants synth\u00e9tiques durables pour l&rsquo;aviation, en capturant le carbone de l&rsquo;air ou d&rsquo;autres processus industriels et en le synth\u00e9tisant avec de l&rsquo;hydrog\u00e8ne. Par contre, il s&rsquo;agit d&rsquo;un processus complexe et co\u00fbteux qui ne peut pas encore \u00eatre utilis\u00e9 \u00e0 grande \u00e9chelle.<\/p>\n<p>Les compagnies a\u00e9riennes peuvent \u00e9galement optimiser leurs op\u00e9rations \u00e0 court terme, par exemple en planifiant leurs itin\u00e9raires de vol de mani\u00e8re \u00e0 ne pas voler avec des avions presque vides. Cela aussi peut r\u00e9duire les \u00e9missions.<\/p>\n<p><strong>L&rsquo;hydrog\u00e8ne est-il une option pour l&rsquo;aviation ?<\/strong><\/p>\n<p>L&rsquo;hydrog\u00e8ne en tant que carburant existe depuis tr\u00e8s longtemps, et s&rsquo;il s&rsquo;agit d&rsquo;hydrog\u00e8ne vert, c&rsquo;est \u00e0 dire qu&rsquo;il est produit avec de l&rsquo;eau et de l&rsquo;\u00e9lectrolyse issues d&rsquo;\u00e9nergies renouvelables, il ne produit pas de dioxyde de carbone. Il peut de plus stocker plus d&rsquo;\u00e9nergie par unit\u00e9 de masse que les batteries.<\/p>\n<p>Il y a deux fa\u00e7ons d&rsquo;utiliser l&rsquo;hydrog\u00e8ne dans un avion : soit \u00e0 la place du carbur\u00e9acteur ordinaire dans un moteur, soit en combinaison avec de l&rsquo;oxyg\u00e8ne pour alimenter des piles \u00e0 combustible \u00e0 hydrog\u00e8ne, qui produisent alors de l&rsquo;\u00e9lectricit\u00e9 qui permet de propulser l&rsquo;avion.<\/p>\n<p>Le probl\u00e8me est le volume car l&rsquo;hydrog\u00e8ne gazeux prend beaucoup de place. C&rsquo;est pourquoi les ing\u00e9nieurs cherchent des m\u00e9thodes pour le maintenir tr\u00e8s froid afin de pouvoir le stocker sous forme liquide jusqu&rsquo;\u00e0 ce qu&rsquo;il soit br\u00fbl\u00e9 sous forme de gaz. L&rsquo;hydrog\u00e8ne prend toujours plus de place que le k\u00e9ros\u00e8ne, et les r\u00e9servoirs de stockage sont lourds. Des recherches sont encore en cours sur le stockage, la manipulation et la distribution dans les avions.<\/p>\n<p>Airbus op\u00e8re des recherches intensives sur la combustion de l&rsquo;hydrog\u00e8ne avec des turbines \u00e0 gaz modifi\u00e9es sur la plateforme de l&rsquo;A380 et souhaite disposer d&rsquo;une technologie mature d&rsquo;ici 2025. La compagnie a\u00e9rienne australienne Rex veut commencer \u00e0 tester dans les prochaines ann\u00e9es un avion de 34 places \u00e0 hydrog\u00e8ne \u00e9lectrique pour les courtes distances. En raison de la diversit\u00e9 des possibilit\u00e9s, je pense que la propulsion \u00e0 l&rsquo;hydrog\u00e8ne est l&rsquo;une des technologies cl\u00e9s pour une aviation durable.<\/p>\n<p><strong>\u00a0Ces technologies permettront-elles d&rsquo;atteindre les objectifs de l&rsquo;industrie a\u00e9ronautique en mati\u00e8re de r\u00e9duction des \u00e9missions ?<\/strong><\/p>\n<p>Le probl\u00e8me avec les \u00e9missions de l&rsquo;aviation n&rsquo;est pas le niveau actuel, mais la crainte que les \u00e9missions augmentent rapidement avec une demande en croissance. D&rsquo;ici 2050, les \u00e9missions de dioxyde de carbone li\u00e9es \u00e0 l&rsquo;aviation pourraient \u00eatre entre trois et cinq fois sup\u00e9rieures aux \u00e9missions d&rsquo;avant pand\u00e9mie.<\/p>\n<p>L&rsquo;Organisation de l&rsquo;Aviation Civile Internationale (OACI), agence des Nations-Unies, d\u00e9finit les objectifs du secteur en g\u00e9n\u00e9ral dans le but de v\u00e9rifier ce qui est faisable et comment le transport a\u00e9rien peut repousser les limites.<\/p>\n<p>Son objectif \u00e0 long terme est de r\u00e9duire les \u00e9missions nettes de dioxyde de carbone de 50 % par rapport aux niveaux de 2005, d&rsquo;ici 2050. Pour atteindre cet objectif, il est n\u00e9cessaire de mettre en \u0153uvre diff\u00e9rentes technologies et des optimisations. Je ne sais pas si nous pourrons atteindre cet objectif d&rsquo;ici 2050, mais je pense que nous devons tout faire pour que l&rsquo;aviation du futur soit respectueuse de l&rsquo;environnement.<\/p>\n<\/div>\n<div><\/div>\n<p><em>Traduction de l\u2019allemand, Fr\u00e9d\u00e9rique Drouet<\/em><\/p>\n","protected":false},"excerpt":{"rendered":"<p>On devrait bient\u00f4t voir des avions \u00e9lectriques. Interview de l&rsquo;ing\u00e9nieure en a\u00e9ronautique G\u00f6k\u00e7in \u00c7\u0131nar. Jo Adetunji pour le journal en ligne INFOsperber Cette interview a \u00e9t\u00e9 publi\u00e9e pour la premi\u00e8re fois le 19 septembre 2022 sur The Conversation. Infosperber l&rsquo;a&hellip;<\/p>\n","protected":false},"author":1855,"featured_media":1677659,"comment_status":"closed","ping_status":"closed","sticky":false,"template":"","format":"standard","meta":{"footnotes":""},"categories":[97,495],"tags":[107072,107069,107070,279,107071,8184],"class_list":["post-1690736","post","type-post","status-publish","format-standard","has-post-thumbnail","hentry","category-environnement-et-ecologie","category-sciences-technologie","tag-aviation-fr","tag-avions-electriques","tag-carburant","tag-environnement","tag-hydrogene","tag-technologie"],"yoast_head":"<!-- This site is optimized with the Yoast SEO plugin v27.1.1 - https:\/\/yoast.com\/product\/yoast-seo-wordpress\/ -->\n<title>Aviation \u00e9lectrique : les batteries sont encore trop lourdes<\/title>\n<meta name=\"description\" content=\"On devrait bient\u00f4t voir des avions \u00e9lectriques. Interview de l&#039;ing\u00e9nieure en a\u00e9ronautique G\u00f6k\u00e7in \u00c7\u0131nar. Jo Adetunji pour le journal en ligne INFOsperber\" \/>\n<meta name=\"robots\" content=\"index, follow, max-snippet:-1, max-image-preview:large, max-video-preview:-1\" \/>\n<link rel=\"canonical\" href=\"https:\/\/www.pressenza.com\/fr\/2022\/11\/aviation-electrique-les-batteries-sont-encore-trop-lourdes\/\" \/>\n<meta property=\"og:locale\" content=\"fr_FR\" \/>\n<meta property=\"og:type\" content=\"article\" \/>\n<meta property=\"og:title\" content=\"Aviation \u00e9lectrique : les batteries sont encore trop lourdes\" \/>\n<meta property=\"og:description\" content=\"On devrait bient\u00f4t voir des avions \u00e9lectriques. Interview de l&#039;ing\u00e9nieure en a\u00e9ronautique G\u00f6k\u00e7in \u00c7\u0131nar. Jo Adetunji pour le journal en ligne INFOsperber\" \/>\n<meta property=\"og:url\" content=\"https:\/\/www.pressenza.com\/fr\/2022\/11\/aviation-electrique-les-batteries-sont-encore-trop-lourdes\/\" \/>\n<meta property=\"og:site_name\" content=\"Pressenza\" \/>\n<meta property=\"article:publisher\" content=\"https:\/\/www.facebook.com\/PressenzaItalia\" \/>\n<meta property=\"article:published_time\" content=\"2022-11-01T15:59:18+00:00\" \/>\n<meta property=\"og:image\" content=\"https:\/\/www.pressenza.com\/wp-content\/uploads\/2022\/10\/Elektroflieger-1024x441.v1-1.jpg\" \/>\n\t<meta property=\"og:image:width\" content=\"1920\" \/>\n\t<meta property=\"og:image:height\" content=\"827\" \/>\n\t<meta property=\"og:image:type\" content=\"image\/jpeg\" \/>\n<meta name=\"author\" content=\"INFOsperber\" \/>\n<meta name=\"twitter:card\" content=\"summary_large_image\" \/>\n<meta name=\"twitter:creator\" content=\"@PressenzaIPA\" \/>\n<meta name=\"twitter:site\" content=\"@PressenzaIPA\" \/>\n<meta name=\"twitter:label1\" content=\"\u00c9crit par\" \/>\n\t<meta name=\"twitter:data1\" content=\"INFOsperber\" \/>\n\t<meta name=\"twitter:label2\" content=\"Dur\u00e9e de lecture estim\u00e9e\" \/>\n\t<meta name=\"twitter:data2\" content=\"7 minutes\" \/>\n<script type=\"application\/ld+json\" class=\"yoast-schema-graph\">{\"@context\":\"https:\/\/schema.org\",\"@graph\":[{\"@type\":\"Article\",\"@id\":\"https:\/\/www.pressenza.com\/fr\/2022\/11\/aviation-electrique-les-batteries-sont-encore-trop-lourdes\/#article\",\"isPartOf\":{\"@id\":\"https:\/\/www.pressenza.com\/fr\/2022\/11\/aviation-electrique-les-batteries-sont-encore-trop-lourdes\/\"},\"author\":{\"name\":\"INFOsperber\",\"@id\":\"https:\/\/www.pressenza.com\/fr\/#\/schema\/person\/77735f6583e3041b31ebc7b93a284357\"},\"headline\":\"Aviation \u00e9lectrique : les batteries sont encore trop lourdes\",\"datePublished\":\"2022-11-01T15:59:18+00:00\",\"mainEntityOfPage\":{\"@id\":\"https:\/\/www.pressenza.com\/fr\/2022\/11\/aviation-electrique-les-batteries-sont-encore-trop-lourdes\/\"},\"wordCount\":1572,\"publisher\":{\"@id\":\"https:\/\/www.pressenza.com\/fr\/#organization\"},\"image\":{\"@id\":\"https:\/\/www.pressenza.com\/fr\/2022\/11\/aviation-electrique-les-batteries-sont-encore-trop-lourdes\/#primaryimage\"},\"thumbnailUrl\":\"https:\/\/www.pressenza.com\/wp-content\/uploads\/2022\/10\/Elektroflieger-1024x441.v1-1.jpg\",\"keywords\":[\"Aviation\",\"Avions \u00e9lectriques\",\"carburant\",\"environnement\",\"hydrog\u00e8ne\",\"Technologie\"],\"articleSection\":[\"Ecologie et Environnement\",\"Sciences et Technologie\"],\"inLanguage\":\"fr-FR\"},{\"@type\":\"WebPage\",\"@id\":\"https:\/\/www.pressenza.com\/fr\/2022\/11\/aviation-electrique-les-batteries-sont-encore-trop-lourdes\/\",\"url\":\"https:\/\/www.pressenza.com\/fr\/2022\/11\/aviation-electrique-les-batteries-sont-encore-trop-lourdes\/\",\"name\":\"Aviation \u00e9lectrique : les batteries sont encore trop lourdes\",\"isPartOf\":{\"@id\":\"https:\/\/www.pressenza.com\/fr\/#website\"},\"primaryImageOfPage\":{\"@id\":\"https:\/\/www.pressenza.com\/fr\/2022\/11\/aviation-electrique-les-batteries-sont-encore-trop-lourdes\/#primaryimage\"},\"image\":{\"@id\":\"https:\/\/www.pressenza.com\/fr\/2022\/11\/aviation-electrique-les-batteries-sont-encore-trop-lourdes\/#primaryimage\"},\"thumbnailUrl\":\"https:\/\/www.pressenza.com\/wp-content\/uploads\/2022\/10\/Elektroflieger-1024x441.v1-1.jpg\",\"datePublished\":\"2022-11-01T15:59:18+00:00\",\"description\":\"On devrait bient\u00f4t voir des avions \u00e9lectriques. Interview de l'ing\u00e9nieure en a\u00e9ronautique G\u00f6k\u00e7in \u00c7\u0131nar. Jo Adetunji pour le journal en ligne INFOsperber\",\"breadcrumb\":{\"@id\":\"https:\/\/www.pressenza.com\/fr\/2022\/11\/aviation-electrique-les-batteries-sont-encore-trop-lourdes\/#breadcrumb\"},\"inLanguage\":\"fr-FR\",\"potentialAction\":[{\"@type\":\"ReadAction\",\"target\":[\"https:\/\/www.pressenza.com\/fr\/2022\/11\/aviation-electrique-les-batteries-sont-encore-trop-lourdes\/\"]}]},{\"@type\":\"ImageObject\",\"inLanguage\":\"fr-FR\",\"@id\":\"https:\/\/www.pressenza.com\/fr\/2022\/11\/aviation-electrique-les-batteries-sont-encore-trop-lourdes\/#primaryimage\",\"url\":\"https:\/\/www.pressenza.com\/wp-content\/uploads\/2022\/10\/Elektroflieger-1024x441.v1-1.jpg\",\"contentUrl\":\"https:\/\/www.pressenza.com\/wp-content\/uploads\/2022\/10\/Elektroflieger-1024x441.v1-1.jpg\",\"width\":1920,\"height\":827},{\"@type\":\"BreadcrumbList\",\"@id\":\"https:\/\/www.pressenza.com\/fr\/2022\/11\/aviation-electrique-les-batteries-sont-encore-trop-lourdes\/#breadcrumb\",\"itemListElement\":[{\"@type\":\"ListItem\",\"position\":1,\"name\":\"Accueil\",\"item\":\"https:\/\/www.pressenza.com\/fr\/\"},{\"@type\":\"ListItem\",\"position\":2,\"name\":\"Aviation \u00e9lectrique : les batteries sont encore trop lourdes\"}]},{\"@type\":\"WebSite\",\"@id\":\"https:\/\/www.pressenza.com\/fr\/#website\",\"url\":\"https:\/\/www.pressenza.com\/fr\/\",\"name\":\"Pressenza\",\"description\":\"International Press Agency\",\"publisher\":{\"@id\":\"https:\/\/www.pressenza.com\/fr\/#organization\"},\"potentialAction\":[{\"@type\":\"SearchAction\",\"target\":{\"@type\":\"EntryPoint\",\"urlTemplate\":\"https:\/\/www.pressenza.com\/fr\/?s={search_term_string}\"},\"query-input\":{\"@type\":\"PropertyValueSpecification\",\"valueRequired\":true,\"valueName\":\"search_term_string\"}}],\"inLanguage\":\"fr-FR\"},{\"@type\":\"Organization\",\"@id\":\"https:\/\/www.pressenza.com\/fr\/#organization\",\"name\":\"Pressenza\",\"url\":\"https:\/\/www.pressenza.com\/fr\/\",\"logo\":{\"@type\":\"ImageObject\",\"inLanguage\":\"fr-FR\",\"@id\":\"https:\/\/www.pressenza.com\/fr\/#\/schema\/logo\/image\/\",\"url\":\"https:\/\/www.pressenza.com\/wp-content\/uploads\/2022\/10\/pressenza_logo_200x200.jpg\",\"contentUrl\":\"https:\/\/www.pressenza.com\/wp-content\/uploads\/2022\/10\/pressenza_logo_200x200.jpg\",\"width\":200,\"height\":200,\"caption\":\"Pressenza\"},\"image\":{\"@id\":\"https:\/\/www.pressenza.com\/fr\/#\/schema\/logo\/image\/\"},\"sameAs\":[\"https:\/\/www.facebook.com\/PressenzaItalia\",\"https:\/\/x.com\/PressenzaIPA\"]},{\"@type\":\"Person\",\"@id\":\"https:\/\/www.pressenza.com\/fr\/#\/schema\/person\/77735f6583e3041b31ebc7b93a284357\",\"name\":\"INFOsperber\",\"description\":\"Infosperber.ch - sieht, was andere \u00fcbersehen Die Schweizer Internet-Zeitung richtet sich an Entscheidungstr\u00e4ger in Gesellschaft, Wirtschaft und Politik sowie alle, die erg\u00e4nzende Informationen zu den grossen Medien suchen. Infosperber will die grossen Informations-Medien nicht konkurrenzieren, sondern diese erg\u00e4nzen. \u00a9 Das Weiterverbreiten s\u00e4mtlicher auf dem gemeinn\u00fctzigen Portal www.infosperber.ch enthaltenen Texte ist ohne Kostenfolge erlaubt, sofern die Texte integral ohne K\u00fcrzung und mit Quellenangaben (Autor und \u00abInfosperber\u00bb) verbreitet werden. Bei einer Online-Nutzung ist die Quellenangabe m\u00f6glichst schon am Anfang des Artikels mit einem Link auf infosperber.ch zu versehen. F\u00fcr das Verbreiten von gek\u00fcrzten oder abge\u00e4nderten Texten ist das schriftliche Einverst\u00e4ndnis der AutorInnen erforderlich.\",\"sameAs\":[\"https:\/\/www.infosperber.ch\/\"],\"url\":\"https:\/\/www.pressenza.com\/fr\/author\/infosperber\/\"}]}<\/script>\n<!-- \/ Yoast SEO plugin. -->","yoast_head_json":{"title":"Aviation \u00e9lectrique : les batteries sont encore trop lourdes","description":"On devrait bient\u00f4t voir des avions \u00e9lectriques. Interview de l'ing\u00e9nieure en a\u00e9ronautique G\u00f6k\u00e7in \u00c7\u0131nar. Jo Adetunji pour le journal en ligne INFOsperber","robots":{"index":"index","follow":"follow","max-snippet":"max-snippet:-1","max-image-preview":"max-image-preview:large","max-video-preview":"max-video-preview:-1"},"canonical":"https:\/\/www.pressenza.com\/fr\/2022\/11\/aviation-electrique-les-batteries-sont-encore-trop-lourdes\/","og_locale":"fr_FR","og_type":"article","og_title":"Aviation \u00e9lectrique : les batteries sont encore trop lourdes","og_description":"On devrait bient\u00f4t voir des avions \u00e9lectriques. Interview de l'ing\u00e9nieure en a\u00e9ronautique G\u00f6k\u00e7in \u00c7\u0131nar. Jo Adetunji pour le journal en ligne INFOsperber","og_url":"https:\/\/www.pressenza.com\/fr\/2022\/11\/aviation-electrique-les-batteries-sont-encore-trop-lourdes\/","og_site_name":"Pressenza","article_publisher":"https:\/\/www.facebook.com\/PressenzaItalia","article_published_time":"2022-11-01T15:59:18+00:00","og_image":[{"width":1920,"height":827,"url":"https:\/\/www.pressenza.com\/wp-content\/uploads\/2022\/10\/Elektroflieger-1024x441.v1-1.jpg","type":"image\/jpeg"}],"author":"INFOsperber","twitter_card":"summary_large_image","twitter_creator":"@PressenzaIPA","twitter_site":"@PressenzaIPA","twitter_misc":{"\u00c9crit par":"INFOsperber","Dur\u00e9e de lecture estim\u00e9e":"7 minutes"},"schema":{"@context":"https:\/\/schema.org","@graph":[{"@type":"Article","@id":"https:\/\/www.pressenza.com\/fr\/2022\/11\/aviation-electrique-les-batteries-sont-encore-trop-lourdes\/#article","isPartOf":{"@id":"https:\/\/www.pressenza.com\/fr\/2022\/11\/aviation-electrique-les-batteries-sont-encore-trop-lourdes\/"},"author":{"name":"INFOsperber","@id":"https:\/\/www.pressenza.com\/fr\/#\/schema\/person\/77735f6583e3041b31ebc7b93a284357"},"headline":"Aviation \u00e9lectrique : les batteries sont encore trop lourdes","datePublished":"2022-11-01T15:59:18+00:00","mainEntityOfPage":{"@id":"https:\/\/www.pressenza.com\/fr\/2022\/11\/aviation-electrique-les-batteries-sont-encore-trop-lourdes\/"},"wordCount":1572,"publisher":{"@id":"https:\/\/www.pressenza.com\/fr\/#organization"},"image":{"@id":"https:\/\/www.pressenza.com\/fr\/2022\/11\/aviation-electrique-les-batteries-sont-encore-trop-lourdes\/#primaryimage"},"thumbnailUrl":"https:\/\/www.pressenza.com\/wp-content\/uploads\/2022\/10\/Elektroflieger-1024x441.v1-1.jpg","keywords":["Aviation","Avions \u00e9lectriques","carburant","environnement","hydrog\u00e8ne","Technologie"],"articleSection":["Ecologie et Environnement","Sciences et Technologie"],"inLanguage":"fr-FR"},{"@type":"WebPage","@id":"https:\/\/www.pressenza.com\/fr\/2022\/11\/aviation-electrique-les-batteries-sont-encore-trop-lourdes\/","url":"https:\/\/www.pressenza.com\/fr\/2022\/11\/aviation-electrique-les-batteries-sont-encore-trop-lourdes\/","name":"Aviation \u00e9lectrique : les batteries sont encore trop lourdes","isPartOf":{"@id":"https:\/\/www.pressenza.com\/fr\/#website"},"primaryImageOfPage":{"@id":"https:\/\/www.pressenza.com\/fr\/2022\/11\/aviation-electrique-les-batteries-sont-encore-trop-lourdes\/#primaryimage"},"image":{"@id":"https:\/\/www.pressenza.com\/fr\/2022\/11\/aviation-electrique-les-batteries-sont-encore-trop-lourdes\/#primaryimage"},"thumbnailUrl":"https:\/\/www.pressenza.com\/wp-content\/uploads\/2022\/10\/Elektroflieger-1024x441.v1-1.jpg","datePublished":"2022-11-01T15:59:18+00:00","description":"On devrait bient\u00f4t voir des avions \u00e9lectriques. Interview de l'ing\u00e9nieure en a\u00e9ronautique G\u00f6k\u00e7in \u00c7\u0131nar. Jo Adetunji pour le journal en ligne INFOsperber","breadcrumb":{"@id":"https:\/\/www.pressenza.com\/fr\/2022\/11\/aviation-electrique-les-batteries-sont-encore-trop-lourdes\/#breadcrumb"},"inLanguage":"fr-FR","potentialAction":[{"@type":"ReadAction","target":["https:\/\/www.pressenza.com\/fr\/2022\/11\/aviation-electrique-les-batteries-sont-encore-trop-lourdes\/"]}]},{"@type":"ImageObject","inLanguage":"fr-FR","@id":"https:\/\/www.pressenza.com\/fr\/2022\/11\/aviation-electrique-les-batteries-sont-encore-trop-lourdes\/#primaryimage","url":"https:\/\/www.pressenza.com\/wp-content\/uploads\/2022\/10\/Elektroflieger-1024x441.v1-1.jpg","contentUrl":"https:\/\/www.pressenza.com\/wp-content\/uploads\/2022\/10\/Elektroflieger-1024x441.v1-1.jpg","width":1920,"height":827},{"@type":"BreadcrumbList","@id":"https:\/\/www.pressenza.com\/fr\/2022\/11\/aviation-electrique-les-batteries-sont-encore-trop-lourdes\/#breadcrumb","itemListElement":[{"@type":"ListItem","position":1,"name":"Accueil","item":"https:\/\/www.pressenza.com\/fr\/"},{"@type":"ListItem","position":2,"name":"Aviation \u00e9lectrique : les batteries sont encore trop lourdes"}]},{"@type":"WebSite","@id":"https:\/\/www.pressenza.com\/fr\/#website","url":"https:\/\/www.pressenza.com\/fr\/","name":"Pressenza","description":"International Press Agency","publisher":{"@id":"https:\/\/www.pressenza.com\/fr\/#organization"},"potentialAction":[{"@type":"SearchAction","target":{"@type":"EntryPoint","urlTemplate":"https:\/\/www.pressenza.com\/fr\/?s={search_term_string}"},"query-input":{"@type":"PropertyValueSpecification","valueRequired":true,"valueName":"search_term_string"}}],"inLanguage":"fr-FR"},{"@type":"Organization","@id":"https:\/\/www.pressenza.com\/fr\/#organization","name":"Pressenza","url":"https:\/\/www.pressenza.com\/fr\/","logo":{"@type":"ImageObject","inLanguage":"fr-FR","@id":"https:\/\/www.pressenza.com\/fr\/#\/schema\/logo\/image\/","url":"https:\/\/www.pressenza.com\/wp-content\/uploads\/2022\/10\/pressenza_logo_200x200.jpg","contentUrl":"https:\/\/www.pressenza.com\/wp-content\/uploads\/2022\/10\/pressenza_logo_200x200.jpg","width":200,"height":200,"caption":"Pressenza"},"image":{"@id":"https:\/\/www.pressenza.com\/fr\/#\/schema\/logo\/image\/"},"sameAs":["https:\/\/www.facebook.com\/PressenzaItalia","https:\/\/x.com\/PressenzaIPA"]},{"@type":"Person","@id":"https:\/\/www.pressenza.com\/fr\/#\/schema\/person\/77735f6583e3041b31ebc7b93a284357","name":"INFOsperber","description":"Infosperber.ch - sieht, was andere \u00fcbersehen Die Schweizer Internet-Zeitung richtet sich an Entscheidungstr\u00e4ger in Gesellschaft, Wirtschaft und Politik sowie alle, die erg\u00e4nzende Informationen zu den grossen Medien suchen. Infosperber will die grossen Informations-Medien nicht konkurrenzieren, sondern diese erg\u00e4nzen. \u00a9 Das Weiterverbreiten s\u00e4mtlicher auf dem gemeinn\u00fctzigen Portal www.infosperber.ch enthaltenen Texte ist ohne Kostenfolge erlaubt, sofern die Texte integral ohne K\u00fcrzung und mit Quellenangaben (Autor und \u00abInfosperber\u00bb) verbreitet werden. Bei einer Online-Nutzung ist die Quellenangabe m\u00f6glichst schon am Anfang des Artikels mit einem Link auf infosperber.ch zu versehen. F\u00fcr das Verbreiten von gek\u00fcrzten oder abge\u00e4nderten Texten ist das schriftliche Einverst\u00e4ndnis der AutorInnen erforderlich.","sameAs":["https:\/\/www.infosperber.ch\/"],"url":"https:\/\/www.pressenza.com\/fr\/author\/infosperber\/"}]}},"place":"","original_article_url":"","_links":{"self":[{"href":"https:\/\/www.pressenza.com\/fr\/wp-json\/wp\/v2\/posts\/1690736","targetHints":{"allow":["GET"]}}],"collection":[{"href":"https:\/\/www.pressenza.com\/fr\/wp-json\/wp\/v2\/posts"}],"about":[{"href":"https:\/\/www.pressenza.com\/fr\/wp-json\/wp\/v2\/types\/post"}],"author":[{"embeddable":true,"href":"https:\/\/www.pressenza.com\/fr\/wp-json\/wp\/v2\/users\/1855"}],"replies":[{"embeddable":true,"href":"https:\/\/www.pressenza.com\/fr\/wp-json\/wp\/v2\/comments?post=1690736"}],"version-history":[{"count":0,"href":"https:\/\/www.pressenza.com\/fr\/wp-json\/wp\/v2\/posts\/1690736\/revisions"}],"wp:featuredmedia":[{"embeddable":true,"href":"https:\/\/www.pressenza.com\/fr\/wp-json\/wp\/v2\/media\/1677659"}],"wp:attachment":[{"href":"https:\/\/www.pressenza.com\/fr\/wp-json\/wp\/v2\/media?parent=1690736"}],"wp:term":[{"taxonomy":"category","embeddable":true,"href":"https:\/\/www.pressenza.com\/fr\/wp-json\/wp\/v2\/categories?post=1690736"},{"taxonomy":"post_tag","embeddable":true,"href":"https:\/\/www.pressenza.com\/fr\/wp-json\/wp\/v2\/tags?post=1690736"}],"curies":[{"name":"wp","href":"https:\/\/api.w.org\/{rel}","templated":true}]}}