{"id":1690636,"date":"2022-10-31T18:50:07","date_gmt":"2022-10-31T18:50:07","guid":{"rendered":"https:\/\/www.pressenza.com\/?p=1690636"},"modified":"2022-10-31T18:51:45","modified_gmt":"2022-10-31T18:51:45","slug":"comite-ukraine-laurentides-un-accueil-chaleureux-aux-familles-ukrainiennes","status":"publish","type":"post","link":"https:\/\/www.pressenza.com\/fr\/2022\/10\/comite-ukraine-laurentides-un-accueil-chaleureux-aux-familles-ukrainiennes\/","title":{"rendered":"Comit\u00e9 Ukraine Laurentides : un accueil chaleureux aux familles ukrainiennes"},"content":{"rendered":"<p><span style=\"font-weight: 400;\">Une journ\u00e9e de l\u2019Action de gr\u00e2ces, quelque peu froide, mais dont l&rsquo;\u00e9v\u00e9nement organis\u00e9 par Marie-Ann Dalzell, membre du Comit\u00e9 Ukraine Laurentides, a r\u00e9pandu chaleur et bonheur en l\u2019honneur de trois familles ukrainiennes.<\/span><\/p>\n<p><span style=\"font-weight: 400;\">La petite \u00e9glise du Country Club de Sainte-Anne-des-Lacs, situ\u00e9e dans un lieu enchanteur pr\u00e8s du lac Marois, a accueilli une cinquantaine d\u2019Anne-lacois de la communaut\u00e9 anglophone en plus des membres de trois familles ukrainiennes.<\/span><\/p>\n<p><span style=\"font-weight: 400;\">Le but de cette journ\u00e9e\u2009: bien accueillir ces familles qui ont choisi comme terre d\u2019accueil les Laurentides. Certaines remarques enjoignant l\u2019organisatrice de ne pas mettre en \u0153uvre cet \u00e9v\u00e9nement de peur que cela devienne un spectacle n\u2019ont, heureusement, pas ralenti l\u2019ardeur de celle-ci.<\/span><\/p>\n<blockquote><p><span style=\"font-weight: 400;\">\u00ab\u2009La seule chose dont je veux m\u2019assurer, c\u2019est que les familles soient bien accueillies. Elles se sentent souvent comme des \u00e9trang\u00e8res. L\u2019isolement est le premier danger qu\u2019ils doivent affronter. Alors, cette messe et ce repas leur permettront de r\u00e9aliser qu\u2019une communaut\u00e9 est l\u00e0 pour les soutenir le temps qu\u2019ils demeureront dans les Laurentides\u2009\u00bb, a expliqu\u00e9 l\u2019organisatrice.<\/span><\/p><\/blockquote>\n<p><strong>Une c\u00e9l\u00e9bration religieuse\u2026\u00a0<\/strong><\/p>\n<p><span style=\"font-weight: 400;\">Andr\u00e9 Daoust, cur\u00e9 de la paroisse de Sainte-Ad\u00e8le et fondateur du Comit\u00e9 Ukraine Laurentides, a offici\u00e9 une c\u00e9r\u00e9monie religieuse dont le cachet particulier a permis de comprendre l\u2019importance de l\u2019amour et de l\u2019entraide notamment, lors de situations difficiles comme celle de la guerre en Ukraine.\u00a0<\/span><\/p>\n<p><span style=\"font-weight: 400;\">\u00c0 la fin de son hom\u00e9lie, celui-ci a fait r\u00e9f\u00e9rence au film La liste de Schindler relatant l\u2019histoire de l\u2019industriel Oskar Schindler sauvant pr\u00e8s de 1\u2009100 juifs durant la Deuxi\u00e8me Guerre mondiale et qui, malgr\u00e9 tout, s\u2019est \u00e9cri\u00e9\u2009:\u00a0<\/span><\/p>\n<blockquote><p><span style=\"font-weight: 400;\">\u00ab\u2009J\u2019aurais pu en sauver plus.\u2009\u00bb\u00a0<\/span><\/p><\/blockquote>\n<p><span style=\"font-weight: 400;\">Le cur\u00e9 Daoust a tenu \u00e0 souligner le travail collectif du Comit\u00e9 compos\u00e9 de membres de diverses municipalit\u00e9s, notamment celle de Pr\u00e9vost, Sainte-Ad\u00e8le, Sainte-Anne-des-Lacs et Saint-Sauveur. <\/span><\/p>\n<blockquote><p><span style=\"font-weight: 400;\">\u00ab\u2009Cet apport collectif s\u2019est rapidement transform\u00e9 en amour collectif. Nous en avons la preuve aujourd\u2019hui par cette belle rencontre\u2009\u00bb, a conclu le cur\u00e9 Daoust.<\/span><\/p><\/blockquote>\n<p><strong>\u2026 et un repas communautaire<\/strong><\/p>\n<blockquote><p><span style=\"font-weight: 400;\">\u00ab\u2009Quoi de mieux qu\u2019un bon repas ukrainien, signe concret d\u2019un bon accueil! Pour moi aujourd\u2019hui, c\u2019est vraiment une fa\u00e7on de les amener \u00e0 se sentir d\u00e9j\u00e0 chez soi\u2009\u00bb, s\u2019est exclam\u00e9e Marie-Ann Dalzell qui, avec les membres de sa famille, a concoct\u00e9 ce repas ukrainien.\u00a0<\/span><\/p><\/blockquote>\n<p><span style=\"font-weight: 400;\">La salle du Centre communautaire, gracieusement fournie par la Municipalit\u00e9, se pr\u00eatait \u00e0 cette r\u00e9ception. Choucroute, salade \u00e0 base de betteraves, poulet \u00e0 la Kiev, Perogi ou varenyky et desserts ukrainiens s\u2019\u00e9talaient sur la table de service. Un r\u00e9gal\u2026 ukrainien\u2009!<\/span><\/p>\n<p><span style=\"font-weight: 400;\">La mairesse Catherine Ham\u00e9, lors de son discours, a fait mention de la similitude entre l\u2019accueil offert \u00e0 ces familles ukrainiennes et celui v\u00e9cu par son p\u00e8re lors de son arriv\u00e9e d\u2019Autriche vers les ann\u00e9es 60.<\/span><\/p>\n<p><span style=\"font-weight: 400;\">Markian Kovaluk, pr\u00e9sident de l\u2019Association ukrainienne des Laurentides, avait, aussi, \u00e9t\u00e9 convi\u00e9 \u00e0 l\u2019\u00e9v\u00e9nement, ce qui lui a permis d\u2019expliquer la raison d\u2019\u00eatre de cette association. Au d\u00e9but de la guerre, un groupe d\u2019Ukrainiens, arriv\u00e9s au Qu\u00e9bec depuis une dizaine d\u2019ann\u00e9es, se sont r\u00e9unis pour cr\u00e9er un groupe d\u2019aide.\u00a0\u00a0<\/span><span style=\"font-weight: 400;\">Couvrant tout le territoire des Laurentides, cette association en est \u00e0 ses premiers balbutiements.<\/span><\/p>\n<p>Jacinthe Lalibert\u00e9<\/p>\n","protected":false},"excerpt":{"rendered":"<p>Une journ\u00e9e de l\u2019Action de gr\u00e2ces, quelque peu froide, mais dont l&rsquo;\u00e9v\u00e9nement organis\u00e9 par Marie-Ann Dalzell, membre du Comit\u00e9 Ukraine Laurentides, a r\u00e9pandu chaleur et bonheur en l\u2019honneur de trois familles ukrainiennes. La petite \u00e9glise du Country Club de Sainte-Anne-des-Lacs,&hellip;<\/p>\n","protected":false},"author":2143,"featured_media":1690640,"comment_status":"closed","ping_status":"closed","sticky":false,"template":"","format":"standard","meta":{"footnotes":""},"categories":[87,54568],"tags":[101682,107029,107030,8005],"class_list":["post-1690636","post","type-post","status-publish","format-standard","has-post-thumbnail","hentry","category-amerique-du-nord","category-migrants-fr","tag-amecq","tag-laurentides","tag-prevost","tag-ukraine-fr"],"yoast_head":"<!-- This site is optimized with the Yoast SEO plugin v27.1.1 - https:\/\/yoast.com\/product\/yoast-seo-wordpress\/ -->\n<title>Comit\u00e9 Ukraine Laurentides : un accueil chaleureux aux familles ukrainiennes<\/title>\n<meta name=\"description\" content=\"Une journ\u00e9e de l\u2019Action de gr\u00e2ces, quelque peu froide, mais dont l&#039;\u00e9v\u00e9nement organis\u00e9 par Marie-Ann Dalzell, membre du Comit\u00e9 Ukraine Laurentides, a\" \/>\n<meta name=\"robots\" content=\"index, follow, max-snippet:-1, max-image-preview:large, max-video-preview:-1\" \/>\n<link rel=\"canonical\" href=\"https:\/\/www.pressenza.com\/fr\/2022\/10\/comite-ukraine-laurentides-un-accueil-chaleureux-aux-familles-ukrainiennes\/\" \/>\n<meta property=\"og:locale\" content=\"fr_FR\" \/>\n<meta property=\"og:type\" content=\"article\" \/>\n<meta property=\"og:title\" content=\"Comit\u00e9 Ukraine Laurentides : un accueil chaleureux aux familles ukrainiennes\" \/>\n<meta property=\"og:description\" content=\"Une journ\u00e9e de l\u2019Action de gr\u00e2ces, quelque peu froide, mais dont l&#039;\u00e9v\u00e9nement organis\u00e9 par Marie-Ann Dalzell, membre du Comit\u00e9 Ukraine Laurentides, a\" \/>\n<meta property=\"og:url\" content=\"https:\/\/www.pressenza.com\/fr\/2022\/10\/comite-ukraine-laurentides-un-accueil-chaleureux-aux-familles-ukrainiennes\/\" \/>\n<meta property=\"og:site_name\" content=\"Pressenza\" \/>\n<meta property=\"article:publisher\" content=\"https:\/\/www.facebook.com\/PressenzaItalia\" \/>\n<meta property=\"article:published_time\" content=\"2022-10-31T18:50:07+00:00\" \/>\n<meta property=\"article:modified_time\" content=\"2022-10-31T18:51:45+00:00\" \/>\n<meta property=\"og:image\" content=\"https:\/\/www.pressenza.com\/wp-content\/uploads\/2022\/10\/diapo_ukrainiens_new.jpg\" \/>\n\t<meta property=\"og:image:width\" content=\"777\" \/>\n\t<meta property=\"og:image:height\" content=\"437\" \/>\n\t<meta property=\"og:image:type\" content=\"image\/jpeg\" \/>\n<meta name=\"author\" content=\"AMECQ - Association des m\u00e9dias \u00e9crits communautaires du Qu\u00e9bec\" \/>\n<meta name=\"twitter:card\" content=\"summary_large_image\" \/>\n<meta name=\"twitter:creator\" content=\"@PressenzaIPA\" \/>\n<meta name=\"twitter:site\" content=\"@PressenzaIPA\" \/>\n<meta name=\"twitter:label1\" content=\"\u00c9crit par\" \/>\n\t<meta name=\"twitter:data1\" content=\"AMECQ - Association des m\u00e9dias \u00e9crits communautaires du Qu\u00e9bec\" \/>\n\t<meta name=\"twitter:label2\" content=\"Dur\u00e9e de lecture estim\u00e9e\" \/>\n\t<meta name=\"twitter:data2\" content=\"3 minutes\" \/>\n<script type=\"application\/ld+json\" class=\"yoast-schema-graph\">{\"@context\":\"https:\/\/schema.org\",\"@graph\":[{\"@type\":\"Article\",\"@id\":\"https:\/\/www.pressenza.com\/fr\/2022\/10\/comite-ukraine-laurentides-un-accueil-chaleureux-aux-familles-ukrainiennes\/#article\",\"isPartOf\":{\"@id\":\"https:\/\/www.pressenza.com\/fr\/2022\/10\/comite-ukraine-laurentides-un-accueil-chaleureux-aux-familles-ukrainiennes\/\"},\"author\":{\"name\":\"AMECQ - Association des m\u00e9dias \u00e9crits communautaires du Qu\u00e9bec\",\"@id\":\"https:\/\/www.pressenza.com\/fr\/#\/schema\/person\/5362584f414349fe88d3246d58d2ac3a\"},\"headline\":\"Comit\u00e9 Ukraine Laurentides : un accueil chaleureux aux familles ukrainiennes\",\"datePublished\":\"2022-10-31T18:50:07+00:00\",\"dateModified\":\"2022-10-31T18:51:45+00:00\",\"mainEntityOfPage\":{\"@id\":\"https:\/\/www.pressenza.com\/fr\/2022\/10\/comite-ukraine-laurentides-un-accueil-chaleureux-aux-familles-ukrainiennes\/\"},\"wordCount\":573,\"publisher\":{\"@id\":\"https:\/\/www.pressenza.com\/fr\/#organization\"},\"image\":{\"@id\":\"https:\/\/www.pressenza.com\/fr\/2022\/10\/comite-ukraine-laurentides-un-accueil-chaleureux-aux-familles-ukrainiennes\/#primaryimage\"},\"thumbnailUrl\":\"https:\/\/www.pressenza.com\/wp-content\/uploads\/2022\/10\/diapo_ukrainiens_new.jpg\",\"keywords\":[\"AMECQ\",\"Laurentides\",\"Pr\u00e9vost\",\"Ukraine\"],\"articleSection\":[\"Am\u00e9rique du Nord\",\"Migrants\"],\"inLanguage\":\"fr-FR\"},{\"@type\":\"WebPage\",\"@id\":\"https:\/\/www.pressenza.com\/fr\/2022\/10\/comite-ukraine-laurentides-un-accueil-chaleureux-aux-familles-ukrainiennes\/\",\"url\":\"https:\/\/www.pressenza.com\/fr\/2022\/10\/comite-ukraine-laurentides-un-accueil-chaleureux-aux-familles-ukrainiennes\/\",\"name\":\"Comit\u00e9 Ukraine Laurentides : un accueil chaleureux aux familles ukrainiennes\",\"isPartOf\":{\"@id\":\"https:\/\/www.pressenza.com\/fr\/#website\"},\"primaryImageOfPage\":{\"@id\":\"https:\/\/www.pressenza.com\/fr\/2022\/10\/comite-ukraine-laurentides-un-accueil-chaleureux-aux-familles-ukrainiennes\/#primaryimage\"},\"image\":{\"@id\":\"https:\/\/www.pressenza.com\/fr\/2022\/10\/comite-ukraine-laurentides-un-accueil-chaleureux-aux-familles-ukrainiennes\/#primaryimage\"},\"thumbnailUrl\":\"https:\/\/www.pressenza.com\/wp-content\/uploads\/2022\/10\/diapo_ukrainiens_new.jpg\",\"datePublished\":\"2022-10-31T18:50:07+00:00\",\"dateModified\":\"2022-10-31T18:51:45+00:00\",\"description\":\"Une journ\u00e9e de l\u2019Action de gr\u00e2ces, quelque peu froide, mais dont l'\u00e9v\u00e9nement organis\u00e9 par Marie-Ann Dalzell, membre du Comit\u00e9 Ukraine Laurentides, a\",\"breadcrumb\":{\"@id\":\"https:\/\/www.pressenza.com\/fr\/2022\/10\/comite-ukraine-laurentides-un-accueil-chaleureux-aux-familles-ukrainiennes\/#breadcrumb\"},\"inLanguage\":\"fr-FR\",\"potentialAction\":[{\"@type\":\"ReadAction\",\"target\":[\"https:\/\/www.pressenza.com\/fr\/2022\/10\/comite-ukraine-laurentides-un-accueil-chaleureux-aux-familles-ukrainiennes\/\"]}]},{\"@type\":\"ImageObject\",\"inLanguage\":\"fr-FR\",\"@id\":\"https:\/\/www.pressenza.com\/fr\/2022\/10\/comite-ukraine-laurentides-un-accueil-chaleureux-aux-familles-ukrainiennes\/#primaryimage\",\"url\":\"https:\/\/www.pressenza.com\/wp-content\/uploads\/2022\/10\/diapo_ukrainiens_new.jpg\",\"contentUrl\":\"https:\/\/www.pressenza.com\/wp-content\/uploads\/2022\/10\/diapo_ukrainiens_new.jpg\",\"width\":777,\"height\":437,\"caption\":\"Familles ukrainiennes, cr\u00e9dit Le journal des citoyens\"},{\"@type\":\"BreadcrumbList\",\"@id\":\"https:\/\/www.pressenza.com\/fr\/2022\/10\/comite-ukraine-laurentides-un-accueil-chaleureux-aux-familles-ukrainiennes\/#breadcrumb\",\"itemListElement\":[{\"@type\":\"ListItem\",\"position\":1,\"name\":\"Accueil\",\"item\":\"https:\/\/www.pressenza.com\/fr\/\"},{\"@type\":\"ListItem\",\"position\":2,\"name\":\"Comit\u00e9 Ukraine Laurentides : un accueil chaleureux aux familles ukrainiennes\"}]},{\"@type\":\"WebSite\",\"@id\":\"https:\/\/www.pressenza.com\/fr\/#website\",\"url\":\"https:\/\/www.pressenza.com\/fr\/\",\"name\":\"Pressenza\",\"description\":\"International Press Agency\",\"publisher\":{\"@id\":\"https:\/\/www.pressenza.com\/fr\/#organization\"},\"potentialAction\":[{\"@type\":\"SearchAction\",\"target\":{\"@type\":\"EntryPoint\",\"urlTemplate\":\"https:\/\/www.pressenza.com\/fr\/?s={search_term_string}\"},\"query-input\":{\"@type\":\"PropertyValueSpecification\",\"valueRequired\":true,\"valueName\":\"search_term_string\"}}],\"inLanguage\":\"fr-FR\"},{\"@type\":\"Organization\",\"@id\":\"https:\/\/www.pressenza.com\/fr\/#organization\",\"name\":\"Pressenza\",\"url\":\"https:\/\/www.pressenza.com\/fr\/\",\"logo\":{\"@type\":\"ImageObject\",\"inLanguage\":\"fr-FR\",\"@id\":\"https:\/\/www.pressenza.com\/fr\/#\/schema\/logo\/image\/\",\"url\":\"https:\/\/www.pressenza.com\/wp-content\/uploads\/2022\/10\/pressenza_logo_200x200.jpg\",\"contentUrl\":\"https:\/\/www.pressenza.com\/wp-content\/uploads\/2022\/10\/pressenza_logo_200x200.jpg\",\"width\":200,\"height\":200,\"caption\":\"Pressenza\"},\"image\":{\"@id\":\"https:\/\/www.pressenza.com\/fr\/#\/schema\/logo\/image\/\"},\"sameAs\":[\"https:\/\/www.facebook.com\/PressenzaItalia\",\"https:\/\/x.com\/PressenzaIPA\"]},{\"@type\":\"Person\",\"@id\":\"https:\/\/www.pressenza.com\/fr\/#\/schema\/person\/5362584f414349fe88d3246d58d2ac3a\",\"name\":\"AMECQ - Association des m\u00e9dias \u00e9crits communautaires du Qu\u00e9bec\",\"description\":\"L\u2019Association des m\u00e9dias \u00e9crits communautaires du Qu\u00e9bec a pour but : de fournir des services de soutien et de formation \u00e0 ses journaux communautaires membres et de les regrouper et de les repr\u00e9senter pour que ceux-ci puissent remplir leur r\u00f4le et leur mission fondamentale. L\u2019Association participe activement au d\u00e9veloppement et au rayonnement des m\u00e9dias \u00e9crits communautaires. Les liens \u00e9troits et constants qu\u2019elle entretient avec ses membres lui assurent une connaissance dynamique du secteur et de ses besoins. L\u2019AMECQ compte 74 journaux membres.\",\"url\":\"https:\/\/www.pressenza.com\/fr\/author\/amecq\/\"}]}<\/script>\n<!-- \/ Yoast SEO plugin. -->","yoast_head_json":{"title":"Comit\u00e9 Ukraine Laurentides : un accueil chaleureux aux familles ukrainiennes","description":"Une journ\u00e9e de l\u2019Action de gr\u00e2ces, quelque peu froide, mais dont l'\u00e9v\u00e9nement organis\u00e9 par Marie-Ann Dalzell, membre du Comit\u00e9 Ukraine Laurentides, a","robots":{"index":"index","follow":"follow","max-snippet":"max-snippet:-1","max-image-preview":"max-image-preview:large","max-video-preview":"max-video-preview:-1"},"canonical":"https:\/\/www.pressenza.com\/fr\/2022\/10\/comite-ukraine-laurentides-un-accueil-chaleureux-aux-familles-ukrainiennes\/","og_locale":"fr_FR","og_type":"article","og_title":"Comit\u00e9 Ukraine Laurentides : un accueil chaleureux aux familles ukrainiennes","og_description":"Une journ\u00e9e de l\u2019Action de gr\u00e2ces, quelque peu froide, mais dont l'\u00e9v\u00e9nement organis\u00e9 par Marie-Ann Dalzell, membre du Comit\u00e9 Ukraine Laurentides, a","og_url":"https:\/\/www.pressenza.com\/fr\/2022\/10\/comite-ukraine-laurentides-un-accueil-chaleureux-aux-familles-ukrainiennes\/","og_site_name":"Pressenza","article_publisher":"https:\/\/www.facebook.com\/PressenzaItalia","article_published_time":"2022-10-31T18:50:07+00:00","article_modified_time":"2022-10-31T18:51:45+00:00","og_image":[{"width":777,"height":437,"url":"https:\/\/www.pressenza.com\/wp-content\/uploads\/2022\/10\/diapo_ukrainiens_new.jpg","type":"image\/jpeg"}],"author":"AMECQ - Association des m\u00e9dias \u00e9crits communautaires du Qu\u00e9bec","twitter_card":"summary_large_image","twitter_creator":"@PressenzaIPA","twitter_site":"@PressenzaIPA","twitter_misc":{"\u00c9crit par":"AMECQ - Association des m\u00e9dias \u00e9crits communautaires du Qu\u00e9bec","Dur\u00e9e de lecture estim\u00e9e":"3 minutes"},"schema":{"@context":"https:\/\/schema.org","@graph":[{"@type":"Article","@id":"https:\/\/www.pressenza.com\/fr\/2022\/10\/comite-ukraine-laurentides-un-accueil-chaleureux-aux-familles-ukrainiennes\/#article","isPartOf":{"@id":"https:\/\/www.pressenza.com\/fr\/2022\/10\/comite-ukraine-laurentides-un-accueil-chaleureux-aux-familles-ukrainiennes\/"},"author":{"name":"AMECQ - Association des m\u00e9dias \u00e9crits communautaires du Qu\u00e9bec","@id":"https:\/\/www.pressenza.com\/fr\/#\/schema\/person\/5362584f414349fe88d3246d58d2ac3a"},"headline":"Comit\u00e9 Ukraine Laurentides : un accueil chaleureux aux familles ukrainiennes","datePublished":"2022-10-31T18:50:07+00:00","dateModified":"2022-10-31T18:51:45+00:00","mainEntityOfPage":{"@id":"https:\/\/www.pressenza.com\/fr\/2022\/10\/comite-ukraine-laurentides-un-accueil-chaleureux-aux-familles-ukrainiennes\/"},"wordCount":573,"publisher":{"@id":"https:\/\/www.pressenza.com\/fr\/#organization"},"image":{"@id":"https:\/\/www.pressenza.com\/fr\/2022\/10\/comite-ukraine-laurentides-un-accueil-chaleureux-aux-familles-ukrainiennes\/#primaryimage"},"thumbnailUrl":"https:\/\/www.pressenza.com\/wp-content\/uploads\/2022\/10\/diapo_ukrainiens_new.jpg","keywords":["AMECQ","Laurentides","Pr\u00e9vost","Ukraine"],"articleSection":["Am\u00e9rique du Nord","Migrants"],"inLanguage":"fr-FR"},{"@type":"WebPage","@id":"https:\/\/www.pressenza.com\/fr\/2022\/10\/comite-ukraine-laurentides-un-accueil-chaleureux-aux-familles-ukrainiennes\/","url":"https:\/\/www.pressenza.com\/fr\/2022\/10\/comite-ukraine-laurentides-un-accueil-chaleureux-aux-familles-ukrainiennes\/","name":"Comit\u00e9 Ukraine Laurentides : un accueil chaleureux aux familles ukrainiennes","isPartOf":{"@id":"https:\/\/www.pressenza.com\/fr\/#website"},"primaryImageOfPage":{"@id":"https:\/\/www.pressenza.com\/fr\/2022\/10\/comite-ukraine-laurentides-un-accueil-chaleureux-aux-familles-ukrainiennes\/#primaryimage"},"image":{"@id":"https:\/\/www.pressenza.com\/fr\/2022\/10\/comite-ukraine-laurentides-un-accueil-chaleureux-aux-familles-ukrainiennes\/#primaryimage"},"thumbnailUrl":"https:\/\/www.pressenza.com\/wp-content\/uploads\/2022\/10\/diapo_ukrainiens_new.jpg","datePublished":"2022-10-31T18:50:07+00:00","dateModified":"2022-10-31T18:51:45+00:00","description":"Une journ\u00e9e de l\u2019Action de gr\u00e2ces, quelque peu froide, mais dont l'\u00e9v\u00e9nement organis\u00e9 par Marie-Ann Dalzell, membre du Comit\u00e9 Ukraine Laurentides, a","breadcrumb":{"@id":"https:\/\/www.pressenza.com\/fr\/2022\/10\/comite-ukraine-laurentides-un-accueil-chaleureux-aux-familles-ukrainiennes\/#breadcrumb"},"inLanguage":"fr-FR","potentialAction":[{"@type":"ReadAction","target":["https:\/\/www.pressenza.com\/fr\/2022\/10\/comite-ukraine-laurentides-un-accueil-chaleureux-aux-familles-ukrainiennes\/"]}]},{"@type":"ImageObject","inLanguage":"fr-FR","@id":"https:\/\/www.pressenza.com\/fr\/2022\/10\/comite-ukraine-laurentides-un-accueil-chaleureux-aux-familles-ukrainiennes\/#primaryimage","url":"https:\/\/www.pressenza.com\/wp-content\/uploads\/2022\/10\/diapo_ukrainiens_new.jpg","contentUrl":"https:\/\/www.pressenza.com\/wp-content\/uploads\/2022\/10\/diapo_ukrainiens_new.jpg","width":777,"height":437,"caption":"Familles ukrainiennes, cr\u00e9dit Le journal des citoyens"},{"@type":"BreadcrumbList","@id":"https:\/\/www.pressenza.com\/fr\/2022\/10\/comite-ukraine-laurentides-un-accueil-chaleureux-aux-familles-ukrainiennes\/#breadcrumb","itemListElement":[{"@type":"ListItem","position":1,"name":"Accueil","item":"https:\/\/www.pressenza.com\/fr\/"},{"@type":"ListItem","position":2,"name":"Comit\u00e9 Ukraine Laurentides : un accueil chaleureux aux familles ukrainiennes"}]},{"@type":"WebSite","@id":"https:\/\/www.pressenza.com\/fr\/#website","url":"https:\/\/www.pressenza.com\/fr\/","name":"Pressenza","description":"International Press Agency","publisher":{"@id":"https:\/\/www.pressenza.com\/fr\/#organization"},"potentialAction":[{"@type":"SearchAction","target":{"@type":"EntryPoint","urlTemplate":"https:\/\/www.pressenza.com\/fr\/?s={search_term_string}"},"query-input":{"@type":"PropertyValueSpecification","valueRequired":true,"valueName":"search_term_string"}}],"inLanguage":"fr-FR"},{"@type":"Organization","@id":"https:\/\/www.pressenza.com\/fr\/#organization","name":"Pressenza","url":"https:\/\/www.pressenza.com\/fr\/","logo":{"@type":"ImageObject","inLanguage":"fr-FR","@id":"https:\/\/www.pressenza.com\/fr\/#\/schema\/logo\/image\/","url":"https:\/\/www.pressenza.com\/wp-content\/uploads\/2022\/10\/pressenza_logo_200x200.jpg","contentUrl":"https:\/\/www.pressenza.com\/wp-content\/uploads\/2022\/10\/pressenza_logo_200x200.jpg","width":200,"height":200,"caption":"Pressenza"},"image":{"@id":"https:\/\/www.pressenza.com\/fr\/#\/schema\/logo\/image\/"},"sameAs":["https:\/\/www.facebook.com\/PressenzaItalia","https:\/\/x.com\/PressenzaIPA"]},{"@type":"Person","@id":"https:\/\/www.pressenza.com\/fr\/#\/schema\/person\/5362584f414349fe88d3246d58d2ac3a","name":"AMECQ - Association des m\u00e9dias \u00e9crits communautaires du Qu\u00e9bec","description":"L\u2019Association des m\u00e9dias \u00e9crits communautaires du Qu\u00e9bec a pour but : de fournir des services de soutien et de formation \u00e0 ses journaux communautaires membres et de les regrouper et de les repr\u00e9senter pour que ceux-ci puissent remplir leur r\u00f4le et leur mission fondamentale. L\u2019Association participe activement au d\u00e9veloppement et au rayonnement des m\u00e9dias \u00e9crits communautaires. Les liens \u00e9troits et constants qu\u2019elle entretient avec ses membres lui assurent une connaissance dynamique du secteur et de ses besoins. L\u2019AMECQ compte 74 journaux membres.","url":"https:\/\/www.pressenza.com\/fr\/author\/amecq\/"}]}},"place":"Le Journal des citoyens, Pr\u00e9vost","original_article_url":"https:\/\/www.jdc.quebec\/2022\/10\/23\/bienvenu-aux-ukrainiens\/","_links":{"self":[{"href":"https:\/\/www.pressenza.com\/fr\/wp-json\/wp\/v2\/posts\/1690636","targetHints":{"allow":["GET"]}}],"collection":[{"href":"https:\/\/www.pressenza.com\/fr\/wp-json\/wp\/v2\/posts"}],"about":[{"href":"https:\/\/www.pressenza.com\/fr\/wp-json\/wp\/v2\/types\/post"}],"author":[{"embeddable":true,"href":"https:\/\/www.pressenza.com\/fr\/wp-json\/wp\/v2\/users\/2143"}],"replies":[{"embeddable":true,"href":"https:\/\/www.pressenza.com\/fr\/wp-json\/wp\/v2\/comments?post=1690636"}],"version-history":[{"count":0,"href":"https:\/\/www.pressenza.com\/fr\/wp-json\/wp\/v2\/posts\/1690636\/revisions"}],"wp:featuredmedia":[{"embeddable":true,"href":"https:\/\/www.pressenza.com\/fr\/wp-json\/wp\/v2\/media\/1690640"}],"wp:attachment":[{"href":"https:\/\/www.pressenza.com\/fr\/wp-json\/wp\/v2\/media?parent=1690636"}],"wp:term":[{"taxonomy":"category","embeddable":true,"href":"https:\/\/www.pressenza.com\/fr\/wp-json\/wp\/v2\/categories?post=1690636"},{"taxonomy":"post_tag","embeddable":true,"href":"https:\/\/www.pressenza.com\/fr\/wp-json\/wp\/v2\/tags?post=1690636"}],"curies":[{"name":"wp","href":"https:\/\/api.w.org\/{rel}","templated":true}]}}