{"id":1689836,"date":"2022-10-27T20:43:45","date_gmt":"2022-10-27T19:43:45","guid":{"rendered":"https:\/\/www.pressenza.com\/?p=1689836"},"modified":"2022-10-31T19:13:12","modified_gmt":"2022-10-31T19:13:12","slug":"cop15-a-montreal-la-societe-civile-quebecoise-mobilisee-comme-jamais-pour-la-biodiversite","status":"publish","type":"post","link":"https:\/\/www.pressenza.com\/fr\/2022\/10\/cop15-a-montreal-la-societe-civile-quebecoise-mobilisee-comme-jamais-pour-la-biodiversite\/","title":{"rendered":"COP15 \u00e0 Montr\u00e9al : la soci\u00e9t\u00e9 civile qu\u00e9b\u00e9coise mobilis\u00e9e comme jamais pour la biodiversit\u00e9"},"content":{"rendered":"<p><span style=\"font-weight: 400;\">Plus de 65 organisations de la soci\u00e9t\u00e9 civile qu\u00e9b\u00e9coise s\u2019unissent pour faire de la COP15 sur la biodiversit\u00e9 qui aura lieu \u00e0 Montr\u00e9al du 7 au 19 d\u00e9cembre un point tournant pour la sauvegarde du vivant. Le Collectif COP15 r\u00e9unit des organisations des milieux environnemental et de conservation, de d\u00e9veloppement international, des jeunes, des organisations autochtones, des syndicats, des organisations financi\u00e8res, des fondations philanthropiques et des centres de recherches. Le Collectif est d\u00e9j\u00e0 mobilis\u00e9 pour r\u00e9hausser l\u2019action face \u00e0 la perte sans pr\u00e9c\u00e9dent de biodiversit\u00e9 au Qu\u00e9bec comme ailleurs dans le monde.\u00a0<\/span><\/p>\n<blockquote><p><span style=\"font-weight: 400;\">\u00ab En d\u00e9cembre prochain, le monde tournera ses yeux vers Montr\u00e9al pour la COP15 sur la biodiversit\u00e9. Il s\u2019agit d\u2019un rendez-vous immanquable pour la sauvegarde du vivant. Le Cadre mondial qui sera adopt\u00e9 exige des transformations profondes de notre soci\u00e9t\u00e9 et pourrait \u00eatre encore plus important que l\u2019Accord de Paris pour le climat. Nos dirigeant\u00b7e\u00b7s, au Qu\u00e9bec et au Canada, devront \u00eatre \u00e0 la hauteur de ce moment historique en proposant des actions qui permettront de changer le cours du monde \u00bb, soulignent les repr\u00e9sentant\u00b7e\u00b7s de tous les horizons du Collectif COP15 r\u00e9unis \u00e0 la Biosph\u00e8re de Montr\u00e9al.<\/span><\/p>\n<p><span style=\"font-weight: 400;\">\u00ab Pour assurer le succ\u00e8s de la COP 15 et de l\u2019atteinte des objectifs de la Convention et du cadre mondial sur la diversit\u00e9 biologique, les gouvernements et les parties prenantes de tous les secteurs devront travailler ensemble, tant au niveau du processus de d\u00e9cision qu\u2019au niveau la mise en \u0153uvre de ces d\u00e9cisions. Le Collectif COP15 r\u00e9unit un ensemble d\u2019acteurs de tous horizons de la soci\u00e9t\u00e9 qu\u00e9b\u00e9coise, une coalition qui peut se joindre \u00e0 d\u2019autres pour provoquer des changements, remettre en question le \u2018statu quo\u2019 et agir efficacement pour mener les soci\u00e9t\u00e9s \u00e0 vivre en harmonie avec la nature. J\u2019invite le Collectif COP15 \u00e0 interagir avec les participants internationaux lors de la Conf\u00e9rence et \u00e0 faire entendre sa voix en son sein et au-del\u00e0. \u00bb, souligne David Cooper, Secr\u00e9taire ex\u00e9cutif adjoint du Secr\u00e9tariat de la Convention sur la Diversit\u00e9 Biologique (CDB), qui a pris parole lors de l\u2019\u00e9v\u00e9nement.\u00a0<\/span><\/p><\/blockquote>\n<h4><strong>L\u2019Espace \u00ab G\u00e9n\u00e9rations vivantes \u00bb<\/strong><\/h4>\n<p><span style=\"font-weight: 400;\">Ayant pour slogan \u00ab G\u00e9n\u00e9rations vivantes \u00bb, le Collectif COP15 fera rayonner les meilleures pratiques en mati\u00e8re de protection et de r\u00e9tablissement de la biodiversit\u00e9 \u00e0 travers plus d\u2019une soixantaine d\u2019\u00e9v\u00e9nements. L\u2019\u00e9picentre de la mobilisation sera l\u2019Espace \u00ab G\u00e9n\u00e9rations vivantes \u00bb, qui se tiendra au C\u0153ur des sciences de l\u2019UQAM et \u00e0 la Maison du d\u00e9veloppement durable. Parmi les \u00e9v\u00e9nements phares du Collectif: une conf\u00e9rence internationale sur les causes sous-jacentes responsables de la perte de biodiversit\u00e9 du 6 au 8 d\u00e9cembre, une grande marche au c\u0153ur de Montr\u00e9al le 10 d\u00e9cembre, et les Dialogues pour la biodiversit\u00e9, ouverts au public pour vulgariser les enjeux des n\u00e9gociations. Gr\u00e2ce \u00e0 la diversit\u00e9 des acteurs regroup\u00e9s, une grande vari\u00e9t\u00e9 d\u2019enjeux traiteront la biodiversit\u00e9 sous toutes ses formes \u2013 \u00e9conomie, transition juste, culture, am\u00e9nagement du territoire, etc. Les opportunit\u00e9s de dialogues continueront en dehors de cet espace gr\u00e2ce \u00e0 une programmation du milieu culturel de Montr\u00e9al et des activit\u00e9s \u00e0 travers le Qu\u00e9bec.\u00a0<\/span><\/p>\n<h4><strong>Un nouveau cadre mondial d\u00e9terminant pour l\u2019avenir de l\u2019humanit\u00e9\u00a0\u00a0<\/strong><\/h4>\n<p><span style=\"font-weight: 400;\">La COP15 est le rendez-vous mondial le plus important pour la biodiversit\u00e9 depuis plus de 10 ans: il s\u2019agit d\u2019adopter un nouveau Cadre mondial actif jusqu\u2019en 2030 pour stopper le d\u00e9clin du vivant et faire de la protection de la nature une valeur fondamentale de nos soci\u00e9t\u00e9s. Pour \u00eatre \u00e0 la hauteur, le Collectif esp\u00e8re la ratification d\u2019objectifs ambitieux de conservation de la nature, notamment la protection de 30% du territoire terrestre et marin, des ressources pour financer la mise en \u0153uvre du cadre mondial et des mesures contraignantes pour assurer l\u2019atteinte des objectifs de fa\u00e7on \u00e9quitable et inclusive. L\u2019importance politique de ce cadre en ferait l\u2019\u00e9quivalent de l\u2019Accord de Paris pour le climat, et plus encore. Les crises de la biodiversit\u00e9 et du climat \u00e9tant intimement li\u00e9es, la signature du nouveau Cadre mondial 2030 pour la biodiversit\u00e9 augmenterait les chances d\u2019atteindre les objectifs de l\u2019Accord de Paris.\u00a0<\/span><\/p>\n<h4><strong>Les bottines doivent suivre les babines tant \u00e0 Qu\u00e9bec qu\u2019\u00e0 Ottawa<\/strong><\/h4>\n<p><span style=\"font-weight: 400;\">Alors que les gouvernements peinent \u00e0 atteindre les objectifs pour lesquels ils s\u2019\u00e9taient engag\u00e9s dans la pr\u00e9c\u00e9dente d\u00e9cennie, les 67 organisations, tous secteurs confondus, appellent les \u00e9lus \u00e0 faire preuve d\u2019un leadership exemplaire\u00a0 lors de la COP15 et \u00e0 saisir l\u2019opportunit\u00e9 d\u2019en faire un point tournant. Le Collectif demande des gains concrets en mati\u00e8re de protection des milieux naturels et des esp\u00e8ces menac\u00e9es, des investissements \u00e0 la hauteur du d\u00e9fi,\u00a0 une approche pangouvernementale responsable et transparente, la modernisation de plusieurs lois et un meilleur encadrement du secteur priv\u00e9. \u00c0 cet \u00e9gard, ce grand regroupement de la soci\u00e9t\u00e9 civile qu\u00e9b\u00e9coise a cibl\u00e9 plusieurs enjeux sur lesquels les gouvernements ont le pouvoir d\u2019agir d\u00e8s maintenant, notamment la protection permanente de la rivi\u00e8re Magpie et la r\u00e9alisation d\u2019un grand parc-nature dans l\u2019Est du Grand Montr\u00e9al.<\/span><\/p>\n<blockquote><p><span style=\"font-weight: 400;\">\u00ab La COP15 de Montr\u00e9al n\u2019est pas une COP comme les autres, il s\u2019agit de la COP Biodiversit\u00e9 de la d\u00e9cennie. Notre Collectif qui regroupe des acteurs de tous les horizons incitera nos gouvernements \u00e0 jouer un r\u00f4le exemplaire en ce moment historique. Nous serons pr\u00e9sents \u00e0 l\u2019int\u00e9rieur et \u00e0 l\u2019ext\u00e9rieur des n\u00e9gociations pendant toute la dur\u00e9e des n\u00e9gociations et donneront \u00e0 tou\u00b7te\u00b7s (citoyen\u00b7ne\u00b7s, entreprises, ONGs) l\u2019opportunit\u00e9 de participer \u00e0 cette mobilisation sans pr\u00e9c\u00e9dent pour la protection de la biodiversit\u00e9. \u00bb d\u00e9clare le Collectif COP15.<\/span><\/p><\/blockquote>\n<h4><strong>\u00c0 propos du Collectif COP15<\/strong><\/h4>\n<p><span style=\"font-weight: 400;\">R\u00e9uni \u00e0 la fin juin 2022 pour r\u00e9pondre \u00e0 l\u2019urgence d\u2019agir face \u00e0 la perte de biodiversit\u00e9, le Collectif r\u00e9unit 67 organisations de la soci\u00e9t\u00e9 civile qu\u00e9b\u00e9coise (organisations des milieux environnemental et de conservation, de d\u00e9veloppement international, des jeunes, des organisations autochtones, des syndicats, des organisations financi\u00e8res, des fondations philanthropiques et des centres de recherches). Le Collectif est pilot\u00e9 par un comit\u00e9 de 8 organisations: F\u00e9d\u00e9ration des travailleurs et travailleuses du Qu\u00e9bec (FTQ), Fondaction, Nature Qu\u00e9bec, Regroupement national des conseils r\u00e9gionaux de l\u2019environnement du Qu\u00e9bec (RNCREQ), R\u00e9seau action climat Canada (CAN-Rac), R\u00e9seau des Milieux Naturels prot\u00e9g\u00e9s (RMN) et la SNAP Qu\u00e9bec, ainsi que COPTICOM Strat\u00e9gies et relations publiques qui en assure la coordination.\u00a0<\/span><\/p>\n","protected":false},"excerpt":{"rendered":"<p>Plus de 65 organisations de la soci\u00e9t\u00e9 civile qu\u00e9b\u00e9coise s\u2019unissent pour faire de la COP15 sur la biodiversit\u00e9 qui aura lieu \u00e0 Montr\u00e9al du 7 au 19 d\u00e9cembre un point tournant pour la sauvegarde du vivant. Le Collectif COP15 r\u00e9unit&hellip;<\/p>\n","protected":false},"author":670,"featured_media":1689837,"comment_status":"closed","ping_status":"closed","sticky":false,"template":"","format":"standard","meta":{"footnotes":""},"categories":[151,97],"tags":[2771,106880,106881,29617],"class_list":["post-1689836","post","type-post","status-publish","format-standard","has-post-thumbnail","hentry","category-communique-de-presse","category-environnement-et-ecologie","tag-biodiversite","tag-collectifcop15","tag-cop15-fr","tag-montreal"],"yoast_head":"<!-- This site is optimized with the Yoast SEO plugin v27.1.1 - https:\/\/yoast.com\/product\/yoast-seo-wordpress\/ -->\n<title>COP15 \u00e0 Montr\u00e9al : la soci\u00e9t\u00e9 civile qu\u00e9b\u00e9coise mobilis\u00e9e comme jamais pour la biodiversit\u00e9<\/title>\n<meta name=\"description\" content=\"Plus de 65 organisations de la soci\u00e9t\u00e9 civile qu\u00e9b\u00e9coise s\u2019unissent pour faire de la COP15 sur la biodiversit\u00e9 qui aura lieu \u00e0 Montr\u00e9al du 7 au 19\" \/>\n<meta name=\"robots\" content=\"index, follow, max-snippet:-1, max-image-preview:large, max-video-preview:-1\" \/>\n<link rel=\"canonical\" href=\"https:\/\/www.pressenza.com\/fr\/2022\/10\/cop15-a-montreal-la-societe-civile-quebecoise-mobilisee-comme-jamais-pour-la-biodiversite\/\" \/>\n<meta property=\"og:locale\" content=\"fr_FR\" \/>\n<meta property=\"og:type\" content=\"article\" \/>\n<meta property=\"og:title\" content=\"COP15 \u00e0 Montr\u00e9al : la soci\u00e9t\u00e9 civile qu\u00e9b\u00e9coise mobilis\u00e9e comme jamais pour la biodiversit\u00e9\" \/>\n<meta property=\"og:description\" content=\"Plus de 65 organisations de la soci\u00e9t\u00e9 civile qu\u00e9b\u00e9coise s\u2019unissent pour faire de la COP15 sur la biodiversit\u00e9 qui aura lieu \u00e0 Montr\u00e9al du 7 au 19\" \/>\n<meta property=\"og:url\" content=\"https:\/\/www.pressenza.com\/fr\/2022\/10\/cop15-a-montreal-la-societe-civile-quebecoise-mobilisee-comme-jamais-pour-la-biodiversite\/\" \/>\n<meta property=\"og:site_name\" content=\"Pressenza\" \/>\n<meta property=\"article:publisher\" content=\"https:\/\/www.facebook.com\/PressenzaItalia\" \/>\n<meta property=\"article:published_time\" content=\"2022-10-27T19:43:45+00:00\" \/>\n<meta property=\"article:modified_time\" content=\"2022-10-31T19:13:12+00:00\" \/>\n<meta property=\"og:image\" content=\"https:\/\/www.pressenza.com\/wp-content\/uploads\/2022\/10\/cop19.png\" \/>\n\t<meta property=\"og:image:width\" content=\"887\" \/>\n\t<meta property=\"og:image:height\" content=\"388\" \/>\n\t<meta property=\"og:image:type\" content=\"image\/png\" \/>\n<meta name=\"author\" content=\"R\u00e9daction Montr\u00e9al\" \/>\n<meta name=\"twitter:card\" content=\"summary_large_image\" \/>\n<meta name=\"twitter:creator\" content=\"@PressenzaIPA\" \/>\n<meta name=\"twitter:site\" content=\"@PressenzaIPA\" \/>\n<meta name=\"twitter:label1\" content=\"\u00c9crit par\" \/>\n\t<meta name=\"twitter:data1\" content=\"R\u00e9daction Montr\u00e9al\" \/>\n\t<meta name=\"twitter:label2\" content=\"Dur\u00e9e de lecture estim\u00e9e\" \/>\n\t<meta name=\"twitter:data2\" content=\"6 minutes\" \/>\n<script type=\"application\/ld+json\" class=\"yoast-schema-graph\">{\"@context\":\"https:\/\/schema.org\",\"@graph\":[{\"@type\":\"Article\",\"@id\":\"https:\/\/www.pressenza.com\/fr\/2022\/10\/cop15-a-montreal-la-societe-civile-quebecoise-mobilisee-comme-jamais-pour-la-biodiversite\/#article\",\"isPartOf\":{\"@id\":\"https:\/\/www.pressenza.com\/fr\/2022\/10\/cop15-a-montreal-la-societe-civile-quebecoise-mobilisee-comme-jamais-pour-la-biodiversite\/\"},\"author\":{\"name\":\"R\u00e9daction Montr\u00e9al\",\"@id\":\"https:\/\/www.pressenza.com\/fr\/#\/schema\/person\/e74f468c5f420ee105d078343b0b4bf7\"},\"headline\":\"COP15 \u00e0 Montr\u00e9al : la soci\u00e9t\u00e9 civile qu\u00e9b\u00e9coise mobilis\u00e9e comme jamais pour la biodiversit\u00e9\",\"datePublished\":\"2022-10-27T19:43:45+00:00\",\"dateModified\":\"2022-10-31T19:13:12+00:00\",\"mainEntityOfPage\":{\"@id\":\"https:\/\/www.pressenza.com\/fr\/2022\/10\/cop15-a-montreal-la-societe-civile-quebecoise-mobilisee-comme-jamais-pour-la-biodiversite\/\"},\"wordCount\":1136,\"publisher\":{\"@id\":\"https:\/\/www.pressenza.com\/fr\/#organization\"},\"image\":{\"@id\":\"https:\/\/www.pressenza.com\/fr\/2022\/10\/cop15-a-montreal-la-societe-civile-quebecoise-mobilisee-comme-jamais-pour-la-biodiversite\/#primaryimage\"},\"thumbnailUrl\":\"https:\/\/www.pressenza.com\/wp-content\/uploads\/2022\/10\/cop19.png\",\"keywords\":[\"biodiversit\u00e9\",\"CollectifCOP15\",\"COP15\",\"Montr\u00e9al\"],\"articleSection\":[\"Communiqu\u00e9s de Presse\",\"Ecologie et Environnement\"],\"inLanguage\":\"fr-FR\"},{\"@type\":\"WebPage\",\"@id\":\"https:\/\/www.pressenza.com\/fr\/2022\/10\/cop15-a-montreal-la-societe-civile-quebecoise-mobilisee-comme-jamais-pour-la-biodiversite\/\",\"url\":\"https:\/\/www.pressenza.com\/fr\/2022\/10\/cop15-a-montreal-la-societe-civile-quebecoise-mobilisee-comme-jamais-pour-la-biodiversite\/\",\"name\":\"COP15 \u00e0 Montr\u00e9al : la soci\u00e9t\u00e9 civile qu\u00e9b\u00e9coise mobilis\u00e9e comme jamais pour la biodiversit\u00e9\",\"isPartOf\":{\"@id\":\"https:\/\/www.pressenza.com\/fr\/#website\"},\"primaryImageOfPage\":{\"@id\":\"https:\/\/www.pressenza.com\/fr\/2022\/10\/cop15-a-montreal-la-societe-civile-quebecoise-mobilisee-comme-jamais-pour-la-biodiversite\/#primaryimage\"},\"image\":{\"@id\":\"https:\/\/www.pressenza.com\/fr\/2022\/10\/cop15-a-montreal-la-societe-civile-quebecoise-mobilisee-comme-jamais-pour-la-biodiversite\/#primaryimage\"},\"thumbnailUrl\":\"https:\/\/www.pressenza.com\/wp-content\/uploads\/2022\/10\/cop19.png\",\"datePublished\":\"2022-10-27T19:43:45+00:00\",\"dateModified\":\"2022-10-31T19:13:12+00:00\",\"description\":\"Plus de 65 organisations de la soci\u00e9t\u00e9 civile qu\u00e9b\u00e9coise s\u2019unissent pour faire de la COP15 sur la biodiversit\u00e9 qui aura lieu \u00e0 Montr\u00e9al du 7 au 19\",\"breadcrumb\":{\"@id\":\"https:\/\/www.pressenza.com\/fr\/2022\/10\/cop15-a-montreal-la-societe-civile-quebecoise-mobilisee-comme-jamais-pour-la-biodiversite\/#breadcrumb\"},\"inLanguage\":\"fr-FR\",\"potentialAction\":[{\"@type\":\"ReadAction\",\"target\":[\"https:\/\/www.pressenza.com\/fr\/2022\/10\/cop15-a-montreal-la-societe-civile-quebecoise-mobilisee-comme-jamais-pour-la-biodiversite\/\"]}]},{\"@type\":\"ImageObject\",\"inLanguage\":\"fr-FR\",\"@id\":\"https:\/\/www.pressenza.com\/fr\/2022\/10\/cop15-a-montreal-la-societe-civile-quebecoise-mobilisee-comme-jamais-pour-la-biodiversite\/#primaryimage\",\"url\":\"https:\/\/www.pressenza.com\/wp-content\/uploads\/2022\/10\/cop19.png\",\"contentUrl\":\"https:\/\/www.pressenza.com\/wp-content\/uploads\/2022\/10\/cop19.png\",\"width\":887,\"height\":388,\"caption\":\"Collectif COP15, g\u00e9n\u00e9rations vivantes\"},{\"@type\":\"BreadcrumbList\",\"@id\":\"https:\/\/www.pressenza.com\/fr\/2022\/10\/cop15-a-montreal-la-societe-civile-quebecoise-mobilisee-comme-jamais-pour-la-biodiversite\/#breadcrumb\",\"itemListElement\":[{\"@type\":\"ListItem\",\"position\":1,\"name\":\"Accueil\",\"item\":\"https:\/\/www.pressenza.com\/fr\/\"},{\"@type\":\"ListItem\",\"position\":2,\"name\":\"COP15 \u00e0 Montr\u00e9al : la soci\u00e9t\u00e9 civile qu\u00e9b\u00e9coise mobilis\u00e9e comme jamais pour la biodiversit\u00e9\"}]},{\"@type\":\"WebSite\",\"@id\":\"https:\/\/www.pressenza.com\/fr\/#website\",\"url\":\"https:\/\/www.pressenza.com\/fr\/\",\"name\":\"Pressenza\",\"description\":\"International Press Agency\",\"publisher\":{\"@id\":\"https:\/\/www.pressenza.com\/fr\/#organization\"},\"potentialAction\":[{\"@type\":\"SearchAction\",\"target\":{\"@type\":\"EntryPoint\",\"urlTemplate\":\"https:\/\/www.pressenza.com\/fr\/?s={search_term_string}\"},\"query-input\":{\"@type\":\"PropertyValueSpecification\",\"valueRequired\":true,\"valueName\":\"search_term_string\"}}],\"inLanguage\":\"fr-FR\"},{\"@type\":\"Organization\",\"@id\":\"https:\/\/www.pressenza.com\/fr\/#organization\",\"name\":\"Pressenza\",\"url\":\"https:\/\/www.pressenza.com\/fr\/\",\"logo\":{\"@type\":\"ImageObject\",\"inLanguage\":\"fr-FR\",\"@id\":\"https:\/\/www.pressenza.com\/fr\/#\/schema\/logo\/image\/\",\"url\":\"https:\/\/www.pressenza.com\/wp-content\/uploads\/2022\/10\/pressenza_logo_200x200.jpg\",\"contentUrl\":\"https:\/\/www.pressenza.com\/wp-content\/uploads\/2022\/10\/pressenza_logo_200x200.jpg\",\"width\":200,\"height\":200,\"caption\":\"Pressenza\"},\"image\":{\"@id\":\"https:\/\/www.pressenza.com\/fr\/#\/schema\/logo\/image\/\"},\"sameAs\":[\"https:\/\/www.facebook.com\/PressenzaItalia\",\"https:\/\/x.com\/PressenzaIPA\"]},{\"@type\":\"Person\",\"@id\":\"https:\/\/www.pressenza.com\/fr\/#\/schema\/person\/e74f468c5f420ee105d078343b0b4bf7\",\"name\":\"R\u00e9daction Montr\u00e9al\",\"description\":\"News published by the Pressenza bureau in Montreal, Canada\",\"url\":\"https:\/\/www.pressenza.com\/fr\/author\/redaction-montreal\/\"}]}<\/script>\n<!-- \/ Yoast SEO plugin. -->","yoast_head_json":{"title":"COP15 \u00e0 Montr\u00e9al : la soci\u00e9t\u00e9 civile qu\u00e9b\u00e9coise mobilis\u00e9e comme jamais pour la biodiversit\u00e9","description":"Plus de 65 organisations de la soci\u00e9t\u00e9 civile qu\u00e9b\u00e9coise s\u2019unissent pour faire de la COP15 sur la biodiversit\u00e9 qui aura lieu \u00e0 Montr\u00e9al du 7 au 19","robots":{"index":"index","follow":"follow","max-snippet":"max-snippet:-1","max-image-preview":"max-image-preview:large","max-video-preview":"max-video-preview:-1"},"canonical":"https:\/\/www.pressenza.com\/fr\/2022\/10\/cop15-a-montreal-la-societe-civile-quebecoise-mobilisee-comme-jamais-pour-la-biodiversite\/","og_locale":"fr_FR","og_type":"article","og_title":"COP15 \u00e0 Montr\u00e9al : la soci\u00e9t\u00e9 civile qu\u00e9b\u00e9coise mobilis\u00e9e comme jamais pour la biodiversit\u00e9","og_description":"Plus de 65 organisations de la soci\u00e9t\u00e9 civile qu\u00e9b\u00e9coise s\u2019unissent pour faire de la COP15 sur la biodiversit\u00e9 qui aura lieu \u00e0 Montr\u00e9al du 7 au 19","og_url":"https:\/\/www.pressenza.com\/fr\/2022\/10\/cop15-a-montreal-la-societe-civile-quebecoise-mobilisee-comme-jamais-pour-la-biodiversite\/","og_site_name":"Pressenza","article_publisher":"https:\/\/www.facebook.com\/PressenzaItalia","article_published_time":"2022-10-27T19:43:45+00:00","article_modified_time":"2022-10-31T19:13:12+00:00","og_image":[{"width":887,"height":388,"url":"https:\/\/www.pressenza.com\/wp-content\/uploads\/2022\/10\/cop19.png","type":"image\/png"}],"author":"R\u00e9daction Montr\u00e9al","twitter_card":"summary_large_image","twitter_creator":"@PressenzaIPA","twitter_site":"@PressenzaIPA","twitter_misc":{"\u00c9crit par":"R\u00e9daction Montr\u00e9al","Dur\u00e9e de lecture estim\u00e9e":"6 minutes"},"schema":{"@context":"https:\/\/schema.org","@graph":[{"@type":"Article","@id":"https:\/\/www.pressenza.com\/fr\/2022\/10\/cop15-a-montreal-la-societe-civile-quebecoise-mobilisee-comme-jamais-pour-la-biodiversite\/#article","isPartOf":{"@id":"https:\/\/www.pressenza.com\/fr\/2022\/10\/cop15-a-montreal-la-societe-civile-quebecoise-mobilisee-comme-jamais-pour-la-biodiversite\/"},"author":{"name":"R\u00e9daction Montr\u00e9al","@id":"https:\/\/www.pressenza.com\/fr\/#\/schema\/person\/e74f468c5f420ee105d078343b0b4bf7"},"headline":"COP15 \u00e0 Montr\u00e9al : la soci\u00e9t\u00e9 civile qu\u00e9b\u00e9coise mobilis\u00e9e comme jamais pour la biodiversit\u00e9","datePublished":"2022-10-27T19:43:45+00:00","dateModified":"2022-10-31T19:13:12+00:00","mainEntityOfPage":{"@id":"https:\/\/www.pressenza.com\/fr\/2022\/10\/cop15-a-montreal-la-societe-civile-quebecoise-mobilisee-comme-jamais-pour-la-biodiversite\/"},"wordCount":1136,"publisher":{"@id":"https:\/\/www.pressenza.com\/fr\/#organization"},"image":{"@id":"https:\/\/www.pressenza.com\/fr\/2022\/10\/cop15-a-montreal-la-societe-civile-quebecoise-mobilisee-comme-jamais-pour-la-biodiversite\/#primaryimage"},"thumbnailUrl":"https:\/\/www.pressenza.com\/wp-content\/uploads\/2022\/10\/cop19.png","keywords":["biodiversit\u00e9","CollectifCOP15","COP15","Montr\u00e9al"],"articleSection":["Communiqu\u00e9s de Presse","Ecologie et Environnement"],"inLanguage":"fr-FR"},{"@type":"WebPage","@id":"https:\/\/www.pressenza.com\/fr\/2022\/10\/cop15-a-montreal-la-societe-civile-quebecoise-mobilisee-comme-jamais-pour-la-biodiversite\/","url":"https:\/\/www.pressenza.com\/fr\/2022\/10\/cop15-a-montreal-la-societe-civile-quebecoise-mobilisee-comme-jamais-pour-la-biodiversite\/","name":"COP15 \u00e0 Montr\u00e9al : la soci\u00e9t\u00e9 civile qu\u00e9b\u00e9coise mobilis\u00e9e comme jamais pour la biodiversit\u00e9","isPartOf":{"@id":"https:\/\/www.pressenza.com\/fr\/#website"},"primaryImageOfPage":{"@id":"https:\/\/www.pressenza.com\/fr\/2022\/10\/cop15-a-montreal-la-societe-civile-quebecoise-mobilisee-comme-jamais-pour-la-biodiversite\/#primaryimage"},"image":{"@id":"https:\/\/www.pressenza.com\/fr\/2022\/10\/cop15-a-montreal-la-societe-civile-quebecoise-mobilisee-comme-jamais-pour-la-biodiversite\/#primaryimage"},"thumbnailUrl":"https:\/\/www.pressenza.com\/wp-content\/uploads\/2022\/10\/cop19.png","datePublished":"2022-10-27T19:43:45+00:00","dateModified":"2022-10-31T19:13:12+00:00","description":"Plus de 65 organisations de la soci\u00e9t\u00e9 civile qu\u00e9b\u00e9coise s\u2019unissent pour faire de la COP15 sur la biodiversit\u00e9 qui aura lieu \u00e0 Montr\u00e9al du 7 au 19","breadcrumb":{"@id":"https:\/\/www.pressenza.com\/fr\/2022\/10\/cop15-a-montreal-la-societe-civile-quebecoise-mobilisee-comme-jamais-pour-la-biodiversite\/#breadcrumb"},"inLanguage":"fr-FR","potentialAction":[{"@type":"ReadAction","target":["https:\/\/www.pressenza.com\/fr\/2022\/10\/cop15-a-montreal-la-societe-civile-quebecoise-mobilisee-comme-jamais-pour-la-biodiversite\/"]}]},{"@type":"ImageObject","inLanguage":"fr-FR","@id":"https:\/\/www.pressenza.com\/fr\/2022\/10\/cop15-a-montreal-la-societe-civile-quebecoise-mobilisee-comme-jamais-pour-la-biodiversite\/#primaryimage","url":"https:\/\/www.pressenza.com\/wp-content\/uploads\/2022\/10\/cop19.png","contentUrl":"https:\/\/www.pressenza.com\/wp-content\/uploads\/2022\/10\/cop19.png","width":887,"height":388,"caption":"Collectif COP15, g\u00e9n\u00e9rations vivantes"},{"@type":"BreadcrumbList","@id":"https:\/\/www.pressenza.com\/fr\/2022\/10\/cop15-a-montreal-la-societe-civile-quebecoise-mobilisee-comme-jamais-pour-la-biodiversite\/#breadcrumb","itemListElement":[{"@type":"ListItem","position":1,"name":"Accueil","item":"https:\/\/www.pressenza.com\/fr\/"},{"@type":"ListItem","position":2,"name":"COP15 \u00e0 Montr\u00e9al : la soci\u00e9t\u00e9 civile qu\u00e9b\u00e9coise mobilis\u00e9e comme jamais pour la biodiversit\u00e9"}]},{"@type":"WebSite","@id":"https:\/\/www.pressenza.com\/fr\/#website","url":"https:\/\/www.pressenza.com\/fr\/","name":"Pressenza","description":"International Press Agency","publisher":{"@id":"https:\/\/www.pressenza.com\/fr\/#organization"},"potentialAction":[{"@type":"SearchAction","target":{"@type":"EntryPoint","urlTemplate":"https:\/\/www.pressenza.com\/fr\/?s={search_term_string}"},"query-input":{"@type":"PropertyValueSpecification","valueRequired":true,"valueName":"search_term_string"}}],"inLanguage":"fr-FR"},{"@type":"Organization","@id":"https:\/\/www.pressenza.com\/fr\/#organization","name":"Pressenza","url":"https:\/\/www.pressenza.com\/fr\/","logo":{"@type":"ImageObject","inLanguage":"fr-FR","@id":"https:\/\/www.pressenza.com\/fr\/#\/schema\/logo\/image\/","url":"https:\/\/www.pressenza.com\/wp-content\/uploads\/2022\/10\/pressenza_logo_200x200.jpg","contentUrl":"https:\/\/www.pressenza.com\/wp-content\/uploads\/2022\/10\/pressenza_logo_200x200.jpg","width":200,"height":200,"caption":"Pressenza"},"image":{"@id":"https:\/\/www.pressenza.com\/fr\/#\/schema\/logo\/image\/"},"sameAs":["https:\/\/www.facebook.com\/PressenzaItalia","https:\/\/x.com\/PressenzaIPA"]},{"@type":"Person","@id":"https:\/\/www.pressenza.com\/fr\/#\/schema\/person\/e74f468c5f420ee105d078343b0b4bf7","name":"R\u00e9daction Montr\u00e9al","description":"News published by the Pressenza bureau in Montreal, Canada","url":"https:\/\/www.pressenza.com\/fr\/author\/redaction-montreal\/"}]}},"place":"","original_article_url":"","_links":{"self":[{"href":"https:\/\/www.pressenza.com\/fr\/wp-json\/wp\/v2\/posts\/1689836","targetHints":{"allow":["GET"]}}],"collection":[{"href":"https:\/\/www.pressenza.com\/fr\/wp-json\/wp\/v2\/posts"}],"about":[{"href":"https:\/\/www.pressenza.com\/fr\/wp-json\/wp\/v2\/types\/post"}],"author":[{"embeddable":true,"href":"https:\/\/www.pressenza.com\/fr\/wp-json\/wp\/v2\/users\/670"}],"replies":[{"embeddable":true,"href":"https:\/\/www.pressenza.com\/fr\/wp-json\/wp\/v2\/comments?post=1689836"}],"version-history":[{"count":0,"href":"https:\/\/www.pressenza.com\/fr\/wp-json\/wp\/v2\/posts\/1689836\/revisions"}],"wp:featuredmedia":[{"embeddable":true,"href":"https:\/\/www.pressenza.com\/fr\/wp-json\/wp\/v2\/media\/1689837"}],"wp:attachment":[{"href":"https:\/\/www.pressenza.com\/fr\/wp-json\/wp\/v2\/media?parent=1689836"}],"wp:term":[{"taxonomy":"category","embeddable":true,"href":"https:\/\/www.pressenza.com\/fr\/wp-json\/wp\/v2\/categories?post=1689836"},{"taxonomy":"post_tag","embeddable":true,"href":"https:\/\/www.pressenza.com\/fr\/wp-json\/wp\/v2\/tags?post=1689836"}],"curies":[{"name":"wp","href":"https:\/\/api.w.org\/{rel}","templated":true}]}}