{"id":1689451,"date":"2022-10-26T00:05:16","date_gmt":"2022-10-25T23:05:16","guid":{"rendered":"https:\/\/www.pressenza.com\/?p=1689451"},"modified":"2022-10-26T00:05:16","modified_gmt":"2022-10-25T23:05:16","slug":"les-puissances-nucleaires-sont-isolees-au-sein-de-la-communaute-internationale","status":"publish","type":"post","link":"https:\/\/www.pressenza.com\/fr\/2022\/10\/les-puissances-nucleaires-sont-isolees-au-sein-de-la-communaute-internationale\/","title":{"rendered":"Les puissances nucl\u00e9aires sont isol\u00e9es au sein de la communaut\u00e9 internationale"},"content":{"rendered":"<blockquote><p>\u00c0 l&rsquo;heure o\u00f9 le risque de guerre nucl\u00e9aire semble augmenter en relation avec l&rsquo;invasion de l&rsquo;Ukraine par la Russie, il convient de souligner deux \u00e9v\u00e9nements majeurs r\u00e9cents li\u00e9s aux armes nucl\u00e9aires. Des conf\u00e9rences internationales se sont tenues en juin 2022 \u00e0 Vienne et en ao\u00fbt 2022 \u00e0 New York et se sont sold\u00e9es par des r\u00e9sultats compl\u00e8tement oppos\u00e9s. La r\u00e9union des \u00c9tats parties au Trait\u00e9 sur l&rsquo;interdiction des armes nucl\u00e9aires (TIAN), en l&rsquo;absence des puissances nucl\u00e9aires et de la plupart de leurs alli\u00e9s, a adopt\u00e9 un plan d&rsquo;action substantiel. La conf\u00e9rence de r\u00e9vision du trait\u00e9 de non-prolif\u00e9ration nucl\u00e9aire (TNP) a failli adopter un document final relativement faible, finalement rejet\u00e9 par la Russie \u00e0 cause de de la situation autour de la centrale nucl\u00e9aire de Zaporizhzhya en Ukraine. Une nouvelle preuve que ce sont bien les puissances nucl\u00e9aires qui emp\u00eachent toute avanc\u00e9e vers le d\u00e9sarmement nucl\u00e9aire en faveur duquel elles se sont pourtant engag\u00e9es il y a plus d&rsquo;un demi-si\u00e8cle.<\/p><\/blockquote>\n<p>Par Marc Finaud*<\/p>\n<p><strong>La r\u00e9union de Vienne : un mod\u00e8le de d\u00e9mocratie internationale<\/strong><\/p>\n<p>Le Trait\u00e9 sur l&rsquo;interdiction des armes nucl\u00e9aires (TIAN), adopt\u00e9 par 122 \u00c9tats aux Nations unies le 7 juillet 2017, est entr\u00e9 en vigueur le 21 janvier 2021 et a \u00e9t\u00e9, \u00e0 ce jour, sign\u00e9 par 91 pays, dont 68 l&rsquo;ont ratifi\u00e9. La premi\u00e8re assembl\u00e9e de ses \u00c9tats parties pr\u00e9vue par le trait\u00e9 s&rsquo;est tenue du 21 au 23 juin 2022 \u00e0 Vienne. Alors que l&rsquo;ensemble du processus menant au trait\u00e9 avait \u00e9t\u00e9 boycott\u00e9 par les puissances nucl\u00e9aires et leurs alli\u00e9s, il est int\u00e9ressant de noter que plusieurs pays de l&rsquo;OTAN, tout en refusant de le signer, ont n\u00e9anmoins particip\u00e9 \u00e0 la r\u00e9union en tant qu&rsquo;observateurs : La Belgique, l&rsquo;Allemagne, la Norv\u00e8ge et les Pays-Bas (qui accueillent tous les quatre des bombes nucl\u00e9aires am\u00e9ricaines sur leur sol), ainsi que l&rsquo;Australie (sous parapluie nucl\u00e9aire am\u00e9ricain) et la Finlande et la Su\u00e8de, candidats \u00e0 l&rsquo;adh\u00e9sion \u00e0 l&rsquo;OTAN. Autant de raisons de qualifier le front de l&rsquo;OTAN de \u00ab\u00a0fissur\u00e9\u00a0\u00bb.<\/p>\n<p>Dans un climat de dialogue largement ouvert aux contributions de la soci\u00e9t\u00e9 civile, dont ICAN, laur\u00e9at du prix Nobel de la paix 2017, les participants ont adopt\u00e9 un rapport contenant une <a href=\"https:\/\/documents.unoda.org\/wp-content\/uploads\/2022\/06\/TPNW.MSP_.2022.CRP_.8-Draft-Declaration.pdf\">D\u00e9claration<\/a> solennelle et un <a href=\"https:\/\/documents.unoda.org\/wp-content\/uploads\/2022\/06\/TPNW.MSP_.2022.CRP_.7-Draft-Action-Plan-new.pdf\">Plan d&rsquo;action<\/a> substantiel. On peut noter les points suivants :<\/p>\n<ol>\n<li>Pensant au cas de l&rsquo;agression russe en Ukraine mais pas seulement \u00e0 [ce cas], les participants se sont d\u00e9clar\u00e9s \u00ab\u00a0alarm\u00e9s et constern\u00e9s par les menaces d&rsquo;utilisation d&rsquo;armes nucl\u00e9aires et par une rh\u00e9torique nucl\u00e9aire de plus en plus stridente\u00a0\u00bb et ont condamn\u00e9 sans \u00e9quivoque \u00ab\u00a0toutes les menaces nucl\u00e9aires, qu&rsquo;elles soient explicites ou implicites et quelles que soient les circonstances.\u00a0\u00bb<\/li>\n<li>En effet, \u00ab\u00a0loin de pr\u00e9server la paix et la s\u00e9curit\u00e9, les armes nucl\u00e9aires sont utilis\u00e9es comme des instruments de politique, li\u00e9s \u00e0 la coercition, \u00e0 l&rsquo;intimidation et \u00e0 l&rsquo;exacerbation des tensions. Cela met plus que jamais en \u00e9vidence le caract\u00e8re fallacieux des doctrines de dissuasion nucl\u00e9aire, qui reposent sur et comptent sur la menace de l&rsquo;utilisation r\u00e9elle des armes nucl\u00e9aires et, pour cette raison, sur les risques de destruction d&rsquo;innombrables vies, de soci\u00e9t\u00e9s, de nations, et sur les risques de cons\u00e9quences catastrophiques \u00e0 l&rsquo;\u00e9chelle mondiale.\u00a0\u00bb<\/li>\n<li>Les participants ont donc \u00ab\u00a0regrett\u00e9\u00a0\u00bb et exprim\u00e9 leur \u00ab\u00a0profonde pr\u00e9occupation devant le fait que (&#8230;) malgr\u00e9 les risques terribles, et malgr\u00e9 leurs obligations juridiques et leurs engagements politiques en mati\u00e8re de d\u00e9sarmement, aucuns des \u00c9tats dot\u00e9s d&rsquo;armes nucl\u00e9aires et aucuns de leurs alli\u00e9s sous le parapluie nucl\u00e9aire ne prennent des mesures s\u00e9rieuses pour r\u00e9duire leur d\u00e9pendance \u00e0 l\u2019\u00e9gard des armes nucl\u00e9aires\u00a0\u00bb et que \u00ab\u00a0tous les \u00c9tats dot\u00e9s d\u2019armes nucl\u00e9aires d\u00e9pensent des sommes consid\u00e9rables pour maintenir, moderniser, mettre \u00e0 niveau ou \u00e9tendre leurs arsenaux nucl\u00e9aires et mettent davantage l&rsquo;accent sur le r\u00f4le des armes nucl\u00e9aires dans les doctrines de s\u00e9curit\u00e9 et augmentent ce r\u00f4le.\u00a0\u00bb<\/li>\n<\/ol>\n<p>Dans leur plan d&rsquo;action, les participants ont convenu de mettre en \u0153uvre 50 mesures, notamment pour :<\/p>\n<ol>\n<li>Agir en faveur de l&rsquo;universalit\u00e9 de la TIAN, en soulignant notamment les cons\u00e9quences humanitaires des armes nucl\u00e9aires,<\/li>\n<li>Travailler \u00e0 la mise en place de l&rsquo;autorit\u00e9 pr\u00e9vue par le trait\u00e9 pour en v\u00e9rifier le respect, et continuer \u00e0 faire progresser la v\u00e9rification du d\u00e9sarmement nucl\u00e9aire,<\/li>\n<li>Consulter la soci\u00e9t\u00e9 civile et les pays qui ont proc\u00e9d\u00e9 \u00e0 des essais nucl\u00e9aires ou ont utilis\u00e9 des armes nucl\u00e9aires, en vue de fournir une assistance aux victimes et d&rsquo;assainir l&rsquo;environnement comme le pr\u00e9voit le trait\u00e9,<\/li>\n<li>Soutenir les travaux du groupe consultatif scientifique pr\u00e9vu par le trait\u00e9 et promouvoir l&rsquo;expertise scientifique en mati\u00e8re de d\u00e9sarmement nucl\u00e9aire,<\/li>\n<li>Promouvoir la synergie entre le TIAN et les autres trait\u00e9s relatifs aux armes nucl\u00e9aires (NPT, Trait\u00e9 d&rsquo;interdiction compl\u00e8te des essais nucl\u00e9aires),<\/li>\n<li>Promouvoir l&rsquo;\u00e9galit\u00e9 des sexes dans la mise en \u0153uvre du trait\u00e9.<\/li>\n<\/ol>\n<p>Au total, un r\u00e9sultat non n\u00e9gligeable, largement d\u00fb \u00e0 la mobilisation tant de la majorit\u00e9 des \u00c9tats du monde que de la soci\u00e9t\u00e9 civile afin de d\u00e9montrer aux partisans de la dissuasion nucl\u00e9aire les risques qu&rsquo;ils font courir \u00e0 l&rsquo;ensemble de l&rsquo;humanit\u00e9. Certes, objectera-t-on, les \u00c9tats d\u00e9tenteurs d\u2019armes nucl\u00e9aires \u00e9taient absents et n&rsquo;ont pas pu emp\u00eacher l&rsquo;adoption de cet ambitieux programme. Mais, justement, s&rsquo;ils avaient sinc\u00e8rement voulu influencer ce processus, ils auraient pu y participer. Que se passe-t-il lorsqu&rsquo;ils sont pr\u00e9sents, comme dans le cadre du TNP ?<\/p>\n<p><strong>La Conf\u00e9rence de r\u00e9vision du TNP : le r\u00e8gne du veto des puissances nucl\u00e9aires<\/strong><\/p>\n<p>Le trait\u00e9 sur la non-prolif\u00e9ration des armes nucl\u00e9aires (TNP), entr\u00e9 en vigueur en 1970, pr\u00e9voyait une conf\u00e9rence de r\u00e9vision tous les cinq ans pour faire le point sur sa mise en \u0153uvre. Ces derni\u00e8res ann\u00e9es, les conf\u00e9rences de r\u00e9vision de 2000 et 2021 ont adopt\u00e9 des documents finaux substantiels contenant un rappel des obligations du trait\u00e9 dans ses trois \u00ab\u00a0piliers\u00a0\u00bb (non-prolif\u00e9ration, d\u00e9sarmement nucl\u00e9aire et utilisations pacifiques de l&rsquo;\u00e9nergie nucl\u00e9aire) ainsi que de nouvelles avanc\u00e9es. Cependant, la plupart de ces engagements, comme l&rsquo;article VI du TNP sur le d\u00e9sarmement, \u00e9taient rest\u00e9s lettre morte. En 2015, les \u00c9tats-Unis ont bloqu\u00e9 par veto le projet de document final car ils s&rsquo;opposaient \u00e0 une conf\u00e9rence sur la zone exempte d&rsquo;armes de destruction massive au Moyen-Orient, qui \u00e9tait rejet\u00e9e par Isra\u00ebl, qui n&rsquo;est pas partie au TNP. La conf\u00e9rence de 2022, report\u00e9e deux fois depuis 2020 en raison de la pand\u00e9mie, a de nouveau vu un \u00c9tat dot\u00e9 d&rsquo;armes nucl\u00e9aires, la Russie, emp\u00eacher le consensus sur un projet de document final en raison d&rsquo;un paragraphe reconnaissant la souverainet\u00e9 de l&rsquo;Ukraine sur sa centrale nucl\u00e9aire de Zaporizhzhya occup\u00e9e par l&rsquo;arm\u00e9e russe.<\/p>\n<p>Faut-il en conclure que si la Russie s&rsquo;\u00e9tait jointe au consensus, la Conf\u00e9rence aurait fait avancer la cause du d\u00e9sarmement, de la non-prolif\u00e9ration et de la r\u00e9duction du risque nucl\u00e9aire ? Les avis sont partag\u00e9s et tout d\u00e9pend de l&rsquo;aune \u00e0 laquelle ces progr\u00e8s auraient \u00e9t\u00e9 mesur\u00e9s. Un fait est ind\u00e9niable : les diff\u00e9rentes versions du document final, initialement propos\u00e9es par les pr\u00e9sidents des principaux comit\u00e9s de la Conf\u00e9rence, ont \u00e9t\u00e9, au cours des n\u00e9gociations, d\u00e9pourvues de plusieurs avanc\u00e9es qui y figuraient; ces avanc\u00e9es ont \u00e9t\u00e9 \u00e9limin\u00e9es \u00e0 l&rsquo;initiative des puissances nucl\u00e9aires. C&rsquo;est le cas de :<\/p>\n<ul>\n<li>La recommandation \u00e0 ces \u00c9tats d&rsquo;adopter la doctrine nucl\u00e9aire du <strong>non-recours en premier<\/strong> afin de r\u00e9duire le risque de tout recours \u00e0 l&rsquo;arme nucl\u00e9aire. Cette proposition, issue d&rsquo;un <a href=\"https:\/\/nofirstuse.global\/wp-content\/uploads\/2022\/07\/Civil-society-working-paper-on-NFU-.pdf\">document de travail<\/a> pr\u00e9sent\u00e9 par de nombreuses organisations non gouvernementales ONG, <a href=\"https:\/\/press.un.org\/en\/2022\/sgsm21401.doc.htm\">soutenue<\/a> par le Secr\u00e9taire g\u00e9n\u00e9ral des Nations Unies, s&rsquo;est notamment heurt\u00e9e \u00e0 l&rsquo;activisme des d\u00e9l\u00e9gations britanniques et fran\u00e7aises,<\/li>\n<li>L&rsquo;id\u00e9e, contenue dans une <a href=\"https:\/\/nofirstuse.global\/wp-content\/uploads\/2022\/01\/NPT-Open-Letter-plus-list-of-endorsers.pdf\">lettre ouverte<\/a> de milliers de personnalit\u00e9s, de fixer l&rsquo;objectif d&rsquo;achever le d\u00e9sarmement nucl\u00e9aire au plus tard en 2045, pour le 100e anniversaire de la cr\u00e9ation de l&rsquo;ONU. L\u00e0 encore, les puissances nucl\u00e9aires se sont oppos\u00e9es \u00e0 toute mention d&rsquo;une date,<\/li>\n<li>La r\u00e9f\u00e9rence \u00e0 la d\u00e9claration et au plan d&rsquo;action de la <strong>r\u00e9union des \u00c9tats parties au TIAN<\/strong>. Les \u00c9tats dot\u00e9s d&rsquo;armes nucl\u00e9aires et certains membres de l&rsquo;OTAN l&rsquo;ont \u00e9cart\u00e9e et ont seulement conc\u00e9d\u00e9 \u00e0 \u00ab\u00a0reconna\u00eetre\u00a0\u00bb l&rsquo;existence de ce trait\u00e9.<\/li>\n<\/ul>\n<p>Si l&rsquo;on compare toutefois le \u00ab\u00a0quasi-document\u00a0\u00bb final de 2022 \u00e0 celui qui a failli \u00eatre adopt\u00e9 en 2015, il faut noter quelques avanc\u00e9es, dues principalement \u00e0 la pers\u00e9v\u00e9rance des repr\u00e9sentants de la soci\u00e9t\u00e9 civile lors de la Conf\u00e9rence de r\u00e9vision; ces avanc\u00e9es ont \u00e9t\u00e9 finalement rejet\u00e9es lors des n\u00e9gociations finales. Ainsi, le <a href=\"https:\/\/reachingcriticalwill.org\/images\/documents\/Disarmament-fora\/npt\/revcon2022\/documents\/CRP1_Rev2.pdf\">projet le plus r\u00e9cent<\/a> comprend les dispositions suivantes qui \u00e9taient absentes en 2015 :<\/p>\n<ul>\n<li>La \u00ab\u00a0profonde inqui\u00e9tude\u00a0\u00bb que le <strong>risque d&rsquo;utilisation des armes nucl\u00e9aires<\/strong> est plus \u00e9lev\u00e9 que pendant la guerre froide,<\/li>\n<li>L&rsquo;<strong>\u00ab\u00a0urgence\u00a0\u00bb de r\u00e9duire les arsenaux nucl\u00e9aires<\/strong>, et le r\u00f4le des armes nucl\u00e9aires dans les doctrines militaires,<\/li>\n<li>La \u00ab\u00a0n\u00e9cessit\u00e9\u00a0\u00bb pour les \u00c9tats dot\u00e9s d&rsquo;armes nucl\u00e9aires de donner suite par des actions concr\u00e8tes \u00e0 leur d\u00e9claration du 3 janvier 2022 selon laquelle \u00ab\u00a0<strong>une guerre nucl\u00e9aire ne peut \u00eatre gagn\u00e9e et ne doit donc pas \u00eatre men\u00e9e<\/strong>\u00bb,<\/li>\n<li>La satisfaction de \u00ab\u00a0l&rsquo;attention accrue\u00a0\u00bb accord\u00e9e <strong>\u00e0 l&rsquo;assistance aux victimes et \u00e0 la r\u00e9paration de l&rsquo;environnement<\/strong> en raison des dommages caus\u00e9s par les armes nucl\u00e9aires et les essais nucl\u00e9aires,<\/li>\n<li>\u00ab\u00a0Pr\u00e9occupation\u00a0\u00bb face \u00e0 la <strong>menace d\u2019utilisation<\/strong> ou \u00e0 l&rsquo;utilisation de la force contre l\u2019int\u00e9grit\u00e9 territoriale de tout \u00c9tat, en violation de la Charte des Nations unies.<\/li>\n<li>\u00ab\u00a0Reconnaissance\u00a0\u00bb des mesures <strong>de r\u00e9duction du risque nucl\u00e9aire<\/strong> adopt\u00e9es par certains \u00c9tats,<\/li>\n<li>La \u00ab\u00a0pr\u00e9occupation\u00a0\u00bb des \u00c9tats non dot\u00e9s d&rsquo;armes nucl\u00e9aires face \u00e0 la modernisation des arsenaux nucl\u00e9aires,<\/li>\n<li>L&rsquo;appel aux \u00c9tats dot\u00e9s d&rsquo;armes nucl\u00e9aires \u00e0 faire preuve de plus <strong>de transparence sur leurs arsenaux <\/strong>et leurs doctrines.<\/li>\n<\/ul>\n<p>Au total, m\u00eame si ces dispositions avaient \u00e9t\u00e9 adopt\u00e9es, le plus important aurait \u00e9t\u00e9 qu&rsquo;elles soient appliqu\u00e9es, contrairement aux engagements pr\u00e9c\u00e9dents. Le prochain cycle de r\u00e9vision du TNP commencera en 2023 et se terminera par une nouvelle conf\u00e9rence de r\u00e9vision en 2026. Le travail effectu\u00e9 cette ann\u00e9e sera toutefois utile car il constituera une base solide pour les futures n\u00e9gociations et [pour les futures] actions de la soci\u00e9t\u00e9 civile, stimul\u00e9e par les progr\u00e8s rendus possibles gr\u00e2ce au TIAN. Il est d&rsquo;ores et d\u00e9j\u00e0 clair que les puissances nucl\u00e9aires et leurs alli\u00e9s qui s&rsquo;accrochent \u00e0 la dissuasion nucl\u00e9aire ne pourront ind\u00e9finiment ignorer la d\u00e9termination des Etats et des ONG pour lesquels cette politique, loin d&rsquo;assurer la s\u00e9curit\u00e9 de ses partisans, constitue une menace existentielle pour le monde entier.<\/p>\n<p>&nbsp;<\/p>\n<p>* Associate Fellow, Geneva Centre for Security Policy (GCSP), Vice-pr\u00e9sident, Initiatives pour le D\u00e9sarmement Nucl\u00e9aire (IDN)<\/p>\n<p>&nbsp;<\/p>\n<p><em>Traduit de l&rsquo;anglais par Evelyn Tischer<\/em><\/p>\n","protected":false},"excerpt":{"rendered":"<p>\u00c0 l&rsquo;heure o\u00f9 le risque de guerre nucl\u00e9aire semble augmenter en relation avec l&rsquo;invasion de l&rsquo;Ukraine par la Russie, il convient de souligner deux \u00e9v\u00e9nements majeurs r\u00e9cents li\u00e9s aux armes nucl\u00e9aires. Des conf\u00e9rences internationales se sont tenues en juin 2022&hellip;<\/p>\n","protected":false},"author":1013,"featured_media":1684108,"comment_status":"closed","ping_status":"closed","sticky":false,"template":"","format":"standard","meta":{"footnotes":""},"categories":[11386,40,163,1250],"tags":[3405,40136,46791,27085],"class_list":["post-1689451","post","type-post","status-publish","format-standard","has-post-thumbnail","hentry","category-contenu-original","category-international-fr","category-opinion-fr","category-paix-desarmement","tag-armes-nucleaires","tag-tian","tag-traite-sur-linterdiction-des-armes-nucleaires","tag-traite-sur-la-non-proliferation-des-armes-nucleaires"],"yoast_head":"<!-- This site is optimized with the Yoast SEO plugin v27.1.1 - https:\/\/yoast.com\/product\/yoast-seo-wordpress\/ -->\n<title>Les puissances nucl\u00e9aires sont isol\u00e9es au sein de la communaut\u00e9 internationale<\/title>\n<meta name=\"description\" content=\"\u00c0 l&#039;heure o\u00f9 le risque de guerre nucl\u00e9aire semble augmenter en relation avec l&#039;invasion de l&#039;Ukraine par la Russie, il convient de souligner deux\" \/>\n<meta name=\"robots\" content=\"index, follow, max-snippet:-1, max-image-preview:large, max-video-preview:-1\" \/>\n<link rel=\"canonical\" href=\"https:\/\/www.pressenza.com\/fr\/2022\/10\/les-puissances-nucleaires-sont-isolees-au-sein-de-la-communaute-internationale\/\" \/>\n<meta property=\"og:locale\" content=\"fr_FR\" \/>\n<meta property=\"og:type\" content=\"article\" \/>\n<meta property=\"og:title\" content=\"Les puissances nucl\u00e9aires sont isol\u00e9es au sein de la communaut\u00e9 internationale\" \/>\n<meta property=\"og:description\" content=\"\u00c0 l&#039;heure o\u00f9 le risque de guerre nucl\u00e9aire semble augmenter en relation avec l&#039;invasion de l&#039;Ukraine par la Russie, il convient de souligner deux\" \/>\n<meta property=\"og:url\" content=\"https:\/\/www.pressenza.com\/fr\/2022\/10\/les-puissances-nucleaires-sont-isolees-au-sein-de-la-communaute-internationale\/\" \/>\n<meta property=\"og:site_name\" content=\"Pressenza\" \/>\n<meta property=\"article:publisher\" content=\"https:\/\/www.facebook.com\/PressenzaItalia\" \/>\n<meta property=\"article:author\" content=\"https:\/\/www.facebook.com\/PressenzaEnglish\/\" \/>\n<meta property=\"article:published_time\" content=\"2022-10-25T23:05:16+00:00\" \/>\n<meta property=\"og:image\" content=\"https:\/\/www.pressenza.com\/wp-content\/uploads\/2022\/10\/ICAN-at-NPT-RevCon-2022.jpg\" \/>\n\t<meta property=\"og:image:width\" content=\"799\" \/>\n\t<meta property=\"og:image:height\" content=\"533\" \/>\n\t<meta property=\"og:image:type\" content=\"image\/jpeg\" \/>\n<meta name=\"author\" content=\"Pressenza London\" \/>\n<meta name=\"twitter:card\" content=\"summary_large_image\" \/>\n<meta name=\"twitter:creator\" content=\"@PressenzaIPA\" \/>\n<meta name=\"twitter:site\" content=\"@PressenzaIPA\" \/>\n<meta name=\"twitter:label1\" content=\"\u00c9crit par\" \/>\n\t<meta name=\"twitter:data1\" content=\"Pressenza London\" \/>\n\t<meta name=\"twitter:label2\" content=\"Dur\u00e9e de lecture estim\u00e9e\" \/>\n\t<meta name=\"twitter:data2\" content=\"9 minutes\" \/>\n<script type=\"application\/ld+json\" class=\"yoast-schema-graph\">{\"@context\":\"https:\/\/schema.org\",\"@graph\":[{\"@type\":\"Article\",\"@id\":\"https:\/\/www.pressenza.com\/fr\/2022\/10\/les-puissances-nucleaires-sont-isolees-au-sein-de-la-communaute-internationale\/#article\",\"isPartOf\":{\"@id\":\"https:\/\/www.pressenza.com\/fr\/2022\/10\/les-puissances-nucleaires-sont-isolees-au-sein-de-la-communaute-internationale\/\"},\"author\":{\"name\":\"Pressenza London\",\"@id\":\"https:\/\/www.pressenza.com\/fr\/#\/schema\/person\/17c976cc856ec7e8e3f8cdd1a45eb1b0\"},\"headline\":\"Les puissances nucl\u00e9aires sont isol\u00e9es au sein de la communaut\u00e9 internationale\",\"datePublished\":\"2022-10-25T23:05:16+00:00\",\"mainEntityOfPage\":{\"@id\":\"https:\/\/www.pressenza.com\/fr\/2022\/10\/les-puissances-nucleaires-sont-isolees-au-sein-de-la-communaute-internationale\/\"},\"wordCount\":1971,\"publisher\":{\"@id\":\"https:\/\/www.pressenza.com\/fr\/#organization\"},\"image\":{\"@id\":\"https:\/\/www.pressenza.com\/fr\/2022\/10\/les-puissances-nucleaires-sont-isolees-au-sein-de-la-communaute-internationale\/#primaryimage\"},\"thumbnailUrl\":\"https:\/\/www.pressenza.com\/wp-content\/uploads\/2022\/10\/ICAN-at-NPT-RevCon-2022.jpg\",\"keywords\":[\"Armes Nucl\u00e9aires\",\"TIAN\",\"trait\u00e9 sur l'interdiction des armes nucl\u00e9aires\",\"Trait\u00e9 sur la non-prolif\u00e9ration des armes nucl\u00e9aires\"],\"articleSection\":[\"Contenu Original\",\"International\",\"Opinion\",\"Paix et D\u00e9sarmement\"],\"inLanguage\":\"fr-FR\"},{\"@type\":\"WebPage\",\"@id\":\"https:\/\/www.pressenza.com\/fr\/2022\/10\/les-puissances-nucleaires-sont-isolees-au-sein-de-la-communaute-internationale\/\",\"url\":\"https:\/\/www.pressenza.com\/fr\/2022\/10\/les-puissances-nucleaires-sont-isolees-au-sein-de-la-communaute-internationale\/\",\"name\":\"Les puissances nucl\u00e9aires sont isol\u00e9es au sein de la communaut\u00e9 internationale\",\"isPartOf\":{\"@id\":\"https:\/\/www.pressenza.com\/fr\/#website\"},\"primaryImageOfPage\":{\"@id\":\"https:\/\/www.pressenza.com\/fr\/2022\/10\/les-puissances-nucleaires-sont-isolees-au-sein-de-la-communaute-internationale\/#primaryimage\"},\"image\":{\"@id\":\"https:\/\/www.pressenza.com\/fr\/2022\/10\/les-puissances-nucleaires-sont-isolees-au-sein-de-la-communaute-internationale\/#primaryimage\"},\"thumbnailUrl\":\"https:\/\/www.pressenza.com\/wp-content\/uploads\/2022\/10\/ICAN-at-NPT-RevCon-2022.jpg\",\"datePublished\":\"2022-10-25T23:05:16+00:00\",\"description\":\"\u00c0 l'heure o\u00f9 le risque de guerre nucl\u00e9aire semble augmenter en relation avec l'invasion de l'Ukraine par la Russie, il convient de souligner deux\",\"breadcrumb\":{\"@id\":\"https:\/\/www.pressenza.com\/fr\/2022\/10\/les-puissances-nucleaires-sont-isolees-au-sein-de-la-communaute-internationale\/#breadcrumb\"},\"inLanguage\":\"fr-FR\",\"potentialAction\":[{\"@type\":\"ReadAction\",\"target\":[\"https:\/\/www.pressenza.com\/fr\/2022\/10\/les-puissances-nucleaires-sont-isolees-au-sein-de-la-communaute-internationale\/\"]}]},{\"@type\":\"ImageObject\",\"inLanguage\":\"fr-FR\",\"@id\":\"https:\/\/www.pressenza.com\/fr\/2022\/10\/les-puissances-nucleaires-sont-isolees-au-sein-de-la-communaute-internationale\/#primaryimage\",\"url\":\"https:\/\/www.pressenza.com\/wp-content\/uploads\/2022\/10\/ICAN-at-NPT-RevCon-2022.jpg\",\"contentUrl\":\"https:\/\/www.pressenza.com\/wp-content\/uploads\/2022\/10\/ICAN-at-NPT-RevCon-2022.jpg\",\"width\":799,\"height\":533,\"caption\":\"World leaders met at the United Nations in New York to begin their first review of the UN Non-Proliferation Treaty (NPT) treaty since nuclear weapons became prohibited under international law in 2021.\"},{\"@type\":\"BreadcrumbList\",\"@id\":\"https:\/\/www.pressenza.com\/fr\/2022\/10\/les-puissances-nucleaires-sont-isolees-au-sein-de-la-communaute-internationale\/#breadcrumb\",\"itemListElement\":[{\"@type\":\"ListItem\",\"position\":1,\"name\":\"Accueil\",\"item\":\"https:\/\/www.pressenza.com\/fr\/\"},{\"@type\":\"ListItem\",\"position\":2,\"name\":\"Les puissances nucl\u00e9aires sont isol\u00e9es au sein de la communaut\u00e9 internationale\"}]},{\"@type\":\"WebSite\",\"@id\":\"https:\/\/www.pressenza.com\/fr\/#website\",\"url\":\"https:\/\/www.pressenza.com\/fr\/\",\"name\":\"Pressenza\",\"description\":\"International Press Agency\",\"publisher\":{\"@id\":\"https:\/\/www.pressenza.com\/fr\/#organization\"},\"potentialAction\":[{\"@type\":\"SearchAction\",\"target\":{\"@type\":\"EntryPoint\",\"urlTemplate\":\"https:\/\/www.pressenza.com\/fr\/?s={search_term_string}\"},\"query-input\":{\"@type\":\"PropertyValueSpecification\",\"valueRequired\":true,\"valueName\":\"search_term_string\"}}],\"inLanguage\":\"fr-FR\"},{\"@type\":\"Organization\",\"@id\":\"https:\/\/www.pressenza.com\/fr\/#organization\",\"name\":\"Pressenza\",\"url\":\"https:\/\/www.pressenza.com\/fr\/\",\"logo\":{\"@type\":\"ImageObject\",\"inLanguage\":\"fr-FR\",\"@id\":\"https:\/\/www.pressenza.com\/fr\/#\/schema\/logo\/image\/\",\"url\":\"https:\/\/www.pressenza.com\/wp-content\/uploads\/2022\/10\/pressenza_logo_200x200.jpg\",\"contentUrl\":\"https:\/\/www.pressenza.com\/wp-content\/uploads\/2022\/10\/pressenza_logo_200x200.jpg\",\"width\":200,\"height\":200,\"caption\":\"Pressenza\"},\"image\":{\"@id\":\"https:\/\/www.pressenza.com\/fr\/#\/schema\/logo\/image\/\"},\"sameAs\":[\"https:\/\/www.facebook.com\/PressenzaItalia\",\"https:\/\/x.com\/PressenzaIPA\"]},{\"@type\":\"Person\",\"@id\":\"https:\/\/www.pressenza.com\/fr\/#\/schema\/person\/17c976cc856ec7e8e3f8cdd1a45eb1b0\",\"name\":\"Pressenza London\",\"description\":\"News published by the Pressenza Bureau in London, United Kingdom\",\"sameAs\":[\"https:\/\/www.facebook.com\/PressenzaEnglish\/\",\"https:\/\/x.com\/PressenzaIPA\"],\"url\":\"https:\/\/www.pressenza.com\/fr\/author\/pressenza-london\/\"}]}<\/script>\n<!-- \/ Yoast SEO plugin. -->","yoast_head_json":{"title":"Les puissances nucl\u00e9aires sont isol\u00e9es au sein de la communaut\u00e9 internationale","description":"\u00c0 l'heure o\u00f9 le risque de guerre nucl\u00e9aire semble augmenter en relation avec l'invasion de l'Ukraine par la Russie, il convient de souligner deux","robots":{"index":"index","follow":"follow","max-snippet":"max-snippet:-1","max-image-preview":"max-image-preview:large","max-video-preview":"max-video-preview:-1"},"canonical":"https:\/\/www.pressenza.com\/fr\/2022\/10\/les-puissances-nucleaires-sont-isolees-au-sein-de-la-communaute-internationale\/","og_locale":"fr_FR","og_type":"article","og_title":"Les puissances nucl\u00e9aires sont isol\u00e9es au sein de la communaut\u00e9 internationale","og_description":"\u00c0 l'heure o\u00f9 le risque de guerre nucl\u00e9aire semble augmenter en relation avec l'invasion de l'Ukraine par la Russie, il convient de souligner deux","og_url":"https:\/\/www.pressenza.com\/fr\/2022\/10\/les-puissances-nucleaires-sont-isolees-au-sein-de-la-communaute-internationale\/","og_site_name":"Pressenza","article_publisher":"https:\/\/www.facebook.com\/PressenzaItalia","article_author":"https:\/\/www.facebook.com\/PressenzaEnglish\/","article_published_time":"2022-10-25T23:05:16+00:00","og_image":[{"width":799,"height":533,"url":"https:\/\/www.pressenza.com\/wp-content\/uploads\/2022\/10\/ICAN-at-NPT-RevCon-2022.jpg","type":"image\/jpeg"}],"author":"Pressenza London","twitter_card":"summary_large_image","twitter_creator":"@PressenzaIPA","twitter_site":"@PressenzaIPA","twitter_misc":{"\u00c9crit par":"Pressenza London","Dur\u00e9e de lecture estim\u00e9e":"9 minutes"},"schema":{"@context":"https:\/\/schema.org","@graph":[{"@type":"Article","@id":"https:\/\/www.pressenza.com\/fr\/2022\/10\/les-puissances-nucleaires-sont-isolees-au-sein-de-la-communaute-internationale\/#article","isPartOf":{"@id":"https:\/\/www.pressenza.com\/fr\/2022\/10\/les-puissances-nucleaires-sont-isolees-au-sein-de-la-communaute-internationale\/"},"author":{"name":"Pressenza London","@id":"https:\/\/www.pressenza.com\/fr\/#\/schema\/person\/17c976cc856ec7e8e3f8cdd1a45eb1b0"},"headline":"Les puissances nucl\u00e9aires sont isol\u00e9es au sein de la communaut\u00e9 internationale","datePublished":"2022-10-25T23:05:16+00:00","mainEntityOfPage":{"@id":"https:\/\/www.pressenza.com\/fr\/2022\/10\/les-puissances-nucleaires-sont-isolees-au-sein-de-la-communaute-internationale\/"},"wordCount":1971,"publisher":{"@id":"https:\/\/www.pressenza.com\/fr\/#organization"},"image":{"@id":"https:\/\/www.pressenza.com\/fr\/2022\/10\/les-puissances-nucleaires-sont-isolees-au-sein-de-la-communaute-internationale\/#primaryimage"},"thumbnailUrl":"https:\/\/www.pressenza.com\/wp-content\/uploads\/2022\/10\/ICAN-at-NPT-RevCon-2022.jpg","keywords":["Armes Nucl\u00e9aires","TIAN","trait\u00e9 sur l'interdiction des armes nucl\u00e9aires","Trait\u00e9 sur la non-prolif\u00e9ration des armes nucl\u00e9aires"],"articleSection":["Contenu Original","International","Opinion","Paix et D\u00e9sarmement"],"inLanguage":"fr-FR"},{"@type":"WebPage","@id":"https:\/\/www.pressenza.com\/fr\/2022\/10\/les-puissances-nucleaires-sont-isolees-au-sein-de-la-communaute-internationale\/","url":"https:\/\/www.pressenza.com\/fr\/2022\/10\/les-puissances-nucleaires-sont-isolees-au-sein-de-la-communaute-internationale\/","name":"Les puissances nucl\u00e9aires sont isol\u00e9es au sein de la communaut\u00e9 internationale","isPartOf":{"@id":"https:\/\/www.pressenza.com\/fr\/#website"},"primaryImageOfPage":{"@id":"https:\/\/www.pressenza.com\/fr\/2022\/10\/les-puissances-nucleaires-sont-isolees-au-sein-de-la-communaute-internationale\/#primaryimage"},"image":{"@id":"https:\/\/www.pressenza.com\/fr\/2022\/10\/les-puissances-nucleaires-sont-isolees-au-sein-de-la-communaute-internationale\/#primaryimage"},"thumbnailUrl":"https:\/\/www.pressenza.com\/wp-content\/uploads\/2022\/10\/ICAN-at-NPT-RevCon-2022.jpg","datePublished":"2022-10-25T23:05:16+00:00","description":"\u00c0 l'heure o\u00f9 le risque de guerre nucl\u00e9aire semble augmenter en relation avec l'invasion de l'Ukraine par la Russie, il convient de souligner deux","breadcrumb":{"@id":"https:\/\/www.pressenza.com\/fr\/2022\/10\/les-puissances-nucleaires-sont-isolees-au-sein-de-la-communaute-internationale\/#breadcrumb"},"inLanguage":"fr-FR","potentialAction":[{"@type":"ReadAction","target":["https:\/\/www.pressenza.com\/fr\/2022\/10\/les-puissances-nucleaires-sont-isolees-au-sein-de-la-communaute-internationale\/"]}]},{"@type":"ImageObject","inLanguage":"fr-FR","@id":"https:\/\/www.pressenza.com\/fr\/2022\/10\/les-puissances-nucleaires-sont-isolees-au-sein-de-la-communaute-internationale\/#primaryimage","url":"https:\/\/www.pressenza.com\/wp-content\/uploads\/2022\/10\/ICAN-at-NPT-RevCon-2022.jpg","contentUrl":"https:\/\/www.pressenza.com\/wp-content\/uploads\/2022\/10\/ICAN-at-NPT-RevCon-2022.jpg","width":799,"height":533,"caption":"World leaders met at the United Nations in New York to begin their first review of the UN Non-Proliferation Treaty (NPT) treaty since nuclear weapons became prohibited under international law in 2021."},{"@type":"BreadcrumbList","@id":"https:\/\/www.pressenza.com\/fr\/2022\/10\/les-puissances-nucleaires-sont-isolees-au-sein-de-la-communaute-internationale\/#breadcrumb","itemListElement":[{"@type":"ListItem","position":1,"name":"Accueil","item":"https:\/\/www.pressenza.com\/fr\/"},{"@type":"ListItem","position":2,"name":"Les puissances nucl\u00e9aires sont isol\u00e9es au sein de la communaut\u00e9 internationale"}]},{"@type":"WebSite","@id":"https:\/\/www.pressenza.com\/fr\/#website","url":"https:\/\/www.pressenza.com\/fr\/","name":"Pressenza","description":"International Press Agency","publisher":{"@id":"https:\/\/www.pressenza.com\/fr\/#organization"},"potentialAction":[{"@type":"SearchAction","target":{"@type":"EntryPoint","urlTemplate":"https:\/\/www.pressenza.com\/fr\/?s={search_term_string}"},"query-input":{"@type":"PropertyValueSpecification","valueRequired":true,"valueName":"search_term_string"}}],"inLanguage":"fr-FR"},{"@type":"Organization","@id":"https:\/\/www.pressenza.com\/fr\/#organization","name":"Pressenza","url":"https:\/\/www.pressenza.com\/fr\/","logo":{"@type":"ImageObject","inLanguage":"fr-FR","@id":"https:\/\/www.pressenza.com\/fr\/#\/schema\/logo\/image\/","url":"https:\/\/www.pressenza.com\/wp-content\/uploads\/2022\/10\/pressenza_logo_200x200.jpg","contentUrl":"https:\/\/www.pressenza.com\/wp-content\/uploads\/2022\/10\/pressenza_logo_200x200.jpg","width":200,"height":200,"caption":"Pressenza"},"image":{"@id":"https:\/\/www.pressenza.com\/fr\/#\/schema\/logo\/image\/"},"sameAs":["https:\/\/www.facebook.com\/PressenzaItalia","https:\/\/x.com\/PressenzaIPA"]},{"@type":"Person","@id":"https:\/\/www.pressenza.com\/fr\/#\/schema\/person\/17c976cc856ec7e8e3f8cdd1a45eb1b0","name":"Pressenza London","description":"News published by the Pressenza Bureau in London, United Kingdom","sameAs":["https:\/\/www.facebook.com\/PressenzaEnglish\/","https:\/\/x.com\/PressenzaIPA"],"url":"https:\/\/www.pressenza.com\/fr\/author\/pressenza-london\/"}]}},"place":"Gen\u00e8ve, Suisse","original_article_url":"","_links":{"self":[{"href":"https:\/\/www.pressenza.com\/fr\/wp-json\/wp\/v2\/posts\/1689451","targetHints":{"allow":["GET"]}}],"collection":[{"href":"https:\/\/www.pressenza.com\/fr\/wp-json\/wp\/v2\/posts"}],"about":[{"href":"https:\/\/www.pressenza.com\/fr\/wp-json\/wp\/v2\/types\/post"}],"author":[{"embeddable":true,"href":"https:\/\/www.pressenza.com\/fr\/wp-json\/wp\/v2\/users\/1013"}],"replies":[{"embeddable":true,"href":"https:\/\/www.pressenza.com\/fr\/wp-json\/wp\/v2\/comments?post=1689451"}],"version-history":[{"count":0,"href":"https:\/\/www.pressenza.com\/fr\/wp-json\/wp\/v2\/posts\/1689451\/revisions"}],"wp:featuredmedia":[{"embeddable":true,"href":"https:\/\/www.pressenza.com\/fr\/wp-json\/wp\/v2\/media\/1684108"}],"wp:attachment":[{"href":"https:\/\/www.pressenza.com\/fr\/wp-json\/wp\/v2\/media?parent=1689451"}],"wp:term":[{"taxonomy":"category","embeddable":true,"href":"https:\/\/www.pressenza.com\/fr\/wp-json\/wp\/v2\/categories?post=1689451"},{"taxonomy":"post_tag","embeddable":true,"href":"https:\/\/www.pressenza.com\/fr\/wp-json\/wp\/v2\/tags?post=1689451"}],"curies":[{"name":"wp","href":"https:\/\/api.w.org\/{rel}","templated":true}]}}