{"id":168623,"date":"2015-03-08T22:52:25","date_gmt":"2015-03-08T22:52:25","guid":{"rendered":"http:\/\/www.pressenza.com\/?p=168623"},"modified":"2015-03-09T00:37:48","modified_gmt":"2015-03-09T00:37:48","slug":"la-tentative-de-coup-detat-contre-le-venezuela","status":"publish","type":"post","link":"https:\/\/www.pressenza.com\/fr\/2015\/03\/la-tentative-de-coup-detat-contre-le-venezuela\/","title":{"rendered":"La tentative de coup d\u2019Etat contre le Venezuela"},"content":{"rendered":"<p><img loading=\"lazy\" decoding=\"async\" class=\"alignnone\" src=\"http:\/\/www.medelu.org\/local\/cache-vignettes\/L552xH275\/arton1982-7ebd2.jpg\" alt=\"\" width=\"700\" height=\"342\" \/><\/p>\n<p>Photo :\u00a0Palais pr\u00e9sidentiel de Miraflores, \u00e0 Caracas<\/p>\n<p><strong>Par Ignacio Ramonet<\/strong><\/p>\n<div class=\"surlignable\">\n<div class=\"crayon article-texte-1982 texte entry-content\">\n<p>Sympathique sp\u00e9cimen de la faune amazonienne, le toucan est un oiseau bien connu pour son bec spectaculaire aux couleurs chatoyantes. C\u2019est aussi le nom d\u2019un agressif <em>\u00ab\u00a0oiseau d\u2019acier\u00a0\u00bb\u00a0<\/em>fabriqu\u00e9 par l\u2019entreprise br\u00e9silienne Embraer, dont la d\u00e9nomination militaire est EMB 312, et dont les deux mod\u00e8les les plus vendus sont le T-27, version d\u2019entrainement, et le AT-27, arm\u00e9 pour des attaques \u00e0 terre. Et c\u2019est pr\u00e9cis\u00e9ment un de ces <em>Tucanos<\/em> militaires, arm\u00e9 pour l\u2019attaque, qui devait bombarder le palais pr\u00e9sidentiel de Miraflores, \u00e0 Caracas, le 12 f\u00e9vrier dernier. Et tuer le pr\u00e9sident Nicolas Maduro. L\u2019a\u00e9ronef avait \u00e9galement pour mission d\u2019attaquer le minist\u00e8re de la D\u00e9fense et de d\u00e9truire, parmi d\u2019autres cibles, le si\u00e8ge de la cha\u00eene de t\u00e9l\u00e9vision internationale TeleSur, en semant le chaos et la confusion.<\/p>\n<p>Selon les informations r\u00e9v\u00e9l\u00e9es par le pr\u00e9sident Maduro lui-m\u00eame, la tentative de coup d\u2019Etat a \u00e9t\u00e9 d\u00e9jou\u00e9e gr\u00e2ce aux services de renseignement. Ils ont permis l\u2019arrestation d\u2019un groupe d\u2019officiers d\u2019aviation et de civils. <em>\u00ab\u00a0Il s\u2019agit<\/em> \u2013 a d\u00e9clar\u00e9 le chef de l\u2019Etat \u2013 <em>d\u2019une tentative de s\u00e9dition contre la d\u00e9mocratie et la stabilit\u00e9 de notre patrie\u00a0; c\u2019est une s\u00e9quelle du \u00ab\u00a0putsch bleu\u00a0\u00bb<\/em>\u00a0[<a id=\"nh1\" class=\"spip_note\" title=\"L\u2019aile la plus \u00e0 droite de l\u2019opposition v\u00e9n\u00e9zu\u00e9lienne, \u2013 dirig\u00e9e par des\u00a0(...)\" href=\"http:\/\/www.medelu.org\/La-tentative-de-coup-d-Etat-contre#nb1\" rel=\"footnote\">1<\/a>] <em>de f\u00e9vrier-mars 2014, il y a un an<\/em>\u00a0\u00bb.<\/p>\n<p>Nicolas Maduro a indiqu\u00e9 que l\u2019un des officiers arr\u00eat\u00e9s \u00e9tait li\u00e9, depuis l\u2019ann\u00e9e derni\u00e8re, \u00e0 des groupes de l\u2019extr\u00eame-droite v\u00e9n\u00e9zu\u00e9lienne qui cherchent \u00e0 provoquer des troubles violents dans le pays. Le pr\u00e9sident a r\u00e9v\u00e9l\u00e9 que, selon l\u2019enqu\u00eate, les autorit\u00e9s militaires loyales avaient exig\u00e9 l\u2019an dernier la d\u00e9mission de cet officier. <em>\u00ab\u00a0Mais il y a quelques semaines<\/em>\u2013 a racont\u00e9 le chef de l\u2019Etat \u2013 <em>plusieurs opposants ont repris contact avec lui, lui ont remis une importante somme d\u2019argent et lui ont confi\u00e9 plusieurs missions. En m\u00eame temps, l\u2019ambassade des Etats-Unis lui d\u00e9livrait un visa le 3 f\u00e9vrier, en l\u2019assurant ainsi qu\u2019en cas d\u2019\u00e9chec, il disposait d\u2019une autorisation d\u2019entr\u00e9e aux Etats-Unis par n\u2019importe quelle fronti\u00e8re\u00a0\u00bb<\/em>.<\/p>\n<p><em>\u00ab\u00a0D\u00e8s ce moment<\/em> \u2013 a poursuivi Nicolas Maduro \u2013, <em>cet officier a pris contact avec quatre autres grad\u00e9s pour ex\u00e9cuter les missions \u00ab\u00a0d\u00e9sign\u00e9es par Washington\u00a0\u00bb\u00a0\u00bb<\/em>. Une de ces missions consistait \u00e0 faire une vid\u00e9o, en enregistrant les d\u00e9clarations du g\u00e9n\u00e9ral d\u2019aviation Oswaldo Hern\u00e1ndez S\u00e1nchez depuis la prison o\u00f9 il est incarc\u00e9r\u00e9 pour avoir particip\u00e9, en 2014, \u00e0 une pr\u00e9c\u00e9dente tentative de coup d\u2019Etat.<\/p>\n<p><em>\u00ab\u00a0L\u2019ordre \u00e9tait d\u2019enregistrer une vid\u00e9o de ce g\u00e9n\u00e9ral, qu\u2019on surnomme \u00ab\u00a0l\u2019Ours\u00a0\u00bb, et, le 12 f\u00e9vrier, pendant le d\u00e9fil\u00e9 de la Victoire\u00a0[<a id=\"nh2\" class=\"spip_note\" title=\"Le 12 f\u00e9vrier, au Venezuela, c\u2019est le Jour de la Jeunesse, qui comm\u00e9more la\u00a0(...)\" href=\"http:\/\/www.medelu.org\/La-tentative-de-coup-d-Etat-contre#nb2\" rel=\"footnote\">2<\/a>], de faire d\u00e9coller un avion <\/em>Tucano<em> et attaquer le palais pr\u00e9sidentiel de Miraflores et d\u2019autres \u00ab\u00a0cibles tactiques\u00a0\u00bb comme le minist\u00e8re de la d\u00e9fense, le Conseil national \u00e9lectoral (CNE) et le si\u00e8ge de la cha\u00eene de t\u00e9l\u00e9vision TeleSur. L\u2019ordre \u00e9tait de d\u00e9clencher le putsch au moment de la publication par un journal d\u2019opposition de ce qu\u2019ils appellent le \u00ab\u00a0Programme du gouvernement de transition\u00a0\u00bb\u00a0\u00bb<\/em>\u00a0[<a id=\"nh3\" class=\"spip_note\" title=\"Le manifeste a \u00e9t\u00e9 publi\u00e9 le 11 f\u00e9vrier dernier, dans un journal d\u2019opposition,\u00a0(...)\" href=\"http:\/\/www.medelu.org\/La-tentative-de-coup-d-Etat-contre#nb3\" rel=\"footnote\">3<\/a>].<\/p>\n<p>De leur c\u00f4t\u00e9, Diosdado Cabello, pr\u00e9sident de l\u2019Assembl\u00e9e nationale v\u00e9n\u00e9zu\u00e9lienne, et Jorge Rodr\u00edguez, maire du district Libertador de la capitale, ont apport\u00e9, le 13 f\u00e9vrier dernier, \u00e0 Caracas, plus de d\u00e9tails sur la tentative putschiste. Les deux dirigeants chavistes ont confirm\u00e9 que les officiers arr\u00eat\u00e9s avaient reconnu que la publication d\u2019un \u00ab\u00a0Manifeste\u00a0\u00bb \u00e9tait l\u2019un des signes convenus pour d\u00e9clencher le putsch dont le nom de code \u00e9tait \u00ab\u00a0Op\u00e9ration J\u00e9richo\u00a0\u00bb\u00a0[<a id=\"nh4\" class=\"spip_note\" title=\"Par r\u00e9f\u00e9rence \u00e0 La Bible et plus pr\u00e9cis\u00e9ment au Livre de Josu\u00e9, qui raconte que\u00a0(...)\" href=\"http:\/\/www.medelu.org\/La-tentative-de-coup-d-Etat-contre#nb4\" rel=\"footnote\">4<\/a>].<\/p>\n<p>Ils ont \u00e9galement r\u00e9v\u00e9l\u00e9 que, selon les d\u00e9clarations des d\u00e9tenus, les putschistes avaient l\u2019intention de \u00ab\u00a0liquider\u00a0\u00bb d\u00e8s le premier moment, en plus du pr\u00e9sident Nicolas Maduro, Diosdado Cabello et Jorge Rodr\u00edguez, ainsi que d\u2019autres personnalit\u00e9s bolivariennes\u00a0: Tibisay Lucena, pr\u00e9sidente du CNE, et Tareck El Aissami, ancien ministre de l\u2019int\u00e9rieur et actuel gouverneur de l\u2019Etat d\u2019Aragua.<\/p>\n<p>Ils ont aussi identifi\u00e9, en plus du g\u00e9n\u00e9ral Oswaldo Hern\u00e1ndez, d\u2019autres chefs pr\u00e9sum\u00e9s de la conspiration. Parmi eux le capitaine H\u00e9ctor Jos\u00e9 Noguera Figueroa\u00a0; le colonel Jos\u00e9 Su\u00e1rez R\u00f3mulo\u00a0; le premier lieutenant Ricardo Antich Zapata (charg\u00e9 des contacts avec l\u2019ambassade des Etats-Unis) et le premier lieutenant Lu\u00eds Hernando\u00a0Lugo Calder\u00f3n\u00a0[<a id=\"nh5\" class=\"spip_note\" title=\"Les autres officiers putschistes seraient : la Capitaine Laideth Salazar de\u00a0(...)\" href=\"http:\/\/www.medelu.org\/La-tentative-de-coup-d-Etat-contre#nb5\" rel=\"footnote\">5<\/a>].<\/p>\n<p>Ils ont montr\u00e9 une partie de l\u2019arsenal saisi, en particulier des armes de gros calibre\u00a0: des fusils semi-automatiques AR-15, des mitrailleuses et des grenades. Ils ont \u00e9galement r\u00e9v\u00e9l\u00e9 que des plans de la ville de Caracas avaient \u00e9t\u00e9 trouv\u00e9s, sur lesquels plusieurs <em>\u00ab\u00a0cibles tactiques\u00a0\u00bb<\/em> \u00e9taient effectivement signal\u00e9es avec une grande pr\u00e9cision\u00a0: le palais pr\u00e9sidentiel de Miraflores, les minist\u00e8res de la d\u00e9fense, de l\u2019int\u00e9rieur et de la justice, le Conseil national \u00e9lectoral, la Direction du contre-espionnage militaire et, comme nous l\u2019avons d\u00e9j\u00e0 dit, le si\u00e8ge de la cha\u00eene de t\u00e9l\u00e9vision TeleSur.<\/p>\n<p>MM.\u00a0Cabello et Rodr\u00edguez ont d\u00e9sign\u00e9 comme \u00ab\u00a0auteurs intellectuels\u00a0\u00bb de la tentative putschiste et du projet de magnicide deux personnalit\u00e9s de l\u2019opposition\u00a0: Antonio Ledezma, maire de Caracas (arr\u00eat\u00e9 le 19 f\u00e9vrier dernier) et Julio Borges, d\u00e9put\u00e9 de l\u2019opposition. Ils ont \u00e9galement affirm\u00e9 d\u00e9tenir les preuves de la participation de fonctionnaires de l\u2019ambassade des Etats-Unis\u00a0: <em>\u00ab\u00a0Une fonctionnaire de l\u2019ambassade appelait les \u00e9pouses des g\u00e9n\u00e9raux v\u00e9n\u00e9zu\u00e9liens et leur disait que le nom de leur mari figurait sur la liste des personnes sanctionn\u00e9es par le Congr\u00e8s des Etats-Unis. Et que les visas d\u2019entr\u00e9e aux Etats Unis de leurs familles avaient \u00e9t\u00e9 invalid\u00e9s. Ainsi voulait-on susciter l\u2019angoisse dans les familles des officiers\u00a0\u00bb<\/em>, expliqua Jorge Rodr\u00edguez.<\/p>\n<p>Pour sa part, le pr\u00e9sident Maduro a dit avoir en sa possession le \u00ab\u00a0projet de gouvernement\u00a0\u00bb \u00e9labor\u00e9 par les putschistes. Selon ce plan, les pouvoirs publics seraient \u00e9limin\u00e9s et les Cubains (m\u00e9decins, instituteurs et sportifs) des Missions de service social (sant\u00e9, \u00e9ducation et sport) menac\u00e9s. <em>\u00ab\u00a0Ils parlent aussi<\/em> \u2013 dit le pr\u00e9sident Maduro \u2013 <em>de privatiser la compagnie p\u00e9troli\u00e8re nationale PDVSA [Petr\u00f3leos de Venezuela Sociedad An\u00f3nima], de suspendre les garanties constitutionnelles, de lib\u00e9raliser le syst\u00e8me des changes et de redonner les dollars \u00e0 l\u2019oligarchie\u00a0\u00bb<\/em>. Le pr\u00e9sident a ajout\u00e9 que dans ce \u00ab\u00a0Projet de gouvernement\u00a0\u00bb les putschistes <em>\u00ab\u00a0menacent ce qu\u2019ils appellent les \u00ab\u00a0collectifs\u00a0\u00bb <\/em>\u2013<em> qui sont, nous le savons, le peuple v\u00e9n\u00e9zu\u00e9lien \u2013 et annoncent que, d\u00e8s qu\u2019ils seront au pouvoir, ils d\u00e9ploieront contre eux toute la force militaire. Aux Cubains des Missions, ils donnent 24 heures pour se pr\u00e9senter devant les bureaux du nouveau gouvernement <\/em>de facto<em> ou ils supporteront les cons\u00e9quences\u2026\u00a0\u00bb<\/em>.<\/p>\n<p>Malgr\u00e9 toutes les preuves et tous les d\u00e9tails fournis par les plus hautes autorit\u00e9s de l\u2019Etat v\u00e9n\u00e9zu\u00e9lien, les m\u00e9dias internationaux (m\u00eame en Am\u00e9rique latine) ont accord\u00e9 peu de cr\u00e9dibilit\u00e9 \u00e0 cette tentative de coup d\u2019Etat. Une telle \u00ab\u00a0incr\u00e9dulit\u00e9\u00a0\u00bb fait partie \u2013 depuis quinze ans \u2013 de la strat\u00e9gie des grands m\u00e9dias dominants dans leur guerre contre la r\u00e9volution bolivarienne, afin de discr\u00e9diter les autorit\u00e9s bolivariennes. Indiff\u00e9rent \u00e0 cette attitude hostile, le pr\u00e9sident Nicol\u00e1s Maduro continue \u00e0 expliquer, avec une pers\u00e9v\u00e9rance p\u00e9dagogique et en pr\u00e9sentant toutes sortes de preuves, comment, depuis la mort d\u2019Hugo Ch\u00e1vez (il y a juste deux ans) et depuis son \u00e9lection (le 14 avril 2014), un<em>\u00ab\u00a0coup d\u2019Etat lent\u00a0\u00bb<\/em> est en marche pour le renverser.<\/p>\n<p>Cette fois le putsch devait se r\u00e9aliser en quatre \u00e9tapes\u00a0[<a id=\"nh6\" class=\"spip_note\" title=\"Voir site web de TeleSur, Caracas, le 12 f\u00e9vrier 2014. www.telesurtv.net\/Gobierno\" href=\"http:\/\/www.medelu.org\/La-tentative-de-coup-d-Etat-contre#nb6\" rel=\"footnote\">6<\/a>].<\/p>\n<p>La premi\u00e8re a commenc\u00e9 d\u00e9but janvier 2015, lorsque le pr\u00e9sident Maduro se trouvait en d\u00e9placement \u00e0 l\u2019\u00e9tranger (Chine, Iran, Qatar, Arabie Saoudite, Alg\u00e9rie et Russie). Au cours de cette premi\u00e8re \u00e9tape, des entreprises priv\u00e9es ont men\u00e9 des campagnes d\u2019accaparement d\u2019aliments et de produits de premi\u00e8re n\u00e9cessit\u00e9 dans le but de cr\u00e9er des p\u00e9nuries et du m\u00e9contentement, pr\u00e9parant ainsi les conditions pour que les citoyens protestent et saccagent les supermarch\u00e9s. Ce qui ne s\u2019est pas produit.<\/p>\n<p>Dans la deuxi\u00e8me phase, les grands m\u00e9dias internationaux ont intensifi\u00e9 la diffusion de reportages, de nouvelles et d\u2019articles qui donnaient une image d\u00e9form\u00e9e de la r\u00e9alit\u00e9 v\u00e9n\u00e9zu\u00e9lienne, faisant croire que dans le pays du <em>\u00ab\u00a0socialisme du XXI si\u00e8cle\u00a0\u00bb<\/em> s\u00e9vissait une v\u00e9ritable <em>\u00ab\u00a0crise humanitaire\u00a0\u00bb<\/em>. A cette occasion le pr\u00e9sident Maduro a d\u00e9nonc\u00e9 le r\u00f4le d\u00e9testable jou\u00e9, au cours de cette phase de l\u2019\u00a0\u00ab\u00a0Op\u00e9ration J\u00e9richo\u00a0\u00bb, par plusieurs quotidiens espagnols (<em>El Pa\u00eds<\/em>, <em>ABC<\/em>), \u2026<\/p>\n<p>La troisi\u00e8me \u00e9tape devait avoir pour protagoniste un <em>\u00ab\u00a0tra\u00eetre\u00a0\u00bb<\/em> qui ferait un appel solennel \u00e0 la r\u00e9bellion \u00e0 la t\u00e9l\u00e9vision et dans les grands m\u00e9dias. Le pr\u00e9sident n\u2019a pas donn\u00e9 le nom de ce<em>\u00ab\u00a0tra\u00eetre\u00a0\u00bb<\/em>, mais il a mis en garde les V\u00e9n\u00e9zu\u00e9liens\u00a0: <em>\u00ab\u00a0Je ne veux alarmer personne, mais je dois dire toutes les v\u00e9rit\u00e9s (\u2026) Ils sont en train de chercher un tra\u00eetre, et je demande au peuple de rester vigilant\u00a0\u00bb<\/em>.<\/p>\n<p>La quatri\u00e8me \u00e9tape du coup d\u2019Etat \u2013 celle qui a \u00e9t\u00e9 d\u00e9jou\u00e9e le 12 f\u00e9vrier dernier \u2013 pr\u00e9voyait la participation d\u2019un groupe d\u2019officiers putschistes de l\u2019arm\u00e9e de l\u2019air, financ\u00e9s depuis l\u2019\u00e9tranger. Alors serait annonc\u00e9 le \u00ab\u00a0Programme de gouvernement de transition\u00a0\u00bb. Et l\u2019on enterrerait la r\u00e9volution de Ch\u00e1vez.<\/p>\n<p>Mais, m\u00eame en quatre \u00e9tapes, le coup d\u2019Etat a \u00e9chou\u00e9. Et la r\u00e9volution bolivarienne demeure debout.<\/p>\n<p>&nbsp;<\/p>\n<p><small>Illustration\u00a0: Palais pr\u00e9sidentiel de Miraflores, \u00e0 Caracas<\/small><\/p>\n<\/div>\n<\/div>\n<div class=\"notes surlignable\">\n<p class=\"pas_surlignable\"><strong>NOTES<\/strong><\/p>\n<p>[<a id=\"nb1\" class=\"spip_note\" title=\"Notes 1\" href=\"http:\/\/www.medelu.org\/La-tentative-de-coup-d-Etat-contre#nh1\" rev=\"footnote\">1<\/a>] L\u2019aile la plus \u00e0 droite de l\u2019opposition v\u00e9n\u00e9zu\u00e9lienne, \u2013 dirig\u00e9e par des personnalit\u00e9s ultraconservatrices comme Leopoldo L\u00f3pez (arr\u00eat\u00e9 le 20 f\u00e9vrier 2014), Antonio Ledesma (arr\u00eat\u00e9 le 19 f\u00e9vrier 2015) et Maria Corina Machado (ancienne d\u00e9put\u00e9e) \u2013 a lanc\u00e9 le mouvement <em>\u00ab\u00a0La Sortie\u00a0\u00bb<\/em>, qui appelait \u00e0 une sorte de <em>\u00ab\u00a0coup d\u2019Etat soft\u00a0\u00bb<\/em> ou de <em>\u00ab\u00a0coup d\u2019Etat bleu\u00a0\u00bb<\/em> dans le but de renverser le Pr\u00e9sident Nicol\u00e1s Maduro par le financement de manifestations violentes (les <em>\u00ab\u00a0guarimbas\u00a0\u00bb<\/em>) qui ont fait 43 morts, 878 bless\u00e9s et d\u2019innombrables d\u00e9g\u00e2ts.<\/p>\n<p>[<a id=\"nb2\" class=\"spip_note\" title=\"Notes 2\" href=\"http:\/\/www.medelu.org\/La-tentative-de-coup-d-Etat-contre#nh2\" rev=\"footnote\">2<\/a>] Le 12 f\u00e9vrier, au Venezuela, c\u2019est le Jour de la Jeunesse, qui comm\u00e9more la Bataille de la Victoire, pendant la guerre d\u2019Ind\u00e9pendance, dans laquelle un millier d\u2019\u00e9tudiants venus de Caracas ont affront\u00e9 les troupes espagnoles et les ont vaincues.<\/p>\n<p>[<a id=\"nb3\" class=\"spip_note\" title=\"Notes 3\" href=\"http:\/\/www.medelu.org\/La-tentative-de-coup-d-Etat-contre#nh3\" rev=\"footnote\">3<\/a>] Le manifeste a \u00e9t\u00e9 publi\u00e9 le 11 f\u00e9vrier dernier, dans un journal d\u2019opposition, <em>El Nacional<\/em>, en page 5, sous le titre de \u00ab\u00a0<a href=\"http:\/\/www.voluntadpopular.com\/index.php\/ver-noticia\/8-noticias\/2330-llamado-a-los-venezolanos-a-un-acuerdo-nacional-para-la-transicion\">Appel aux V\u00e9n\u00e9zu\u00e9liens pour un accord national pour la transition<\/a>\u00a0\u00bb.<\/p>\n<p>[<a id=\"nb4\" class=\"spip_note\" title=\"Notes 4\" href=\"http:\/\/www.medelu.org\/La-tentative-de-coup-d-Etat-contre#nh4\" rev=\"footnote\">4<\/a>] Par r\u00e9f\u00e9rence \u00e0 La Bible et plus pr\u00e9cis\u00e9ment au Livre de Josu\u00e9, qui raconte que quand Josu\u00e9, \u00e0 la t\u00eate des isra\u00e9lites, arriva au pied des imposants remparts de la ville de J\u00e9richo, Dieu lui dit d\u2019ordonner aux pr\u00eatres de sonner les trompettes\u00a0: <em>\u00ab\u00a0Quand vous entendrez le son de la trompette, tout le peuple poussera de grands cris. Alors le rempart de la ville s\u2019\u00e9croulera, et le peuple montera, sans obstacle\u00a0\u00bb<\/em>.<\/p>\n<p>[<a id=\"nb5\" class=\"spip_note\" title=\"Notes 5\" href=\"http:\/\/www.medelu.org\/La-tentative-de-coup-d-Etat-contre#nh5\" rev=\"footnote\">5<\/a>] Les autres officiers putschistes seraient\u00a0: la Capitaine Laideth Salazar de Zerpa, dite\u00a0\u00ab\u00a0Manuelita\u00a0\u00bb\u00a0; les capitaines Andr\u00e9s Ram\u00f3n Thompson Mart\u00ednez, Nerio Alfonso Cordova Moreno\u00a0; Carlos Manuel Osuna Saraco dit \u00ab\u00a0Guillermo\u00a0\u00bb\u00a0; le major Cesar P\u00e9rez Carrero\u00a0; premier lieutenant Wilfredo Amado Castillo Colmenares\u00a0; premier lieutenant Javier Salazar Moncada\u00a0; premier lieutenant Miguel \u00c1ngel Salazar Molina\u00a0; premier lieutenant Carlos Esqueda Mart\u00ednez\u00a0; et premier lieutenant Jofre de Jes\u00fas Pineda Trejo.<\/p>\n<p>[<a id=\"nb6\" class=\"spip_note\" title=\"Notes 6\" href=\"http:\/\/www.medelu.org\/La-tentative-de-coup-d-Etat-contre#nh6\" rev=\"footnote\">6<\/a>] Voir site web de <em>TeleSur<\/em>, Caracas, le 12 f\u00e9vrier 2014. <a href=\"http:\/\/www.telesurtv.net\/news\/Gobierno-venezolano-desmantela-atentado-golpista-20150212-0053.html\">www.telesurtv.net\/Gobierno-venezolano-desmantela-atentado-golpista<\/a><\/p>\n<p>Source :\u00a0<a href=\"http:\/\/www.medelu.org\/La-tentative-de-coup-d-Etat-contre\">http:\/\/www.medelu.org\/La-tentative-de-coup-d-Etat-contre<\/a><\/p>\n<\/div>\n<p><a id=\"forum\" href=\"http:\/\/www.medelu.org\/La-tentative-de-coup-d-Etat-contre#forum\" name=\"forum\"><\/a><\/p>\n","protected":false},"excerpt":{"rendered":"<p>Photo :\u00a0Palais pr\u00e9sidentiel de Miraflores, \u00e0 Caracas Par Ignacio Ramonet Sympathique sp\u00e9cimen de la faune amazonienne, le toucan est un oiseau bien connu pour son bec spectaculaire aux couleurs chatoyantes. C\u2019est aussi le nom d\u2019un agressif \u00ab\u00a0oiseau d\u2019acier\u00a0\u00bb\u00a0fabriqu\u00e9 par l\u2019entreprise&hellip;<\/p>\n","protected":false},"author":1133,"featured_media":0,"comment_status":"closed","ping_status":"open","sticky":false,"template":"","format":"standard","meta":{"footnotes":""},"categories":[86,98,40,93],"tags":[4602,34],"class_list":["post-168623","post","type-post","status-publish","format-standard","hentry","category-amerique-du-sud","category-droits-de-lhomme","category-international-fr","category-politique","tag-nicolas-maduro-fr","tag-venezuela"],"yoast_head":"<!-- This site is optimized with the Yoast SEO plugin v27.1.1 - https:\/\/yoast.com\/product\/yoast-seo-wordpress\/ -->\n<title>La tentative de coup d\u2019Etat contre le Venezuela<\/title>\n<meta name=\"description\" content=\"Photo :\u00a0Palais pr\u00e9sidentiel de Miraflores, \u00e0 Caracas Par Ignacio Ramonet Sympathique sp\u00e9cimen de la faune amazonienne, le toucan est un oiseau bien connu\" \/>\n<meta name=\"robots\" content=\"index, follow, max-snippet:-1, max-image-preview:large, max-video-preview:-1\" \/>\n<link rel=\"canonical\" href=\"https:\/\/www.pressenza.com\/fr\/2015\/03\/la-tentative-de-coup-detat-contre-le-venezuela\/\" \/>\n<meta property=\"og:locale\" content=\"fr_FR\" \/>\n<meta property=\"og:type\" content=\"article\" \/>\n<meta property=\"og:title\" content=\"La tentative de coup d\u2019Etat contre le Venezuela\" \/>\n<meta property=\"og:description\" content=\"Photo :\u00a0Palais pr\u00e9sidentiel de Miraflores, \u00e0 Caracas Par Ignacio Ramonet Sympathique sp\u00e9cimen de la faune amazonienne, le toucan est un oiseau bien connu\" \/>\n<meta property=\"og:url\" content=\"https:\/\/www.pressenza.com\/fr\/2015\/03\/la-tentative-de-coup-detat-contre-le-venezuela\/\" \/>\n<meta property=\"og:site_name\" content=\"Pressenza\" \/>\n<meta property=\"article:publisher\" content=\"https:\/\/www.facebook.com\/PressenzaItalia\" \/>\n<meta property=\"article:author\" content=\"https:\/\/www.facebook.com\/pages\/Mmoire-des-luttes\/178755582166132\" \/>\n<meta property=\"article:published_time\" content=\"2015-03-08T22:52:25+00:00\" \/>\n<meta property=\"article:modified_time\" content=\"2015-03-09T00:37:48+00:00\" \/>\n<meta property=\"og:image\" content=\"http:\/\/www.medelu.org\/local\/cache-vignettes\/L552xH275\/arton1982-7ebd2.jpg\" \/>\n<meta name=\"author\" content=\"Memoire des luttes\" \/>\n<meta name=\"twitter:card\" content=\"summary_large_image\" \/>\n<meta name=\"twitter:creator\" content=\"@memoireluttes\" \/>\n<meta name=\"twitter:site\" content=\"@PressenzaIPA\" \/>\n<meta name=\"twitter:label1\" content=\"\u00c9crit par\" \/>\n\t<meta name=\"twitter:data1\" content=\"Memoire des luttes\" \/>\n\t<meta name=\"twitter:label2\" content=\"Dur\u00e9e de lecture estim\u00e9e\" \/>\n\t<meta name=\"twitter:data2\" content=\"10 minutes\" \/>\n<script type=\"application\/ld+json\" class=\"yoast-schema-graph\">{\"@context\":\"https:\/\/schema.org\",\"@graph\":[{\"@type\":\"Article\",\"@id\":\"https:\/\/www.pressenza.com\/fr\/2015\/03\/la-tentative-de-coup-detat-contre-le-venezuela\/#article\",\"isPartOf\":{\"@id\":\"https:\/\/www.pressenza.com\/fr\/2015\/03\/la-tentative-de-coup-detat-contre-le-venezuela\/\"},\"author\":{\"name\":\"Memoire des luttes\",\"@id\":\"https:\/\/www.pressenza.com\/fr\/#\/schema\/person\/3a03c7500018fdf920bd07dbf6defe0f\"},\"headline\":\"La tentative de coup d\u2019Etat contre le Venezuela\",\"datePublished\":\"2015-03-08T22:52:25+00:00\",\"dateModified\":\"2015-03-09T00:37:48+00:00\",\"mainEntityOfPage\":{\"@id\":\"https:\/\/www.pressenza.com\/fr\/2015\/03\/la-tentative-de-coup-detat-contre-le-venezuela\/\"},\"wordCount\":2045,\"publisher\":{\"@id\":\"https:\/\/www.pressenza.com\/fr\/#organization\"},\"image\":{\"@id\":\"https:\/\/www.pressenza.com\/fr\/2015\/03\/la-tentative-de-coup-detat-contre-le-venezuela\/#primaryimage\"},\"thumbnailUrl\":\"http:\/\/www.medelu.org\/local\/cache-vignettes\/L552xH275\/arton1982-7ebd2.jpg\",\"keywords\":[\"Nicolas Maduro\",\"Venezuela\"],\"articleSection\":[\"Am\u00e9rique du Sud\",\"Droits humains\",\"International\",\"Politique\"],\"inLanguage\":\"fr-FR\"},{\"@type\":\"WebPage\",\"@id\":\"https:\/\/www.pressenza.com\/fr\/2015\/03\/la-tentative-de-coup-detat-contre-le-venezuela\/\",\"url\":\"https:\/\/www.pressenza.com\/fr\/2015\/03\/la-tentative-de-coup-detat-contre-le-venezuela\/\",\"name\":\"La tentative de coup d\u2019Etat contre le Venezuela\",\"isPartOf\":{\"@id\":\"https:\/\/www.pressenza.com\/fr\/#website\"},\"primaryImageOfPage\":{\"@id\":\"https:\/\/www.pressenza.com\/fr\/2015\/03\/la-tentative-de-coup-detat-contre-le-venezuela\/#primaryimage\"},\"image\":{\"@id\":\"https:\/\/www.pressenza.com\/fr\/2015\/03\/la-tentative-de-coup-detat-contre-le-venezuela\/#primaryimage\"},\"thumbnailUrl\":\"http:\/\/www.medelu.org\/local\/cache-vignettes\/L552xH275\/arton1982-7ebd2.jpg\",\"datePublished\":\"2015-03-08T22:52:25+00:00\",\"dateModified\":\"2015-03-09T00:37:48+00:00\",\"description\":\"Photo :\u00a0Palais pr\u00e9sidentiel de Miraflores, \u00e0 Caracas Par Ignacio Ramonet Sympathique sp\u00e9cimen de la faune amazonienne, le toucan est un oiseau bien connu\",\"breadcrumb\":{\"@id\":\"https:\/\/www.pressenza.com\/fr\/2015\/03\/la-tentative-de-coup-detat-contre-le-venezuela\/#breadcrumb\"},\"inLanguage\":\"fr-FR\",\"potentialAction\":[{\"@type\":\"ReadAction\",\"target\":[\"https:\/\/www.pressenza.com\/fr\/2015\/03\/la-tentative-de-coup-detat-contre-le-venezuela\/\"]}]},{\"@type\":\"ImageObject\",\"inLanguage\":\"fr-FR\",\"@id\":\"https:\/\/www.pressenza.com\/fr\/2015\/03\/la-tentative-de-coup-detat-contre-le-venezuela\/#primaryimage\",\"url\":\"http:\/\/www.medelu.org\/local\/cache-vignettes\/L552xH275\/arton1982-7ebd2.jpg\",\"contentUrl\":\"http:\/\/www.medelu.org\/local\/cache-vignettes\/L552xH275\/arton1982-7ebd2.jpg\"},{\"@type\":\"BreadcrumbList\",\"@id\":\"https:\/\/www.pressenza.com\/fr\/2015\/03\/la-tentative-de-coup-detat-contre-le-venezuela\/#breadcrumb\",\"itemListElement\":[{\"@type\":\"ListItem\",\"position\":1,\"name\":\"Accueil\",\"item\":\"https:\/\/www.pressenza.com\/fr\/\"},{\"@type\":\"ListItem\",\"position\":2,\"name\":\"La tentative de coup d\u2019Etat contre le Venezuela\"}]},{\"@type\":\"WebSite\",\"@id\":\"https:\/\/www.pressenza.com\/fr\/#website\",\"url\":\"https:\/\/www.pressenza.com\/fr\/\",\"name\":\"Pressenza\",\"description\":\"International Press Agency\",\"publisher\":{\"@id\":\"https:\/\/www.pressenza.com\/fr\/#organization\"},\"potentialAction\":[{\"@type\":\"SearchAction\",\"target\":{\"@type\":\"EntryPoint\",\"urlTemplate\":\"https:\/\/www.pressenza.com\/fr\/?s={search_term_string}\"},\"query-input\":{\"@type\":\"PropertyValueSpecification\",\"valueRequired\":true,\"valueName\":\"search_term_string\"}}],\"inLanguage\":\"fr-FR\"},{\"@type\":\"Organization\",\"@id\":\"https:\/\/www.pressenza.com\/fr\/#organization\",\"name\":\"Pressenza\",\"url\":\"https:\/\/www.pressenza.com\/fr\/\",\"logo\":{\"@type\":\"ImageObject\",\"inLanguage\":\"fr-FR\",\"@id\":\"https:\/\/www.pressenza.com\/fr\/#\/schema\/logo\/image\/\",\"url\":\"https:\/\/www.pressenza.com\/wp-content\/uploads\/2022\/10\/pressenza_logo_200x200.jpg\",\"contentUrl\":\"https:\/\/www.pressenza.com\/wp-content\/uploads\/2022\/10\/pressenza_logo_200x200.jpg\",\"width\":200,\"height\":200,\"caption\":\"Pressenza\"},\"image\":{\"@id\":\"https:\/\/www.pressenza.com\/fr\/#\/schema\/logo\/image\/\"},\"sameAs\":[\"https:\/\/www.facebook.com\/PressenzaItalia\",\"https:\/\/x.com\/PressenzaIPA\"]},{\"@type\":\"Person\",\"@id\":\"https:\/\/www.pressenza.com\/fr\/#\/schema\/person\/3a03c7500018fdf920bd07dbf6defe0f\",\"name\":\"Memoire des luttes\",\"description\":\"\\\"Pour nos combats de demain, pour un monde plus libre, plus juste, plus \u00e9galitaire, plus fraternel et solidaire, nous devons maintenir vivante la m\u00e9moire de nos luttes\\\". Gunter Holzmann www.medelu.org\",\"sameAs\":[\"https:\/\/www.facebook.com\/pages\/Mmoire-des-luttes\/178755582166132\",\"https:\/\/x.com\/@memoireluttes\"],\"url\":\"https:\/\/www.pressenza.com\/fr\/author\/memoire-des-luttes\/\"}]}<\/script>\n<!-- \/ Yoast SEO plugin. -->","yoast_head_json":{"title":"La tentative de coup d\u2019Etat contre le Venezuela","description":"Photo :\u00a0Palais pr\u00e9sidentiel de Miraflores, \u00e0 Caracas Par Ignacio Ramonet Sympathique sp\u00e9cimen de la faune amazonienne, le toucan est un oiseau bien connu","robots":{"index":"index","follow":"follow","max-snippet":"max-snippet:-1","max-image-preview":"max-image-preview:large","max-video-preview":"max-video-preview:-1"},"canonical":"https:\/\/www.pressenza.com\/fr\/2015\/03\/la-tentative-de-coup-detat-contre-le-venezuela\/","og_locale":"fr_FR","og_type":"article","og_title":"La tentative de coup d\u2019Etat contre le Venezuela","og_description":"Photo :\u00a0Palais pr\u00e9sidentiel de Miraflores, \u00e0 Caracas Par Ignacio Ramonet Sympathique sp\u00e9cimen de la faune amazonienne, le toucan est un oiseau bien connu","og_url":"https:\/\/www.pressenza.com\/fr\/2015\/03\/la-tentative-de-coup-detat-contre-le-venezuela\/","og_site_name":"Pressenza","article_publisher":"https:\/\/www.facebook.com\/PressenzaItalia","article_author":"https:\/\/www.facebook.com\/pages\/Mmoire-des-luttes\/178755582166132","article_published_time":"2015-03-08T22:52:25+00:00","article_modified_time":"2015-03-09T00:37:48+00:00","og_image":[{"url":"http:\/\/www.medelu.org\/local\/cache-vignettes\/L552xH275\/arton1982-7ebd2.jpg","type":"","width":"","height":""}],"author":"Memoire des luttes","twitter_card":"summary_large_image","twitter_creator":"@memoireluttes","twitter_site":"@PressenzaIPA","twitter_misc":{"\u00c9crit par":"Memoire des luttes","Dur\u00e9e de lecture estim\u00e9e":"10 minutes"},"schema":{"@context":"https:\/\/schema.org","@graph":[{"@type":"Article","@id":"https:\/\/www.pressenza.com\/fr\/2015\/03\/la-tentative-de-coup-detat-contre-le-venezuela\/#article","isPartOf":{"@id":"https:\/\/www.pressenza.com\/fr\/2015\/03\/la-tentative-de-coup-detat-contre-le-venezuela\/"},"author":{"name":"Memoire des luttes","@id":"https:\/\/www.pressenza.com\/fr\/#\/schema\/person\/3a03c7500018fdf920bd07dbf6defe0f"},"headline":"La tentative de coup d\u2019Etat contre le Venezuela","datePublished":"2015-03-08T22:52:25+00:00","dateModified":"2015-03-09T00:37:48+00:00","mainEntityOfPage":{"@id":"https:\/\/www.pressenza.com\/fr\/2015\/03\/la-tentative-de-coup-detat-contre-le-venezuela\/"},"wordCount":2045,"publisher":{"@id":"https:\/\/www.pressenza.com\/fr\/#organization"},"image":{"@id":"https:\/\/www.pressenza.com\/fr\/2015\/03\/la-tentative-de-coup-detat-contre-le-venezuela\/#primaryimage"},"thumbnailUrl":"http:\/\/www.medelu.org\/local\/cache-vignettes\/L552xH275\/arton1982-7ebd2.jpg","keywords":["Nicolas Maduro","Venezuela"],"articleSection":["Am\u00e9rique du Sud","Droits humains","International","Politique"],"inLanguage":"fr-FR"},{"@type":"WebPage","@id":"https:\/\/www.pressenza.com\/fr\/2015\/03\/la-tentative-de-coup-detat-contre-le-venezuela\/","url":"https:\/\/www.pressenza.com\/fr\/2015\/03\/la-tentative-de-coup-detat-contre-le-venezuela\/","name":"La tentative de coup d\u2019Etat contre le Venezuela","isPartOf":{"@id":"https:\/\/www.pressenza.com\/fr\/#website"},"primaryImageOfPage":{"@id":"https:\/\/www.pressenza.com\/fr\/2015\/03\/la-tentative-de-coup-detat-contre-le-venezuela\/#primaryimage"},"image":{"@id":"https:\/\/www.pressenza.com\/fr\/2015\/03\/la-tentative-de-coup-detat-contre-le-venezuela\/#primaryimage"},"thumbnailUrl":"http:\/\/www.medelu.org\/local\/cache-vignettes\/L552xH275\/arton1982-7ebd2.jpg","datePublished":"2015-03-08T22:52:25+00:00","dateModified":"2015-03-09T00:37:48+00:00","description":"Photo :\u00a0Palais pr\u00e9sidentiel de Miraflores, \u00e0 Caracas Par Ignacio Ramonet Sympathique sp\u00e9cimen de la faune amazonienne, le toucan est un oiseau bien connu","breadcrumb":{"@id":"https:\/\/www.pressenza.com\/fr\/2015\/03\/la-tentative-de-coup-detat-contre-le-venezuela\/#breadcrumb"},"inLanguage":"fr-FR","potentialAction":[{"@type":"ReadAction","target":["https:\/\/www.pressenza.com\/fr\/2015\/03\/la-tentative-de-coup-detat-contre-le-venezuela\/"]}]},{"@type":"ImageObject","inLanguage":"fr-FR","@id":"https:\/\/www.pressenza.com\/fr\/2015\/03\/la-tentative-de-coup-detat-contre-le-venezuela\/#primaryimage","url":"http:\/\/www.medelu.org\/local\/cache-vignettes\/L552xH275\/arton1982-7ebd2.jpg","contentUrl":"http:\/\/www.medelu.org\/local\/cache-vignettes\/L552xH275\/arton1982-7ebd2.jpg"},{"@type":"BreadcrumbList","@id":"https:\/\/www.pressenza.com\/fr\/2015\/03\/la-tentative-de-coup-detat-contre-le-venezuela\/#breadcrumb","itemListElement":[{"@type":"ListItem","position":1,"name":"Accueil","item":"https:\/\/www.pressenza.com\/fr\/"},{"@type":"ListItem","position":2,"name":"La tentative de coup d\u2019Etat contre le Venezuela"}]},{"@type":"WebSite","@id":"https:\/\/www.pressenza.com\/fr\/#website","url":"https:\/\/www.pressenza.com\/fr\/","name":"Pressenza","description":"International Press Agency","publisher":{"@id":"https:\/\/www.pressenza.com\/fr\/#organization"},"potentialAction":[{"@type":"SearchAction","target":{"@type":"EntryPoint","urlTemplate":"https:\/\/www.pressenza.com\/fr\/?s={search_term_string}"},"query-input":{"@type":"PropertyValueSpecification","valueRequired":true,"valueName":"search_term_string"}}],"inLanguage":"fr-FR"},{"@type":"Organization","@id":"https:\/\/www.pressenza.com\/fr\/#organization","name":"Pressenza","url":"https:\/\/www.pressenza.com\/fr\/","logo":{"@type":"ImageObject","inLanguage":"fr-FR","@id":"https:\/\/www.pressenza.com\/fr\/#\/schema\/logo\/image\/","url":"https:\/\/www.pressenza.com\/wp-content\/uploads\/2022\/10\/pressenza_logo_200x200.jpg","contentUrl":"https:\/\/www.pressenza.com\/wp-content\/uploads\/2022\/10\/pressenza_logo_200x200.jpg","width":200,"height":200,"caption":"Pressenza"},"image":{"@id":"https:\/\/www.pressenza.com\/fr\/#\/schema\/logo\/image\/"},"sameAs":["https:\/\/www.facebook.com\/PressenzaItalia","https:\/\/x.com\/PressenzaIPA"]},{"@type":"Person","@id":"https:\/\/www.pressenza.com\/fr\/#\/schema\/person\/3a03c7500018fdf920bd07dbf6defe0f","name":"Memoire des luttes","description":"\"Pour nos combats de demain, pour un monde plus libre, plus juste, plus \u00e9galitaire, plus fraternel et solidaire, nous devons maintenir vivante la m\u00e9moire de nos luttes\". Gunter Holzmann www.medelu.org","sameAs":["https:\/\/www.facebook.com\/pages\/Mmoire-des-luttes\/178755582166132","https:\/\/x.com\/@memoireluttes"],"url":"https:\/\/www.pressenza.com\/fr\/author\/memoire-des-luttes\/"}]}},"place":"","original_article_url":"http:\/\/www.medelu.org\/La-tentative-de-coup-d-Etat-contre","_links":{"self":[{"href":"https:\/\/www.pressenza.com\/fr\/wp-json\/wp\/v2\/posts\/168623","targetHints":{"allow":["GET"]}}],"collection":[{"href":"https:\/\/www.pressenza.com\/fr\/wp-json\/wp\/v2\/posts"}],"about":[{"href":"https:\/\/www.pressenza.com\/fr\/wp-json\/wp\/v2\/types\/post"}],"author":[{"embeddable":true,"href":"https:\/\/www.pressenza.com\/fr\/wp-json\/wp\/v2\/users\/1133"}],"replies":[{"embeddable":true,"href":"https:\/\/www.pressenza.com\/fr\/wp-json\/wp\/v2\/comments?post=168623"}],"version-history":[{"count":0,"href":"https:\/\/www.pressenza.com\/fr\/wp-json\/wp\/v2\/posts\/168623\/revisions"}],"wp:attachment":[{"href":"https:\/\/www.pressenza.com\/fr\/wp-json\/wp\/v2\/media?parent=168623"}],"wp:term":[{"taxonomy":"category","embeddable":true,"href":"https:\/\/www.pressenza.com\/fr\/wp-json\/wp\/v2\/categories?post=168623"},{"taxonomy":"post_tag","embeddable":true,"href":"https:\/\/www.pressenza.com\/fr\/wp-json\/wp\/v2\/tags?post=168623"}],"curies":[{"name":"wp","href":"https:\/\/api.w.org\/{rel}","templated":true}]}}