{"id":1684466,"date":"2022-10-18T01:06:07","date_gmt":"2022-10-18T00:06:07","guid":{"rendered":"https:\/\/www.pressenza.com\/?p=1684466"},"modified":"2022-10-18T01:06:07","modified_gmt":"2022-10-18T00:06:07","slug":"negociations-de-paix-pour-lukraine","status":"publish","type":"post","link":"https:\/\/www.pressenza.com\/fr\/2022\/10\/negociations-de-paix-pour-lukraine\/","title":{"rendered":"N\u00e9gociations de paix pour l\u2019Ukraine !"},"content":{"rendered":"<p>Pourquoi les derniers politiciens f\u00e9d\u00e9raux \u00e0 prendre au s\u00e9rieux la menace nucl\u00e9aire russe furent le lib\u00e9ral Pierre Elliott Trudeau et le progressiste conservateur Douglas Roche?<\/p>\n<p>Pourquoi COP27 prendra enfin au s\u00e9rieux les d\u00e9g\u00e2ts environnementaux militaires?<\/p>\n<p>Pourquoi le path\u00e9tique Parti Vert d\u2019Elizabeth May a-t-il \u00e9cart\u00e9 de sa course au leadership tout candidat favorable aux n\u00e9gociations de paix en Ukraine?<\/p>\n<p>Pourquoi Chrystia Freeland et Justin Trudeau pr\u00e9f\u00e8rent payer des milliards$ \u00e0 l\u2019OTAN?<\/p>\n<p>Pourquoi nos m\u00e9dias <em>main stream<\/em> ont pris le parti de la guerre et de la censure, alors que <em>Pressenza.com<\/em>, <em>l\u2019Aut\u2019Journal<\/em> et <em>Presse-toi \u00e0 gauche.org <\/em>prennent celui de la paix?<\/p>\n<p style=\"text-align: center;\"><strong>Les Artistes pour la Paix choisissent<\/strong><span style=\"color: #0000ff;\">[1]<\/span><strong> le Secr\u00e9taire g\u00e9n\u00e9ral des Nations-Unies, le pape, la Chine, l\u2019Inde, la majorit\u00e9 des pays d\u2019Afrique et d\u2019Am\u00e9rique du Sud,<\/strong> <strong>l\u2019Agora des Habitants de la Terre,<\/strong> <strong>le Cercle universel des Ambassadeurs de Paix, <em>\u00c9chec \u00e0 la guerre,<\/em> Riccardo Petrella, Noam Chomsky et Andr\u00e9 Jacob qui appellent, unanimes, <\/strong><\/p>\n<p style=\"text-align: center;\"><strong>\u00e0 N\u00c9GOCIER!<\/strong><\/p>\n<p>Plut\u00f4t que Zelensky, \u00e9coutons <strong>les sages paroles censur\u00e9es des pacifistes ukrainiens<\/strong> :\u00a0<em>\u00a0<\/em><\/p>\n<p><em>\u00ab\u00a0Nous condamnons les propagandes officielles d\u2019une hostilit\u00e9 extr\u00eame et irr\u00e9conciliable et croyons que nous devrions puiser de l\u2019histoire des exemples de retour \u00e0 une vie paisible, pas des accusations pour continuer la guerre. Les exemples tragiques de brutalit\u00e9 militaire ne doivent pas \u00eatre utilis\u00e9s pour inciter \u00e0 la haine et justifier de nouvelles atrocit\u00e9s; au contraire, de telles trag\u00e9dies devraient refroidir l\u2019esprit combatif et encourager une recherche persistante des moyens les moins sanglants pour mettre fin \u00e0 la guerre.\u00a0\u00bb <\/em><\/p>\n<p>Plut\u00f4t que l\u2019agressivit\u00e9 p\u00e9troli\u00e8re et gazi\u00e8re du ministre Fitzgibbon, nous choisissons la pdg d\u2019Hydro-Qu\u00e9bec Sophie Brochu et l\u2019Artiste pour la Paix 2020 Christine Beaulieu.<\/p>\n<p><img loading=\"lazy\" decoding=\"async\" class=\"alignnone size-medium\" src=\"https:\/\/www.pressenza.com\/wp-content\/uploads\/2022\/10\/Christine-Beaulieu-1.jpg\" width=\"151\" height=\"100\" \/><\/p>\n<h5>Christine Beaulieu.<\/h5>\n<p><em>Le Manifeste de la r\u00e9silience pour une agriculture qu\u00e9b\u00e9coise \u00e9cologique, collective et durable<\/em> m\u00e9rite aussi notre attention; l\u2019\u00e9crivain-agriculteur-\u00e9cologiste am\u00e9ricain Wendell Berry dit\u00a0:<\/p>\n<p><em>Nous avons v\u00e9cu nos vies en supposant que ce qui \u00e9tait bon pour nous serait bon pour le monde. Nous nous sommes tromp\u00e9s.<\/em><\/p>\n<p><em>Nous devons changer nos vies pour qu\u2019il soit possible de vivre selon l\u2019hypoth\u00e8se inverse; que ce qui est bon pour le monde soit bon pour nous.<\/em><\/p>\n<p><em>Et cela exige que nous fassions l\u2019effort de conna\u00eetre le monde<\/em><\/p>\n<p><em>et d\u2019apprendre ce qui est bon pour lui.<\/em><\/p>\n<p><a href=\"#_ftnref1\" name=\"_ftn1\">[1]<\/a> <strong>\u00a0<\/strong><a href=\"http:\/\/www.artistespourlapaix.org\/desarmants_aplp\/\">http:\/\/www.artistespourlapaix.org\/desarmants_aplp\/<\/a> 102 pages publi\u00e9es le 9 octobre 2022<\/p>\n<p><img loading=\"lazy\" decoding=\"async\" class=\"alignnone size-medium\" src=\"https:\/\/www.pressenza.com\/wp-content\/uploads\/2022\/10\/artistes-pour-la-paix.jpg\" width=\"820\" height=\"546\" \/><\/p>\n<p style=\"text-align: left;\">2<sup>e rang\u00e9e\u00a0<\/sup>\u00a0: la vice-pr\u00e9sidente (arts)<strong> Izabella Marengo <\/strong>et les<\/p>\n<p style=\"text-align: left;\">copr\u00e9sidentes<strong> Sylva Balassanian &amp; Louise Marie Beauchamp<\/strong><\/p>\n<p style=\"text-align: left;\">3<sup>e rang\u00e9e\u00a0<\/sup>: le vice-pr\u00e9sident (politique) <strong>Normand Raymond<\/strong> et le<\/p>\n<p style=\"text-align: left;\">tr\u00e9sorier <strong>Andr\u00e9 Cloutier<\/strong> (webmestre <strong>Christian Morin<\/strong> absent)<\/p>\n<p style=\"text-align: left;\">et en avant, le secr\u00e9taire g\u00e9n\u00e9ral <strong>Pierre Jasmin<\/strong><\/p>\n<p style=\"text-align: left;\">qui constituent l\u2019ex\u00e9cutif 2022-2023 des Artistes pour la Paix<\/p>\n","protected":false},"excerpt":{"rendered":"<p>Pourquoi les derniers politiciens f\u00e9d\u00e9raux \u00e0 prendre au s\u00e9rieux la menace nucl\u00e9aire russe furent le lib\u00e9ral Pierre Elliott Trudeau et le progressiste conservateur Douglas Roche? Pourquoi COP27 prendra enfin au s\u00e9rieux les d\u00e9g\u00e2ts environnementaux militaires? Pourquoi le path\u00e9tique Parti Vert&hellip;<\/p>\n","protected":false},"author":2060,"featured_media":1684469,"comment_status":"closed","ping_status":"closed","sticky":false,"template":"","format":"standard","meta":{"footnotes":""},"categories":[87,163,1250,95],"tags":[7249,298,8005],"class_list":["post-1684466","post","type-post","status-publish","format-standard","has-post-thumbnail","hentry","category-amerique-du-nord","category-opinion-fr","category-paix-desarmement","category-affaires-etrangeres","tag-negociations","tag-paix","tag-ukraine-fr"],"yoast_head":"<!-- This site is optimized with the Yoast SEO plugin v27.1.1 - https:\/\/yoast.com\/product\/yoast-seo-wordpress\/ -->\n<title>N\u00e9gociations de paix pour l\u2019Ukraine !<\/title>\n<meta name=\"description\" content=\"Pourquoi les derniers politiciens f\u00e9d\u00e9raux \u00e0 prendre au s\u00e9rieux la menace nucl\u00e9aire russe furent le lib\u00e9ral Pierre Elliott Trudeau et le progressiste\" \/>\n<meta name=\"robots\" content=\"index, follow, max-snippet:-1, max-image-preview:large, max-video-preview:-1\" \/>\n<link rel=\"canonical\" href=\"https:\/\/www.pressenza.com\/fr\/2022\/10\/negociations-de-paix-pour-lukraine\/\" \/>\n<meta property=\"og:locale\" content=\"fr_FR\" \/>\n<meta property=\"og:type\" content=\"article\" \/>\n<meta property=\"og:title\" content=\"N\u00e9gociations de paix pour l\u2019Ukraine !\" \/>\n<meta property=\"og:description\" content=\"Pourquoi les derniers politiciens f\u00e9d\u00e9raux \u00e0 prendre au s\u00e9rieux la menace nucl\u00e9aire russe furent le lib\u00e9ral Pierre Elliott Trudeau et le progressiste\" \/>\n<meta property=\"og:url\" content=\"https:\/\/www.pressenza.com\/fr\/2022\/10\/negociations-de-paix-pour-lukraine\/\" \/>\n<meta property=\"og:site_name\" content=\"Pressenza\" \/>\n<meta property=\"article:publisher\" content=\"https:\/\/www.facebook.com\/PressenzaItalia\" \/>\n<meta property=\"article:published_time\" content=\"2022-10-18T00:06:07+00:00\" \/>\n<meta property=\"og:image\" content=\"https:\/\/www.pressenza.com\/wp-content\/uploads\/2022\/10\/artistes-pour-la-paix.jpg\" \/>\n\t<meta property=\"og:image:width\" content=\"820\" \/>\n\t<meta property=\"og:image:height\" content=\"546\" \/>\n\t<meta property=\"og:image:type\" content=\"image\/jpeg\" \/>\n<meta name=\"author\" content=\"Les Artistes pour la Paix\" \/>\n<meta name=\"twitter:card\" content=\"summary_large_image\" \/>\n<meta name=\"twitter:creator\" content=\"@PressenzaIPA\" \/>\n<meta name=\"twitter:site\" content=\"@PressenzaIPA\" \/>\n<meta name=\"twitter:label1\" content=\"\u00c9crit par\" \/>\n\t<meta name=\"twitter:data1\" content=\"Les Artistes pour la Paix\" \/>\n\t<meta name=\"twitter:label2\" content=\"Dur\u00e9e de lecture estim\u00e9e\" \/>\n\t<meta name=\"twitter:data2\" content=\"2 minutes\" \/>\n<script type=\"application\/ld+json\" class=\"yoast-schema-graph\">{\"@context\":\"https:\/\/schema.org\",\"@graph\":[{\"@type\":\"Article\",\"@id\":\"https:\/\/www.pressenza.com\/fr\/2022\/10\/negociations-de-paix-pour-lukraine\/#article\",\"isPartOf\":{\"@id\":\"https:\/\/www.pressenza.com\/fr\/2022\/10\/negociations-de-paix-pour-lukraine\/\"},\"author\":{\"name\":\"Les Artistes pour la Paix\",\"@id\":\"https:\/\/www.pressenza.com\/fr\/#\/schema\/person\/34f981043936b4c2b3eb3cb272057b26\"},\"headline\":\"N\u00e9gociations de paix pour l\u2019Ukraine !\",\"datePublished\":\"2022-10-18T00:06:07+00:00\",\"mainEntityOfPage\":{\"@id\":\"https:\/\/www.pressenza.com\/fr\/2022\/10\/negociations-de-paix-pour-lukraine\/\"},\"wordCount\":489,\"publisher\":{\"@id\":\"https:\/\/www.pressenza.com\/fr\/#organization\"},\"image\":{\"@id\":\"https:\/\/www.pressenza.com\/fr\/2022\/10\/negociations-de-paix-pour-lukraine\/#primaryimage\"},\"thumbnailUrl\":\"https:\/\/www.pressenza.com\/wp-content\/uploads\/2022\/10\/artistes-pour-la-paix.jpg\",\"keywords\":[\"N\u00e9gociations\",\"Paix\",\"Ukraine\"],\"articleSection\":[\"Am\u00e9rique du Nord\",\"Opinion\",\"Paix et D\u00e9sarmement\",\"Relations internationales\"],\"inLanguage\":\"fr-FR\"},{\"@type\":\"WebPage\",\"@id\":\"https:\/\/www.pressenza.com\/fr\/2022\/10\/negociations-de-paix-pour-lukraine\/\",\"url\":\"https:\/\/www.pressenza.com\/fr\/2022\/10\/negociations-de-paix-pour-lukraine\/\",\"name\":\"N\u00e9gociations de paix pour l\u2019Ukraine !\",\"isPartOf\":{\"@id\":\"https:\/\/www.pressenza.com\/fr\/#website\"},\"primaryImageOfPage\":{\"@id\":\"https:\/\/www.pressenza.com\/fr\/2022\/10\/negociations-de-paix-pour-lukraine\/#primaryimage\"},\"image\":{\"@id\":\"https:\/\/www.pressenza.com\/fr\/2022\/10\/negociations-de-paix-pour-lukraine\/#primaryimage\"},\"thumbnailUrl\":\"https:\/\/www.pressenza.com\/wp-content\/uploads\/2022\/10\/artistes-pour-la-paix.jpg\",\"datePublished\":\"2022-10-18T00:06:07+00:00\",\"description\":\"Pourquoi les derniers politiciens f\u00e9d\u00e9raux \u00e0 prendre au s\u00e9rieux la menace nucl\u00e9aire russe furent le lib\u00e9ral Pierre Elliott Trudeau et le progressiste\",\"breadcrumb\":{\"@id\":\"https:\/\/www.pressenza.com\/fr\/2022\/10\/negociations-de-paix-pour-lukraine\/#breadcrumb\"},\"inLanguage\":\"fr-FR\",\"potentialAction\":[{\"@type\":\"ReadAction\",\"target\":[\"https:\/\/www.pressenza.com\/fr\/2022\/10\/negociations-de-paix-pour-lukraine\/\"]}]},{\"@type\":\"ImageObject\",\"inLanguage\":\"fr-FR\",\"@id\":\"https:\/\/www.pressenza.com\/fr\/2022\/10\/negociations-de-paix-pour-lukraine\/#primaryimage\",\"url\":\"https:\/\/www.pressenza.com\/wp-content\/uploads\/2022\/10\/artistes-pour-la-paix.jpg\",\"contentUrl\":\"https:\/\/www.pressenza.com\/wp-content\/uploads\/2022\/10\/artistes-pour-la-paix.jpg\",\"width\":820,\"height\":546},{\"@type\":\"BreadcrumbList\",\"@id\":\"https:\/\/www.pressenza.com\/fr\/2022\/10\/negociations-de-paix-pour-lukraine\/#breadcrumb\",\"itemListElement\":[{\"@type\":\"ListItem\",\"position\":1,\"name\":\"Accueil\",\"item\":\"https:\/\/www.pressenza.com\/fr\/\"},{\"@type\":\"ListItem\",\"position\":2,\"name\":\"N\u00e9gociations de paix pour l\u2019Ukraine !\"}]},{\"@type\":\"WebSite\",\"@id\":\"https:\/\/www.pressenza.com\/fr\/#website\",\"url\":\"https:\/\/www.pressenza.com\/fr\/\",\"name\":\"Pressenza\",\"description\":\"International Press Agency\",\"publisher\":{\"@id\":\"https:\/\/www.pressenza.com\/fr\/#organization\"},\"potentialAction\":[{\"@type\":\"SearchAction\",\"target\":{\"@type\":\"EntryPoint\",\"urlTemplate\":\"https:\/\/www.pressenza.com\/fr\/?s={search_term_string}\"},\"query-input\":{\"@type\":\"PropertyValueSpecification\",\"valueRequired\":true,\"valueName\":\"search_term_string\"}}],\"inLanguage\":\"fr-FR\"},{\"@type\":\"Organization\",\"@id\":\"https:\/\/www.pressenza.com\/fr\/#organization\",\"name\":\"Pressenza\",\"url\":\"https:\/\/www.pressenza.com\/fr\/\",\"logo\":{\"@type\":\"ImageObject\",\"inLanguage\":\"fr-FR\",\"@id\":\"https:\/\/www.pressenza.com\/fr\/#\/schema\/logo\/image\/\",\"url\":\"https:\/\/www.pressenza.com\/wp-content\/uploads\/2022\/10\/pressenza_logo_200x200.jpg\",\"contentUrl\":\"https:\/\/www.pressenza.com\/wp-content\/uploads\/2022\/10\/pressenza_logo_200x200.jpg\",\"width\":200,\"height\":200,\"caption\":\"Pressenza\"},\"image\":{\"@id\":\"https:\/\/www.pressenza.com\/fr\/#\/schema\/logo\/image\/\"},\"sameAs\":[\"https:\/\/www.facebook.com\/PressenzaItalia\",\"https:\/\/x.com\/PressenzaIPA\"]},{\"@type\":\"Person\",\"@id\":\"https:\/\/www.pressenza.com\/fr\/#\/schema\/person\/34f981043936b4c2b3eb3cb272057b26\",\"name\":\"Les Artistes pour la Paix\",\"description\":\"As committed artists, we have been working for nearly forty years in the hope of changing our society. Our main cause is to save our planet, which the IPCC and the UN General Assembly have declared to be under assault by a mercantilism that elects governments insensitive to the common good: the nuclear threat from NATO, the threat to health from Big Pharma, oil pollution and the arms build-up by the United States in 800 military bases around the world. Our roots in a French, green and secular Quebec are working towards the ideal of lasting peace, achieved peacefully through : - Art as a vehicle for Peace, Education and Social Justice; - openness to the First Nations who teach us respect for nature; - openness to immigrant\u00b7e\u00b7s, by rejecting all forms of discrimination and supporting their francization and their adherence to the great feminist values that are not dogmatic.\",\"sameAs\":[\"http:\/\/www.artistespourlapaix.org\/\"],\"url\":\"https:\/\/www.pressenza.com\/fr\/author\/les-artistes-pour-la-paix\/\"}]}<\/script>\n<!-- \/ Yoast SEO plugin. -->","yoast_head_json":{"title":"N\u00e9gociations de paix pour l\u2019Ukraine !","description":"Pourquoi les derniers politiciens f\u00e9d\u00e9raux \u00e0 prendre au s\u00e9rieux la menace nucl\u00e9aire russe furent le lib\u00e9ral Pierre Elliott Trudeau et le progressiste","robots":{"index":"index","follow":"follow","max-snippet":"max-snippet:-1","max-image-preview":"max-image-preview:large","max-video-preview":"max-video-preview:-1"},"canonical":"https:\/\/www.pressenza.com\/fr\/2022\/10\/negociations-de-paix-pour-lukraine\/","og_locale":"fr_FR","og_type":"article","og_title":"N\u00e9gociations de paix pour l\u2019Ukraine !","og_description":"Pourquoi les derniers politiciens f\u00e9d\u00e9raux \u00e0 prendre au s\u00e9rieux la menace nucl\u00e9aire russe furent le lib\u00e9ral Pierre Elliott Trudeau et le progressiste","og_url":"https:\/\/www.pressenza.com\/fr\/2022\/10\/negociations-de-paix-pour-lukraine\/","og_site_name":"Pressenza","article_publisher":"https:\/\/www.facebook.com\/PressenzaItalia","article_published_time":"2022-10-18T00:06:07+00:00","og_image":[{"width":820,"height":546,"url":"https:\/\/www.pressenza.com\/wp-content\/uploads\/2022\/10\/artistes-pour-la-paix.jpg","type":"image\/jpeg"}],"author":"Les Artistes pour la Paix","twitter_card":"summary_large_image","twitter_creator":"@PressenzaIPA","twitter_site":"@PressenzaIPA","twitter_misc":{"\u00c9crit par":"Les Artistes pour la Paix","Dur\u00e9e de lecture estim\u00e9e":"2 minutes"},"schema":{"@context":"https:\/\/schema.org","@graph":[{"@type":"Article","@id":"https:\/\/www.pressenza.com\/fr\/2022\/10\/negociations-de-paix-pour-lukraine\/#article","isPartOf":{"@id":"https:\/\/www.pressenza.com\/fr\/2022\/10\/negociations-de-paix-pour-lukraine\/"},"author":{"name":"Les Artistes pour la Paix","@id":"https:\/\/www.pressenza.com\/fr\/#\/schema\/person\/34f981043936b4c2b3eb3cb272057b26"},"headline":"N\u00e9gociations de paix pour l\u2019Ukraine !","datePublished":"2022-10-18T00:06:07+00:00","mainEntityOfPage":{"@id":"https:\/\/www.pressenza.com\/fr\/2022\/10\/negociations-de-paix-pour-lukraine\/"},"wordCount":489,"publisher":{"@id":"https:\/\/www.pressenza.com\/fr\/#organization"},"image":{"@id":"https:\/\/www.pressenza.com\/fr\/2022\/10\/negociations-de-paix-pour-lukraine\/#primaryimage"},"thumbnailUrl":"https:\/\/www.pressenza.com\/wp-content\/uploads\/2022\/10\/artistes-pour-la-paix.jpg","keywords":["N\u00e9gociations","Paix","Ukraine"],"articleSection":["Am\u00e9rique du Nord","Opinion","Paix et D\u00e9sarmement","Relations internationales"],"inLanguage":"fr-FR"},{"@type":"WebPage","@id":"https:\/\/www.pressenza.com\/fr\/2022\/10\/negociations-de-paix-pour-lukraine\/","url":"https:\/\/www.pressenza.com\/fr\/2022\/10\/negociations-de-paix-pour-lukraine\/","name":"N\u00e9gociations de paix pour l\u2019Ukraine !","isPartOf":{"@id":"https:\/\/www.pressenza.com\/fr\/#website"},"primaryImageOfPage":{"@id":"https:\/\/www.pressenza.com\/fr\/2022\/10\/negociations-de-paix-pour-lukraine\/#primaryimage"},"image":{"@id":"https:\/\/www.pressenza.com\/fr\/2022\/10\/negociations-de-paix-pour-lukraine\/#primaryimage"},"thumbnailUrl":"https:\/\/www.pressenza.com\/wp-content\/uploads\/2022\/10\/artistes-pour-la-paix.jpg","datePublished":"2022-10-18T00:06:07+00:00","description":"Pourquoi les derniers politiciens f\u00e9d\u00e9raux \u00e0 prendre au s\u00e9rieux la menace nucl\u00e9aire russe furent le lib\u00e9ral Pierre Elliott Trudeau et le progressiste","breadcrumb":{"@id":"https:\/\/www.pressenza.com\/fr\/2022\/10\/negociations-de-paix-pour-lukraine\/#breadcrumb"},"inLanguage":"fr-FR","potentialAction":[{"@type":"ReadAction","target":["https:\/\/www.pressenza.com\/fr\/2022\/10\/negociations-de-paix-pour-lukraine\/"]}]},{"@type":"ImageObject","inLanguage":"fr-FR","@id":"https:\/\/www.pressenza.com\/fr\/2022\/10\/negociations-de-paix-pour-lukraine\/#primaryimage","url":"https:\/\/www.pressenza.com\/wp-content\/uploads\/2022\/10\/artistes-pour-la-paix.jpg","contentUrl":"https:\/\/www.pressenza.com\/wp-content\/uploads\/2022\/10\/artistes-pour-la-paix.jpg","width":820,"height":546},{"@type":"BreadcrumbList","@id":"https:\/\/www.pressenza.com\/fr\/2022\/10\/negociations-de-paix-pour-lukraine\/#breadcrumb","itemListElement":[{"@type":"ListItem","position":1,"name":"Accueil","item":"https:\/\/www.pressenza.com\/fr\/"},{"@type":"ListItem","position":2,"name":"N\u00e9gociations de paix pour l\u2019Ukraine !"}]},{"@type":"WebSite","@id":"https:\/\/www.pressenza.com\/fr\/#website","url":"https:\/\/www.pressenza.com\/fr\/","name":"Pressenza","description":"International Press Agency","publisher":{"@id":"https:\/\/www.pressenza.com\/fr\/#organization"},"potentialAction":[{"@type":"SearchAction","target":{"@type":"EntryPoint","urlTemplate":"https:\/\/www.pressenza.com\/fr\/?s={search_term_string}"},"query-input":{"@type":"PropertyValueSpecification","valueRequired":true,"valueName":"search_term_string"}}],"inLanguage":"fr-FR"},{"@type":"Organization","@id":"https:\/\/www.pressenza.com\/fr\/#organization","name":"Pressenza","url":"https:\/\/www.pressenza.com\/fr\/","logo":{"@type":"ImageObject","inLanguage":"fr-FR","@id":"https:\/\/www.pressenza.com\/fr\/#\/schema\/logo\/image\/","url":"https:\/\/www.pressenza.com\/wp-content\/uploads\/2022\/10\/pressenza_logo_200x200.jpg","contentUrl":"https:\/\/www.pressenza.com\/wp-content\/uploads\/2022\/10\/pressenza_logo_200x200.jpg","width":200,"height":200,"caption":"Pressenza"},"image":{"@id":"https:\/\/www.pressenza.com\/fr\/#\/schema\/logo\/image\/"},"sameAs":["https:\/\/www.facebook.com\/PressenzaItalia","https:\/\/x.com\/PressenzaIPA"]},{"@type":"Person","@id":"https:\/\/www.pressenza.com\/fr\/#\/schema\/person\/34f981043936b4c2b3eb3cb272057b26","name":"Les Artistes pour la Paix","description":"As committed artists, we have been working for nearly forty years in the hope of changing our society. Our main cause is to save our planet, which the IPCC and the UN General Assembly have declared to be under assault by a mercantilism that elects governments insensitive to the common good: the nuclear threat from NATO, the threat to health from Big Pharma, oil pollution and the arms build-up by the United States in 800 military bases around the world. Our roots in a French, green and secular Quebec are working towards the ideal of lasting peace, achieved peacefully through : - Art as a vehicle for Peace, Education and Social Justice; - openness to the First Nations who teach us respect for nature; - openness to immigrant\u00b7e\u00b7s, by rejecting all forms of discrimination and supporting their francization and their adherence to the great feminist values that are not dogmatic.","sameAs":["http:\/\/www.artistespourlapaix.org\/"],"url":"https:\/\/www.pressenza.com\/fr\/author\/les-artistes-pour-la-paix\/"}]}},"place":"Montr\u00e9al, Canada","original_article_url":"","_links":{"self":[{"href":"https:\/\/www.pressenza.com\/fr\/wp-json\/wp\/v2\/posts\/1684466","targetHints":{"allow":["GET"]}}],"collection":[{"href":"https:\/\/www.pressenza.com\/fr\/wp-json\/wp\/v2\/posts"}],"about":[{"href":"https:\/\/www.pressenza.com\/fr\/wp-json\/wp\/v2\/types\/post"}],"author":[{"embeddable":true,"href":"https:\/\/www.pressenza.com\/fr\/wp-json\/wp\/v2\/users\/2060"}],"replies":[{"embeddable":true,"href":"https:\/\/www.pressenza.com\/fr\/wp-json\/wp\/v2\/comments?post=1684466"}],"version-history":[{"count":0,"href":"https:\/\/www.pressenza.com\/fr\/wp-json\/wp\/v2\/posts\/1684466\/revisions"}],"wp:featuredmedia":[{"embeddable":true,"href":"https:\/\/www.pressenza.com\/fr\/wp-json\/wp\/v2\/media\/1684469"}],"wp:attachment":[{"href":"https:\/\/www.pressenza.com\/fr\/wp-json\/wp\/v2\/media?parent=1684466"}],"wp:term":[{"taxonomy":"category","embeddable":true,"href":"https:\/\/www.pressenza.com\/fr\/wp-json\/wp\/v2\/categories?post=1684466"},{"taxonomy":"post_tag","embeddable":true,"href":"https:\/\/www.pressenza.com\/fr\/wp-json\/wp\/v2\/tags?post=1684466"}],"curies":[{"name":"wp","href":"https:\/\/api.w.org\/{rel}","templated":true}]}}