{"id":1668554,"date":"2016-12-01T08:04:26","date_gmt":"2016-12-01T08:04:26","guid":{"rendered":"https:\/\/www.pressenza.com\/?p=1668554"},"modified":"2022-09-28T08:09:40","modified_gmt":"2022-09-28T07:09:40","slug":"ce-qui-est-bon-cest-ce-qui-unit-les-peuples-ce-qui-est-mauvais-cest-ce-qui-les-desunit","status":"publish","type":"post","link":"https:\/\/www.pressenza.com\/fr\/2016\/12\/ce-qui-est-bon-cest-ce-qui-unit-les-peuples-ce-qui-est-mauvais-cest-ce-qui-les-desunit\/","title":{"rendered":"Ce qui est bon, c&rsquo;est ce qui unit les peuples. Ce qui est mauvais, c&rsquo;est ce qui les d\u00e9sunit"},"content":{"rendered":"<p>La x\u00e9nophobie commence \u00e0 montrer des signes de recrudescence en Am\u00e9rique latine et dans les Cara\u00efbes, ce qui constitue un signal d&rsquo;alarme.<\/p>\n<p>Un exemple d\u00e9plorable a \u00e9t\u00e9 fourni il y a quelques semaines par le s\u00e9nateur argentin Miguel \u00c1ngel Pichetto qui, parlant \u00e0 la radio de l&rsquo;ins\u00e9curit\u00e9 dans le pays, s&rsquo;en est pris aux immigrants, d\u00e9clarant que l&rsquo;Argentine fonctionne \u00ab\u00a0comme un logement social de la Bolivie et un logement p\u00e9nal du P\u00e9rou\u00a0\u00bb. Des d\u00e9clarations similaires ont \u00e9t\u00e9 faites par des secteurs du gouvernement de Mauricio Macri (N.d.T.: pr\u00e9sident de l\u2019Argentine de 2015 \u00e0 2019), tandis que d&rsquo;autres se sont fait l&rsquo;\u00e9cho de cette insulte en rendant les immigrants responsables de la saturation des syst\u00e8mes d&rsquo;\u00e9ducation et de sant\u00e9 et de l&rsquo;augmentation de la pauvret\u00e9.<\/p>\n<p>Dans le m\u00eame ordre d&rsquo;id\u00e9es, l&rsquo;appel lanc\u00e9 par le \u00ab\u00a0Front national du peuple panam\u00e9en\u00a0\u00bb (<em>Frente nacional del Pueblo Paname\u00f1o<\/em>) \u00e0 former une cha\u00eene humaine dans le but de r\u00e9cup\u00e9rer \u00ab\u00a0Panama pour les Panam\u00e9ens\u00a0\u00bb, une action contre les immigrants v\u00e9n\u00e9zu\u00e9liens qui r\u00e9sident dans le pays d&rsquo;Am\u00e9rique centrale, est alarmant.<\/p>\n<p>Au Chili, un psychiatre r\u00e9put\u00e9 a affirm\u00e9 dans une \u00e9mission de radio que les \u00e9trangers arrivant au Chili en provenance de Colombie et d&rsquo;Ha\u00efti apportaient la violence et la maladie, et une star argentine devenue pr\u00e9sentatrice de t\u00e9l\u00e9vision a d\u00e9clar\u00e9, dans une attitude ouvertement raciste, combien elle appr\u00e9ciait la famille pr\u00e9sidentielle argentine parce qu&rsquo;elle \u00e9tait \u00ab\u00a0blanche, belle et pure\u00a0\u00bb.<\/p>\n<p>D&rsquo;autres personnalit\u00e9s, comme l&rsquo;ancien pr\u00e9sident chilien Pi\u00f1era, pensent pouvoir gagner des soutiens ou dissimuler des affaires louches en se pliant au courant de droite \u00e0 la Trump, rejoignant ainsi une vague insens\u00e9e de discrimination. Tous ces gestes &#8211; apparemment isol\u00e9s ou inoffensifs &#8211; apparaissent comme des signes dangereux de l\u00e9gitimation qui pourraient entra\u00eener d&rsquo;\u00e9normes reculs pour les droits humains dans la r\u00e9gion.<\/p>\n<p>La discrimination r\u00e9appara\u00eet en temps de crise, en utilisant les immigrants comme boucs \u00e9missaires, en rendant l&rsquo;autre responsable du ch\u00f4mage, et comme le font certains gouvernements qui tentent de se sauver de leur propre chaos, en l\u2019utilisant dans leurs arguments.<\/p>\n<p>Il est pr\u00e9visible que, dans le cadre de l&rsquo;actuelle r\u00e9cession de l&rsquo;\u00e9conomie mondiale qui fait suite \u00e0 l&rsquo;explosion des march\u00e9s immobiliers internationaux en 2008, la faute sera rejet\u00e9e sur les migrants plut\u00f4t que sur les banques sp\u00e9culatrices, v\u00e9ritables causes de l\u2019aspiration des ressources de l&rsquo;\u00e9conomie r\u00e9elle et des possibilit\u00e9s d&rsquo;am\u00e9lioration des conditions de vie de la population.<\/p>\n<p>En contrepartie de ce contexte, une nouvelle positive est la campagne \u00ab\u00a0JE VIENS du SUD\u00a0\u00bb (<em>SOY<\/em> <em>del SUR)<\/em>, lanc\u00e9e par <em>l&rsquo;Uni\u00f3n de Naciones Suramericanas<\/em> UNASUR (Union des nations sud-am\u00e9ricaines), dans le but de promouvoir l&rsquo;int\u00e9gration et de r\u00e9affirmer l&rsquo;identit\u00e9 r\u00e9gionale des 417 millions d&rsquo;habitants du continent.<\/p>\n<p>Nous consacrons cette partie de notre micro-\u00e9mission de radio \u201cR\u00e9gional et Populaire\u201d (<em>Regional y Popular<\/em>) \u00e0 ce sujet, dont le titre, paraphrasant Silo, est \u00ab Ce qui est bon, c&rsquo;est ce qui unit les peuples. Ce qui est mauvais, c&rsquo;est ce qui les d\u00e9sunit. \u00bb <span style=\"color: #0000ff;\">[1]<\/span><\/p>\n<p>Pour \u00e9couter, t\u00e9l\u00e9charger, partager ou diffuser le programme de radio (en ESP) : <a href=\"https:\/\/ar.ivoox.com\/es\/14275388\">https:\/\/ar.ivoox.com\/es\/14275388<\/a><\/p>\n<p><em>\u00ab\u00a0R\u00e9gional et Populaire\u00a0\u00bb est un programme de radio hebdomadaire de quinze minutes consacr\u00e9es aux questions li\u00e9es \u00e0 l&rsquo;int\u00e9gration souveraine de l&rsquo;Am\u00e9rique latine et des Cara\u00efbes. Il s&rsquo;agit d&rsquo;une production libre de l&rsquo;agence de presse internationale Pressenza, r\u00e9alis\u00e9e depuis C\u00f3rdoba en Argentine, en collaboration avec la radio communautaire La Ranchada, radio qui est diffus\u00e9e r\u00e9guli\u00e8rement sur diverses stations et r\u00e9seaux de radio de la r\u00e9gion.<\/em><\/p>\n<p><em>\u00a0<\/em><\/p>\n<p><strong>Notes<\/strong><\/p>\n<p><span style=\"color: #0000ff;\">[1]\u00a0<\/span>Phrases prononc\u00e9es sur les plages de Chowpatty, en Inde, le 1er novembre 1981 :<\/p>\n<p><em>\u00ab\u00a0Ce qui est bon, c\u2019est tout ce qui am\u00e9liore la vie.<\/em><\/p>\n<p><em>Ce qui est mauvais, c\u2019est tout ce qui s\u2019y oppose.<\/em><\/p>\n<p><em>Ce qui est bon, c\u2019est ce qui unit un peuple.<\/em><\/p>\n<p><em>Ce qui est mauvais, c\u2019est ce qui le d\u00e9sunit.<\/em><\/p>\n<p><em>Ce qui est bon, c\u2019est d\u2019affirmer\u00a0: \u00ab\u00a0Il y a encore un futur.\u00a0\u00bb<\/em><\/p>\n<p><em>Ce qui est mauvais, c\u2019est de dire\u00a0: \u00ab\u00a0Il n\u2019y a ni futur ni sens \u00e0 la vie.\u00a0\u00bb<\/em><\/p>\n<p><em>Ce qui est bon, c\u2019est de donner aux peuples foi en eux-m\u00eames.<\/em><\/p>\n<p><em>Ce qui est mauvais, c\u2019est le fanatisme qui s\u2019oppose \u00e0 la vie.\u00a0\u00bb<\/em><\/p>\n<p>(<em>Silo parle, Acte public \u00e0 Bombay<\/em>, <a href=\"https:\/\/www.editions-references.com\/parle.html\">\u00c9ditions R\u00e9f\u00e9rences<\/a>, Paris, 1999.)<\/p>\n<p>&nbsp;<\/p>\n<p><em>Traduction de l&rsquo;espagnol, Evelyn Tischer<\/em><\/p>\n","protected":false},"excerpt":{"rendered":"<p>La x\u00e9nophobie commence \u00e0 montrer des signes de recrudescence en Am\u00e9rique latine et dans les Cara\u00efbes, ce qui constitue un signal d&rsquo;alarme. Un exemple d\u00e9plorable a \u00e9t\u00e9 fourni il y a quelques semaines par le s\u00e9nateur argentin Miguel \u00c1ngel Pichetto&hellip;<\/p>\n","protected":false},"author":970,"featured_media":117331,"comment_status":"closed","ping_status":"closed","sticky":false,"template":"","format":"standard","meta":{"footnotes":""},"categories":[88,87,86,11386,1247,27990],"tags":[296,105974,105975,7833,244,56747],"class_list":["post-1668554","post","type-post","status-publish","format-standard","has-post-thumbnail","hentry","category-amerique-centrale","category-amerique-du-nord","category-amerique-du-sud","category-contenu-original","category-diversite","category-radio-fr","tag-discrimination","tag-droits-des-migrants","tag-foro-comunicacion-para-la-integracion-de-nuestramerica-fr","tag-migrants-fr","tag-unasur","tag-xenophobie-fr"],"yoast_head":"<!-- This site is optimized with the Yoast SEO plugin v27.1.1 - https:\/\/yoast.com\/product\/yoast-seo-wordpress\/ -->\n<title>Ce qui est bon, c&#039;est ce qui unit les peuples. Ce qui est mauvais, c&#039;est ce qui les d\u00e9sunit<\/title>\n<meta name=\"description\" content=\"La x\u00e9nophobie commence \u00e0 montrer des signes de recrudescence en Am\u00e9rique latine et dans les Cara\u00efbes, ce qui constitue un signal d&#039;alarme. Un exemple\" \/>\n<meta name=\"robots\" content=\"index, follow, max-snippet:-1, max-image-preview:large, max-video-preview:-1\" \/>\n<link rel=\"canonical\" href=\"https:\/\/www.pressenza.com\/fr\/2016\/12\/ce-qui-est-bon-cest-ce-qui-unit-les-peuples-ce-qui-est-mauvais-cest-ce-qui-les-desunit\/\" \/>\n<meta property=\"og:locale\" content=\"fr_FR\" \/>\n<meta property=\"og:type\" content=\"article\" \/>\n<meta property=\"og:title\" content=\"Ce qui est bon, c&#039;est ce qui unit les peuples. Ce qui est mauvais, c&#039;est ce qui les d\u00e9sunit\" \/>\n<meta property=\"og:description\" content=\"La x\u00e9nophobie commence \u00e0 montrer des signes de recrudescence en Am\u00e9rique latine et dans les Cara\u00efbes, ce qui constitue un signal d&#039;alarme. Un exemple\" \/>\n<meta property=\"og:url\" content=\"https:\/\/www.pressenza.com\/fr\/2016\/12\/ce-qui-est-bon-cest-ce-qui-unit-les-peuples-ce-qui-est-mauvais-cest-ce-qui-les-desunit\/\" \/>\n<meta property=\"og:site_name\" content=\"Pressenza\" \/>\n<meta property=\"article:publisher\" content=\"https:\/\/www.facebook.com\/PressenzaItalia\" \/>\n<meta property=\"article:author\" content=\"https:\/\/www.facebook.com\/javier.tolcachier?fref=ts\" \/>\n<meta property=\"article:published_time\" content=\"2016-12-01T08:04:26+00:00\" \/>\n<meta property=\"article:modified_time\" content=\"2022-09-28T07:09:40+00:00\" \/>\n<meta property=\"og:image\" content=\"https:\/\/www.pressenza.com\/wp-content\/uploads\/2014\/07\/Migrantes.jpeg\" \/>\n\t<meta property=\"og:image:width\" content=\"580\" \/>\n\t<meta property=\"og:image:height\" content=\"386\" \/>\n\t<meta property=\"og:image:type\" content=\"image\/jpeg\" \/>\n<meta name=\"author\" content=\"Javier Tolcachier\" \/>\n<meta name=\"twitter:card\" content=\"summary_large_image\" \/>\n<meta name=\"twitter:creator\" content=\"@jtolcachier\" \/>\n<meta name=\"twitter:site\" content=\"@PressenzaIPA\" \/>\n<meta name=\"twitter:label1\" content=\"\u00c9crit par\" \/>\n\t<meta name=\"twitter:data1\" content=\"Javier Tolcachier\" \/>\n\t<meta name=\"twitter:label2\" content=\"Dur\u00e9e de lecture estim\u00e9e\" \/>\n\t<meta name=\"twitter:data2\" content=\"4 minutes\" \/>\n<script type=\"application\/ld+json\" class=\"yoast-schema-graph\">{\"@context\":\"https:\/\/schema.org\",\"@graph\":[{\"@type\":\"Article\",\"@id\":\"https:\/\/www.pressenza.com\/fr\/2016\/12\/ce-qui-est-bon-cest-ce-qui-unit-les-peuples-ce-qui-est-mauvais-cest-ce-qui-les-desunit\/#article\",\"isPartOf\":{\"@id\":\"https:\/\/www.pressenza.com\/fr\/2016\/12\/ce-qui-est-bon-cest-ce-qui-unit-les-peuples-ce-qui-est-mauvais-cest-ce-qui-les-desunit\/\"},\"author\":{\"name\":\"Javier Tolcachier\",\"@id\":\"https:\/\/www.pressenza.com\/fr\/#\/schema\/person\/f353f6d4eed144101dedba60e6227564\"},\"headline\":\"Ce qui est bon, c&rsquo;est ce qui unit les peuples. Ce qui est mauvais, c&rsquo;est ce qui les d\u00e9sunit\",\"datePublished\":\"2016-12-01T08:04:26+00:00\",\"dateModified\":\"2022-09-28T07:09:40+00:00\",\"mainEntityOfPage\":{\"@id\":\"https:\/\/www.pressenza.com\/fr\/2016\/12\/ce-qui-est-bon-cest-ce-qui-unit-les-peuples-ce-qui-est-mauvais-cest-ce-qui-les-desunit\/\"},\"wordCount\":824,\"publisher\":{\"@id\":\"https:\/\/www.pressenza.com\/fr\/#organization\"},\"image\":{\"@id\":\"https:\/\/www.pressenza.com\/fr\/2016\/12\/ce-qui-est-bon-cest-ce-qui-unit-les-peuples-ce-qui-est-mauvais-cest-ce-qui-les-desunit\/#primaryimage\"},\"thumbnailUrl\":\"https:\/\/www.pressenza.com\/wp-content\/uploads\/2014\/07\/Migrantes.jpeg\",\"keywords\":[\"discrimination\",\"droits des migrants\",\"Foro Comunicaci\u00f3n para la Integraci\u00f3n de NuestrAm\u00e9rica\",\"Migrants\",\"UNASUR\",\"Xenophobie\"],\"articleSection\":[\"Am\u00e9rique centrale\",\"Am\u00e9rique du Nord\",\"Am\u00e9rique du Sud\",\"Contenu Original\",\"Diversit\u00e9\",\"Radio\"],\"inLanguage\":\"fr-FR\"},{\"@type\":\"WebPage\",\"@id\":\"https:\/\/www.pressenza.com\/fr\/2016\/12\/ce-qui-est-bon-cest-ce-qui-unit-les-peuples-ce-qui-est-mauvais-cest-ce-qui-les-desunit\/\",\"url\":\"https:\/\/www.pressenza.com\/fr\/2016\/12\/ce-qui-est-bon-cest-ce-qui-unit-les-peuples-ce-qui-est-mauvais-cest-ce-qui-les-desunit\/\",\"name\":\"Ce qui est bon, c'est ce qui unit les peuples. Ce qui est mauvais, c'est ce qui les d\u00e9sunit\",\"isPartOf\":{\"@id\":\"https:\/\/www.pressenza.com\/fr\/#website\"},\"primaryImageOfPage\":{\"@id\":\"https:\/\/www.pressenza.com\/fr\/2016\/12\/ce-qui-est-bon-cest-ce-qui-unit-les-peuples-ce-qui-est-mauvais-cest-ce-qui-les-desunit\/#primaryimage\"},\"image\":{\"@id\":\"https:\/\/www.pressenza.com\/fr\/2016\/12\/ce-qui-est-bon-cest-ce-qui-unit-les-peuples-ce-qui-est-mauvais-cest-ce-qui-les-desunit\/#primaryimage\"},\"thumbnailUrl\":\"https:\/\/www.pressenza.com\/wp-content\/uploads\/2014\/07\/Migrantes.jpeg\",\"datePublished\":\"2016-12-01T08:04:26+00:00\",\"dateModified\":\"2022-09-28T07:09:40+00:00\",\"description\":\"La x\u00e9nophobie commence \u00e0 montrer des signes de recrudescence en Am\u00e9rique latine et dans les Cara\u00efbes, ce qui constitue un signal d'alarme. Un exemple\",\"breadcrumb\":{\"@id\":\"https:\/\/www.pressenza.com\/fr\/2016\/12\/ce-qui-est-bon-cest-ce-qui-unit-les-peuples-ce-qui-est-mauvais-cest-ce-qui-les-desunit\/#breadcrumb\"},\"inLanguage\":\"fr-FR\",\"potentialAction\":[{\"@type\":\"ReadAction\",\"target\":[\"https:\/\/www.pressenza.com\/fr\/2016\/12\/ce-qui-est-bon-cest-ce-qui-unit-les-peuples-ce-qui-est-mauvais-cest-ce-qui-les-desunit\/\"]}]},{\"@type\":\"ImageObject\",\"inLanguage\":\"fr-FR\",\"@id\":\"https:\/\/www.pressenza.com\/fr\/2016\/12\/ce-qui-est-bon-cest-ce-qui-unit-les-peuples-ce-qui-est-mauvais-cest-ce-qui-les-desunit\/#primaryimage\",\"url\":\"https:\/\/www.pressenza.com\/wp-content\/uploads\/2014\/07\/Migrantes.jpeg\",\"contentUrl\":\"https:\/\/www.pressenza.com\/wp-content\/uploads\/2014\/07\/Migrantes.jpeg\",\"width\":580,\"height\":386},{\"@type\":\"BreadcrumbList\",\"@id\":\"https:\/\/www.pressenza.com\/fr\/2016\/12\/ce-qui-est-bon-cest-ce-qui-unit-les-peuples-ce-qui-est-mauvais-cest-ce-qui-les-desunit\/#breadcrumb\",\"itemListElement\":[{\"@type\":\"ListItem\",\"position\":1,\"name\":\"Accueil\",\"item\":\"https:\/\/www.pressenza.com\/fr\/\"},{\"@type\":\"ListItem\",\"position\":2,\"name\":\"Ce qui est bon, c&rsquo;est ce qui unit les peuples. Ce qui est mauvais, c&rsquo;est ce qui les d\u00e9sunit\"}]},{\"@type\":\"WebSite\",\"@id\":\"https:\/\/www.pressenza.com\/fr\/#website\",\"url\":\"https:\/\/www.pressenza.com\/fr\/\",\"name\":\"Pressenza\",\"description\":\"International Press Agency\",\"publisher\":{\"@id\":\"https:\/\/www.pressenza.com\/fr\/#organization\"},\"potentialAction\":[{\"@type\":\"SearchAction\",\"target\":{\"@type\":\"EntryPoint\",\"urlTemplate\":\"https:\/\/www.pressenza.com\/fr\/?s={search_term_string}\"},\"query-input\":{\"@type\":\"PropertyValueSpecification\",\"valueRequired\":true,\"valueName\":\"search_term_string\"}}],\"inLanguage\":\"fr-FR\"},{\"@type\":\"Organization\",\"@id\":\"https:\/\/www.pressenza.com\/fr\/#organization\",\"name\":\"Pressenza\",\"url\":\"https:\/\/www.pressenza.com\/fr\/\",\"logo\":{\"@type\":\"ImageObject\",\"inLanguage\":\"fr-FR\",\"@id\":\"https:\/\/www.pressenza.com\/fr\/#\/schema\/logo\/image\/\",\"url\":\"https:\/\/www.pressenza.com\/wp-content\/uploads\/2022\/10\/pressenza_logo_200x200.jpg\",\"contentUrl\":\"https:\/\/www.pressenza.com\/wp-content\/uploads\/2022\/10\/pressenza_logo_200x200.jpg\",\"width\":200,\"height\":200,\"caption\":\"Pressenza\"},\"image\":{\"@id\":\"https:\/\/www.pressenza.com\/fr\/#\/schema\/logo\/image\/\"},\"sameAs\":[\"https:\/\/www.facebook.com\/PressenzaItalia\",\"https:\/\/x.com\/PressenzaIPA\"]},{\"@type\":\"Person\",\"@id\":\"https:\/\/www.pressenza.com\/fr\/#\/schema\/person\/f353f6d4eed144101dedba60e6227564\",\"name\":\"Javier Tolcachier\",\"description\":\"Javier Tolcachier is a researcher from the World Centre of Humanist Studies, an organism of the Humanist Movement. Mail: javiertolcachier@disroot.org Twitter: @jtolcachier\",\"sameAs\":[\"https:\/\/www.facebook.com\/javier.tolcachier?fref=ts\",\"https:\/\/x.com\/jtolcachier\"],\"url\":\"https:\/\/www.pressenza.com\/fr\/author\/javier-tolcachier\/\"}]}<\/script>\n<!-- \/ Yoast SEO plugin. -->","yoast_head_json":{"title":"Ce qui est bon, c'est ce qui unit les peuples. Ce qui est mauvais, c'est ce qui les d\u00e9sunit","description":"La x\u00e9nophobie commence \u00e0 montrer des signes de recrudescence en Am\u00e9rique latine et dans les Cara\u00efbes, ce qui constitue un signal d'alarme. Un exemple","robots":{"index":"index","follow":"follow","max-snippet":"max-snippet:-1","max-image-preview":"max-image-preview:large","max-video-preview":"max-video-preview:-1"},"canonical":"https:\/\/www.pressenza.com\/fr\/2016\/12\/ce-qui-est-bon-cest-ce-qui-unit-les-peuples-ce-qui-est-mauvais-cest-ce-qui-les-desunit\/","og_locale":"fr_FR","og_type":"article","og_title":"Ce qui est bon, c'est ce qui unit les peuples. Ce qui est mauvais, c'est ce qui les d\u00e9sunit","og_description":"La x\u00e9nophobie commence \u00e0 montrer des signes de recrudescence en Am\u00e9rique latine et dans les Cara\u00efbes, ce qui constitue un signal d'alarme. Un exemple","og_url":"https:\/\/www.pressenza.com\/fr\/2016\/12\/ce-qui-est-bon-cest-ce-qui-unit-les-peuples-ce-qui-est-mauvais-cest-ce-qui-les-desunit\/","og_site_name":"Pressenza","article_publisher":"https:\/\/www.facebook.com\/PressenzaItalia","article_author":"https:\/\/www.facebook.com\/javier.tolcachier?fref=ts","article_published_time":"2016-12-01T08:04:26+00:00","article_modified_time":"2022-09-28T07:09:40+00:00","og_image":[{"width":580,"height":386,"url":"https:\/\/www.pressenza.com\/wp-content\/uploads\/2014\/07\/Migrantes.jpeg","type":"image\/jpeg"}],"author":"Javier Tolcachier","twitter_card":"summary_large_image","twitter_creator":"@jtolcachier","twitter_site":"@PressenzaIPA","twitter_misc":{"\u00c9crit par":"Javier Tolcachier","Dur\u00e9e de lecture estim\u00e9e":"4 minutes"},"schema":{"@context":"https:\/\/schema.org","@graph":[{"@type":"Article","@id":"https:\/\/www.pressenza.com\/fr\/2016\/12\/ce-qui-est-bon-cest-ce-qui-unit-les-peuples-ce-qui-est-mauvais-cest-ce-qui-les-desunit\/#article","isPartOf":{"@id":"https:\/\/www.pressenza.com\/fr\/2016\/12\/ce-qui-est-bon-cest-ce-qui-unit-les-peuples-ce-qui-est-mauvais-cest-ce-qui-les-desunit\/"},"author":{"name":"Javier Tolcachier","@id":"https:\/\/www.pressenza.com\/fr\/#\/schema\/person\/f353f6d4eed144101dedba60e6227564"},"headline":"Ce qui est bon, c&rsquo;est ce qui unit les peuples. Ce qui est mauvais, c&rsquo;est ce qui les d\u00e9sunit","datePublished":"2016-12-01T08:04:26+00:00","dateModified":"2022-09-28T07:09:40+00:00","mainEntityOfPage":{"@id":"https:\/\/www.pressenza.com\/fr\/2016\/12\/ce-qui-est-bon-cest-ce-qui-unit-les-peuples-ce-qui-est-mauvais-cest-ce-qui-les-desunit\/"},"wordCount":824,"publisher":{"@id":"https:\/\/www.pressenza.com\/fr\/#organization"},"image":{"@id":"https:\/\/www.pressenza.com\/fr\/2016\/12\/ce-qui-est-bon-cest-ce-qui-unit-les-peuples-ce-qui-est-mauvais-cest-ce-qui-les-desunit\/#primaryimage"},"thumbnailUrl":"https:\/\/www.pressenza.com\/wp-content\/uploads\/2014\/07\/Migrantes.jpeg","keywords":["discrimination","droits des migrants","Foro Comunicaci\u00f3n para la Integraci\u00f3n de NuestrAm\u00e9rica","Migrants","UNASUR","Xenophobie"],"articleSection":["Am\u00e9rique centrale","Am\u00e9rique du Nord","Am\u00e9rique du Sud","Contenu Original","Diversit\u00e9","Radio"],"inLanguage":"fr-FR"},{"@type":"WebPage","@id":"https:\/\/www.pressenza.com\/fr\/2016\/12\/ce-qui-est-bon-cest-ce-qui-unit-les-peuples-ce-qui-est-mauvais-cest-ce-qui-les-desunit\/","url":"https:\/\/www.pressenza.com\/fr\/2016\/12\/ce-qui-est-bon-cest-ce-qui-unit-les-peuples-ce-qui-est-mauvais-cest-ce-qui-les-desunit\/","name":"Ce qui est bon, c'est ce qui unit les peuples. Ce qui est mauvais, c'est ce qui les d\u00e9sunit","isPartOf":{"@id":"https:\/\/www.pressenza.com\/fr\/#website"},"primaryImageOfPage":{"@id":"https:\/\/www.pressenza.com\/fr\/2016\/12\/ce-qui-est-bon-cest-ce-qui-unit-les-peuples-ce-qui-est-mauvais-cest-ce-qui-les-desunit\/#primaryimage"},"image":{"@id":"https:\/\/www.pressenza.com\/fr\/2016\/12\/ce-qui-est-bon-cest-ce-qui-unit-les-peuples-ce-qui-est-mauvais-cest-ce-qui-les-desunit\/#primaryimage"},"thumbnailUrl":"https:\/\/www.pressenza.com\/wp-content\/uploads\/2014\/07\/Migrantes.jpeg","datePublished":"2016-12-01T08:04:26+00:00","dateModified":"2022-09-28T07:09:40+00:00","description":"La x\u00e9nophobie commence \u00e0 montrer des signes de recrudescence en Am\u00e9rique latine et dans les Cara\u00efbes, ce qui constitue un signal d'alarme. Un exemple","breadcrumb":{"@id":"https:\/\/www.pressenza.com\/fr\/2016\/12\/ce-qui-est-bon-cest-ce-qui-unit-les-peuples-ce-qui-est-mauvais-cest-ce-qui-les-desunit\/#breadcrumb"},"inLanguage":"fr-FR","potentialAction":[{"@type":"ReadAction","target":["https:\/\/www.pressenza.com\/fr\/2016\/12\/ce-qui-est-bon-cest-ce-qui-unit-les-peuples-ce-qui-est-mauvais-cest-ce-qui-les-desunit\/"]}]},{"@type":"ImageObject","inLanguage":"fr-FR","@id":"https:\/\/www.pressenza.com\/fr\/2016\/12\/ce-qui-est-bon-cest-ce-qui-unit-les-peuples-ce-qui-est-mauvais-cest-ce-qui-les-desunit\/#primaryimage","url":"https:\/\/www.pressenza.com\/wp-content\/uploads\/2014\/07\/Migrantes.jpeg","contentUrl":"https:\/\/www.pressenza.com\/wp-content\/uploads\/2014\/07\/Migrantes.jpeg","width":580,"height":386},{"@type":"BreadcrumbList","@id":"https:\/\/www.pressenza.com\/fr\/2016\/12\/ce-qui-est-bon-cest-ce-qui-unit-les-peuples-ce-qui-est-mauvais-cest-ce-qui-les-desunit\/#breadcrumb","itemListElement":[{"@type":"ListItem","position":1,"name":"Accueil","item":"https:\/\/www.pressenza.com\/fr\/"},{"@type":"ListItem","position":2,"name":"Ce qui est bon, c&rsquo;est ce qui unit les peuples. Ce qui est mauvais, c&rsquo;est ce qui les d\u00e9sunit"}]},{"@type":"WebSite","@id":"https:\/\/www.pressenza.com\/fr\/#website","url":"https:\/\/www.pressenza.com\/fr\/","name":"Pressenza","description":"International Press Agency","publisher":{"@id":"https:\/\/www.pressenza.com\/fr\/#organization"},"potentialAction":[{"@type":"SearchAction","target":{"@type":"EntryPoint","urlTemplate":"https:\/\/www.pressenza.com\/fr\/?s={search_term_string}"},"query-input":{"@type":"PropertyValueSpecification","valueRequired":true,"valueName":"search_term_string"}}],"inLanguage":"fr-FR"},{"@type":"Organization","@id":"https:\/\/www.pressenza.com\/fr\/#organization","name":"Pressenza","url":"https:\/\/www.pressenza.com\/fr\/","logo":{"@type":"ImageObject","inLanguage":"fr-FR","@id":"https:\/\/www.pressenza.com\/fr\/#\/schema\/logo\/image\/","url":"https:\/\/www.pressenza.com\/wp-content\/uploads\/2022\/10\/pressenza_logo_200x200.jpg","contentUrl":"https:\/\/www.pressenza.com\/wp-content\/uploads\/2022\/10\/pressenza_logo_200x200.jpg","width":200,"height":200,"caption":"Pressenza"},"image":{"@id":"https:\/\/www.pressenza.com\/fr\/#\/schema\/logo\/image\/"},"sameAs":["https:\/\/www.facebook.com\/PressenzaItalia","https:\/\/x.com\/PressenzaIPA"]},{"@type":"Person","@id":"https:\/\/www.pressenza.com\/fr\/#\/schema\/person\/f353f6d4eed144101dedba60e6227564","name":"Javier Tolcachier","description":"Javier Tolcachier is a researcher from the World Centre of Humanist Studies, an organism of the Humanist Movement. Mail: javiertolcachier@disroot.org Twitter: @jtolcachier","sameAs":["https:\/\/www.facebook.com\/javier.tolcachier?fref=ts","https:\/\/x.com\/jtolcachier"],"url":"https:\/\/www.pressenza.com\/fr\/author\/javier-tolcachier\/"}]}},"place":"","original_article_url":"","_links":{"self":[{"href":"https:\/\/www.pressenza.com\/fr\/wp-json\/wp\/v2\/posts\/1668554","targetHints":{"allow":["GET"]}}],"collection":[{"href":"https:\/\/www.pressenza.com\/fr\/wp-json\/wp\/v2\/posts"}],"about":[{"href":"https:\/\/www.pressenza.com\/fr\/wp-json\/wp\/v2\/types\/post"}],"author":[{"embeddable":true,"href":"https:\/\/www.pressenza.com\/fr\/wp-json\/wp\/v2\/users\/970"}],"replies":[{"embeddable":true,"href":"https:\/\/www.pressenza.com\/fr\/wp-json\/wp\/v2\/comments?post=1668554"}],"version-history":[{"count":0,"href":"https:\/\/www.pressenza.com\/fr\/wp-json\/wp\/v2\/posts\/1668554\/revisions"}],"wp:featuredmedia":[{"embeddable":true,"href":"https:\/\/www.pressenza.com\/fr\/wp-json\/wp\/v2\/media\/117331"}],"wp:attachment":[{"href":"https:\/\/www.pressenza.com\/fr\/wp-json\/wp\/v2\/media?parent=1668554"}],"wp:term":[{"taxonomy":"category","embeddable":true,"href":"https:\/\/www.pressenza.com\/fr\/wp-json\/wp\/v2\/categories?post=1668554"},{"taxonomy":"post_tag","embeddable":true,"href":"https:\/\/www.pressenza.com\/fr\/wp-json\/wp\/v2\/tags?post=1668554"}],"curies":[{"name":"wp","href":"https:\/\/api.w.org\/{rel}","templated":true}]}}