{"id":1659894,"date":"2022-09-16T14:44:44","date_gmt":"2022-09-16T13:44:44","guid":{"rendered":"https:\/\/www.pressenza.com\/?p=1659894"},"modified":"2022-09-17T07:54:31","modified_gmt":"2022-09-17T06:54:31","slug":"etre-au-bon-endroit-une-reflexion-personnelle-apres-le-meurtre-de-willy-monteiro-duarte","status":"publish","type":"post","link":"https:\/\/www.pressenza.com\/fr\/2022\/09\/etre-au-bon-endroit-une-reflexion-personnelle-apres-le-meurtre-de-willy-monteiro-duarte\/","title":{"rendered":"\u00catre au bon endroit. Une r\u00e9flexion personnelle apr\u00e8s le meurtre de Willy Monteiro Duarte"},"content":{"rendered":"<p>Dans la nuit du 5 au 6 septembre de 2020, un gar\u00e7on mince et courageux de 21 ans, Willy Monteiro Duarte, a \u00e9t\u00e9 battu \u00e0 mort \u00e0 coups de pied par quatre autres gar\u00e7ons beaucoup plus forts physiquement que lui, \u00e2g\u00e9s de 21 \u00e0 26 ans, \u00e0 Colleferro, une ville de 21 000 habitants situ\u00e9e dans la banlieue de Rome. Willy Monteiro Duarte \u00e9tait intervenu pour d\u00e9fendre un de ses amis contre un passage \u00e0 tabac.<\/p>\n<p>J&rsquo;ai lu plusieurs articles et publications qui, s&rsquo;apitoyant sur le gar\u00e7on qui a \u00e9t\u00e9 tu\u00e9,\u00a0 racontent qu&rsquo;il \u00e9tait \u00ab au mauvais endroit au mauvais moment \u00bb. Cette d\u00e9claration m&rsquo;a choqu\u00e9 et m&rsquo;a donn\u00e9 \u00e0 r\u00e9fl\u00e9chir. Je trouve cela trompeur et dangereux. Trompeur, car il sugg\u00e8re que le probl\u00e8me est qu&rsquo;il \u00e9tait l\u00e0, et non ce qui se passait l\u00e0 o\u00f9 il \u00e9tait. Dangereux, car cela semble signifier dire aux personnes qui lisent que dans de telles situations, la meilleure chose \u00e0 faire est de \u00ab changer de place \u00bb. Je pense que cela ouvre un point important de r\u00e9flexion.<\/p>\n<p>O\u00f9 choisissons-nous d&rsquo;\u00eatre, quelle \u00ab place \u00bb choisissons-nous d&rsquo;occuper, face \u00e0 la violence ? Quelle est la bonne place, quelle est la mauvaise place, \u00e0 occuper face \u00e0 la violence lorsqu&rsquo;elle se manifeste de mani\u00e8re contingente et structurelle ? Willy Monteiro Duarte a courageusement d\u00e9cid\u00e9 de passer d&rsquo;un endroit s\u00fbr, loin des coups, \u00e0 un endroit beaucoup moins s\u00fbr, au milieu de la foule violente, pour d\u00e9fendre son ami. Il voulait r\u00e9duire la place, l&rsquo;espace disponible pour cette violence aveugle, immotiv\u00e9e et destructrice, qui ne laissait probablement pas de temps pour d&rsquo;autres strat\u00e9gies. Pour cela, il n&rsquo;avait que son corps mince, qu&rsquo;il a utilis\u00e9. Vous n&rsquo;avez pas besoin de savoir qu&rsquo;un passage \u00e0 tabac par quatre hommes bien muscl\u00e9s repr\u00e9sente un risque r\u00e9el pour votre propre s\u00e9curit\u00e9. Et pourtant, c&rsquo;est la position qu&rsquo;il occupait. Il est plausible d&rsquo;imaginer qu&rsquo;\u00e0 sa place, s&rsquo;il n&rsquo;\u00e9tait pas intervenu, son ami se serait retrouv\u00e9 l\u00e0. Pour cette raison, <strong>je pense que d\u00e9finir la place qu&rsquo;il a intentionnellement occup\u00e9e comme \u00ab mauvaise \u00bb est \u00e9thiquement et socialement tr\u00e8s erron\u00e9.<\/strong><\/p>\n<p>Dans une soci\u00e9t\u00e9 qui exalte la violence, qui la met sous les feux de la rampe jusqu&rsquo;\u00e0 ce qu&rsquo;elle soit assimil\u00e9e par nos consciences comme normale, in\u00e9vitable, voire\u00a0 acceptable, il devient difficile de saisir ce qui \u00e9tait vraiment au \u00ab mauvais endroit \u00bb. Cela devrait nous faire r\u00e9fl\u00e9chir : quel espace, et combien, est laiss\u00e9 au culte de la violence ? Ici, le mot culte semble particuli\u00e8rement appropri\u00e9, \u00e9tant donn\u00e9 l&rsquo;activit\u00e9 de \u00ab body-building \u00bb des gar\u00e7ons qui ont\u00a0 donn\u00e9 les coups et perp\u00e9tr\u00e9 le meurtre. Des corps renforc\u00e9s, fortifi\u00e9s, entra\u00een\u00e9s quotidiennement pour correspondre \u00e0 l&rsquo;image de la force brute, violente, agressive, machiste qui est exalt\u00e9e dans le mod\u00e8le dominant de nos soci\u00e9t\u00e9s. Des corps qui grandissent pour accabler, pour \u00e9craser l&rsquo;autre. Un mod\u00e8le violent qui trouve sa place, trouve de l&rsquo;espace et, plus inqui\u00e9tant encore, trouve la reconnaissance. Un mod\u00e8le auquel, en revanche, il faut enlever de la place, jour apr\u00e8s jour, quartier apr\u00e8s quartier, \u00e9cole apr\u00e8s \u00e9cole, pour faire place \u00e0 une culture de la non-violence qui exalte des qualit\u00e9s diam\u00e9tralement oppos\u00e9es \u00e0 celles qui sont exalt\u00e9es aujourd&rsquo;hui chez les personnes, dans les relations individuelles et sociales. Une culture qui \u00e9duquerait d\u00e8s le plus jeune \u00e2ge \u00e0 savoir discerner, \u00e9motionnellement et intellectuellement, entre ce qui est \u00e0 la bonne place et ce qui est \u00e0 la mauvaise place selon un syst\u00e8me de r\u00e9f\u00e9rence interne et moral qui a pour noyau la valeur de l&rsquo;Autre, sa libert\u00e9 et sa dignit\u00e9.<\/p>\n<p>Willy Monteiro Duarte \u00e9tait au bon endroit. Les amis qui sont venus le chercher et ont essay\u00e9 de le sauver \u00e9taient au bon endroit. Ce qui \u00e9tait d\u00e9plac\u00e9, c&rsquo;\u00e9tait la violence homicide et hallucinatoire qui le submergeait. R\u00e9trospectivement, j&rsquo;aurais personnellement souhait\u00e9 qu&rsquo;il ait choisi un autre endroit \u00e0 ce moment-l\u00e0, mais je me rends compte que si nous choisissons toujours de laisser la violence par peur des cons\u00e9quences, elle se r\u00e9pandrait pour occuper tout l&rsquo;espace disponible. Ainsi, prendre la place n\u00e9cessaire, lorsque la violence survient, est un acte de profond courage. C&rsquo;est un choix qui ne peut \u00eatre \u00e9valu\u00e9 a posteriori, car il doit parfois \u00eatre fait sans pouvoir en calculer toutes les cons\u00e9quences. Et lorsqu&rsquo;au contraire les cons\u00e9quences sont concevables, comme dans le cas de Willy, et que dans tous les cas ce choix est maintenu, et que dans tous les cas cette place est occup\u00e9e, alors cela devient un choix totalement humanisant et r\u00e9volutionnaire. La place occup\u00e9e par Willy Monteiro Duarte est la place occup\u00e9e par des milliers d&rsquo;activistes, ainsi que d&rsquo;autres citoyens, chaque jour dans tous les coins de la plan\u00e8te. C&rsquo;est la place occup\u00e9e par Julio Andr\u00e9s Pineda D\u00edaz, militant hondurien de l&rsquo;organisation internationale Monde Sans Guerres et Sans Violence, brutalement assassin\u00e9 il y a quelques jours en raison de l&rsquo;espace qu&rsquo;il occupait face \u00e0 la violence dans son pays. La place occup\u00e9e par les femmes de l&rsquo;Administration Autonome du Nord-Est de la Syrie (plus connue sous le nom de Rojava) qui s&rsquo;opposent \u00e0 la violence oppressive de divers fronts anti-humains, qui veulent emp\u00eacher le d\u00e9veloppement d&rsquo;exp\u00e9riences pleinement d\u00e9mocratiques, r\u00e9volutionnaires, libres et innovantes. La place occup\u00e9e par ceux qui naviguent sur la M\u00e9diterran\u00e9e pour offrir humanit\u00e9, secours et espoir \u00e0 ceux qui migrent. La place occup\u00e9e par ceux qui portent un regard humanisant sur l&rsquo;Autre, sur les derniers, sur tous ceux qui ne trouvent pas de place dans le r\u00e9cit \u00e9gocentrique et auto-c\u00e9l\u00e9bratif qui domine aujourd&rsquo;hui. La place occup\u00e9e par ceux qui s&rsquo;adressent \u00e0 l&rsquo;Autre avec bont\u00e9 et consid\u00e9ration dans un monde qui veut, au contraire, que nous soyons oppos\u00e9s, m\u00e9fiants, distants.<\/p>\n<p>La place que nous, humanistes, occupons chaque jour, aspirant \u00e0 construire une r\u00e9alit\u00e9 non-violente, o\u00f9 l&rsquo;\u00catre humain est v\u00e9ritablement la valeur centrale, reconnaissant le droit d&rsquo;opposer une r\u00e9sistance ad\u00e9quate \u00e0 toute forme de violence qui nous affecte, aussi bien face \u00e0 ceux qui nous proches de nous que face \u00e0 ceux qui sont plus \u00e9loign\u00e9s sur cette plan\u00e8te.<\/p>\n<p>C&rsquo;est le lieu que nous choisissons intentionnellement. Le lieu que nous d\u00e9fendrons, bien qu&rsquo;encore en minorit\u00e9 apparente, sachant que nous devons opposer \u00e0 la violence cultuelle du syst\u00e8me notre force r\u00e9solue, \u00e9quilibr\u00e9e, po\u00e9tique et humanisante. Cette force qui se nourrit du sentiment que nous ne sommes pas seuls \u00e0 occuper cet espace. Cette force qui se nourrit chaque fois que nous ne bougeons pas, que nous ne renon\u00e7ons pas \u00e0 \u00eatre au bon endroit, au bon moment, r\u00e9duisant l&rsquo;espace donn\u00e9 \u00e0 la violence \u00e0 l&rsquo;ext\u00e9rieur de nous et en nous. Cette force qui veut construire, qui ne cherche pas de martyrs, qui trace inexorablement le chemin vers l&rsquo;\u00catre humain du futur et qui r\u00e9sonne dans le c\u0153ur de ceux qui peuvent d\u00e9j\u00e0 imaginer ce futur, le ressentir avec une profonde \u00e9motion, malgr\u00e9 toutes les difficult\u00e9s personnelles. Elle r\u00e9sonne dans le c\u0153ur de ceux qui peuvent voir cet avenir esquiss\u00e9 dans les yeux doux et brillants d&rsquo;un gar\u00e7on de 21 ans au corps mince et au c\u0153ur g\u00e9ant dans un village aux abords de Rome.<\/p>\n","protected":false},"excerpt":{"rendered":"<p>Dans la nuit du 5 au 6 septembre de 2020, un gar\u00e7on mince et courageux de 21 ans, Willy Monteiro Duarte, a \u00e9t\u00e9 battu \u00e0 mort \u00e0 coups de pied par quatre autres gar\u00e7ons beaucoup plus forts physiquement que lui,&hellip;<\/p>\n","protected":false},"author":1915,"featured_media":1191753,"comment_status":"closed","ping_status":"closed","sticky":false,"template":"","format":"standard","meta":{"footnotes":""},"categories":[11386,85,1246,40,163],"tags":[79974,39851,28903,265,61361,269,105637],"class_list":["post-1659894","post","type-post","status-publish","format-standard","has-post-thumbnail","hentry","category-contenu-original","category-europe-fr","category-humanisme-spiritualite","category-international-fr","category-opinion-fr","tag-courage","tag-humanisation","tag-non-violence","tag-nonviolence","tag-rome-fr","tag-violence","tag-willy-monteiro-duarte-fr"],"yoast_head":"<!-- This site is optimized with the Yoast SEO plugin v27.1.1 - https:\/\/yoast.com\/product\/yoast-seo-wordpress\/ -->\n<title>\u00catre au bon endroit. Une r\u00e9flexion personnelle apr\u00e8s le meurtre de Willy Monteiro Duarte<\/title>\n<meta name=\"description\" content=\"Dans la nuit du 5 au 6 septembre de 2020, un gar\u00e7on mince et courageux de 21 ans, Willy Monteiro Duarte, a \u00e9t\u00e9 battu \u00e0 mort \u00e0 coups de pied par quatre\" \/>\n<meta name=\"robots\" content=\"index, follow, max-snippet:-1, max-image-preview:large, max-video-preview:-1\" \/>\n<link rel=\"canonical\" href=\"https:\/\/www.pressenza.com\/fr\/2022\/09\/etre-au-bon-endroit-une-reflexion-personnelle-apres-le-meurtre-de-willy-monteiro-duarte\/\" \/>\n<meta property=\"og:locale\" content=\"fr_FR\" \/>\n<meta property=\"og:type\" content=\"article\" \/>\n<meta property=\"og:title\" content=\"\u00catre au bon endroit. Une r\u00e9flexion personnelle apr\u00e8s le meurtre de Willy Monteiro Duarte\" \/>\n<meta property=\"og:description\" content=\"Dans la nuit du 5 au 6 septembre de 2020, un gar\u00e7on mince et courageux de 21 ans, Willy Monteiro Duarte, a \u00e9t\u00e9 battu \u00e0 mort \u00e0 coups de pied par quatre\" \/>\n<meta property=\"og:url\" content=\"https:\/\/www.pressenza.com\/fr\/2022\/09\/etre-au-bon-endroit-une-reflexion-personnelle-apres-le-meurtre-de-willy-monteiro-duarte\/\" \/>\n<meta property=\"og:site_name\" content=\"Pressenza\" \/>\n<meta property=\"article:publisher\" content=\"https:\/\/www.facebook.com\/PressenzaItalia\" \/>\n<meta property=\"article:published_time\" content=\"2022-09-16T13:44:44+00:00\" \/>\n<meta property=\"article:modified_time\" content=\"2022-09-17T06:54:31+00:00\" \/>\n<meta property=\"og:image\" content=\"https:\/\/www.pressenza.com\/wp-content\/uploads\/2020\/09\/Willy-Monteiro-Duarte-Facebook.jpg\" \/>\n\t<meta property=\"og:image:width\" content=\"800\" \/>\n\t<meta property=\"og:image:height\" content=\"419\" \/>\n\t<meta property=\"og:image:type\" content=\"image\/jpeg\" \/>\n<meta name=\"author\" content=\"Edoardo Calizza\" \/>\n<meta name=\"twitter:card\" content=\"summary_large_image\" \/>\n<meta name=\"twitter:creator\" content=\"@PressenzaIPA\" \/>\n<meta name=\"twitter:site\" content=\"@PressenzaIPA\" \/>\n<meta name=\"twitter:label1\" content=\"\u00c9crit par\" \/>\n\t<meta name=\"twitter:data1\" content=\"Edoardo Calizza\" \/>\n\t<meta name=\"twitter:label2\" content=\"Dur\u00e9e de lecture estim\u00e9e\" \/>\n\t<meta name=\"twitter:data2\" content=\"6 minutes\" \/>\n<script type=\"application\/ld+json\" class=\"yoast-schema-graph\">{\"@context\":\"https:\/\/schema.org\",\"@graph\":[{\"@type\":\"Article\",\"@id\":\"https:\/\/www.pressenza.com\/fr\/2022\/09\/etre-au-bon-endroit-une-reflexion-personnelle-apres-le-meurtre-de-willy-monteiro-duarte\/#article\",\"isPartOf\":{\"@id\":\"https:\/\/www.pressenza.com\/fr\/2022\/09\/etre-au-bon-endroit-une-reflexion-personnelle-apres-le-meurtre-de-willy-monteiro-duarte\/\"},\"author\":{\"name\":\"Edoardo Calizza\",\"@id\":\"https:\/\/www.pressenza.com\/fr\/#\/schema\/person\/37111b46498fc3d43de072101954d7ed\"},\"headline\":\"\u00catre au bon endroit. Une r\u00e9flexion personnelle apr\u00e8s le meurtre de Willy Monteiro Duarte\",\"datePublished\":\"2022-09-16T13:44:44+00:00\",\"dateModified\":\"2022-09-17T06:54:31+00:00\",\"mainEntityOfPage\":{\"@id\":\"https:\/\/www.pressenza.com\/fr\/2022\/09\/etre-au-bon-endroit-une-reflexion-personnelle-apres-le-meurtre-de-willy-monteiro-duarte\/\"},\"wordCount\":1295,\"publisher\":{\"@id\":\"https:\/\/www.pressenza.com\/fr\/#organization\"},\"image\":{\"@id\":\"https:\/\/www.pressenza.com\/fr\/2022\/09\/etre-au-bon-endroit-une-reflexion-personnelle-apres-le-meurtre-de-willy-monteiro-duarte\/#primaryimage\"},\"thumbnailUrl\":\"https:\/\/www.pressenza.com\/wp-content\/uploads\/2020\/09\/Willy-Monteiro-Duarte-Facebook.jpg\",\"keywords\":[\"courage\",\"humanisation\",\"non-violence\",\"nonviolence\",\"Rome\",\"violence\",\"Willy Monteiro Duarte\"],\"articleSection\":[\"Contenu Original\",\"Europe\",\"Humanisme et Spiritualit\u00e9\",\"International\",\"Opinion\"],\"inLanguage\":\"fr-FR\"},{\"@type\":\"WebPage\",\"@id\":\"https:\/\/www.pressenza.com\/fr\/2022\/09\/etre-au-bon-endroit-une-reflexion-personnelle-apres-le-meurtre-de-willy-monteiro-duarte\/\",\"url\":\"https:\/\/www.pressenza.com\/fr\/2022\/09\/etre-au-bon-endroit-une-reflexion-personnelle-apres-le-meurtre-de-willy-monteiro-duarte\/\",\"name\":\"\u00catre au bon endroit. Une r\u00e9flexion personnelle apr\u00e8s le meurtre de Willy Monteiro Duarte\",\"isPartOf\":{\"@id\":\"https:\/\/www.pressenza.com\/fr\/#website\"},\"primaryImageOfPage\":{\"@id\":\"https:\/\/www.pressenza.com\/fr\/2022\/09\/etre-au-bon-endroit-une-reflexion-personnelle-apres-le-meurtre-de-willy-monteiro-duarte\/#primaryimage\"},\"image\":{\"@id\":\"https:\/\/www.pressenza.com\/fr\/2022\/09\/etre-au-bon-endroit-une-reflexion-personnelle-apres-le-meurtre-de-willy-monteiro-duarte\/#primaryimage\"},\"thumbnailUrl\":\"https:\/\/www.pressenza.com\/wp-content\/uploads\/2020\/09\/Willy-Monteiro-Duarte-Facebook.jpg\",\"datePublished\":\"2022-09-16T13:44:44+00:00\",\"dateModified\":\"2022-09-17T06:54:31+00:00\",\"description\":\"Dans la nuit du 5 au 6 septembre de 2020, un gar\u00e7on mince et courageux de 21 ans, Willy Monteiro Duarte, a \u00e9t\u00e9 battu \u00e0 mort \u00e0 coups de pied par quatre\",\"breadcrumb\":{\"@id\":\"https:\/\/www.pressenza.com\/fr\/2022\/09\/etre-au-bon-endroit-une-reflexion-personnelle-apres-le-meurtre-de-willy-monteiro-duarte\/#breadcrumb\"},\"inLanguage\":\"fr-FR\",\"potentialAction\":[{\"@type\":\"ReadAction\",\"target\":[\"https:\/\/www.pressenza.com\/fr\/2022\/09\/etre-au-bon-endroit-une-reflexion-personnelle-apres-le-meurtre-de-willy-monteiro-duarte\/\"]}]},{\"@type\":\"ImageObject\",\"inLanguage\":\"fr-FR\",\"@id\":\"https:\/\/www.pressenza.com\/fr\/2022\/09\/etre-au-bon-endroit-une-reflexion-personnelle-apres-le-meurtre-de-willy-monteiro-duarte\/#primaryimage\",\"url\":\"https:\/\/www.pressenza.com\/wp-content\/uploads\/2020\/09\/Willy-Monteiro-Duarte-Facebook.jpg\",\"contentUrl\":\"https:\/\/www.pressenza.com\/wp-content\/uploads\/2020\/09\/Willy-Monteiro-Duarte-Facebook.jpg\",\"width\":800,\"height\":419},{\"@type\":\"BreadcrumbList\",\"@id\":\"https:\/\/www.pressenza.com\/fr\/2022\/09\/etre-au-bon-endroit-une-reflexion-personnelle-apres-le-meurtre-de-willy-monteiro-duarte\/#breadcrumb\",\"itemListElement\":[{\"@type\":\"ListItem\",\"position\":1,\"name\":\"Accueil\",\"item\":\"https:\/\/www.pressenza.com\/fr\/\"},{\"@type\":\"ListItem\",\"position\":2,\"name\":\"\u00catre au bon endroit. Une r\u00e9flexion personnelle apr\u00e8s le meurtre de Willy Monteiro Duarte\"}]},{\"@type\":\"WebSite\",\"@id\":\"https:\/\/www.pressenza.com\/fr\/#website\",\"url\":\"https:\/\/www.pressenza.com\/fr\/\",\"name\":\"Pressenza\",\"description\":\"International Press Agency\",\"publisher\":{\"@id\":\"https:\/\/www.pressenza.com\/fr\/#organization\"},\"potentialAction\":[{\"@type\":\"SearchAction\",\"target\":{\"@type\":\"EntryPoint\",\"urlTemplate\":\"https:\/\/www.pressenza.com\/fr\/?s={search_term_string}\"},\"query-input\":{\"@type\":\"PropertyValueSpecification\",\"valueRequired\":true,\"valueName\":\"search_term_string\"}}],\"inLanguage\":\"fr-FR\"},{\"@type\":\"Organization\",\"@id\":\"https:\/\/www.pressenza.com\/fr\/#organization\",\"name\":\"Pressenza\",\"url\":\"https:\/\/www.pressenza.com\/fr\/\",\"logo\":{\"@type\":\"ImageObject\",\"inLanguage\":\"fr-FR\",\"@id\":\"https:\/\/www.pressenza.com\/fr\/#\/schema\/logo\/image\/\",\"url\":\"https:\/\/www.pressenza.com\/wp-content\/uploads\/2022\/10\/pressenza_logo_200x200.jpg\",\"contentUrl\":\"https:\/\/www.pressenza.com\/wp-content\/uploads\/2022\/10\/pressenza_logo_200x200.jpg\",\"width\":200,\"height\":200,\"caption\":\"Pressenza\"},\"image\":{\"@id\":\"https:\/\/www.pressenza.com\/fr\/#\/schema\/logo\/image\/\"},\"sameAs\":[\"https:\/\/www.facebook.com\/PressenzaItalia\",\"https:\/\/x.com\/PressenzaIPA\"]},{\"@type\":\"Person\",\"@id\":\"https:\/\/www.pressenza.com\/fr\/#\/schema\/person\/37111b46498fc3d43de072101954d7ed\",\"name\":\"Edoardo Calizza\",\"description\":\"Nato nel 1983, membro del Movimento Umanista e volontario dell\u2019Associazione Energia per i Diritti Umani dal 2004, di quest\u2019ultima attualmente ricopre la carica di Vicepresidente. Nell\u2019Associazione si occupa di attivit\u00e0 sui temi di \u201cNonviolenza e multiculturalit\u00e0\u201d e \u201cDiritti di genere\u201d ed \u00e8 responsabile, insieme ad altri, della formazione dei nuovi volontari e volontarie. Di professione Ricercatore e Professore aggregato di Ecologia alla Sapienza Universit\u00e0 di Roma, si occupa di studiare come sono fatti e come funzionano gli ecosistemi, e come i cambiamenti prodotti dall\u2019uomo sull\u2019ambiente li influenzino. Le sue ricerche trovano applicazione nella conservazione della biodiversit\u00e0, la gestione sostenibile delle risorse e il monitoraggio ambientale.\",\"url\":\"https:\/\/www.pressenza.com\/fr\/author\/edoardo-calizza\/\"}]}<\/script>\n<!-- \/ Yoast SEO plugin. -->","yoast_head_json":{"title":"\u00catre au bon endroit. Une r\u00e9flexion personnelle apr\u00e8s le meurtre de Willy Monteiro Duarte","description":"Dans la nuit du 5 au 6 septembre de 2020, un gar\u00e7on mince et courageux de 21 ans, Willy Monteiro Duarte, a \u00e9t\u00e9 battu \u00e0 mort \u00e0 coups de pied par quatre","robots":{"index":"index","follow":"follow","max-snippet":"max-snippet:-1","max-image-preview":"max-image-preview:large","max-video-preview":"max-video-preview:-1"},"canonical":"https:\/\/www.pressenza.com\/fr\/2022\/09\/etre-au-bon-endroit-une-reflexion-personnelle-apres-le-meurtre-de-willy-monteiro-duarte\/","og_locale":"fr_FR","og_type":"article","og_title":"\u00catre au bon endroit. Une r\u00e9flexion personnelle apr\u00e8s le meurtre de Willy Monteiro Duarte","og_description":"Dans la nuit du 5 au 6 septembre de 2020, un gar\u00e7on mince et courageux de 21 ans, Willy Monteiro Duarte, a \u00e9t\u00e9 battu \u00e0 mort \u00e0 coups de pied par quatre","og_url":"https:\/\/www.pressenza.com\/fr\/2022\/09\/etre-au-bon-endroit-une-reflexion-personnelle-apres-le-meurtre-de-willy-monteiro-duarte\/","og_site_name":"Pressenza","article_publisher":"https:\/\/www.facebook.com\/PressenzaItalia","article_published_time":"2022-09-16T13:44:44+00:00","article_modified_time":"2022-09-17T06:54:31+00:00","og_image":[{"width":800,"height":419,"url":"https:\/\/www.pressenza.com\/wp-content\/uploads\/2020\/09\/Willy-Monteiro-Duarte-Facebook.jpg","type":"image\/jpeg"}],"author":"Edoardo Calizza","twitter_card":"summary_large_image","twitter_creator":"@PressenzaIPA","twitter_site":"@PressenzaIPA","twitter_misc":{"\u00c9crit par":"Edoardo Calizza","Dur\u00e9e de lecture estim\u00e9e":"6 minutes"},"schema":{"@context":"https:\/\/schema.org","@graph":[{"@type":"Article","@id":"https:\/\/www.pressenza.com\/fr\/2022\/09\/etre-au-bon-endroit-une-reflexion-personnelle-apres-le-meurtre-de-willy-monteiro-duarte\/#article","isPartOf":{"@id":"https:\/\/www.pressenza.com\/fr\/2022\/09\/etre-au-bon-endroit-une-reflexion-personnelle-apres-le-meurtre-de-willy-monteiro-duarte\/"},"author":{"name":"Edoardo Calizza","@id":"https:\/\/www.pressenza.com\/fr\/#\/schema\/person\/37111b46498fc3d43de072101954d7ed"},"headline":"\u00catre au bon endroit. Une r\u00e9flexion personnelle apr\u00e8s le meurtre de Willy Monteiro Duarte","datePublished":"2022-09-16T13:44:44+00:00","dateModified":"2022-09-17T06:54:31+00:00","mainEntityOfPage":{"@id":"https:\/\/www.pressenza.com\/fr\/2022\/09\/etre-au-bon-endroit-une-reflexion-personnelle-apres-le-meurtre-de-willy-monteiro-duarte\/"},"wordCount":1295,"publisher":{"@id":"https:\/\/www.pressenza.com\/fr\/#organization"},"image":{"@id":"https:\/\/www.pressenza.com\/fr\/2022\/09\/etre-au-bon-endroit-une-reflexion-personnelle-apres-le-meurtre-de-willy-monteiro-duarte\/#primaryimage"},"thumbnailUrl":"https:\/\/www.pressenza.com\/wp-content\/uploads\/2020\/09\/Willy-Monteiro-Duarte-Facebook.jpg","keywords":["courage","humanisation","non-violence","nonviolence","Rome","violence","Willy Monteiro Duarte"],"articleSection":["Contenu Original","Europe","Humanisme et Spiritualit\u00e9","International","Opinion"],"inLanguage":"fr-FR"},{"@type":"WebPage","@id":"https:\/\/www.pressenza.com\/fr\/2022\/09\/etre-au-bon-endroit-une-reflexion-personnelle-apres-le-meurtre-de-willy-monteiro-duarte\/","url":"https:\/\/www.pressenza.com\/fr\/2022\/09\/etre-au-bon-endroit-une-reflexion-personnelle-apres-le-meurtre-de-willy-monteiro-duarte\/","name":"\u00catre au bon endroit. Une r\u00e9flexion personnelle apr\u00e8s le meurtre de Willy Monteiro Duarte","isPartOf":{"@id":"https:\/\/www.pressenza.com\/fr\/#website"},"primaryImageOfPage":{"@id":"https:\/\/www.pressenza.com\/fr\/2022\/09\/etre-au-bon-endroit-une-reflexion-personnelle-apres-le-meurtre-de-willy-monteiro-duarte\/#primaryimage"},"image":{"@id":"https:\/\/www.pressenza.com\/fr\/2022\/09\/etre-au-bon-endroit-une-reflexion-personnelle-apres-le-meurtre-de-willy-monteiro-duarte\/#primaryimage"},"thumbnailUrl":"https:\/\/www.pressenza.com\/wp-content\/uploads\/2020\/09\/Willy-Monteiro-Duarte-Facebook.jpg","datePublished":"2022-09-16T13:44:44+00:00","dateModified":"2022-09-17T06:54:31+00:00","description":"Dans la nuit du 5 au 6 septembre de 2020, un gar\u00e7on mince et courageux de 21 ans, Willy Monteiro Duarte, a \u00e9t\u00e9 battu \u00e0 mort \u00e0 coups de pied par quatre","breadcrumb":{"@id":"https:\/\/www.pressenza.com\/fr\/2022\/09\/etre-au-bon-endroit-une-reflexion-personnelle-apres-le-meurtre-de-willy-monteiro-duarte\/#breadcrumb"},"inLanguage":"fr-FR","potentialAction":[{"@type":"ReadAction","target":["https:\/\/www.pressenza.com\/fr\/2022\/09\/etre-au-bon-endroit-une-reflexion-personnelle-apres-le-meurtre-de-willy-monteiro-duarte\/"]}]},{"@type":"ImageObject","inLanguage":"fr-FR","@id":"https:\/\/www.pressenza.com\/fr\/2022\/09\/etre-au-bon-endroit-une-reflexion-personnelle-apres-le-meurtre-de-willy-monteiro-duarte\/#primaryimage","url":"https:\/\/www.pressenza.com\/wp-content\/uploads\/2020\/09\/Willy-Monteiro-Duarte-Facebook.jpg","contentUrl":"https:\/\/www.pressenza.com\/wp-content\/uploads\/2020\/09\/Willy-Monteiro-Duarte-Facebook.jpg","width":800,"height":419},{"@type":"BreadcrumbList","@id":"https:\/\/www.pressenza.com\/fr\/2022\/09\/etre-au-bon-endroit-une-reflexion-personnelle-apres-le-meurtre-de-willy-monteiro-duarte\/#breadcrumb","itemListElement":[{"@type":"ListItem","position":1,"name":"Accueil","item":"https:\/\/www.pressenza.com\/fr\/"},{"@type":"ListItem","position":2,"name":"\u00catre au bon endroit. Une r\u00e9flexion personnelle apr\u00e8s le meurtre de Willy Monteiro Duarte"}]},{"@type":"WebSite","@id":"https:\/\/www.pressenza.com\/fr\/#website","url":"https:\/\/www.pressenza.com\/fr\/","name":"Pressenza","description":"International Press Agency","publisher":{"@id":"https:\/\/www.pressenza.com\/fr\/#organization"},"potentialAction":[{"@type":"SearchAction","target":{"@type":"EntryPoint","urlTemplate":"https:\/\/www.pressenza.com\/fr\/?s={search_term_string}"},"query-input":{"@type":"PropertyValueSpecification","valueRequired":true,"valueName":"search_term_string"}}],"inLanguage":"fr-FR"},{"@type":"Organization","@id":"https:\/\/www.pressenza.com\/fr\/#organization","name":"Pressenza","url":"https:\/\/www.pressenza.com\/fr\/","logo":{"@type":"ImageObject","inLanguage":"fr-FR","@id":"https:\/\/www.pressenza.com\/fr\/#\/schema\/logo\/image\/","url":"https:\/\/www.pressenza.com\/wp-content\/uploads\/2022\/10\/pressenza_logo_200x200.jpg","contentUrl":"https:\/\/www.pressenza.com\/wp-content\/uploads\/2022\/10\/pressenza_logo_200x200.jpg","width":200,"height":200,"caption":"Pressenza"},"image":{"@id":"https:\/\/www.pressenza.com\/fr\/#\/schema\/logo\/image\/"},"sameAs":["https:\/\/www.facebook.com\/PressenzaItalia","https:\/\/x.com\/PressenzaIPA"]},{"@type":"Person","@id":"https:\/\/www.pressenza.com\/fr\/#\/schema\/person\/37111b46498fc3d43de072101954d7ed","name":"Edoardo Calizza","description":"Nato nel 1983, membro del Movimento Umanista e volontario dell\u2019Associazione Energia per i Diritti Umani dal 2004, di quest\u2019ultima attualmente ricopre la carica di Vicepresidente. Nell\u2019Associazione si occupa di attivit\u00e0 sui temi di \u201cNonviolenza e multiculturalit\u00e0\u201d e \u201cDiritti di genere\u201d ed \u00e8 responsabile, insieme ad altri, della formazione dei nuovi volontari e volontarie. Di professione Ricercatore e Professore aggregato di Ecologia alla Sapienza Universit\u00e0 di Roma, si occupa di studiare come sono fatti e come funzionano gli ecosistemi, e come i cambiamenti prodotti dall\u2019uomo sull\u2019ambiente li influenzino. Le sue ricerche trovano applicazione nella conservazione della biodiversit\u00e0, la gestione sostenibile delle risorse e il monitoraggio ambientale.","url":"https:\/\/www.pressenza.com\/fr\/author\/edoardo-calizza\/"}]}},"place":"Roma, Italie","original_article_url":"","_links":{"self":[{"href":"https:\/\/www.pressenza.com\/fr\/wp-json\/wp\/v2\/posts\/1659894","targetHints":{"allow":["GET"]}}],"collection":[{"href":"https:\/\/www.pressenza.com\/fr\/wp-json\/wp\/v2\/posts"}],"about":[{"href":"https:\/\/www.pressenza.com\/fr\/wp-json\/wp\/v2\/types\/post"}],"author":[{"embeddable":true,"href":"https:\/\/www.pressenza.com\/fr\/wp-json\/wp\/v2\/users\/1915"}],"replies":[{"embeddable":true,"href":"https:\/\/www.pressenza.com\/fr\/wp-json\/wp\/v2\/comments?post=1659894"}],"version-history":[{"count":0,"href":"https:\/\/www.pressenza.com\/fr\/wp-json\/wp\/v2\/posts\/1659894\/revisions"}],"wp:featuredmedia":[{"embeddable":true,"href":"https:\/\/www.pressenza.com\/fr\/wp-json\/wp\/v2\/media\/1191753"}],"wp:attachment":[{"href":"https:\/\/www.pressenza.com\/fr\/wp-json\/wp\/v2\/media?parent=1659894"}],"wp:term":[{"taxonomy":"category","embeddable":true,"href":"https:\/\/www.pressenza.com\/fr\/wp-json\/wp\/v2\/categories?post=1659894"},{"taxonomy":"post_tag","embeddable":true,"href":"https:\/\/www.pressenza.com\/fr\/wp-json\/wp\/v2\/tags?post=1659894"}],"curies":[{"name":"wp","href":"https:\/\/api.w.org\/{rel}","templated":true}]}}