{"id":164207,"date":"2015-02-17T22:09:03","date_gmt":"2015-02-17T22:09:03","guid":{"rendered":"http:\/\/www.pressenza.com\/?p=164207"},"modified":"2015-02-17T22:09:03","modified_gmt":"2015-02-17T22:09:03","slug":"nelson-mandela-un-premier-pas-vers-la-liberte","status":"publish","type":"post","link":"https:\/\/www.pressenza.com\/fr\/2015\/02\/nelson-mandela-un-premier-pas-vers-la-liberte\/","title":{"rendered":"Nelson Mandela : un premier pas vers la libert\u00e9"},"content":{"rendered":"<div class=\"bulle10\">\n<p class=\"abcdzE\"><em>Comment agir ou r\u00e9agir en ces heures troubles o\u00f9 la violence semble omnipr\u00e9sente ? Les cha\u00eenes ne sont pas toujours celles que l\u2019on croit\u2026 Nelson Mandela, qui a souffert l\u2019univers carc\u00e9ral de nombreuses ann\u00e9es, nous rappelait d\u00e9j\u00e0 l\u2019importance de semer l\u2019amour et la bienveillance. Souvenons-nous.<\/em><\/p>\n<\/div>\n<div class=\"bulle30 padMagdesc\">\u00ab J\u2019ai toujours su qu\u2019au plus profond du c\u0153ur de l\u2019homme r\u00e9sidaient la mis\u00e9ricorde et la g\u00e9n\u00e9rosit\u00e9. Personne ne na\u00eet ha\u00efssant une autre personne \u00e0 cause de la couleur de sa peau, ou de son pass\u00e9, ou de sa religion. Les gens doivent apprendre \u00e0 ha\u00efr, et s\u2019ils peuvent apprendre \u00e0 ha\u00efr, on peut leur enseigner aussi \u00e0 aimer, car l\u2019amour na\u00eet plus naturellement dans le c\u0153ur de l\u2019homme que son contraire.<\/div>\n<div class=\"bulle20\" align=\"justify\">\nM\u00eame aux pires moments de la prison, quand mes camarades et moi \u00e9tions \u00e0 bout, j\u2019ai toujours aper\u00e7u une lueur\u2028 d\u2019humanit\u00e9 chez un des gardiens, pendant une seconde peut-\u00eatre, mais cela suffisait \u00e0 me rassurer et \u00e0 me\u2028 permettre de continuer. \u2028La bont\u00e9 de l\u2019homme est une flamme qu\u2019on peut cacher, mais qu\u2019on ne peut jamais \u00e9teindre. Un homme qui prive \u2028un autre homme de sa libert\u00e9 est prisonnier de la haine, il est enferm\u00e9 derri\u00e8re les barreaux des pr\u00e9jug\u00e9s et de \u2028l\u2019\u00e9troitesse d\u2019esprit. Je ne suis pas vraiment libre si je prive quelqu\u2019un d\u2019autre de sa libert\u00e9, tout comme je ne suis \u2028pas libre si l\u2019on me prive de ma libert\u00e9.<\/p>\n<p>L\u2019opprim\u00e9 et l\u2019oppresseur sont tous deux d\u00e9poss\u00e9d\u00e9s de leur humanit\u00e9. Quand j\u2019ai franchi les portes de la prison,\u2028 telle \u00e9tait ma mission : lib\u00e9rer \u00e0 la fois l\u2019opprim\u00e9 et l\u2019oppresseur. Certains disent que ce but est atteint. Mais je sais \u2028que ce n\u2019est pas le cas.<\/p><\/div>\n<blockquote>\n<div class=\"bulle20\" align=\"justify\"><em>La v\u00e9rit\u00e9, c\u2019est que nous ne sommes pas encore libres ; nous avons seulement atteint la\u2028 libert\u00e9 d\u2019\u00eatre libres, le droit de ne pas \u00eatre opprim\u00e9s.\u2028 <\/em><\/div>\n<\/blockquote>\n<div class=\"bulle20\" align=\"justify\">Nous n\u2019avons pas encore fait le dernier pas de notre voyage, nous n\u2019avons fait que le premier sur une route plus \u2028longue et difficile. Car \u00eatre libre ce n\u2019est pas seulement se d\u00e9barrasser de ses cha\u00eenes ; c\u2019est vivre d\u2019une fa\u00e7on qui\u2028 respecte et renforce la libert\u00e9 des autres. La v\u00e9ritable \u00e9preuve pour notre attachement \u00e0 la libert\u00e9 vient de \u2028commencer \u00bb.<\/div>\n<div class=\"bulle20\" align=\"justify\">.<\/div>\n<div class=\"bulle20\" align=\"justify\"><a href=\"http:\/\/www.inrees.com\/articles\/nelson-mandela-premier-pas-liberte\/\">http:\/\/www.inrees.com\/articles\/nelson-mandela-premier-pas-liberte\/<\/a><\/div>\n","protected":false},"excerpt":{"rendered":"<p>Comment agir ou r\u00e9agir en ces heures troubles o\u00f9 la violence semble omnipr\u00e9sente ? Les cha\u00eenes ne sont pas toujours celles que l\u2019on croit\u2026 Nelson Mandela, qui a souffert l\u2019univers carc\u00e9ral de nombreuses ann\u00e9es, nous rappelait d\u00e9j\u00e0 l\u2019importance de semer&hellip;<\/p>\n","protected":false},"author":1142,"featured_media":164211,"comment_status":"closed","ping_status":"open","sticky":false,"template":"","format":"standard","meta":{"footnotes":""},"categories":[1246,163],"tags":[8258,8122],"class_list":["post-164207","post","type-post","status-publish","format-standard","has-post-thumbnail","hentry","category-humanisme-spiritualite","category-opinion-fr","tag-liberte","tag-nelson-mandela-fr"],"yoast_head":"<!-- This site is optimized with the Yoast SEO plugin v27.1.1 - https:\/\/yoast.com\/product\/yoast-seo-wordpress\/ -->\n<title>Nelson Mandela : un premier pas vers la libert\u00e9<\/title>\n<meta name=\"description\" content=\"Comment agir ou r\u00e9agir en ces heures troubles o\u00f9 la violence semble omnipr\u00e9sente ? Les cha\u00eenes ne sont pas toujours celles que l\u2019on croit\u2026 Nelson Mandela,\" \/>\n<meta name=\"robots\" content=\"index, follow, max-snippet:-1, max-image-preview:large, max-video-preview:-1\" \/>\n<link rel=\"canonical\" href=\"https:\/\/www.pressenza.com\/fr\/2015\/02\/nelson-mandela-un-premier-pas-vers-la-liberte\/\" \/>\n<meta property=\"og:locale\" content=\"fr_FR\" \/>\n<meta property=\"og:type\" content=\"article\" \/>\n<meta property=\"og:title\" content=\"Nelson Mandela : un premier pas vers la libert\u00e9\" \/>\n<meta property=\"og:description\" content=\"Comment agir ou r\u00e9agir en ces heures troubles o\u00f9 la violence semble omnipr\u00e9sente ? Les cha\u00eenes ne sont pas toujours celles que l\u2019on croit\u2026 Nelson Mandela,\" \/>\n<meta property=\"og:url\" content=\"https:\/\/www.pressenza.com\/fr\/2015\/02\/nelson-mandela-un-premier-pas-vers-la-liberte\/\" \/>\n<meta property=\"og:site_name\" content=\"Pressenza\" \/>\n<meta property=\"article:publisher\" content=\"https:\/\/www.facebook.com\/PressenzaItalia\" \/>\n<meta property=\"article:author\" content=\"https:\/\/www.facebook.com\/INREES-135097866516826\/\" \/>\n<meta property=\"article:published_time\" content=\"2015-02-17T22:09:03+00:00\" \/>\n<meta property=\"og:image\" content=\"https:\/\/www.pressenza.com\/wp-content\/uploads\/2015\/02\/Nelson-Mandela-un-premier-pas-vers-la-libert--.jpg\" \/>\n\t<meta property=\"og:image:width\" content=\"677\" \/>\n\t<meta property=\"og:image:height\" content=\"451\" \/>\n\t<meta property=\"og:image:type\" content=\"image\/jpeg\" \/>\n<meta name=\"author\" content=\"INREES - Institut de Recherche sur les Exp\u00e9riences Extraordinaires\" \/>\n<meta name=\"twitter:card\" content=\"summary_large_image\" \/>\n<meta name=\"twitter:creator\" content=\"@INREES\" \/>\n<meta name=\"twitter:site\" content=\"@PressenzaIPA\" \/>\n<meta name=\"twitter:label1\" content=\"\u00c9crit par\" \/>\n\t<meta name=\"twitter:data1\" content=\"INREES - Institut de Recherche sur les Exp\u00e9riences Extraordinaires\" \/>\n\t<meta name=\"twitter:label2\" content=\"Dur\u00e9e de lecture estim\u00e9e\" \/>\n\t<meta name=\"twitter:data2\" content=\"2 minutes\" \/>\n<script type=\"application\/ld+json\" class=\"yoast-schema-graph\">{\"@context\":\"https:\/\/schema.org\",\"@graph\":[{\"@type\":\"Article\",\"@id\":\"https:\/\/www.pressenza.com\/fr\/2015\/02\/nelson-mandela-un-premier-pas-vers-la-liberte\/#article\",\"isPartOf\":{\"@id\":\"https:\/\/www.pressenza.com\/fr\/2015\/02\/nelson-mandela-un-premier-pas-vers-la-liberte\/\"},\"author\":{\"name\":\"INREES - Institut de Recherche sur les Exp\u00e9riences Extraordinaires\",\"@id\":\"https:\/\/www.pressenza.com\/fr\/#\/schema\/person\/ed412555e0d02523a5d1502d2a3d47d6\"},\"headline\":\"Nelson Mandela : un premier pas vers la libert\u00e9\",\"datePublished\":\"2015-02-17T22:09:03+00:00\",\"mainEntityOfPage\":{\"@id\":\"https:\/\/www.pressenza.com\/fr\/2015\/02\/nelson-mandela-un-premier-pas-vers-la-liberte\/\"},\"wordCount\":428,\"publisher\":{\"@id\":\"https:\/\/www.pressenza.com\/fr\/#organization\"},\"image\":{\"@id\":\"https:\/\/www.pressenza.com\/fr\/2015\/02\/nelson-mandela-un-premier-pas-vers-la-liberte\/#primaryimage\"},\"thumbnailUrl\":\"https:\/\/www.pressenza.com\/wp-content\/uploads\/2015\/02\/Nelson-Mandela-un-premier-pas-vers-la-libert--.jpg\",\"keywords\":[\"libert\u00e9\",\"Nelson Mandela\"],\"articleSection\":[\"Humanisme et Spiritualit\u00e9\",\"Opinion\"],\"inLanguage\":\"fr-FR\"},{\"@type\":\"WebPage\",\"@id\":\"https:\/\/www.pressenza.com\/fr\/2015\/02\/nelson-mandela-un-premier-pas-vers-la-liberte\/\",\"url\":\"https:\/\/www.pressenza.com\/fr\/2015\/02\/nelson-mandela-un-premier-pas-vers-la-liberte\/\",\"name\":\"Nelson Mandela : un premier pas vers la libert\u00e9\",\"isPartOf\":{\"@id\":\"https:\/\/www.pressenza.com\/fr\/#website\"},\"primaryImageOfPage\":{\"@id\":\"https:\/\/www.pressenza.com\/fr\/2015\/02\/nelson-mandela-un-premier-pas-vers-la-liberte\/#primaryimage\"},\"image\":{\"@id\":\"https:\/\/www.pressenza.com\/fr\/2015\/02\/nelson-mandela-un-premier-pas-vers-la-liberte\/#primaryimage\"},\"thumbnailUrl\":\"https:\/\/www.pressenza.com\/wp-content\/uploads\/2015\/02\/Nelson-Mandela-un-premier-pas-vers-la-libert--.jpg\",\"datePublished\":\"2015-02-17T22:09:03+00:00\",\"description\":\"Comment agir ou r\u00e9agir en ces heures troubles o\u00f9 la violence semble omnipr\u00e9sente ? Les cha\u00eenes ne sont pas toujours celles que l\u2019on croit\u2026 Nelson Mandela,\",\"breadcrumb\":{\"@id\":\"https:\/\/www.pressenza.com\/fr\/2015\/02\/nelson-mandela-un-premier-pas-vers-la-liberte\/#breadcrumb\"},\"inLanguage\":\"fr-FR\",\"potentialAction\":[{\"@type\":\"ReadAction\",\"target\":[\"https:\/\/www.pressenza.com\/fr\/2015\/02\/nelson-mandela-un-premier-pas-vers-la-liberte\/\"]}]},{\"@type\":\"ImageObject\",\"inLanguage\":\"fr-FR\",\"@id\":\"https:\/\/www.pressenza.com\/fr\/2015\/02\/nelson-mandela-un-premier-pas-vers-la-liberte\/#primaryimage\",\"url\":\"https:\/\/www.pressenza.com\/wp-content\/uploads\/2015\/02\/Nelson-Mandela-un-premier-pas-vers-la-libert--.jpg\",\"contentUrl\":\"https:\/\/www.pressenza.com\/wp-content\/uploads\/2015\/02\/Nelson-Mandela-un-premier-pas-vers-la-libert--.jpg\",\"width\":677,\"height\":451},{\"@type\":\"BreadcrumbList\",\"@id\":\"https:\/\/www.pressenza.com\/fr\/2015\/02\/nelson-mandela-un-premier-pas-vers-la-liberte\/#breadcrumb\",\"itemListElement\":[{\"@type\":\"ListItem\",\"position\":1,\"name\":\"Accueil\",\"item\":\"https:\/\/www.pressenza.com\/fr\/\"},{\"@type\":\"ListItem\",\"position\":2,\"name\":\"Nelson Mandela : un premier pas vers la libert\u00e9\"}]},{\"@type\":\"WebSite\",\"@id\":\"https:\/\/www.pressenza.com\/fr\/#website\",\"url\":\"https:\/\/www.pressenza.com\/fr\/\",\"name\":\"Pressenza\",\"description\":\"International Press Agency\",\"publisher\":{\"@id\":\"https:\/\/www.pressenza.com\/fr\/#organization\"},\"potentialAction\":[{\"@type\":\"SearchAction\",\"target\":{\"@type\":\"EntryPoint\",\"urlTemplate\":\"https:\/\/www.pressenza.com\/fr\/?s={search_term_string}\"},\"query-input\":{\"@type\":\"PropertyValueSpecification\",\"valueRequired\":true,\"valueName\":\"search_term_string\"}}],\"inLanguage\":\"fr-FR\"},{\"@type\":\"Organization\",\"@id\":\"https:\/\/www.pressenza.com\/fr\/#organization\",\"name\":\"Pressenza\",\"url\":\"https:\/\/www.pressenza.com\/fr\/\",\"logo\":{\"@type\":\"ImageObject\",\"inLanguage\":\"fr-FR\",\"@id\":\"https:\/\/www.pressenza.com\/fr\/#\/schema\/logo\/image\/\",\"url\":\"https:\/\/www.pressenza.com\/wp-content\/uploads\/2022\/10\/pressenza_logo_200x200.jpg\",\"contentUrl\":\"https:\/\/www.pressenza.com\/wp-content\/uploads\/2022\/10\/pressenza_logo_200x200.jpg\",\"width\":200,\"height\":200,\"caption\":\"Pressenza\"},\"image\":{\"@id\":\"https:\/\/www.pressenza.com\/fr\/#\/schema\/logo\/image\/\"},\"sameAs\":[\"https:\/\/www.facebook.com\/PressenzaItalia\",\"https:\/\/x.com\/PressenzaIPA\"]},{\"@type\":\"Person\",\"@id\":\"https:\/\/www.pressenza.com\/fr\/#\/schema\/person\/ed412555e0d02523a5d1502d2a3d47d6\",\"name\":\"INREES - Institut de Recherche sur les Exp\u00e9riences Extraordinaires\",\"description\":\"L\u2019INREES - Institut de Recherche sur les Exp\u00e9riences Extraordinaires - est n\u00e9 du constat suivant : il est possible de s\u2019int\u00e9resser \u00e0 ces exp\u00e9riences que nous n\u2019arrivons pas \u00e0 expliquer et que nous qualifions d\u2019extraordinaires, voir de \u00ab surnaturelles \u00bb, tout en conservant les deux pieds sur terre. Pour cela l\u2019INREES s\u2019appuie sur un questionnement scientifique rigoureux tout en gardant \u00e0 l\u2019esprit, comme le soulignent d\u2019ailleurs les scientifiques eux-m\u00eames, que les connaissances que nous poss\u00e9dons sur la nature de la r\u00e9alit\u00e9 sont limit\u00e9es. www.inrees.com\",\"sameAs\":[\"https:\/\/www.inrees.com\/\",\"https:\/\/www.facebook.com\/INREES-135097866516826\/\",\"https:\/\/x.com\/INREES\"],\"url\":\"https:\/\/www.pressenza.com\/fr\/author\/inrees\/\"}]}<\/script>\n<!-- \/ Yoast SEO plugin. -->","yoast_head_json":{"title":"Nelson Mandela : un premier pas vers la libert\u00e9","description":"Comment agir ou r\u00e9agir en ces heures troubles o\u00f9 la violence semble omnipr\u00e9sente ? Les cha\u00eenes ne sont pas toujours celles que l\u2019on croit\u2026 Nelson Mandela,","robots":{"index":"index","follow":"follow","max-snippet":"max-snippet:-1","max-image-preview":"max-image-preview:large","max-video-preview":"max-video-preview:-1"},"canonical":"https:\/\/www.pressenza.com\/fr\/2015\/02\/nelson-mandela-un-premier-pas-vers-la-liberte\/","og_locale":"fr_FR","og_type":"article","og_title":"Nelson Mandela : un premier pas vers la libert\u00e9","og_description":"Comment agir ou r\u00e9agir en ces heures troubles o\u00f9 la violence semble omnipr\u00e9sente ? Les cha\u00eenes ne sont pas toujours celles que l\u2019on croit\u2026 Nelson Mandela,","og_url":"https:\/\/www.pressenza.com\/fr\/2015\/02\/nelson-mandela-un-premier-pas-vers-la-liberte\/","og_site_name":"Pressenza","article_publisher":"https:\/\/www.facebook.com\/PressenzaItalia","article_author":"https:\/\/www.facebook.com\/INREES-135097866516826\/","article_published_time":"2015-02-17T22:09:03+00:00","og_image":[{"width":677,"height":451,"url":"https:\/\/www.pressenza.com\/wp-content\/uploads\/2015\/02\/Nelson-Mandela-un-premier-pas-vers-la-libert--.jpg","type":"image\/jpeg"}],"author":"INREES - Institut de Recherche sur les Exp\u00e9riences Extraordinaires","twitter_card":"summary_large_image","twitter_creator":"@INREES","twitter_site":"@PressenzaIPA","twitter_misc":{"\u00c9crit par":"INREES - Institut de Recherche sur les Exp\u00e9riences Extraordinaires","Dur\u00e9e de lecture estim\u00e9e":"2 minutes"},"schema":{"@context":"https:\/\/schema.org","@graph":[{"@type":"Article","@id":"https:\/\/www.pressenza.com\/fr\/2015\/02\/nelson-mandela-un-premier-pas-vers-la-liberte\/#article","isPartOf":{"@id":"https:\/\/www.pressenza.com\/fr\/2015\/02\/nelson-mandela-un-premier-pas-vers-la-liberte\/"},"author":{"name":"INREES - Institut de Recherche sur les Exp\u00e9riences Extraordinaires","@id":"https:\/\/www.pressenza.com\/fr\/#\/schema\/person\/ed412555e0d02523a5d1502d2a3d47d6"},"headline":"Nelson Mandela : un premier pas vers la libert\u00e9","datePublished":"2015-02-17T22:09:03+00:00","mainEntityOfPage":{"@id":"https:\/\/www.pressenza.com\/fr\/2015\/02\/nelson-mandela-un-premier-pas-vers-la-liberte\/"},"wordCount":428,"publisher":{"@id":"https:\/\/www.pressenza.com\/fr\/#organization"},"image":{"@id":"https:\/\/www.pressenza.com\/fr\/2015\/02\/nelson-mandela-un-premier-pas-vers-la-liberte\/#primaryimage"},"thumbnailUrl":"https:\/\/www.pressenza.com\/wp-content\/uploads\/2015\/02\/Nelson-Mandela-un-premier-pas-vers-la-libert--.jpg","keywords":["libert\u00e9","Nelson Mandela"],"articleSection":["Humanisme et Spiritualit\u00e9","Opinion"],"inLanguage":"fr-FR"},{"@type":"WebPage","@id":"https:\/\/www.pressenza.com\/fr\/2015\/02\/nelson-mandela-un-premier-pas-vers-la-liberte\/","url":"https:\/\/www.pressenza.com\/fr\/2015\/02\/nelson-mandela-un-premier-pas-vers-la-liberte\/","name":"Nelson Mandela : un premier pas vers la libert\u00e9","isPartOf":{"@id":"https:\/\/www.pressenza.com\/fr\/#website"},"primaryImageOfPage":{"@id":"https:\/\/www.pressenza.com\/fr\/2015\/02\/nelson-mandela-un-premier-pas-vers-la-liberte\/#primaryimage"},"image":{"@id":"https:\/\/www.pressenza.com\/fr\/2015\/02\/nelson-mandela-un-premier-pas-vers-la-liberte\/#primaryimage"},"thumbnailUrl":"https:\/\/www.pressenza.com\/wp-content\/uploads\/2015\/02\/Nelson-Mandela-un-premier-pas-vers-la-libert--.jpg","datePublished":"2015-02-17T22:09:03+00:00","description":"Comment agir ou r\u00e9agir en ces heures troubles o\u00f9 la violence semble omnipr\u00e9sente ? Les cha\u00eenes ne sont pas toujours celles que l\u2019on croit\u2026 Nelson Mandela,","breadcrumb":{"@id":"https:\/\/www.pressenza.com\/fr\/2015\/02\/nelson-mandela-un-premier-pas-vers-la-liberte\/#breadcrumb"},"inLanguage":"fr-FR","potentialAction":[{"@type":"ReadAction","target":["https:\/\/www.pressenza.com\/fr\/2015\/02\/nelson-mandela-un-premier-pas-vers-la-liberte\/"]}]},{"@type":"ImageObject","inLanguage":"fr-FR","@id":"https:\/\/www.pressenza.com\/fr\/2015\/02\/nelson-mandela-un-premier-pas-vers-la-liberte\/#primaryimage","url":"https:\/\/www.pressenza.com\/wp-content\/uploads\/2015\/02\/Nelson-Mandela-un-premier-pas-vers-la-libert--.jpg","contentUrl":"https:\/\/www.pressenza.com\/wp-content\/uploads\/2015\/02\/Nelson-Mandela-un-premier-pas-vers-la-libert--.jpg","width":677,"height":451},{"@type":"BreadcrumbList","@id":"https:\/\/www.pressenza.com\/fr\/2015\/02\/nelson-mandela-un-premier-pas-vers-la-liberte\/#breadcrumb","itemListElement":[{"@type":"ListItem","position":1,"name":"Accueil","item":"https:\/\/www.pressenza.com\/fr\/"},{"@type":"ListItem","position":2,"name":"Nelson Mandela : un premier pas vers la libert\u00e9"}]},{"@type":"WebSite","@id":"https:\/\/www.pressenza.com\/fr\/#website","url":"https:\/\/www.pressenza.com\/fr\/","name":"Pressenza","description":"International Press Agency","publisher":{"@id":"https:\/\/www.pressenza.com\/fr\/#organization"},"potentialAction":[{"@type":"SearchAction","target":{"@type":"EntryPoint","urlTemplate":"https:\/\/www.pressenza.com\/fr\/?s={search_term_string}"},"query-input":{"@type":"PropertyValueSpecification","valueRequired":true,"valueName":"search_term_string"}}],"inLanguage":"fr-FR"},{"@type":"Organization","@id":"https:\/\/www.pressenza.com\/fr\/#organization","name":"Pressenza","url":"https:\/\/www.pressenza.com\/fr\/","logo":{"@type":"ImageObject","inLanguage":"fr-FR","@id":"https:\/\/www.pressenza.com\/fr\/#\/schema\/logo\/image\/","url":"https:\/\/www.pressenza.com\/wp-content\/uploads\/2022\/10\/pressenza_logo_200x200.jpg","contentUrl":"https:\/\/www.pressenza.com\/wp-content\/uploads\/2022\/10\/pressenza_logo_200x200.jpg","width":200,"height":200,"caption":"Pressenza"},"image":{"@id":"https:\/\/www.pressenza.com\/fr\/#\/schema\/logo\/image\/"},"sameAs":["https:\/\/www.facebook.com\/PressenzaItalia","https:\/\/x.com\/PressenzaIPA"]},{"@type":"Person","@id":"https:\/\/www.pressenza.com\/fr\/#\/schema\/person\/ed412555e0d02523a5d1502d2a3d47d6","name":"INREES - Institut de Recherche sur les Exp\u00e9riences Extraordinaires","description":"L\u2019INREES - Institut de Recherche sur les Exp\u00e9riences Extraordinaires - est n\u00e9 du constat suivant : il est possible de s\u2019int\u00e9resser \u00e0 ces exp\u00e9riences que nous n\u2019arrivons pas \u00e0 expliquer et que nous qualifions d\u2019extraordinaires, voir de \u00ab surnaturelles \u00bb, tout en conservant les deux pieds sur terre. Pour cela l\u2019INREES s\u2019appuie sur un questionnement scientifique rigoureux tout en gardant \u00e0 l\u2019esprit, comme le soulignent d\u2019ailleurs les scientifiques eux-m\u00eames, que les connaissances que nous poss\u00e9dons sur la nature de la r\u00e9alit\u00e9 sont limit\u00e9es. www.inrees.com","sameAs":["https:\/\/www.inrees.com\/","https:\/\/www.facebook.com\/INREES-135097866516826\/","https:\/\/x.com\/INREES"],"url":"https:\/\/www.pressenza.com\/fr\/author\/inrees\/"}]}},"place":"","original_article_url":"http:\/\/www.inrees.com\/articles\/nelson-mandela-premier-pas-liberte\/","_links":{"self":[{"href":"https:\/\/www.pressenza.com\/fr\/wp-json\/wp\/v2\/posts\/164207","targetHints":{"allow":["GET"]}}],"collection":[{"href":"https:\/\/www.pressenza.com\/fr\/wp-json\/wp\/v2\/posts"}],"about":[{"href":"https:\/\/www.pressenza.com\/fr\/wp-json\/wp\/v2\/types\/post"}],"author":[{"embeddable":true,"href":"https:\/\/www.pressenza.com\/fr\/wp-json\/wp\/v2\/users\/1142"}],"replies":[{"embeddable":true,"href":"https:\/\/www.pressenza.com\/fr\/wp-json\/wp\/v2\/comments?post=164207"}],"version-history":[{"count":0,"href":"https:\/\/www.pressenza.com\/fr\/wp-json\/wp\/v2\/posts\/164207\/revisions"}],"wp:featuredmedia":[{"embeddable":true,"href":"https:\/\/www.pressenza.com\/fr\/wp-json\/wp\/v2\/media\/164211"}],"wp:attachment":[{"href":"https:\/\/www.pressenza.com\/fr\/wp-json\/wp\/v2\/media?parent=164207"}],"wp:term":[{"taxonomy":"category","embeddable":true,"href":"https:\/\/www.pressenza.com\/fr\/wp-json\/wp\/v2\/categories?post=164207"},{"taxonomy":"post_tag","embeddable":true,"href":"https:\/\/www.pressenza.com\/fr\/wp-json\/wp\/v2\/tags?post=164207"}],"curies":[{"name":"wp","href":"https:\/\/api.w.org\/{rel}","templated":true}]}}