{"id":1631287,"date":"2022-07-29T15:06:12","date_gmt":"2022-07-29T14:06:12","guid":{"rendered":"https:\/\/www.pressenza.com\/?p=1631287"},"modified":"2022-07-29T19:00:58","modified_gmt":"2022-07-29T18:00:58","slug":"entretien-avec-roberto-savio-les-journaux-se-concentrent-de-plus-en-plus-sur-les-evenements-et-abandonnent-les-processus","status":"publish","type":"post","link":"https:\/\/www.pressenza.com\/fr\/2022\/07\/entretien-avec-roberto-savio-les-journaux-se-concentrent-de-plus-en-plus-sur-les-evenements-et-abandonnent-les-processus\/","title":{"rendered":"Entretien avec Roberto Savio : \u00ab\u00a0Les journaux se concentrent de plus en plus sur les \u00e9v\u00e9nements et abandonnent les processus\u00a0\u00bb"},"content":{"rendered":"<p><em>Le journaliste italo-argentin, directeur de l&rsquo;agence Other News, est une r\u00e9f\u00e9rence pour les \u00e9tudes sur l&rsquo;actualit\u00e9 internationale.<\/em><\/p>\n<p><strong>Par Sebasti\u00e1n Do Rosario et Federico Larsen<\/strong><\/p>\n<p><strong>Depuis des ann\u00e9es, les relations de la Russie avec l&rsquo;UE et les \u00c9tats-Unis sont l&rsquo;une des principales sources de conflit dans les m\u00e9dias. Washington et Bruxelles accusent Moscou de manipulation et de d\u00e9sinformation et, apr\u00e8s l&rsquo;invasion de l&rsquo;Ukraine, ont d\u00e9cid\u00e9 de fermer leurs m\u00e9dias aux entreprises russes. Que pensez-vous de la fa\u00e7on dont cette question a \u00e9t\u00e9 trait\u00e9e et quelles r\u00e9percussions cela pourrait-il avoir sur la gestion des m\u00e9dias, en particulier des m\u00e9dias non conventionnels, tels que IPS ou Other News ?<\/strong><\/p>\n<blockquote><p>L&rsquo;information a toujours \u00e9t\u00e9 utilis\u00e9e par le pouvoir, tant \u00e9conomique que politique. L&rsquo;information est, par d\u00e9finition, descendante. Celui qui la transmet, que ce soit sous forme imprim\u00e9e dans les journaux et les magazines, ou sous forme \u00e9lectronique \u00e0 la radio et \u00e0 la t\u00e9l\u00e9vision, l&rsquo;envoie \u00e0 un public qui ne peut pas intervenir dans le processus.<\/p><\/blockquote>\n<p>C&rsquo;est pourquoi le pouvoir en place a toujours essay\u00e9 de l&rsquo;utiliser. L&rsquo;\u00e8re Gutenberg repr\u00e9sent\u00e9e par ce ph\u00e9nom\u00e8ne a dur\u00e9 six si\u00e8cles. La communication, qui est un ph\u00e9nom\u00e8ne plus r\u00e9cent et qui, jusqu&rsquo;\u00e0 pr\u00e9sent, n&rsquo;\u00e9tait possible qu&rsquo;avec l&rsquo;internet, est diff\u00e9rente. La communication est horizontale : je suis un r\u00e9cepteur, mais je peux aussi \u00eatre un \u00e9metteur. L\u00e0-bas, le pouvoir a beaucoup plus de pouvoir. Les m\u00e9dias qui informent se rapprochent de plus en plus du pouvoir ; ce ne sont plus des entreprises, et ils sont chaque ann\u00e9e de moins en moins puissants. Et la politique actuelle est de plus en plus orient\u00e9e vers les m\u00e9dias sociaux. L&rsquo;exemple le plus r\u00e9cent est celui de Trump. Tous les m\u00e9dias am\u00e9ricains tirent \u00e0 60 millions d&rsquo;exemplaires &#8211; 10 millions au total &#8211; mais Trump, avec Twitter, a 80 millions d&rsquo;adeptes et a compl\u00e8tement abandonn\u00e9 le contr\u00f4le des m\u00e9dias.<\/p>\n<blockquote><p>Il faut toutefois ajouter qu&rsquo;Internet a \u00e9t\u00e9 captur\u00e9 par le march\u00e9, ce qui a \u00e9limin\u00e9 l&rsquo;horizontalit\u00e9 que nous avions tous salu\u00e9e au d\u00e9but. Aujourd&rsquo;hui, nous sommes pass\u00e9s de l&rsquo;\u00e8re de Gutenberg \u00e0 celle de Zuckerberg, et nous, utilisateurs, sommes des donn\u00e9es, pas des personnes.<\/p><\/blockquote>\n<p>Ceci est d&rsquo;une grande importance pour les jeunes qui sont aujourd&rsquo;hui pris dans une confusion cr\u00e9\u00e9e verticalement, caus\u00e9e par les moteurs de recherche, qui divisent les utilisateurs en groupes d&rsquo;affinit\u00e9, \u00e9liminant ainsi le dialogue, car lorsqu&rsquo;une personne de la partie A rencontre une personne de la partie B, elles s&rsquo;affrontent, finissent par s&rsquo;insulter, sans \u00e9couter ni partager. Et les moteurs de recherche, pour garder l&rsquo;utilisateur, donnent la priorit\u00e9 \u00e0 ce qui g\u00e9n\u00e8re le plus d&rsquo;impact, de sorte que les nouvelles les plus \u00e9tranges finissent par \u00eatre prioritaires. L&rsquo;extr\u00eame polarisation des \u00c9tats-Unis n&rsquo;aurait pas \u00e9t\u00e9 possible sans les r\u00e9seaux sociaux.<\/p>\n<blockquote><p>Les journaux se concentrent de plus en plus sur les \u00e9v\u00e9nements et abandonnent les processus, et les relations internationales ne peuvent \u00eatre comprises sans analyser le processus par lequel les \u00e9v\u00e9nements se produisent. A Nairobi, en 1973, il y avait 75 correspondants \u00e9trangers ; aujourd\u2019hui il y en a trois.<\/p><\/blockquote>\n<p>Aucune t\u00e9l\u00e9vision europ\u00e9enne n&rsquo;a de correspondants en Afrique. Il est donc facile pour un gouvernement de d\u00e9cider d&rsquo;expulser des correspondants, mais il est presque impossible de fermer les r\u00e9seaux sociaux, m\u00eame si des gouvernements autocratiques tentent de le faire.<\/p>\n<p>C&rsquo;est pourquoi, l&rsquo;opinion publique russe conna\u00eet peu la r\u00e9alit\u00e9 de la guerre. Mais si quelqu&rsquo;un est d\u00e9termin\u00e9, il peut toujours trouver un moyen de contourner la censure, bien qu&rsquo;il s&rsquo;agisse d&rsquo;une comp\u00e9tence des jeunes, les personnes \u00e2g\u00e9es ne sont pas sur Internet et continuent \u00e0 s&rsquo;appuyer sur les m\u00e9dias traditionnels.<\/p>\n<p>En Italie, le principal quotidien, Il Corriere della Sera, a consacr\u00e9 \u00e0 l&rsquo;Ukraine un titre de neuf colonnes en premi\u00e8re page pendant quarante jours. Ensuite les vingt premi\u00e8res pages, \u00e9taient toutes consacr\u00e9es \u00e0 l&rsquo;Ukraine. Le reste du monde avait disparu. Et ce fut le cas pour la plupart des m\u00e9dias europ\u00e9ens. Ce n&rsquo;est qu&rsquo;avec les \u00e9lections fran\u00e7aises que les journaux ont \u00e9t\u00e9 contraints d&rsquo;accorder une place significative \u00e0 Macron et non \u00e0 Zelensky.<\/p>\n<p>\u00c0 cet \u00e9gard, les repr\u00e9sentants de la presse am\u00e9ricaine de qualit\u00e9, tels que le Washington Post, le New York Times et le Wall Street Journal, ont \u00e9t\u00e9 plus \u00e9quilibr\u00e9s. Bien s\u00fbr, plus la guerre se prolonge, plus la r\u00e9p\u00e9tition des \u00e9v\u00e9nements dans les m\u00e9dias sera insuffisante. Mais la presse europ\u00e9enne, tout comme l&rsquo;Europe elle-m\u00eame, s&rsquo;est rang\u00e9e du c\u00f4t\u00e9 de l&rsquo;OTAN, et sans trop d&rsquo;arguments. En Russie, bien s\u00fbr, la presse a \u00e9t\u00e9 un amplificateur du gouvernement. Les m\u00e9dias am\u00e9ricains, pour leur part, souvent en d\u00e9saccord avec le gouvernement sur les questions int\u00e9rieures et nationales, ont tendance \u00e0 soutenir la position officielle en mati\u00e8re de politique \u00e9trang\u00e8re. Des facteurs tels que l&rsquo;identit\u00e9 nationale, le nationalisme et l&rsquo;ignorance des r\u00e9alit\u00e9s internationales dans les salles de presse entrent en jeu.<\/p>\n<p>Il \u00e9tait surprenant de voir comment la presse europ\u00e9enne est devenue un m\u00e9gaphone pour les positions de l&rsquo;OTAN. Poutine a \u00e9t\u00e9 diabolis\u00e9 comme Hitler et Zelensky a \u00e9t\u00e9 encens\u00e9 comme un h\u00e9ros grec. Les Russes sont d\u00e9peints comme des barbares qui tuent Minos. Il n&rsquo;y a jamais eu d&rsquo;informations n\u00e9gatives concernant les Ukrainiens, alors qu&rsquo;en temps de guerre, la violence et les comportements r\u00e9pr\u00e9hensibles sont in\u00e9vitables et malheureusement tr\u00e8s g\u00e9n\u00e9ralis\u00e9s. C&rsquo;est comme si la guerre froide n&rsquo;avait jamais pris fin et que nous \u00e9tions pr\u00eats \u00e0 accepter une escalade qui peut se r\u00e9v\u00e9ler br\u00fblante.<\/p>\n<p>Le PIB s&rsquo;est r\u00e9duit, le co\u00fbt de la vie augmente, l&rsquo;inflation s&rsquo;accro\u00eet, et jusqu&rsquo;\u00e0 pr\u00e9sent, il n&rsquo;y a eu aucune r\u00e9action. C&rsquo;est vraiment surprenant. Pour OtherNews, qui est un service d&rsquo;information sur les questions mondiales, il s&rsquo;agissait d&rsquo;un d\u00e9fi tr\u00e8s complexe. OtherNews repr\u00e9sente un nouveau design. L&rsquo;id\u00e9e est que l&rsquo;association sans but lucratif appartienne aux lecteurs, qui peuvent devenir membres moyennant une modeste cotisation annuelle de 50 euros. Ils \u00e9lisent le conseil d&rsquo;administration et discutent de la ligne \u00e9ditoriale, garantissant ainsi une ind\u00e9pendance totale et une ligne pluraliste et inclusive. Il compte 12 000 lecteurs dans 82 pays du monde entier : universitaires, fonctionnaires internationaux, militants de la soci\u00e9t\u00e9 civile mondiale, etc.<\/p>\n<p><strong>Comment d\u00e9finiriez-vous le r\u00f4le des m\u00e9dias dans la couverture du conflit Ukraine-Russie ?<\/strong><\/p>\n<p>La guerre en Ukraine est une affaire exclusive du Nord global. Le Sud n&rsquo;est qu&rsquo;une victime de la hausse de l&rsquo;alimentation, de l&rsquo;\u00e9nergie et des transports. En Afrique, elle a atteint 45% de la population. Les articles du Nord sont critiqu\u00e9s par les lecteurs du Sud et vice versa. OtherNews a perdu pr\u00e8s de 300 lecteurs, presque tous originaires du Nord, pour avoir publi\u00e9 des articles critiquant ou remettant en cause la guerre. Je pense que ce clivage Nord-Sud va s&rsquo;accentuer avec l&rsquo;explosion du monde multipolaire, car les valeurs sur lesquelles reposait le multilat\u00e9ralisme sont en train de dispara\u00eetre. Un \u00ab\u00a0non-alignement actif\u00a0\u00bb pourrait \u00eatre recr\u00e9\u00e9, ce que la presse, europ\u00e9enne et am\u00e9ricaine peinera \u00e0 comprendre. L&rsquo;Occident continue de croire qu&rsquo;il est le centre du monde, les \u00c9tats-Unis en particulier.<\/p>\n<p>Mais aujourd&rsquo;hui, principalement en raison de la n\u00e9cessit\u00e9 de donner la priorit\u00e9 aux int\u00e9r\u00eats nationaux par rapport \u00e0 la coop\u00e9ration internationale, une voie ouverte par Reagan et Thatcher en 1981, nous sommes pass\u00e9s d&rsquo;un monde multilat\u00e9ral \u00e0 un monde multipolaire. Sous l&rsquo;\u00e8re Bush Jr., les n\u00e9o-conservateurs pr\u00eachaient l&rsquo;arriv\u00e9e d&rsquo;un si\u00e8cle am\u00e9ricain, les Etats-Unis devant rester la puissance dominante. Depuis lors, les \u00c9tats-Unis ont \u00e9chou\u00e9 dans tous les conflits dans lesquels ils ont \u00e9t\u00e9 impliqu\u00e9s, de l&rsquo;Irak \u00e0 l&rsquo;Afghanistan.<\/p>\n<blockquote><p>Et Trump a pouss\u00e9 la logique de la fin du multilat\u00e9ralisme \u00e0 l&rsquo;extr\u00eame, en conseillant \u00e0 tous les pays de faire passer leurs propres int\u00e9r\u00eats en priorit\u00e9. Le r\u00e9sultat aujourd&rsquo;hui est que le monde multipolaire ne repose pas sur l&rsquo;id\u00e9e d&rsquo;une coop\u00e9ration internationale pour la paix et le d\u00e9veloppement, mais sur la comp\u00e9tition la plus brutale.<\/p><\/blockquote>\n<p>Et Biden veut maintenant faire revivre le multilat\u00e9ralisme. Mais il est trop tard. Biden perdra les \u00e9lections de mi-mandat en novembre et deviendra un canard boiteux, avec un Congr\u00e8s de r\u00e9publicains trumpistes opposant leur veto \u00e0 tout. Et en 2024, il est probable que Trump revienne et que tout ce boom de l&rsquo;OTAN connaisse une crise profonde. Mais jusqu&rsquo;en novembre, si la guerre ne s&rsquo;intensifie pas et reste en l&rsquo;\u00e9tat, la presse europ\u00e9enne va essentiellement maintenir la menace de guerre.<\/p>\n<p><strong>Apr\u00e8s l&rsquo;invasion russe en Ukraine, l&rsquo;identit\u00e9 des blocs internationaux semble avoir \u00e9t\u00e9 reconfigur\u00e9e : d&rsquo;une part, les \u00c9tats-Unis et l&rsquo;Union europ\u00e9enne, qui d\u00e9fendent la tradition lib\u00e9rale, ont trac\u00e9 une ligne de d\u00e9marcation tr\u00e8s large, \u00e0 l&rsquo;int\u00e9rieur et \u00e0 l&rsquo;ext\u00e9rieur du pays, entre les \u00ab\u00a0pro-russes\u00a0\u00bb et les \u00ab\u00a0pro-d\u00e9mocratiques\u00a0\u00bb ; d&rsquo;autre part, la Russie, la Chine et leurs alli\u00e9s sont consid\u00e9r\u00e9s comme \u00a0\u00bb antilib\u00e9raux \u00ab\u00a0. Que pensez-vous de cette construction et que laisse-t-elle pr\u00e9sager pour l&rsquo;avenir ?<\/strong><\/p>\n<p>Cette vision d&rsquo;un monde divis\u00e9 en deux blocs, la Chine et la Russie d&rsquo;une part et les d\u00e9mocraties lib\u00e9rales, Europe et \u00c9tats-Unis d&rsquo;autre part, est une illusion facile \u00e0 percevoir. Dans ce monde multipolaire, les pays sont seuls. Un bon exemple en est la Turquie, qui fait partie de l&rsquo;OTAN, mais ne participe pas \u00e0 l&#8217;embargo contre la Russie et se trouve tr\u00e8s proche de la Chine. Ou l&rsquo;Inde, qui continue d&rsquo;acheter des armes russes, se trouve sur la nouvelle route de la soie de la Chine, mais ne veut pas avoir de probl\u00e8mes avec les \u00c9tats-Unis. L&rsquo;Indon\u00e9sie, qui a toujours \u00e9t\u00e9 un fid\u00e8le alli\u00e9 des \u00c9tats-Unis, maintient la participation de Poutine au prochain G20 malgr\u00e9 les protestations des \u00c9tats-Unis. Et aussi en Europe : la Hongrie et la Pologne d\u00e9fient ouvertement Bruxelles, se divisant en une Pologne pro-OTAN et une Hongrie pro-Russie. L&rsquo;Arabie saoudite, grand alli\u00e9 de Washington, ignore la demande de Biden d&rsquo;augmenter la production de p\u00e9trole, bien qu&rsquo;elle soit invit\u00e9e au sommet des pays d\u00e9mocratiques convoqu\u00e9 par Biden. Ce bloc homog\u00e8ne de pays lib\u00e9raux est un bon slogan marketing, mais il se d\u00e9sint\u00e8gre \u00e0 la moindre analyse.<\/p>\n<p><strong>Comment voyez-vous l&rsquo;impact de la polarisation politique int\u00e9rieure am\u00e9ricaine sur la sc\u00e8ne internationale ? Pourquoi ?<\/strong><\/p>\n<p>La guerre froide a \u00e9t\u00e9 une confrontation entre deux visions politiques et id\u00e9ologiques qui se sont affront\u00e9es dans une guerre de pouvoirs. Les \u00c9tats-Unis ne sont plus l&rsquo;Am\u00e9rique de Kennedy ni celle d&rsquo;Obama. C&rsquo;est un pays dans lequel la polarisation politique a atteint des extr\u00eames sans pr\u00e9c\u00e9dent. En 1980, 12 % des d\u00e9mocrates et 15 % des r\u00e9publicains ont d\u00e9clar\u00e9 au Pew Institute qu&rsquo;ils ne souhaitaient pas que leur fille \u00e9pouse un homme de l&rsquo;autre parti. Aujourd&rsquo;hui, c&rsquo;est 91% des d\u00e9mocrates et 96% des r\u00e9publicains. Et la Cour supr\u00eame fait d\u00e9j\u00e0 partie de cette polarisation.<\/p>\n<p>72% des r\u00e9publicains pensent que Trump a \u00e9t\u00e9 victime de fraude \u00e9lectorale. Et la foule qui a pris d&rsquo;assaut le Capitole est d\u00e9crite par le parti r\u00e9publicain comme une \u00ab\u00a0manifestation d&rsquo;opinion politique\u00a0\u00bb. Est-ce l\u00e0 le leader exemplaire de la lutte de la d\u00e9mocratie contre les dictateurs du monde ?<\/p>\n<blockquote><p>Et nous ne sommes qu&rsquo;au d\u00e9but d&rsquo;un processus de radicalisation. Les \u00c9tats de droite, avec le soutien de la Cour supr\u00eame, sont en train d&rsquo;interdire l&rsquo;avortement, de r\u00e9duire les protections sociales, de r\u00e9duire le pouvoir de vote des minorit\u00e9s et de modifier les manuels scolaires.<\/p><\/blockquote>\n<p>Avec le retour de Trump, ou du Trumpisme, dans deux ans, la coexistence entre les deux camps sera encore plus difficile, et peu de gens verront les \u00c9tats-Unis comme le phare du monde libre. Et cela n&rsquo;aura pas beaucoup d&rsquo;importance pour Trump non plus.<\/p>\n<p><strong>Quelles le\u00e7ons tirez-vous pour l&rsquo;Am\u00e9rique latine, tant sur le plan politique qu&rsquo;\u00e9conomique, apr\u00e8s les quatre ann\u00e9es de mandat de Donald Trump ? Et pour l&rsquo;Europe ?<\/strong><\/p>\n<p>Mon opinion est qu&rsquo;il y aura un grand chaos dans les relations internationales, avec une lutte de pouvoir croissante entre les \u00c9tats-Unis et la Chine, avec la Russie, que nous avons eu l&rsquo;intelligence de pousser dans les bras de P\u00e9kin. Bien s\u00fbr, cette lutte sera d\u00e9guis\u00e9e en quelque chose de politique, mais en r\u00e9alit\u00e9 il s&rsquo;agira d&rsquo;une pure lutte pour l&rsquo;h\u00e9g\u00e9monie \u00e9conomique et militaire. C&rsquo;est une lutte que les \u00c9tats-Unis ne peuvent pas gagner.<\/p>\n<p>Et la Chine est un pays autor\u00e9f\u00e9rentiel qui n&rsquo;est jamais sorti de ses fronti\u00e8res et qui a construit des murailles pour maintenir l&rsquo;ennemi \u00e0 l&rsquo;ext\u00e9rieur. Alors que les \u00c9tats-Unis ont exploit\u00e9 leur puissance douce, leur musique, leur gastronomie, leurs v\u00eatements, leurs sports et leur style de vie, la Chine ne s&rsquo;int\u00e9resse gu\u00e8re \u00e0 ce type d&rsquo;imp\u00e9rialisme. Je me rends en Chine depuis 1958 et j&rsquo;ai toujours \u00e9t\u00e9 frapp\u00e9 par le peu qui est fait pour que les \u00e9trangers comprennent la culture chinoise.<\/p>\n<p>Mais il y a des dizaines de milliers d&rsquo;\u00e9tudiants chinois qui \u00e9tudient \u00e0 l&rsquo;\u00e9tranger, alors qu&rsquo;on ne peut pas en dire autant des Am\u00e9ricains. Les deux pays sont deux grandes \u00eeles, consid\u00e9r\u00e9es comme \u00e9tant entour\u00e9es de nations inf\u00e9rieures.<\/p>\n<blockquote><p>L&rsquo;Am\u00e9rique latine a toujours \u00e9t\u00e9 consid\u00e9r\u00e9e comme une r\u00e9gion de second ordre par les \u00c9tats-Unis, malgr\u00e9 de nombreuses d\u00e9clarations, et je doute que la Chine voie la r\u00e9gion au-del\u00e0 de ses mati\u00e8res premi\u00e8res et les Latino-Am\u00e9ricains au-del\u00e0 de ses acheteurs.<\/p><\/blockquote>\n<p>Mon point de vue, surtout \u00e0 la lumi\u00e8re de l&rsquo;exp\u00e9rience de Trump, est que l&rsquo;Am\u00e9rique latine devrait adopter une politique de non-alignement actif, d\u00e9clarant qu&rsquo;elle ne s&rsquo;engagera pas dans une guerre de pouvoir qui n&rsquo;est pas dans son int\u00e9r\u00eat, et qu&rsquo;elle fera exactement ce que la dynamique multipolaire recommande : mettre en premier ses int\u00e9r\u00eats en tant que r\u00e9gion. Cela lui donnerait une plus grande consid\u00e9ration et un plus grand poids dans les n\u00e9gociations internationales, et un avantage certain dans un monde divis\u00e9 par la nouvelle guerre froide qui se pr\u00e9pare. Une guerre qui, \u00e0 la diff\u00e9rence de la guerre actuelle de l&rsquo;OTAN contre la Russie, ne peut \u00eatre militaire car elle signifierait la destruction de la plan\u00e8te. Bien s\u00fbr, l&rsquo;histoire et le pr\u00e9sent n&rsquo;aident pas \u00e0 avoir une grande confiance dans l&rsquo;intelligence du pouvoir.<\/p>\n<p>Le grand probl\u00e8me est que l&rsquo;Am\u00e9rique latine continue d&rsquo;\u00eatre un continent divis\u00e9 par l&rsquo;incapacit\u00e9 de laisser derri\u00e8re elle l&rsquo;exp\u00e9rience de ses anc\u00eatres. C&rsquo;est la r\u00e9gion la plus homog\u00e8ne du monde, bien plus que l&rsquo;Asie et l&rsquo;Afrique, et \u00e0 certains \u00e9gards plus que l&rsquo;Europe et les \u00c9tats-Unis, ces derniers connaissant une v\u00e9ritable d\u00e9sint\u00e9gration. Cependant, le processus d&rsquo;int\u00e9gration latino-am\u00e9ricain a \u00e9t\u00e9 une illusion d&rsquo;optique. L&rsquo;Am\u00e9rique latine est une r\u00e9gion d&rsquo;exp\u00e9rimentation politique permanente, qui a \u00e9touff\u00e9 toute logique \u00e9conomique en raison de la rivalit\u00e9 entre les pr\u00e9sidents successifs, parmi lesquels il y a un changement constant de boussole.<\/p>\n<p>Je crains qu&rsquo;au lieu de faire un front commun face \u00e0 la prochaine guerre froide, ils ne se laissent acheter individuellement, convaincus qu&rsquo;ils font ce qu&rsquo;il y a de mieux pour leur pays. La seule chose qui puisse changer la situation c&rsquo;est un grand mouvement populaire. Mais il a toujours port\u00e9 sur des questions mondiales, comme les femmes ou l&rsquo;environnement, et bien s\u00fbr sur des questions nationales : jamais sur des questions r\u00e9gionales.<\/p>\n<p>Et dans la presse, la question de l&rsquo;int\u00e9gration a \u00e9t\u00e9 rel\u00e9gu\u00e9e, dans les meilleurs des cas, \u00e0 ses aspects bureaucratiques, aux diff\u00e9rents organismes qui ont \u00e9merg\u00e9 et \u00e9chou\u00e9 dans les temps modernes. Donc, \u00e0 mon avis, je ne pense pas que nous ayons tir\u00e9 une v\u00e9ritable le\u00e7on de ce qui s&rsquo;est pass\u00e9 dans le monde depuis la chute du Mur de Berlin pour exprimer une politique r\u00e9gionale inclusive, avec une identit\u00e9 forte, et qui nous positionne comme des acteurs importants sur la sc\u00e8ne internationale en ce si\u00e8cle.<\/p>\n<p><em>\u00a0<\/em><\/p>\n<p><em>Traduit de l\u2019espagnol par Ginette Baudelet<\/em><\/p>\n","protected":false},"excerpt":{"rendered":"<p>Le journaliste italo-argentin, directeur de l&rsquo;agence Other News, est une r\u00e9f\u00e9rence pour les \u00e9tudes sur l&rsquo;actualit\u00e9 internationale. Par Sebasti\u00e1n Do Rosario et Federico Larsen Depuis des ann\u00e9es, les relations de la Russie avec l&rsquo;UE et les \u00c9tats-Unis sont l&rsquo;une des&hellip;<\/p>\n","protected":false},"author":43,"featured_media":1627080,"comment_status":"closed","ping_status":"closed","sticky":false,"template":"","format":"standard","meta":{"footnotes":""},"categories":[40,156,95],"tags":[104111,958,312,23855,4304,8005],"class_list":["post-1631287","post","type-post","status-publish","format-standard","has-post-thumbnail","hentry","category-international-fr","category-interview-fr","category-affaires-etrangeres","tag-affaires-internationales","tag-amerique-latine","tag-etats-unis","tag-europa-es-2-fr","tag-russie","tag-ukraine-fr"],"yoast_head":"<!-- This site is optimized with the Yoast SEO plugin v27.1.1 - https:\/\/yoast.com\/product\/yoast-seo-wordpress\/ -->\n<title>Entretien avec Roberto Savio : &quot;Les journaux se concentrent de plus en plus sur les \u00e9v\u00e9nements et abandonnent les processus&quot;<\/title>\n<meta name=\"description\" content=\"Le journaliste italo-argentin, directeur de l&#039;agence Other News, est une r\u00e9f\u00e9rence pour les \u00e9tudes sur l&#039;actualit\u00e9 internationale. Par Sebasti\u00e1n Do\" \/>\n<meta name=\"robots\" content=\"index, follow, max-snippet:-1, max-image-preview:large, max-video-preview:-1\" \/>\n<link rel=\"canonical\" href=\"https:\/\/www.pressenza.com\/fr\/2022\/07\/entretien-avec-roberto-savio-les-journaux-se-concentrent-de-plus-en-plus-sur-les-evenements-et-abandonnent-les-processus\/\" \/>\n<meta property=\"og:locale\" content=\"fr_FR\" \/>\n<meta property=\"og:type\" content=\"article\" \/>\n<meta property=\"og:title\" content=\"Entretien avec Roberto Savio : &quot;Les journaux se concentrent de plus en plus sur les \u00e9v\u00e9nements et abandonnent les processus&quot;\" \/>\n<meta property=\"og:description\" content=\"Le journaliste italo-argentin, directeur de l&#039;agence Other News, est une r\u00e9f\u00e9rence pour les \u00e9tudes sur l&#039;actualit\u00e9 internationale. Par Sebasti\u00e1n Do\" \/>\n<meta property=\"og:url\" content=\"https:\/\/www.pressenza.com\/fr\/2022\/07\/entretien-avec-roberto-savio-les-journaux-se-concentrent-de-plus-en-plus-sur-les-evenements-et-abandonnent-les-processus\/\" \/>\n<meta property=\"og:site_name\" content=\"Pressenza\" \/>\n<meta property=\"article:publisher\" content=\"https:\/\/www.facebook.com\/PressenzaItalia\" \/>\n<meta property=\"article:author\" content=\"https:\/\/www.facebook.com\/pressenza\" \/>\n<meta property=\"article:published_time\" content=\"2022-07-29T14:06:12+00:00\" \/>\n<meta property=\"article:modified_time\" content=\"2022-07-29T18:00:58+00:00\" \/>\n<meta property=\"og:image\" content=\"https:\/\/www.pressenza.com\/wp-content\/uploads\/2022\/07\/RS.jpg\" \/>\n\t<meta property=\"og:image:width\" content=\"640\" \/>\n\t<meta property=\"og:image:height\" content=\"360\" \/>\n\t<meta property=\"og:image:type\" content=\"image\/jpeg\" \/>\n<meta name=\"author\" content=\"Redacci\u00f3n Chile\" \/>\n<meta name=\"twitter:card\" content=\"summary_large_image\" \/>\n<meta name=\"twitter:creator\" content=\"@pressenza\" \/>\n<meta name=\"twitter:site\" content=\"@PressenzaIPA\" \/>\n<meta name=\"twitter:label1\" content=\"\u00c9crit par\" \/>\n\t<meta name=\"twitter:data1\" content=\"Redacci\u00f3n Chile\" \/>\n\t<meta name=\"twitter:label2\" content=\"Dur\u00e9e de lecture estim\u00e9e\" \/>\n\t<meta name=\"twitter:data2\" content=\"14 minutes\" \/>\n<script type=\"application\/ld+json\" class=\"yoast-schema-graph\">{\"@context\":\"https:\/\/schema.org\",\"@graph\":[{\"@type\":\"Article\",\"@id\":\"https:\/\/www.pressenza.com\/fr\/2022\/07\/entretien-avec-roberto-savio-les-journaux-se-concentrent-de-plus-en-plus-sur-les-evenements-et-abandonnent-les-processus\/#article\",\"isPartOf\":{\"@id\":\"https:\/\/www.pressenza.com\/fr\/2022\/07\/entretien-avec-roberto-savio-les-journaux-se-concentrent-de-plus-en-plus-sur-les-evenements-et-abandonnent-les-processus\/\"},\"author\":{\"name\":\"Redacci\u00f3n Chile\",\"@id\":\"https:\/\/www.pressenza.com\/fr\/#\/schema\/person\/d7db40df35d6698ba69ba9ee260944ed\"},\"headline\":\"Entretien avec Roberto Savio : \u00ab\u00a0Les journaux se concentrent de plus en plus sur les \u00e9v\u00e9nements et abandonnent les processus\u00a0\u00bb\",\"datePublished\":\"2022-07-29T14:06:12+00:00\",\"dateModified\":\"2022-07-29T18:00:58+00:00\",\"mainEntityOfPage\":{\"@id\":\"https:\/\/www.pressenza.com\/fr\/2022\/07\/entretien-avec-roberto-savio-les-journaux-se-concentrent-de-plus-en-plus-sur-les-evenements-et-abandonnent-les-processus\/\"},\"wordCount\":2924,\"publisher\":{\"@id\":\"https:\/\/www.pressenza.com\/fr\/#organization\"},\"image\":{\"@id\":\"https:\/\/www.pressenza.com\/fr\/2022\/07\/entretien-avec-roberto-savio-les-journaux-se-concentrent-de-plus-en-plus-sur-les-evenements-et-abandonnent-les-processus\/#primaryimage\"},\"thumbnailUrl\":\"https:\/\/www.pressenza.com\/wp-content\/uploads\/2022\/07\/RS.jpg\",\"keywords\":[\"affaires internationales\",\"Am\u00e9rique latine\",\"\u00c9tats-Unis\",\"Europa\",\"Russie\",\"Ukraine\"],\"articleSection\":[\"International\",\"Interviews\",\"Relations internationales\"],\"inLanguage\":\"fr-FR\"},{\"@type\":\"WebPage\",\"@id\":\"https:\/\/www.pressenza.com\/fr\/2022\/07\/entretien-avec-roberto-savio-les-journaux-se-concentrent-de-plus-en-plus-sur-les-evenements-et-abandonnent-les-processus\/\",\"url\":\"https:\/\/www.pressenza.com\/fr\/2022\/07\/entretien-avec-roberto-savio-les-journaux-se-concentrent-de-plus-en-plus-sur-les-evenements-et-abandonnent-les-processus\/\",\"name\":\"Entretien avec Roberto Savio : \\\"Les journaux se concentrent de plus en plus sur les \u00e9v\u00e9nements et abandonnent les processus\\\"\",\"isPartOf\":{\"@id\":\"https:\/\/www.pressenza.com\/fr\/#website\"},\"primaryImageOfPage\":{\"@id\":\"https:\/\/www.pressenza.com\/fr\/2022\/07\/entretien-avec-roberto-savio-les-journaux-se-concentrent-de-plus-en-plus-sur-les-evenements-et-abandonnent-les-processus\/#primaryimage\"},\"image\":{\"@id\":\"https:\/\/www.pressenza.com\/fr\/2022\/07\/entretien-avec-roberto-savio-les-journaux-se-concentrent-de-plus-en-plus-sur-les-evenements-et-abandonnent-les-processus\/#primaryimage\"},\"thumbnailUrl\":\"https:\/\/www.pressenza.com\/wp-content\/uploads\/2022\/07\/RS.jpg\",\"datePublished\":\"2022-07-29T14:06:12+00:00\",\"dateModified\":\"2022-07-29T18:00:58+00:00\",\"description\":\"Le journaliste italo-argentin, directeur de l'agence Other News, est une r\u00e9f\u00e9rence pour les \u00e9tudes sur l'actualit\u00e9 internationale. Par Sebasti\u00e1n Do\",\"breadcrumb\":{\"@id\":\"https:\/\/www.pressenza.com\/fr\/2022\/07\/entretien-avec-roberto-savio-les-journaux-se-concentrent-de-plus-en-plus-sur-les-evenements-et-abandonnent-les-processus\/#breadcrumb\"},\"inLanguage\":\"fr-FR\",\"potentialAction\":[{\"@type\":\"ReadAction\",\"target\":[\"https:\/\/www.pressenza.com\/fr\/2022\/07\/entretien-avec-roberto-savio-les-journaux-se-concentrent-de-plus-en-plus-sur-les-evenements-et-abandonnent-les-processus\/\"]}]},{\"@type\":\"ImageObject\",\"inLanguage\":\"fr-FR\",\"@id\":\"https:\/\/www.pressenza.com\/fr\/2022\/07\/entretien-avec-roberto-savio-les-journaux-se-concentrent-de-plus-en-plus-sur-les-evenements-et-abandonnent-les-processus\/#primaryimage\",\"url\":\"https:\/\/www.pressenza.com\/wp-content\/uploads\/2022\/07\/RS.jpg\",\"contentUrl\":\"https:\/\/www.pressenza.com\/wp-content\/uploads\/2022\/07\/RS.jpg\",\"width\":640,\"height\":360,\"caption\":\"Roberto Savio\"},{\"@type\":\"BreadcrumbList\",\"@id\":\"https:\/\/www.pressenza.com\/fr\/2022\/07\/entretien-avec-roberto-savio-les-journaux-se-concentrent-de-plus-en-plus-sur-les-evenements-et-abandonnent-les-processus\/#breadcrumb\",\"itemListElement\":[{\"@type\":\"ListItem\",\"position\":1,\"name\":\"Accueil\",\"item\":\"https:\/\/www.pressenza.com\/fr\/\"},{\"@type\":\"ListItem\",\"position\":2,\"name\":\"Entretien avec Roberto Savio : \u00ab\u00a0Les journaux se concentrent de plus en plus sur les \u00e9v\u00e9nements et abandonnent les processus\u00a0\u00bb\"}]},{\"@type\":\"WebSite\",\"@id\":\"https:\/\/www.pressenza.com\/fr\/#website\",\"url\":\"https:\/\/www.pressenza.com\/fr\/\",\"name\":\"Pressenza\",\"description\":\"International Press Agency\",\"publisher\":{\"@id\":\"https:\/\/www.pressenza.com\/fr\/#organization\"},\"potentialAction\":[{\"@type\":\"SearchAction\",\"target\":{\"@type\":\"EntryPoint\",\"urlTemplate\":\"https:\/\/www.pressenza.com\/fr\/?s={search_term_string}\"},\"query-input\":{\"@type\":\"PropertyValueSpecification\",\"valueRequired\":true,\"valueName\":\"search_term_string\"}}],\"inLanguage\":\"fr-FR\"},{\"@type\":\"Organization\",\"@id\":\"https:\/\/www.pressenza.com\/fr\/#organization\",\"name\":\"Pressenza\",\"url\":\"https:\/\/www.pressenza.com\/fr\/\",\"logo\":{\"@type\":\"ImageObject\",\"inLanguage\":\"fr-FR\",\"@id\":\"https:\/\/www.pressenza.com\/fr\/#\/schema\/logo\/image\/\",\"url\":\"https:\/\/www.pressenza.com\/wp-content\/uploads\/2022\/10\/pressenza_logo_200x200.jpg\",\"contentUrl\":\"https:\/\/www.pressenza.com\/wp-content\/uploads\/2022\/10\/pressenza_logo_200x200.jpg\",\"width\":200,\"height\":200,\"caption\":\"Pressenza\"},\"image\":{\"@id\":\"https:\/\/www.pressenza.com\/fr\/#\/schema\/logo\/image\/\"},\"sameAs\":[\"https:\/\/www.facebook.com\/PressenzaItalia\",\"https:\/\/x.com\/PressenzaIPA\"]},{\"@type\":\"Person\",\"@id\":\"https:\/\/www.pressenza.com\/fr\/#\/schema\/person\/d7db40df35d6698ba69ba9ee260944ed\",\"name\":\"Redacci\u00f3n Chile\",\"description\":\"News from the Pressenza Bureau in Chile\",\"sameAs\":[\"https:\/\/www.facebook.com\/pressenza\",\"https:\/\/x.com\/pressenza\"],\"url\":\"https:\/\/www.pressenza.com\/fr\/author\/redaccion-chile\/\"}]}<\/script>\n<!-- \/ Yoast SEO plugin. -->","yoast_head_json":{"title":"Entretien avec Roberto Savio : \"Les journaux se concentrent de plus en plus sur les \u00e9v\u00e9nements et abandonnent les processus\"","description":"Le journaliste italo-argentin, directeur de l'agence Other News, est une r\u00e9f\u00e9rence pour les \u00e9tudes sur l'actualit\u00e9 internationale. Par Sebasti\u00e1n Do","robots":{"index":"index","follow":"follow","max-snippet":"max-snippet:-1","max-image-preview":"max-image-preview:large","max-video-preview":"max-video-preview:-1"},"canonical":"https:\/\/www.pressenza.com\/fr\/2022\/07\/entretien-avec-roberto-savio-les-journaux-se-concentrent-de-plus-en-plus-sur-les-evenements-et-abandonnent-les-processus\/","og_locale":"fr_FR","og_type":"article","og_title":"Entretien avec Roberto Savio : \"Les journaux se concentrent de plus en plus sur les \u00e9v\u00e9nements et abandonnent les processus\"","og_description":"Le journaliste italo-argentin, directeur de l'agence Other News, est une r\u00e9f\u00e9rence pour les \u00e9tudes sur l'actualit\u00e9 internationale. Par Sebasti\u00e1n Do","og_url":"https:\/\/www.pressenza.com\/fr\/2022\/07\/entretien-avec-roberto-savio-les-journaux-se-concentrent-de-plus-en-plus-sur-les-evenements-et-abandonnent-les-processus\/","og_site_name":"Pressenza","article_publisher":"https:\/\/www.facebook.com\/PressenzaItalia","article_author":"https:\/\/www.facebook.com\/pressenza","article_published_time":"2022-07-29T14:06:12+00:00","article_modified_time":"2022-07-29T18:00:58+00:00","og_image":[{"width":640,"height":360,"url":"https:\/\/www.pressenza.com\/wp-content\/uploads\/2022\/07\/RS.jpg","type":"image\/jpeg"}],"author":"Redacci\u00f3n Chile","twitter_card":"summary_large_image","twitter_creator":"@pressenza","twitter_site":"@PressenzaIPA","twitter_misc":{"\u00c9crit par":"Redacci\u00f3n Chile","Dur\u00e9e de lecture estim\u00e9e":"14 minutes"},"schema":{"@context":"https:\/\/schema.org","@graph":[{"@type":"Article","@id":"https:\/\/www.pressenza.com\/fr\/2022\/07\/entretien-avec-roberto-savio-les-journaux-se-concentrent-de-plus-en-plus-sur-les-evenements-et-abandonnent-les-processus\/#article","isPartOf":{"@id":"https:\/\/www.pressenza.com\/fr\/2022\/07\/entretien-avec-roberto-savio-les-journaux-se-concentrent-de-plus-en-plus-sur-les-evenements-et-abandonnent-les-processus\/"},"author":{"name":"Redacci\u00f3n Chile","@id":"https:\/\/www.pressenza.com\/fr\/#\/schema\/person\/d7db40df35d6698ba69ba9ee260944ed"},"headline":"Entretien avec Roberto Savio : \u00ab\u00a0Les journaux se concentrent de plus en plus sur les \u00e9v\u00e9nements et abandonnent les processus\u00a0\u00bb","datePublished":"2022-07-29T14:06:12+00:00","dateModified":"2022-07-29T18:00:58+00:00","mainEntityOfPage":{"@id":"https:\/\/www.pressenza.com\/fr\/2022\/07\/entretien-avec-roberto-savio-les-journaux-se-concentrent-de-plus-en-plus-sur-les-evenements-et-abandonnent-les-processus\/"},"wordCount":2924,"publisher":{"@id":"https:\/\/www.pressenza.com\/fr\/#organization"},"image":{"@id":"https:\/\/www.pressenza.com\/fr\/2022\/07\/entretien-avec-roberto-savio-les-journaux-se-concentrent-de-plus-en-plus-sur-les-evenements-et-abandonnent-les-processus\/#primaryimage"},"thumbnailUrl":"https:\/\/www.pressenza.com\/wp-content\/uploads\/2022\/07\/RS.jpg","keywords":["affaires internationales","Am\u00e9rique latine","\u00c9tats-Unis","Europa","Russie","Ukraine"],"articleSection":["International","Interviews","Relations internationales"],"inLanguage":"fr-FR"},{"@type":"WebPage","@id":"https:\/\/www.pressenza.com\/fr\/2022\/07\/entretien-avec-roberto-savio-les-journaux-se-concentrent-de-plus-en-plus-sur-les-evenements-et-abandonnent-les-processus\/","url":"https:\/\/www.pressenza.com\/fr\/2022\/07\/entretien-avec-roberto-savio-les-journaux-se-concentrent-de-plus-en-plus-sur-les-evenements-et-abandonnent-les-processus\/","name":"Entretien avec Roberto Savio : \"Les journaux se concentrent de plus en plus sur les \u00e9v\u00e9nements et abandonnent les processus\"","isPartOf":{"@id":"https:\/\/www.pressenza.com\/fr\/#website"},"primaryImageOfPage":{"@id":"https:\/\/www.pressenza.com\/fr\/2022\/07\/entretien-avec-roberto-savio-les-journaux-se-concentrent-de-plus-en-plus-sur-les-evenements-et-abandonnent-les-processus\/#primaryimage"},"image":{"@id":"https:\/\/www.pressenza.com\/fr\/2022\/07\/entretien-avec-roberto-savio-les-journaux-se-concentrent-de-plus-en-plus-sur-les-evenements-et-abandonnent-les-processus\/#primaryimage"},"thumbnailUrl":"https:\/\/www.pressenza.com\/wp-content\/uploads\/2022\/07\/RS.jpg","datePublished":"2022-07-29T14:06:12+00:00","dateModified":"2022-07-29T18:00:58+00:00","description":"Le journaliste italo-argentin, directeur de l'agence Other News, est une r\u00e9f\u00e9rence pour les \u00e9tudes sur l'actualit\u00e9 internationale. Par Sebasti\u00e1n Do","breadcrumb":{"@id":"https:\/\/www.pressenza.com\/fr\/2022\/07\/entretien-avec-roberto-savio-les-journaux-se-concentrent-de-plus-en-plus-sur-les-evenements-et-abandonnent-les-processus\/#breadcrumb"},"inLanguage":"fr-FR","potentialAction":[{"@type":"ReadAction","target":["https:\/\/www.pressenza.com\/fr\/2022\/07\/entretien-avec-roberto-savio-les-journaux-se-concentrent-de-plus-en-plus-sur-les-evenements-et-abandonnent-les-processus\/"]}]},{"@type":"ImageObject","inLanguage":"fr-FR","@id":"https:\/\/www.pressenza.com\/fr\/2022\/07\/entretien-avec-roberto-savio-les-journaux-se-concentrent-de-plus-en-plus-sur-les-evenements-et-abandonnent-les-processus\/#primaryimage","url":"https:\/\/www.pressenza.com\/wp-content\/uploads\/2022\/07\/RS.jpg","contentUrl":"https:\/\/www.pressenza.com\/wp-content\/uploads\/2022\/07\/RS.jpg","width":640,"height":360,"caption":"Roberto Savio"},{"@type":"BreadcrumbList","@id":"https:\/\/www.pressenza.com\/fr\/2022\/07\/entretien-avec-roberto-savio-les-journaux-se-concentrent-de-plus-en-plus-sur-les-evenements-et-abandonnent-les-processus\/#breadcrumb","itemListElement":[{"@type":"ListItem","position":1,"name":"Accueil","item":"https:\/\/www.pressenza.com\/fr\/"},{"@type":"ListItem","position":2,"name":"Entretien avec Roberto Savio : \u00ab\u00a0Les journaux se concentrent de plus en plus sur les \u00e9v\u00e9nements et abandonnent les processus\u00a0\u00bb"}]},{"@type":"WebSite","@id":"https:\/\/www.pressenza.com\/fr\/#website","url":"https:\/\/www.pressenza.com\/fr\/","name":"Pressenza","description":"International Press Agency","publisher":{"@id":"https:\/\/www.pressenza.com\/fr\/#organization"},"potentialAction":[{"@type":"SearchAction","target":{"@type":"EntryPoint","urlTemplate":"https:\/\/www.pressenza.com\/fr\/?s={search_term_string}"},"query-input":{"@type":"PropertyValueSpecification","valueRequired":true,"valueName":"search_term_string"}}],"inLanguage":"fr-FR"},{"@type":"Organization","@id":"https:\/\/www.pressenza.com\/fr\/#organization","name":"Pressenza","url":"https:\/\/www.pressenza.com\/fr\/","logo":{"@type":"ImageObject","inLanguage":"fr-FR","@id":"https:\/\/www.pressenza.com\/fr\/#\/schema\/logo\/image\/","url":"https:\/\/www.pressenza.com\/wp-content\/uploads\/2022\/10\/pressenza_logo_200x200.jpg","contentUrl":"https:\/\/www.pressenza.com\/wp-content\/uploads\/2022\/10\/pressenza_logo_200x200.jpg","width":200,"height":200,"caption":"Pressenza"},"image":{"@id":"https:\/\/www.pressenza.com\/fr\/#\/schema\/logo\/image\/"},"sameAs":["https:\/\/www.facebook.com\/PressenzaItalia","https:\/\/x.com\/PressenzaIPA"]},{"@type":"Person","@id":"https:\/\/www.pressenza.com\/fr\/#\/schema\/person\/d7db40df35d6698ba69ba9ee260944ed","name":"Redacci\u00f3n Chile","description":"News from the Pressenza Bureau in Chile","sameAs":["https:\/\/www.facebook.com\/pressenza","https:\/\/x.com\/pressenza"],"url":"https:\/\/www.pressenza.com\/fr\/author\/redaccion-chile\/"}]}},"place":"Santiago du Chili","original_article_url":"","_links":{"self":[{"href":"https:\/\/www.pressenza.com\/fr\/wp-json\/wp\/v2\/posts\/1631287","targetHints":{"allow":["GET"]}}],"collection":[{"href":"https:\/\/www.pressenza.com\/fr\/wp-json\/wp\/v2\/posts"}],"about":[{"href":"https:\/\/www.pressenza.com\/fr\/wp-json\/wp\/v2\/types\/post"}],"author":[{"embeddable":true,"href":"https:\/\/www.pressenza.com\/fr\/wp-json\/wp\/v2\/users\/43"}],"replies":[{"embeddable":true,"href":"https:\/\/www.pressenza.com\/fr\/wp-json\/wp\/v2\/comments?post=1631287"}],"version-history":[{"count":0,"href":"https:\/\/www.pressenza.com\/fr\/wp-json\/wp\/v2\/posts\/1631287\/revisions"}],"wp:featuredmedia":[{"embeddable":true,"href":"https:\/\/www.pressenza.com\/fr\/wp-json\/wp\/v2\/media\/1627080"}],"wp:attachment":[{"href":"https:\/\/www.pressenza.com\/fr\/wp-json\/wp\/v2\/media?parent=1631287"}],"wp:term":[{"taxonomy":"category","embeddable":true,"href":"https:\/\/www.pressenza.com\/fr\/wp-json\/wp\/v2\/categories?post=1631287"},{"taxonomy":"post_tag","embeddable":true,"href":"https:\/\/www.pressenza.com\/fr\/wp-json\/wp\/v2\/tags?post=1631287"}],"curies":[{"name":"wp","href":"https:\/\/api.w.org\/{rel}","templated":true}]}}