{"id":1621227,"date":"2022-07-10T11:33:28","date_gmt":"2022-07-10T10:33:28","guid":{"rendered":"https:\/\/www.pressenza.com\/?p=1621227"},"modified":"2022-07-10T11:33:28","modified_gmt":"2022-07-10T10:33:28","slug":"le-bundestag-condamne-la-persecution-de-julian-assange-comme-une-attaque-contre-la-liberte-de-la-presse","status":"publish","type":"post","link":"https:\/\/www.pressenza.com\/fr\/2022\/07\/le-bundestag-condamne-la-persecution-de-julian-assange-comme-une-attaque-contre-la-liberte-de-la-presse\/","title":{"rendered":"Le Bundestag condamne la pers\u00e9cution de Julian Assange comme une attaque contre la libert\u00e9 de la presse"},"content":{"rendered":"<div class=\"news-text-wrap\">\n<p><strong>\u00ab Le Bundestag condamne fermement, et ceci pour la premi\u00e8re fois, la torture psychique inflig\u00e9e au journaliste Julian Assange d\u00e9tenu en Grande-Bretagne et l&rsquo;attaque contre la libert\u00e9 de la presse qui en r\u00e9sulte en Allemagne et en Europe. La prise en compte d&rsquo;une p\u00e9tition correspondante aujourd&rsquo;hui par la commission des p\u00e9titions est un mandat d&rsquo;action pour le gouvernement de la coalition, afin qu&rsquo;il s&rsquo;engage pour la lib\u00e9ration de Julian Assange \u00bb, explique S\u00f6ren Pellmann, pr\u00e9sidant le groupe parlementaire DIE LINKE \u00e0 la commission des p\u00e9titions.<br \/>\n<\/strong><\/p>\n<p>Sevim Dagdelen, pr\u00e9sidente du groupe parlementaire DIE LINKE \u00e0 la commission des Affaires \u00e9trang\u00e8res, d\u00e9clare \u00e0 propos du vote : \u00ab La d\u00e9cision du Bundestag en faveur de la vie et de la libert\u00e9 de Julian Assange est une d\u00e9cision historique. Depuis des ann\u00e9es, des d\u00e9put\u00e9s de tous les groupes politiques interviennent ensemble pour obtenir la lib\u00e9ration de Julian Assange, et cette d\u00e9cision a d\u00e9sormais \u00e9t\u00e9 prise par le Parlement. Le gouvernement f\u00e9d\u00e9ral doit enfin sortir de son inaction, tenir compte du vote du Bundestag et faire pression sur ses partenaires am\u00e9ricains et britanniques pour qu&rsquo;ils cessent la pers\u00e9cution politique de Julian Assange. Ce n&rsquo;est pas celui qui r\u00e9v\u00e8le des crimes de guerre qui doit \u00eatre emprisonn\u00e9, mais celui qui les commet et les ordonne. \u00bb<\/p>\n<p>Voici le communiqu\u00e9 de presse en allemand de Sevim Dagdelen, S\u00f6ren Pellmann, <span class=\"news-list-date\"><time datetime=\"2022-07-06\">6 juillet 2022 :<\/time><\/span><\/p>\n<div class=\"add-info\"><em><a href=\"https:\/\/www.linksfraktion.de\/presse\/pressemitteilungen\/detail\/bundestag-verurteilt-verfolgung-von-julian-assange-als-angriff-auf-die-pressefreiheit\/\" target=\"_blank\" rel=\"noopener\">Pressemitteilung<\/a> <\/em><time datetime=\"2022-07-06\"> <\/time><\/div>\n<\/div>\n","protected":false},"excerpt":{"rendered":"<p>\u00ab Le Bundestag condamne fermement, et ceci pour la premi\u00e8re fois, la torture psychique inflig\u00e9e au journaliste Julian Assange d\u00e9tenu en Grande-Bretagne et l&rsquo;attaque contre la libert\u00e9 de la presse qui en r\u00e9sulte en Allemagne et en Europe. La prise&hellip;<\/p>\n","protected":false},"author":1095,"featured_media":1620917,"comment_status":"closed","ping_status":"closed","sticky":false,"template":"","format":"standard","meta":{"footnotes":""},"categories":[151,94,98,85,93],"tags":[84259,18212,3524,3525],"class_list":["post-1621227","post","type-post","status-publish","format-standard","has-post-thumbnail","hentry","category-communique-de-presse","category-culture-fr","category-droits-de-lhomme","category-europe-fr","category-politique","tag-atteinte-a-la-liberte-de-la-presse","tag-culture-et-medias","tag-julian-assange-fr","tag-wikileaks-fr"],"yoast_head":"<!-- This site is optimized with the Yoast SEO plugin v27.1.1 - https:\/\/yoast.com\/product\/yoast-seo-wordpress\/ -->\n<title>Le Bundestag condamne la pers\u00e9cution de Julian Assange comme une attaque contre la libert\u00e9 de la presse<\/title>\n<meta name=\"description\" content=\"\u00ab Le Bundestag condamne fermement, et ceci pour la premi\u00e8re fois, la torture psychique inflig\u00e9e au journaliste Julian Assange d\u00e9tenu en Grande-Bretagne et\" \/>\n<meta name=\"robots\" content=\"index, follow, max-snippet:-1, max-image-preview:large, max-video-preview:-1\" \/>\n<link rel=\"canonical\" href=\"https:\/\/www.pressenza.com\/fr\/2022\/07\/le-bundestag-condamne-la-persecution-de-julian-assange-comme-une-attaque-contre-la-liberte-de-la-presse\/\" \/>\n<meta property=\"og:locale\" content=\"fr_FR\" \/>\n<meta property=\"og:type\" content=\"article\" \/>\n<meta property=\"og:title\" content=\"Le Bundestag condamne la pers\u00e9cution de Julian Assange comme une attaque contre la libert\u00e9 de la presse\" \/>\n<meta property=\"og:description\" content=\"\u00ab Le Bundestag condamne fermement, et ceci pour la premi\u00e8re fois, la torture psychique inflig\u00e9e au journaliste Julian Assange d\u00e9tenu en Grande-Bretagne et\" \/>\n<meta property=\"og:url\" content=\"https:\/\/www.pressenza.com\/fr\/2022\/07\/le-bundestag-condamne-la-persecution-de-julian-assange-comme-une-attaque-contre-la-liberte-de-la-presse\/\" \/>\n<meta property=\"og:site_name\" content=\"Pressenza\" \/>\n<meta property=\"article:publisher\" content=\"https:\/\/www.facebook.com\/PressenzaItalia\" \/>\n<meta property=\"article:author\" content=\"https:\/\/www.facebook.com\/Pressenza-Deutschland-sterreich-Schweiz-281675388658060\/timeline\/\" \/>\n<meta property=\"article:published_time\" content=\"2022-07-10T10:33:28+00:00\" \/>\n<meta property=\"og:image\" content=\"https:\/\/www.pressenza.com\/wp-content\/uploads\/2022\/07\/Asyl_fuer_Asange.jpg\" \/>\n\t<meta property=\"og:image:width\" content=\"820\" \/>\n\t<meta property=\"og:image:height\" content=\"460\" \/>\n\t<meta property=\"og:image:type\" content=\"image\/jpeg\" \/>\n<meta name=\"author\" content=\"Pressenza Berlin\" \/>\n<meta name=\"twitter:card\" content=\"summary_large_image\" \/>\n<meta name=\"twitter:creator\" content=\"@pressenza_ger\" \/>\n<meta name=\"twitter:site\" content=\"@PressenzaIPA\" \/>\n<meta name=\"twitter:label1\" content=\"\u00c9crit par\" \/>\n\t<meta name=\"twitter:data1\" content=\"Pressenza Berlin\" \/>\n\t<meta name=\"twitter:label2\" content=\"Dur\u00e9e de lecture estim\u00e9e\" \/>\n\t<meta name=\"twitter:data2\" content=\"1 minute\" \/>\n<script type=\"application\/ld+json\" class=\"yoast-schema-graph\">{\"@context\":\"https:\/\/schema.org\",\"@graph\":[{\"@type\":\"Article\",\"@id\":\"https:\/\/www.pressenza.com\/fr\/2022\/07\/le-bundestag-condamne-la-persecution-de-julian-assange-comme-une-attaque-contre-la-liberte-de-la-presse\/#article\",\"isPartOf\":{\"@id\":\"https:\/\/www.pressenza.com\/fr\/2022\/07\/le-bundestag-condamne-la-persecution-de-julian-assange-comme-une-attaque-contre-la-liberte-de-la-presse\/\"},\"author\":{\"name\":\"Pressenza Berlin\",\"@id\":\"https:\/\/www.pressenza.com\/fr\/#\/schema\/person\/57bb5480943a496a7722b0248e4b658a\"},\"headline\":\"Le Bundestag condamne la pers\u00e9cution de Julian Assange comme une attaque contre la libert\u00e9 de la presse\",\"datePublished\":\"2022-07-10T10:33:28+00:00\",\"mainEntityOfPage\":{\"@id\":\"https:\/\/www.pressenza.com\/fr\/2022\/07\/le-bundestag-condamne-la-persecution-de-julian-assange-comme-une-attaque-contre-la-liberte-de-la-presse\/\"},\"wordCount\":271,\"publisher\":{\"@id\":\"https:\/\/www.pressenza.com\/fr\/#organization\"},\"image\":{\"@id\":\"https:\/\/www.pressenza.com\/fr\/2022\/07\/le-bundestag-condamne-la-persecution-de-julian-assange-comme-une-attaque-contre-la-liberte-de-la-presse\/#primaryimage\"},\"thumbnailUrl\":\"https:\/\/www.pressenza.com\/wp-content\/uploads\/2022\/07\/Asyl_fuer_Asange.jpg\",\"keywords\":[\"atteinte \u00e0 la libert\u00e9 de la presse\",\"Culture et m\u00e9dias\",\"Julian Assange\",\"Wikileaks\"],\"articleSection\":[\"Communiqu\u00e9s de Presse\",\"Culture et M\u00e9dias\",\"Droits humains\",\"Europe\",\"Politique\"],\"inLanguage\":\"fr-FR\"},{\"@type\":\"WebPage\",\"@id\":\"https:\/\/www.pressenza.com\/fr\/2022\/07\/le-bundestag-condamne-la-persecution-de-julian-assange-comme-une-attaque-contre-la-liberte-de-la-presse\/\",\"url\":\"https:\/\/www.pressenza.com\/fr\/2022\/07\/le-bundestag-condamne-la-persecution-de-julian-assange-comme-une-attaque-contre-la-liberte-de-la-presse\/\",\"name\":\"Le Bundestag condamne la pers\u00e9cution de Julian Assange comme une attaque contre la libert\u00e9 de la presse\",\"isPartOf\":{\"@id\":\"https:\/\/www.pressenza.com\/fr\/#website\"},\"primaryImageOfPage\":{\"@id\":\"https:\/\/www.pressenza.com\/fr\/2022\/07\/le-bundestag-condamne-la-persecution-de-julian-assange-comme-une-attaque-contre-la-liberte-de-la-presse\/#primaryimage\"},\"image\":{\"@id\":\"https:\/\/www.pressenza.com\/fr\/2022\/07\/le-bundestag-condamne-la-persecution-de-julian-assange-comme-une-attaque-contre-la-liberte-de-la-presse\/#primaryimage\"},\"thumbnailUrl\":\"https:\/\/www.pressenza.com\/wp-content\/uploads\/2022\/07\/Asyl_fuer_Asange.jpg\",\"datePublished\":\"2022-07-10T10:33:28+00:00\",\"description\":\"\u00ab Le Bundestag condamne fermement, et ceci pour la premi\u00e8re fois, la torture psychique inflig\u00e9e au journaliste Julian Assange d\u00e9tenu en Grande-Bretagne et\",\"breadcrumb\":{\"@id\":\"https:\/\/www.pressenza.com\/fr\/2022\/07\/le-bundestag-condamne-la-persecution-de-julian-assange-comme-une-attaque-contre-la-liberte-de-la-presse\/#breadcrumb\"},\"inLanguage\":\"fr-FR\",\"potentialAction\":[{\"@type\":\"ReadAction\",\"target\":[\"https:\/\/www.pressenza.com\/fr\/2022\/07\/le-bundestag-condamne-la-persecution-de-julian-assange-comme-une-attaque-contre-la-liberte-de-la-presse\/\"]}]},{\"@type\":\"ImageObject\",\"inLanguage\":\"fr-FR\",\"@id\":\"https:\/\/www.pressenza.com\/fr\/2022\/07\/le-bundestag-condamne-la-persecution-de-julian-assange-comme-une-attaque-contre-la-liberte-de-la-presse\/#primaryimage\",\"url\":\"https:\/\/www.pressenza.com\/wp-content\/uploads\/2022\/07\/Asyl_fuer_Asange.jpg\",\"contentUrl\":\"https:\/\/www.pressenza.com\/wp-content\/uploads\/2022\/07\/Asyl_fuer_Asange.jpg\",\"width\":820,\"height\":460,\"caption\":\"Bundestag verurteilt Verfolgung von Julian Assange als Angriff auf die Pressefreiheit\"},{\"@type\":\"BreadcrumbList\",\"@id\":\"https:\/\/www.pressenza.com\/fr\/2022\/07\/le-bundestag-condamne-la-persecution-de-julian-assange-comme-une-attaque-contre-la-liberte-de-la-presse\/#breadcrumb\",\"itemListElement\":[{\"@type\":\"ListItem\",\"position\":1,\"name\":\"Accueil\",\"item\":\"https:\/\/www.pressenza.com\/fr\/\"},{\"@type\":\"ListItem\",\"position\":2,\"name\":\"Le Bundestag condamne la pers\u00e9cution de Julian Assange comme une attaque contre la libert\u00e9 de la presse\"}]},{\"@type\":\"WebSite\",\"@id\":\"https:\/\/www.pressenza.com\/fr\/#website\",\"url\":\"https:\/\/www.pressenza.com\/fr\/\",\"name\":\"Pressenza\",\"description\":\"International Press Agency\",\"publisher\":{\"@id\":\"https:\/\/www.pressenza.com\/fr\/#organization\"},\"potentialAction\":[{\"@type\":\"SearchAction\",\"target\":{\"@type\":\"EntryPoint\",\"urlTemplate\":\"https:\/\/www.pressenza.com\/fr\/?s={search_term_string}\"},\"query-input\":{\"@type\":\"PropertyValueSpecification\",\"valueRequired\":true,\"valueName\":\"search_term_string\"}}],\"inLanguage\":\"fr-FR\"},{\"@type\":\"Organization\",\"@id\":\"https:\/\/www.pressenza.com\/fr\/#organization\",\"name\":\"Pressenza\",\"url\":\"https:\/\/www.pressenza.com\/fr\/\",\"logo\":{\"@type\":\"ImageObject\",\"inLanguage\":\"fr-FR\",\"@id\":\"https:\/\/www.pressenza.com\/fr\/#\/schema\/logo\/image\/\",\"url\":\"https:\/\/www.pressenza.com\/wp-content\/uploads\/2022\/10\/pressenza_logo_200x200.jpg\",\"contentUrl\":\"https:\/\/www.pressenza.com\/wp-content\/uploads\/2022\/10\/pressenza_logo_200x200.jpg\",\"width\":200,\"height\":200,\"caption\":\"Pressenza\"},\"image\":{\"@id\":\"https:\/\/www.pressenza.com\/fr\/#\/schema\/logo\/image\/\"},\"sameAs\":[\"https:\/\/www.facebook.com\/PressenzaItalia\",\"https:\/\/x.com\/PressenzaIPA\"]},{\"@type\":\"Person\",\"@id\":\"https:\/\/www.pressenza.com\/fr\/#\/schema\/person\/57bb5480943a496a7722b0248e4b658a\",\"name\":\"Pressenza Berlin\",\"description\":\"News from the Pressenza Bureau in Berlin, Germany\",\"sameAs\":[\"https:\/\/www.facebook.com\/Pressenza-Deutschland-sterreich-Schweiz-281675388658060\/timeline\/\",\"https:\/\/x.com\/pressenza_ger\"],\"url\":\"https:\/\/www.pressenza.com\/fr\/author\/pressenza-berlin\/\"}]}<\/script>\n<!-- \/ Yoast SEO plugin. -->","yoast_head_json":{"title":"Le Bundestag condamne la pers\u00e9cution de Julian Assange comme une attaque contre la libert\u00e9 de la presse","description":"\u00ab Le Bundestag condamne fermement, et ceci pour la premi\u00e8re fois, la torture psychique inflig\u00e9e au journaliste Julian Assange d\u00e9tenu en Grande-Bretagne et","robots":{"index":"index","follow":"follow","max-snippet":"max-snippet:-1","max-image-preview":"max-image-preview:large","max-video-preview":"max-video-preview:-1"},"canonical":"https:\/\/www.pressenza.com\/fr\/2022\/07\/le-bundestag-condamne-la-persecution-de-julian-assange-comme-une-attaque-contre-la-liberte-de-la-presse\/","og_locale":"fr_FR","og_type":"article","og_title":"Le Bundestag condamne la pers\u00e9cution de Julian Assange comme une attaque contre la libert\u00e9 de la presse","og_description":"\u00ab Le Bundestag condamne fermement, et ceci pour la premi\u00e8re fois, la torture psychique inflig\u00e9e au journaliste Julian Assange d\u00e9tenu en Grande-Bretagne et","og_url":"https:\/\/www.pressenza.com\/fr\/2022\/07\/le-bundestag-condamne-la-persecution-de-julian-assange-comme-une-attaque-contre-la-liberte-de-la-presse\/","og_site_name":"Pressenza","article_publisher":"https:\/\/www.facebook.com\/PressenzaItalia","article_author":"https:\/\/www.facebook.com\/Pressenza-Deutschland-sterreich-Schweiz-281675388658060\/timeline\/","article_published_time":"2022-07-10T10:33:28+00:00","og_image":[{"width":820,"height":460,"url":"https:\/\/www.pressenza.com\/wp-content\/uploads\/2022\/07\/Asyl_fuer_Asange.jpg","type":"image\/jpeg"}],"author":"Pressenza Berlin","twitter_card":"summary_large_image","twitter_creator":"@pressenza_ger","twitter_site":"@PressenzaIPA","twitter_misc":{"\u00c9crit par":"Pressenza Berlin","Dur\u00e9e de lecture estim\u00e9e":"1 minute"},"schema":{"@context":"https:\/\/schema.org","@graph":[{"@type":"Article","@id":"https:\/\/www.pressenza.com\/fr\/2022\/07\/le-bundestag-condamne-la-persecution-de-julian-assange-comme-une-attaque-contre-la-liberte-de-la-presse\/#article","isPartOf":{"@id":"https:\/\/www.pressenza.com\/fr\/2022\/07\/le-bundestag-condamne-la-persecution-de-julian-assange-comme-une-attaque-contre-la-liberte-de-la-presse\/"},"author":{"name":"Pressenza Berlin","@id":"https:\/\/www.pressenza.com\/fr\/#\/schema\/person\/57bb5480943a496a7722b0248e4b658a"},"headline":"Le Bundestag condamne la pers\u00e9cution de Julian Assange comme une attaque contre la libert\u00e9 de la presse","datePublished":"2022-07-10T10:33:28+00:00","mainEntityOfPage":{"@id":"https:\/\/www.pressenza.com\/fr\/2022\/07\/le-bundestag-condamne-la-persecution-de-julian-assange-comme-une-attaque-contre-la-liberte-de-la-presse\/"},"wordCount":271,"publisher":{"@id":"https:\/\/www.pressenza.com\/fr\/#organization"},"image":{"@id":"https:\/\/www.pressenza.com\/fr\/2022\/07\/le-bundestag-condamne-la-persecution-de-julian-assange-comme-une-attaque-contre-la-liberte-de-la-presse\/#primaryimage"},"thumbnailUrl":"https:\/\/www.pressenza.com\/wp-content\/uploads\/2022\/07\/Asyl_fuer_Asange.jpg","keywords":["atteinte \u00e0 la libert\u00e9 de la presse","Culture et m\u00e9dias","Julian Assange","Wikileaks"],"articleSection":["Communiqu\u00e9s de Presse","Culture et M\u00e9dias","Droits humains","Europe","Politique"],"inLanguage":"fr-FR"},{"@type":"WebPage","@id":"https:\/\/www.pressenza.com\/fr\/2022\/07\/le-bundestag-condamne-la-persecution-de-julian-assange-comme-une-attaque-contre-la-liberte-de-la-presse\/","url":"https:\/\/www.pressenza.com\/fr\/2022\/07\/le-bundestag-condamne-la-persecution-de-julian-assange-comme-une-attaque-contre-la-liberte-de-la-presse\/","name":"Le Bundestag condamne la pers\u00e9cution de Julian Assange comme une attaque contre la libert\u00e9 de la presse","isPartOf":{"@id":"https:\/\/www.pressenza.com\/fr\/#website"},"primaryImageOfPage":{"@id":"https:\/\/www.pressenza.com\/fr\/2022\/07\/le-bundestag-condamne-la-persecution-de-julian-assange-comme-une-attaque-contre-la-liberte-de-la-presse\/#primaryimage"},"image":{"@id":"https:\/\/www.pressenza.com\/fr\/2022\/07\/le-bundestag-condamne-la-persecution-de-julian-assange-comme-une-attaque-contre-la-liberte-de-la-presse\/#primaryimage"},"thumbnailUrl":"https:\/\/www.pressenza.com\/wp-content\/uploads\/2022\/07\/Asyl_fuer_Asange.jpg","datePublished":"2022-07-10T10:33:28+00:00","description":"\u00ab Le Bundestag condamne fermement, et ceci pour la premi\u00e8re fois, la torture psychique inflig\u00e9e au journaliste Julian Assange d\u00e9tenu en Grande-Bretagne et","breadcrumb":{"@id":"https:\/\/www.pressenza.com\/fr\/2022\/07\/le-bundestag-condamne-la-persecution-de-julian-assange-comme-une-attaque-contre-la-liberte-de-la-presse\/#breadcrumb"},"inLanguage":"fr-FR","potentialAction":[{"@type":"ReadAction","target":["https:\/\/www.pressenza.com\/fr\/2022\/07\/le-bundestag-condamne-la-persecution-de-julian-assange-comme-une-attaque-contre-la-liberte-de-la-presse\/"]}]},{"@type":"ImageObject","inLanguage":"fr-FR","@id":"https:\/\/www.pressenza.com\/fr\/2022\/07\/le-bundestag-condamne-la-persecution-de-julian-assange-comme-une-attaque-contre-la-liberte-de-la-presse\/#primaryimage","url":"https:\/\/www.pressenza.com\/wp-content\/uploads\/2022\/07\/Asyl_fuer_Asange.jpg","contentUrl":"https:\/\/www.pressenza.com\/wp-content\/uploads\/2022\/07\/Asyl_fuer_Asange.jpg","width":820,"height":460,"caption":"Bundestag verurteilt Verfolgung von Julian Assange als Angriff auf die Pressefreiheit"},{"@type":"BreadcrumbList","@id":"https:\/\/www.pressenza.com\/fr\/2022\/07\/le-bundestag-condamne-la-persecution-de-julian-assange-comme-une-attaque-contre-la-liberte-de-la-presse\/#breadcrumb","itemListElement":[{"@type":"ListItem","position":1,"name":"Accueil","item":"https:\/\/www.pressenza.com\/fr\/"},{"@type":"ListItem","position":2,"name":"Le Bundestag condamne la pers\u00e9cution de Julian Assange comme une attaque contre la libert\u00e9 de la presse"}]},{"@type":"WebSite","@id":"https:\/\/www.pressenza.com\/fr\/#website","url":"https:\/\/www.pressenza.com\/fr\/","name":"Pressenza","description":"International Press Agency","publisher":{"@id":"https:\/\/www.pressenza.com\/fr\/#organization"},"potentialAction":[{"@type":"SearchAction","target":{"@type":"EntryPoint","urlTemplate":"https:\/\/www.pressenza.com\/fr\/?s={search_term_string}"},"query-input":{"@type":"PropertyValueSpecification","valueRequired":true,"valueName":"search_term_string"}}],"inLanguage":"fr-FR"},{"@type":"Organization","@id":"https:\/\/www.pressenza.com\/fr\/#organization","name":"Pressenza","url":"https:\/\/www.pressenza.com\/fr\/","logo":{"@type":"ImageObject","inLanguage":"fr-FR","@id":"https:\/\/www.pressenza.com\/fr\/#\/schema\/logo\/image\/","url":"https:\/\/www.pressenza.com\/wp-content\/uploads\/2022\/10\/pressenza_logo_200x200.jpg","contentUrl":"https:\/\/www.pressenza.com\/wp-content\/uploads\/2022\/10\/pressenza_logo_200x200.jpg","width":200,"height":200,"caption":"Pressenza"},"image":{"@id":"https:\/\/www.pressenza.com\/fr\/#\/schema\/logo\/image\/"},"sameAs":["https:\/\/www.facebook.com\/PressenzaItalia","https:\/\/x.com\/PressenzaIPA"]},{"@type":"Person","@id":"https:\/\/www.pressenza.com\/fr\/#\/schema\/person\/57bb5480943a496a7722b0248e4b658a","name":"Pressenza Berlin","description":"News from the Pressenza Bureau in Berlin, Germany","sameAs":["https:\/\/www.facebook.com\/Pressenza-Deutschland-sterreich-Schweiz-281675388658060\/timeline\/","https:\/\/x.com\/pressenza_ger"],"url":"https:\/\/www.pressenza.com\/fr\/author\/pressenza-berlin\/"}]}},"place":"France","original_article_url":"","_links":{"self":[{"href":"https:\/\/www.pressenza.com\/fr\/wp-json\/wp\/v2\/posts\/1621227","targetHints":{"allow":["GET"]}}],"collection":[{"href":"https:\/\/www.pressenza.com\/fr\/wp-json\/wp\/v2\/posts"}],"about":[{"href":"https:\/\/www.pressenza.com\/fr\/wp-json\/wp\/v2\/types\/post"}],"author":[{"embeddable":true,"href":"https:\/\/www.pressenza.com\/fr\/wp-json\/wp\/v2\/users\/1095"}],"replies":[{"embeddable":true,"href":"https:\/\/www.pressenza.com\/fr\/wp-json\/wp\/v2\/comments?post=1621227"}],"version-history":[{"count":0,"href":"https:\/\/www.pressenza.com\/fr\/wp-json\/wp\/v2\/posts\/1621227\/revisions"}],"wp:featuredmedia":[{"embeddable":true,"href":"https:\/\/www.pressenza.com\/fr\/wp-json\/wp\/v2\/media\/1620917"}],"wp:attachment":[{"href":"https:\/\/www.pressenza.com\/fr\/wp-json\/wp\/v2\/media?parent=1621227"}],"wp:term":[{"taxonomy":"category","embeddable":true,"href":"https:\/\/www.pressenza.com\/fr\/wp-json\/wp\/v2\/categories?post=1621227"},{"taxonomy":"post_tag","embeddable":true,"href":"https:\/\/www.pressenza.com\/fr\/wp-json\/wp\/v2\/tags?post=1621227"}],"curies":[{"name":"wp","href":"https:\/\/api.w.org\/{rel}","templated":true}]}}