{"id":1620164,"date":"2022-07-05T02:43:35","date_gmt":"2022-07-05T01:43:35","guid":{"rendered":"https:\/\/www.pressenza.com\/?p=1620164"},"modified":"2022-07-05T02:43:35","modified_gmt":"2022-07-05T01:43:35","slug":"le-3-juin-2022-une-nouvelle-europe-a-t-elle-pris-un-nouveau-depart-a-riace","status":"publish","type":"post","link":"https:\/\/www.pressenza.com\/fr\/2022\/07\/le-3-juin-2022-une-nouvelle-europe-a-t-elle-pris-un-nouveau-depart-a-riace\/","title":{"rendered":"Le 3 juin 2022, une nouvelle Europe a-t-elle pris un nouveau d\u00e9part \u00e0 Riace ?"},"content":{"rendered":"<p><strong>Si je r\u00e9fl\u00e9chis bien, il n\u2019existe aucun souvenir d\u2019un tel \u00e9v\u00e8nement, en tout cas pas dans les trente derni\u00e8res ann\u00e9es. Le fait qu\u2019un groupe de d\u00e9put\u00e9s europ\u00e9ens ait franchi la distance, consid\u00e9r\u00e9e par certains comme abyssale, entre la capitale europ\u00e9enne Bruxelles et la c\u00f4te la plus m\u00e9ridionale du continent afin de rejoindre un village calabrais avec un peu plus de mille \u00e2mes \u2014 un village qui a pour \u00ab\u00a0seul\u00a0\u00bb m\u00e9rite \u00a0d\u2019avoir h\u00e9berg\u00e9 une utopie que Wim Wenders a qualifi\u00e9e de proph\u00e9tique \u2014 nous semble \u00eatre un geste politique d\u2019une importance extraordinaire. <\/strong><\/p>\n<h3><strong>Des d\u00e9put\u00e9s europ\u00e9ens \u00e0 Riace<\/strong><\/h3>\n<p>Ce voyage, qui a men\u00e9 d\u00e9but juin des repr\u00e9sentants de plusieurs fractions du Parlement europ\u00e9en (les Verts et la gauche) \u00e0 Riace dans la province Reggio Calabria, rev\u00eat une valeur symbolique tr\u00e8s forte \u00e0 un moment historique, pour ne pas dire dramatique. Nous nous trouvons au milieu d\u2019une guerre aux portes de l\u2019Europe, que la plupart de nos gouvernements vont m\u00eame jusqu\u2019\u00e0 soutenir en envoyant des armes, afin d\u2019emp\u00eacher la Russie de d\u00e9vaster un pays souverain, l\u2019Ukraine, et qui augmente de jour en jour l\u2019ampleur d\u2019un exode encore jamais vu. Le sol de l\u2019Europe est pi\u00e9tin\u00e9 par des flots d\u2019hommes et de femmes fuyant devant les bombes d\u2019un conflit qui a \u00e9chapp\u00e9 au contr\u00f4le de nos politiciens m\u00e9diocres et qui, en y regardant de plus pr\u00e8s aujourd\u2019hui, a d\u00e9j\u00e0 pris la tournure d\u2019une trag\u00e9die. N\u00e9anmoins, dans ce choc collectif, quelque d\u00e9put\u00e9s ont pens\u00e9 devoir tourner leur regard vers une petite ville de la c\u00f4te italienne, qui a commis des actes \u00ab\u00a0ill\u00e9gaux\u00a0\u00bb afin d\u2019affirmer la priorit\u00e9 des droits de l\u2019homme sur la loi et de l\u2019hospitalit\u00e9 sur la norme.<\/p>\n<p>Mais que se passe-t-il donc\u00a0? Comment se fait-il que quelqu\u2019un \u00e0 Bruxelles \u00e9prouve le besoin de publier un dossier \u00ab\u00a0contre la criminalisation de la solidarit\u00e9\u00a0\u00bb, pr\u00e9cis\u00e9ment sur cette colline calabraise isol\u00e9e, et d\u00e9cide d\u2019atterrir sur les rives de la mer Ionienne (qui ne cesse d\u2019ailleurs d\u2019accueillir des voiliers avec des r\u00e9fugi\u00e9s kurdes et afghans)\u00a0? Et ceci afin de remercier une petite communaut\u00e9 qui a montr\u00e9 comment un pays pauvre, foyer de migrants, peut donner des le\u00e7ons au riche Occident et faire briller la com\u00e8te du sauvetage dans un monde bien trop occup\u00e9 par l\u2019argent et les guerres\u00a0?<\/p>\n<p>Depuis des ann\u00e9es, dans le cadre de notre Festival du film sur les droits de l\u2019homme, nous invitons \u00e0 Naples des juristes, des militants et des t\u00e9moins des violations de la D\u00e9claration universelle des droits de l\u2019homme qui d\u00e9noncent le verrouillage du Vieux Continent face \u00e0 des centaines de milliers de personnes qui fuient l\u2019Orient. C\u2019est-\u00e0-dire de ces lieux o\u00f9 le radicalisme religieux et les dictatures r\u00e9p\u00e8tent les massacres que nous nommions au si\u00e8cle dernier \u00ab\u00a0g\u00e9nocides\u00a0\u00bb et qui, aujourd\u2019hui, ne nous choquent plus. Nous fermons m\u00eame les fronti\u00e8res \u00e0 coups d\u2019interventions de l\u2019arm\u00e9e et de la police et tol\u00e9rons que les plus faibles soient battus et tortur\u00e9s, ceux qui pr\u00e9cis\u00e9ment fuyaient devant les fondamentalistes cruels et la haine ethnique, et frappaient \u00e0 la porte de la Pologne, de la Croatie ou de l\u2019Italie, juste pour demander de l\u2019aide ou le droit d\u2019asile. Et c\u2019est justement maintenant que les choses se mettent soudain \u00e0 bouger.<\/p>\n<p>Venant du c\u0153ur de l&rsquo;institution europ\u00e9enne, un groupe de femmes et d&rsquo;hommes prend r\u00e9solument position et vient \u00e0 Riace pour serrer la main de l&rsquo;ancien maire Domenico Lucano et le remercier\u00a0; pour lui redire qu&rsquo;il a raison et que l&rsquo;humanit\u00e9 de son action ne peut et ne doit pas \u00eatre sanctionn\u00e9e par les lois de nos d\u00e9mocraties\u00a0; parce que l&rsquo;Europe ne doit pas trahir ses racines\u00a0; parce que Lucano est l&rsquo;Europe.<\/p>\n<h3><strong>Un changement de cap en politique\u00a0?<\/strong><\/h3>\n<p>Force est de nous demander quelle est la logique dans tout cela, et si cela repr\u00e9sente vraiment un changement de direction pour les politiciens si\u00e9geant au Parlement europ\u00e9en, une \u00e9ventuelle nouvelle voie sur laquelle pourraient converger tous ceux qui se sentent d\u00e9mocrates et ressentent le besoin d\u2019une v\u00e9ritable humanit\u00e9. C\u2019est ce qui travaille depuis plusieurs jours notre groupe qui a organis\u00e9 un accueil \u00e9l\u00e9mentaire pour ces parlementaires, apr\u00e8s avoir \u00e9t\u00e9 t\u00e9moins de leur d\u00e9claration de solidarit\u00e9 avec l\u2019ancien maire de Riace, apr\u00e8s avoir expliqu\u00e9 \u00e0 nos h\u00f4tes quelles ont \u00e9t\u00e9 les exp\u00e9riences faites \u00e0 Riace et dans son Global Village, et apr\u00e8s avoir racont\u00e9 par le menu toute la haine qui s\u2019est d\u00e9cha\u00een\u00e9e contre cette essai de vie communautaire.<\/p>\n<p>Voici ce dont il s\u2019agit ici\u00a0: nous devrions nous poser la question de savoir si nous nous trouvons devant un nouvel horizon ou si cette rencontre n\u2019\u00e9tait qu\u2019un soubresaut, un dernier r\u00e2le du syst\u00e8me politique europ\u00e9en qui est \u00e9touff\u00e9 par les organismes mondiaux du FMI, de l\u2019OTAN et les mille fragments nationalistes qui empoisonnent l\u2019Est.<\/p>\n<p>Nous nous sommes donn\u00e9 nous-m\u00eames une r\u00e9ponse. Nous pensons qu\u2019\u00e0 Riace, il a \u00e9t\u00e9 fait davantage que pr\u00e9senter un document d\u00e9non\u00e7ant la duret\u00e9 des syst\u00e8mes r\u00e9pressifs de l\u2019Union europ\u00e9enne et de certains \u00c9tats\u00a0; nous pensons que ces journ\u00e9es de prise de contact ont forg\u00e9 un premier lien solide entre Bruxelles et la p\u00e9riph\u00e9rie de l\u2019Europe, entre le haut commandement et la tranch\u00e9e la plus expos\u00e9e. Une tranch\u00e9e qui recueille depuis plus de vingt ans les naufrag\u00e9s de la mer\u00a0; o\u00f9 sont illustr\u00e9es des dictatures sans piti\u00e9 et des guerres oubli\u00e9es\u00a0; o\u00f9 d\u00e9barquent des \u00eatres infortun\u00e9s payant de leur vie la cruaut\u00e9 de r\u00e9gimes maintenus en place par des multinationales p\u00e9troli\u00e8res et des gouvernements n\u00e9ocoloniaux.<\/p>\n<p>Si c\u2019est le cas, cela vaut la peine de suivre cette exp\u00e9rience et de nous soutenir mutuellement, d\u2019accompagner avec sagesse et r\u00e9alisme ce chemin que nous venons de prendre, car nous savons \u00e0 quel point les p\u00f4les qui se sont rencontr\u00e9s ici pour la premi\u00e8re fois sont \u00e9loign\u00e9s. S\u2019il est vrai que jusqu\u2019\u00e0 pr\u00e9sent, en provenance des capitales europ\u00e9ennes, ne sont parvenus que des coups bas et des d\u00e9crets afin de stopper les navires humanitaires, les protestations de la soci\u00e9t\u00e9 civile et des ONG contre le traitement inhumain inflig\u00e9 aux naufrag\u00e9s rescap\u00e9s des flots, nous devons aujourd\u2019hui constater que quelque chose change au Parlement europ\u00e9en, que des fissures se font jour dans les remparts que Frontex a tent\u00e9 d\u2019\u00e9riger autour de la forteresse Europe<\/p>\n<p>Riace n\u2019est plus seul et la condamnation absurde de<a href=\"https:\/\/www.pressenza.com\/de\/2021\/10\/domenico-mimmo-lucano-13-jahre-gefaengnis-fuer-solidaritaet\/\"> Mimmo Lucano<\/a> par le tribunal de Locri se transforme en un incroyable boomerang, qui se retourne contre la politique italienne. Les manifestations de soutien, qui fusent de nombreux c\u00f4t\u00e9s, montrent clairement que personne n\u2019avait vu se mettre en place la machine \u00e0 tra\u00eener dans la boue pour punir un homme et son exemple de d\u00e9sob\u00e9issance flagrante, r\u00e9v\u00e9lant les contradictions d\u2019une loi qui n\u2019est qu\u2019\u00e0 moiti\u00e9 bonne. Et nos h\u00f4tes parlementaires ont tenu \u00e0 le souligner, t\u00e9moignant de l\u2019admiration de centaines d\u2019autres coll\u00e8gues.<\/p>\n<h3><strong>La criminalisation de la solidarit\u00e9 dans toute l\u2019Europe<\/strong><\/h3>\n<p>Les membres du Parlement qui sont venus \u00e0 Riace ont \u00e9crit dans leur dossier que d\u2019apr\u00e8s leurs recherches, ce ne sont pas moins de 89 cas de criminalisation de la solidarit\u00e9 dans toute l\u2019Europe qui sont recens\u00e9s \u2013 ce qui prouve que le cas de Mimmo Lucano n\u2019est aucunement une \u00ab\u00a0anomalie\u00a0\u00bb comme l\u2019ont docilement affirm\u00e9 les avocats du p\u00e9nal. Et les inculpations de Carola Rackete, Lorena Fornasir et Gian Andrea Franchi, d\u2019Emilio Scalzo d\u2019Andrea Costa ne sont peut-\u00eatre pas que des mesures ponctuelles prises par des juges qui respectent les r\u00e8gles, mais il y a encore quelque chose d\u2019autre, il y a une Europe qui a peur du vent de libert\u00e9 qui gonfle les violes des navires humanitaires, de l\u2019Open Arms, de Sea Watch, de Resq People et de ceux qui ne s\u2019arr\u00eatent devant la loi pour ne pas avoir \u00e0 trahir la Constitution.<\/p>\n<p>Et sous ce nouvel \u00e9clairage, Riace s\u2019affirme comme un avant-poste objectif d\u2019une certaine politique d\u2019interdiction qui tente de stopper la n\u00e9cessit\u00e9 d\u2019une nouvelle solidarit\u00e9 avec ceux qui fuient devant les guerres \u2014 peut-\u00eatre parce qu\u2019elle a justement ces guerres sur la conscience. Et il est temps \u00e0 pr\u00e9sent de regrouper les forces de tous ces courageux protagonistes de la paix pour emprunter une nouvelle voie.<\/p>\n<p>Quant \u00e0 la trag\u00e9die ukrainienne, qui a r\u00e9v\u00e9l\u00e9 des violences nationalistes jamais apais\u00e9es, elle nous montre \u00e9galement que la solidarit\u00e9 n&rsquo;a pas de couleur, ne conna\u00eet ni droite ni gauche\u00a0; car un \u00eatre humain qui fuit et tra\u00eene avec lui son histoire et ses attaches doit \u00eatre aid\u00e9 dans tous les cas, ind\u00e9pendamment de sa couleur de peau, de sa religion ou de ses \u00e9ventuelles fautes. Et c\u2019est pr\u00e9cis\u00e9ment ce que Riace a symbolis\u00e9 pendant de nombreuses ann\u00e9es, seulement ce n\u2019est qu\u2019aujourd\u2019hui que certaines personnes commencent \u00e0 comprendre cette signification et lisent les paroles de Wim Wenders, du pape Fran\u00e7ois, d&rsquo;Alex Zanotelli et de Gino Strada et ont honte de cette morale de deux poids, deux mesures qui r\u00e8gne dans l&rsquo;accueil des personnes venant d&rsquo;Ukraine d&rsquo;une part et d&rsquo;Afghanistan d&rsquo;autre part.<\/p>\n<p>\u00c0 ce propos, il vaut la peine de rappeler qu&rsquo;\u00e0 Riace, des personnes sont arriv\u00e9es d&rsquo;Afghanistan ou plut\u00f4t sont revenues et veulent y rester, car ici, personne ne fait de diff\u00e9rence en ce qui concerne la nationalit\u00e9 des r\u00e9fugi\u00e9s et des demandeurs d&rsquo;asile. Ici, enfants et adultes sont tous \u00e9gaux, ils ont les m\u00eames droits et ne re\u00e7oivent pas seulement un toit et de la nourriture pendant six mois, mais un droit \u00e0 une vraie vie, digne de ce nom.<\/p>\n<h3><strong>Un front uni des forces humanitaires<\/strong><\/h3>\n<p>Le choix de ces parlementaires nous fait esp\u00e9rer que le dossier pour la lutte contre la criminalisation de la solidarit\u00e9 ne restera pas qu\u2019un document, mais exprimera la volont\u00e9 des institutions saines de s\u2019int\u00e9grer dans cette approche humanitaire, qui a vu le jour ici et que quelques-uns ont tent\u00e9 de d\u00e9truire. Et ce que nous nous souhaitons aussi, c\u2019est que ce fil rouge qui a reli\u00e9 pendant trois jours Bruxelles \u00e0 Riace ne se rompe pas et qu\u2019au c\u0153ur de l\u2019Europe, il y ait une oreille ouverte pour ceux qui pensent autrement, pour la d\u00e9sob\u00e9issance et le doute.<\/p>\n<p>R\u00e9unir toutes ces sensibilit\u00e9s, c\u2019est cette obligation qui nous attend dans les prochains mois afin de b\u00e2tir un front uni des forces humanitaires. Ce sera la meilleure mani\u00e8re de remercier ces parlementaires qui ont lanc\u00e9 une bou\u00e9e de sauvetage dans la mer de l\u2019indiff\u00e9rence ; afin que Riace et les petits h\u00e9ros de cette aventure ne soient pas seuls dans leur lutte pour un monde meilleur.<\/p>\n<p><em>Traduction de l\u2019Allemand\u00a0: Laurence Wuillemin<\/em><\/p>\n","protected":false},"excerpt":{"rendered":"<p>Si je r\u00e9fl\u00e9chis bien, il n\u2019existe aucun souvenir d\u2019un tel \u00e9v\u00e8nement, en tout cas pas dans les trente derni\u00e8res ann\u00e9es. Le fait qu\u2019un groupe de d\u00e9put\u00e9s europ\u00e9ens ait franchi la distance, consid\u00e9r\u00e9e par certains comme abyssale, entre la capitale europ\u00e9enne&hellip;<\/p>\n","protected":false},"author":2108,"featured_media":1603071,"comment_status":"closed","ping_status":"closed","sticky":false,"template":"","format":"standard","meta":{"footnotes":""},"categories":[11386,98,85,93],"tags":[48865,103417,95451,103416,95371,1492],"class_list":["post-1620164","post","type-post","status-publish","format-standard","has-post-thumbnail","hentry","category-contenu-original","category-droits-de-lhomme","category-europe-fr","category-politique","tag-criminalisation-de-la-solidarite","tag-deputes-europeens","tag-mimmo-lucano-fr","tag-politique-daccueil","tag-riace-fr","tag-union-europeenne"],"yoast_head":"<!-- This site is optimized with the Yoast SEO plugin v27.1.1 - https:\/\/yoast.com\/product\/yoast-seo-wordpress\/ -->\n<title>Le 3 juin 2022, une nouvelle Europe a-t-elle pris un nouveau d\u00e9part \u00e0 Riace ?<\/title>\n<meta name=\"description\" content=\"Si je r\u00e9fl\u00e9chis bien, il n\u2019existe aucun souvenir d\u2019un tel \u00e9v\u00e8nement, en tout cas pas dans les trente derni\u00e8res ann\u00e9es. Le fait qu\u2019un groupe de d\u00e9put\u00e9s\" \/>\n<meta name=\"robots\" content=\"index, follow, max-snippet:-1, max-image-preview:large, max-video-preview:-1\" \/>\n<link rel=\"canonical\" href=\"https:\/\/www.pressenza.com\/fr\/2022\/07\/le-3-juin-2022-une-nouvelle-europe-a-t-elle-pris-un-nouveau-depart-a-riace\/\" \/>\n<meta property=\"og:locale\" content=\"fr_FR\" \/>\n<meta property=\"og:type\" content=\"article\" \/>\n<meta property=\"og:title\" content=\"Le 3 juin 2022, une nouvelle Europe a-t-elle pris un nouveau d\u00e9part \u00e0 Riace ?\" \/>\n<meta property=\"og:description\" content=\"Si je r\u00e9fl\u00e9chis bien, il n\u2019existe aucun souvenir d\u2019un tel \u00e9v\u00e8nement, en tout cas pas dans les trente derni\u00e8res ann\u00e9es. Le fait qu\u2019un groupe de d\u00e9put\u00e9s\" \/>\n<meta property=\"og:url\" content=\"https:\/\/www.pressenza.com\/fr\/2022\/07\/le-3-juin-2022-une-nouvelle-europe-a-t-elle-pris-un-nouveau-depart-a-riace\/\" \/>\n<meta property=\"og:site_name\" content=\"Pressenza\" \/>\n<meta property=\"article:publisher\" content=\"https:\/\/www.facebook.com\/PressenzaItalia\" \/>\n<meta property=\"article:published_time\" content=\"2022-07-05T01:43:35+00:00\" \/>\n<meta property=\"og:image\" content=\"https:\/\/www.pressenza.com\/wp-content\/uploads\/2022\/06\/LUCANO-CON-MEPS.jpg\" \/>\n\t<meta property=\"og:image:width\" content=\"1920\" \/>\n\t<meta property=\"og:image:height\" content=\"1080\" \/>\n\t<meta property=\"og:image:type\" content=\"image\/jpeg\" \/>\n<meta name=\"author\" content=\"Maurizio Del Bufalo\" \/>\n<meta name=\"twitter:card\" content=\"summary_large_image\" \/>\n<meta name=\"twitter:creator\" content=\"@PressenzaIPA\" \/>\n<meta name=\"twitter:site\" content=\"@PressenzaIPA\" \/>\n<meta name=\"twitter:label1\" content=\"\u00c9crit par\" \/>\n\t<meta name=\"twitter:data1\" content=\"Maurizio Del Bufalo\" \/>\n\t<meta name=\"twitter:label2\" content=\"Dur\u00e9e de lecture estim\u00e9e\" \/>\n\t<meta name=\"twitter:data2\" content=\"9 minutes\" \/>\n<script type=\"application\/ld+json\" class=\"yoast-schema-graph\">{\"@context\":\"https:\/\/schema.org\",\"@graph\":[{\"@type\":\"Article\",\"@id\":\"https:\/\/www.pressenza.com\/fr\/2022\/07\/le-3-juin-2022-une-nouvelle-europe-a-t-elle-pris-un-nouveau-depart-a-riace\/#article\",\"isPartOf\":{\"@id\":\"https:\/\/www.pressenza.com\/fr\/2022\/07\/le-3-juin-2022-une-nouvelle-europe-a-t-elle-pris-un-nouveau-depart-a-riace\/\"},\"author\":{\"name\":\"Maurizio Del Bufalo\",\"@id\":\"https:\/\/www.pressenza.com\/fr\/#\/schema\/person\/3acf0650b7673bf0cc77778fd4e66213\"},\"headline\":\"Le 3 juin 2022, une nouvelle Europe a-t-elle pris un nouveau d\u00e9part \u00e0 Riace ?\",\"datePublished\":\"2022-07-05T01:43:35+00:00\",\"mainEntityOfPage\":{\"@id\":\"https:\/\/www.pressenza.com\/fr\/2022\/07\/le-3-juin-2022-une-nouvelle-europe-a-t-elle-pris-un-nouveau-depart-a-riace\/\"},\"wordCount\":1965,\"publisher\":{\"@id\":\"https:\/\/www.pressenza.com\/fr\/#organization\"},\"image\":{\"@id\":\"https:\/\/www.pressenza.com\/fr\/2022\/07\/le-3-juin-2022-une-nouvelle-europe-a-t-elle-pris-un-nouveau-depart-a-riace\/#primaryimage\"},\"thumbnailUrl\":\"https:\/\/www.pressenza.com\/wp-content\/uploads\/2022\/06\/LUCANO-CON-MEPS.jpg\",\"keywords\":[\"criminalisation de la solidarit\u00e9\",\"d\u00e9put\u00e9s europ\u00e9ens\",\"Mimmo Lucano\",\"politique d'accueil\",\"Riace\",\"Union europ\u00e9enne\"],\"articleSection\":[\"Contenu Original\",\"Droits humains\",\"Europe\",\"Politique\"],\"inLanguage\":\"fr-FR\"},{\"@type\":\"WebPage\",\"@id\":\"https:\/\/www.pressenza.com\/fr\/2022\/07\/le-3-juin-2022-une-nouvelle-europe-a-t-elle-pris-un-nouveau-depart-a-riace\/\",\"url\":\"https:\/\/www.pressenza.com\/fr\/2022\/07\/le-3-juin-2022-une-nouvelle-europe-a-t-elle-pris-un-nouveau-depart-a-riace\/\",\"name\":\"Le 3 juin 2022, une nouvelle Europe a-t-elle pris un nouveau d\u00e9part \u00e0 Riace ?\",\"isPartOf\":{\"@id\":\"https:\/\/www.pressenza.com\/fr\/#website\"},\"primaryImageOfPage\":{\"@id\":\"https:\/\/www.pressenza.com\/fr\/2022\/07\/le-3-juin-2022-une-nouvelle-europe-a-t-elle-pris-un-nouveau-depart-a-riace\/#primaryimage\"},\"image\":{\"@id\":\"https:\/\/www.pressenza.com\/fr\/2022\/07\/le-3-juin-2022-une-nouvelle-europe-a-t-elle-pris-un-nouveau-depart-a-riace\/#primaryimage\"},\"thumbnailUrl\":\"https:\/\/www.pressenza.com\/wp-content\/uploads\/2022\/06\/LUCANO-CON-MEPS.jpg\",\"datePublished\":\"2022-07-05T01:43:35+00:00\",\"description\":\"Si je r\u00e9fl\u00e9chis bien, il n\u2019existe aucun souvenir d\u2019un tel \u00e9v\u00e8nement, en tout cas pas dans les trente derni\u00e8res ann\u00e9es. Le fait qu\u2019un groupe de d\u00e9put\u00e9s\",\"breadcrumb\":{\"@id\":\"https:\/\/www.pressenza.com\/fr\/2022\/07\/le-3-juin-2022-une-nouvelle-europe-a-t-elle-pris-un-nouveau-depart-a-riace\/#breadcrumb\"},\"inLanguage\":\"fr-FR\",\"potentialAction\":[{\"@type\":\"ReadAction\",\"target\":[\"https:\/\/www.pressenza.com\/fr\/2022\/07\/le-3-juin-2022-une-nouvelle-europe-a-t-elle-pris-un-nouveau-depart-a-riace\/\"]}]},{\"@type\":\"ImageObject\",\"inLanguage\":\"fr-FR\",\"@id\":\"https:\/\/www.pressenza.com\/fr\/2022\/07\/le-3-juin-2022-une-nouvelle-europe-a-t-elle-pris-un-nouveau-depart-a-riace\/#primaryimage\",\"url\":\"https:\/\/www.pressenza.com\/wp-content\/uploads\/2022\/06\/LUCANO-CON-MEPS.jpg\",\"contentUrl\":\"https:\/\/www.pressenza.com\/wp-content\/uploads\/2022\/06\/LUCANO-CON-MEPS.jpg\",\"width\":1920,\"height\":1080,\"caption\":\"Hat am 3. Juni 2022 in Riace ein neues Europa begonnen?\"},{\"@type\":\"BreadcrumbList\",\"@id\":\"https:\/\/www.pressenza.com\/fr\/2022\/07\/le-3-juin-2022-une-nouvelle-europe-a-t-elle-pris-un-nouveau-depart-a-riace\/#breadcrumb\",\"itemListElement\":[{\"@type\":\"ListItem\",\"position\":1,\"name\":\"Accueil\",\"item\":\"https:\/\/www.pressenza.com\/fr\/\"},{\"@type\":\"ListItem\",\"position\":2,\"name\":\"Le 3 juin 2022, une nouvelle Europe a-t-elle pris un nouveau d\u00e9part \u00e0 Riace ?\"}]},{\"@type\":\"WebSite\",\"@id\":\"https:\/\/www.pressenza.com\/fr\/#website\",\"url\":\"https:\/\/www.pressenza.com\/fr\/\",\"name\":\"Pressenza\",\"description\":\"International Press Agency\",\"publisher\":{\"@id\":\"https:\/\/www.pressenza.com\/fr\/#organization\"},\"potentialAction\":[{\"@type\":\"SearchAction\",\"target\":{\"@type\":\"EntryPoint\",\"urlTemplate\":\"https:\/\/www.pressenza.com\/fr\/?s={search_term_string}\"},\"query-input\":{\"@type\":\"PropertyValueSpecification\",\"valueRequired\":true,\"valueName\":\"search_term_string\"}}],\"inLanguage\":\"fr-FR\"},{\"@type\":\"Organization\",\"@id\":\"https:\/\/www.pressenza.com\/fr\/#organization\",\"name\":\"Pressenza\",\"url\":\"https:\/\/www.pressenza.com\/fr\/\",\"logo\":{\"@type\":\"ImageObject\",\"inLanguage\":\"fr-FR\",\"@id\":\"https:\/\/www.pressenza.com\/fr\/#\/schema\/logo\/image\/\",\"url\":\"https:\/\/www.pressenza.com\/wp-content\/uploads\/2022\/10\/pressenza_logo_200x200.jpg\",\"contentUrl\":\"https:\/\/www.pressenza.com\/wp-content\/uploads\/2022\/10\/pressenza_logo_200x200.jpg\",\"width\":200,\"height\":200,\"caption\":\"Pressenza\"},\"image\":{\"@id\":\"https:\/\/www.pressenza.com\/fr\/#\/schema\/logo\/image\/\"},\"sameAs\":[\"https:\/\/www.facebook.com\/PressenzaItalia\",\"https:\/\/x.com\/PressenzaIPA\"]},{\"@type\":\"Person\",\"@id\":\"https:\/\/www.pressenza.com\/fr\/#\/schema\/person\/3acf0650b7673bf0cc77778fd4e66213\",\"name\":\"Maurizio Del Bufalo\",\"description\":\"Tra le tante attivit\u00e0 Maurizio Del Bufalo ha promosso a partire dal 2008 il Festival del Cinema dei Diritti Umani di Napoli, membro dal 2009 della rete Human Rights Film Network sponsorizzata da Amnesty International, giunto nel 2021 alla XIII edizione. Nel 2010 \u00e8 stato tra i fondatori della Rete del Caff\u00e8 Sospeso, composta da 7 Festival culturali italiani che lavorano in solidariet\u00e0, situati in luoghi di frontiera (Cagliari, Trieste, Val Susa, Napoli, Lampedusa, Polizzi Generosa e Riace). Nel gennaio 2021 \u00e8 diventato il Presidente della Rete del Caff\u00e8 Sospeso, ampliandone la compagine e proponendo una nuova missione di solidariet\u00e0 internazionale a sostegno degli intellettuali perseguitati nei Paesi d\u2019origine.\",\"url\":\"https:\/\/www.pressenza.com\/fr\/author\/maurizio-del-bufalo\/\"}]}<\/script>\n<!-- \/ Yoast SEO plugin. -->","yoast_head_json":{"title":"Le 3 juin 2022, une nouvelle Europe a-t-elle pris un nouveau d\u00e9part \u00e0 Riace ?","description":"Si je r\u00e9fl\u00e9chis bien, il n\u2019existe aucun souvenir d\u2019un tel \u00e9v\u00e8nement, en tout cas pas dans les trente derni\u00e8res ann\u00e9es. Le fait qu\u2019un groupe de d\u00e9put\u00e9s","robots":{"index":"index","follow":"follow","max-snippet":"max-snippet:-1","max-image-preview":"max-image-preview:large","max-video-preview":"max-video-preview:-1"},"canonical":"https:\/\/www.pressenza.com\/fr\/2022\/07\/le-3-juin-2022-une-nouvelle-europe-a-t-elle-pris-un-nouveau-depart-a-riace\/","og_locale":"fr_FR","og_type":"article","og_title":"Le 3 juin 2022, une nouvelle Europe a-t-elle pris un nouveau d\u00e9part \u00e0 Riace ?","og_description":"Si je r\u00e9fl\u00e9chis bien, il n\u2019existe aucun souvenir d\u2019un tel \u00e9v\u00e8nement, en tout cas pas dans les trente derni\u00e8res ann\u00e9es. Le fait qu\u2019un groupe de d\u00e9put\u00e9s","og_url":"https:\/\/www.pressenza.com\/fr\/2022\/07\/le-3-juin-2022-une-nouvelle-europe-a-t-elle-pris-un-nouveau-depart-a-riace\/","og_site_name":"Pressenza","article_publisher":"https:\/\/www.facebook.com\/PressenzaItalia","article_published_time":"2022-07-05T01:43:35+00:00","og_image":[{"width":1920,"height":1080,"url":"https:\/\/www.pressenza.com\/wp-content\/uploads\/2022\/06\/LUCANO-CON-MEPS.jpg","type":"image\/jpeg"}],"author":"Maurizio Del Bufalo","twitter_card":"summary_large_image","twitter_creator":"@PressenzaIPA","twitter_site":"@PressenzaIPA","twitter_misc":{"\u00c9crit par":"Maurizio Del Bufalo","Dur\u00e9e de lecture estim\u00e9e":"9 minutes"},"schema":{"@context":"https:\/\/schema.org","@graph":[{"@type":"Article","@id":"https:\/\/www.pressenza.com\/fr\/2022\/07\/le-3-juin-2022-une-nouvelle-europe-a-t-elle-pris-un-nouveau-depart-a-riace\/#article","isPartOf":{"@id":"https:\/\/www.pressenza.com\/fr\/2022\/07\/le-3-juin-2022-une-nouvelle-europe-a-t-elle-pris-un-nouveau-depart-a-riace\/"},"author":{"name":"Maurizio Del Bufalo","@id":"https:\/\/www.pressenza.com\/fr\/#\/schema\/person\/3acf0650b7673bf0cc77778fd4e66213"},"headline":"Le 3 juin 2022, une nouvelle Europe a-t-elle pris un nouveau d\u00e9part \u00e0 Riace ?","datePublished":"2022-07-05T01:43:35+00:00","mainEntityOfPage":{"@id":"https:\/\/www.pressenza.com\/fr\/2022\/07\/le-3-juin-2022-une-nouvelle-europe-a-t-elle-pris-un-nouveau-depart-a-riace\/"},"wordCount":1965,"publisher":{"@id":"https:\/\/www.pressenza.com\/fr\/#organization"},"image":{"@id":"https:\/\/www.pressenza.com\/fr\/2022\/07\/le-3-juin-2022-une-nouvelle-europe-a-t-elle-pris-un-nouveau-depart-a-riace\/#primaryimage"},"thumbnailUrl":"https:\/\/www.pressenza.com\/wp-content\/uploads\/2022\/06\/LUCANO-CON-MEPS.jpg","keywords":["criminalisation de la solidarit\u00e9","d\u00e9put\u00e9s europ\u00e9ens","Mimmo Lucano","politique d'accueil","Riace","Union europ\u00e9enne"],"articleSection":["Contenu Original","Droits humains","Europe","Politique"],"inLanguage":"fr-FR"},{"@type":"WebPage","@id":"https:\/\/www.pressenza.com\/fr\/2022\/07\/le-3-juin-2022-une-nouvelle-europe-a-t-elle-pris-un-nouveau-depart-a-riace\/","url":"https:\/\/www.pressenza.com\/fr\/2022\/07\/le-3-juin-2022-une-nouvelle-europe-a-t-elle-pris-un-nouveau-depart-a-riace\/","name":"Le 3 juin 2022, une nouvelle Europe a-t-elle pris un nouveau d\u00e9part \u00e0 Riace ?","isPartOf":{"@id":"https:\/\/www.pressenza.com\/fr\/#website"},"primaryImageOfPage":{"@id":"https:\/\/www.pressenza.com\/fr\/2022\/07\/le-3-juin-2022-une-nouvelle-europe-a-t-elle-pris-un-nouveau-depart-a-riace\/#primaryimage"},"image":{"@id":"https:\/\/www.pressenza.com\/fr\/2022\/07\/le-3-juin-2022-une-nouvelle-europe-a-t-elle-pris-un-nouveau-depart-a-riace\/#primaryimage"},"thumbnailUrl":"https:\/\/www.pressenza.com\/wp-content\/uploads\/2022\/06\/LUCANO-CON-MEPS.jpg","datePublished":"2022-07-05T01:43:35+00:00","description":"Si je r\u00e9fl\u00e9chis bien, il n\u2019existe aucun souvenir d\u2019un tel \u00e9v\u00e8nement, en tout cas pas dans les trente derni\u00e8res ann\u00e9es. Le fait qu\u2019un groupe de d\u00e9put\u00e9s","breadcrumb":{"@id":"https:\/\/www.pressenza.com\/fr\/2022\/07\/le-3-juin-2022-une-nouvelle-europe-a-t-elle-pris-un-nouveau-depart-a-riace\/#breadcrumb"},"inLanguage":"fr-FR","potentialAction":[{"@type":"ReadAction","target":["https:\/\/www.pressenza.com\/fr\/2022\/07\/le-3-juin-2022-une-nouvelle-europe-a-t-elle-pris-un-nouveau-depart-a-riace\/"]}]},{"@type":"ImageObject","inLanguage":"fr-FR","@id":"https:\/\/www.pressenza.com\/fr\/2022\/07\/le-3-juin-2022-une-nouvelle-europe-a-t-elle-pris-un-nouveau-depart-a-riace\/#primaryimage","url":"https:\/\/www.pressenza.com\/wp-content\/uploads\/2022\/06\/LUCANO-CON-MEPS.jpg","contentUrl":"https:\/\/www.pressenza.com\/wp-content\/uploads\/2022\/06\/LUCANO-CON-MEPS.jpg","width":1920,"height":1080,"caption":"Hat am 3. Juni 2022 in Riace ein neues Europa begonnen?"},{"@type":"BreadcrumbList","@id":"https:\/\/www.pressenza.com\/fr\/2022\/07\/le-3-juin-2022-une-nouvelle-europe-a-t-elle-pris-un-nouveau-depart-a-riace\/#breadcrumb","itemListElement":[{"@type":"ListItem","position":1,"name":"Accueil","item":"https:\/\/www.pressenza.com\/fr\/"},{"@type":"ListItem","position":2,"name":"Le 3 juin 2022, une nouvelle Europe a-t-elle pris un nouveau d\u00e9part \u00e0 Riace ?"}]},{"@type":"WebSite","@id":"https:\/\/www.pressenza.com\/fr\/#website","url":"https:\/\/www.pressenza.com\/fr\/","name":"Pressenza","description":"International Press Agency","publisher":{"@id":"https:\/\/www.pressenza.com\/fr\/#organization"},"potentialAction":[{"@type":"SearchAction","target":{"@type":"EntryPoint","urlTemplate":"https:\/\/www.pressenza.com\/fr\/?s={search_term_string}"},"query-input":{"@type":"PropertyValueSpecification","valueRequired":true,"valueName":"search_term_string"}}],"inLanguage":"fr-FR"},{"@type":"Organization","@id":"https:\/\/www.pressenza.com\/fr\/#organization","name":"Pressenza","url":"https:\/\/www.pressenza.com\/fr\/","logo":{"@type":"ImageObject","inLanguage":"fr-FR","@id":"https:\/\/www.pressenza.com\/fr\/#\/schema\/logo\/image\/","url":"https:\/\/www.pressenza.com\/wp-content\/uploads\/2022\/10\/pressenza_logo_200x200.jpg","contentUrl":"https:\/\/www.pressenza.com\/wp-content\/uploads\/2022\/10\/pressenza_logo_200x200.jpg","width":200,"height":200,"caption":"Pressenza"},"image":{"@id":"https:\/\/www.pressenza.com\/fr\/#\/schema\/logo\/image\/"},"sameAs":["https:\/\/www.facebook.com\/PressenzaItalia","https:\/\/x.com\/PressenzaIPA"]},{"@type":"Person","@id":"https:\/\/www.pressenza.com\/fr\/#\/schema\/person\/3acf0650b7673bf0cc77778fd4e66213","name":"Maurizio Del Bufalo","description":"Tra le tante attivit\u00e0 Maurizio Del Bufalo ha promosso a partire dal 2008 il Festival del Cinema dei Diritti Umani di Napoli, membro dal 2009 della rete Human Rights Film Network sponsorizzata da Amnesty International, giunto nel 2021 alla XIII edizione. Nel 2010 \u00e8 stato tra i fondatori della Rete del Caff\u00e8 Sospeso, composta da 7 Festival culturali italiani che lavorano in solidariet\u00e0, situati in luoghi di frontiera (Cagliari, Trieste, Val Susa, Napoli, Lampedusa, Polizzi Generosa e Riace). Nel gennaio 2021 \u00e8 diventato il Presidente della Rete del Caff\u00e8 Sospeso, ampliandone la compagine e proponendo una nuova missione di solidariet\u00e0 internazionale a sostegno degli intellettuali perseguitati nei Paesi d\u2019origine.","url":"https:\/\/www.pressenza.com\/fr\/author\/maurizio-del-bufalo\/"}]}},"place":"Riace - Italie","original_article_url":"","_links":{"self":[{"href":"https:\/\/www.pressenza.com\/fr\/wp-json\/wp\/v2\/posts\/1620164","targetHints":{"allow":["GET"]}}],"collection":[{"href":"https:\/\/www.pressenza.com\/fr\/wp-json\/wp\/v2\/posts"}],"about":[{"href":"https:\/\/www.pressenza.com\/fr\/wp-json\/wp\/v2\/types\/post"}],"author":[{"embeddable":true,"href":"https:\/\/www.pressenza.com\/fr\/wp-json\/wp\/v2\/users\/2108"}],"replies":[{"embeddable":true,"href":"https:\/\/www.pressenza.com\/fr\/wp-json\/wp\/v2\/comments?post=1620164"}],"version-history":[{"count":0,"href":"https:\/\/www.pressenza.com\/fr\/wp-json\/wp\/v2\/posts\/1620164\/revisions"}],"wp:featuredmedia":[{"embeddable":true,"href":"https:\/\/www.pressenza.com\/fr\/wp-json\/wp\/v2\/media\/1603071"}],"wp:attachment":[{"href":"https:\/\/www.pressenza.com\/fr\/wp-json\/wp\/v2\/media?parent=1620164"}],"wp:term":[{"taxonomy":"category","embeddable":true,"href":"https:\/\/www.pressenza.com\/fr\/wp-json\/wp\/v2\/categories?post=1620164"},{"taxonomy":"post_tag","embeddable":true,"href":"https:\/\/www.pressenza.com\/fr\/wp-json\/wp\/v2\/tags?post=1620164"}],"curies":[{"name":"wp","href":"https:\/\/api.w.org\/{rel}","templated":true}]}}