{"id":1619366,"date":"2022-07-03T19:38:41","date_gmt":"2022-07-03T18:38:41","guid":{"rendered":"https:\/\/www.pressenza.com\/?p=1619366"},"modified":"2022-07-03T19:38:41","modified_gmt":"2022-07-03T18:38:41","slug":"de-melilla-a-san-antonio-la-vie-des-migrant-es-compte","status":"publish","type":"post","link":"https:\/\/www.pressenza.com\/fr\/2022\/07\/de-melilla-a-san-antonio-la-vie-des-migrant-es-compte\/","title":{"rendered":"De Melilla \u00e0 San Antonio, la vie des migrant.es compte !"},"content":{"rendered":"<p><strong>D\u00e9claration de La Via Campesina pour la vie des migrant.es et de leur familles<\/strong><\/p>\n<p><strong>Bagnolet, 30 Juin:<\/strong> Une fois de plus, les fronti\u00e8res sont pleines de cadavres de migrant.es qui cherchaient d\u00e9sesp\u00e9r\u00e9ment \u00e0 \u00e9chapper \u00e0 la mis\u00e8re, \u00e0 la d\u00e9possession, \u00e0 la r\u00e9pression institutionnelle et \u00e0 la violence des bandes criminelles qui trafiquent avec la vie, b\u00e9n\u00e9ficiant de l\u2019impunit\u00e9 et de la complaisance des \u00c9tats du Nord. Le vendredi 24 juin, une trentaine de migrant.es ont perdu la vie \u00e0 la fronti\u00e8re entre Melilla et l\u2019Espagne aux mains d\u2019agents frontaliers. Trois jours plus tard, le lundi 27 juin, 51 migrant.es ont \u00e9t\u00e9 retrouv\u00e9.es morts enferm\u00e9.es dans un camion de marchandises \u00e0 San Antonio, au Texas.<\/p>\n<p>Les victimes du Texas \u00e9taient des personnes d\u00e9poss\u00e9d\u00e9es qui ne peuvent plus vivre sur leurs terres et cherchent d\u00e9sesp\u00e9r\u00e9ment \u00e0 survivre. Ils s\u2019ajoutent \u00e0 la longue liste de milliers de morts aux fronti\u00e8res depuis que Les \u00c9tats du Nord ont choisi de g\u00e9rer les processus migratoires par une strat\u00e9gie militaire et r\u00e9pressive, et qui s\u2019est approfondie depuis l\u2019approbation du soi-disant <a href=\"https:\/\/www.un.org\/fr\/conf\/migration\/global-compact-for-safe-orderly-regular-migration.shtml\">Pacte mondial pour des migrations s\u00fbres<\/a>, ordonn\u00e9es et r\u00e9guli\u00e8res en d\u00e9cembre 2018, et dans lequel le principe des droits humains a \u00e9t\u00e9 n\u00e9glig\u00e9.<\/p>\n<p>Les images de ce qui s\u2019est pass\u00e9 \u00e0 Melilla ont montr\u00e9 au monde la cruaut\u00e9 avec laquelle les forces migratoires marocaines et espagnoles ont r\u00e9prim\u00e9 les Subsahariens impuissants. \u00c0 San Antonio, au Texas, les morts sont 39 hommes et 12 femmes, principalement des Mexicain.es, ainsi que des Guat\u00e9malt\u00e8ques, des Hondurien.es et d\u2019autres nationalit\u00e9s\u2026 et des enfants.<\/p>\n<p>Face \u00e0 cette trag\u00e9die douloureuse, La Via Campesina ne peut rester silencieuse. Nous nous joignons \u00e0 l\u2019indignation mondiale. Nous nous associons aux d\u00e9nonciations des organisations de d\u00e9fense des droits humains, comme l\u2019Association marocaine des droits humains. Nous nous joignons \u00e0 la demande du Commissaire des Nations Unies aux droits de l\u2019homme pour une enqu\u00eate sur la violation des droits humains par les \u00c9tats en vertu de la Convention internationale sur les droits des travailleur.euses migrant.es.<\/p>\n<p>Nous joignons \u00e9galement nos voix \u00e0 la demande de mettre fin \u00e0 la complicit\u00e9 de gouvernements tels que le Maroc et le Mexique, et d\u2019autres, qui font le \u201csale boulot\u201d en ex\u00e9cutant les politiques et les actions contre les migrants, impos\u00e9es par les \u00c9tats du Nord comme les \u00c9tats-Unis et l\u2019Union europ\u00e9enne.<\/p>\n<p>Nous appelons d\u2019urgence nos organisations de La Via Campesina et nos alli\u00e9.es \u00e0 se mobiliser pour mener des actions concr\u00e8tes en d\u00e9fense de la vie des migrant.es.<\/p>\n<p>Enfin, nous appelons la soci\u00e9t\u00e9 dans son ensemble \u00e0 sortir de l\u2019indiff\u00e9rence mondiale et \u00e0 exiger, par l\u2019action, la protection de la vie des migrant.es.<\/p>\n<p class=\"has-text-align-center\"><strong>LA VIE DES MIGRANT.ES COMPTE ! PLUS DE MORTS \u00c0 LA FRONTI\u00c8RE !<\/strong><\/p>\n<p class=\"has-text-align-center\"><strong>POUR UNE UNIT\u00c9 D\u2019ACTION MONDIALE ET UNE SOLIDARIT\u00c9 AVEC LES MIGRANT.ES<br \/>\nPARTOUT DANS LE MONDE !<\/strong><\/p>\n<p>&nbsp;<\/p>\n<p>Source : <a href=\"https:\/\/viacampesina.org\/fr\/declaration-de-lvc-de-melilla-a-san-antonio-la-vie-des-migrant-es-compte\/\">https:\/\/viacampesina.org\/fr\/declaration-de-lvc-de-melilla-a-san-antonio-la-vie-des-migrant-es-compte\/<\/a><\/p>\n","protected":false},"excerpt":{"rendered":"<p>D\u00e9claration de La Via Campesina pour la vie des migrant.es et de leur familles Bagnolet, 30 Juin: Une fois de plus, les fronti\u00e8res sont pleines de cadavres de migrant.es qui cherchaient d\u00e9sesp\u00e9r\u00e9ment \u00e0 \u00e9chapper \u00e0 la mis\u00e8re, \u00e0 la d\u00e9possession,&hellip;<\/p>\n","protected":false},"author":87,"featured_media":1619051,"comment_status":"closed","ping_status":"closed","sticky":false,"template":"","format":"standard","meta":{"footnotes":""},"categories":[151,98,54568,95],"tags":[261,312,72912,103363,55106,7833,103389],"class_list":["post-1619366","post","type-post","status-publish","format-standard","has-post-thumbnail","hentry","category-communique-de-presse","category-droits-de-lhomme","category-migrants-fr","category-affaires-etrangeres","tag-espagne","tag-etats-unis","tag-la-via-campesina-fr","tag-melilla-fr","tag-migrantes-fr","tag-migrants-fr","tag-san-antonio-fr"],"yoast_head":"<!-- This site is optimized with the Yoast SEO plugin v27.1.1 - https:\/\/yoast.com\/product\/yoast-seo-wordpress\/ -->\n<title>De Melilla \u00e0 San Antonio, la vie des migrant.es compte !<\/title>\n<meta name=\"description\" content=\"D\u00e9claration de La Via Campesina pour la vie des migrant.es et de leur familles Bagnolet, 30 Juin: Une fois de plus, les fronti\u00e8res sont pleines de\" \/>\n<meta name=\"robots\" content=\"index, follow, max-snippet:-1, max-image-preview:large, max-video-preview:-1\" \/>\n<link rel=\"canonical\" href=\"https:\/\/www.pressenza.com\/fr\/2022\/07\/de-melilla-a-san-antonio-la-vie-des-migrant-es-compte\/\" \/>\n<meta property=\"og:locale\" content=\"fr_FR\" \/>\n<meta property=\"og:type\" content=\"article\" \/>\n<meta property=\"og:title\" content=\"De Melilla \u00e0 San Antonio, la vie des migrant.es compte !\" \/>\n<meta property=\"og:description\" content=\"D\u00e9claration de La Via Campesina pour la vie des migrant.es et de leur familles Bagnolet, 30 Juin: Une fois de plus, les fronti\u00e8res sont pleines de\" \/>\n<meta property=\"og:url\" content=\"https:\/\/www.pressenza.com\/fr\/2022\/07\/de-melilla-a-san-antonio-la-vie-des-migrant-es-compte\/\" \/>\n<meta property=\"og:site_name\" content=\"Pressenza\" \/>\n<meta property=\"article:publisher\" content=\"https:\/\/www.facebook.com\/PressenzaItalia\" \/>\n<meta property=\"article:published_time\" content=\"2022-07-03T18:38:41+00:00\" \/>\n<meta property=\"og:image\" content=\"https:\/\/www.pressenza.com\/wp-content\/uploads\/2022\/07\/Ilustracio\u0301n-la-Vi\u0301a-Campesina.jpg\" \/>\n\t<meta property=\"og:image:width\" content=\"1024\" \/>\n\t<meta property=\"og:image:height\" content=\"683\" \/>\n\t<meta property=\"og:image:type\" content=\"image\/jpeg\" \/>\n<meta name=\"author\" content=\"Redacci\u00f3n Argentina\" \/>\n<meta name=\"twitter:card\" content=\"summary_large_image\" \/>\n<meta name=\"twitter:creator\" content=\"@pressenza\" \/>\n<meta name=\"twitter:site\" content=\"@PressenzaIPA\" \/>\n<meta name=\"twitter:label1\" content=\"\u00c9crit par\" \/>\n\t<meta name=\"twitter:data1\" content=\"Redacci\u00f3n Argentina\" \/>\n\t<meta name=\"twitter:label2\" content=\"Dur\u00e9e de lecture estim\u00e9e\" \/>\n\t<meta name=\"twitter:data2\" content=\"3 minutes\" \/>\n<script type=\"application\/ld+json\" class=\"yoast-schema-graph\">{\"@context\":\"https:\/\/schema.org\",\"@graph\":[{\"@type\":\"Article\",\"@id\":\"https:\/\/www.pressenza.com\/fr\/2022\/07\/de-melilla-a-san-antonio-la-vie-des-migrant-es-compte\/#article\",\"isPartOf\":{\"@id\":\"https:\/\/www.pressenza.com\/fr\/2022\/07\/de-melilla-a-san-antonio-la-vie-des-migrant-es-compte\/\"},\"author\":{\"name\":\"Redacci\u00f3n Argentina\",\"@id\":\"https:\/\/www.pressenza.com\/fr\/#\/schema\/person\/0dda7d1b68267ad95b1e1d83abc98c89\"},\"headline\":\"De Melilla \u00e0 San Antonio, la vie des migrant.es compte !\",\"datePublished\":\"2022-07-03T18:38:41+00:00\",\"mainEntityOfPage\":{\"@id\":\"https:\/\/www.pressenza.com\/fr\/2022\/07\/de-melilla-a-san-antonio-la-vie-des-migrant-es-compte\/\"},\"wordCount\":524,\"publisher\":{\"@id\":\"https:\/\/www.pressenza.com\/fr\/#organization\"},\"image\":{\"@id\":\"https:\/\/www.pressenza.com\/fr\/2022\/07\/de-melilla-a-san-antonio-la-vie-des-migrant-es-compte\/#primaryimage\"},\"thumbnailUrl\":\"https:\/\/www.pressenza.com\/wp-content\/uploads\/2022\/07\/Ilustracio\u0301n-la-Vi\u0301a-Campesina.jpg\",\"keywords\":[\"Espagne\",\"\u00c9tats-Unis\",\"La Via Campesina\",\"Melilla\",\"migrantes\",\"Migrants\",\"San Antonio\"],\"articleSection\":[\"Communiqu\u00e9s de Presse\",\"Droits humains\",\"Migrants\",\"Relations internationales\"],\"inLanguage\":\"fr-FR\"},{\"@type\":\"WebPage\",\"@id\":\"https:\/\/www.pressenza.com\/fr\/2022\/07\/de-melilla-a-san-antonio-la-vie-des-migrant-es-compte\/\",\"url\":\"https:\/\/www.pressenza.com\/fr\/2022\/07\/de-melilla-a-san-antonio-la-vie-des-migrant-es-compte\/\",\"name\":\"De Melilla \u00e0 San Antonio, la vie des migrant.es compte !\",\"isPartOf\":{\"@id\":\"https:\/\/www.pressenza.com\/fr\/#website\"},\"primaryImageOfPage\":{\"@id\":\"https:\/\/www.pressenza.com\/fr\/2022\/07\/de-melilla-a-san-antonio-la-vie-des-migrant-es-compte\/#primaryimage\"},\"image\":{\"@id\":\"https:\/\/www.pressenza.com\/fr\/2022\/07\/de-melilla-a-san-antonio-la-vie-des-migrant-es-compte\/#primaryimage\"},\"thumbnailUrl\":\"https:\/\/www.pressenza.com\/wp-content\/uploads\/2022\/07\/Ilustracio\u0301n-la-Vi\u0301a-Campesina.jpg\",\"datePublished\":\"2022-07-03T18:38:41+00:00\",\"description\":\"D\u00e9claration de La Via Campesina pour la vie des migrant.es et de leur familles Bagnolet, 30 Juin: Une fois de plus, les fronti\u00e8res sont pleines de\",\"breadcrumb\":{\"@id\":\"https:\/\/www.pressenza.com\/fr\/2022\/07\/de-melilla-a-san-antonio-la-vie-des-migrant-es-compte\/#breadcrumb\"},\"inLanguage\":\"fr-FR\",\"potentialAction\":[{\"@type\":\"ReadAction\",\"target\":[\"https:\/\/www.pressenza.com\/fr\/2022\/07\/de-melilla-a-san-antonio-la-vie-des-migrant-es-compte\/\"]}]},{\"@type\":\"ImageObject\",\"inLanguage\":\"fr-FR\",\"@id\":\"https:\/\/www.pressenza.com\/fr\/2022\/07\/de-melilla-a-san-antonio-la-vie-des-migrant-es-compte\/#primaryimage\",\"url\":\"https:\/\/www.pressenza.com\/wp-content\/uploads\/2022\/07\/Ilustracio\u0301n-la-Vi\u0301a-Campesina.jpg\",\"contentUrl\":\"https:\/\/www.pressenza.com\/wp-content\/uploads\/2022\/07\/Ilustracio\u0301n-la-Vi\u0301a-Campesina.jpg\",\"width\":1024,\"height\":683},{\"@type\":\"BreadcrumbList\",\"@id\":\"https:\/\/www.pressenza.com\/fr\/2022\/07\/de-melilla-a-san-antonio-la-vie-des-migrant-es-compte\/#breadcrumb\",\"itemListElement\":[{\"@type\":\"ListItem\",\"position\":1,\"name\":\"Accueil\",\"item\":\"https:\/\/www.pressenza.com\/fr\/\"},{\"@type\":\"ListItem\",\"position\":2,\"name\":\"De Melilla \u00e0 San Antonio, la vie des migrant.es compte !\"}]},{\"@type\":\"WebSite\",\"@id\":\"https:\/\/www.pressenza.com\/fr\/#website\",\"url\":\"https:\/\/www.pressenza.com\/fr\/\",\"name\":\"Pressenza\",\"description\":\"International Press Agency\",\"publisher\":{\"@id\":\"https:\/\/www.pressenza.com\/fr\/#organization\"},\"potentialAction\":[{\"@type\":\"SearchAction\",\"target\":{\"@type\":\"EntryPoint\",\"urlTemplate\":\"https:\/\/www.pressenza.com\/fr\/?s={search_term_string}\"},\"query-input\":{\"@type\":\"PropertyValueSpecification\",\"valueRequired\":true,\"valueName\":\"search_term_string\"}}],\"inLanguage\":\"fr-FR\"},{\"@type\":\"Organization\",\"@id\":\"https:\/\/www.pressenza.com\/fr\/#organization\",\"name\":\"Pressenza\",\"url\":\"https:\/\/www.pressenza.com\/fr\/\",\"logo\":{\"@type\":\"ImageObject\",\"inLanguage\":\"fr-FR\",\"@id\":\"https:\/\/www.pressenza.com\/fr\/#\/schema\/logo\/image\/\",\"url\":\"https:\/\/www.pressenza.com\/wp-content\/uploads\/2022\/10\/pressenza_logo_200x200.jpg\",\"contentUrl\":\"https:\/\/www.pressenza.com\/wp-content\/uploads\/2022\/10\/pressenza_logo_200x200.jpg\",\"width\":200,\"height\":200,\"caption\":\"Pressenza\"},\"image\":{\"@id\":\"https:\/\/www.pressenza.com\/fr\/#\/schema\/logo\/image\/\"},\"sameAs\":[\"https:\/\/www.facebook.com\/PressenzaItalia\",\"https:\/\/x.com\/PressenzaIPA\"]},{\"@type\":\"Person\",\"@id\":\"https:\/\/www.pressenza.com\/fr\/#\/schema\/person\/0dda7d1b68267ad95b1e1d83abc98c89\",\"name\":\"Redacci\u00f3n Argentina\",\"description\":\"News from the Pressenza Bureau in Argentina.\",\"sameAs\":[\"https:\/\/x.com\/pressenza\"],\"url\":\"https:\/\/www.pressenza.com\/fr\/author\/redaccion-argentina\/\"}]}<\/script>\n<!-- \/ Yoast SEO plugin. -->","yoast_head_json":{"title":"De Melilla \u00e0 San Antonio, la vie des migrant.es compte !","description":"D\u00e9claration de La Via Campesina pour la vie des migrant.es et de leur familles Bagnolet, 30 Juin: Une fois de plus, les fronti\u00e8res sont pleines de","robots":{"index":"index","follow":"follow","max-snippet":"max-snippet:-1","max-image-preview":"max-image-preview:large","max-video-preview":"max-video-preview:-1"},"canonical":"https:\/\/www.pressenza.com\/fr\/2022\/07\/de-melilla-a-san-antonio-la-vie-des-migrant-es-compte\/","og_locale":"fr_FR","og_type":"article","og_title":"De Melilla \u00e0 San Antonio, la vie des migrant.es compte !","og_description":"D\u00e9claration de La Via Campesina pour la vie des migrant.es et de leur familles Bagnolet, 30 Juin: Une fois de plus, les fronti\u00e8res sont pleines de","og_url":"https:\/\/www.pressenza.com\/fr\/2022\/07\/de-melilla-a-san-antonio-la-vie-des-migrant-es-compte\/","og_site_name":"Pressenza","article_publisher":"https:\/\/www.facebook.com\/PressenzaItalia","article_published_time":"2022-07-03T18:38:41+00:00","og_image":[{"width":1024,"height":683,"url":"https:\/\/www.pressenza.com\/wp-content\/uploads\/2022\/07\/Ilustracio\u0301n-la-Vi\u0301a-Campesina.jpg","type":"image\/jpeg"}],"author":"Redacci\u00f3n Argentina","twitter_card":"summary_large_image","twitter_creator":"@pressenza","twitter_site":"@PressenzaIPA","twitter_misc":{"\u00c9crit par":"Redacci\u00f3n Argentina","Dur\u00e9e de lecture estim\u00e9e":"3 minutes"},"schema":{"@context":"https:\/\/schema.org","@graph":[{"@type":"Article","@id":"https:\/\/www.pressenza.com\/fr\/2022\/07\/de-melilla-a-san-antonio-la-vie-des-migrant-es-compte\/#article","isPartOf":{"@id":"https:\/\/www.pressenza.com\/fr\/2022\/07\/de-melilla-a-san-antonio-la-vie-des-migrant-es-compte\/"},"author":{"name":"Redacci\u00f3n Argentina","@id":"https:\/\/www.pressenza.com\/fr\/#\/schema\/person\/0dda7d1b68267ad95b1e1d83abc98c89"},"headline":"De Melilla \u00e0 San Antonio, la vie des migrant.es compte !","datePublished":"2022-07-03T18:38:41+00:00","mainEntityOfPage":{"@id":"https:\/\/www.pressenza.com\/fr\/2022\/07\/de-melilla-a-san-antonio-la-vie-des-migrant-es-compte\/"},"wordCount":524,"publisher":{"@id":"https:\/\/www.pressenza.com\/fr\/#organization"},"image":{"@id":"https:\/\/www.pressenza.com\/fr\/2022\/07\/de-melilla-a-san-antonio-la-vie-des-migrant-es-compte\/#primaryimage"},"thumbnailUrl":"https:\/\/www.pressenza.com\/wp-content\/uploads\/2022\/07\/Ilustracio\u0301n-la-Vi\u0301a-Campesina.jpg","keywords":["Espagne","\u00c9tats-Unis","La Via Campesina","Melilla","migrantes","Migrants","San Antonio"],"articleSection":["Communiqu\u00e9s de Presse","Droits humains","Migrants","Relations internationales"],"inLanguage":"fr-FR"},{"@type":"WebPage","@id":"https:\/\/www.pressenza.com\/fr\/2022\/07\/de-melilla-a-san-antonio-la-vie-des-migrant-es-compte\/","url":"https:\/\/www.pressenza.com\/fr\/2022\/07\/de-melilla-a-san-antonio-la-vie-des-migrant-es-compte\/","name":"De Melilla \u00e0 San Antonio, la vie des migrant.es compte !","isPartOf":{"@id":"https:\/\/www.pressenza.com\/fr\/#website"},"primaryImageOfPage":{"@id":"https:\/\/www.pressenza.com\/fr\/2022\/07\/de-melilla-a-san-antonio-la-vie-des-migrant-es-compte\/#primaryimage"},"image":{"@id":"https:\/\/www.pressenza.com\/fr\/2022\/07\/de-melilla-a-san-antonio-la-vie-des-migrant-es-compte\/#primaryimage"},"thumbnailUrl":"https:\/\/www.pressenza.com\/wp-content\/uploads\/2022\/07\/Ilustracio\u0301n-la-Vi\u0301a-Campesina.jpg","datePublished":"2022-07-03T18:38:41+00:00","description":"D\u00e9claration de La Via Campesina pour la vie des migrant.es et de leur familles Bagnolet, 30 Juin: Une fois de plus, les fronti\u00e8res sont pleines de","breadcrumb":{"@id":"https:\/\/www.pressenza.com\/fr\/2022\/07\/de-melilla-a-san-antonio-la-vie-des-migrant-es-compte\/#breadcrumb"},"inLanguage":"fr-FR","potentialAction":[{"@type":"ReadAction","target":["https:\/\/www.pressenza.com\/fr\/2022\/07\/de-melilla-a-san-antonio-la-vie-des-migrant-es-compte\/"]}]},{"@type":"ImageObject","inLanguage":"fr-FR","@id":"https:\/\/www.pressenza.com\/fr\/2022\/07\/de-melilla-a-san-antonio-la-vie-des-migrant-es-compte\/#primaryimage","url":"https:\/\/www.pressenza.com\/wp-content\/uploads\/2022\/07\/Ilustracio\u0301n-la-Vi\u0301a-Campesina.jpg","contentUrl":"https:\/\/www.pressenza.com\/wp-content\/uploads\/2022\/07\/Ilustracio\u0301n-la-Vi\u0301a-Campesina.jpg","width":1024,"height":683},{"@type":"BreadcrumbList","@id":"https:\/\/www.pressenza.com\/fr\/2022\/07\/de-melilla-a-san-antonio-la-vie-des-migrant-es-compte\/#breadcrumb","itemListElement":[{"@type":"ListItem","position":1,"name":"Accueil","item":"https:\/\/www.pressenza.com\/fr\/"},{"@type":"ListItem","position":2,"name":"De Melilla \u00e0 San Antonio, la vie des migrant.es compte !"}]},{"@type":"WebSite","@id":"https:\/\/www.pressenza.com\/fr\/#website","url":"https:\/\/www.pressenza.com\/fr\/","name":"Pressenza","description":"International Press Agency","publisher":{"@id":"https:\/\/www.pressenza.com\/fr\/#organization"},"potentialAction":[{"@type":"SearchAction","target":{"@type":"EntryPoint","urlTemplate":"https:\/\/www.pressenza.com\/fr\/?s={search_term_string}"},"query-input":{"@type":"PropertyValueSpecification","valueRequired":true,"valueName":"search_term_string"}}],"inLanguage":"fr-FR"},{"@type":"Organization","@id":"https:\/\/www.pressenza.com\/fr\/#organization","name":"Pressenza","url":"https:\/\/www.pressenza.com\/fr\/","logo":{"@type":"ImageObject","inLanguage":"fr-FR","@id":"https:\/\/www.pressenza.com\/fr\/#\/schema\/logo\/image\/","url":"https:\/\/www.pressenza.com\/wp-content\/uploads\/2022\/10\/pressenza_logo_200x200.jpg","contentUrl":"https:\/\/www.pressenza.com\/wp-content\/uploads\/2022\/10\/pressenza_logo_200x200.jpg","width":200,"height":200,"caption":"Pressenza"},"image":{"@id":"https:\/\/www.pressenza.com\/fr\/#\/schema\/logo\/image\/"},"sameAs":["https:\/\/www.facebook.com\/PressenzaItalia","https:\/\/x.com\/PressenzaIPA"]},{"@type":"Person","@id":"https:\/\/www.pressenza.com\/fr\/#\/schema\/person\/0dda7d1b68267ad95b1e1d83abc98c89","name":"Redacci\u00f3n Argentina","description":"News from the Pressenza Bureau in Argentina.","sameAs":["https:\/\/x.com\/pressenza"],"url":"https:\/\/www.pressenza.com\/fr\/author\/redaccion-argentina\/"}]}},"place":"Melilla (Espagne) et San Antonio (Etats-Unis)","original_article_url":"","_links":{"self":[{"href":"https:\/\/www.pressenza.com\/fr\/wp-json\/wp\/v2\/posts\/1619366","targetHints":{"allow":["GET"]}}],"collection":[{"href":"https:\/\/www.pressenza.com\/fr\/wp-json\/wp\/v2\/posts"}],"about":[{"href":"https:\/\/www.pressenza.com\/fr\/wp-json\/wp\/v2\/types\/post"}],"author":[{"embeddable":true,"href":"https:\/\/www.pressenza.com\/fr\/wp-json\/wp\/v2\/users\/87"}],"replies":[{"embeddable":true,"href":"https:\/\/www.pressenza.com\/fr\/wp-json\/wp\/v2\/comments?post=1619366"}],"version-history":[{"count":0,"href":"https:\/\/www.pressenza.com\/fr\/wp-json\/wp\/v2\/posts\/1619366\/revisions"}],"wp:featuredmedia":[{"embeddable":true,"href":"https:\/\/www.pressenza.com\/fr\/wp-json\/wp\/v2\/media\/1619051"}],"wp:attachment":[{"href":"https:\/\/www.pressenza.com\/fr\/wp-json\/wp\/v2\/media?parent=1619366"}],"wp:term":[{"taxonomy":"category","embeddable":true,"href":"https:\/\/www.pressenza.com\/fr\/wp-json\/wp\/v2\/categories?post=1619366"},{"taxonomy":"post_tag","embeddable":true,"href":"https:\/\/www.pressenza.com\/fr\/wp-json\/wp\/v2\/tags?post=1619366"}],"curies":[{"name":"wp","href":"https:\/\/api.w.org\/{rel}","templated":true}]}}