{"id":1618000,"date":"2022-07-03T19:00:30","date_gmt":"2022-07-03T18:00:30","guid":{"rendered":"https:\/\/www.pressenza.com\/?p=1618000"},"modified":"2022-07-03T19:14:14","modified_gmt":"2022-07-03T18:14:14","slug":"france-suisse-et-belgique-medecins-bienveillant-es-et-informe-es-la-liste","status":"publish","type":"post","link":"https:\/\/www.pressenza.com\/fr\/2022\/07\/france-suisse-et-belgique-medecins-bienveillant-es-et-informe-es-la-liste\/","title":{"rendered":"France, Suisse et Belgique. M\u00e9decins bienveillant.es et inform\u00e9.es : la liste !"},"content":{"rendered":"<p>Par <span class=\"msg-s-message-group__name t-14 t-black t-bold hoverable-link-text\">Sabrina Debusquat<\/span> | <a href=\"https:\/\/jarretelapilule.fr\/\">J&rsquo;arr\u00eate la pilule &#8211; Tout sur la vie sans pilule<\/a><\/p>\n<p>De plus en plus de femmes se tournent vers les contraceptions sans hormones. Malheureusement peu de soignants savent les accompagner.<\/p>\n<p>Jugements, d\u00e9sinformation\u2026 Beaucoup peinent \u00e0 trouver des informations fiables d\u00e8s qu\u2019elles cherchent une contraception sans hormones.<\/p>\n<p>Pour vous aider, voici une liste de pr\u00e8s de 400 professionnels de sant\u00e9 en France, Suisse et Belgique pr\u00eats \u00e0 vous accompagner dans vos choix contraceptifs sans vous juger. Elle est compl\u00e9t\u00e9e d\u2019une deuxi\u00e8me liste de soignants non grosso\/trans\/puto-phobes r\u00e9alis\u00e9e par le site <a href=\"https:\/\/gynandco.wordpress.com\/\">Gyn\u2019and\u2019co<\/a>.<\/p>\n<h3>Liste des m\u00e9decins form\u00e9s et inform\u00e9.es en m\u00e9thodes de connaissance du cycle :<\/h3>\n<p>Cette liste vous sera notamment utile si vous souhaitez opter pour des m\u00e9thodes de connaissance du cycle comme la Symptothermie ou la m\u00e9thode Billings. Certains y sont form\u00e9s, d\u2019autres sont capables de vous pr\u00e9senter les diff\u00e9rentes m\u00e9thodes et vous dire vers qui vous tourner si vous souhaitez vous y former.<\/p>\n<p>Ces m\u00e9decins sont les <a href=\"https:\/\/jarretelapilule.fr\/efficacite-methodes-naturelles\/\" target=\"_blank\" rel=\"noopener noreferrer\">400 signataires de la p\u00e9tition \u201cStop \u00e0 la d\u00e9sinformation autour des m\u00e9thodes naturelles\u201d parue en mars 2018<\/a>* :<\/p>\n<p class=\"gde-text\"><a class=\"gde-link\" href=\"https:\/\/jarretelapilule.fr\/wp-content\/uploads\/2018\/05\/Liste-profesionnels-de-sante\u0301-.pdf\">T\u00e9l\u00e9charger (PDF, 86KB)<\/a><\/p>\n<p><iframe class=\"gde-frame\" src=\"https:\/\/docs.google.com\/viewer?url=https%3A%2F%2Fjarretelapilule.fr%2Fwp-content%2Fuploads%2F2018%2F05%2FListe-profesionnels-de-sante%CC%81-.pdf&amp;hl=fr&amp;embedded=true\" scrolling=\"no\" data-mce-fragment=\"1\"><\/iframe><\/p>\n<blockquote class=\"wp-block-quote\"><p><strong>POUR TROUVER UN M\u00c9DECIN PRES DE CHEZ VOUS, CHERCHEZ FAITES CTRL + F ET TAPEZ EN MOT CLEF LE NOM DE VOTRE VILLE, D\u2019UNE GRANDE VILLE PROCHE OU DE VOTRE PAYS (pour les suisses ou belges c\u2019est parfois le pays qui est indiqu\u00e9).<br \/>\n<\/strong><\/p><\/blockquote>\n<p><em>NB : Pour faire une recherche efficace : t\u00e9l\u00e9chargez le document, faites CTRL + F sur votre clavier, si vous cherchez en Haute-Garonne, tapez en mot clef de recherche \u201cToulouse\u201d ou \u201cMontauban\u201d et toute grande ville pr\u00e8s de chez vous.<\/em><\/p>\n<h3>Carte des Gyn\u00e9cos bienveillant.es en France :<\/h3>\n<p>Autre liste \u00e0 conna\u00eetre : celle du site GynAndCo r\u00e9alis\u00e9e par les patients eux-m\u00eames : <a href=\"https:\/\/gynandco.wordpress.com\/trouver-une-soignante-2\/trouver-une-soignante\/\" target=\"_blank\" rel=\"noopener noreferrer\">carte de France des gyn\u00e9cos\/g\u00e9n\u00e9ralistes et sages-femmes f\u00e9ministes et respectueux<\/a>.<\/p>\n<p>Y sont recens\u00e9s les soignants ayant \u00e9t\u00e9 jug\u00e9s par leurs patients comme respectueux, des patient.es gay, bi, trans, en surpoids, polyamoureux, prostitu\u00e9s, etc.<\/p>\n<figure><iframe loading=\"lazy\" src=\"https:\/\/www.google.com\/maps\/d\/embed?mid=1xecxCwdlNuejYVDfTxzCROe82CU&amp;hl=fr\" width=\"640\" height=\"480\" data-mce-fragment=\"1\"><\/iframe><\/figure>\n<p>Le site la pr\u00e9sente ainsi :<\/p>\n<p><em>\u201cEnfin une liste de soignantE*s f\u00e9ministes!<\/em><\/p>\n<p><em>Nous sommes un groupe de militantes f\u00e9ministes et nous en avons marre des soignantEs ayant des pratiques sexistes, lesbophobes, transphobes, putophobes, racistes, classistes, validistes, etc. Nous avons donc mis en place Gyn&amp;Co pour mettre \u00e0 disposition une liste de soignantEs pratiquant des actes gyn\u00e9cologiques avec une approche plut\u00f4t f\u00e9ministe (qu\u2019il s\u2019agisse de gyn\u00e9cos, de m\u00e9decins g\u00e9n\u00e9ralistes ou de sages-femmes).<\/em><\/p>\n<p><em>Nous sommes nombreux\u2019ses \u00e0 avoir \u00e9t\u00e9 confront\u00e9Es \u00e0 des exp\u00e9riences malheureuses avec unE soignantE lors de consultations gyn\u00e9cologiques : qu\u2019il s\u2019agisse de propos jugeants ou d\u00e9consid\u00e9rants, d\u2019un manque de respect de l\u2019int\u00e9grit\u00e9 de nos corps, d\u2019un refus de tenir compte de nos choix voire de discrimination ou de violence. De plus, nous n\u2019avons pas forc\u00e9ment les m\u00eames besoins et attentes selon nos situations et nos pratiques \u2013 handicap, travail du sexe, usage de drogue, s\u00e9ropositivit\u00e9, polyamour, etc.<\/em><\/p>\n<p><em>Pour mener \u00e0 bien ce projet, nous avons \u00e9labor\u00e9 un questionnaire afin de collecter des coordonn\u00e9es de soignantEs et de les mettre \u00e0 la disposition de touTEs. Attention il s\u2019agit bien d\u2019une LISTE POSITIVE : nous n\u2019int\u00e9grerons que les coordonn\u00e9es de professionnelLEs nous ayant \u00e9t\u00e9 recommand\u00e9Es sur des crit\u00e8res positifs.\u201d<\/em><\/p>\n<h3>Carte des Gyn\u00e9cos bienveillant.es en Suisse :<\/h3>\n<p>Derni\u00e8re liste \u00e0 conna\u00eetre, celle des \u201cgyn\u00e9cologues safe en Suisse romande\u201d r\u00e9alis\u00e9e par le site <a href=\"https:\/\/adopteunegyneco.wordpress.com\/\" target=\"_blank\" rel=\"noreferrer noopener\" aria-label=\"AdopteUn.eGyn\u00e9co (ouverture dans un nouvel onglet)\">AdopteUn.eGyn\u00e9co<\/a> : <a href=\"https:\/\/adopteunegyneco.wordpress.com\/liste-des-soignantes\/\" target=\"_blank\" rel=\"noreferrer noopener\" aria-label=\"liste des gyn\u00e9cologues bienveillants en Suisse romande. (ouverture dans un nouvel onglet)\">liste des gyn\u00e9cologues bienveillants en Suisse romande.<\/a><\/p>\n<blockquote>\n<p style=\"text-align: left;\"><strong>Pour en savoir plus sur les contraceptions hormonales, leur impact sur la sant\u00e9 et l\u2019environnement et les alternatives disponibles lisez<a href=\"https:\/\/jarretelapilule.fr\/le-livre\/\" target=\"_blank\" rel=\"noopener noreferrer\"> <em>J\u2019arr\u00eate la pilule<\/em><\/a>.<br \/>\n<\/strong><\/p>\n<\/blockquote>\n<p>&nbsp;<\/p>\n<p style=\"text-align: left;\"><em>* Cette liste a \u00e9t\u00e9 r\u00e9dig\u00e9e par les trois m\u00e9decins \u00e0 l\u2019origine de la p\u00e9tition (et cit\u00e9es en t\u00eate de ladite liste).<\/em><\/p>\n<p>&nbsp;<\/p>\n<p style=\"text-align: left;\">Source :\u00a0 <a href=\"https:\/\/jarretelapilule.fr\/medecins-formes-et-informes-en-contraception-naturelle-la-liste\/\">https:\/\/jarretelapilule.fr\/medecins-formes-et-informes-en-contraception-naturelle-la-liste\/<\/a><\/p>\n","protected":false},"excerpt":{"rendered":"<p>Par Sabrina Debusquat | J&rsquo;arr\u00eate la pilule &#8211; Tout sur la vie sans pilule De plus en plus de femmes se tournent vers les contraceptions sans hormones. Malheureusement peu de soignants savent les accompagner. Jugements, d\u00e9sinformation\u2026 Beaucoup peinent \u00e0 trouver&hellip;<\/p>\n","protected":false},"author":926,"featured_media":1619343,"comment_status":"closed","ping_status":"closed","sticky":false,"template":"","format":"standard","meta":{"footnotes":""},"categories":[98,85,54509,1245],"tags":[3233,103385,18585,103386,103383,1034,103387,16889,103388,6669],"class_list":["post-1618000","post","type-post","status-publish","format-standard","has-post-thumbnail","hentry","category-droits-de-lhomme","category-europe-fr","category-genre-et-feminismes","category-sante-sujet","tag-belgique","tag-billings","tag-contraception","tag-contraception-naturelle","tag-contraceptions-sans-hormones","tag-france-fr","tag-gynecologue","tag-medecins","tag-methode-naturelle","tag-suisse"],"yoast_head":"<!-- This site is optimized with the Yoast SEO plugin v27.1.1 - https:\/\/yoast.com\/product\/yoast-seo-wordpress\/ -->\n<title>France, Suisse et Belgique. M\u00e9decins bienveillant.es et inform\u00e9.es : la liste !<\/title>\n<meta name=\"description\" content=\"Par Sabrina Debusquat | J&#039;arr\u00eate la pilule - Tout sur la vie sans pilule De plus en plus de femmes se tournent vers les contraceptions sans hormones.\" \/>\n<meta name=\"robots\" content=\"index, follow, max-snippet:-1, max-image-preview:large, max-video-preview:-1\" \/>\n<link rel=\"canonical\" href=\"https:\/\/www.pressenza.com\/fr\/2022\/07\/france-suisse-et-belgique-medecins-bienveillant-es-et-informe-es-la-liste\/\" \/>\n<meta property=\"og:locale\" content=\"fr_FR\" \/>\n<meta property=\"og:type\" content=\"article\" \/>\n<meta property=\"og:title\" content=\"France, Suisse et Belgique. M\u00e9decins bienveillant.es et inform\u00e9.es : la liste !\" \/>\n<meta property=\"og:description\" content=\"Par Sabrina Debusquat | J&#039;arr\u00eate la pilule - Tout sur la vie sans pilule De plus en plus de femmes se tournent vers les contraceptions sans hormones.\" \/>\n<meta property=\"og:url\" content=\"https:\/\/www.pressenza.com\/fr\/2022\/07\/france-suisse-et-belgique-medecins-bienveillant-es-et-informe-es-la-liste\/\" \/>\n<meta property=\"og:site_name\" content=\"Pressenza\" \/>\n<meta property=\"article:publisher\" content=\"https:\/\/www.facebook.com\/PressenzaItalia\" \/>\n<meta property=\"article:published_time\" content=\"2022-07-03T18:00:30+00:00\" \/>\n<meta property=\"article:modified_time\" content=\"2022-07-03T18:14:14+00:00\" \/>\n<meta property=\"og:image\" content=\"https:\/\/www.pressenza.com\/wp-content\/uploads\/2022\/07\/model-616189_1280-Medecins-bienveillant.es-et-informe.es_.jpg\" \/>\n\t<meta property=\"og:image:width\" content=\"820\" \/>\n\t<meta property=\"og:image:height\" content=\"546\" \/>\n\t<meta property=\"og:image:type\" content=\"image\/jpeg\" \/>\n<meta name=\"author\" content=\"R\u00e9daction France\" \/>\n<meta name=\"twitter:card\" content=\"summary_large_image\" \/>\n<meta name=\"twitter:creator\" content=\"@PressenzaIPA\" \/>\n<meta name=\"twitter:site\" content=\"@PressenzaIPA\" \/>\n<meta name=\"twitter:label1\" content=\"\u00c9crit par\" \/>\n\t<meta name=\"twitter:data1\" content=\"R\u00e9daction France\" \/>\n\t<meta name=\"twitter:label2\" content=\"Dur\u00e9e de lecture estim\u00e9e\" \/>\n\t<meta name=\"twitter:data2\" content=\"3 minutes\" \/>\n<script type=\"application\/ld+json\" class=\"yoast-schema-graph\">{\"@context\":\"https:\/\/schema.org\",\"@graph\":[{\"@type\":\"Article\",\"@id\":\"https:\/\/www.pressenza.com\/fr\/2022\/07\/france-suisse-et-belgique-medecins-bienveillant-es-et-informe-es-la-liste\/#article\",\"isPartOf\":{\"@id\":\"https:\/\/www.pressenza.com\/fr\/2022\/07\/france-suisse-et-belgique-medecins-bienveillant-es-et-informe-es-la-liste\/\"},\"author\":{\"name\":\"R\u00e9daction France\",\"@id\":\"https:\/\/www.pressenza.com\/fr\/#\/schema\/person\/3c9fe6670cc2cffbd37562f87b98e869\"},\"headline\":\"France, Suisse et Belgique. M\u00e9decins bienveillant.es et inform\u00e9.es : la liste !\",\"datePublished\":\"2022-07-03T18:00:30+00:00\",\"dateModified\":\"2022-07-03T18:14:14+00:00\",\"mainEntityOfPage\":{\"@id\":\"https:\/\/www.pressenza.com\/fr\/2022\/07\/france-suisse-et-belgique-medecins-bienveillant-es-et-informe-es-la-liste\/\"},\"wordCount\":697,\"publisher\":{\"@id\":\"https:\/\/www.pressenza.com\/fr\/#organization\"},\"image\":{\"@id\":\"https:\/\/www.pressenza.com\/fr\/2022\/07\/france-suisse-et-belgique-medecins-bienveillant-es-et-informe-es-la-liste\/#primaryimage\"},\"thumbnailUrl\":\"https:\/\/www.pressenza.com\/wp-content\/uploads\/2022\/07\/model-616189_1280-Medecins-bienveillant.es-et-informe.es_.jpg\",\"keywords\":[\"Belgique\",\"billings\",\"contraception\",\"contraception naturelle\",\"contraceptions sans hormones\",\"France\",\"gyn\u00e9cologue\",\"m\u00e9decins\",\"m\u00e9thode naturelle\",\"Suisse\"],\"articleSection\":[\"Droits humains\",\"Europe\",\"Genre et f\u00e9minismes\",\"Sant\u00e9\"],\"inLanguage\":\"fr-FR\"},{\"@type\":\"WebPage\",\"@id\":\"https:\/\/www.pressenza.com\/fr\/2022\/07\/france-suisse-et-belgique-medecins-bienveillant-es-et-informe-es-la-liste\/\",\"url\":\"https:\/\/www.pressenza.com\/fr\/2022\/07\/france-suisse-et-belgique-medecins-bienveillant-es-et-informe-es-la-liste\/\",\"name\":\"France, Suisse et Belgique. M\u00e9decins bienveillant.es et inform\u00e9.es : la liste !\",\"isPartOf\":{\"@id\":\"https:\/\/www.pressenza.com\/fr\/#website\"},\"primaryImageOfPage\":{\"@id\":\"https:\/\/www.pressenza.com\/fr\/2022\/07\/france-suisse-et-belgique-medecins-bienveillant-es-et-informe-es-la-liste\/#primaryimage\"},\"image\":{\"@id\":\"https:\/\/www.pressenza.com\/fr\/2022\/07\/france-suisse-et-belgique-medecins-bienveillant-es-et-informe-es-la-liste\/#primaryimage\"},\"thumbnailUrl\":\"https:\/\/www.pressenza.com\/wp-content\/uploads\/2022\/07\/model-616189_1280-Medecins-bienveillant.es-et-informe.es_.jpg\",\"datePublished\":\"2022-07-03T18:00:30+00:00\",\"dateModified\":\"2022-07-03T18:14:14+00:00\",\"description\":\"Par Sabrina Debusquat | J'arr\u00eate la pilule - Tout sur la vie sans pilule De plus en plus de femmes se tournent vers les contraceptions sans hormones.\",\"breadcrumb\":{\"@id\":\"https:\/\/www.pressenza.com\/fr\/2022\/07\/france-suisse-et-belgique-medecins-bienveillant-es-et-informe-es-la-liste\/#breadcrumb\"},\"inLanguage\":\"fr-FR\",\"potentialAction\":[{\"@type\":\"ReadAction\",\"target\":[\"https:\/\/www.pressenza.com\/fr\/2022\/07\/france-suisse-et-belgique-medecins-bienveillant-es-et-informe-es-la-liste\/\"]}]},{\"@type\":\"ImageObject\",\"inLanguage\":\"fr-FR\",\"@id\":\"https:\/\/www.pressenza.com\/fr\/2022\/07\/france-suisse-et-belgique-medecins-bienveillant-es-et-informe-es-la-liste\/#primaryimage\",\"url\":\"https:\/\/www.pressenza.com\/wp-content\/uploads\/2022\/07\/model-616189_1280-Medecins-bienveillant.es-et-informe.es_.jpg\",\"contentUrl\":\"https:\/\/www.pressenza.com\/wp-content\/uploads\/2022\/07\/model-616189_1280-Medecins-bienveillant.es-et-informe.es_.jpg\",\"width\":820,\"height\":546,\"caption\":\"M\u00e9decins bienveillant.es et inform\u00e9.es : la liste !\"},{\"@type\":\"BreadcrumbList\",\"@id\":\"https:\/\/www.pressenza.com\/fr\/2022\/07\/france-suisse-et-belgique-medecins-bienveillant-es-et-informe-es-la-liste\/#breadcrumb\",\"itemListElement\":[{\"@type\":\"ListItem\",\"position\":1,\"name\":\"Accueil\",\"item\":\"https:\/\/www.pressenza.com\/fr\/\"},{\"@type\":\"ListItem\",\"position\":2,\"name\":\"France, Suisse et Belgique. M\u00e9decins bienveillant.es et inform\u00e9.es : la liste !\"}]},{\"@type\":\"WebSite\",\"@id\":\"https:\/\/www.pressenza.com\/fr\/#website\",\"url\":\"https:\/\/www.pressenza.com\/fr\/\",\"name\":\"Pressenza\",\"description\":\"International Press Agency\",\"publisher\":{\"@id\":\"https:\/\/www.pressenza.com\/fr\/#organization\"},\"potentialAction\":[{\"@type\":\"SearchAction\",\"target\":{\"@type\":\"EntryPoint\",\"urlTemplate\":\"https:\/\/www.pressenza.com\/fr\/?s={search_term_string}\"},\"query-input\":{\"@type\":\"PropertyValueSpecification\",\"valueRequired\":true,\"valueName\":\"search_term_string\"}}],\"inLanguage\":\"fr-FR\"},{\"@type\":\"Organization\",\"@id\":\"https:\/\/www.pressenza.com\/fr\/#organization\",\"name\":\"Pressenza\",\"url\":\"https:\/\/www.pressenza.com\/fr\/\",\"logo\":{\"@type\":\"ImageObject\",\"inLanguage\":\"fr-FR\",\"@id\":\"https:\/\/www.pressenza.com\/fr\/#\/schema\/logo\/image\/\",\"url\":\"https:\/\/www.pressenza.com\/wp-content\/uploads\/2022\/10\/pressenza_logo_200x200.jpg\",\"contentUrl\":\"https:\/\/www.pressenza.com\/wp-content\/uploads\/2022\/10\/pressenza_logo_200x200.jpg\",\"width\":200,\"height\":200,\"caption\":\"Pressenza\"},\"image\":{\"@id\":\"https:\/\/www.pressenza.com\/fr\/#\/schema\/logo\/image\/\"},\"sameAs\":[\"https:\/\/www.facebook.com\/PressenzaItalia\",\"https:\/\/x.com\/PressenzaIPA\"]},{\"@type\":\"Person\",\"@id\":\"https:\/\/www.pressenza.com\/fr\/#\/schema\/person\/3c9fe6670cc2cffbd37562f87b98e869\",\"name\":\"R\u00e9daction France\",\"description\":\"News published by the Pressenza bureau in France\",\"sameAs\":[\"http:\/\/www.pressenza.com\/fr\"],\"url\":\"https:\/\/www.pressenza.com\/fr\/author\/redactionfrance\/\"}]}<\/script>\n<!-- \/ Yoast SEO plugin. -->","yoast_head_json":{"title":"France, Suisse et Belgique. M\u00e9decins bienveillant.es et inform\u00e9.es : la liste !","description":"Par Sabrina Debusquat | J'arr\u00eate la pilule - Tout sur la vie sans pilule De plus en plus de femmes se tournent vers les contraceptions sans hormones.","robots":{"index":"index","follow":"follow","max-snippet":"max-snippet:-1","max-image-preview":"max-image-preview:large","max-video-preview":"max-video-preview:-1"},"canonical":"https:\/\/www.pressenza.com\/fr\/2022\/07\/france-suisse-et-belgique-medecins-bienveillant-es-et-informe-es-la-liste\/","og_locale":"fr_FR","og_type":"article","og_title":"France, Suisse et Belgique. M\u00e9decins bienveillant.es et inform\u00e9.es : la liste !","og_description":"Par Sabrina Debusquat | J'arr\u00eate la pilule - Tout sur la vie sans pilule De plus en plus de femmes se tournent vers les contraceptions sans hormones.","og_url":"https:\/\/www.pressenza.com\/fr\/2022\/07\/france-suisse-et-belgique-medecins-bienveillant-es-et-informe-es-la-liste\/","og_site_name":"Pressenza","article_publisher":"https:\/\/www.facebook.com\/PressenzaItalia","article_published_time":"2022-07-03T18:00:30+00:00","article_modified_time":"2022-07-03T18:14:14+00:00","og_image":[{"width":820,"height":546,"url":"https:\/\/www.pressenza.com\/wp-content\/uploads\/2022\/07\/model-616189_1280-Medecins-bienveillant.es-et-informe.es_.jpg","type":"image\/jpeg"}],"author":"R\u00e9daction France","twitter_card":"summary_large_image","twitter_creator":"@PressenzaIPA","twitter_site":"@PressenzaIPA","twitter_misc":{"\u00c9crit par":"R\u00e9daction France","Dur\u00e9e de lecture estim\u00e9e":"3 minutes"},"schema":{"@context":"https:\/\/schema.org","@graph":[{"@type":"Article","@id":"https:\/\/www.pressenza.com\/fr\/2022\/07\/france-suisse-et-belgique-medecins-bienveillant-es-et-informe-es-la-liste\/#article","isPartOf":{"@id":"https:\/\/www.pressenza.com\/fr\/2022\/07\/france-suisse-et-belgique-medecins-bienveillant-es-et-informe-es-la-liste\/"},"author":{"name":"R\u00e9daction France","@id":"https:\/\/www.pressenza.com\/fr\/#\/schema\/person\/3c9fe6670cc2cffbd37562f87b98e869"},"headline":"France, Suisse et Belgique. M\u00e9decins bienveillant.es et inform\u00e9.es : la liste !","datePublished":"2022-07-03T18:00:30+00:00","dateModified":"2022-07-03T18:14:14+00:00","mainEntityOfPage":{"@id":"https:\/\/www.pressenza.com\/fr\/2022\/07\/france-suisse-et-belgique-medecins-bienveillant-es-et-informe-es-la-liste\/"},"wordCount":697,"publisher":{"@id":"https:\/\/www.pressenza.com\/fr\/#organization"},"image":{"@id":"https:\/\/www.pressenza.com\/fr\/2022\/07\/france-suisse-et-belgique-medecins-bienveillant-es-et-informe-es-la-liste\/#primaryimage"},"thumbnailUrl":"https:\/\/www.pressenza.com\/wp-content\/uploads\/2022\/07\/model-616189_1280-Medecins-bienveillant.es-et-informe.es_.jpg","keywords":["Belgique","billings","contraception","contraception naturelle","contraceptions sans hormones","France","gyn\u00e9cologue","m\u00e9decins","m\u00e9thode naturelle","Suisse"],"articleSection":["Droits humains","Europe","Genre et f\u00e9minismes","Sant\u00e9"],"inLanguage":"fr-FR"},{"@type":"WebPage","@id":"https:\/\/www.pressenza.com\/fr\/2022\/07\/france-suisse-et-belgique-medecins-bienveillant-es-et-informe-es-la-liste\/","url":"https:\/\/www.pressenza.com\/fr\/2022\/07\/france-suisse-et-belgique-medecins-bienveillant-es-et-informe-es-la-liste\/","name":"France, Suisse et Belgique. M\u00e9decins bienveillant.es et inform\u00e9.es : la liste !","isPartOf":{"@id":"https:\/\/www.pressenza.com\/fr\/#website"},"primaryImageOfPage":{"@id":"https:\/\/www.pressenza.com\/fr\/2022\/07\/france-suisse-et-belgique-medecins-bienveillant-es-et-informe-es-la-liste\/#primaryimage"},"image":{"@id":"https:\/\/www.pressenza.com\/fr\/2022\/07\/france-suisse-et-belgique-medecins-bienveillant-es-et-informe-es-la-liste\/#primaryimage"},"thumbnailUrl":"https:\/\/www.pressenza.com\/wp-content\/uploads\/2022\/07\/model-616189_1280-Medecins-bienveillant.es-et-informe.es_.jpg","datePublished":"2022-07-03T18:00:30+00:00","dateModified":"2022-07-03T18:14:14+00:00","description":"Par Sabrina Debusquat | J'arr\u00eate la pilule - Tout sur la vie sans pilule De plus en plus de femmes se tournent vers les contraceptions sans hormones.","breadcrumb":{"@id":"https:\/\/www.pressenza.com\/fr\/2022\/07\/france-suisse-et-belgique-medecins-bienveillant-es-et-informe-es-la-liste\/#breadcrumb"},"inLanguage":"fr-FR","potentialAction":[{"@type":"ReadAction","target":["https:\/\/www.pressenza.com\/fr\/2022\/07\/france-suisse-et-belgique-medecins-bienveillant-es-et-informe-es-la-liste\/"]}]},{"@type":"ImageObject","inLanguage":"fr-FR","@id":"https:\/\/www.pressenza.com\/fr\/2022\/07\/france-suisse-et-belgique-medecins-bienveillant-es-et-informe-es-la-liste\/#primaryimage","url":"https:\/\/www.pressenza.com\/wp-content\/uploads\/2022\/07\/model-616189_1280-Medecins-bienveillant.es-et-informe.es_.jpg","contentUrl":"https:\/\/www.pressenza.com\/wp-content\/uploads\/2022\/07\/model-616189_1280-Medecins-bienveillant.es-et-informe.es_.jpg","width":820,"height":546,"caption":"M\u00e9decins bienveillant.es et inform\u00e9.es : la liste !"},{"@type":"BreadcrumbList","@id":"https:\/\/www.pressenza.com\/fr\/2022\/07\/france-suisse-et-belgique-medecins-bienveillant-es-et-informe-es-la-liste\/#breadcrumb","itemListElement":[{"@type":"ListItem","position":1,"name":"Accueil","item":"https:\/\/www.pressenza.com\/fr\/"},{"@type":"ListItem","position":2,"name":"France, Suisse et Belgique. M\u00e9decins bienveillant.es et inform\u00e9.es : la liste !"}]},{"@type":"WebSite","@id":"https:\/\/www.pressenza.com\/fr\/#website","url":"https:\/\/www.pressenza.com\/fr\/","name":"Pressenza","description":"International Press Agency","publisher":{"@id":"https:\/\/www.pressenza.com\/fr\/#organization"},"potentialAction":[{"@type":"SearchAction","target":{"@type":"EntryPoint","urlTemplate":"https:\/\/www.pressenza.com\/fr\/?s={search_term_string}"},"query-input":{"@type":"PropertyValueSpecification","valueRequired":true,"valueName":"search_term_string"}}],"inLanguage":"fr-FR"},{"@type":"Organization","@id":"https:\/\/www.pressenza.com\/fr\/#organization","name":"Pressenza","url":"https:\/\/www.pressenza.com\/fr\/","logo":{"@type":"ImageObject","inLanguage":"fr-FR","@id":"https:\/\/www.pressenza.com\/fr\/#\/schema\/logo\/image\/","url":"https:\/\/www.pressenza.com\/wp-content\/uploads\/2022\/10\/pressenza_logo_200x200.jpg","contentUrl":"https:\/\/www.pressenza.com\/wp-content\/uploads\/2022\/10\/pressenza_logo_200x200.jpg","width":200,"height":200,"caption":"Pressenza"},"image":{"@id":"https:\/\/www.pressenza.com\/fr\/#\/schema\/logo\/image\/"},"sameAs":["https:\/\/www.facebook.com\/PressenzaItalia","https:\/\/x.com\/PressenzaIPA"]},{"@type":"Person","@id":"https:\/\/www.pressenza.com\/fr\/#\/schema\/person\/3c9fe6670cc2cffbd37562f87b98e869","name":"R\u00e9daction France","description":"News published by the Pressenza bureau in France","sameAs":["http:\/\/www.pressenza.com\/fr"],"url":"https:\/\/www.pressenza.com\/fr\/author\/redactionfrance\/"}]}},"place":"","original_article_url":"","_links":{"self":[{"href":"https:\/\/www.pressenza.com\/fr\/wp-json\/wp\/v2\/posts\/1618000","targetHints":{"allow":["GET"]}}],"collection":[{"href":"https:\/\/www.pressenza.com\/fr\/wp-json\/wp\/v2\/posts"}],"about":[{"href":"https:\/\/www.pressenza.com\/fr\/wp-json\/wp\/v2\/types\/post"}],"author":[{"embeddable":true,"href":"https:\/\/www.pressenza.com\/fr\/wp-json\/wp\/v2\/users\/926"}],"replies":[{"embeddable":true,"href":"https:\/\/www.pressenza.com\/fr\/wp-json\/wp\/v2\/comments?post=1618000"}],"version-history":[{"count":0,"href":"https:\/\/www.pressenza.com\/fr\/wp-json\/wp\/v2\/posts\/1618000\/revisions"}],"wp:featuredmedia":[{"embeddable":true,"href":"https:\/\/www.pressenza.com\/fr\/wp-json\/wp\/v2\/media\/1619343"}],"wp:attachment":[{"href":"https:\/\/www.pressenza.com\/fr\/wp-json\/wp\/v2\/media?parent=1618000"}],"wp:term":[{"taxonomy":"category","embeddable":true,"href":"https:\/\/www.pressenza.com\/fr\/wp-json\/wp\/v2\/categories?post=1618000"},{"taxonomy":"post_tag","embeddable":true,"href":"https:\/\/www.pressenza.com\/fr\/wp-json\/wp\/v2\/tags?post=1618000"}],"curies":[{"name":"wp","href":"https:\/\/api.w.org\/{rel}","templated":true}]}}