{"id":1614201,"date":"2022-06-27T11:18:54","date_gmt":"2022-06-27T10:18:54","guid":{"rendered":"https:\/\/www.pressenza.com\/?p=1614201"},"modified":"2022-06-27T11:18:54","modified_gmt":"2022-06-27T10:18:54","slug":"jean-luc-melenchon-si-je-suis-premier-ministre-lundi-monsieur-julian-assange-sera-naturalise-francais-et-decore-pour-ses-merites","status":"publish","type":"post","link":"https:\/\/www.pressenza.com\/fr\/2022\/06\/jean-luc-melenchon-si-je-suis-premier-ministre-lundi-monsieur-julian-assange-sera-naturalise-francais-et-decore-pour-ses-merites\/","title":{"rendered":"Jean-Luc M\u00e9lenchon:  \u00ab\u00a0Si je suis Premier ministre lundi, monsieur Julian Assange, (\u2026), sera naturalis\u00e9 Fran\u00e7ais et d\u00e9cor\u00e9 pour ses m\u00e9rites.\u00a0\u00bb"},"content":{"rendered":"<h3><strong>50<sup>e<\/sup> anniversaire du Watergate<\/strong><\/h3>\n<p>Le scandale du Watergate (r\u00e9v\u00e9l\u00e9 par les journalistes du <em>Washington Post<\/em>, Bob Woodward et Carl Bernstein) a \u00e9t\u00e9 nomm\u00e9 d\u2019apr\u00e8s le complexe de bureaux et de logements \u00e9ponyme \u00e0 Washington.<\/p>\n<p>Dans la nuit du 17 juin 1972, cinq personnes ont \u00e9t\u00e9 arr\u00eat\u00e9es, avant d\u2019\u00eatre accus\u00e9es d\u2019espionnage contre le comit\u00e9 \u00e9lectoral du candidat d\u00e9mocrate \u00e0 la pr\u00e9sidence, George McGovern, qui avait ses bureaux au Watergate.<\/p>\n<p>Le proc\u00e8s a abouti \u00e0 la condamnation des 5 accus\u00e9s et de 2 autres personnes li\u00e9es au comit\u00e9 de r\u00e9\u00e9lection du pr\u00e9sident Nixon. Une commission sp\u00e9ciale a \u00e9galement mis en cause les plus proches collaborateurs de Nixon, qui ont \u00e9t\u00e9 contraints de d\u00e9missionner le 30 avril 1973. Finalement, Nixon lui-m\u00eame, d\u00e9j\u00e0 \u00e9branl\u00e9 par les protestations contre la guerre du Vietnam et r\u00e9\u00e9lu pr\u00e9sident des \u00c9tats-Unis en novembre de l&rsquo;ann\u00e9e pr\u00e9c\u00e9dente, admit (apr\u00e8s l&rsquo;avoir ni\u00e9 \u00e0 plusieurs reprises) qu&rsquo;il avait connaissance de l&rsquo;affaire et des tentatives de stopper le cours de la justice afin d&rsquo;\u00e9viter la proc\u00e9dure de destitution (<em>impeachment<\/em>).<\/p>\n<p>Si Nixon a fini par d\u00e9missionner le 8 ao\u00fbt 1974, son successeur, Ford, l&rsquo;a n\u00e9anmoins prot\u00e9g\u00e9 des poursuites judiciaires.<\/p>\n<h3><strong>50 ans apr\u00e8s le Watergate\u00a0: l\u2019arnaque de l\u2019extradition d\u2019Assange<\/strong><\/h3>\n<p>Par une am\u00e8re ironie de l&rsquo;histoire, la Grande-Bretagne ordonne l&rsquo;extradition vers les \u00c9tats-Unis du fondateur de Wikileaks, Julian Assange, le jour m\u00eame du 50<sup>e<\/sup> anniversaire du scandale du Watergate, r\u00e9v\u00e9l\u00e9 par les journalistes Bob Woodward et Carl Bernstein, d\u00e9j\u00e0 cit\u00e9s, qui avaient alors re\u00e7u le prix Pulitzer pour leurs investigations.<\/p>\n<p>Nombreux sont ceux \u00e0 souligner la contradiction \u00e9clatante d\u2019une journ\u00e9e de comm\u00e9moration d\u00e9di\u00e9e \u00e0 la libert\u00e9 de la presse (et au journalisme de \u00ab veille\u00a0\u00bb qui expose les scandales du pouvoir) et qui devient la journ\u00e9e de l&rsquo;extradition (contestable dans les 14 jours) d&rsquo;Assange, accus\u00e9 d&rsquo;avoir publi\u00e9 sur la plateforme en ligne Wikileaks des documents confidentiels, contenant \u00e9galement des informations scandaleuses sur les crimes de guerre commis par les troupes am\u00e9ricaines en Irak et en Afghanistan.<\/p>\n<p>Tandis que l&rsquo;opinion publique mondiale se mobilise pour assurer la d\u00e9fense d\u2019Assange (qui risque 175 ans de prison aux \u00c9tats-Unis pour complot et espionnage) et pour c\u00e9l\u00e9brer le courage de Bernstein et Woodward 50 ans apr\u00e8s le Watergate, le leader de la gauche fran\u00e7aise, M\u00e9lenchon, annonce l&rsquo;octroi de la nationalit\u00e9 fran\u00e7aise \u00e0 Assange en cas de victoire au second tour des \u00e9lections l\u00e9gislatives.<\/p>\n<p>Le dernier jours des \u00e9lections, les paroles de M\u00e9lenchon (qui se trouve \u00e0 la t\u00eate d\u2019une coalition entre la gauche divis\u00e9e, les communistes, les socialistes et les verts \u2013 Nupes) furent sans \u00e9quivoque\u00a0:<\/p>\n<p><em><strong>\u00ab\u00a0<\/strong><\/em><strong><em>Si je suis Premier ministre lundi, monsieur Julian Assange, (\u2026), sera naturalis\u00e9 Fran\u00e7ais<\/em><\/strong> <em><strong>et nous demanderons qu\u2019il soit \u00e9vacu\u00e9 chez nous. Assange sera d\u00e9cor\u00e9 pour tous les services rendus aux Fran\u00e7ais et sera le bienvenu.\u00a0\u00bb<\/strong><\/em><\/p>\n<p>La Federazione Nazionale Stampa Italiana\u00a0n\u2019a pas m\u00e2ch\u00e9 ses mots non plus\u00a0:<\/p>\n<p><em><strong>\u00ab\u00a0L\u2019extradition d\u2019Assange serait un signal funeste pour la libert\u00e9 d\u2019information.\u00a0\u00bb<\/strong><\/em><\/p>\n<p>Traduit de l&rsquo;allemand par Laurence Wuillemin<\/p>\n<p>&nbsp;<\/p>\n","protected":false},"excerpt":{"rendered":"<p>50e anniversaire du Watergate Le scandale du Watergate (r\u00e9v\u00e9l\u00e9 par les journalistes du Washington Post, Bob Woodward et Carl Bernstein) a \u00e9t\u00e9 nomm\u00e9 d\u2019apr\u00e8s le complexe de bureaux et de logements \u00e9ponyme \u00e0 Washington. Dans la nuit du 17 juin&hellip;<\/p>\n","protected":false},"author":1860,"featured_media":1613697,"comment_status":"closed","ping_status":"closed","sticky":false,"template":"","format":"standard","meta":{"footnotes":""},"categories":[94,1248,95],"tags":[262,3524],"class_list":["post-1614201","post","type-post","status-publish","format-standard","has-post-thumbnail","hentry","category-culture-fr","category-nonviolence-sujet","category-affaires-etrangeres","tag-democratie","tag-julian-assange-fr"],"yoast_head":"<!-- This site is optimized with the Yoast SEO plugin v27.1.1 - https:\/\/yoast.com\/product\/yoast-seo-wordpress\/ -->\n<title>Jean-Luc M\u00e9lenchon: \u00ab\u00a0Si je suis Premier ministre lundi, monsieur Julian Assange, (\u2026), sera naturalis\u00e9 Fran\u00e7ais et d\u00e9cor\u00e9 pour ses m\u00e9rites.\u00a0\u00bb<\/title>\n<meta name=\"description\" content=\"50e anniversaire du Watergate Le scandale du Watergate (r\u00e9v\u00e9l\u00e9 par les journalistes du Washington Post, Bob Woodward et Carl Bernstein) a \u00e9t\u00e9 nomm\u00e9\" \/>\n<meta name=\"robots\" content=\"index, follow, max-snippet:-1, max-image-preview:large, max-video-preview:-1\" \/>\n<link rel=\"canonical\" href=\"https:\/\/www.pressenza.com\/fr\/2022\/06\/jean-luc-melenchon-si-je-suis-premier-ministre-lundi-monsieur-julian-assange-sera-naturalise-francais-et-decore-pour-ses-merites\/\" \/>\n<meta property=\"og:locale\" content=\"fr_FR\" \/>\n<meta property=\"og:type\" content=\"article\" \/>\n<meta property=\"og:title\" content=\"Jean-Luc M\u00e9lenchon: \u00ab\u00a0Si je suis Premier ministre lundi, monsieur Julian Assange, (\u2026), sera naturalis\u00e9 Fran\u00e7ais et d\u00e9cor\u00e9 pour ses m\u00e9rites.\u00a0\u00bb\" \/>\n<meta property=\"og:description\" content=\"50e anniversaire du Watergate Le scandale du Watergate (r\u00e9v\u00e9l\u00e9 par les journalistes du Washington Post, Bob Woodward et Carl Bernstein) a \u00e9t\u00e9 nomm\u00e9\" \/>\n<meta property=\"og:url\" content=\"https:\/\/www.pressenza.com\/fr\/2022\/06\/jean-luc-melenchon-si-je-suis-premier-ministre-lundi-monsieur-julian-assange-sera-naturalise-francais-et-decore-pour-ses-merites\/\" \/>\n<meta property=\"og:site_name\" content=\"Pressenza\" \/>\n<meta property=\"article:publisher\" content=\"https:\/\/www.facebook.com\/PressenzaItalia\" \/>\n<meta property=\"article:published_time\" content=\"2022-06-27T10:18:54+00:00\" \/>\n<meta property=\"og:image\" content=\"https:\/\/www.pressenza.com\/wp-content\/uploads\/2022\/06\/Melenchon_Julian_Assange.jpg\" \/>\n\t<meta property=\"og:image:width\" content=\"820\" \/>\n\t<meta property=\"og:image:height\" content=\"585\" \/>\n\t<meta property=\"og:image:type\" content=\"image\/jpeg\" \/>\n<meta name=\"author\" content=\"Redazione Palermo\" \/>\n<meta name=\"twitter:card\" content=\"summary_large_image\" \/>\n<meta name=\"twitter:creator\" content=\"@PressenzaIPA\" \/>\n<meta name=\"twitter:site\" content=\"@PressenzaIPA\" \/>\n<meta name=\"twitter:label1\" content=\"\u00c9crit par\" \/>\n\t<meta name=\"twitter:data1\" content=\"Redazione Palermo\" \/>\n\t<meta name=\"twitter:label2\" content=\"Dur\u00e9e de lecture estim\u00e9e\" \/>\n\t<meta name=\"twitter:data2\" content=\"3 minutes\" \/>\n<script type=\"application\/ld+json\" class=\"yoast-schema-graph\">{\"@context\":\"https:\/\/schema.org\",\"@graph\":[{\"@type\":\"Article\",\"@id\":\"https:\/\/www.pressenza.com\/fr\/2022\/06\/jean-luc-melenchon-si-je-suis-premier-ministre-lundi-monsieur-julian-assange-sera-naturalise-francais-et-decore-pour-ses-merites\/#article\",\"isPartOf\":{\"@id\":\"https:\/\/www.pressenza.com\/fr\/2022\/06\/jean-luc-melenchon-si-je-suis-premier-ministre-lundi-monsieur-julian-assange-sera-naturalise-francais-et-decore-pour-ses-merites\/\"},\"author\":{\"name\":\"Redazione Palermo\",\"@id\":\"https:\/\/www.pressenza.com\/fr\/#\/schema\/person\/dd233b73788fa2d4f797777f9b6c1100\"},\"headline\":\"Jean-Luc M\u00e9lenchon: \u00ab\u00a0Si je suis Premier ministre lundi, monsieur Julian Assange, (\u2026), sera naturalis\u00e9 Fran\u00e7ais et d\u00e9cor\u00e9 pour ses m\u00e9rites.\u00a0\u00bb\",\"datePublished\":\"2022-06-27T10:18:54+00:00\",\"mainEntityOfPage\":{\"@id\":\"https:\/\/www.pressenza.com\/fr\/2022\/06\/jean-luc-melenchon-si-je-suis-premier-ministre-lundi-monsieur-julian-assange-sera-naturalise-francais-et-decore-pour-ses-merites\/\"},\"wordCount\":566,\"publisher\":{\"@id\":\"https:\/\/www.pressenza.com\/fr\/#organization\"},\"image\":{\"@id\":\"https:\/\/www.pressenza.com\/fr\/2022\/06\/jean-luc-melenchon-si-je-suis-premier-ministre-lundi-monsieur-julian-assange-sera-naturalise-francais-et-decore-pour-ses-merites\/#primaryimage\"},\"thumbnailUrl\":\"https:\/\/www.pressenza.com\/wp-content\/uploads\/2022\/06\/Melenchon_Julian_Assange.jpg\",\"keywords\":[\"D\u00e9mocratie\",\"Julian Assange\"],\"articleSection\":[\"Culture et M\u00e9dias\",\"Non-violence\",\"Relations internationales\"],\"inLanguage\":\"fr-FR\"},{\"@type\":\"WebPage\",\"@id\":\"https:\/\/www.pressenza.com\/fr\/2022\/06\/jean-luc-melenchon-si-je-suis-premier-ministre-lundi-monsieur-julian-assange-sera-naturalise-francais-et-decore-pour-ses-merites\/\",\"url\":\"https:\/\/www.pressenza.com\/fr\/2022\/06\/jean-luc-melenchon-si-je-suis-premier-ministre-lundi-monsieur-julian-assange-sera-naturalise-francais-et-decore-pour-ses-merites\/\",\"name\":\"Jean-Luc M\u00e9lenchon: \u00ab\u00a0Si je suis Premier ministre lundi, monsieur Julian Assange, (\u2026), sera naturalis\u00e9 Fran\u00e7ais et d\u00e9cor\u00e9 pour ses m\u00e9rites.\u00a0\u00bb\",\"isPartOf\":{\"@id\":\"https:\/\/www.pressenza.com\/fr\/#website\"},\"primaryImageOfPage\":{\"@id\":\"https:\/\/www.pressenza.com\/fr\/2022\/06\/jean-luc-melenchon-si-je-suis-premier-ministre-lundi-monsieur-julian-assange-sera-naturalise-francais-et-decore-pour-ses-merites\/#primaryimage\"},\"image\":{\"@id\":\"https:\/\/www.pressenza.com\/fr\/2022\/06\/jean-luc-melenchon-si-je-suis-premier-ministre-lundi-monsieur-julian-assange-sera-naturalise-francais-et-decore-pour-ses-merites\/#primaryimage\"},\"thumbnailUrl\":\"https:\/\/www.pressenza.com\/wp-content\/uploads\/2022\/06\/Melenchon_Julian_Assange.jpg\",\"datePublished\":\"2022-06-27T10:18:54+00:00\",\"description\":\"50e anniversaire du Watergate Le scandale du Watergate (r\u00e9v\u00e9l\u00e9 par les journalistes du Washington Post, Bob Woodward et Carl Bernstein) a \u00e9t\u00e9 nomm\u00e9\",\"breadcrumb\":{\"@id\":\"https:\/\/www.pressenza.com\/fr\/2022\/06\/jean-luc-melenchon-si-je-suis-premier-ministre-lundi-monsieur-julian-assange-sera-naturalise-francais-et-decore-pour-ses-merites\/#breadcrumb\"},\"inLanguage\":\"fr-FR\",\"potentialAction\":[{\"@type\":\"ReadAction\",\"target\":[\"https:\/\/www.pressenza.com\/fr\/2022\/06\/jean-luc-melenchon-si-je-suis-premier-ministre-lundi-monsieur-julian-assange-sera-naturalise-francais-et-decore-pour-ses-merites\/\"]}]},{\"@type\":\"ImageObject\",\"inLanguage\":\"fr-FR\",\"@id\":\"https:\/\/www.pressenza.com\/fr\/2022\/06\/jean-luc-melenchon-si-je-suis-premier-ministre-lundi-monsieur-julian-assange-sera-naturalise-francais-et-decore-pour-ses-merites\/#primaryimage\",\"url\":\"https:\/\/www.pressenza.com\/wp-content\/uploads\/2022\/06\/Melenchon_Julian_Assange.jpg\",\"contentUrl\":\"https:\/\/www.pressenza.com\/wp-content\/uploads\/2022\/06\/Melenchon_Julian_Assange.jpg\",\"width\":820,\"height\":585,\"caption\":\"Jean-Luc M\u00e9lenchon: automatique \\\"Si je deviens Premier ministre, Assange sera naturalis\u00e9 fran\u00e7ais et d\u00e9cor\u00e9 pour ses m\u00e9rites\\\".\"},{\"@type\":\"BreadcrumbList\",\"@id\":\"https:\/\/www.pressenza.com\/fr\/2022\/06\/jean-luc-melenchon-si-je-suis-premier-ministre-lundi-monsieur-julian-assange-sera-naturalise-francais-et-decore-pour-ses-merites\/#breadcrumb\",\"itemListElement\":[{\"@type\":\"ListItem\",\"position\":1,\"name\":\"Accueil\",\"item\":\"https:\/\/www.pressenza.com\/fr\/\"},{\"@type\":\"ListItem\",\"position\":2,\"name\":\"Jean-Luc M\u00e9lenchon: \u00ab\u00a0Si je suis Premier ministre lundi, monsieur Julian Assange, (\u2026), sera naturalis\u00e9 Fran\u00e7ais et d\u00e9cor\u00e9 pour ses m\u00e9rites.\u00a0\u00bb\"}]},{\"@type\":\"WebSite\",\"@id\":\"https:\/\/www.pressenza.com\/fr\/#website\",\"url\":\"https:\/\/www.pressenza.com\/fr\/\",\"name\":\"Pressenza\",\"description\":\"International Press Agency\",\"publisher\":{\"@id\":\"https:\/\/www.pressenza.com\/fr\/#organization\"},\"potentialAction\":[{\"@type\":\"SearchAction\",\"target\":{\"@type\":\"EntryPoint\",\"urlTemplate\":\"https:\/\/www.pressenza.com\/fr\/?s={search_term_string}\"},\"query-input\":{\"@type\":\"PropertyValueSpecification\",\"valueRequired\":true,\"valueName\":\"search_term_string\"}}],\"inLanguage\":\"fr-FR\"},{\"@type\":\"Organization\",\"@id\":\"https:\/\/www.pressenza.com\/fr\/#organization\",\"name\":\"Pressenza\",\"url\":\"https:\/\/www.pressenza.com\/fr\/\",\"logo\":{\"@type\":\"ImageObject\",\"inLanguage\":\"fr-FR\",\"@id\":\"https:\/\/www.pressenza.com\/fr\/#\/schema\/logo\/image\/\",\"url\":\"https:\/\/www.pressenza.com\/wp-content\/uploads\/2022\/10\/pressenza_logo_200x200.jpg\",\"contentUrl\":\"https:\/\/www.pressenza.com\/wp-content\/uploads\/2022\/10\/pressenza_logo_200x200.jpg\",\"width\":200,\"height\":200,\"caption\":\"Pressenza\"},\"image\":{\"@id\":\"https:\/\/www.pressenza.com\/fr\/#\/schema\/logo\/image\/\"},\"sameAs\":[\"https:\/\/www.facebook.com\/PressenzaItalia\",\"https:\/\/x.com\/PressenzaIPA\"]},{\"@type\":\"Person\",\"@id\":\"https:\/\/www.pressenza.com\/fr\/#\/schema\/person\/dd233b73788fa2d4f797777f9b6c1100\",\"name\":\"Redazione Palermo\",\"description\":\"News from the Pressenza Bureau in Palermo, Italy\",\"url\":\"https:\/\/www.pressenza.com\/fr\/author\/redazione-palermo\/\"}]}<\/script>\n<!-- \/ Yoast SEO plugin. -->","yoast_head_json":{"title":"Jean-Luc M\u00e9lenchon: \u00ab\u00a0Si je suis Premier ministre lundi, monsieur Julian Assange, (\u2026), sera naturalis\u00e9 Fran\u00e7ais et d\u00e9cor\u00e9 pour ses m\u00e9rites.\u00a0\u00bb","description":"50e anniversaire du Watergate Le scandale du Watergate (r\u00e9v\u00e9l\u00e9 par les journalistes du Washington Post, Bob Woodward et Carl Bernstein) a \u00e9t\u00e9 nomm\u00e9","robots":{"index":"index","follow":"follow","max-snippet":"max-snippet:-1","max-image-preview":"max-image-preview:large","max-video-preview":"max-video-preview:-1"},"canonical":"https:\/\/www.pressenza.com\/fr\/2022\/06\/jean-luc-melenchon-si-je-suis-premier-ministre-lundi-monsieur-julian-assange-sera-naturalise-francais-et-decore-pour-ses-merites\/","og_locale":"fr_FR","og_type":"article","og_title":"Jean-Luc M\u00e9lenchon: \u00ab\u00a0Si je suis Premier ministre lundi, monsieur Julian Assange, (\u2026), sera naturalis\u00e9 Fran\u00e7ais et d\u00e9cor\u00e9 pour ses m\u00e9rites.\u00a0\u00bb","og_description":"50e anniversaire du Watergate Le scandale du Watergate (r\u00e9v\u00e9l\u00e9 par les journalistes du Washington Post, Bob Woodward et Carl Bernstein) a \u00e9t\u00e9 nomm\u00e9","og_url":"https:\/\/www.pressenza.com\/fr\/2022\/06\/jean-luc-melenchon-si-je-suis-premier-ministre-lundi-monsieur-julian-assange-sera-naturalise-francais-et-decore-pour-ses-merites\/","og_site_name":"Pressenza","article_publisher":"https:\/\/www.facebook.com\/PressenzaItalia","article_published_time":"2022-06-27T10:18:54+00:00","og_image":[{"width":820,"height":585,"url":"https:\/\/www.pressenza.com\/wp-content\/uploads\/2022\/06\/Melenchon_Julian_Assange.jpg","type":"image\/jpeg"}],"author":"Redazione Palermo","twitter_card":"summary_large_image","twitter_creator":"@PressenzaIPA","twitter_site":"@PressenzaIPA","twitter_misc":{"\u00c9crit par":"Redazione Palermo","Dur\u00e9e de lecture estim\u00e9e":"3 minutes"},"schema":{"@context":"https:\/\/schema.org","@graph":[{"@type":"Article","@id":"https:\/\/www.pressenza.com\/fr\/2022\/06\/jean-luc-melenchon-si-je-suis-premier-ministre-lundi-monsieur-julian-assange-sera-naturalise-francais-et-decore-pour-ses-merites\/#article","isPartOf":{"@id":"https:\/\/www.pressenza.com\/fr\/2022\/06\/jean-luc-melenchon-si-je-suis-premier-ministre-lundi-monsieur-julian-assange-sera-naturalise-francais-et-decore-pour-ses-merites\/"},"author":{"name":"Redazione Palermo","@id":"https:\/\/www.pressenza.com\/fr\/#\/schema\/person\/dd233b73788fa2d4f797777f9b6c1100"},"headline":"Jean-Luc M\u00e9lenchon: \u00ab\u00a0Si je suis Premier ministre lundi, monsieur Julian Assange, (\u2026), sera naturalis\u00e9 Fran\u00e7ais et d\u00e9cor\u00e9 pour ses m\u00e9rites.\u00a0\u00bb","datePublished":"2022-06-27T10:18:54+00:00","mainEntityOfPage":{"@id":"https:\/\/www.pressenza.com\/fr\/2022\/06\/jean-luc-melenchon-si-je-suis-premier-ministre-lundi-monsieur-julian-assange-sera-naturalise-francais-et-decore-pour-ses-merites\/"},"wordCount":566,"publisher":{"@id":"https:\/\/www.pressenza.com\/fr\/#organization"},"image":{"@id":"https:\/\/www.pressenza.com\/fr\/2022\/06\/jean-luc-melenchon-si-je-suis-premier-ministre-lundi-monsieur-julian-assange-sera-naturalise-francais-et-decore-pour-ses-merites\/#primaryimage"},"thumbnailUrl":"https:\/\/www.pressenza.com\/wp-content\/uploads\/2022\/06\/Melenchon_Julian_Assange.jpg","keywords":["D\u00e9mocratie","Julian Assange"],"articleSection":["Culture et M\u00e9dias","Non-violence","Relations internationales"],"inLanguage":"fr-FR"},{"@type":"WebPage","@id":"https:\/\/www.pressenza.com\/fr\/2022\/06\/jean-luc-melenchon-si-je-suis-premier-ministre-lundi-monsieur-julian-assange-sera-naturalise-francais-et-decore-pour-ses-merites\/","url":"https:\/\/www.pressenza.com\/fr\/2022\/06\/jean-luc-melenchon-si-je-suis-premier-ministre-lundi-monsieur-julian-assange-sera-naturalise-francais-et-decore-pour-ses-merites\/","name":"Jean-Luc M\u00e9lenchon: \u00ab\u00a0Si je suis Premier ministre lundi, monsieur Julian Assange, (\u2026), sera naturalis\u00e9 Fran\u00e7ais et d\u00e9cor\u00e9 pour ses m\u00e9rites.\u00a0\u00bb","isPartOf":{"@id":"https:\/\/www.pressenza.com\/fr\/#website"},"primaryImageOfPage":{"@id":"https:\/\/www.pressenza.com\/fr\/2022\/06\/jean-luc-melenchon-si-je-suis-premier-ministre-lundi-monsieur-julian-assange-sera-naturalise-francais-et-decore-pour-ses-merites\/#primaryimage"},"image":{"@id":"https:\/\/www.pressenza.com\/fr\/2022\/06\/jean-luc-melenchon-si-je-suis-premier-ministre-lundi-monsieur-julian-assange-sera-naturalise-francais-et-decore-pour-ses-merites\/#primaryimage"},"thumbnailUrl":"https:\/\/www.pressenza.com\/wp-content\/uploads\/2022\/06\/Melenchon_Julian_Assange.jpg","datePublished":"2022-06-27T10:18:54+00:00","description":"50e anniversaire du Watergate Le scandale du Watergate (r\u00e9v\u00e9l\u00e9 par les journalistes du Washington Post, Bob Woodward et Carl Bernstein) a \u00e9t\u00e9 nomm\u00e9","breadcrumb":{"@id":"https:\/\/www.pressenza.com\/fr\/2022\/06\/jean-luc-melenchon-si-je-suis-premier-ministre-lundi-monsieur-julian-assange-sera-naturalise-francais-et-decore-pour-ses-merites\/#breadcrumb"},"inLanguage":"fr-FR","potentialAction":[{"@type":"ReadAction","target":["https:\/\/www.pressenza.com\/fr\/2022\/06\/jean-luc-melenchon-si-je-suis-premier-ministre-lundi-monsieur-julian-assange-sera-naturalise-francais-et-decore-pour-ses-merites\/"]}]},{"@type":"ImageObject","inLanguage":"fr-FR","@id":"https:\/\/www.pressenza.com\/fr\/2022\/06\/jean-luc-melenchon-si-je-suis-premier-ministre-lundi-monsieur-julian-assange-sera-naturalise-francais-et-decore-pour-ses-merites\/#primaryimage","url":"https:\/\/www.pressenza.com\/wp-content\/uploads\/2022\/06\/Melenchon_Julian_Assange.jpg","contentUrl":"https:\/\/www.pressenza.com\/wp-content\/uploads\/2022\/06\/Melenchon_Julian_Assange.jpg","width":820,"height":585,"caption":"Jean-Luc M\u00e9lenchon: automatique \"Si je deviens Premier ministre, Assange sera naturalis\u00e9 fran\u00e7ais et d\u00e9cor\u00e9 pour ses m\u00e9rites\"."},{"@type":"BreadcrumbList","@id":"https:\/\/www.pressenza.com\/fr\/2022\/06\/jean-luc-melenchon-si-je-suis-premier-ministre-lundi-monsieur-julian-assange-sera-naturalise-francais-et-decore-pour-ses-merites\/#breadcrumb","itemListElement":[{"@type":"ListItem","position":1,"name":"Accueil","item":"https:\/\/www.pressenza.com\/fr\/"},{"@type":"ListItem","position":2,"name":"Jean-Luc M\u00e9lenchon: \u00ab\u00a0Si je suis Premier ministre lundi, monsieur Julian Assange, (\u2026), sera naturalis\u00e9 Fran\u00e7ais et d\u00e9cor\u00e9 pour ses m\u00e9rites.\u00a0\u00bb"}]},{"@type":"WebSite","@id":"https:\/\/www.pressenza.com\/fr\/#website","url":"https:\/\/www.pressenza.com\/fr\/","name":"Pressenza","description":"International Press Agency","publisher":{"@id":"https:\/\/www.pressenza.com\/fr\/#organization"},"potentialAction":[{"@type":"SearchAction","target":{"@type":"EntryPoint","urlTemplate":"https:\/\/www.pressenza.com\/fr\/?s={search_term_string}"},"query-input":{"@type":"PropertyValueSpecification","valueRequired":true,"valueName":"search_term_string"}}],"inLanguage":"fr-FR"},{"@type":"Organization","@id":"https:\/\/www.pressenza.com\/fr\/#organization","name":"Pressenza","url":"https:\/\/www.pressenza.com\/fr\/","logo":{"@type":"ImageObject","inLanguage":"fr-FR","@id":"https:\/\/www.pressenza.com\/fr\/#\/schema\/logo\/image\/","url":"https:\/\/www.pressenza.com\/wp-content\/uploads\/2022\/10\/pressenza_logo_200x200.jpg","contentUrl":"https:\/\/www.pressenza.com\/wp-content\/uploads\/2022\/10\/pressenza_logo_200x200.jpg","width":200,"height":200,"caption":"Pressenza"},"image":{"@id":"https:\/\/www.pressenza.com\/fr\/#\/schema\/logo\/image\/"},"sameAs":["https:\/\/www.facebook.com\/PressenzaItalia","https:\/\/x.com\/PressenzaIPA"]},{"@type":"Person","@id":"https:\/\/www.pressenza.com\/fr\/#\/schema\/person\/dd233b73788fa2d4f797777f9b6c1100","name":"Redazione Palermo","description":"News from the Pressenza Bureau in Palermo, Italy","url":"https:\/\/www.pressenza.com\/fr\/author\/redazione-palermo\/"}]}},"place":"","original_article_url":"","_links":{"self":[{"href":"https:\/\/www.pressenza.com\/fr\/wp-json\/wp\/v2\/posts\/1614201","targetHints":{"allow":["GET"]}}],"collection":[{"href":"https:\/\/www.pressenza.com\/fr\/wp-json\/wp\/v2\/posts"}],"about":[{"href":"https:\/\/www.pressenza.com\/fr\/wp-json\/wp\/v2\/types\/post"}],"author":[{"embeddable":true,"href":"https:\/\/www.pressenza.com\/fr\/wp-json\/wp\/v2\/users\/1860"}],"replies":[{"embeddable":true,"href":"https:\/\/www.pressenza.com\/fr\/wp-json\/wp\/v2\/comments?post=1614201"}],"version-history":[{"count":0,"href":"https:\/\/www.pressenza.com\/fr\/wp-json\/wp\/v2\/posts\/1614201\/revisions"}],"wp:featuredmedia":[{"embeddable":true,"href":"https:\/\/www.pressenza.com\/fr\/wp-json\/wp\/v2\/media\/1613697"}],"wp:attachment":[{"href":"https:\/\/www.pressenza.com\/fr\/wp-json\/wp\/v2\/media?parent=1614201"}],"wp:term":[{"taxonomy":"category","embeddable":true,"href":"https:\/\/www.pressenza.com\/fr\/wp-json\/wp\/v2\/categories?post=1614201"},{"taxonomy":"post_tag","embeddable":true,"href":"https:\/\/www.pressenza.com\/fr\/wp-json\/wp\/v2\/tags?post=1614201"}],"curies":[{"name":"wp","href":"https:\/\/api.w.org\/{rel}","templated":true}]}}