{"id":160159,"date":"2015-02-06T05:33:38","date_gmt":"2015-02-06T05:33:38","guid":{"rendered":"http:\/\/www.pressenza.com\/?p=160159"},"modified":"2015-02-07T04:12:44","modified_gmt":"2015-02-07T04:12:44","slug":"la-banque-centrale-europeenne-bce-tente-un-coup-detat-contre-la-grece","status":"publish","type":"post","link":"https:\/\/www.pressenza.com\/fr\/2015\/02\/la-banque-centrale-europeenne-bce-tente-un-coup-detat-contre-la-grece\/","title":{"rendered":"La Banque centrale europ\u00e9enne (BCE) tente un coup d\u2019\u00c9tat contre la Gr\u00e8ce"},"content":{"rendered":"<p><img loading=\"lazy\" decoding=\"async\" class=\"alignnone\" src=\"http:\/\/www.pressenza.com\/wp-content\/uploads\/assets\/06ef03e0c50f417c90e4b2c2c5c0ec30abff5b92.jpg\" alt=\"\" width=\"445\" height=\"475\" \/><\/p>\n<p>Les \u00c9conomistes atterr\u00e9s d\u00e9noncent la d\u00e9cision de la BCE qui viole la d\u00e9mocratie, renie ses propres engagements \u00e0 tout faire pour \u00e9viter la d\u00e9flation et pour sauver la zone euro et fait le lit des forces politiques r\u00e9actionnaires qui prosp\u00e8rent toujours sur fond de crise totale. Ils appellent tous les d\u00e9mocrates \u00e0 s\u2019opposer avec la derni\u00e8re \u00e9nergie \u00e0 cette d\u00e9cision inique de la BCE. Les choix du peuple grec doivent \u00eatre respect\u00e9s.<\/p>\n<p>L\u2019illusion d\u2019une Banque centrale europ\u00e9enne pratiquant un assouplissement mon\u00e9taire pour sortir la zone euro de la d\u00e9flation n\u2019a dur\u00e9 que deux semaines. Hier, la BCE a unilat\u00e9ralement d\u00e9cid\u00e9 de ne plus accepter les titres publics grecs en contrepartie des liquidit\u00e9s accord\u00e9es aux banques, tout particuli\u00e8rement aux banques grecques. Ainsi, Mario Draghi met en p\u00e9ril la zone euro, rompant son engagement \u00e0 \u00ab tout faire pour pr\u00e9server l\u2019euro \u00bb.<\/p>\n<p>Les banques grecques qui continuent \u00e0 acheter des obligations de l\u2019\u00c9tat, ne pourront donc plus les utiliser pour se refinancer aupr\u00e8s de la BCE. Elles pourront certes utiliser d\u2019autres instruments, des titres priv\u00e9s. Mais ceux-ci risquent de devenir rares et surtout l\u2019Etat grec aura de plus en plus de mal \u00e0 trouver des fonds pour sortir de l\u2019\u00e9tau de la Tro\u00efka. C\u2019est la sanction que la BCE inflige au nouveau gouvernement grec pour avoir os\u00e9 envisager mettre fin \u00e0 une aust\u00e9rit\u00e9 ayant saign\u00e9 aux quatre veines le peuple grec.<\/p>\n<p>Cette d\u00e9cision irresponsable, dogmatique et punitive, prise pour des raisons politiques, par des technocrates non-\u00e9lus, aboutit \u00e0 d\u00e9stabiliser le syst\u00e8me bancaire grec et de la zone euro. Elle est en contradiction flagrante avec l\u2019article 127 du TFUE qui indique que \u00ab Sans pr\u00e9judice de l\u2019objectif de stabilit\u00e9 des prix, le SEBC apporte son soutien aux politiques \u00e9conomiques g\u00e9n\u00e9rales dans l\u2019Union, en vue de contribuer \u00e0 la r\u00e9alisation des objectifs de l\u2019Union, tels que d\u00e9finis \u00e0 l\u2019article 3 du trait\u00e9 sur l\u2019Union europ\u00e9enne \u00bb. Et cet article 3 indique que l\u2019UE \u00ab oeuvre pour le d\u00e9veloppement durable de l\u2019Europe fond\u00e9 sur une croissance \u00e9conomique \u00e9quilibr\u00e9e [\u2026] qui tend au plein emploi et au progr\u00e8s social \u00bb.<br \/>\nLa d\u00e9cision de la BCE va aggraver les difficult\u00e9s d\u2019\u00e9laboration et de mise en oeuvre d\u2019une politique alternative permettant de sortir de la crise. En coupant l\u2019\u00e9conomie grecque de l\u2019alimentation en monnaie reconnue dans toute la zone euro, elle s\u00e8mera la panique parmi la population grecque, sachant que les banques seront ainsi mises\u00a0en grande difficult\u00e9 pour r\u00e9pondre \u00e0 sa demande. La BCE cherche-t-elle \u00e0 susciter une panique bancaire ?<\/p>\n<p>Le risque est bien celui d\u2019un chaos \u00e9conomique et social, mais aussi celui du chaos politique. Avant m\u00eame que soient ouvertes les n\u00e9gociations avec le nouveau gouvernement grec, la BCE envoie un signal \u00e0 tous les pays membres de la zone euro : la d\u00e9mocratie ne compte plus. Les Grecs peuvent voter, leur vote est nul et non avenu. Tout nouveau gouvernement est contraint par les engagements pris par le pr\u00e9c\u00e9dent. On savait d\u00e9j\u00e0 que les institutions europ\u00e9ennes n\u2019avaient que faire des choix populaires depuis le contournement des r\u00e9f\u00e9rendums portant sur la conception des politiques \u00e0 mener, on l\u2019exp\u00e9rimente maintenant dans la mise en oeuvre des politiques.<\/p>\n<p>Ce coup de force de la BCE va se retourner contre l\u2019ensemble des peuples europ\u00e9ens. Refuser de mettre en cause les politiques d\u2019aust\u00e9rit\u00e9, c\u2019est condamner la plupart des pays de l\u2019UE au marasme. Le comble de l\u2019absurde est atteint puisque m\u00eame les pays en apparence prosp\u00e8res comme l\u2019Allemagne, ne pourront \u00e9ternellement vivre des d\u00e9ficits des autres.<\/p>\n<p>Le Collectif d\u2019Animation des Economistes Atterr\u00e9s<\/p>\n","protected":false},"excerpt":{"rendered":"<p>Les \u00c9conomistes atterr\u00e9s d\u00e9noncent la d\u00e9cision de la BCE qui viole la d\u00e9mocratie, renie ses propres engagements \u00e0 tout faire pour \u00e9viter la d\u00e9flation et pour sauver la zone euro et fait le lit des forces politiques r\u00e9actionnaires qui prosp\u00e8rent&hellip;<\/p>\n","protected":false},"author":782,"featured_media":0,"comment_status":"closed","ping_status":"open","sticky":false,"template":"","format":"standard","meta":{"footnotes":""},"categories":[40],"tags":[8859,246,434],"class_list":["post-160159","post","type-post","status-publish","format-standard","hentry","category-international-fr","tag-banque-centrale-europeenne","tag-coup-detat","tag-grece"],"yoast_head":"<!-- This site is optimized with the Yoast SEO plugin v27.1.1 - https:\/\/yoast.com\/product\/yoast-seo-wordpress\/ -->\n<title>La Banque centrale europ\u00e9enne (BCE) tente un coup d\u2019\u00c9tat contre la Gr\u00e8ce<\/title>\n<meta name=\"description\" content=\"Les \u00c9conomistes atterr\u00e9s d\u00e9noncent la d\u00e9cision de la BCE qui viole la d\u00e9mocratie, renie ses propres engagements \u00e0 tout faire pour \u00e9viter la d\u00e9flation et\" \/>\n<meta name=\"robots\" content=\"index, follow, max-snippet:-1, max-image-preview:large, max-video-preview:-1\" \/>\n<link rel=\"canonical\" href=\"https:\/\/www.pressenza.com\/fr\/2015\/02\/la-banque-centrale-europeenne-bce-tente-un-coup-detat-contre-la-grece\/\" \/>\n<meta property=\"og:locale\" content=\"fr_FR\" \/>\n<meta property=\"og:type\" content=\"article\" \/>\n<meta property=\"og:title\" content=\"La Banque centrale europ\u00e9enne (BCE) tente un coup d\u2019\u00c9tat contre la Gr\u00e8ce\" \/>\n<meta property=\"og:description\" content=\"Les \u00c9conomistes atterr\u00e9s d\u00e9noncent la d\u00e9cision de la BCE qui viole la d\u00e9mocratie, renie ses propres engagements \u00e0 tout faire pour \u00e9viter la d\u00e9flation et\" \/>\n<meta property=\"og:url\" content=\"https:\/\/www.pressenza.com\/fr\/2015\/02\/la-banque-centrale-europeenne-bce-tente-un-coup-detat-contre-la-grece\/\" \/>\n<meta property=\"og:site_name\" content=\"Pressenza\" \/>\n<meta property=\"article:publisher\" content=\"https:\/\/www.facebook.com\/PressenzaItalia\" \/>\n<meta property=\"article:author\" content=\"https:\/\/www.facebook.com\/atterres\/\" \/>\n<meta property=\"article:published_time\" content=\"2015-02-06T05:33:38+00:00\" \/>\n<meta property=\"article:modified_time\" content=\"2015-02-07T04:12:44+00:00\" \/>\n<meta property=\"og:image\" content=\"http:\/\/www.pressenza.com\/wp-content\/uploads\/assets\/06ef03e0c50f417c90e4b2c2c5c0ec30abff5b92.jpg\" \/>\n<meta name=\"author\" content=\"\u00c9conomistes atterr\u00e9s\" \/>\n<meta name=\"twitter:card\" content=\"summary_large_image\" \/>\n<meta name=\"twitter:creator\" content=\"@atterres\" \/>\n<meta name=\"twitter:site\" content=\"@PressenzaIPA\" \/>\n<meta name=\"twitter:label1\" content=\"\u00c9crit par\" \/>\n\t<meta name=\"twitter:data1\" content=\"\u00c9conomistes atterr\u00e9s\" \/>\n\t<meta name=\"twitter:label2\" content=\"Dur\u00e9e de lecture estim\u00e9e\" \/>\n\t<meta name=\"twitter:data2\" content=\"3 minutes\" \/>\n<script type=\"application\/ld+json\" class=\"yoast-schema-graph\">{\"@context\":\"https:\/\/schema.org\",\"@graph\":[{\"@type\":\"Article\",\"@id\":\"https:\/\/www.pressenza.com\/fr\/2015\/02\/la-banque-centrale-europeenne-bce-tente-un-coup-detat-contre-la-grece\/#article\",\"isPartOf\":{\"@id\":\"https:\/\/www.pressenza.com\/fr\/2015\/02\/la-banque-centrale-europeenne-bce-tente-un-coup-detat-contre-la-grece\/\"},\"author\":{\"name\":\"\u00c9conomistes atterr\u00e9s\",\"@id\":\"https:\/\/www.pressenza.com\/fr\/#\/schema\/person\/25a31fdd16d25fbfdc86e7866db54096\"},\"headline\":\"La Banque centrale europ\u00e9enne (BCE) tente un coup d\u2019\u00c9tat contre la Gr\u00e8ce\",\"datePublished\":\"2015-02-06T05:33:38+00:00\",\"dateModified\":\"2015-02-07T04:12:44+00:00\",\"mainEntityOfPage\":{\"@id\":\"https:\/\/www.pressenza.com\/fr\/2015\/02\/la-banque-centrale-europeenne-bce-tente-un-coup-detat-contre-la-grece\/\"},\"wordCount\":662,\"publisher\":{\"@id\":\"https:\/\/www.pressenza.com\/fr\/#organization\"},\"image\":{\"@id\":\"https:\/\/www.pressenza.com\/fr\/2015\/02\/la-banque-centrale-europeenne-bce-tente-un-coup-detat-contre-la-grece\/#primaryimage\"},\"thumbnailUrl\":\"http:\/\/www.pressenza.com\/wp-content\/uploads\/assets\/06ef03e0c50f417c90e4b2c2c5c0ec30abff5b92.jpg\",\"keywords\":[\"Banque centrale europ\u00e9enne\",\"coup d'\u00e9tat\",\"Gr\u00e8ce\"],\"articleSection\":[\"International\"],\"inLanguage\":\"fr-FR\"},{\"@type\":\"WebPage\",\"@id\":\"https:\/\/www.pressenza.com\/fr\/2015\/02\/la-banque-centrale-europeenne-bce-tente-un-coup-detat-contre-la-grece\/\",\"url\":\"https:\/\/www.pressenza.com\/fr\/2015\/02\/la-banque-centrale-europeenne-bce-tente-un-coup-detat-contre-la-grece\/\",\"name\":\"La Banque centrale europ\u00e9enne (BCE) tente un coup d\u2019\u00c9tat contre la Gr\u00e8ce\",\"isPartOf\":{\"@id\":\"https:\/\/www.pressenza.com\/fr\/#website\"},\"primaryImageOfPage\":{\"@id\":\"https:\/\/www.pressenza.com\/fr\/2015\/02\/la-banque-centrale-europeenne-bce-tente-un-coup-detat-contre-la-grece\/#primaryimage\"},\"image\":{\"@id\":\"https:\/\/www.pressenza.com\/fr\/2015\/02\/la-banque-centrale-europeenne-bce-tente-un-coup-detat-contre-la-grece\/#primaryimage\"},\"thumbnailUrl\":\"http:\/\/www.pressenza.com\/wp-content\/uploads\/assets\/06ef03e0c50f417c90e4b2c2c5c0ec30abff5b92.jpg\",\"datePublished\":\"2015-02-06T05:33:38+00:00\",\"dateModified\":\"2015-02-07T04:12:44+00:00\",\"description\":\"Les \u00c9conomistes atterr\u00e9s d\u00e9noncent la d\u00e9cision de la BCE qui viole la d\u00e9mocratie, renie ses propres engagements \u00e0 tout faire pour \u00e9viter la d\u00e9flation et\",\"breadcrumb\":{\"@id\":\"https:\/\/www.pressenza.com\/fr\/2015\/02\/la-banque-centrale-europeenne-bce-tente-un-coup-detat-contre-la-grece\/#breadcrumb\"},\"inLanguage\":\"fr-FR\",\"potentialAction\":[{\"@type\":\"ReadAction\",\"target\":[\"https:\/\/www.pressenza.com\/fr\/2015\/02\/la-banque-centrale-europeenne-bce-tente-un-coup-detat-contre-la-grece\/\"]}]},{\"@type\":\"ImageObject\",\"inLanguage\":\"fr-FR\",\"@id\":\"https:\/\/www.pressenza.com\/fr\/2015\/02\/la-banque-centrale-europeenne-bce-tente-un-coup-detat-contre-la-grece\/#primaryimage\",\"url\":\"http:\/\/www.pressenza.com\/wp-content\/uploads\/assets\/06ef03e0c50f417c90e4b2c2c5c0ec30abff5b92.jpg\",\"contentUrl\":\"http:\/\/www.pressenza.com\/wp-content\/uploads\/assets\/06ef03e0c50f417c90e4b2c2c5c0ec30abff5b92.jpg\"},{\"@type\":\"BreadcrumbList\",\"@id\":\"https:\/\/www.pressenza.com\/fr\/2015\/02\/la-banque-centrale-europeenne-bce-tente-un-coup-detat-contre-la-grece\/#breadcrumb\",\"itemListElement\":[{\"@type\":\"ListItem\",\"position\":1,\"name\":\"Accueil\",\"item\":\"https:\/\/www.pressenza.com\/fr\/\"},{\"@type\":\"ListItem\",\"position\":2,\"name\":\"La Banque centrale europ\u00e9enne (BCE) tente un coup d\u2019\u00c9tat contre la Gr\u00e8ce\"}]},{\"@type\":\"WebSite\",\"@id\":\"https:\/\/www.pressenza.com\/fr\/#website\",\"url\":\"https:\/\/www.pressenza.com\/fr\/\",\"name\":\"Pressenza\",\"description\":\"International Press Agency\",\"publisher\":{\"@id\":\"https:\/\/www.pressenza.com\/fr\/#organization\"},\"potentialAction\":[{\"@type\":\"SearchAction\",\"target\":{\"@type\":\"EntryPoint\",\"urlTemplate\":\"https:\/\/www.pressenza.com\/fr\/?s={search_term_string}\"},\"query-input\":{\"@type\":\"PropertyValueSpecification\",\"valueRequired\":true,\"valueName\":\"search_term_string\"}}],\"inLanguage\":\"fr-FR\"},{\"@type\":\"Organization\",\"@id\":\"https:\/\/www.pressenza.com\/fr\/#organization\",\"name\":\"Pressenza\",\"url\":\"https:\/\/www.pressenza.com\/fr\/\",\"logo\":{\"@type\":\"ImageObject\",\"inLanguage\":\"fr-FR\",\"@id\":\"https:\/\/www.pressenza.com\/fr\/#\/schema\/logo\/image\/\",\"url\":\"https:\/\/www.pressenza.com\/wp-content\/uploads\/2022\/10\/pressenza_logo_200x200.jpg\",\"contentUrl\":\"https:\/\/www.pressenza.com\/wp-content\/uploads\/2022\/10\/pressenza_logo_200x200.jpg\",\"width\":200,\"height\":200,\"caption\":\"Pressenza\"},\"image\":{\"@id\":\"https:\/\/www.pressenza.com\/fr\/#\/schema\/logo\/image\/\"},\"sameAs\":[\"https:\/\/www.facebook.com\/PressenzaItalia\",\"https:\/\/x.com\/PressenzaIPA\"]},{\"@type\":\"Person\",\"@id\":\"https:\/\/www.pressenza.com\/fr\/#\/schema\/person\/25a31fdd16d25fbfdc86e7866db54096\",\"name\":\"\u00c9conomistes atterr\u00e9s\",\"description\":\"L\u2019association a pour but d\u2019impulser la r\u00e9flexion collective et l\u2019expression publique des \u00e9conomistes, issus d\u2019horizons th\u00e9oriques divers, qui ne se r\u00e9signent pas \u00e0 la domination de l\u2019orthodoxie n\u00e9olib\u00e9rale sur la pens\u00e9e \u00e9conomique et qui jugent n\u00e9cessaire de changer le paradigme des politiques \u00e9conomiques en Europe et dans le monde. L'association s'inscrit ainsi dans la continuit\u00e9 de la d\u00e9marche lanc\u00e9e par le \u00ab Manifeste des \u00e9conomistes atterr\u00e9s \u00bb. www.atterres.org\",\"sameAs\":[\"http:\/\/www.atterres.org\/\",\"https:\/\/www.facebook.com\/atterres\/\",\"https:\/\/x.com\/atterres\"],\"url\":\"https:\/\/www.pressenza.com\/fr\/author\/economistes-atterres\/\"}]}<\/script>\n<!-- \/ Yoast SEO plugin. -->","yoast_head_json":{"title":"La Banque centrale europ\u00e9enne (BCE) tente un coup d\u2019\u00c9tat contre la Gr\u00e8ce","description":"Les \u00c9conomistes atterr\u00e9s d\u00e9noncent la d\u00e9cision de la BCE qui viole la d\u00e9mocratie, renie ses propres engagements \u00e0 tout faire pour \u00e9viter la d\u00e9flation et","robots":{"index":"index","follow":"follow","max-snippet":"max-snippet:-1","max-image-preview":"max-image-preview:large","max-video-preview":"max-video-preview:-1"},"canonical":"https:\/\/www.pressenza.com\/fr\/2015\/02\/la-banque-centrale-europeenne-bce-tente-un-coup-detat-contre-la-grece\/","og_locale":"fr_FR","og_type":"article","og_title":"La Banque centrale europ\u00e9enne (BCE) tente un coup d\u2019\u00c9tat contre la Gr\u00e8ce","og_description":"Les \u00c9conomistes atterr\u00e9s d\u00e9noncent la d\u00e9cision de la BCE qui viole la d\u00e9mocratie, renie ses propres engagements \u00e0 tout faire pour \u00e9viter la d\u00e9flation et","og_url":"https:\/\/www.pressenza.com\/fr\/2015\/02\/la-banque-centrale-europeenne-bce-tente-un-coup-detat-contre-la-grece\/","og_site_name":"Pressenza","article_publisher":"https:\/\/www.facebook.com\/PressenzaItalia","article_author":"https:\/\/www.facebook.com\/atterres\/","article_published_time":"2015-02-06T05:33:38+00:00","article_modified_time":"2015-02-07T04:12:44+00:00","og_image":[{"url":"http:\/\/www.pressenza.com\/wp-content\/uploads\/assets\/06ef03e0c50f417c90e4b2c2c5c0ec30abff5b92.jpg","type":"","width":"","height":""}],"author":"\u00c9conomistes atterr\u00e9s","twitter_card":"summary_large_image","twitter_creator":"@atterres","twitter_site":"@PressenzaIPA","twitter_misc":{"\u00c9crit par":"\u00c9conomistes atterr\u00e9s","Dur\u00e9e de lecture estim\u00e9e":"3 minutes"},"schema":{"@context":"https:\/\/schema.org","@graph":[{"@type":"Article","@id":"https:\/\/www.pressenza.com\/fr\/2015\/02\/la-banque-centrale-europeenne-bce-tente-un-coup-detat-contre-la-grece\/#article","isPartOf":{"@id":"https:\/\/www.pressenza.com\/fr\/2015\/02\/la-banque-centrale-europeenne-bce-tente-un-coup-detat-contre-la-grece\/"},"author":{"name":"\u00c9conomistes atterr\u00e9s","@id":"https:\/\/www.pressenza.com\/fr\/#\/schema\/person\/25a31fdd16d25fbfdc86e7866db54096"},"headline":"La Banque centrale europ\u00e9enne (BCE) tente un coup d\u2019\u00c9tat contre la Gr\u00e8ce","datePublished":"2015-02-06T05:33:38+00:00","dateModified":"2015-02-07T04:12:44+00:00","mainEntityOfPage":{"@id":"https:\/\/www.pressenza.com\/fr\/2015\/02\/la-banque-centrale-europeenne-bce-tente-un-coup-detat-contre-la-grece\/"},"wordCount":662,"publisher":{"@id":"https:\/\/www.pressenza.com\/fr\/#organization"},"image":{"@id":"https:\/\/www.pressenza.com\/fr\/2015\/02\/la-banque-centrale-europeenne-bce-tente-un-coup-detat-contre-la-grece\/#primaryimage"},"thumbnailUrl":"http:\/\/www.pressenza.com\/wp-content\/uploads\/assets\/06ef03e0c50f417c90e4b2c2c5c0ec30abff5b92.jpg","keywords":["Banque centrale europ\u00e9enne","coup d'\u00e9tat","Gr\u00e8ce"],"articleSection":["International"],"inLanguage":"fr-FR"},{"@type":"WebPage","@id":"https:\/\/www.pressenza.com\/fr\/2015\/02\/la-banque-centrale-europeenne-bce-tente-un-coup-detat-contre-la-grece\/","url":"https:\/\/www.pressenza.com\/fr\/2015\/02\/la-banque-centrale-europeenne-bce-tente-un-coup-detat-contre-la-grece\/","name":"La Banque centrale europ\u00e9enne (BCE) tente un coup d\u2019\u00c9tat contre la Gr\u00e8ce","isPartOf":{"@id":"https:\/\/www.pressenza.com\/fr\/#website"},"primaryImageOfPage":{"@id":"https:\/\/www.pressenza.com\/fr\/2015\/02\/la-banque-centrale-europeenne-bce-tente-un-coup-detat-contre-la-grece\/#primaryimage"},"image":{"@id":"https:\/\/www.pressenza.com\/fr\/2015\/02\/la-banque-centrale-europeenne-bce-tente-un-coup-detat-contre-la-grece\/#primaryimage"},"thumbnailUrl":"http:\/\/www.pressenza.com\/wp-content\/uploads\/assets\/06ef03e0c50f417c90e4b2c2c5c0ec30abff5b92.jpg","datePublished":"2015-02-06T05:33:38+00:00","dateModified":"2015-02-07T04:12:44+00:00","description":"Les \u00c9conomistes atterr\u00e9s d\u00e9noncent la d\u00e9cision de la BCE qui viole la d\u00e9mocratie, renie ses propres engagements \u00e0 tout faire pour \u00e9viter la d\u00e9flation et","breadcrumb":{"@id":"https:\/\/www.pressenza.com\/fr\/2015\/02\/la-banque-centrale-europeenne-bce-tente-un-coup-detat-contre-la-grece\/#breadcrumb"},"inLanguage":"fr-FR","potentialAction":[{"@type":"ReadAction","target":["https:\/\/www.pressenza.com\/fr\/2015\/02\/la-banque-centrale-europeenne-bce-tente-un-coup-detat-contre-la-grece\/"]}]},{"@type":"ImageObject","inLanguage":"fr-FR","@id":"https:\/\/www.pressenza.com\/fr\/2015\/02\/la-banque-centrale-europeenne-bce-tente-un-coup-detat-contre-la-grece\/#primaryimage","url":"http:\/\/www.pressenza.com\/wp-content\/uploads\/assets\/06ef03e0c50f417c90e4b2c2c5c0ec30abff5b92.jpg","contentUrl":"http:\/\/www.pressenza.com\/wp-content\/uploads\/assets\/06ef03e0c50f417c90e4b2c2c5c0ec30abff5b92.jpg"},{"@type":"BreadcrumbList","@id":"https:\/\/www.pressenza.com\/fr\/2015\/02\/la-banque-centrale-europeenne-bce-tente-un-coup-detat-contre-la-grece\/#breadcrumb","itemListElement":[{"@type":"ListItem","position":1,"name":"Accueil","item":"https:\/\/www.pressenza.com\/fr\/"},{"@type":"ListItem","position":2,"name":"La Banque centrale europ\u00e9enne (BCE) tente un coup d\u2019\u00c9tat contre la Gr\u00e8ce"}]},{"@type":"WebSite","@id":"https:\/\/www.pressenza.com\/fr\/#website","url":"https:\/\/www.pressenza.com\/fr\/","name":"Pressenza","description":"International Press Agency","publisher":{"@id":"https:\/\/www.pressenza.com\/fr\/#organization"},"potentialAction":[{"@type":"SearchAction","target":{"@type":"EntryPoint","urlTemplate":"https:\/\/www.pressenza.com\/fr\/?s={search_term_string}"},"query-input":{"@type":"PropertyValueSpecification","valueRequired":true,"valueName":"search_term_string"}}],"inLanguage":"fr-FR"},{"@type":"Organization","@id":"https:\/\/www.pressenza.com\/fr\/#organization","name":"Pressenza","url":"https:\/\/www.pressenza.com\/fr\/","logo":{"@type":"ImageObject","inLanguage":"fr-FR","@id":"https:\/\/www.pressenza.com\/fr\/#\/schema\/logo\/image\/","url":"https:\/\/www.pressenza.com\/wp-content\/uploads\/2022\/10\/pressenza_logo_200x200.jpg","contentUrl":"https:\/\/www.pressenza.com\/wp-content\/uploads\/2022\/10\/pressenza_logo_200x200.jpg","width":200,"height":200,"caption":"Pressenza"},"image":{"@id":"https:\/\/www.pressenza.com\/fr\/#\/schema\/logo\/image\/"},"sameAs":["https:\/\/www.facebook.com\/PressenzaItalia","https:\/\/x.com\/PressenzaIPA"]},{"@type":"Person","@id":"https:\/\/www.pressenza.com\/fr\/#\/schema\/person\/25a31fdd16d25fbfdc86e7866db54096","name":"\u00c9conomistes atterr\u00e9s","description":"L\u2019association a pour but d\u2019impulser la r\u00e9flexion collective et l\u2019expression publique des \u00e9conomistes, issus d\u2019horizons th\u00e9oriques divers, qui ne se r\u00e9signent pas \u00e0 la domination de l\u2019orthodoxie n\u00e9olib\u00e9rale sur la pens\u00e9e \u00e9conomique et qui jugent n\u00e9cessaire de changer le paradigme des politiques \u00e9conomiques en Europe et dans le monde. L'association s'inscrit ainsi dans la continuit\u00e9 de la d\u00e9marche lanc\u00e9e par le \u00ab Manifeste des \u00e9conomistes atterr\u00e9s \u00bb. www.atterres.org","sameAs":["http:\/\/www.atterres.org\/","https:\/\/www.facebook.com\/atterres\/","https:\/\/x.com\/atterres"],"url":"https:\/\/www.pressenza.com\/fr\/author\/economistes-atterres\/"}]}},"place":"","original_article_url":"http:\/\/www.atterres.org\/article\/la-bce-tente-un-coup-d%E2%80%99%C3%A9tat-contre-la-gr%C3%A8ce","_links":{"self":[{"href":"https:\/\/www.pressenza.com\/fr\/wp-json\/wp\/v2\/posts\/160159","targetHints":{"allow":["GET"]}}],"collection":[{"href":"https:\/\/www.pressenza.com\/fr\/wp-json\/wp\/v2\/posts"}],"about":[{"href":"https:\/\/www.pressenza.com\/fr\/wp-json\/wp\/v2\/types\/post"}],"author":[{"embeddable":true,"href":"https:\/\/www.pressenza.com\/fr\/wp-json\/wp\/v2\/users\/782"}],"replies":[{"embeddable":true,"href":"https:\/\/www.pressenza.com\/fr\/wp-json\/wp\/v2\/comments?post=160159"}],"version-history":[{"count":0,"href":"https:\/\/www.pressenza.com\/fr\/wp-json\/wp\/v2\/posts\/160159\/revisions"}],"wp:attachment":[{"href":"https:\/\/www.pressenza.com\/fr\/wp-json\/wp\/v2\/media?parent=160159"}],"wp:term":[{"taxonomy":"category","embeddable":true,"href":"https:\/\/www.pressenza.com\/fr\/wp-json\/wp\/v2\/categories?post=160159"},{"taxonomy":"post_tag","embeddable":true,"href":"https:\/\/www.pressenza.com\/fr\/wp-json\/wp\/v2\/tags?post=160159"}],"curies":[{"name":"wp","href":"https:\/\/api.w.org\/{rel}","templated":true}]}}