{"id":1599611,"date":"2022-06-07T05:45:42","date_gmt":"2022-06-07T04:45:42","guid":{"rendered":"https:\/\/www.pressenza.com\/?p=1599611"},"modified":"2022-06-07T05:49:09","modified_gmt":"2022-06-07T04:49:09","slug":"ventes-darmes-le-silence-et-la-honte","status":"publish","type":"post","link":"https:\/\/www.pressenza.com\/fr\/2022\/06\/ventes-darmes-le-silence-et-la-honte\/","title":{"rendered":"Ventes d\u2019armes : le silence et la honte"},"content":{"rendered":"<p>Dans quelques jours, se tient le salon de l\u2019armement Eurosatory au Parc des expositions de Villepinte (Seine St Denis). Il r\u00e9unira plus de 1 000 exposants venant de 60 pays. La tenue de ce supermarch\u00e9 international de la mort co\u00efncide avec la publication d\u2019un num\u00e9ro sp\u00e9cial de la revue\u00a0<i>Alternatives Non-Violentes<\/i>, \u00ab Vendre des armes et apr\u00e8s ? \u00bb. C\u2019est l\u2019occasion de regarder en face la r\u00e9alit\u00e9 de ce commerce honteux qui comporte de nombreuses zones d\u2019ombre. A l\u2019heure o\u00f9 les occidentaux fournissent quantit\u00e9 d\u2019armes \u00e0 la r\u00e9sistance ukrainienne et o\u00f9 la course aux armements repart de plus belle, il est temps de se pencher sur ce commerce morbide, de le d\u00e9noncer et de s\u2019y opposer.<span id=\"more-2402\"><\/span><\/p>\n<p>La France vend des armes \u00e0 l\u2019Arabie Saoudite, l\u2019Egypte, l\u2019Inde, le Qatar, le Br\u00e9sil et les \u00c9mirats arabes unis, des pays \u00ab\u00a0qui ont une renomm\u00e9e douteuse en mati\u00e8re de violations des droits humains\u00a0\u00bb, explique\u00a0<b>Alice Privey<\/b>, charg\u00e9e de recherche pour l\u2019association\u00a0<i>Stop Fuelling War<\/i>\u00a0(Cesser d\u2019alimenter la guerre). Dans son article, on apprend que les exportations d\u2019armes fran\u00e7aises ont bondi de 59\u00a0% depuis 2012. Elle rappelle les processus d\u2019autorisation des ventes d\u2019armes \u00e0 l\u2019\u00e9tranger, tout en soulignant leur manque de transparence et l\u2019absence de contr\u00f4le du Parlement. Officiellement, l\u2019exportation d\u2019armes et de mat\u00e9riel de guerre est prohib\u00e9e en France\u2026 Pour \u00eatre autoris\u00e9es, ces ventes doivent passer par le filtre d\u2019une commission appel\u00e9e la CIEEMG (la Commission interminist\u00e9rielle pour l\u2019\u00e9tude des exportations de mat\u00e9riels de guerre), compos\u00e9e de plusieurs repr\u00e9sentants de minist\u00e8res et des services du Premier ministre. Ni le Parlement, ni la soci\u00e9t\u00e9 civile n\u2019ont acc\u00e8s aux informations et aux d\u00e9cisions de cette commission.<\/p>\n<p>Elle rappelle que le Trait\u00e9 sur le commerce des armes (2014), adopt\u00e9 gr\u00e2ce \u00e0 la mobilisation de la soci\u00e9t\u00e9 civile mondiale, n\u2019est pas appliqu\u00e9 en France. L\u2019\u00c9tat investit des sommes faramineuses pour les programmes d\u2019armement qui ont besoin de trouver des d\u00e9bouch\u00e9s \u00e0 l\u2019\u00e9tranger pour \u00eatre rentabilis\u00e9s. Tout cela se fait au d\u00e9triment d\u2019autres priorit\u00e9 comme la transition \u00e9nerg\u00e9tique et les besoins sociaux et dans l\u2019indiff\u00e9rence de l\u2019opinion publique tenue \u00e0 l\u2019\u00e9cart de ces d\u00e9cisions.<\/p>\n<p>Amnesty International m\u00e8ne un combat depuis de longues ann\u00e9es pour d\u00e9noncer la complicit\u00e9 de la France dans la vente d\u2019armes \u00e0 des pays qui violent le droit international.\u00a0<b>Aymeric Alluin<\/b>, charg\u00e9 de mission \u00e0 Amnesty International, pr\u00e9cise que l\u2019opacit\u00e9 qui r\u00e8gne autour des d\u00e9cisions concernant les ventes d\u2019armes de la France rend impossible de v\u00e9rifier si la France respecte le Trait\u00e9 sur le commerce des armes (TCA). Il rappelle qu\u2019 \u00ab un \u00c9tat a l\u2019interdiction d\u2019autoriser un transfert s\u2019il a connaissance que les armes en question pourraient servir pour commettre des crimes de guerre \u00bb. Au mois de f\u00e9vrier, l\u2019organisation de d\u00e9fense des droits de l\u2019homme a remis une p\u00e9tition de 146 000 signatures \u00e0 l\u2019Elys\u00e9e : \u00ab Ventes d\u2019armes : stop \u00e0 la complicit\u00e9 de la France \u00bb. En novembre 2021, un rapport parlementaire issu d\u2019une mission d\u2019information sur le contr\u00f4le des exportations d\u2019armement soulignait \u00ab le besoin urgent d\u2019un v\u00e9ritable contr\u00f4le parlementaire des ventes d\u2019armes fran\u00e7aises \u00bb, reprenant ainsi une revendication ancienne de nombreuses ONG. Pour quel effet ? Aucun \u00e0 ce jour.<\/p>\n<p>Le num\u00e9ro d\u2019<i>Alternatives Non-Violentes<\/i>\u00a0ne se contente pas de traiter des ventes d\u2019armes de la France.\u00a0<b>Claude Serfati<\/b>, membre du conseil scientifique d\u2019Attac, \u00e9largit la focale \u00e0 la question de la \u00ab\u00a0mondialisation arm\u00e9e\u00a0\u00bb, autrement dit la militarisation de la plan\u00e8te. Les d\u00e9penses militaires mondiales sont toujours en augmentation. Elles repr\u00e9sentent pr\u00e8s de 2 000 milliards de dollars en 2020 selon le SIPRI (Institut international de recherche sur la paix de Stockholm), \u00ab\u00a0soit une augmentation de pr\u00e8s de 80\u00a0% depuis 1995\u00a0\u00bb.<\/p>\n<p>La chute de l\u2019URSS en 1990 a accentu\u00e9 les rivalit\u00e9s \u00e9conomiques et a renforc\u00e9 les capacit\u00e9s militaires des \u00c9tats imp\u00e9rialistes. L\u2019OTAN accentue son emprise vers l\u2019Est de l\u2019Europe accompagnant ainsi le d\u00e9veloppement de l\u2019\u00e9conomie de march\u00e9 dans les pays de l\u2019ex Union Sovi\u00e9tique. Claude Serfati, au terme de son analyse, estime probable \u00ab\u00a0l\u2019aggravation des antagonismes, entre le bloc transatlantique (\u00c9tats-Unis et Europe) et les pays d\u2019Asie et du Pacifique\u00a0\u00bb. Il estime que \u00ab\u00a0la p\u00e9riode ouverte par la guerre en Ukraine va acc\u00e9l\u00e9rer la croissance des d\u00e9penses militaires, qui \u00e0 leur tour nourriront de nouveaux conflits \u00e0 la plus grande satisfaction des syst\u00e8mes militaro-industriels\u00a0\u00bb. Les peuples resteront les victimes de cet engrenage d\u00e9cid\u00e9 par les \u00c9tats militaris\u00e9s et nucl\u00e9aris\u00e9s.<\/p>\n<p>Plus que jamais se pose la question de la reconversion des industries d\u2019armement.\u00a0<b>Fran\u00e7ois Vaillan<\/b><strong>t<\/strong>, directeur de la revue\u00a0<i>Alternatives Non-Violentes<\/i>, rappelle les efforts r\u00e9alis\u00e9s en France dans les ann\u00e9es 1970 par certains syndicats et mouvements non-violents pour penser une autre politique de d\u00e9fense. Malgr\u00e9 les espoirs soulev\u00e9s par l\u2019arriv\u00e9e de la gauche au pouvoir, celle-ci tournera le dos \u00e0 ses engagements de campagne concernant \u00ab la moralisation des ventes d\u2019armes \u00bb. Le commerce des armes repartira de plus belle sous la houlette de Charles Hernu et la France deviendra le troisi\u00e8me marchand de canons au monde. Le Mouvement pour une Alternative Non-violente (MAN) poursuivra seul les r\u00e9flexions sur le \u00ab transarmement \u00bb, p\u00e9riode de transition permettant de passer de l\u2019actuel syst\u00e8me de d\u00e9fense militaris\u00e9 \u00e0 un autre syst\u00e8me de d\u00e9fense, la d\u00e9fense populaire non-violente. Pour le MAN, \u00e0 cette \u00e9poque, le transarmement se conjugue avec le contr\u00f4le de l\u2019industrie de l\u2019armement par les travailleurs, rendant ainsi possible la reconversion de cette m\u00eame industrie vers des productions socialement utiles.<\/p>\n<p><b>Patrice Bouveret<\/b>, co-fondateur de l\u2019Observatoire des armements, fait remarquer que la reconversion de l\u2019industrie de l\u2019armement \u00ab pourrait \u00eatre facilit\u00e9e du fait qu\u2019il s\u2019agit d\u2019un secteur de tr\u00e8s haute comp\u00e9tence et technicit\u00e9 \u00bb. La reconversion n\u2019est pas un probl\u00e8me technique, il doit r\u00e9sulter avant tout d\u2019une \u00ab volont\u00e9 politique \u00bb. Patrice Bouveret rappelle \u00e9galement que \u00ab la Charte de l\u2019ONU doit rester notre boussole \u00bb. Sign\u00e9e en juin 1945, elle pr\u00e9cise que la paix n\u2019est possible qu\u2019 \u00ab en ne d\u00e9tournant vers les armements que le minimum des ressources humaines et \u00e9conomiques du monde \u00bb. Or, les cinq membres permanents de l\u2019ONU, dont la France, repr\u00e9sentent \u00e0 eux seuls plus de 60 % des d\u00e9penses militaires et environ 77 % des exportations d\u2019armes dans le monde. L\u2019ONU est bien verrouill\u00e9 par un club d\u2019\u00c9tats militaris\u00e9s qui dominent outrageusement la plan\u00e8te et font peser sur son avenir un p\u00e9ril mortel.<\/p>\n<p>Les questions de s\u00e9curit\u00e9 et de d\u00e9fense sont des dossiers trop s\u00e9rieux pour \u00eatre confi\u00e9s uniquement aux militaires et aux politiques. Les citoyens doivent se r\u00e9approprier ces questions trop souvent confin\u00e9es dans des cercles de sp\u00e9cialistes. L\u2019une des le\u00e7ons de la guerre en Ukraine, souligne\u00a0<b>Etienne Godinot<\/b>, \u00ab\u00a0est que les soci\u00e9t\u00e9s civiles auront de plus en plus un r\u00f4le d\u00e9terminant \u00e0 jouer pour r\u00e9sister \u00e0 l\u2019oppression et combattre contre la guerre\u00a0\u00bb. Les menaces qui p\u00e8sent sur nos \u00ab\u00a0d\u00e9mocraties\u00a0\u00bb ne sont d\u2019ailleurs pas que militaires, elles sont d\u2019ordre \u00e9cologique, \u00e9conomique, alimentaire, id\u00e9ologique. \u00ab\u00a0Face \u00e0 ces diverses menaces\u00a0, souligne-t-il, augmenter le volume d\u2019armes conventionnelles ou brandir l\u2019arme nucl\u00e9aire est totalement inop\u00e9rant\u00a0\u00bb. Il plaide pour une politique de d\u00e9sarmement qui d\u00e9veloppe une alternative \u00e0 la d\u00e9fense arm\u00e9e. C\u2019est ainsi qu\u2019il peut pr\u00e9ciser les fondements et les m\u00e9thodes d\u2019une d\u00e9fense civile non-violente, une r\u00e9flexion que les mouvements non-violents ont mis de c\u00f4t\u00e9 depuis la chute du mur de Berlin.<\/p>\n<p>A la veille du salon Eurosatory, ce num\u00e9ro d\u2019<em>Alternatives Non-Violentes<\/em>\u00a0tombe \u00e0 pic pour rappeler que les armes ne sont pas des marchandises comme les autres. Ce ne sont pas des biens de consommation, mais des biens de destruction. Vendre des armes n\u2019est rien d\u2019autre qu\u2019exporter la guerre et accro\u00eetre les menaces de guerre aux quatre coins du monde. C\u2019est alimenter, ind\u00e9finiment, les conflits r\u00e9gionaux avec des armes toujours plus sophistiqu\u00e9es au d\u00e9triment des v\u00e9ritables besoins des peuples qui sont les premi\u00e8res victimes de ces exportations d\u2019armement. Jusqu\u2019\u00e0 quand les citoyens fran\u00e7ais resteront silencieux face \u00e0 ce commerce de la honte r\u00e9alis\u00e9 en leur nom\u00a0?<\/p>\n<p>Toutes les informations pour se procurer ce num\u00e9ro sur le site d\u2019<a href=\"https:\/\/www.alternatives-non-violentes.org\/Revue\/Numeros\/203_Vendre_des_armes_apres\" target=\"_blank\" rel=\"noopener\"><em>Alternatives Non-Violentes<\/em><\/a><\/p>\n","protected":false},"excerpt":{"rendered":"<p>Dans quelques jours, se tient le salon de l\u2019armement Eurosatory au Parc des expositions de Villepinte (Seine St Denis). Il r\u00e9unira plus de 1 000 exposants venant de 60 pays. La tenue de ce supermarch\u00e9 international de la mort co\u00efncide&hellip;<\/p>\n","protected":false},"author":2104,"featured_media":1599612,"comment_status":"closed","ping_status":"closed","sticky":false,"template":"","format":"standard","meta":{"footnotes":""},"categories":[11386,85,40,1248,1250],"tags":[3165,28903],"class_list":["post-1599611","post","type-post","status-publish","format-standard","has-post-thumbnail","hentry","category-contenu-original","category-europe-fr","category-international-fr","category-nonviolence-sujet","category-paix-desarmement","tag-armement","tag-non-violence"],"yoast_head":"<!-- This site is optimized with the Yoast SEO plugin v27.1.1 - https:\/\/yoast.com\/product\/yoast-seo-wordpress\/ -->\n<title>Ventes d\u2019armes : le silence et la honte<\/title>\n<meta name=\"description\" content=\"Dans quelques jours, se tient le salon de l\u2019armement Eurosatory au Parc des expositions de Villepinte (Seine St Denis). Il r\u00e9unira plus de 1 000 exposants\" \/>\n<meta name=\"robots\" content=\"index, follow, max-snippet:-1, max-image-preview:large, max-video-preview:-1\" \/>\n<link rel=\"canonical\" href=\"https:\/\/www.pressenza.com\/fr\/2022\/06\/ventes-darmes-le-silence-et-la-honte\/\" \/>\n<meta property=\"og:locale\" content=\"fr_FR\" \/>\n<meta property=\"og:type\" content=\"article\" \/>\n<meta property=\"og:title\" content=\"Ventes d\u2019armes : le silence et la honte\" \/>\n<meta property=\"og:description\" content=\"Dans quelques jours, se tient le salon de l\u2019armement Eurosatory au Parc des expositions de Villepinte (Seine St Denis). Il r\u00e9unira plus de 1 000 exposants\" \/>\n<meta property=\"og:url\" content=\"https:\/\/www.pressenza.com\/fr\/2022\/06\/ventes-darmes-le-silence-et-la-honte\/\" \/>\n<meta property=\"og:site_name\" content=\"Pressenza\" \/>\n<meta property=\"article:publisher\" content=\"https:\/\/www.facebook.com\/PressenzaItalia\" \/>\n<meta property=\"article:published_time\" content=\"2022-06-07T04:45:42+00:00\" \/>\n<meta property=\"article:modified_time\" content=\"2022-06-07T04:49:09+00:00\" \/>\n<meta property=\"og:image\" content=\"https:\/\/www.pressenza.com\/wp-content\/uploads\/2022\/06\/Vente-darme.jpeg\" \/>\n\t<meta property=\"og:image:width\" content=\"600\" \/>\n\t<meta property=\"og:image:height\" content=\"586\" \/>\n\t<meta property=\"og:image:type\" content=\"image\/jpeg\" \/>\n<meta name=\"author\" content=\"Alain Refalo\" \/>\n<meta name=\"twitter:card\" content=\"summary_large_image\" \/>\n<meta name=\"twitter:creator\" content=\"@PressenzaIPA\" \/>\n<meta name=\"twitter:site\" content=\"@PressenzaIPA\" \/>\n<meta name=\"twitter:label1\" content=\"\u00c9crit par\" \/>\n\t<meta name=\"twitter:data1\" content=\"Alain Refalo\" \/>\n\t<meta name=\"twitter:label2\" content=\"Dur\u00e9e de lecture estim\u00e9e\" \/>\n\t<meta name=\"twitter:data2\" content=\"7 minutes\" \/>\n<script type=\"application\/ld+json\" class=\"yoast-schema-graph\">{\"@context\":\"https:\/\/schema.org\",\"@graph\":[{\"@type\":\"Article\",\"@id\":\"https:\/\/www.pressenza.com\/fr\/2022\/06\/ventes-darmes-le-silence-et-la-honte\/#article\",\"isPartOf\":{\"@id\":\"https:\/\/www.pressenza.com\/fr\/2022\/06\/ventes-darmes-le-silence-et-la-honte\/\"},\"author\":{\"name\":\"Alain Refalo\",\"@id\":\"https:\/\/www.pressenza.com\/fr\/#\/schema\/person\/5ad2be5abe13f8fa93b8ffdf9bb0d7b9\"},\"headline\":\"Ventes d\u2019armes : le silence et la honte\",\"datePublished\":\"2022-06-07T04:45:42+00:00\",\"dateModified\":\"2022-06-07T04:49:09+00:00\",\"mainEntityOfPage\":{\"@id\":\"https:\/\/www.pressenza.com\/fr\/2022\/06\/ventes-darmes-le-silence-et-la-honte\/\"},\"wordCount\":1481,\"publisher\":{\"@id\":\"https:\/\/www.pressenza.com\/fr\/#organization\"},\"image\":{\"@id\":\"https:\/\/www.pressenza.com\/fr\/2022\/06\/ventes-darmes-le-silence-et-la-honte\/#primaryimage\"},\"thumbnailUrl\":\"https:\/\/www.pressenza.com\/wp-content\/uploads\/2022\/06\/Vente-darme.jpeg\",\"keywords\":[\"armement\",\"non-violence\"],\"articleSection\":[\"Contenu Original\",\"Europe\",\"International\",\"Non-violence\",\"Paix et D\u00e9sarmement\"],\"inLanguage\":\"fr-FR\"},{\"@type\":\"WebPage\",\"@id\":\"https:\/\/www.pressenza.com\/fr\/2022\/06\/ventes-darmes-le-silence-et-la-honte\/\",\"url\":\"https:\/\/www.pressenza.com\/fr\/2022\/06\/ventes-darmes-le-silence-et-la-honte\/\",\"name\":\"Ventes d\u2019armes : le silence et la honte\",\"isPartOf\":{\"@id\":\"https:\/\/www.pressenza.com\/fr\/#website\"},\"primaryImageOfPage\":{\"@id\":\"https:\/\/www.pressenza.com\/fr\/2022\/06\/ventes-darmes-le-silence-et-la-honte\/#primaryimage\"},\"image\":{\"@id\":\"https:\/\/www.pressenza.com\/fr\/2022\/06\/ventes-darmes-le-silence-et-la-honte\/#primaryimage\"},\"thumbnailUrl\":\"https:\/\/www.pressenza.com\/wp-content\/uploads\/2022\/06\/Vente-darme.jpeg\",\"datePublished\":\"2022-06-07T04:45:42+00:00\",\"dateModified\":\"2022-06-07T04:49:09+00:00\",\"description\":\"Dans quelques jours, se tient le salon de l\u2019armement Eurosatory au Parc des expositions de Villepinte (Seine St Denis). Il r\u00e9unira plus de 1 000 exposants\",\"breadcrumb\":{\"@id\":\"https:\/\/www.pressenza.com\/fr\/2022\/06\/ventes-darmes-le-silence-et-la-honte\/#breadcrumb\"},\"inLanguage\":\"fr-FR\",\"potentialAction\":[{\"@type\":\"ReadAction\",\"target\":[\"https:\/\/www.pressenza.com\/fr\/2022\/06\/ventes-darmes-le-silence-et-la-honte\/\"]}]},{\"@type\":\"ImageObject\",\"inLanguage\":\"fr-FR\",\"@id\":\"https:\/\/www.pressenza.com\/fr\/2022\/06\/ventes-darmes-le-silence-et-la-honte\/#primaryimage\",\"url\":\"https:\/\/www.pressenza.com\/wp-content\/uploads\/2022\/06\/Vente-darme.jpeg\",\"contentUrl\":\"https:\/\/www.pressenza.com\/wp-content\/uploads\/2022\/06\/Vente-darme.jpeg\",\"width\":600,\"height\":586},{\"@type\":\"BreadcrumbList\",\"@id\":\"https:\/\/www.pressenza.com\/fr\/2022\/06\/ventes-darmes-le-silence-et-la-honte\/#breadcrumb\",\"itemListElement\":[{\"@type\":\"ListItem\",\"position\":1,\"name\":\"Accueil\",\"item\":\"https:\/\/www.pressenza.com\/fr\/\"},{\"@type\":\"ListItem\",\"position\":2,\"name\":\"Ventes d\u2019armes : le silence et la honte\"}]},{\"@type\":\"WebSite\",\"@id\":\"https:\/\/www.pressenza.com\/fr\/#website\",\"url\":\"https:\/\/www.pressenza.com\/fr\/\",\"name\":\"Pressenza\",\"description\":\"International Press Agency\",\"publisher\":{\"@id\":\"https:\/\/www.pressenza.com\/fr\/#organization\"},\"potentialAction\":[{\"@type\":\"SearchAction\",\"target\":{\"@type\":\"EntryPoint\",\"urlTemplate\":\"https:\/\/www.pressenza.com\/fr\/?s={search_term_string}\"},\"query-input\":{\"@type\":\"PropertyValueSpecification\",\"valueRequired\":true,\"valueName\":\"search_term_string\"}}],\"inLanguage\":\"fr-FR\"},{\"@type\":\"Organization\",\"@id\":\"https:\/\/www.pressenza.com\/fr\/#organization\",\"name\":\"Pressenza\",\"url\":\"https:\/\/www.pressenza.com\/fr\/\",\"logo\":{\"@type\":\"ImageObject\",\"inLanguage\":\"fr-FR\",\"@id\":\"https:\/\/www.pressenza.com\/fr\/#\/schema\/logo\/image\/\",\"url\":\"https:\/\/www.pressenza.com\/wp-content\/uploads\/2022\/10\/pressenza_logo_200x200.jpg\",\"contentUrl\":\"https:\/\/www.pressenza.com\/wp-content\/uploads\/2022\/10\/pressenza_logo_200x200.jpg\",\"width\":200,\"height\":200,\"caption\":\"Pressenza\"},\"image\":{\"@id\":\"https:\/\/www.pressenza.com\/fr\/#\/schema\/logo\/image\/\"},\"sameAs\":[\"https:\/\/www.facebook.com\/PressenzaItalia\",\"https:\/\/x.com\/PressenzaIPA\"]},{\"@type\":\"Person\",\"@id\":\"https:\/\/www.pressenza.com\/fr\/#\/schema\/person\/5ad2be5abe13f8fa93b8ffdf9bb0d7b9\",\"name\":\"Alain Refalo\",\"sameAs\":[\"https:\/\/alainrefalo.blog\/\"],\"url\":\"https:\/\/www.pressenza.com\/fr\/author\/alain-refalo\/\"}]}<\/script>\n<!-- \/ Yoast SEO plugin. -->","yoast_head_json":{"title":"Ventes d\u2019armes : le silence et la honte","description":"Dans quelques jours, se tient le salon de l\u2019armement Eurosatory au Parc des expositions de Villepinte (Seine St Denis). Il r\u00e9unira plus de 1 000 exposants","robots":{"index":"index","follow":"follow","max-snippet":"max-snippet:-1","max-image-preview":"max-image-preview:large","max-video-preview":"max-video-preview:-1"},"canonical":"https:\/\/www.pressenza.com\/fr\/2022\/06\/ventes-darmes-le-silence-et-la-honte\/","og_locale":"fr_FR","og_type":"article","og_title":"Ventes d\u2019armes : le silence et la honte","og_description":"Dans quelques jours, se tient le salon de l\u2019armement Eurosatory au Parc des expositions de Villepinte (Seine St Denis). Il r\u00e9unira plus de 1 000 exposants","og_url":"https:\/\/www.pressenza.com\/fr\/2022\/06\/ventes-darmes-le-silence-et-la-honte\/","og_site_name":"Pressenza","article_publisher":"https:\/\/www.facebook.com\/PressenzaItalia","article_published_time":"2022-06-07T04:45:42+00:00","article_modified_time":"2022-06-07T04:49:09+00:00","og_image":[{"width":600,"height":586,"url":"https:\/\/www.pressenza.com\/wp-content\/uploads\/2022\/06\/Vente-darme.jpeg","type":"image\/jpeg"}],"author":"Alain Refalo","twitter_card":"summary_large_image","twitter_creator":"@PressenzaIPA","twitter_site":"@PressenzaIPA","twitter_misc":{"\u00c9crit par":"Alain Refalo","Dur\u00e9e de lecture estim\u00e9e":"7 minutes"},"schema":{"@context":"https:\/\/schema.org","@graph":[{"@type":"Article","@id":"https:\/\/www.pressenza.com\/fr\/2022\/06\/ventes-darmes-le-silence-et-la-honte\/#article","isPartOf":{"@id":"https:\/\/www.pressenza.com\/fr\/2022\/06\/ventes-darmes-le-silence-et-la-honte\/"},"author":{"name":"Alain Refalo","@id":"https:\/\/www.pressenza.com\/fr\/#\/schema\/person\/5ad2be5abe13f8fa93b8ffdf9bb0d7b9"},"headline":"Ventes d\u2019armes : le silence et la honte","datePublished":"2022-06-07T04:45:42+00:00","dateModified":"2022-06-07T04:49:09+00:00","mainEntityOfPage":{"@id":"https:\/\/www.pressenza.com\/fr\/2022\/06\/ventes-darmes-le-silence-et-la-honte\/"},"wordCount":1481,"publisher":{"@id":"https:\/\/www.pressenza.com\/fr\/#organization"},"image":{"@id":"https:\/\/www.pressenza.com\/fr\/2022\/06\/ventes-darmes-le-silence-et-la-honte\/#primaryimage"},"thumbnailUrl":"https:\/\/www.pressenza.com\/wp-content\/uploads\/2022\/06\/Vente-darme.jpeg","keywords":["armement","non-violence"],"articleSection":["Contenu Original","Europe","International","Non-violence","Paix et D\u00e9sarmement"],"inLanguage":"fr-FR"},{"@type":"WebPage","@id":"https:\/\/www.pressenza.com\/fr\/2022\/06\/ventes-darmes-le-silence-et-la-honte\/","url":"https:\/\/www.pressenza.com\/fr\/2022\/06\/ventes-darmes-le-silence-et-la-honte\/","name":"Ventes d\u2019armes : le silence et la honte","isPartOf":{"@id":"https:\/\/www.pressenza.com\/fr\/#website"},"primaryImageOfPage":{"@id":"https:\/\/www.pressenza.com\/fr\/2022\/06\/ventes-darmes-le-silence-et-la-honte\/#primaryimage"},"image":{"@id":"https:\/\/www.pressenza.com\/fr\/2022\/06\/ventes-darmes-le-silence-et-la-honte\/#primaryimage"},"thumbnailUrl":"https:\/\/www.pressenza.com\/wp-content\/uploads\/2022\/06\/Vente-darme.jpeg","datePublished":"2022-06-07T04:45:42+00:00","dateModified":"2022-06-07T04:49:09+00:00","description":"Dans quelques jours, se tient le salon de l\u2019armement Eurosatory au Parc des expositions de Villepinte (Seine St Denis). Il r\u00e9unira plus de 1 000 exposants","breadcrumb":{"@id":"https:\/\/www.pressenza.com\/fr\/2022\/06\/ventes-darmes-le-silence-et-la-honte\/#breadcrumb"},"inLanguage":"fr-FR","potentialAction":[{"@type":"ReadAction","target":["https:\/\/www.pressenza.com\/fr\/2022\/06\/ventes-darmes-le-silence-et-la-honte\/"]}]},{"@type":"ImageObject","inLanguage":"fr-FR","@id":"https:\/\/www.pressenza.com\/fr\/2022\/06\/ventes-darmes-le-silence-et-la-honte\/#primaryimage","url":"https:\/\/www.pressenza.com\/wp-content\/uploads\/2022\/06\/Vente-darme.jpeg","contentUrl":"https:\/\/www.pressenza.com\/wp-content\/uploads\/2022\/06\/Vente-darme.jpeg","width":600,"height":586},{"@type":"BreadcrumbList","@id":"https:\/\/www.pressenza.com\/fr\/2022\/06\/ventes-darmes-le-silence-et-la-honte\/#breadcrumb","itemListElement":[{"@type":"ListItem","position":1,"name":"Accueil","item":"https:\/\/www.pressenza.com\/fr\/"},{"@type":"ListItem","position":2,"name":"Ventes d\u2019armes : le silence et la honte"}]},{"@type":"WebSite","@id":"https:\/\/www.pressenza.com\/fr\/#website","url":"https:\/\/www.pressenza.com\/fr\/","name":"Pressenza","description":"International Press Agency","publisher":{"@id":"https:\/\/www.pressenza.com\/fr\/#organization"},"potentialAction":[{"@type":"SearchAction","target":{"@type":"EntryPoint","urlTemplate":"https:\/\/www.pressenza.com\/fr\/?s={search_term_string}"},"query-input":{"@type":"PropertyValueSpecification","valueRequired":true,"valueName":"search_term_string"}}],"inLanguage":"fr-FR"},{"@type":"Organization","@id":"https:\/\/www.pressenza.com\/fr\/#organization","name":"Pressenza","url":"https:\/\/www.pressenza.com\/fr\/","logo":{"@type":"ImageObject","inLanguage":"fr-FR","@id":"https:\/\/www.pressenza.com\/fr\/#\/schema\/logo\/image\/","url":"https:\/\/www.pressenza.com\/wp-content\/uploads\/2022\/10\/pressenza_logo_200x200.jpg","contentUrl":"https:\/\/www.pressenza.com\/wp-content\/uploads\/2022\/10\/pressenza_logo_200x200.jpg","width":200,"height":200,"caption":"Pressenza"},"image":{"@id":"https:\/\/www.pressenza.com\/fr\/#\/schema\/logo\/image\/"},"sameAs":["https:\/\/www.facebook.com\/PressenzaItalia","https:\/\/x.com\/PressenzaIPA"]},{"@type":"Person","@id":"https:\/\/www.pressenza.com\/fr\/#\/schema\/person\/5ad2be5abe13f8fa93b8ffdf9bb0d7b9","name":"Alain Refalo","sameAs":["https:\/\/alainrefalo.blog\/"],"url":"https:\/\/www.pressenza.com\/fr\/author\/alain-refalo\/"}]}},"place":"France","original_article_url":"https:\/\/alainrefalo.blog\/2022\/06\/06\/ventes-darmes-le-silence-et-la-honte\/","_links":{"self":[{"href":"https:\/\/www.pressenza.com\/fr\/wp-json\/wp\/v2\/posts\/1599611","targetHints":{"allow":["GET"]}}],"collection":[{"href":"https:\/\/www.pressenza.com\/fr\/wp-json\/wp\/v2\/posts"}],"about":[{"href":"https:\/\/www.pressenza.com\/fr\/wp-json\/wp\/v2\/types\/post"}],"author":[{"embeddable":true,"href":"https:\/\/www.pressenza.com\/fr\/wp-json\/wp\/v2\/users\/2104"}],"replies":[{"embeddable":true,"href":"https:\/\/www.pressenza.com\/fr\/wp-json\/wp\/v2\/comments?post=1599611"}],"version-history":[{"count":0,"href":"https:\/\/www.pressenza.com\/fr\/wp-json\/wp\/v2\/posts\/1599611\/revisions"}],"wp:featuredmedia":[{"embeddable":true,"href":"https:\/\/www.pressenza.com\/fr\/wp-json\/wp\/v2\/media\/1599612"}],"wp:attachment":[{"href":"https:\/\/www.pressenza.com\/fr\/wp-json\/wp\/v2\/media?parent=1599611"}],"wp:term":[{"taxonomy":"category","embeddable":true,"href":"https:\/\/www.pressenza.com\/fr\/wp-json\/wp\/v2\/categories?post=1599611"},{"taxonomy":"post_tag","embeddable":true,"href":"https:\/\/www.pressenza.com\/fr\/wp-json\/wp\/v2\/tags?post=1599611"}],"curies":[{"name":"wp","href":"https:\/\/api.w.org\/{rel}","templated":true}]}}