{"id":1593535,"date":"2022-05-28T20:35:35","date_gmt":"2022-05-28T19:35:35","guid":{"rendered":"https:\/\/www.pressenza.com\/?p=1593535"},"modified":"2022-05-28T20:40:27","modified_gmt":"2022-05-28T19:40:27","slug":"usa-ce-que-nous-savons-des-fusillades-de-masse-dans-les-ecoles-et-des-tireurs-qui-les-comettent","status":"publish","type":"post","link":"https:\/\/www.pressenza.com\/fr\/2022\/05\/usa-ce-que-nous-savons-des-fusillades-de-masse-dans-les-ecoles-et-des-tireurs-qui-les-comettent\/","title":{"rendered":"USA : Ce que nous savons des fusillades de masse dans les \u00e9coles  &#8211; et des tireurs qui les comettent"},"content":{"rendered":"<p>Lorsque le massacre de la <a href=\"https:\/\/www.history.com\/topics\/1990s\/columbine-high-school-shootings\">Columbine High School a eu lieu en 1999,<\/a> il a \u00e9t\u00e9 consid\u00e9r\u00e9 comme un moment d\u00e9cisif aux \u00c9tats-Unis &#8211; la pire fusillade de masse dans une \u00e9cole de l&rsquo;histoire du pays.<\/p>\n<p>Par James Densley and Jillian Peterson<\/p>\n<p>D\u00e9sormais, il se classe quatri\u00e8me.\u00a0Les trois fusillades dans les \u00e9coles qui ont d\u00e9pass\u00e9 le nombre de morts de 13\u00a0\u2013\u00a012 \u00e9l\u00e8ves, un enseignant\u00a0\u2013 ont toutes eu lieu au cours de la derni\u00e8re d\u00e9cennie\u00a0:\u00a0\u00a0<a href=\"https:\/\/www.cnn.com\/interactive\/2012\/12\/us\/sandy-hook-timeline\/index.html\">l&rsquo;attaque de l&rsquo;\u00e9cole primaire de Sandy Hook<\/a>\u00a0en\u00a02012 , au cours de laquelle un homme arm\u00e9 a tu\u00e9 26\u00a0enfants et le personnel de l&rsquo;\u00e9cole\u00a0;\u00a0la fusillade de 2018 \u00e0 l&rsquo;\u00e9cole secondaire Marjory Stoneman Douglas \u00e0 Parkland, en Floride, qui\u00a0\u00a0<a href=\"https:\/\/theconversation.com\/parkland-shooting-one-year-later-congress-still-avoids-action-on-gun-control-111796\">a co\u00fbt\u00e9 la vie \u00e0 17 personnes<\/a> ; et maintenant l&rsquo;<a href=\"https:\/\/theconversation.com\/19-children-2-adults-killed-in-texas-elementary-school-shooting-3-essential-reads-on-americas-relentless-gun-violence-183811\">assaut de la Robb Elementary School \u00e0 Uvalde, au Texas<\/a>\u00a0, o\u00f9 le 24 mai 2022, au moins 19 enfants et deux adultes ont \u00e9t\u00e9 assassin\u00e9s.<\/p>\n<p>Nous\u00a0\u00a0<a href=\"https:\/\/www.metrostate.edu\/about\/directory\/james-densley\">sommes des criminologues\u00a0<\/a>\u00a0<a href=\"https:\/\/www.hamline.edu\/faculty-staff\/jillian-peterson\/\">qui \u00e9tudions\u00a0<\/a>\u00a0<a href=\"https:\/\/www.theviolenceproject.org\/\">les histoires<\/a>\u00a0\u00a0de vie des tireurs de masse publics aux \u00c9tats-Unis. Dans le cadre de cette recherche, nous avons construit\u00a0\u00a0<a href=\"https:\/\/www.theviolenceproject.org\/mass-shooter-database\/\">une base de donn\u00e9es compl\u00e8te<\/a>\u00a0\u00a0des fusillades publiques de masse en utilisant des donn\u00e9es publiques, avec les tireurs cod\u00e9s sur plus de 200 variables diff\u00e9rentes, y compris l&#8217;emplacement et le profil racial.\u00a0Aux fins de notre base de donn\u00e9es, les fusillades publiques de masse sont d\u00e9finies comme des incidents au cours desquels quatre victimes ou plus sont assassin\u00e9es, au moins un de ces homicides ayant lieu dans un lieu public et sans lien avec une activit\u00e9 criminelle sous-jacente, comme des gangs ou de la drogue.<\/p>\n<p>Notre base de donn\u00e9es montre que depuis 1966, date \u00e0 laquelle commence notre chronologie, il y a eu 13 fusillades de ce type dans des \u00e9coles aux \u00c9tats-Unis &#8211; la premi\u00e8re \u00e0 Stockton, en Californie, en 1989.<\/p>\n<h1 class=\"block headline-block\"><span class=\"block-inner\">13 fusillades\u2013 146 enfants et adultes tu\u00e9s\u00a0<\/span><\/h1>\n<p><img loading=\"lazy\" decoding=\"async\" class=\"wp-image-1593550 size-medium\" src=\"https:\/\/www.pressenza.com\/wp-content\/uploads\/2022\/05\/fusillades-300x225.png\" alt=\"\" width=\"300\" height=\"225\" srcset=\"https:\/\/www.pressenza.com\/wp-content\/uploads\/2022\/05\/fusillades-300x225.png 300w, https:\/\/www.pressenza.com\/wp-content\/uploads\/2022\/05\/fusillades-820x616.png 820w, https:\/\/www.pressenza.com\/wp-content\/uploads\/2022\/05\/fusillades.png 1548w\" sizes=\"auto, (max-width: 300px) 100vw, 300px\" \/><\/p>\n<p>Notre base de donn\u00e9es montre que depuis 1966, date \u00e0 laquelle notre chronologie de base de donn\u00e9es commence, il y a eu 13 fusillades de ce type dans des \u00e9coles \u00e0 travers les \u00c9tats-Unis &#8211; la premi\u00e8re \u00e0\u00a0<a href=\"https:\/\/www.nytimes.com\/1989\/01\/18\/us\/five-children-killed-as-gunman-attacks-a-california-school.html\">Stockton, en Californie<\/a>\u00a0, en 1989.<\/p>\n<p>Quatre de ces fusillades \u2013 dont celle \u00e0 Robb Elementary School \u2013 impliquaient un meurtre \u00e0 un autre endroit, toujours un membre de la famille dans une r\u00e9sidence.\u00a0L&rsquo;agresseur le plus r\u00e9cent\u00a0<a href=\"https:\/\/www.npr.org\/live-updates\/texas-school-shooting-2022-05-24\">a tir\u00e9 sur sa grand-m\u00e8re<\/a>\u00a0avant d&rsquo;aller \u00e0 l&rsquo;\u00e9cole d&rsquo;Uvalde.<\/p>\n<p>La majorit\u00e9 des fusillades de masse dans les \u00e9coles ont \u00e9t\u00e9 perp\u00e9tr\u00e9es par un seul tireur, avec seulement deux \u2013 Columbine et la\u00a0<a href=\"https:\/\/www.kait8.com\/2022\/03\/24\/24-years-later-remembering-westside-school-shooting-victims\/\">fusillade de 1998 \u00e0 Westside School \u00e0 Jonesboro<\/a>\u00a0, Arkansas \u2013 perp\u00e9tr\u00e9es par deux hommes arm\u00e9s.\u00a0Au total, quelque 146 personnes ont \u00e9t\u00e9 tu\u00e9es dans les attentats et au moins 182 victimes ont \u00e9t\u00e9 bless\u00e9es.<\/p>\n<p>Le choix du terme \u00abtireur\u00bb pour d\u00e9crire les auteurs est pr\u00e9cis &#8211; toutes les fusillades de masse dans les \u00e9coles de notre base de donn\u00e9es ont \u00e9t\u00e9 <a href=\"https:\/\/www.theviolenceproject.org\/mass-shooter-database\/\">perp\u00e9tr\u00e9es par des hommes ou des gar\u00e7ons<\/a>\u00a0.\u00a0Et l&rsquo;\u00e2ge moyen des personnes impliqu\u00e9es dans l&rsquo;ex\u00e9cution des attentats \u00e9tait de 18 ans.<\/p>\n<p>Cela correspond \u00e0 l&rsquo;image qui a \u00e9merg\u00e9 du\u00a0<a href=\"https:\/\/www.thedailybeast.com\/robb-elementary-school-gunman-salvador-ramos-bought-two-rifles-on-his-18th-birthday-texas-officials-say\">tireur lors de l&rsquo;attaque de l&rsquo;\u00e9cole primaire de Robb<\/a>\u00a0.\u00a0Il a eu 18 ans il y a quelques jours \u00e0 peine et aurait\u00a0<a href=\"https:\/\/www.star-telegram.com\/news\/state\/texas\/article261766762.html\">achet\u00e9 deux armes de style militaire<\/a>\u00a0.\u00a0On pense que le tireur a utilis\u00e9 une arme de type militaire lors de l&rsquo;attaque, ont annonc\u00e9 les autorit\u00e9s le 25 mai 2022.<\/p>\n<p>La police n&rsquo;a\u00a0<a href=\"https:\/\/www.latimes.com\/world-nation\/story\/2022-05-24\/texas-elementary-school-shooting\">pas encore communiqu\u00e9 d&rsquo;informations cl\u00e9s<\/a> sur le tireur, notamment ce qui l&rsquo;a motiv\u00e9 \u00e0 tuer les enfants et les adultes de l&rsquo;\u00e9cole \u00e9l\u00e9mentaire Robb. L&rsquo;image du tireur qui a \u00e9merg\u00e9 est conforme au profil que nous avons construit \u00e0 partir des auteurs pass\u00e9s \u00e0 certains \u00e9gards, mais diverge \u00e0 d&rsquo;autres.<\/p>\n<p>Nous savons que la plupart des tireurs dans les \u00e9coles ont un lien avec l&rsquo;\u00e9cole qu&rsquo;ils ciblent. Douze des 14 tireurs dans notre base de donn\u00e9es avant l&rsquo;attaque la plus r\u00e9cente au Texas \u00e9taient soit des \u00e9l\u00e8ves soit d&rsquo;anciens \u00e9l\u00e8ves de l&rsquo;\u00e9cole. Aucun lien ant\u00e9rieur entre le dernier tireur et l&rsquo;\u00e9cole primaire de Robb n&rsquo;a \u00e9t\u00e9 rendu public.<\/p>\n<p>Nos recherches et\u00a0<a href=\"https:\/\/www.theviolenceproject.org\/about-us\/our-book\/\">des dizaines d&rsquo;entretiens avec des auteurs de fusillades de masse incarc\u00e9r\u00e9s<\/a> sugg\u00e8rent que pour la plupart des auteurs, la fusillade de masse est cens\u00e9e \u00eatre un acte final. La majorit\u00e9 des tireurs\u00a0 dans les \u00e9coles meurent pendant l&rsquo;attaque. Sur les 15 tireurs de masse dans les \u00e9coles figurant dans notre base de donn\u00e9es, seuls sept ont \u00e9t\u00e9 appr\u00e9hend\u00e9s. Les autres sont morts sur place, presque tous par suicide &#8211; la seule exception \u00e9tant le tireur de l&rsquo;\u00e9cole primaire de Robb, qui a \u00e9t\u00e9 abattu par la police.<\/p>\n<p>Et les auteurs de tirs dans les \u00e9coles ont tendance \u00e0 anticiper leurs attaques en laissant des messages ou des vid\u00e9os avertissant de leurs intentions.<\/p>\n<p>Inspir\u00e9s par les anciens tireurs d&rsquo;\u00e9cole, certains agresseurs <a href=\"https:\/\/theconversation.com\/a-quest-for-significance-gone-horribly-wrong-how-mass-shooters-pervert-a-universal-desire-to-make-a-difference-in-the-world-183199\">recherchent la gloire et la notori\u00e9t\u00e9<\/a>\u00a0.\u00a0Cependant, la plupart des tireurs scolaires sont motiv\u00e9s par une col\u00e8re globale. Leur parcours vers la violence implique la haine de soi et le d\u00e9sespoir tourn\u00e9s vers le monde, et nos recherches r\u00e9v\u00e8lent qu&rsquo;ils communiquent souvent leur intention de faire du mal \u00e0 l&rsquo;avance comme un dernier appel d\u00e9sesp\u00e9r\u00e9 <a href=\"https:\/\/jamanetwork.com\/journals\/jamanetworkopen\/fullarticle\/2785799\">\u00e0 l&rsquo;aide<\/a>\u00a0.\u00a0La cl\u00e9 pour arr\u00eater ces trag\u00e9dies est que la soci\u00e9t\u00e9 soit\u00a0<a href=\"https:\/\/theconversation.com\/accused-buffalo-mass-shooter-had-threatened-a-shooting-while-in-high-school-could-more-have-been-done-to-avert-the-tragedy-183455\">attentive \u00e0 ces signes d&rsquo;aleerte<\/a> et agisse imm\u00e9diatement.<\/p>\n<hr \/>\n<p><a href=\"https:\/\/theconversation.com\/profiles\/jillian-peterson-683484\" rel=\"author\"><span class=\"fn author-name\">Jillian Peterson<\/span><\/a>\u00a0est psychologue judiciaire, professeure agr\u00e9g\u00e9e de criminologie et de justice p\u00e9nale \u00e0 l&rsquo;Universit\u00e9 Hamline et copr\u00e9sidente de The Violence Project.\u00a0Elle a obtenu son doctorat.\u00a0en psychologie et comportement social de l&rsquo;Universit\u00e9 de Californie, Irvine.\u00a0Les domaines d&rsquo;int\u00e9r\u00eat et d&rsquo;expertise du Dr Peterson sont la psychologie m\u00e9dico-l\u00e9gale, la maladie mentale dans le syst\u00e8me de justice p\u00e9nale, la cyberviolence, la violence \u00e0 l&rsquo;\u00e9cole et les fusillades de masse.\u00a0Elle a r\u00e9cemment dirig\u00e9 un projet de recherche \u00e0 grande \u00e9chelle financ\u00e9 par le National Institute of Justice examinant les histoires de vie de plus de 170 tireurs de masse.<\/p>\n<p><a href=\"https:\/\/theconversation.com\/profiles\/james-densley-509467\">Le Dr James Densley<\/a>\u00a0est professeur de justice p\u00e9nale et directeur du d\u00e9partement de l&rsquo;\u00c9cole d&rsquo;application de la loi et de justice p\u00e9nale \u00e0 la Metro State University, qui fait partie du syst\u00e8me de l&rsquo;\u00c9tat du Minnesota.\u00a0Il est co-fondateur et co-pr\u00e9sident du Violence Project Research Center, surtout connu pour sa base de donn\u00e9es de tireurs de masse.<\/p>\n<p>Densley a re\u00e7u l&rsquo;attention des m\u00e9dias du monde entier pour son travail sur les gangs de rue, les r\u00e9seaux criminels, la violence et le maintien de l&rsquo;ordre.\u00a0Il est l&rsquo;auteur ou le co-auteur de sept livres, dont \u00ab The Violence Project : How to Stop a Mass Shooting Epidemic \u00bb, laur\u00e9at du Minnesota Book Award 2022 ;\u00a050 articles \u00e9valu\u00e9s par des pairs dans des revues de sciences sociales de premier plan\u00a0;\u00a0et plus de 100 chapitres de livres, essais et autres travaux dans des m\u00e9dias tels que CNN, The Guardian, The LA Times, USA Today, The Wall Street Journal et The Washington Post.<\/p>\n<p>Traduit de l&rsquo;anglais par Ginette Baudelet<\/p>\n","protected":false},"excerpt":{"rendered":"<p>Lorsque le massacre de la Columbine High School a eu lieu en 1999, il a \u00e9t\u00e9 consid\u00e9r\u00e9 comme un moment d\u00e9cisif aux \u00c9tats-Unis &#8211; la pire fusillade de masse dans une \u00e9cole de l&rsquo;histoire du pays. Par James Densley and&hellip;<\/p>\n","protected":false},"author":1791,"featured_media":1593606,"comment_status":"closed","ping_status":"closed","sticky":false,"template":"","format":"standard","meta":{"footnotes":""},"categories":[87,93],"tags":[102339,102338],"class_list":["post-1593535","post","type-post","status-publish","format-standard","has-post-thumbnail","hentry","category-amerique-du-nord","category-politique","tag-colombine","tag-fusillade-a-lecole"],"yoast_head":"<!-- This site is optimized with the Yoast SEO plugin v27.1.1 - https:\/\/yoast.com\/product\/yoast-seo-wordpress\/ -->\n<title>USA : Ce que nous savons des fusillades de masse dans les \u00e9coles - et des tireurs qui les comettent<\/title>\n<meta name=\"description\" content=\"Lorsque le massacre de la Columbine High School a eu lieu en 1999, il a \u00e9t\u00e9 consid\u00e9r\u00e9 comme un moment d\u00e9cisif aux \u00c9tats-Unis - la pire fusillade de masse\" \/>\n<meta name=\"robots\" content=\"index, follow, max-snippet:-1, max-image-preview:large, max-video-preview:-1\" \/>\n<link rel=\"canonical\" href=\"https:\/\/www.pressenza.com\/fr\/2022\/05\/usa-ce-que-nous-savons-des-fusillades-de-masse-dans-les-ecoles-et-des-tireurs-qui-les-comettent\/\" \/>\n<meta property=\"og:locale\" content=\"fr_FR\" \/>\n<meta property=\"og:type\" content=\"article\" \/>\n<meta property=\"og:title\" content=\"USA : Ce que nous savons des fusillades de masse dans les \u00e9coles - et des tireurs qui les comettent\" \/>\n<meta property=\"og:description\" content=\"Lorsque le massacre de la Columbine High School a eu lieu en 1999, il a \u00e9t\u00e9 consid\u00e9r\u00e9 comme un moment d\u00e9cisif aux \u00c9tats-Unis - la pire fusillade de masse\" \/>\n<meta property=\"og:url\" content=\"https:\/\/www.pressenza.com\/fr\/2022\/05\/usa-ce-que-nous-savons-des-fusillades-de-masse-dans-les-ecoles-et-des-tireurs-qui-les-comettent\/\" \/>\n<meta property=\"og:site_name\" content=\"Pressenza\" \/>\n<meta property=\"article:publisher\" content=\"https:\/\/www.facebook.com\/PressenzaItalia\" \/>\n<meta property=\"article:author\" content=\"https:\/\/www.facebook.com\/ConversationUK\" \/>\n<meta property=\"article:published_time\" content=\"2022-05-28T19:35:35+00:00\" \/>\n<meta property=\"article:modified_time\" content=\"2022-05-28T19:40:27+00:00\" \/>\n<meta property=\"og:image\" content=\"https:\/\/www.pressenza.com\/wp-content\/uploads\/2022\/05\/school-shootings-1.jpeg\" \/>\n\t<meta property=\"og:image:width\" content=\"1200\" \/>\n\t<meta property=\"og:image:height\" content=\"1200\" \/>\n\t<meta property=\"og:image:type\" content=\"image\/jpeg\" \/>\n<meta name=\"author\" content=\"The Conversation\" \/>\n<meta name=\"twitter:card\" content=\"summary_large_image\" \/>\n<meta name=\"twitter:creator\" content=\"@ConversationUK\" \/>\n<meta name=\"twitter:site\" content=\"@PressenzaIPA\" \/>\n<meta name=\"twitter:label1\" content=\"\u00c9crit par\" \/>\n\t<meta name=\"twitter:data1\" content=\"The Conversation\" \/>\n\t<meta name=\"twitter:label2\" content=\"Dur\u00e9e de lecture estim\u00e9e\" \/>\n\t<meta name=\"twitter:data2\" content=\"6 minutes\" \/>\n<script type=\"application\/ld+json\" class=\"yoast-schema-graph\">{\"@context\":\"https:\/\/schema.org\",\"@graph\":[{\"@type\":\"Article\",\"@id\":\"https:\/\/www.pressenza.com\/fr\/2022\/05\/usa-ce-que-nous-savons-des-fusillades-de-masse-dans-les-ecoles-et-des-tireurs-qui-les-comettent\/#article\",\"isPartOf\":{\"@id\":\"https:\/\/www.pressenza.com\/fr\/2022\/05\/usa-ce-que-nous-savons-des-fusillades-de-masse-dans-les-ecoles-et-des-tireurs-qui-les-comettent\/\"},\"author\":{\"name\":\"The Conversation\",\"@id\":\"https:\/\/www.pressenza.com\/fr\/#\/schema\/person\/e1864562a7d22b9c279812ebdb56e58d\"},\"headline\":\"USA : Ce que nous savons des fusillades de masse dans les \u00e9coles &#8211; et des tireurs qui les comettent\",\"datePublished\":\"2022-05-28T19:35:35+00:00\",\"dateModified\":\"2022-05-28T19:40:27+00:00\",\"mainEntityOfPage\":{\"@id\":\"https:\/\/www.pressenza.com\/fr\/2022\/05\/usa-ce-que-nous-savons-des-fusillades-de-masse-dans-les-ecoles-et-des-tireurs-qui-les-comettent\/\"},\"wordCount\":1229,\"publisher\":{\"@id\":\"https:\/\/www.pressenza.com\/fr\/#organization\"},\"image\":{\"@id\":\"https:\/\/www.pressenza.com\/fr\/2022\/05\/usa-ce-que-nous-savons-des-fusillades-de-masse-dans-les-ecoles-et-des-tireurs-qui-les-comettent\/#primaryimage\"},\"thumbnailUrl\":\"https:\/\/www.pressenza.com\/wp-content\/uploads\/2022\/05\/school-shootings-1.jpeg\",\"keywords\":[\"Colombine\",\"Fusillade \u00e0 l'\u00e9cole\"],\"articleSection\":[\"Am\u00e9rique du Nord\",\"Politique\"],\"inLanguage\":\"fr-FR\"},{\"@type\":\"WebPage\",\"@id\":\"https:\/\/www.pressenza.com\/fr\/2022\/05\/usa-ce-que-nous-savons-des-fusillades-de-masse-dans-les-ecoles-et-des-tireurs-qui-les-comettent\/\",\"url\":\"https:\/\/www.pressenza.com\/fr\/2022\/05\/usa-ce-que-nous-savons-des-fusillades-de-masse-dans-les-ecoles-et-des-tireurs-qui-les-comettent\/\",\"name\":\"USA : Ce que nous savons des fusillades de masse dans les \u00e9coles - et des tireurs qui les comettent\",\"isPartOf\":{\"@id\":\"https:\/\/www.pressenza.com\/fr\/#website\"},\"primaryImageOfPage\":{\"@id\":\"https:\/\/www.pressenza.com\/fr\/2022\/05\/usa-ce-que-nous-savons-des-fusillades-de-masse-dans-les-ecoles-et-des-tireurs-qui-les-comettent\/#primaryimage\"},\"image\":{\"@id\":\"https:\/\/www.pressenza.com\/fr\/2022\/05\/usa-ce-que-nous-savons-des-fusillades-de-masse-dans-les-ecoles-et-des-tireurs-qui-les-comettent\/#primaryimage\"},\"thumbnailUrl\":\"https:\/\/www.pressenza.com\/wp-content\/uploads\/2022\/05\/school-shootings-1.jpeg\",\"datePublished\":\"2022-05-28T19:35:35+00:00\",\"dateModified\":\"2022-05-28T19:40:27+00:00\",\"description\":\"Lorsque le massacre de la Columbine High School a eu lieu en 1999, il a \u00e9t\u00e9 consid\u00e9r\u00e9 comme un moment d\u00e9cisif aux \u00c9tats-Unis - la pire fusillade de masse\",\"breadcrumb\":{\"@id\":\"https:\/\/www.pressenza.com\/fr\/2022\/05\/usa-ce-que-nous-savons-des-fusillades-de-masse-dans-les-ecoles-et-des-tireurs-qui-les-comettent\/#breadcrumb\"},\"inLanguage\":\"fr-FR\",\"potentialAction\":[{\"@type\":\"ReadAction\",\"target\":[\"https:\/\/www.pressenza.com\/fr\/2022\/05\/usa-ce-que-nous-savons-des-fusillades-de-masse-dans-les-ecoles-et-des-tireurs-qui-les-comettent\/\"]}]},{\"@type\":\"ImageObject\",\"inLanguage\":\"fr-FR\",\"@id\":\"https:\/\/www.pressenza.com\/fr\/2022\/05\/usa-ce-que-nous-savons-des-fusillades-de-masse-dans-les-ecoles-et-des-tireurs-qui-les-comettent\/#primaryimage\",\"url\":\"https:\/\/www.pressenza.com\/wp-content\/uploads\/2022\/05\/school-shootings-1.jpeg\",\"contentUrl\":\"https:\/\/www.pressenza.com\/wp-content\/uploads\/2022\/05\/school-shootings-1.jpeg\",\"width\":1200,\"height\":1200},{\"@type\":\"BreadcrumbList\",\"@id\":\"https:\/\/www.pressenza.com\/fr\/2022\/05\/usa-ce-que-nous-savons-des-fusillades-de-masse-dans-les-ecoles-et-des-tireurs-qui-les-comettent\/#breadcrumb\",\"itemListElement\":[{\"@type\":\"ListItem\",\"position\":1,\"name\":\"Accueil\",\"item\":\"https:\/\/www.pressenza.com\/fr\/\"},{\"@type\":\"ListItem\",\"position\":2,\"name\":\"USA : Ce que nous savons des fusillades de masse dans les \u00e9coles &#8211; et des tireurs qui les comettent\"}]},{\"@type\":\"WebSite\",\"@id\":\"https:\/\/www.pressenza.com\/fr\/#website\",\"url\":\"https:\/\/www.pressenza.com\/fr\/\",\"name\":\"Pressenza\",\"description\":\"International Press Agency\",\"publisher\":{\"@id\":\"https:\/\/www.pressenza.com\/fr\/#organization\"},\"potentialAction\":[{\"@type\":\"SearchAction\",\"target\":{\"@type\":\"EntryPoint\",\"urlTemplate\":\"https:\/\/www.pressenza.com\/fr\/?s={search_term_string}\"},\"query-input\":{\"@type\":\"PropertyValueSpecification\",\"valueRequired\":true,\"valueName\":\"search_term_string\"}}],\"inLanguage\":\"fr-FR\"},{\"@type\":\"Organization\",\"@id\":\"https:\/\/www.pressenza.com\/fr\/#organization\",\"name\":\"Pressenza\",\"url\":\"https:\/\/www.pressenza.com\/fr\/\",\"logo\":{\"@type\":\"ImageObject\",\"inLanguage\":\"fr-FR\",\"@id\":\"https:\/\/www.pressenza.com\/fr\/#\/schema\/logo\/image\/\",\"url\":\"https:\/\/www.pressenza.com\/wp-content\/uploads\/2022\/10\/pressenza_logo_200x200.jpg\",\"contentUrl\":\"https:\/\/www.pressenza.com\/wp-content\/uploads\/2022\/10\/pressenza_logo_200x200.jpg\",\"width\":200,\"height\":200,\"caption\":\"Pressenza\"},\"image\":{\"@id\":\"https:\/\/www.pressenza.com\/fr\/#\/schema\/logo\/image\/\"},\"sameAs\":[\"https:\/\/www.facebook.com\/PressenzaItalia\",\"https:\/\/x.com\/PressenzaIPA\"]},{\"@type\":\"Person\",\"@id\":\"https:\/\/www.pressenza.com\/fr\/#\/schema\/person\/e1864562a7d22b9c279812ebdb56e58d\",\"name\":\"The Conversation\",\"description\":\"The Conversation is an independent source of news and views, sourced from the academic and research community and delivered direct to the public.\",\"sameAs\":[\"https:\/\/theconversation.com\/uk\/\",\"https:\/\/www.facebook.com\/ConversationUK\",\"https:\/\/x.com\/ConversationUK\"],\"url\":\"https:\/\/www.pressenza.com\/fr\/author\/the-conversation\/\"}]}<\/script>\n<!-- \/ Yoast SEO plugin. -->","yoast_head_json":{"title":"USA : Ce que nous savons des fusillades de masse dans les \u00e9coles - et des tireurs qui les comettent","description":"Lorsque le massacre de la Columbine High School a eu lieu en 1999, il a \u00e9t\u00e9 consid\u00e9r\u00e9 comme un moment d\u00e9cisif aux \u00c9tats-Unis - la pire fusillade de masse","robots":{"index":"index","follow":"follow","max-snippet":"max-snippet:-1","max-image-preview":"max-image-preview:large","max-video-preview":"max-video-preview:-1"},"canonical":"https:\/\/www.pressenza.com\/fr\/2022\/05\/usa-ce-que-nous-savons-des-fusillades-de-masse-dans-les-ecoles-et-des-tireurs-qui-les-comettent\/","og_locale":"fr_FR","og_type":"article","og_title":"USA : Ce que nous savons des fusillades de masse dans les \u00e9coles - et des tireurs qui les comettent","og_description":"Lorsque le massacre de la Columbine High School a eu lieu en 1999, il a \u00e9t\u00e9 consid\u00e9r\u00e9 comme un moment d\u00e9cisif aux \u00c9tats-Unis - la pire fusillade de masse","og_url":"https:\/\/www.pressenza.com\/fr\/2022\/05\/usa-ce-que-nous-savons-des-fusillades-de-masse-dans-les-ecoles-et-des-tireurs-qui-les-comettent\/","og_site_name":"Pressenza","article_publisher":"https:\/\/www.facebook.com\/PressenzaItalia","article_author":"https:\/\/www.facebook.com\/ConversationUK","article_published_time":"2022-05-28T19:35:35+00:00","article_modified_time":"2022-05-28T19:40:27+00:00","og_image":[{"width":1200,"height":1200,"url":"https:\/\/www.pressenza.com\/wp-content\/uploads\/2022\/05\/school-shootings-1.jpeg","type":"image\/jpeg"}],"author":"The Conversation","twitter_card":"summary_large_image","twitter_creator":"@ConversationUK","twitter_site":"@PressenzaIPA","twitter_misc":{"\u00c9crit par":"The Conversation","Dur\u00e9e de lecture estim\u00e9e":"6 minutes"},"schema":{"@context":"https:\/\/schema.org","@graph":[{"@type":"Article","@id":"https:\/\/www.pressenza.com\/fr\/2022\/05\/usa-ce-que-nous-savons-des-fusillades-de-masse-dans-les-ecoles-et-des-tireurs-qui-les-comettent\/#article","isPartOf":{"@id":"https:\/\/www.pressenza.com\/fr\/2022\/05\/usa-ce-que-nous-savons-des-fusillades-de-masse-dans-les-ecoles-et-des-tireurs-qui-les-comettent\/"},"author":{"name":"The Conversation","@id":"https:\/\/www.pressenza.com\/fr\/#\/schema\/person\/e1864562a7d22b9c279812ebdb56e58d"},"headline":"USA : Ce que nous savons des fusillades de masse dans les \u00e9coles &#8211; et des tireurs qui les comettent","datePublished":"2022-05-28T19:35:35+00:00","dateModified":"2022-05-28T19:40:27+00:00","mainEntityOfPage":{"@id":"https:\/\/www.pressenza.com\/fr\/2022\/05\/usa-ce-que-nous-savons-des-fusillades-de-masse-dans-les-ecoles-et-des-tireurs-qui-les-comettent\/"},"wordCount":1229,"publisher":{"@id":"https:\/\/www.pressenza.com\/fr\/#organization"},"image":{"@id":"https:\/\/www.pressenza.com\/fr\/2022\/05\/usa-ce-que-nous-savons-des-fusillades-de-masse-dans-les-ecoles-et-des-tireurs-qui-les-comettent\/#primaryimage"},"thumbnailUrl":"https:\/\/www.pressenza.com\/wp-content\/uploads\/2022\/05\/school-shootings-1.jpeg","keywords":["Colombine","Fusillade \u00e0 l'\u00e9cole"],"articleSection":["Am\u00e9rique du Nord","Politique"],"inLanguage":"fr-FR"},{"@type":"WebPage","@id":"https:\/\/www.pressenza.com\/fr\/2022\/05\/usa-ce-que-nous-savons-des-fusillades-de-masse-dans-les-ecoles-et-des-tireurs-qui-les-comettent\/","url":"https:\/\/www.pressenza.com\/fr\/2022\/05\/usa-ce-que-nous-savons-des-fusillades-de-masse-dans-les-ecoles-et-des-tireurs-qui-les-comettent\/","name":"USA : Ce que nous savons des fusillades de masse dans les \u00e9coles - et des tireurs qui les comettent","isPartOf":{"@id":"https:\/\/www.pressenza.com\/fr\/#website"},"primaryImageOfPage":{"@id":"https:\/\/www.pressenza.com\/fr\/2022\/05\/usa-ce-que-nous-savons-des-fusillades-de-masse-dans-les-ecoles-et-des-tireurs-qui-les-comettent\/#primaryimage"},"image":{"@id":"https:\/\/www.pressenza.com\/fr\/2022\/05\/usa-ce-que-nous-savons-des-fusillades-de-masse-dans-les-ecoles-et-des-tireurs-qui-les-comettent\/#primaryimage"},"thumbnailUrl":"https:\/\/www.pressenza.com\/wp-content\/uploads\/2022\/05\/school-shootings-1.jpeg","datePublished":"2022-05-28T19:35:35+00:00","dateModified":"2022-05-28T19:40:27+00:00","description":"Lorsque le massacre de la Columbine High School a eu lieu en 1999, il a \u00e9t\u00e9 consid\u00e9r\u00e9 comme un moment d\u00e9cisif aux \u00c9tats-Unis - la pire fusillade de masse","breadcrumb":{"@id":"https:\/\/www.pressenza.com\/fr\/2022\/05\/usa-ce-que-nous-savons-des-fusillades-de-masse-dans-les-ecoles-et-des-tireurs-qui-les-comettent\/#breadcrumb"},"inLanguage":"fr-FR","potentialAction":[{"@type":"ReadAction","target":["https:\/\/www.pressenza.com\/fr\/2022\/05\/usa-ce-que-nous-savons-des-fusillades-de-masse-dans-les-ecoles-et-des-tireurs-qui-les-comettent\/"]}]},{"@type":"ImageObject","inLanguage":"fr-FR","@id":"https:\/\/www.pressenza.com\/fr\/2022\/05\/usa-ce-que-nous-savons-des-fusillades-de-masse-dans-les-ecoles-et-des-tireurs-qui-les-comettent\/#primaryimage","url":"https:\/\/www.pressenza.com\/wp-content\/uploads\/2022\/05\/school-shootings-1.jpeg","contentUrl":"https:\/\/www.pressenza.com\/wp-content\/uploads\/2022\/05\/school-shootings-1.jpeg","width":1200,"height":1200},{"@type":"BreadcrumbList","@id":"https:\/\/www.pressenza.com\/fr\/2022\/05\/usa-ce-que-nous-savons-des-fusillades-de-masse-dans-les-ecoles-et-des-tireurs-qui-les-comettent\/#breadcrumb","itemListElement":[{"@type":"ListItem","position":1,"name":"Accueil","item":"https:\/\/www.pressenza.com\/fr\/"},{"@type":"ListItem","position":2,"name":"USA : Ce que nous savons des fusillades de masse dans les \u00e9coles &#8211; et des tireurs qui les comettent"}]},{"@type":"WebSite","@id":"https:\/\/www.pressenza.com\/fr\/#website","url":"https:\/\/www.pressenza.com\/fr\/","name":"Pressenza","description":"International Press Agency","publisher":{"@id":"https:\/\/www.pressenza.com\/fr\/#organization"},"potentialAction":[{"@type":"SearchAction","target":{"@type":"EntryPoint","urlTemplate":"https:\/\/www.pressenza.com\/fr\/?s={search_term_string}"},"query-input":{"@type":"PropertyValueSpecification","valueRequired":true,"valueName":"search_term_string"}}],"inLanguage":"fr-FR"},{"@type":"Organization","@id":"https:\/\/www.pressenza.com\/fr\/#organization","name":"Pressenza","url":"https:\/\/www.pressenza.com\/fr\/","logo":{"@type":"ImageObject","inLanguage":"fr-FR","@id":"https:\/\/www.pressenza.com\/fr\/#\/schema\/logo\/image\/","url":"https:\/\/www.pressenza.com\/wp-content\/uploads\/2022\/10\/pressenza_logo_200x200.jpg","contentUrl":"https:\/\/www.pressenza.com\/wp-content\/uploads\/2022\/10\/pressenza_logo_200x200.jpg","width":200,"height":200,"caption":"Pressenza"},"image":{"@id":"https:\/\/www.pressenza.com\/fr\/#\/schema\/logo\/image\/"},"sameAs":["https:\/\/www.facebook.com\/PressenzaItalia","https:\/\/x.com\/PressenzaIPA"]},{"@type":"Person","@id":"https:\/\/www.pressenza.com\/fr\/#\/schema\/person\/e1864562a7d22b9c279812ebdb56e58d","name":"The Conversation","description":"The Conversation is an independent source of news and views, sourced from the academic and research community and delivered direct to the public.","sameAs":["https:\/\/theconversation.com\/uk\/","https:\/\/www.facebook.com\/ConversationUK","https:\/\/x.com\/ConversationUK"],"url":"https:\/\/www.pressenza.com\/fr\/author\/the-conversation\/"}]}},"place":"USA","original_article_url":"https:\/\/theconversation.com\/what-we-know-about-mass-school-shootings-in-the-us-and-the-gunmen-who-carry-them-out-183812","_links":{"self":[{"href":"https:\/\/www.pressenza.com\/fr\/wp-json\/wp\/v2\/posts\/1593535","targetHints":{"allow":["GET"]}}],"collection":[{"href":"https:\/\/www.pressenza.com\/fr\/wp-json\/wp\/v2\/posts"}],"about":[{"href":"https:\/\/www.pressenza.com\/fr\/wp-json\/wp\/v2\/types\/post"}],"author":[{"embeddable":true,"href":"https:\/\/www.pressenza.com\/fr\/wp-json\/wp\/v2\/users\/1791"}],"replies":[{"embeddable":true,"href":"https:\/\/www.pressenza.com\/fr\/wp-json\/wp\/v2\/comments?post=1593535"}],"version-history":[{"count":0,"href":"https:\/\/www.pressenza.com\/fr\/wp-json\/wp\/v2\/posts\/1593535\/revisions"}],"wp:featuredmedia":[{"embeddable":true,"href":"https:\/\/www.pressenza.com\/fr\/wp-json\/wp\/v2\/media\/1593606"}],"wp:attachment":[{"href":"https:\/\/www.pressenza.com\/fr\/wp-json\/wp\/v2\/media?parent=1593535"}],"wp:term":[{"taxonomy":"category","embeddable":true,"href":"https:\/\/www.pressenza.com\/fr\/wp-json\/wp\/v2\/categories?post=1593535"},{"taxonomy":"post_tag","embeddable":true,"href":"https:\/\/www.pressenza.com\/fr\/wp-json\/wp\/v2\/tags?post=1593535"}],"curies":[{"name":"wp","href":"https:\/\/api.w.org\/{rel}","templated":true}]}}