{"id":1583598,"date":"2022-05-13T20:52:54","date_gmt":"2022-05-13T19:52:54","guid":{"rendered":"https:\/\/www.pressenza.com\/?p=1583598"},"modified":"2022-05-16T07:46:22","modified_gmt":"2022-05-16T06:46:22","slug":"internationale-progressiste-declaration-dathenes","status":"publish","type":"post","link":"https:\/\/www.pressenza.com\/fr\/2022\/05\/internationale-progressiste-declaration-dathenes\/","title":{"rendered":"Gr\u00e8ce : Internationale Progressiste. La D\u00e9claration d&rsquo;Ath\u00e8nes"},"content":{"rendered":"<figure class=\"post-featured\"><figcaption>Aujourd&rsquo;hui, 13 mai 2022, trois membres de l&rsquo;Internationale progressiste &#8211; Jeremy Corbyn, Eze Temelkuran et Yanis Varoufakis &#8211; ont tenu une conf\u00e9rence de presse pour rendre publique la <strong>D\u00e9claration d&rsquo;Ath\u00e8nes<\/strong> concernant l&rsquo;intervention russe et la guerre en Ukraine.<\/figcaption><\/figure>\n<div class=\"post-content\">\n<p>Voici le texte : La guerre contre l&rsquo;Ukraine n\u00e9cessite un soutien aux victimes de toute guerre et un <strong>NOUVEAU MOUVEMENT DE R\u00c9SISTANCE<\/strong>.<\/p>\n<p>Nous sommes du c\u00f4t\u00e9 du peuple ukrainien, comme nous sommes du c\u00f4t\u00e9 de tous les peuples qui subissent les invasions, les d\u00e9racinements et les occupations.<\/p>\n<p>Nous appelons \u00e0 un cessez-le-feu imm\u00e9diat, au retrait des troupes russes et \u00e0 un accord de paix global garanti par l&rsquo;Union europ\u00e9enne, les \u00c9tats-Unis et la Russie dans le cadre des Nations-Unies.<\/p>\n<p>Nous recommandons le respect du droit international des r\u00e9fugi\u00e9s, dont les droits, notamment celui d&rsquo;\u00eatre accueilli dans un environnement s\u00fbr, doivent \u00eatre respect\u00e9s en tout temps et ind\u00e9pendamment de l&rsquo;ethnie, de la religion, etc.<\/p>\n<p>Nous rejetons la division du monde en blocs oppos\u00e9s qui investissent dans un militarisme d\u00e9brid\u00e9, des armes ultramodernes de destruction massive et une nouvelle guerre froide.<\/p>\n<p>Nous pensons qu&rsquo;une paix durable n\u00e9cessite le remplacement de tous les blocs militaires par un syst\u00e8me de s\u00e9curit\u00e9 international qui att\u00e9nue les tensions, \u00e9largit les libert\u00e9s, s&rsquo;attaque \u00e0 la pauvret\u00e9, r\u00e9duit l&rsquo;exploitation, promeut la justice environnementale et sociale et met fin \u00e0 la domination d&rsquo;un pays sur l&rsquo;autre.<\/p>\n<p>Nous appelons donc tous les d\u00e9mocrates du monde \u00e0 unir leurs forces dans un NOUVEAU MOUVEMENT DE R\u00c9SISTANCE.\u00a0Nous croyons que l&rsquo;union des nations non align\u00e9es, d\u00e9mocratiques et souveraines est la seule voie vers une paix durable et un monde capable de pr\u00e9venir les CATASTROPHES CLIMATIQUES et de l\u00e9guer \u00e0 la prochaine g\u00e9n\u00e9ration une r\u00e9elle opportunit\u00e9 de cr\u00e9er les conditions d&rsquo;une prosp\u00e9rit\u00e9 mondiale partag\u00e9e.<\/p>\n<p>Yanis Varoufakis, Jeremy Corbyn et Ece Temelkuran, au nom de Progressive International, DiEM25 et MERA25.<\/p>\n<p>Voir la conf\u00e9rence de presse compl\u00e8te, en grec.<\/p>\n<\/div>\n<p><iframe loading=\"lazy\" title=\"\u039a\u03bf\u03b9\u03bd\u03ae \u03a3\u03c5\u03bd\u03ad\u03bd\u03c4\u03b5\u03c5\u03be\u03b7 \u03a4\u03cd\u03c0\u03bf\u03c5 \u03c3\u03c4\u03b7\u03bd \u0391\u03b8\u03ae\u03bd\u03b1 \u03c4\u03c9\u03bd \u0393\u03b9\u03ac\u03bd\u03b7 \u0392\u03b1\u03c1\u03bf\u03c5\u03c6\u03ac\u03ba\u03b7, Jeremy Corbyn &amp; Ece Temelkuran - \u0395\u03a3\u0397\u0395\u0391\" width=\"500\" height=\"281\" src=\"https:\/\/www.youtube.com\/embed\/f7xeVlhg8dg?feature=oembed\" frameborder=\"0\" allow=\"accelerometer; autoplay; clipboard-write; encrypted-media; gyroscope; picture-in-picture; web-share\" referrerpolicy=\"strict-origin-when-cross-origin\" allowfullscreen><\/iframe><\/p>\n","protected":false},"excerpt":{"rendered":"<p>Aujourd&rsquo;hui, 13 mai 2022, trois membres de l&rsquo;Internationale progressiste &#8211; Jeremy Corbyn, Eze Temelkuran et Yanis Varoufakis &#8211; ont tenu une conf\u00e9rence de presse pour rendre publique la D\u00e9claration d&rsquo;Ath\u00e8nes concernant l&rsquo;intervention russe et la guerre en Ukraine. Voici le&hellip;<\/p>\n","protected":false},"author":1220,"featured_media":1583420,"comment_status":"closed","ping_status":"closed","sticky":false,"template":"","format":"standard","meta":{"footnotes":""},"categories":[11386,1250,93],"tags":[71382,312,101982,101983,26199,100341,4304,8005,35619],"class_list":["post-1583598","post","type-post","status-publish","format-standard","has-post-thumbnail","hentry","category-contenu-original","category-paix-desarmement","category-politique","tag-diem25-fr","tag-etats-unis","tag-eze-temelkuran-fr","tag-internazionale-progressista-fr","tag-jeremy-corbyn-fr","tag-mera25-fr","tag-russie","tag-ukraine-fr","tag-yanis-varoufakis-fr"],"yoast_head":"<!-- This site is optimized with the Yoast SEO plugin v27.1.1 - https:\/\/yoast.com\/product\/yoast-seo-wordpress\/ -->\n<title>Gr\u00e8ce : Internationale Progressiste. La D\u00e9claration d&#039;Ath\u00e8nes<\/title>\n<meta name=\"description\" content=\"Aujourd&#039;hui, 13 mai 2022, trois membres de l&#039;Internationale progressiste - Jeremy Corbyn, Eze Temelkuran et Yanis Varoufakis - ont tenu une conf\u00e9rence de\" \/>\n<meta name=\"robots\" content=\"index, follow, max-snippet:-1, max-image-preview:large, max-video-preview:-1\" \/>\n<link rel=\"canonical\" href=\"https:\/\/www.pressenza.com\/fr\/2022\/05\/internationale-progressiste-declaration-dathenes\/\" \/>\n<meta property=\"og:locale\" content=\"fr_FR\" \/>\n<meta property=\"og:type\" content=\"article\" \/>\n<meta property=\"og:title\" content=\"Gr\u00e8ce : Internationale Progressiste. La D\u00e9claration d&#039;Ath\u00e8nes\" \/>\n<meta property=\"og:description\" content=\"Aujourd&#039;hui, 13 mai 2022, trois membres de l&#039;Internationale progressiste - Jeremy Corbyn, Eze Temelkuran et Yanis Varoufakis - ont tenu une conf\u00e9rence de\" \/>\n<meta property=\"og:url\" content=\"https:\/\/www.pressenza.com\/fr\/2022\/05\/internationale-progressiste-declaration-dathenes\/\" \/>\n<meta property=\"og:site_name\" content=\"Pressenza\" \/>\n<meta property=\"article:publisher\" content=\"https:\/\/www.facebook.com\/PressenzaItalia\" \/>\n<meta property=\"article:author\" content=\"https:\/\/www.facebook.com\/pressenzagr\/\" \/>\n<meta property=\"article:published_time\" content=\"2022-05-13T19:52:54+00:00\" \/>\n<meta property=\"article:modified_time\" content=\"2022-05-16T06:46:22+00:00\" \/>\n<meta property=\"og:image\" content=\"https:\/\/www.pressenza.com\/wp-content\/uploads\/2022\/05\/progressive-international-crop-athens-declaration-13052022.png\" \/>\n\t<meta property=\"og:image:width\" content=\"820\" \/>\n\t<meta property=\"og:image:height\" content=\"435\" \/>\n\t<meta property=\"og:image:type\" content=\"image\/png\" \/>\n<meta name=\"author\" content=\"Pressenza Athens\" \/>\n<meta name=\"twitter:card\" content=\"summary_large_image\" \/>\n<meta name=\"twitter:creator\" content=\"@Pressenza_ath\" \/>\n<meta name=\"twitter:site\" content=\"@PressenzaIPA\" \/>\n<meta name=\"twitter:label1\" content=\"\u00c9crit par\" \/>\n\t<meta name=\"twitter:data1\" content=\"Pressenza Athens\" \/>\n\t<meta name=\"twitter:label2\" content=\"Dur\u00e9e de lecture estim\u00e9e\" \/>\n\t<meta name=\"twitter:data2\" content=\"2 minutes\" \/>\n<script type=\"application\/ld+json\" class=\"yoast-schema-graph\">{\"@context\":\"https:\/\/schema.org\",\"@graph\":[{\"@type\":\"Article\",\"@id\":\"https:\/\/www.pressenza.com\/fr\/2022\/05\/internationale-progressiste-declaration-dathenes\/#article\",\"isPartOf\":{\"@id\":\"https:\/\/www.pressenza.com\/fr\/2022\/05\/internationale-progressiste-declaration-dathenes\/\"},\"author\":{\"name\":\"Pressenza Athens\",\"@id\":\"https:\/\/www.pressenza.com\/fr\/#\/schema\/person\/9eae8d7f0aad5ec6a7f6f21ec94480fb\"},\"headline\":\"Gr\u00e8ce : Internationale Progressiste. La D\u00e9claration d&rsquo;Ath\u00e8nes\",\"datePublished\":\"2022-05-13T19:52:54+00:00\",\"dateModified\":\"2022-05-16T06:46:22+00:00\",\"mainEntityOfPage\":{\"@id\":\"https:\/\/www.pressenza.com\/fr\/2022\/05\/internationale-progressiste-declaration-dathenes\/\"},\"wordCount\":373,\"publisher\":{\"@id\":\"https:\/\/www.pressenza.com\/fr\/#organization\"},\"image\":{\"@id\":\"https:\/\/www.pressenza.com\/fr\/2022\/05\/internationale-progressiste-declaration-dathenes\/#primaryimage\"},\"thumbnailUrl\":\"https:\/\/www.pressenza.com\/wp-content\/uploads\/2022\/05\/progressive-international-crop-athens-declaration-13052022.png\",\"keywords\":[\"DiEM25\",\"\u00c9tats-Unis\",\"Eze Temelkuran\",\"Internazionale Progressista\",\"Jeremy Corbyn\",\"Mera25\",\"Russie\",\"Ukraine\",\"Y\u00e1nis Varouf\u00e1kis\"],\"articleSection\":[\"Contenu Original\",\"Paix et D\u00e9sarmement\",\"Politique\"],\"inLanguage\":\"fr-FR\"},{\"@type\":\"WebPage\",\"@id\":\"https:\/\/www.pressenza.com\/fr\/2022\/05\/internationale-progressiste-declaration-dathenes\/\",\"url\":\"https:\/\/www.pressenza.com\/fr\/2022\/05\/internationale-progressiste-declaration-dathenes\/\",\"name\":\"Gr\u00e8ce : Internationale Progressiste. La D\u00e9claration d'Ath\u00e8nes\",\"isPartOf\":{\"@id\":\"https:\/\/www.pressenza.com\/fr\/#website\"},\"primaryImageOfPage\":{\"@id\":\"https:\/\/www.pressenza.com\/fr\/2022\/05\/internationale-progressiste-declaration-dathenes\/#primaryimage\"},\"image\":{\"@id\":\"https:\/\/www.pressenza.com\/fr\/2022\/05\/internationale-progressiste-declaration-dathenes\/#primaryimage\"},\"thumbnailUrl\":\"https:\/\/www.pressenza.com\/wp-content\/uploads\/2022\/05\/progressive-international-crop-athens-declaration-13052022.png\",\"datePublished\":\"2022-05-13T19:52:54+00:00\",\"dateModified\":\"2022-05-16T06:46:22+00:00\",\"description\":\"Aujourd'hui, 13 mai 2022, trois membres de l'Internationale progressiste - Jeremy Corbyn, Eze Temelkuran et Yanis Varoufakis - ont tenu une conf\u00e9rence de\",\"breadcrumb\":{\"@id\":\"https:\/\/www.pressenza.com\/fr\/2022\/05\/internationale-progressiste-declaration-dathenes\/#breadcrumb\"},\"inLanguage\":\"fr-FR\",\"potentialAction\":[{\"@type\":\"ReadAction\",\"target\":[\"https:\/\/www.pressenza.com\/fr\/2022\/05\/internationale-progressiste-declaration-dathenes\/\"]}]},{\"@type\":\"ImageObject\",\"inLanguage\":\"fr-FR\",\"@id\":\"https:\/\/www.pressenza.com\/fr\/2022\/05\/internationale-progressiste-declaration-dathenes\/#primaryimage\",\"url\":\"https:\/\/www.pressenza.com\/wp-content\/uploads\/2022\/05\/progressive-international-crop-athens-declaration-13052022.png\",\"contentUrl\":\"https:\/\/www.pressenza.com\/wp-content\/uploads\/2022\/05\/progressive-international-crop-athens-declaration-13052022.png\",\"width\":820,\"height\":435,\"caption\":\"Les membres de Progressive International lisent la D\u00e9claration d'Ath\u00e8nes, de gauche \u00e0 droite : Eze Temelkuran (Turquie), Yanis Varoufakis (Gr\u00e8ce), Jeremy Corbyn (Royaume-Uni). (Photo Pressenza)\"},{\"@type\":\"BreadcrumbList\",\"@id\":\"https:\/\/www.pressenza.com\/fr\/2022\/05\/internationale-progressiste-declaration-dathenes\/#breadcrumb\",\"itemListElement\":[{\"@type\":\"ListItem\",\"position\":1,\"name\":\"Accueil\",\"item\":\"https:\/\/www.pressenza.com\/fr\/\"},{\"@type\":\"ListItem\",\"position\":2,\"name\":\"Gr\u00e8ce : Internationale Progressiste. La D\u00e9claration d&rsquo;Ath\u00e8nes\"}]},{\"@type\":\"WebSite\",\"@id\":\"https:\/\/www.pressenza.com\/fr\/#website\",\"url\":\"https:\/\/www.pressenza.com\/fr\/\",\"name\":\"Pressenza\",\"description\":\"International Press Agency\",\"publisher\":{\"@id\":\"https:\/\/www.pressenza.com\/fr\/#organization\"},\"potentialAction\":[{\"@type\":\"SearchAction\",\"target\":{\"@type\":\"EntryPoint\",\"urlTemplate\":\"https:\/\/www.pressenza.com\/fr\/?s={search_term_string}\"},\"query-input\":{\"@type\":\"PropertyValueSpecification\",\"valueRequired\":true,\"valueName\":\"search_term_string\"}}],\"inLanguage\":\"fr-FR\"},{\"@type\":\"Organization\",\"@id\":\"https:\/\/www.pressenza.com\/fr\/#organization\",\"name\":\"Pressenza\",\"url\":\"https:\/\/www.pressenza.com\/fr\/\",\"logo\":{\"@type\":\"ImageObject\",\"inLanguage\":\"fr-FR\",\"@id\":\"https:\/\/www.pressenza.com\/fr\/#\/schema\/logo\/image\/\",\"url\":\"https:\/\/www.pressenza.com\/wp-content\/uploads\/2022\/10\/pressenza_logo_200x200.jpg\",\"contentUrl\":\"https:\/\/www.pressenza.com\/wp-content\/uploads\/2022\/10\/pressenza_logo_200x200.jpg\",\"width\":200,\"height\":200,\"caption\":\"Pressenza\"},\"image\":{\"@id\":\"https:\/\/www.pressenza.com\/fr\/#\/schema\/logo\/image\/\"},\"sameAs\":[\"https:\/\/www.facebook.com\/PressenzaItalia\",\"https:\/\/x.com\/PressenzaIPA\"]},{\"@type\":\"Person\",\"@id\":\"https:\/\/www.pressenza.com\/fr\/#\/schema\/person\/9eae8d7f0aad5ec6a7f6f21ec94480fb\",\"name\":\"Pressenza Athens\",\"description\":\"News from the Pressenza Bureau in Athens, Greece\",\"sameAs\":[\"https:\/\/www.facebook.com\/pressenzagr\/\",\"https:\/\/x.com\/Pressenza_ath\"],\"url\":\"https:\/\/www.pressenza.com\/fr\/author\/pressenza-athens\/\"}]}<\/script>\n<!-- \/ Yoast SEO plugin. -->","yoast_head_json":{"title":"Gr\u00e8ce : Internationale Progressiste. La D\u00e9claration d'Ath\u00e8nes","description":"Aujourd'hui, 13 mai 2022, trois membres de l'Internationale progressiste - Jeremy Corbyn, Eze Temelkuran et Yanis Varoufakis - ont tenu une conf\u00e9rence de","robots":{"index":"index","follow":"follow","max-snippet":"max-snippet:-1","max-image-preview":"max-image-preview:large","max-video-preview":"max-video-preview:-1"},"canonical":"https:\/\/www.pressenza.com\/fr\/2022\/05\/internationale-progressiste-declaration-dathenes\/","og_locale":"fr_FR","og_type":"article","og_title":"Gr\u00e8ce : Internationale Progressiste. La D\u00e9claration d'Ath\u00e8nes","og_description":"Aujourd'hui, 13 mai 2022, trois membres de l'Internationale progressiste - Jeremy Corbyn, Eze Temelkuran et Yanis Varoufakis - ont tenu une conf\u00e9rence de","og_url":"https:\/\/www.pressenza.com\/fr\/2022\/05\/internationale-progressiste-declaration-dathenes\/","og_site_name":"Pressenza","article_publisher":"https:\/\/www.facebook.com\/PressenzaItalia","article_author":"https:\/\/www.facebook.com\/pressenzagr\/","article_published_time":"2022-05-13T19:52:54+00:00","article_modified_time":"2022-05-16T06:46:22+00:00","og_image":[{"width":820,"height":435,"url":"https:\/\/www.pressenza.com\/wp-content\/uploads\/2022\/05\/progressive-international-crop-athens-declaration-13052022.png","type":"image\/png"}],"author":"Pressenza Athens","twitter_card":"summary_large_image","twitter_creator":"@Pressenza_ath","twitter_site":"@PressenzaIPA","twitter_misc":{"\u00c9crit par":"Pressenza Athens","Dur\u00e9e de lecture estim\u00e9e":"2 minutes"},"schema":{"@context":"https:\/\/schema.org","@graph":[{"@type":"Article","@id":"https:\/\/www.pressenza.com\/fr\/2022\/05\/internationale-progressiste-declaration-dathenes\/#article","isPartOf":{"@id":"https:\/\/www.pressenza.com\/fr\/2022\/05\/internationale-progressiste-declaration-dathenes\/"},"author":{"name":"Pressenza Athens","@id":"https:\/\/www.pressenza.com\/fr\/#\/schema\/person\/9eae8d7f0aad5ec6a7f6f21ec94480fb"},"headline":"Gr\u00e8ce : Internationale Progressiste. La D\u00e9claration d&rsquo;Ath\u00e8nes","datePublished":"2022-05-13T19:52:54+00:00","dateModified":"2022-05-16T06:46:22+00:00","mainEntityOfPage":{"@id":"https:\/\/www.pressenza.com\/fr\/2022\/05\/internationale-progressiste-declaration-dathenes\/"},"wordCount":373,"publisher":{"@id":"https:\/\/www.pressenza.com\/fr\/#organization"},"image":{"@id":"https:\/\/www.pressenza.com\/fr\/2022\/05\/internationale-progressiste-declaration-dathenes\/#primaryimage"},"thumbnailUrl":"https:\/\/www.pressenza.com\/wp-content\/uploads\/2022\/05\/progressive-international-crop-athens-declaration-13052022.png","keywords":["DiEM25","\u00c9tats-Unis","Eze Temelkuran","Internazionale Progressista","Jeremy Corbyn","Mera25","Russie","Ukraine","Y\u00e1nis Varouf\u00e1kis"],"articleSection":["Contenu Original","Paix et D\u00e9sarmement","Politique"],"inLanguage":"fr-FR"},{"@type":"WebPage","@id":"https:\/\/www.pressenza.com\/fr\/2022\/05\/internationale-progressiste-declaration-dathenes\/","url":"https:\/\/www.pressenza.com\/fr\/2022\/05\/internationale-progressiste-declaration-dathenes\/","name":"Gr\u00e8ce : Internationale Progressiste. La D\u00e9claration d'Ath\u00e8nes","isPartOf":{"@id":"https:\/\/www.pressenza.com\/fr\/#website"},"primaryImageOfPage":{"@id":"https:\/\/www.pressenza.com\/fr\/2022\/05\/internationale-progressiste-declaration-dathenes\/#primaryimage"},"image":{"@id":"https:\/\/www.pressenza.com\/fr\/2022\/05\/internationale-progressiste-declaration-dathenes\/#primaryimage"},"thumbnailUrl":"https:\/\/www.pressenza.com\/wp-content\/uploads\/2022\/05\/progressive-international-crop-athens-declaration-13052022.png","datePublished":"2022-05-13T19:52:54+00:00","dateModified":"2022-05-16T06:46:22+00:00","description":"Aujourd'hui, 13 mai 2022, trois membres de l'Internationale progressiste - Jeremy Corbyn, Eze Temelkuran et Yanis Varoufakis - ont tenu une conf\u00e9rence de","breadcrumb":{"@id":"https:\/\/www.pressenza.com\/fr\/2022\/05\/internationale-progressiste-declaration-dathenes\/#breadcrumb"},"inLanguage":"fr-FR","potentialAction":[{"@type":"ReadAction","target":["https:\/\/www.pressenza.com\/fr\/2022\/05\/internationale-progressiste-declaration-dathenes\/"]}]},{"@type":"ImageObject","inLanguage":"fr-FR","@id":"https:\/\/www.pressenza.com\/fr\/2022\/05\/internationale-progressiste-declaration-dathenes\/#primaryimage","url":"https:\/\/www.pressenza.com\/wp-content\/uploads\/2022\/05\/progressive-international-crop-athens-declaration-13052022.png","contentUrl":"https:\/\/www.pressenza.com\/wp-content\/uploads\/2022\/05\/progressive-international-crop-athens-declaration-13052022.png","width":820,"height":435,"caption":"Les membres de Progressive International lisent la D\u00e9claration d'Ath\u00e8nes, de gauche \u00e0 droite : Eze Temelkuran (Turquie), Yanis Varoufakis (Gr\u00e8ce), Jeremy Corbyn (Royaume-Uni). (Photo Pressenza)"},{"@type":"BreadcrumbList","@id":"https:\/\/www.pressenza.com\/fr\/2022\/05\/internationale-progressiste-declaration-dathenes\/#breadcrumb","itemListElement":[{"@type":"ListItem","position":1,"name":"Accueil","item":"https:\/\/www.pressenza.com\/fr\/"},{"@type":"ListItem","position":2,"name":"Gr\u00e8ce : Internationale Progressiste. La D\u00e9claration d&rsquo;Ath\u00e8nes"}]},{"@type":"WebSite","@id":"https:\/\/www.pressenza.com\/fr\/#website","url":"https:\/\/www.pressenza.com\/fr\/","name":"Pressenza","description":"International Press Agency","publisher":{"@id":"https:\/\/www.pressenza.com\/fr\/#organization"},"potentialAction":[{"@type":"SearchAction","target":{"@type":"EntryPoint","urlTemplate":"https:\/\/www.pressenza.com\/fr\/?s={search_term_string}"},"query-input":{"@type":"PropertyValueSpecification","valueRequired":true,"valueName":"search_term_string"}}],"inLanguage":"fr-FR"},{"@type":"Organization","@id":"https:\/\/www.pressenza.com\/fr\/#organization","name":"Pressenza","url":"https:\/\/www.pressenza.com\/fr\/","logo":{"@type":"ImageObject","inLanguage":"fr-FR","@id":"https:\/\/www.pressenza.com\/fr\/#\/schema\/logo\/image\/","url":"https:\/\/www.pressenza.com\/wp-content\/uploads\/2022\/10\/pressenza_logo_200x200.jpg","contentUrl":"https:\/\/www.pressenza.com\/wp-content\/uploads\/2022\/10\/pressenza_logo_200x200.jpg","width":200,"height":200,"caption":"Pressenza"},"image":{"@id":"https:\/\/www.pressenza.com\/fr\/#\/schema\/logo\/image\/"},"sameAs":["https:\/\/www.facebook.com\/PressenzaItalia","https:\/\/x.com\/PressenzaIPA"]},{"@type":"Person","@id":"https:\/\/www.pressenza.com\/fr\/#\/schema\/person\/9eae8d7f0aad5ec6a7f6f21ec94480fb","name":"Pressenza Athens","description":"News from the Pressenza Bureau in Athens, Greece","sameAs":["https:\/\/www.facebook.com\/pressenzagr\/","https:\/\/x.com\/Pressenza_ath"],"url":"https:\/\/www.pressenza.com\/fr\/author\/pressenza-athens\/"}]}},"place":"Gr\u00e8ce, Ath\u00e8nes","original_article_url":"","_links":{"self":[{"href":"https:\/\/www.pressenza.com\/fr\/wp-json\/wp\/v2\/posts\/1583598","targetHints":{"allow":["GET"]}}],"collection":[{"href":"https:\/\/www.pressenza.com\/fr\/wp-json\/wp\/v2\/posts"}],"about":[{"href":"https:\/\/www.pressenza.com\/fr\/wp-json\/wp\/v2\/types\/post"}],"author":[{"embeddable":true,"href":"https:\/\/www.pressenza.com\/fr\/wp-json\/wp\/v2\/users\/1220"}],"replies":[{"embeddable":true,"href":"https:\/\/www.pressenza.com\/fr\/wp-json\/wp\/v2\/comments?post=1583598"}],"version-history":[{"count":0,"href":"https:\/\/www.pressenza.com\/fr\/wp-json\/wp\/v2\/posts\/1583598\/revisions"}],"wp:featuredmedia":[{"embeddable":true,"href":"https:\/\/www.pressenza.com\/fr\/wp-json\/wp\/v2\/media\/1583420"}],"wp:attachment":[{"href":"https:\/\/www.pressenza.com\/fr\/wp-json\/wp\/v2\/media?parent=1583598"}],"wp:term":[{"taxonomy":"category","embeddable":true,"href":"https:\/\/www.pressenza.com\/fr\/wp-json\/wp\/v2\/categories?post=1583598"},{"taxonomy":"post_tag","embeddable":true,"href":"https:\/\/www.pressenza.com\/fr\/wp-json\/wp\/v2\/tags?post=1583598"}],"curies":[{"name":"wp","href":"https:\/\/api.w.org\/{rel}","templated":true}]}}