{"id":1578371,"date":"2022-05-04T22:14:31","date_gmt":"2022-05-04T21:14:31","guid":{"rendered":"https:\/\/www.pressenza.com\/?p=1578371"},"modified":"2022-05-04T22:16:35","modified_gmt":"2022-05-04T21:16:35","slug":"discours-de-noam-chomsky-au-forum-social-mondial-2022","status":"publish","type":"post","link":"https:\/\/www.pressenza.com\/fr\/2022\/05\/discours-de-noam-chomsky-au-forum-social-mondial-2022\/","title":{"rendered":"Discours de Noam Chomsky au Forum social mondial 2022"},"content":{"rendered":"<p>Enregistr\u00e9 par la Campagne pour la paix, le d\u00e9sarmement et la s\u00e9curit\u00e9 commune le 29 avril 2022.<\/p>\n<p>La semaine derni\u00e8re nous avons eu le privil\u00e8ge d&rsquo;enregistrer, pour le Forum social mondial, ce que je pense \u00eatre peut-\u00eatre le discours le plus profond et le plus urgent de Noam Chomsky.<\/p>\n<p><i>Pour voir la vid\u00e9o ( 22\u2032 41\u2032\u2032 ) avec les sous-titres en fran\u00e7ais sur un ordinateur : <b>1.<\/b>\u00a0Cliquez sur l\u2019ic\u00f4ne\u00a0<b>Sous-titres\u00a0<\/b>(rectangle blanc en bas \u00e0 droite de la fen\u00eatre du lecteur vid\u00e9o).\u00a0 \u00a0<b>2.<\/b> Cliquez sur l\u2019ic\u00f4ne <b>Param\u00e8tres\u00a0<\/b>(roue dent\u00e9e\u00a0en bas \u00e0 droite), puis cliquez\u00a0successivement sur\u00a0<b>Sous-titres<\/b>, puis sur\u00a0<b>Traduire automatiquement<\/b>.\u00a0\u00a0\u00a0\u00a0<b>3.<\/b> Dans la fen\u00eatre qui s\u2019ouvre, faites d\u00e9filer la liste des langues et cliquez sur <b>Fran\u00e7ais<\/b>.<\/i><\/p>\n<p><iframe loading=\"lazy\" title=\"Noam Chomsky&#039;s Speech to the 2022 World Social Forum\" width=\"500\" height=\"281\" src=\"https:\/\/www.youtube.com\/embed\/UYDkmZAbTx0?feature=oembed\" frameborder=\"0\" allow=\"accelerometer; autoplay; clipboard-write; encrypted-media; gyroscope; picture-in-picture; web-share\" referrerpolicy=\"strict-origin-when-cross-origin\" allowfullscreen><\/iframe><\/p>\n<p>&nbsp;<\/p>\n","protected":false},"excerpt":{"rendered":"<p>Enregistr\u00e9 par la Campagne pour la paix, le d\u00e9sarmement et la s\u00e9curit\u00e9 commune le 29 avril 2022. La semaine derni\u00e8re nous avons eu le privil\u00e8ge d&rsquo;enregistrer, pour le Forum social mondial, ce que je pense \u00eatre peut-\u00eatre le discours le&hellip;<\/p>\n","protected":false},"author":1126,"featured_media":1576744,"comment_status":"closed","ping_status":"closed","sticky":false,"template":"","format":"standard","meta":{"footnotes":""},"categories":[87,97,163,27989],"tags":[3405,6939,1636,101713,3086],"class_list":["post-1578371","post","type-post","status-publish","format-standard","has-post-thumbnail","hentry","category-amerique-du-nord","category-environnement-et-ecologie","category-opinion-fr","category-video-fr","tag-armes-nucleaires","tag-changement-climatique","tag-forum-social-mondial","tag-horloge-du-jugement-dernier","tag-noam-chomsky-fr"],"yoast_head":"<!-- This site is optimized with the Yoast SEO plugin v27.1.1 - https:\/\/yoast.com\/product\/yoast-seo-wordpress\/ -->\n<title>Discours de Noam Chomsky au Forum social mondial 2022<\/title>\n<meta name=\"description\" content=\"Enregistr\u00e9 par la Campagne pour la paix, le d\u00e9sarmement et la s\u00e9curit\u00e9 commune le 29 avril 2022. La semaine derni\u00e8re nous avons eu le privil\u00e8ge\" \/>\n<meta name=\"robots\" content=\"index, follow, max-snippet:-1, max-image-preview:large, max-video-preview:-1\" \/>\n<link rel=\"canonical\" href=\"https:\/\/www.pressenza.com\/fr\/2022\/05\/discours-de-noam-chomsky-au-forum-social-mondial-2022\/\" \/>\n<meta property=\"og:locale\" content=\"fr_FR\" \/>\n<meta property=\"og:type\" content=\"article\" \/>\n<meta property=\"og:title\" content=\"Discours de Noam Chomsky au Forum social mondial 2022\" \/>\n<meta property=\"og:description\" content=\"Enregistr\u00e9 par la Campagne pour la paix, le d\u00e9sarmement et la s\u00e9curit\u00e9 commune le 29 avril 2022. La semaine derni\u00e8re nous avons eu le privil\u00e8ge\" \/>\n<meta property=\"og:url\" content=\"https:\/\/www.pressenza.com\/fr\/2022\/05\/discours-de-noam-chomsky-au-forum-social-mondial-2022\/\" \/>\n<meta property=\"og:site_name\" content=\"Pressenza\" \/>\n<meta property=\"article:publisher\" content=\"https:\/\/www.facebook.com\/PressenzaItalia\" \/>\n<meta property=\"article:author\" content=\"https:\/\/www.facebook.com\/PressenzaEnglish\/\" \/>\n<meta property=\"article:published_time\" content=\"2022-05-04T21:14:31+00:00\" \/>\n<meta property=\"article:modified_time\" content=\"2022-05-04T21:16:35+00:00\" \/>\n<meta property=\"og:image\" content=\"https:\/\/www.pressenza.com\/wp-content\/uploads\/2022\/05\/Screen-Shot-2022-05-02-at-10.05.05-PM.png\" \/>\n\t<meta property=\"og:image:width\" content=\"1920\" \/>\n\t<meta property=\"og:image:height\" content=\"1247\" \/>\n\t<meta property=\"og:image:type\" content=\"image\/png\" \/>\n<meta name=\"author\" content=\"Pressenza New York\" \/>\n<meta name=\"twitter:card\" content=\"summary_large_image\" \/>\n<meta name=\"twitter:creator\" content=\"@PressenzaIPA\" \/>\n<meta name=\"twitter:site\" content=\"@PressenzaIPA\" \/>\n<meta name=\"twitter:label1\" content=\"\u00c9crit par\" \/>\n\t<meta name=\"twitter:data1\" content=\"Pressenza New York\" \/>\n\t<meta name=\"twitter:label2\" content=\"Dur\u00e9e de lecture estim\u00e9e\" \/>\n\t<meta name=\"twitter:data2\" content=\"1 minute\" \/>\n<script type=\"application\/ld+json\" class=\"yoast-schema-graph\">{\"@context\":\"https:\/\/schema.org\",\"@graph\":[{\"@type\":\"Article\",\"@id\":\"https:\/\/www.pressenza.com\/fr\/2022\/05\/discours-de-noam-chomsky-au-forum-social-mondial-2022\/#article\",\"isPartOf\":{\"@id\":\"https:\/\/www.pressenza.com\/fr\/2022\/05\/discours-de-noam-chomsky-au-forum-social-mondial-2022\/\"},\"author\":{\"name\":\"Pressenza New York\",\"@id\":\"https:\/\/www.pressenza.com\/fr\/#\/schema\/person\/75ff8ec4b4b03f1d2da977bba83672b3\"},\"headline\":\"Discours de Noam Chomsky au Forum social mondial 2022\",\"datePublished\":\"2022-05-04T21:14:31+00:00\",\"dateModified\":\"2022-05-04T21:16:35+00:00\",\"mainEntityOfPage\":{\"@id\":\"https:\/\/www.pressenza.com\/fr\/2022\/05\/discours-de-noam-chomsky-au-forum-social-mondial-2022\/\"},\"wordCount\":140,\"publisher\":{\"@id\":\"https:\/\/www.pressenza.com\/fr\/#organization\"},\"image\":{\"@id\":\"https:\/\/www.pressenza.com\/fr\/2022\/05\/discours-de-noam-chomsky-au-forum-social-mondial-2022\/#primaryimage\"},\"thumbnailUrl\":\"https:\/\/www.pressenza.com\/wp-content\/uploads\/2022\/05\/Screen-Shot-2022-05-02-at-10.05.05-PM.png\",\"keywords\":[\"Armes Nucl\u00e9aires\",\"changement climatique\",\"Forum Social Mondial\",\"horloge du Jugement dernier\",\"Noam Chomsky\"],\"articleSection\":[\"Am\u00e9rique du Nord\",\"Ecologie et Environnement\",\"Opinion\",\"Video\"],\"inLanguage\":\"fr-FR\"},{\"@type\":\"WebPage\",\"@id\":\"https:\/\/www.pressenza.com\/fr\/2022\/05\/discours-de-noam-chomsky-au-forum-social-mondial-2022\/\",\"url\":\"https:\/\/www.pressenza.com\/fr\/2022\/05\/discours-de-noam-chomsky-au-forum-social-mondial-2022\/\",\"name\":\"Discours de Noam Chomsky au Forum social mondial 2022\",\"isPartOf\":{\"@id\":\"https:\/\/www.pressenza.com\/fr\/#website\"},\"primaryImageOfPage\":{\"@id\":\"https:\/\/www.pressenza.com\/fr\/2022\/05\/discours-de-noam-chomsky-au-forum-social-mondial-2022\/#primaryimage\"},\"image\":{\"@id\":\"https:\/\/www.pressenza.com\/fr\/2022\/05\/discours-de-noam-chomsky-au-forum-social-mondial-2022\/#primaryimage\"},\"thumbnailUrl\":\"https:\/\/www.pressenza.com\/wp-content\/uploads\/2022\/05\/Screen-Shot-2022-05-02-at-10.05.05-PM.png\",\"datePublished\":\"2022-05-04T21:14:31+00:00\",\"dateModified\":\"2022-05-04T21:16:35+00:00\",\"description\":\"Enregistr\u00e9 par la Campagne pour la paix, le d\u00e9sarmement et la s\u00e9curit\u00e9 commune le 29 avril 2022. La semaine derni\u00e8re nous avons eu le privil\u00e8ge\",\"breadcrumb\":{\"@id\":\"https:\/\/www.pressenza.com\/fr\/2022\/05\/discours-de-noam-chomsky-au-forum-social-mondial-2022\/#breadcrumb\"},\"inLanguage\":\"fr-FR\",\"potentialAction\":[{\"@type\":\"ReadAction\",\"target\":[\"https:\/\/www.pressenza.com\/fr\/2022\/05\/discours-de-noam-chomsky-au-forum-social-mondial-2022\/\"]}]},{\"@type\":\"ImageObject\",\"inLanguage\":\"fr-FR\",\"@id\":\"https:\/\/www.pressenza.com\/fr\/2022\/05\/discours-de-noam-chomsky-au-forum-social-mondial-2022\/#primaryimage\",\"url\":\"https:\/\/www.pressenza.com\/wp-content\/uploads\/2022\/05\/Screen-Shot-2022-05-02-at-10.05.05-PM.png\",\"contentUrl\":\"https:\/\/www.pressenza.com\/wp-content\/uploads\/2022\/05\/Screen-Shot-2022-05-02-at-10.05.05-PM.png\",\"width\":1920,\"height\":1247},{\"@type\":\"BreadcrumbList\",\"@id\":\"https:\/\/www.pressenza.com\/fr\/2022\/05\/discours-de-noam-chomsky-au-forum-social-mondial-2022\/#breadcrumb\",\"itemListElement\":[{\"@type\":\"ListItem\",\"position\":1,\"name\":\"Accueil\",\"item\":\"https:\/\/www.pressenza.com\/fr\/\"},{\"@type\":\"ListItem\",\"position\":2,\"name\":\"Discours de Noam Chomsky au Forum social mondial 2022\"}]},{\"@type\":\"WebSite\",\"@id\":\"https:\/\/www.pressenza.com\/fr\/#website\",\"url\":\"https:\/\/www.pressenza.com\/fr\/\",\"name\":\"Pressenza\",\"description\":\"International Press Agency\",\"publisher\":{\"@id\":\"https:\/\/www.pressenza.com\/fr\/#organization\"},\"potentialAction\":[{\"@type\":\"SearchAction\",\"target\":{\"@type\":\"EntryPoint\",\"urlTemplate\":\"https:\/\/www.pressenza.com\/fr\/?s={search_term_string}\"},\"query-input\":{\"@type\":\"PropertyValueSpecification\",\"valueRequired\":true,\"valueName\":\"search_term_string\"}}],\"inLanguage\":\"fr-FR\"},{\"@type\":\"Organization\",\"@id\":\"https:\/\/www.pressenza.com\/fr\/#organization\",\"name\":\"Pressenza\",\"url\":\"https:\/\/www.pressenza.com\/fr\/\",\"logo\":{\"@type\":\"ImageObject\",\"inLanguage\":\"fr-FR\",\"@id\":\"https:\/\/www.pressenza.com\/fr\/#\/schema\/logo\/image\/\",\"url\":\"https:\/\/www.pressenza.com\/wp-content\/uploads\/2022\/10\/pressenza_logo_200x200.jpg\",\"contentUrl\":\"https:\/\/www.pressenza.com\/wp-content\/uploads\/2022\/10\/pressenza_logo_200x200.jpg\",\"width\":200,\"height\":200,\"caption\":\"Pressenza\"},\"image\":{\"@id\":\"https:\/\/www.pressenza.com\/fr\/#\/schema\/logo\/image\/\"},\"sameAs\":[\"https:\/\/www.facebook.com\/PressenzaItalia\",\"https:\/\/x.com\/PressenzaIPA\"]},{\"@type\":\"Person\",\"@id\":\"https:\/\/www.pressenza.com\/fr\/#\/schema\/person\/75ff8ec4b4b03f1d2da977bba83672b3\",\"name\":\"Pressenza New York\",\"description\":\"News from the Pressenza Bureau in New York, United States\",\"sameAs\":[\"https:\/\/www.facebook.com\/PressenzaEnglish\/\",\"https:\/\/x.com\/PressenzaIPA\"],\"url\":\"https:\/\/www.pressenza.com\/fr\/author\/pressenza-new-york\/\"}]}<\/script>\n<!-- \/ Yoast SEO plugin. -->","yoast_head_json":{"title":"Discours de Noam Chomsky au Forum social mondial 2022","description":"Enregistr\u00e9 par la Campagne pour la paix, le d\u00e9sarmement et la s\u00e9curit\u00e9 commune le 29 avril 2022. La semaine derni\u00e8re nous avons eu le privil\u00e8ge","robots":{"index":"index","follow":"follow","max-snippet":"max-snippet:-1","max-image-preview":"max-image-preview:large","max-video-preview":"max-video-preview:-1"},"canonical":"https:\/\/www.pressenza.com\/fr\/2022\/05\/discours-de-noam-chomsky-au-forum-social-mondial-2022\/","og_locale":"fr_FR","og_type":"article","og_title":"Discours de Noam Chomsky au Forum social mondial 2022","og_description":"Enregistr\u00e9 par la Campagne pour la paix, le d\u00e9sarmement et la s\u00e9curit\u00e9 commune le 29 avril 2022. La semaine derni\u00e8re nous avons eu le privil\u00e8ge","og_url":"https:\/\/www.pressenza.com\/fr\/2022\/05\/discours-de-noam-chomsky-au-forum-social-mondial-2022\/","og_site_name":"Pressenza","article_publisher":"https:\/\/www.facebook.com\/PressenzaItalia","article_author":"https:\/\/www.facebook.com\/PressenzaEnglish\/","article_published_time":"2022-05-04T21:14:31+00:00","article_modified_time":"2022-05-04T21:16:35+00:00","og_image":[{"width":1920,"height":1247,"url":"https:\/\/www.pressenza.com\/wp-content\/uploads\/2022\/05\/Screen-Shot-2022-05-02-at-10.05.05-PM.png","type":"image\/png"}],"author":"Pressenza New York","twitter_card":"summary_large_image","twitter_creator":"@PressenzaIPA","twitter_site":"@PressenzaIPA","twitter_misc":{"\u00c9crit par":"Pressenza New York","Dur\u00e9e de lecture estim\u00e9e":"1 minute"},"schema":{"@context":"https:\/\/schema.org","@graph":[{"@type":"Article","@id":"https:\/\/www.pressenza.com\/fr\/2022\/05\/discours-de-noam-chomsky-au-forum-social-mondial-2022\/#article","isPartOf":{"@id":"https:\/\/www.pressenza.com\/fr\/2022\/05\/discours-de-noam-chomsky-au-forum-social-mondial-2022\/"},"author":{"name":"Pressenza New York","@id":"https:\/\/www.pressenza.com\/fr\/#\/schema\/person\/75ff8ec4b4b03f1d2da977bba83672b3"},"headline":"Discours de Noam Chomsky au Forum social mondial 2022","datePublished":"2022-05-04T21:14:31+00:00","dateModified":"2022-05-04T21:16:35+00:00","mainEntityOfPage":{"@id":"https:\/\/www.pressenza.com\/fr\/2022\/05\/discours-de-noam-chomsky-au-forum-social-mondial-2022\/"},"wordCount":140,"publisher":{"@id":"https:\/\/www.pressenza.com\/fr\/#organization"},"image":{"@id":"https:\/\/www.pressenza.com\/fr\/2022\/05\/discours-de-noam-chomsky-au-forum-social-mondial-2022\/#primaryimage"},"thumbnailUrl":"https:\/\/www.pressenza.com\/wp-content\/uploads\/2022\/05\/Screen-Shot-2022-05-02-at-10.05.05-PM.png","keywords":["Armes Nucl\u00e9aires","changement climatique","Forum Social Mondial","horloge du Jugement dernier","Noam Chomsky"],"articleSection":["Am\u00e9rique du Nord","Ecologie et Environnement","Opinion","Video"],"inLanguage":"fr-FR"},{"@type":"WebPage","@id":"https:\/\/www.pressenza.com\/fr\/2022\/05\/discours-de-noam-chomsky-au-forum-social-mondial-2022\/","url":"https:\/\/www.pressenza.com\/fr\/2022\/05\/discours-de-noam-chomsky-au-forum-social-mondial-2022\/","name":"Discours de Noam Chomsky au Forum social mondial 2022","isPartOf":{"@id":"https:\/\/www.pressenza.com\/fr\/#website"},"primaryImageOfPage":{"@id":"https:\/\/www.pressenza.com\/fr\/2022\/05\/discours-de-noam-chomsky-au-forum-social-mondial-2022\/#primaryimage"},"image":{"@id":"https:\/\/www.pressenza.com\/fr\/2022\/05\/discours-de-noam-chomsky-au-forum-social-mondial-2022\/#primaryimage"},"thumbnailUrl":"https:\/\/www.pressenza.com\/wp-content\/uploads\/2022\/05\/Screen-Shot-2022-05-02-at-10.05.05-PM.png","datePublished":"2022-05-04T21:14:31+00:00","dateModified":"2022-05-04T21:16:35+00:00","description":"Enregistr\u00e9 par la Campagne pour la paix, le d\u00e9sarmement et la s\u00e9curit\u00e9 commune le 29 avril 2022. La semaine derni\u00e8re nous avons eu le privil\u00e8ge","breadcrumb":{"@id":"https:\/\/www.pressenza.com\/fr\/2022\/05\/discours-de-noam-chomsky-au-forum-social-mondial-2022\/#breadcrumb"},"inLanguage":"fr-FR","potentialAction":[{"@type":"ReadAction","target":["https:\/\/www.pressenza.com\/fr\/2022\/05\/discours-de-noam-chomsky-au-forum-social-mondial-2022\/"]}]},{"@type":"ImageObject","inLanguage":"fr-FR","@id":"https:\/\/www.pressenza.com\/fr\/2022\/05\/discours-de-noam-chomsky-au-forum-social-mondial-2022\/#primaryimage","url":"https:\/\/www.pressenza.com\/wp-content\/uploads\/2022\/05\/Screen-Shot-2022-05-02-at-10.05.05-PM.png","contentUrl":"https:\/\/www.pressenza.com\/wp-content\/uploads\/2022\/05\/Screen-Shot-2022-05-02-at-10.05.05-PM.png","width":1920,"height":1247},{"@type":"BreadcrumbList","@id":"https:\/\/www.pressenza.com\/fr\/2022\/05\/discours-de-noam-chomsky-au-forum-social-mondial-2022\/#breadcrumb","itemListElement":[{"@type":"ListItem","position":1,"name":"Accueil","item":"https:\/\/www.pressenza.com\/fr\/"},{"@type":"ListItem","position":2,"name":"Discours de Noam Chomsky au Forum social mondial 2022"}]},{"@type":"WebSite","@id":"https:\/\/www.pressenza.com\/fr\/#website","url":"https:\/\/www.pressenza.com\/fr\/","name":"Pressenza","description":"International Press Agency","publisher":{"@id":"https:\/\/www.pressenza.com\/fr\/#organization"},"potentialAction":[{"@type":"SearchAction","target":{"@type":"EntryPoint","urlTemplate":"https:\/\/www.pressenza.com\/fr\/?s={search_term_string}"},"query-input":{"@type":"PropertyValueSpecification","valueRequired":true,"valueName":"search_term_string"}}],"inLanguage":"fr-FR"},{"@type":"Organization","@id":"https:\/\/www.pressenza.com\/fr\/#organization","name":"Pressenza","url":"https:\/\/www.pressenza.com\/fr\/","logo":{"@type":"ImageObject","inLanguage":"fr-FR","@id":"https:\/\/www.pressenza.com\/fr\/#\/schema\/logo\/image\/","url":"https:\/\/www.pressenza.com\/wp-content\/uploads\/2022\/10\/pressenza_logo_200x200.jpg","contentUrl":"https:\/\/www.pressenza.com\/wp-content\/uploads\/2022\/10\/pressenza_logo_200x200.jpg","width":200,"height":200,"caption":"Pressenza"},"image":{"@id":"https:\/\/www.pressenza.com\/fr\/#\/schema\/logo\/image\/"},"sameAs":["https:\/\/www.facebook.com\/PressenzaItalia","https:\/\/x.com\/PressenzaIPA"]},{"@type":"Person","@id":"https:\/\/www.pressenza.com\/fr\/#\/schema\/person\/75ff8ec4b4b03f1d2da977bba83672b3","name":"Pressenza New York","description":"News from the Pressenza Bureau in New York, United States","sameAs":["https:\/\/www.facebook.com\/PressenzaEnglish\/","https:\/\/x.com\/PressenzaIPA"],"url":"https:\/\/www.pressenza.com\/fr\/author\/pressenza-new-york\/"}]}},"place":"","original_article_url":"https:\/\/www.youtube.com\/watch?v=UYDkmZAbTx0","_links":{"self":[{"href":"https:\/\/www.pressenza.com\/fr\/wp-json\/wp\/v2\/posts\/1578371","targetHints":{"allow":["GET"]}}],"collection":[{"href":"https:\/\/www.pressenza.com\/fr\/wp-json\/wp\/v2\/posts"}],"about":[{"href":"https:\/\/www.pressenza.com\/fr\/wp-json\/wp\/v2\/types\/post"}],"author":[{"embeddable":true,"href":"https:\/\/www.pressenza.com\/fr\/wp-json\/wp\/v2\/users\/1126"}],"replies":[{"embeddable":true,"href":"https:\/\/www.pressenza.com\/fr\/wp-json\/wp\/v2\/comments?post=1578371"}],"version-history":[{"count":0,"href":"https:\/\/www.pressenza.com\/fr\/wp-json\/wp\/v2\/posts\/1578371\/revisions"}],"wp:featuredmedia":[{"embeddable":true,"href":"https:\/\/www.pressenza.com\/fr\/wp-json\/wp\/v2\/media\/1576744"}],"wp:attachment":[{"href":"https:\/\/www.pressenza.com\/fr\/wp-json\/wp\/v2\/media?parent=1578371"}],"wp:term":[{"taxonomy":"category","embeddable":true,"href":"https:\/\/www.pressenza.com\/fr\/wp-json\/wp\/v2\/categories?post=1578371"},{"taxonomy":"post_tag","embeddable":true,"href":"https:\/\/www.pressenza.com\/fr\/wp-json\/wp\/v2\/tags?post=1578371"}],"curies":[{"name":"wp","href":"https:\/\/api.w.org\/{rel}","templated":true}]}}