{"id":1576523,"date":"2022-05-02T21:30:44","date_gmt":"2022-05-02T20:30:44","guid":{"rendered":"https:\/\/www.pressenza.com\/?p=1576523"},"modified":"2022-05-02T21:30:44","modified_gmt":"2022-05-02T20:30:44","slug":"1er-mai-2022-on-ne-dit-pas-de-tendre-lautre-joue-a-des-gens-qui-nont-eu-que-des-gifles-pendant-plus-de-2000-ans","status":"publish","type":"post","link":"https:\/\/www.pressenza.com\/fr\/2022\/05\/1er-mai-2022-on-ne-dit-pas-de-tendre-lautre-joue-a-des-gens-qui-nont-eu-que-des-gifles-pendant-plus-de-2000-ans\/","title":{"rendered":"1er MAI 2022 : On ne dit pas de tendre l&rsquo;autre joue \u00e0 des gens qui n&rsquo;ont eu que des gifles pendant plus de 2000 ans"},"content":{"rendered":"<p>Une Citation d&rsquo;Andr\u00e9 Malraux: \u00ab On ne dit pas de tendre l&rsquo;autre joue \u00e0 des gens qui n&rsquo;ont eu que des gifles pendant plus de 2000 ans \u00bb illustre bien la situation actuelle. Dans ce cadre, voici le discours du Parti Humaniste au 1er Mai 2022 \u00e0 Bruxelles:<\/p>\n<p>&#8230;<\/p>\n<p><strong>Bon\u00a0 Jour,<\/strong><\/p>\n<p>Tous d\u2019abord, MERCI. Merci \u00e0 chacune et chacun d\u2019\u00eatre l\u00e0 aujourd\u2019hui. Cela fait du bien de se retrouver.<\/p>\n<p>Apr\u00e8s ces deux ann\u00e9es d\u00e9shumanisantes de la covid19, nous voici dans l\u2019\u00e8re de la peur des conflits arm\u00e9s \u00e0 nos fronti\u00e8res. \u00c0 grand renfort m\u00e9diatique, on nous fait oublier notre fragile humanit\u00e9. Les gouvernants prennent des d\u00e9cisions inhumaines au nom du profit et nous soumettent aux grands capitaux.<\/p>\n<p><strong>La concentration de capital que nous vivons aujourd\u2019hui est d\u00e9shumanisante<\/strong>. Cette concentration g\u00e9n\u00e8re la famine, la mis\u00e8re, l\u2019injustice, l\u2019arbitraire, la destruction de la plan\u00e8te et les guerres. Cette r\u00e9alit\u00e9 nous la vivons aujourd\u2019hui dans nos tripes.<\/p>\n<p><strong>\u00catre citoyen<\/strong>, c\u2019est se pr\u00e9occuper de tout ce qui concerne la vie en soci\u00e9t\u00e9, y compris des nombreux laiss\u00e9s pour compte par nos gouvernements et leurs d\u00e9cisions mortif\u00e8res.<\/p>\n<p><strong>\u00catre humaniste <\/strong>c\u2019est en plus ajouter le sens de la vie dans la construction et dans les luttes pour r\u00e9soudre toutes les adversit\u00e9s y compris avec l\u2019environnement et le climat.<br \/>\n<strong>C\u2019est mettre l\u2019humain comme valeur centrale,<br \/>\nC\u2019est \u00eatre aux c\u00f4t\u00e9s des opprim\u00e9s, de tous les opprim\u00e9s.<br \/>\nC\u2019est choisir la Libert\u00e9 et pas le d\u00e9terminisme<br \/>\nC\u2019est choisir l\u2019engagement et pas la r\u00e9signation<br \/>\nC\u2019est choisir la r\u00e9volution non-violente et permanente<\/strong><\/p>\n<p>Nous sommes aujourd\u2019hui devant une alternative simple. Se laisser entrainer vers un monde absurde et suicidaire, ou faire la r\u00e9volution en faveur des aspirations humaines.<\/p>\n<p>Il s\u2019agit d\u2019une <strong>r\u00e9volution sociale<\/strong> qui change radicalement les conditions de vie du peuple,<br \/>\nIl s\u2019agit d\u2019une <strong>r\u00e9volution politique<\/strong> qui modifie la structure du pouvoir<br \/>\nIl s\u2019agit d\u2019une <strong>r\u00e9volution humaine<\/strong> qui abandonne les valeurs d\u00e9cadentes actuelles : profit, pouvoir, prestige ; et <strong>cr\u00e9e ses propres paradigmes<\/strong> : humanit\u00e9, non-violence, non-discrimination, solidarit\u00e9 et coop\u00e9ration.<\/p>\n<p><strong>Il ne s\u2019agit pas d\u2019une r\u00e9volution violente.<\/strong> On ne sortira pas de la violence par la violence.<\/p>\n<p><strong>Il s\u2019agit de la d\u00e9sob\u00e9issance civile, des manifestations, d\u2019occupations, de gr\u00e8ves, d\u2019organisation en coop\u00e9ratives, de solidarit\u00e9.<\/strong><\/p>\n<p>Le capitalisme et la globalisation nous assomme de probl\u00e8mes, de peurs, de privations, et de factures \u00e0 payer. Le plus grave, ce serait qu\u2019il nous fasse perdre l\u2019espoir.<\/p>\n<p><strong>Continuons de construire le futur, ensemble.<\/strong> M\u00eame si nous ne sommes pas d\u2019accord sur \u00ab tout \u00bb, nous partageons un id\u00e9al commun de solidarit\u00e9 avec l\u2019humanit\u00e9 toute enti\u00e8re.<\/p>\n<p><strong>Que cette journ\u00e9e du 1er mai permette de renouveler notre engagement et nos forces pour la construction de la nation humaine universelle.<\/strong><\/p>\n<p>Paix, Force et Joie \u00e0 vous tous.<\/p>\n<p>L&rsquo;\u00e9quipe du Parti Humaniste Bruxelles<\/p>\n","protected":false},"excerpt":{"rendered":"<p>Une Citation d&rsquo;Andr\u00e9 Malraux: \u00ab On ne dit pas de tendre l&rsquo;autre joue \u00e0 des gens qui n&rsquo;ont eu que des gifles pendant plus de 2000 ans \u00bb illustre bien la situation actuelle. Dans ce cadre, voici le discours du&hellip;<\/p>\n","protected":false},"author":1443,"featured_media":1576554,"comment_status":"closed","ping_status":"closed","sticky":false,"template":"","format":"standard","meta":{"footnotes":""},"categories":[40,93],"tags":[74767,4098,307,22212,30702],"class_list":["post-1576523","post","type-post","status-publish","format-standard","has-post-thumbnail","hentry","category-international-fr","category-politique","tag-1er-mai","tag-bruxelles","tag-manifestation","tag-politique","tag-travailleurs"],"yoast_head":"<!-- This site is optimized with the Yoast SEO plugin v27.1.1 - https:\/\/yoast.com\/product\/yoast-seo-wordpress\/ -->\n<title>1er MAI 2022 : On ne dit pas de tendre l&#039;autre joue \u00e0 des gens qui n&#039;ont eu que des gifles pendant plus de 2000 ans<\/title>\n<meta name=\"description\" content=\"Une Citation d&#039;Andr\u00e9 Malraux: \u00ab On ne dit pas de tendre l&#039;autre joue \u00e0 des gens qui n&#039;ont eu que des gifles pendant plus de 2000 ans \u00bb illustre bien la\" \/>\n<meta name=\"robots\" content=\"index, follow, max-snippet:-1, max-image-preview:large, max-video-preview:-1\" \/>\n<link rel=\"canonical\" href=\"https:\/\/www.pressenza.com\/fr\/2022\/05\/1er-mai-2022-on-ne-dit-pas-de-tendre-lautre-joue-a-des-gens-qui-nont-eu-que-des-gifles-pendant-plus-de-2000-ans\/\" \/>\n<meta property=\"og:locale\" content=\"fr_FR\" \/>\n<meta property=\"og:type\" content=\"article\" \/>\n<meta property=\"og:title\" content=\"1er MAI 2022 : On ne dit pas de tendre l&#039;autre joue \u00e0 des gens qui n&#039;ont eu que des gifles pendant plus de 2000 ans\" \/>\n<meta property=\"og:description\" content=\"Une Citation d&#039;Andr\u00e9 Malraux: \u00ab On ne dit pas de tendre l&#039;autre joue \u00e0 des gens qui n&#039;ont eu que des gifles pendant plus de 2000 ans \u00bb illustre bien la\" \/>\n<meta property=\"og:url\" content=\"https:\/\/www.pressenza.com\/fr\/2022\/05\/1er-mai-2022-on-ne-dit-pas-de-tendre-lautre-joue-a-des-gens-qui-nont-eu-que-des-gifles-pendant-plus-de-2000-ans\/\" \/>\n<meta property=\"og:site_name\" content=\"Pressenza\" \/>\n<meta property=\"article:publisher\" content=\"https:\/\/www.facebook.com\/PressenzaItalia\" \/>\n<meta property=\"article:author\" content=\"https:\/\/www.facebook.com\/PartiHumanisteBelgique\/\" \/>\n<meta property=\"article:published_time\" content=\"2022-05-02T20:30:44+00:00\" \/>\n<meta property=\"og:image\" content=\"https:\/\/www.pressenza.com\/wp-content\/uploads\/2022\/05\/1er-Mai-BXL-2022-1.jpg\" \/>\n\t<meta property=\"og:image:width\" content=\"730\" \/>\n\t<meta property=\"og:image:height\" content=\"437\" \/>\n\t<meta property=\"og:image:type\" content=\"image\/jpeg\" \/>\n<meta name=\"author\" content=\"Parti Humaniste Belgique\" \/>\n<meta name=\"twitter:card\" content=\"summary_large_image\" \/>\n<meta name=\"twitter:creator\" content=\"@PressenzaIPA\" \/>\n<meta name=\"twitter:site\" content=\"@PressenzaIPA\" \/>\n<meta name=\"twitter:label1\" content=\"\u00c9crit par\" \/>\n\t<meta name=\"twitter:data1\" content=\"Parti Humaniste Belgique\" \/>\n\t<meta name=\"twitter:label2\" content=\"Dur\u00e9e de lecture estim\u00e9e\" \/>\n\t<meta name=\"twitter:data2\" content=\"3 minutes\" \/>\n<script type=\"application\/ld+json\" class=\"yoast-schema-graph\">{\"@context\":\"https:\/\/schema.org\",\"@graph\":[{\"@type\":\"Article\",\"@id\":\"https:\/\/www.pressenza.com\/fr\/2022\/05\/1er-mai-2022-on-ne-dit-pas-de-tendre-lautre-joue-a-des-gens-qui-nont-eu-que-des-gifles-pendant-plus-de-2000-ans\/#article\",\"isPartOf\":{\"@id\":\"https:\/\/www.pressenza.com\/fr\/2022\/05\/1er-mai-2022-on-ne-dit-pas-de-tendre-lautre-joue-a-des-gens-qui-nont-eu-que-des-gifles-pendant-plus-de-2000-ans\/\"},\"author\":{\"name\":\"Parti Humaniste Belgique\",\"@id\":\"https:\/\/www.pressenza.com\/fr\/#\/schema\/person\/5d31711dbf09eff9be24cc1833a9a85b\"},\"headline\":\"1er MAI 2022 : On ne dit pas de tendre l&rsquo;autre joue \u00e0 des gens qui n&rsquo;ont eu que des gifles pendant plus de 2000 ans\",\"datePublished\":\"2022-05-02T20:30:44+00:00\",\"mainEntityOfPage\":{\"@id\":\"https:\/\/www.pressenza.com\/fr\/2022\/05\/1er-mai-2022-on-ne-dit-pas-de-tendre-lautre-joue-a-des-gens-qui-nont-eu-que-des-gifles-pendant-plus-de-2000-ans\/\"},\"wordCount\":539,\"publisher\":{\"@id\":\"https:\/\/www.pressenza.com\/fr\/#organization\"},\"image\":{\"@id\":\"https:\/\/www.pressenza.com\/fr\/2022\/05\/1er-mai-2022-on-ne-dit-pas-de-tendre-lautre-joue-a-des-gens-qui-nont-eu-que-des-gifles-pendant-plus-de-2000-ans\/#primaryimage\"},\"thumbnailUrl\":\"https:\/\/www.pressenza.com\/wp-content\/uploads\/2022\/05\/1er-Mai-BXL-2022-1.jpg\",\"keywords\":[\"1er mai\",\"Bruxelles\",\"manifestation\",\"Politique\",\"travailleurs\"],\"articleSection\":[\"International\",\"Politique\"],\"inLanguage\":\"fr-FR\"},{\"@type\":\"WebPage\",\"@id\":\"https:\/\/www.pressenza.com\/fr\/2022\/05\/1er-mai-2022-on-ne-dit-pas-de-tendre-lautre-joue-a-des-gens-qui-nont-eu-que-des-gifles-pendant-plus-de-2000-ans\/\",\"url\":\"https:\/\/www.pressenza.com\/fr\/2022\/05\/1er-mai-2022-on-ne-dit-pas-de-tendre-lautre-joue-a-des-gens-qui-nont-eu-que-des-gifles-pendant-plus-de-2000-ans\/\",\"name\":\"1er MAI 2022 : On ne dit pas de tendre l'autre joue \u00e0 des gens qui n'ont eu que des gifles pendant plus de 2000 ans\",\"isPartOf\":{\"@id\":\"https:\/\/www.pressenza.com\/fr\/#website\"},\"primaryImageOfPage\":{\"@id\":\"https:\/\/www.pressenza.com\/fr\/2022\/05\/1er-mai-2022-on-ne-dit-pas-de-tendre-lautre-joue-a-des-gens-qui-nont-eu-que-des-gifles-pendant-plus-de-2000-ans\/#primaryimage\"},\"image\":{\"@id\":\"https:\/\/www.pressenza.com\/fr\/2022\/05\/1er-mai-2022-on-ne-dit-pas-de-tendre-lautre-joue-a-des-gens-qui-nont-eu-que-des-gifles-pendant-plus-de-2000-ans\/#primaryimage\"},\"thumbnailUrl\":\"https:\/\/www.pressenza.com\/wp-content\/uploads\/2022\/05\/1er-Mai-BXL-2022-1.jpg\",\"datePublished\":\"2022-05-02T20:30:44+00:00\",\"description\":\"Une Citation d'Andr\u00e9 Malraux: \u00ab On ne dit pas de tendre l'autre joue \u00e0 des gens qui n'ont eu que des gifles pendant plus de 2000 ans \u00bb illustre bien la\",\"breadcrumb\":{\"@id\":\"https:\/\/www.pressenza.com\/fr\/2022\/05\/1er-mai-2022-on-ne-dit-pas-de-tendre-lautre-joue-a-des-gens-qui-nont-eu-que-des-gifles-pendant-plus-de-2000-ans\/#breadcrumb\"},\"inLanguage\":\"fr-FR\",\"potentialAction\":[{\"@type\":\"ReadAction\",\"target\":[\"https:\/\/www.pressenza.com\/fr\/2022\/05\/1er-mai-2022-on-ne-dit-pas-de-tendre-lautre-joue-a-des-gens-qui-nont-eu-que-des-gifles-pendant-plus-de-2000-ans\/\"]}]},{\"@type\":\"ImageObject\",\"inLanguage\":\"fr-FR\",\"@id\":\"https:\/\/www.pressenza.com\/fr\/2022\/05\/1er-mai-2022-on-ne-dit-pas-de-tendre-lautre-joue-a-des-gens-qui-nont-eu-que-des-gifles-pendant-plus-de-2000-ans\/#primaryimage\",\"url\":\"https:\/\/www.pressenza.com\/wp-content\/uploads\/2022\/05\/1er-Mai-BXL-2022-1.jpg\",\"contentUrl\":\"https:\/\/www.pressenza.com\/wp-content\/uploads\/2022\/05\/1er-Mai-BXL-2022-1.jpg\",\"width\":730,\"height\":437},{\"@type\":\"BreadcrumbList\",\"@id\":\"https:\/\/www.pressenza.com\/fr\/2022\/05\/1er-mai-2022-on-ne-dit-pas-de-tendre-lautre-joue-a-des-gens-qui-nont-eu-que-des-gifles-pendant-plus-de-2000-ans\/#breadcrumb\",\"itemListElement\":[{\"@type\":\"ListItem\",\"position\":1,\"name\":\"Accueil\",\"item\":\"https:\/\/www.pressenza.com\/fr\/\"},{\"@type\":\"ListItem\",\"position\":2,\"name\":\"1er MAI 2022 : On ne dit pas de tendre l&rsquo;autre joue \u00e0 des gens qui n&rsquo;ont eu que des gifles pendant plus de 2000 ans\"}]},{\"@type\":\"WebSite\",\"@id\":\"https:\/\/www.pressenza.com\/fr\/#website\",\"url\":\"https:\/\/www.pressenza.com\/fr\/\",\"name\":\"Pressenza\",\"description\":\"International Press Agency\",\"publisher\":{\"@id\":\"https:\/\/www.pressenza.com\/fr\/#organization\"},\"potentialAction\":[{\"@type\":\"SearchAction\",\"target\":{\"@type\":\"EntryPoint\",\"urlTemplate\":\"https:\/\/www.pressenza.com\/fr\/?s={search_term_string}\"},\"query-input\":{\"@type\":\"PropertyValueSpecification\",\"valueRequired\":true,\"valueName\":\"search_term_string\"}}],\"inLanguage\":\"fr-FR\"},{\"@type\":\"Organization\",\"@id\":\"https:\/\/www.pressenza.com\/fr\/#organization\",\"name\":\"Pressenza\",\"url\":\"https:\/\/www.pressenza.com\/fr\/\",\"logo\":{\"@type\":\"ImageObject\",\"inLanguage\":\"fr-FR\",\"@id\":\"https:\/\/www.pressenza.com\/fr\/#\/schema\/logo\/image\/\",\"url\":\"https:\/\/www.pressenza.com\/wp-content\/uploads\/2022\/10\/pressenza_logo_200x200.jpg\",\"contentUrl\":\"https:\/\/www.pressenza.com\/wp-content\/uploads\/2022\/10\/pressenza_logo_200x200.jpg\",\"width\":200,\"height\":200,\"caption\":\"Pressenza\"},\"image\":{\"@id\":\"https:\/\/www.pressenza.com\/fr\/#\/schema\/logo\/image\/\"},\"sameAs\":[\"https:\/\/www.facebook.com\/PressenzaItalia\",\"https:\/\/x.com\/PressenzaIPA\"]},{\"@type\":\"Person\",\"@id\":\"https:\/\/www.pressenza.com\/fr\/#\/schema\/person\/5d31711dbf09eff9be24cc1833a9a85b\",\"name\":\"Parti Humaniste Belgique\",\"description\":\"Expression politique du Nouvel humanisme ou Humanisme universaliste. Avec l'\u00eatre humain comme valeur centrale, la non-violence active comme m\u00e9thode d'action, et la r\u00e8gle d'or \\\"traite les autres comme tu veux \u00eatre trait\u00e9\\\" comme principe moral.\",\"sameAs\":[\"http:\/\/www.partihumaniste.be\/\",\"https:\/\/www.facebook.com\/PartiHumanisteBelgique\/\"],\"url\":\"https:\/\/www.pressenza.com\/fr\/author\/parti-humaniste-belgique\/\"}]}<\/script>\n<!-- \/ Yoast SEO plugin. -->","yoast_head_json":{"title":"1er MAI 2022 : On ne dit pas de tendre l'autre joue \u00e0 des gens qui n'ont eu que des gifles pendant plus de 2000 ans","description":"Une Citation d'Andr\u00e9 Malraux: \u00ab On ne dit pas de tendre l'autre joue \u00e0 des gens qui n'ont eu que des gifles pendant plus de 2000 ans \u00bb illustre bien la","robots":{"index":"index","follow":"follow","max-snippet":"max-snippet:-1","max-image-preview":"max-image-preview:large","max-video-preview":"max-video-preview:-1"},"canonical":"https:\/\/www.pressenza.com\/fr\/2022\/05\/1er-mai-2022-on-ne-dit-pas-de-tendre-lautre-joue-a-des-gens-qui-nont-eu-que-des-gifles-pendant-plus-de-2000-ans\/","og_locale":"fr_FR","og_type":"article","og_title":"1er MAI 2022 : On ne dit pas de tendre l'autre joue \u00e0 des gens qui n'ont eu que des gifles pendant plus de 2000 ans","og_description":"Une Citation d'Andr\u00e9 Malraux: \u00ab On ne dit pas de tendre l'autre joue \u00e0 des gens qui n'ont eu que des gifles pendant plus de 2000 ans \u00bb illustre bien la","og_url":"https:\/\/www.pressenza.com\/fr\/2022\/05\/1er-mai-2022-on-ne-dit-pas-de-tendre-lautre-joue-a-des-gens-qui-nont-eu-que-des-gifles-pendant-plus-de-2000-ans\/","og_site_name":"Pressenza","article_publisher":"https:\/\/www.facebook.com\/PressenzaItalia","article_author":"https:\/\/www.facebook.com\/PartiHumanisteBelgique\/","article_published_time":"2022-05-02T20:30:44+00:00","og_image":[{"width":730,"height":437,"url":"https:\/\/www.pressenza.com\/wp-content\/uploads\/2022\/05\/1er-Mai-BXL-2022-1.jpg","type":"image\/jpeg"}],"author":"Parti Humaniste Belgique","twitter_card":"summary_large_image","twitter_creator":"@PressenzaIPA","twitter_site":"@PressenzaIPA","twitter_misc":{"\u00c9crit par":"Parti Humaniste Belgique","Dur\u00e9e de lecture estim\u00e9e":"3 minutes"},"schema":{"@context":"https:\/\/schema.org","@graph":[{"@type":"Article","@id":"https:\/\/www.pressenza.com\/fr\/2022\/05\/1er-mai-2022-on-ne-dit-pas-de-tendre-lautre-joue-a-des-gens-qui-nont-eu-que-des-gifles-pendant-plus-de-2000-ans\/#article","isPartOf":{"@id":"https:\/\/www.pressenza.com\/fr\/2022\/05\/1er-mai-2022-on-ne-dit-pas-de-tendre-lautre-joue-a-des-gens-qui-nont-eu-que-des-gifles-pendant-plus-de-2000-ans\/"},"author":{"name":"Parti Humaniste Belgique","@id":"https:\/\/www.pressenza.com\/fr\/#\/schema\/person\/5d31711dbf09eff9be24cc1833a9a85b"},"headline":"1er MAI 2022 : On ne dit pas de tendre l&rsquo;autre joue \u00e0 des gens qui n&rsquo;ont eu que des gifles pendant plus de 2000 ans","datePublished":"2022-05-02T20:30:44+00:00","mainEntityOfPage":{"@id":"https:\/\/www.pressenza.com\/fr\/2022\/05\/1er-mai-2022-on-ne-dit-pas-de-tendre-lautre-joue-a-des-gens-qui-nont-eu-que-des-gifles-pendant-plus-de-2000-ans\/"},"wordCount":539,"publisher":{"@id":"https:\/\/www.pressenza.com\/fr\/#organization"},"image":{"@id":"https:\/\/www.pressenza.com\/fr\/2022\/05\/1er-mai-2022-on-ne-dit-pas-de-tendre-lautre-joue-a-des-gens-qui-nont-eu-que-des-gifles-pendant-plus-de-2000-ans\/#primaryimage"},"thumbnailUrl":"https:\/\/www.pressenza.com\/wp-content\/uploads\/2022\/05\/1er-Mai-BXL-2022-1.jpg","keywords":["1er mai","Bruxelles","manifestation","Politique","travailleurs"],"articleSection":["International","Politique"],"inLanguage":"fr-FR"},{"@type":"WebPage","@id":"https:\/\/www.pressenza.com\/fr\/2022\/05\/1er-mai-2022-on-ne-dit-pas-de-tendre-lautre-joue-a-des-gens-qui-nont-eu-que-des-gifles-pendant-plus-de-2000-ans\/","url":"https:\/\/www.pressenza.com\/fr\/2022\/05\/1er-mai-2022-on-ne-dit-pas-de-tendre-lautre-joue-a-des-gens-qui-nont-eu-que-des-gifles-pendant-plus-de-2000-ans\/","name":"1er MAI 2022 : On ne dit pas de tendre l'autre joue \u00e0 des gens qui n'ont eu que des gifles pendant plus de 2000 ans","isPartOf":{"@id":"https:\/\/www.pressenza.com\/fr\/#website"},"primaryImageOfPage":{"@id":"https:\/\/www.pressenza.com\/fr\/2022\/05\/1er-mai-2022-on-ne-dit-pas-de-tendre-lautre-joue-a-des-gens-qui-nont-eu-que-des-gifles-pendant-plus-de-2000-ans\/#primaryimage"},"image":{"@id":"https:\/\/www.pressenza.com\/fr\/2022\/05\/1er-mai-2022-on-ne-dit-pas-de-tendre-lautre-joue-a-des-gens-qui-nont-eu-que-des-gifles-pendant-plus-de-2000-ans\/#primaryimage"},"thumbnailUrl":"https:\/\/www.pressenza.com\/wp-content\/uploads\/2022\/05\/1er-Mai-BXL-2022-1.jpg","datePublished":"2022-05-02T20:30:44+00:00","description":"Une Citation d'Andr\u00e9 Malraux: \u00ab On ne dit pas de tendre l'autre joue \u00e0 des gens qui n'ont eu que des gifles pendant plus de 2000 ans \u00bb illustre bien la","breadcrumb":{"@id":"https:\/\/www.pressenza.com\/fr\/2022\/05\/1er-mai-2022-on-ne-dit-pas-de-tendre-lautre-joue-a-des-gens-qui-nont-eu-que-des-gifles-pendant-plus-de-2000-ans\/#breadcrumb"},"inLanguage":"fr-FR","potentialAction":[{"@type":"ReadAction","target":["https:\/\/www.pressenza.com\/fr\/2022\/05\/1er-mai-2022-on-ne-dit-pas-de-tendre-lautre-joue-a-des-gens-qui-nont-eu-que-des-gifles-pendant-plus-de-2000-ans\/"]}]},{"@type":"ImageObject","inLanguage":"fr-FR","@id":"https:\/\/www.pressenza.com\/fr\/2022\/05\/1er-mai-2022-on-ne-dit-pas-de-tendre-lautre-joue-a-des-gens-qui-nont-eu-que-des-gifles-pendant-plus-de-2000-ans\/#primaryimage","url":"https:\/\/www.pressenza.com\/wp-content\/uploads\/2022\/05\/1er-Mai-BXL-2022-1.jpg","contentUrl":"https:\/\/www.pressenza.com\/wp-content\/uploads\/2022\/05\/1er-Mai-BXL-2022-1.jpg","width":730,"height":437},{"@type":"BreadcrumbList","@id":"https:\/\/www.pressenza.com\/fr\/2022\/05\/1er-mai-2022-on-ne-dit-pas-de-tendre-lautre-joue-a-des-gens-qui-nont-eu-que-des-gifles-pendant-plus-de-2000-ans\/#breadcrumb","itemListElement":[{"@type":"ListItem","position":1,"name":"Accueil","item":"https:\/\/www.pressenza.com\/fr\/"},{"@type":"ListItem","position":2,"name":"1er MAI 2022 : On ne dit pas de tendre l&rsquo;autre joue \u00e0 des gens qui n&rsquo;ont eu que des gifles pendant plus de 2000 ans"}]},{"@type":"WebSite","@id":"https:\/\/www.pressenza.com\/fr\/#website","url":"https:\/\/www.pressenza.com\/fr\/","name":"Pressenza","description":"International Press Agency","publisher":{"@id":"https:\/\/www.pressenza.com\/fr\/#organization"},"potentialAction":[{"@type":"SearchAction","target":{"@type":"EntryPoint","urlTemplate":"https:\/\/www.pressenza.com\/fr\/?s={search_term_string}"},"query-input":{"@type":"PropertyValueSpecification","valueRequired":true,"valueName":"search_term_string"}}],"inLanguage":"fr-FR"},{"@type":"Organization","@id":"https:\/\/www.pressenza.com\/fr\/#organization","name":"Pressenza","url":"https:\/\/www.pressenza.com\/fr\/","logo":{"@type":"ImageObject","inLanguage":"fr-FR","@id":"https:\/\/www.pressenza.com\/fr\/#\/schema\/logo\/image\/","url":"https:\/\/www.pressenza.com\/wp-content\/uploads\/2022\/10\/pressenza_logo_200x200.jpg","contentUrl":"https:\/\/www.pressenza.com\/wp-content\/uploads\/2022\/10\/pressenza_logo_200x200.jpg","width":200,"height":200,"caption":"Pressenza"},"image":{"@id":"https:\/\/www.pressenza.com\/fr\/#\/schema\/logo\/image\/"},"sameAs":["https:\/\/www.facebook.com\/PressenzaItalia","https:\/\/x.com\/PressenzaIPA"]},{"@type":"Person","@id":"https:\/\/www.pressenza.com\/fr\/#\/schema\/person\/5d31711dbf09eff9be24cc1833a9a85b","name":"Parti Humaniste Belgique","description":"Expression politique du Nouvel humanisme ou Humanisme universaliste. Avec l'\u00eatre humain comme valeur centrale, la non-violence active comme m\u00e9thode d'action, et la r\u00e8gle d'or \"traite les autres comme tu veux \u00eatre trait\u00e9\" comme principe moral.","sameAs":["http:\/\/www.partihumaniste.be\/","https:\/\/www.facebook.com\/PartiHumanisteBelgique\/"],"url":"https:\/\/www.pressenza.com\/fr\/author\/parti-humaniste-belgique\/"}]}},"place":"","original_article_url":"","_links":{"self":[{"href":"https:\/\/www.pressenza.com\/fr\/wp-json\/wp\/v2\/posts\/1576523","targetHints":{"allow":["GET"]}}],"collection":[{"href":"https:\/\/www.pressenza.com\/fr\/wp-json\/wp\/v2\/posts"}],"about":[{"href":"https:\/\/www.pressenza.com\/fr\/wp-json\/wp\/v2\/types\/post"}],"author":[{"embeddable":true,"href":"https:\/\/www.pressenza.com\/fr\/wp-json\/wp\/v2\/users\/1443"}],"replies":[{"embeddable":true,"href":"https:\/\/www.pressenza.com\/fr\/wp-json\/wp\/v2\/comments?post=1576523"}],"version-history":[{"count":0,"href":"https:\/\/www.pressenza.com\/fr\/wp-json\/wp\/v2\/posts\/1576523\/revisions"}],"wp:featuredmedia":[{"embeddable":true,"href":"https:\/\/www.pressenza.com\/fr\/wp-json\/wp\/v2\/media\/1576554"}],"wp:attachment":[{"href":"https:\/\/www.pressenza.com\/fr\/wp-json\/wp\/v2\/media?parent=1576523"}],"wp:term":[{"taxonomy":"category","embeddable":true,"href":"https:\/\/www.pressenza.com\/fr\/wp-json\/wp\/v2\/categories?post=1576523"},{"taxonomy":"post_tag","embeddable":true,"href":"https:\/\/www.pressenza.com\/fr\/wp-json\/wp\/v2\/tags?post=1576523"}],"curies":[{"name":"wp","href":"https:\/\/api.w.org\/{rel}","templated":true}]}}