{"id":1562775,"date":"2022-04-11T14:53:13","date_gmt":"2022-04-11T13:53:13","guid":{"rendered":"https:\/\/www.pressenza.com\/?p=1562775"},"modified":"2022-04-21T08:51:27","modified_gmt":"2022-04-21T07:51:27","slug":"france-premier-tour-de-lelection-presidentielle-abstention-repetition-et-melenchon","status":"publish","type":"post","link":"https:\/\/www.pressenza.com\/fr\/2022\/04\/france-premier-tour-de-lelection-presidentielle-abstention-repetition-et-melenchon\/","title":{"rendered":"France, premier tour de l&rsquo;\u00e9lection pr\u00e9sidentielle : abstention, r\u00e9p\u00e9tition et M\u00e9lenchon !"},"content":{"rendered":"<blockquote><p>Abstention, r\u00e9p\u00e9tition et M\u00e9lenchon : ces trois mots \u00e0 eux seuls synth\u00e9tisent le <a href=\"https:\/\/www.resultats-elections.interieur.gouv.fr\/presidentielle-2022\/FE.html\">r\u00e9sultat du premier tour<\/a> des \u00e9lections pr\u00e9sidentielles en France. En effet, <strong>E. Macron Pr\u00e9sident sortant et candidat de l&rsquo;ultra lib\u00e9ralisme<\/strong> obtient <strong>27,84 %<\/strong> des voix, <strong>M. Le Pen du RN (Rassemblement National) candidate de l\u2019extr\u00eame droite<\/strong> avec <strong>23,15 %<\/strong> se qualifie pour le second tour. <strong>Jean-Luc M\u00e9lenchon le candidat de la FI (France Insoumise) pour l&rsquo;Union Populaire<\/strong> obtient <strong>21,95 %<\/strong> des voix. L&rsquo;<strong><a href=\"https:\/\/fr.statista.com\/statistiques\/1292270\/taux-abstentione-elections-presidentielles-france\/\">abstention<\/a> <\/strong>a atteint un record pour une \u00e9lection pr\u00e9sidentielle : <strong>26,3 %<\/strong> des \u00e9lecteurs ne sont pas all\u00e9s voter, soit plus d&rsquo;1 sur 4, principalement chez les jeunes de 18 \u00e0 35 ans. Par ailleurs, selon un <a href=\"https:\/\/www.francetvinfo.fr\/elections\/presidentielle\/presidentielle-2022-les-plus-jeunes-ont-vote-jean-luc-melenchon-les-plus-vieux-emmanuel-macron_5075344.html\">sondage<\/a>, 31 % des 18-24 ans et 34% des 25-34 ans ont vot\u00e9 pour le candidat de l&rsquo;Union Populaire, loin devant Macron et Le Pen. Le futur se construira avec eux. La jeunesse a soif de vie, de justice et de fraternit\u00e9 ; ce commun qui se dessine se concr\u00e9tisera d&rsquo;une fa\u00e7on ou d&rsquo;une autre.<\/p><\/blockquote>\n<p>Les partis traditionnels gauche-droite s\u2019effondrent et disparaissent du paysage politique avec seulement 1,74 % pour la candidate du Parti Socialiste et 4,79 % pour la candidate des R\u00e9publicains. Ils ne seront pas rembours\u00e9s de leurs frais de campagne puisqu\u2019ils n\u2019ont pas atteint les 5 %. Idem pour le candidat d\u2019Europe Ecologie les Verts qui obtient 4,58 %. L\u2019extr\u00eame droite se renforce avec un score de 7,05 % pour Eric Zemmour et son parti Reconqu\u00eate (extr\u00eame droite) cr\u00e9\u00e9 fin 2021. Les \u00e9lecteurs de la droite traditionnelle eux se sont report\u00e9s en partie vers l\u2019ultra lib\u00e9ralisme de Macron et l\u2019extr\u00eame droite.<\/p>\n<p>Quant au candidat du Parti Communiste Fabien Roussel, fanfaronnant pendant toute la campagne tout en faisant l\u2019apologie du nucl\u00e9aire et en sachant qu\u2019il ne pourrait pas \u00eatre \u00e9lu, obtient 2,31 % des voix. Le Parti Communiste en 2012 ne s\u2019\u00e9tait pas pr\u00e9sent\u00e9 et par un vote interne ses adh\u00e9rents avaient choisi Jean-Luc M\u00e9lenchon comme candidat du Front de Gauche. En 2017 toujours pas de candidature du PC (parti communiste) mais un soutien en demi-teinte \u00e0 la candidature de la France Insoumise. Aujourd\u2019hui en 2022, apr\u00e8s cinq ans d\u2019ultra lib\u00e9ralisme o\u00f9 le candidat de la France Insoumise pour L\u2019union Populaire pouvait faire une diff\u00e9rence, le Parti Communiste pr\u00e9sente un candidat faisant \u00e9chouer la candidature de l\u2019Union Populaire.<\/p>\n<p>Ce dimanche 10 avril, au soir, Fabien Roussel (parti communiste) a appel\u00e9 \u00e0 voter Emmanuel Macron le candidat de l\u2019ultra lib\u00e9ralisme (pr\u00e9sident sortant) pour faire barrage \u00e0 l\u2019extr\u00eame droite. Mais pour faire barrage \u00e0 l\u2019extr\u00eame droite et \u00e0 l\u2019ultra lib\u00e9ralisme il aurait fallu ne pas se pr\u00e9senter et faire cause commune avec l\u2019union populaire. En premier, vous en portez la responsabilit\u00e9. L\u2019\u00e9cart entre Marine Le Pen (extr\u00eame droite) et Jean-Luc M\u00e9lenchon est tr\u00e8s faible. Si ce n\u2019est pas trahir le peuple, \u00e7a y ressemble beaucoup ! M\u00eame constat pour le parti socialiste qui n\u2019est plus de gauche depuis fort longtemps et les \u00e9cologistes incapables d\u2019avoir une r\u00e9elle politique sociale : tous ont appel\u00e9 \u00e0 voter Macron pour faire barrage \u00e0 l\u2019extr\u00eame droite.<\/p>\n<p>Tous portent la responsabilit\u00e9 de ce deuxi\u00e8me tour qui n\u2019est qu\u2019une r\u00e9p\u00e9tition de 2017 et de l\u2019abstention. Comment croire \u00e0 tous ces responsables politiques\u00a0uniquement int\u00e9ress\u00e9s par leur \u00e9go passant leur temps \u00e0 tricher et mentir. Une France tripartite se r\u00e9veille ce matin : l\u2019ultra lib\u00e9ralisme, l\u2019extr\u00eame droite et l\u2019Union Populaire.<\/p>\n<p>Quelque chose de commun est n\u00e9 de tout cela, les partis traditionnels ont \u00e9t\u00e9 d\u00e9savou\u00e9s et c\u2019est la chute. Les gens cherchent de l\u2019espoir, une construction pour le futur et une justice sociale. Des \u00e9lecteurs du parti communiste, du parti \u00e9cologique, du parti socialiste et d\u2019autres ont report\u00e9 leurs voix sur la candidature de l\u2019Union Populaire (Jean-Luc M\u00e9lenchon). Ceux qui r\u00e9sistent, ceux qui souffrent, tous ceux qui veulent un changement de soci\u00e9t\u00e9 ont choisi en se lib\u00e9rant des consignes de vote des chefs des partis, lui permettant un score plus important que celui de 2012 et 2017.<\/p>\n<p>Nous ne nous laissons plus berner. Le deuxi\u00e8me tour se d\u00e9roulera le dimanche 24 avril, rien ne dit que les \u00e9lecteurs vont encore se faire avoir avec la peur de l\u2019extr\u00eame droite, \u00e7a marche de moins en moins. Tous les politiques ont construit cette situation, ils ont jou\u00e9 avec le feu et une mise en sc\u00e8ne qui dure depuis plus de trente ans. Peut-\u00eatre vont-ils s\u2019embraser ? Quoiqu\u2019il arrive au deuxi\u00e8me tour, les abstentionnistes ne seront ni responsables, ni coupables. Ni Macron, ni Le Pen, des voix s\u2019\u00e9l\u00e8vent.<\/p>\n","protected":false},"excerpt":{"rendered":"<p>Abstention, r\u00e9p\u00e9tition et M\u00e9lenchon : ces trois mots \u00e0 eux seuls synth\u00e9tisent le r\u00e9sultat du premier tour des \u00e9lections pr\u00e9sidentielles en France. En effet, E. Macron Pr\u00e9sident sortant et candidat de l&rsquo;ultra lib\u00e9ralisme obtient 27,84 % des voix, M. Le&hellip;<\/p>\n","protected":false},"author":1208,"featured_media":1562987,"comment_status":"closed","ping_status":"closed","sticky":false,"template":"","format":"standard","meta":{"footnotes":""},"categories":[11386,85,93],"tags":[6564,1034,101013],"class_list":["post-1562775","post","type-post","status-publish","format-standard","has-post-thumbnail","hentry","category-contenu-original","category-europe-fr","category-politique","tag-elections-presidentielles","tag-france-fr","tag-premier-tour"],"yoast_head":"<!-- This site is optimized with the Yoast SEO plugin v27.1.1 - https:\/\/yoast.com\/product\/yoast-seo-wordpress\/ -->\n<title>France, premier tour de l&#039;\u00e9lection pr\u00e9sidentielle : abstention, r\u00e9p\u00e9tition et M\u00e9lenchon !<\/title>\n<meta name=\"description\" content=\"Abstention, r\u00e9p\u00e9tition et M\u00e9lenchon : ces trois mots \u00e0 eux seuls synth\u00e9tisent le r\u00e9sultat du premier tour des \u00e9lections pr\u00e9sidentielles en France. En\" \/>\n<meta name=\"robots\" content=\"index, follow, max-snippet:-1, max-image-preview:large, max-video-preview:-1\" \/>\n<link rel=\"canonical\" href=\"https:\/\/www.pressenza.com\/fr\/2022\/04\/france-premier-tour-de-lelection-presidentielle-abstention-repetition-et-melenchon\/\" \/>\n<meta property=\"og:locale\" content=\"fr_FR\" \/>\n<meta property=\"og:type\" content=\"article\" \/>\n<meta property=\"og:title\" content=\"France, premier tour de l&#039;\u00e9lection pr\u00e9sidentielle : abstention, r\u00e9p\u00e9tition et M\u00e9lenchon !\" \/>\n<meta property=\"og:description\" content=\"Abstention, r\u00e9p\u00e9tition et M\u00e9lenchon : ces trois mots \u00e0 eux seuls synth\u00e9tisent le r\u00e9sultat du premier tour des \u00e9lections pr\u00e9sidentielles en France. En\" \/>\n<meta property=\"og:url\" content=\"https:\/\/www.pressenza.com\/fr\/2022\/04\/france-premier-tour-de-lelection-presidentielle-abstention-repetition-et-melenchon\/\" \/>\n<meta property=\"og:site_name\" content=\"Pressenza\" \/>\n<meta property=\"article:publisher\" content=\"https:\/\/www.facebook.com\/PressenzaItalia\" \/>\n<meta property=\"article:published_time\" content=\"2022-04-11T13:53:13+00:00\" \/>\n<meta property=\"article:modified_time\" content=\"2022-04-21T07:51:27+00:00\" \/>\n<meta property=\"og:image\" content=\"https:\/\/www.pressenza.com\/wp-content\/uploads\/2022\/04\/people-geralt-pixabay.jpg\" \/>\n\t<meta property=\"og:image:width\" content=\"820\" \/>\n\t<meta property=\"og:image:height\" content=\"460\" \/>\n\t<meta property=\"og:image:type\" content=\"image\/jpeg\" \/>\n<meta name=\"author\" content=\"Gabrielle Negrel\" \/>\n<meta name=\"twitter:card\" content=\"summary_large_image\" \/>\n<meta name=\"twitter:creator\" content=\"@PressenzaIPA\" \/>\n<meta name=\"twitter:site\" content=\"@PressenzaIPA\" \/>\n<meta name=\"twitter:label1\" content=\"\u00c9crit par\" \/>\n\t<meta name=\"twitter:data1\" content=\"Gabrielle Negrel\" \/>\n\t<meta name=\"twitter:label2\" content=\"Dur\u00e9e de lecture estim\u00e9e\" \/>\n\t<meta name=\"twitter:data2\" content=\"4 minutes\" \/>\n<script type=\"application\/ld+json\" class=\"yoast-schema-graph\">{\"@context\":\"https:\/\/schema.org\",\"@graph\":[{\"@type\":\"Article\",\"@id\":\"https:\/\/www.pressenza.com\/fr\/2022\/04\/france-premier-tour-de-lelection-presidentielle-abstention-repetition-et-melenchon\/#article\",\"isPartOf\":{\"@id\":\"https:\/\/www.pressenza.com\/fr\/2022\/04\/france-premier-tour-de-lelection-presidentielle-abstention-repetition-et-melenchon\/\"},\"author\":{\"name\":\"Gabrielle Negrel\",\"@id\":\"https:\/\/www.pressenza.com\/fr\/#\/schema\/person\/42a4129444c0e03559f6c139cf72f8cf\"},\"headline\":\"France, premier tour de l&rsquo;\u00e9lection pr\u00e9sidentielle : abstention, r\u00e9p\u00e9tition et M\u00e9lenchon !\",\"datePublished\":\"2022-04-11T13:53:13+00:00\",\"dateModified\":\"2022-04-21T07:51:27+00:00\",\"mainEntityOfPage\":{\"@id\":\"https:\/\/www.pressenza.com\/fr\/2022\/04\/france-premier-tour-de-lelection-presidentielle-abstention-repetition-et-melenchon\/\"},\"wordCount\":810,\"publisher\":{\"@id\":\"https:\/\/www.pressenza.com\/fr\/#organization\"},\"image\":{\"@id\":\"https:\/\/www.pressenza.com\/fr\/2022\/04\/france-premier-tour-de-lelection-presidentielle-abstention-repetition-et-melenchon\/#primaryimage\"},\"thumbnailUrl\":\"https:\/\/www.pressenza.com\/wp-content\/uploads\/2022\/04\/people-geralt-pixabay.jpg\",\"keywords\":[\"\u00e9lections pr\u00e9sidentielles\",\"France\",\"premier tour\"],\"articleSection\":[\"Contenu Original\",\"Europe\",\"Politique\"],\"inLanguage\":\"fr-FR\"},{\"@type\":\"WebPage\",\"@id\":\"https:\/\/www.pressenza.com\/fr\/2022\/04\/france-premier-tour-de-lelection-presidentielle-abstention-repetition-et-melenchon\/\",\"url\":\"https:\/\/www.pressenza.com\/fr\/2022\/04\/france-premier-tour-de-lelection-presidentielle-abstention-repetition-et-melenchon\/\",\"name\":\"France, premier tour de l'\u00e9lection pr\u00e9sidentielle : abstention, r\u00e9p\u00e9tition et M\u00e9lenchon !\",\"isPartOf\":{\"@id\":\"https:\/\/www.pressenza.com\/fr\/#website\"},\"primaryImageOfPage\":{\"@id\":\"https:\/\/www.pressenza.com\/fr\/2022\/04\/france-premier-tour-de-lelection-presidentielle-abstention-repetition-et-melenchon\/#primaryimage\"},\"image\":{\"@id\":\"https:\/\/www.pressenza.com\/fr\/2022\/04\/france-premier-tour-de-lelection-presidentielle-abstention-repetition-et-melenchon\/#primaryimage\"},\"thumbnailUrl\":\"https:\/\/www.pressenza.com\/wp-content\/uploads\/2022\/04\/people-geralt-pixabay.jpg\",\"datePublished\":\"2022-04-11T13:53:13+00:00\",\"dateModified\":\"2022-04-21T07:51:27+00:00\",\"description\":\"Abstention, r\u00e9p\u00e9tition et M\u00e9lenchon : ces trois mots \u00e0 eux seuls synth\u00e9tisent le r\u00e9sultat du premier tour des \u00e9lections pr\u00e9sidentielles en France. En\",\"breadcrumb\":{\"@id\":\"https:\/\/www.pressenza.com\/fr\/2022\/04\/france-premier-tour-de-lelection-presidentielle-abstention-repetition-et-melenchon\/#breadcrumb\"},\"inLanguage\":\"fr-FR\",\"potentialAction\":[{\"@type\":\"ReadAction\",\"target\":[\"https:\/\/www.pressenza.com\/fr\/2022\/04\/france-premier-tour-de-lelection-presidentielle-abstention-repetition-et-melenchon\/\"]}]},{\"@type\":\"ImageObject\",\"inLanguage\":\"fr-FR\",\"@id\":\"https:\/\/www.pressenza.com\/fr\/2022\/04\/france-premier-tour-de-lelection-presidentielle-abstention-repetition-et-melenchon\/#primaryimage\",\"url\":\"https:\/\/www.pressenza.com\/wp-content\/uploads\/2022\/04\/people-geralt-pixabay.jpg\",\"contentUrl\":\"https:\/\/www.pressenza.com\/wp-content\/uploads\/2022\/04\/people-geralt-pixabay.jpg\",\"width\":820,\"height\":460,\"caption\":\"France, premier tour de l\u2019\u00e9lection pr\u00e9sidentielle : abstention, r\u00e9p\u00e9tition et M\u00e9lenchon !\"},{\"@type\":\"BreadcrumbList\",\"@id\":\"https:\/\/www.pressenza.com\/fr\/2022\/04\/france-premier-tour-de-lelection-presidentielle-abstention-repetition-et-melenchon\/#breadcrumb\",\"itemListElement\":[{\"@type\":\"ListItem\",\"position\":1,\"name\":\"Accueil\",\"item\":\"https:\/\/www.pressenza.com\/fr\/\"},{\"@type\":\"ListItem\",\"position\":2,\"name\":\"France, premier tour de l&rsquo;\u00e9lection pr\u00e9sidentielle : abstention, r\u00e9p\u00e9tition et M\u00e9lenchon !\"}]},{\"@type\":\"WebSite\",\"@id\":\"https:\/\/www.pressenza.com\/fr\/#website\",\"url\":\"https:\/\/www.pressenza.com\/fr\/\",\"name\":\"Pressenza\",\"description\":\"International Press Agency\",\"publisher\":{\"@id\":\"https:\/\/www.pressenza.com\/fr\/#organization\"},\"potentialAction\":[{\"@type\":\"SearchAction\",\"target\":{\"@type\":\"EntryPoint\",\"urlTemplate\":\"https:\/\/www.pressenza.com\/fr\/?s={search_term_string}\"},\"query-input\":{\"@type\":\"PropertyValueSpecification\",\"valueRequired\":true,\"valueName\":\"search_term_string\"}}],\"inLanguage\":\"fr-FR\"},{\"@type\":\"Organization\",\"@id\":\"https:\/\/www.pressenza.com\/fr\/#organization\",\"name\":\"Pressenza\",\"url\":\"https:\/\/www.pressenza.com\/fr\/\",\"logo\":{\"@type\":\"ImageObject\",\"inLanguage\":\"fr-FR\",\"@id\":\"https:\/\/www.pressenza.com\/fr\/#\/schema\/logo\/image\/\",\"url\":\"https:\/\/www.pressenza.com\/wp-content\/uploads\/2022\/10\/pressenza_logo_200x200.jpg\",\"contentUrl\":\"https:\/\/www.pressenza.com\/wp-content\/uploads\/2022\/10\/pressenza_logo_200x200.jpg\",\"width\":200,\"height\":200,\"caption\":\"Pressenza\"},\"image\":{\"@id\":\"https:\/\/www.pressenza.com\/fr\/#\/schema\/logo\/image\/\"},\"sameAs\":[\"https:\/\/www.facebook.com\/PressenzaItalia\",\"https:\/\/x.com\/PressenzaIPA\"]},{\"@type\":\"Person\",\"@id\":\"https:\/\/www.pressenza.com\/fr\/#\/schema\/person\/42a4129444c0e03559f6c139cf72f8cf\",\"name\":\"Gabrielle Negrel\",\"description\":\"Activist for nonviolence and human rights, Gabrielle Negrel is a trained assistant nurse and was trade union activist before writing for Pressenza.\",\"url\":\"https:\/\/www.pressenza.com\/fr\/author\/gabrielle-negrel\/\"}]}<\/script>\n<!-- \/ Yoast SEO plugin. -->","yoast_head_json":{"title":"France, premier tour de l'\u00e9lection pr\u00e9sidentielle : abstention, r\u00e9p\u00e9tition et M\u00e9lenchon !","description":"Abstention, r\u00e9p\u00e9tition et M\u00e9lenchon : ces trois mots \u00e0 eux seuls synth\u00e9tisent le r\u00e9sultat du premier tour des \u00e9lections pr\u00e9sidentielles en France. En","robots":{"index":"index","follow":"follow","max-snippet":"max-snippet:-1","max-image-preview":"max-image-preview:large","max-video-preview":"max-video-preview:-1"},"canonical":"https:\/\/www.pressenza.com\/fr\/2022\/04\/france-premier-tour-de-lelection-presidentielle-abstention-repetition-et-melenchon\/","og_locale":"fr_FR","og_type":"article","og_title":"France, premier tour de l'\u00e9lection pr\u00e9sidentielle : abstention, r\u00e9p\u00e9tition et M\u00e9lenchon !","og_description":"Abstention, r\u00e9p\u00e9tition et M\u00e9lenchon : ces trois mots \u00e0 eux seuls synth\u00e9tisent le r\u00e9sultat du premier tour des \u00e9lections pr\u00e9sidentielles en France. En","og_url":"https:\/\/www.pressenza.com\/fr\/2022\/04\/france-premier-tour-de-lelection-presidentielle-abstention-repetition-et-melenchon\/","og_site_name":"Pressenza","article_publisher":"https:\/\/www.facebook.com\/PressenzaItalia","article_published_time":"2022-04-11T13:53:13+00:00","article_modified_time":"2022-04-21T07:51:27+00:00","og_image":[{"width":820,"height":460,"url":"https:\/\/www.pressenza.com\/wp-content\/uploads\/2022\/04\/people-geralt-pixabay.jpg","type":"image\/jpeg"}],"author":"Gabrielle Negrel","twitter_card":"summary_large_image","twitter_creator":"@PressenzaIPA","twitter_site":"@PressenzaIPA","twitter_misc":{"\u00c9crit par":"Gabrielle Negrel","Dur\u00e9e de lecture estim\u00e9e":"4 minutes"},"schema":{"@context":"https:\/\/schema.org","@graph":[{"@type":"Article","@id":"https:\/\/www.pressenza.com\/fr\/2022\/04\/france-premier-tour-de-lelection-presidentielle-abstention-repetition-et-melenchon\/#article","isPartOf":{"@id":"https:\/\/www.pressenza.com\/fr\/2022\/04\/france-premier-tour-de-lelection-presidentielle-abstention-repetition-et-melenchon\/"},"author":{"name":"Gabrielle Negrel","@id":"https:\/\/www.pressenza.com\/fr\/#\/schema\/person\/42a4129444c0e03559f6c139cf72f8cf"},"headline":"France, premier tour de l&rsquo;\u00e9lection pr\u00e9sidentielle : abstention, r\u00e9p\u00e9tition et M\u00e9lenchon !","datePublished":"2022-04-11T13:53:13+00:00","dateModified":"2022-04-21T07:51:27+00:00","mainEntityOfPage":{"@id":"https:\/\/www.pressenza.com\/fr\/2022\/04\/france-premier-tour-de-lelection-presidentielle-abstention-repetition-et-melenchon\/"},"wordCount":810,"publisher":{"@id":"https:\/\/www.pressenza.com\/fr\/#organization"},"image":{"@id":"https:\/\/www.pressenza.com\/fr\/2022\/04\/france-premier-tour-de-lelection-presidentielle-abstention-repetition-et-melenchon\/#primaryimage"},"thumbnailUrl":"https:\/\/www.pressenza.com\/wp-content\/uploads\/2022\/04\/people-geralt-pixabay.jpg","keywords":["\u00e9lections pr\u00e9sidentielles","France","premier tour"],"articleSection":["Contenu Original","Europe","Politique"],"inLanguage":"fr-FR"},{"@type":"WebPage","@id":"https:\/\/www.pressenza.com\/fr\/2022\/04\/france-premier-tour-de-lelection-presidentielle-abstention-repetition-et-melenchon\/","url":"https:\/\/www.pressenza.com\/fr\/2022\/04\/france-premier-tour-de-lelection-presidentielle-abstention-repetition-et-melenchon\/","name":"France, premier tour de l'\u00e9lection pr\u00e9sidentielle : abstention, r\u00e9p\u00e9tition et M\u00e9lenchon !","isPartOf":{"@id":"https:\/\/www.pressenza.com\/fr\/#website"},"primaryImageOfPage":{"@id":"https:\/\/www.pressenza.com\/fr\/2022\/04\/france-premier-tour-de-lelection-presidentielle-abstention-repetition-et-melenchon\/#primaryimage"},"image":{"@id":"https:\/\/www.pressenza.com\/fr\/2022\/04\/france-premier-tour-de-lelection-presidentielle-abstention-repetition-et-melenchon\/#primaryimage"},"thumbnailUrl":"https:\/\/www.pressenza.com\/wp-content\/uploads\/2022\/04\/people-geralt-pixabay.jpg","datePublished":"2022-04-11T13:53:13+00:00","dateModified":"2022-04-21T07:51:27+00:00","description":"Abstention, r\u00e9p\u00e9tition et M\u00e9lenchon : ces trois mots \u00e0 eux seuls synth\u00e9tisent le r\u00e9sultat du premier tour des \u00e9lections pr\u00e9sidentielles en France. En","breadcrumb":{"@id":"https:\/\/www.pressenza.com\/fr\/2022\/04\/france-premier-tour-de-lelection-presidentielle-abstention-repetition-et-melenchon\/#breadcrumb"},"inLanguage":"fr-FR","potentialAction":[{"@type":"ReadAction","target":["https:\/\/www.pressenza.com\/fr\/2022\/04\/france-premier-tour-de-lelection-presidentielle-abstention-repetition-et-melenchon\/"]}]},{"@type":"ImageObject","inLanguage":"fr-FR","@id":"https:\/\/www.pressenza.com\/fr\/2022\/04\/france-premier-tour-de-lelection-presidentielle-abstention-repetition-et-melenchon\/#primaryimage","url":"https:\/\/www.pressenza.com\/wp-content\/uploads\/2022\/04\/people-geralt-pixabay.jpg","contentUrl":"https:\/\/www.pressenza.com\/wp-content\/uploads\/2022\/04\/people-geralt-pixabay.jpg","width":820,"height":460,"caption":"France, premier tour de l\u2019\u00e9lection pr\u00e9sidentielle : abstention, r\u00e9p\u00e9tition et M\u00e9lenchon !"},{"@type":"BreadcrumbList","@id":"https:\/\/www.pressenza.com\/fr\/2022\/04\/france-premier-tour-de-lelection-presidentielle-abstention-repetition-et-melenchon\/#breadcrumb","itemListElement":[{"@type":"ListItem","position":1,"name":"Accueil","item":"https:\/\/www.pressenza.com\/fr\/"},{"@type":"ListItem","position":2,"name":"France, premier tour de l&rsquo;\u00e9lection pr\u00e9sidentielle : abstention, r\u00e9p\u00e9tition et M\u00e9lenchon !"}]},{"@type":"WebSite","@id":"https:\/\/www.pressenza.com\/fr\/#website","url":"https:\/\/www.pressenza.com\/fr\/","name":"Pressenza","description":"International Press Agency","publisher":{"@id":"https:\/\/www.pressenza.com\/fr\/#organization"},"potentialAction":[{"@type":"SearchAction","target":{"@type":"EntryPoint","urlTemplate":"https:\/\/www.pressenza.com\/fr\/?s={search_term_string}"},"query-input":{"@type":"PropertyValueSpecification","valueRequired":true,"valueName":"search_term_string"}}],"inLanguage":"fr-FR"},{"@type":"Organization","@id":"https:\/\/www.pressenza.com\/fr\/#organization","name":"Pressenza","url":"https:\/\/www.pressenza.com\/fr\/","logo":{"@type":"ImageObject","inLanguage":"fr-FR","@id":"https:\/\/www.pressenza.com\/fr\/#\/schema\/logo\/image\/","url":"https:\/\/www.pressenza.com\/wp-content\/uploads\/2022\/10\/pressenza_logo_200x200.jpg","contentUrl":"https:\/\/www.pressenza.com\/wp-content\/uploads\/2022\/10\/pressenza_logo_200x200.jpg","width":200,"height":200,"caption":"Pressenza"},"image":{"@id":"https:\/\/www.pressenza.com\/fr\/#\/schema\/logo\/image\/"},"sameAs":["https:\/\/www.facebook.com\/PressenzaItalia","https:\/\/x.com\/PressenzaIPA"]},{"@type":"Person","@id":"https:\/\/www.pressenza.com\/fr\/#\/schema\/person\/42a4129444c0e03559f6c139cf72f8cf","name":"Gabrielle Negrel","description":"Activist for nonviolence and human rights, Gabrielle Negrel is a trained assistant nurse and was trade union activist before writing for Pressenza.","url":"https:\/\/www.pressenza.com\/fr\/author\/gabrielle-negrel\/"}]}},"place":"France","original_article_url":"","_links":{"self":[{"href":"https:\/\/www.pressenza.com\/fr\/wp-json\/wp\/v2\/posts\/1562775","targetHints":{"allow":["GET"]}}],"collection":[{"href":"https:\/\/www.pressenza.com\/fr\/wp-json\/wp\/v2\/posts"}],"about":[{"href":"https:\/\/www.pressenza.com\/fr\/wp-json\/wp\/v2\/types\/post"}],"author":[{"embeddable":true,"href":"https:\/\/www.pressenza.com\/fr\/wp-json\/wp\/v2\/users\/1208"}],"replies":[{"embeddable":true,"href":"https:\/\/www.pressenza.com\/fr\/wp-json\/wp\/v2\/comments?post=1562775"}],"version-history":[{"count":0,"href":"https:\/\/www.pressenza.com\/fr\/wp-json\/wp\/v2\/posts\/1562775\/revisions"}],"wp:featuredmedia":[{"embeddable":true,"href":"https:\/\/www.pressenza.com\/fr\/wp-json\/wp\/v2\/media\/1562987"}],"wp:attachment":[{"href":"https:\/\/www.pressenza.com\/fr\/wp-json\/wp\/v2\/media?parent=1562775"}],"wp:term":[{"taxonomy":"category","embeddable":true,"href":"https:\/\/www.pressenza.com\/fr\/wp-json\/wp\/v2\/categories?post=1562775"},{"taxonomy":"post_tag","embeddable":true,"href":"https:\/\/www.pressenza.com\/fr\/wp-json\/wp\/v2\/tags?post=1562775"}],"curies":[{"name":"wp","href":"https:\/\/api.w.org\/{rel}","templated":true}]}}