{"id":1556849,"date":"2022-04-03T00:09:39","date_gmt":"2022-04-02T23:09:39","guid":{"rendered":"https:\/\/www.pressenza.com\/?p=1556849"},"modified":"2022-04-03T00:09:39","modified_gmt":"2022-04-02T23:09:39","slug":"atteinte-a-la-liberte-dexpression","status":"publish","type":"post","link":"https:\/\/www.pressenza.com\/fr\/2022\/04\/atteinte-a-la-liberte-dexpression\/","title":{"rendered":"Atteinte \u00e0 la libert\u00e9 d&rsquo;expression"},"content":{"rendered":"<p class=\"\" data-testid=\"c0DGDMvjSguP6\"><b>Le 1er f\u00e9vrier 2022, Youtube a d\u00e9cid\u00e9 de supprimer le documentaire <\/b><i><b>L&rsquo;aluminium, les vaccins et les 2 lapins&#8230;<\/b><\/i><b>, r\u00e9alis\u00e9 par Marie-Ange Poyet en 2016 (et en ligne depuis 2018, totalisant plus de 60 000 vues). Le pr\u00e9texte ? \u00ab Informations m\u00e9dicales incorrectes \u00bb.<\/b><\/p>\n<p class=\"\" data-testid=\"c0DGDMvjSguP6\">En 2021, l&rsquo;Universit\u00e9 de Keele a \u00ab coup\u00e9 les vivres \u00bb\u00a0au Pr Christopher Exley, grand sp\u00e9cialiste mondial de la toxicit\u00e9 de l&rsquo;aluminium ing\u00e9r\u00e9, inject\u00e9, inspir\u00e9 ou transmis par voie cutan\u00e9e, sous le pr\u00e9texte stupide qu\u2019il serait \u00ab antivax \u00bb. L&rsquo;\u00e9quipe du Pr Exley est dissoute, lui-m\u00eame est parti \u00e0 la retraite\u00a0(voir\u00a0<a class=\"\" href=\"http:\/\/3pj7.mj.am\/lnk\/AM4AAMTQNiYAActsk6wAAG7IAVgAAP_9G4kAAAAmAAPT6ABiQqLRt-cyB2mlQjm1-qn3L6rYVAADqPA\/1\/vH4QcIsKVZXt5Fmk4Z3rEQ\/aHR0cHM6Ly93d3cudmFjY2luc3NhbnNhbHVtaW5pdW0ub3JnL2F1dG9wc2llLWFzc2Fzc2luYXQtc2NpZW50aWZpcXVlLWV4bGV5LWFsdW1pbml1bS8\" target=\"_blank\" rel=\"noopener noreferrer\"><u>ici<\/u><\/a>\u00a0et <a class=\"\" href=\"http:\/\/3pj7.mj.am\/lnk\/AM4AAMTQNiYAActsk6wAAG7IAVgAAP_9G4kAAAAmAAPT6ABiQqLRt-cyB2mlQjm1-qn3L6rYVAADqPA\/2\/x27aPDvq8luyn3Snp6u7eA\/aHR0cHM6Ly93d3cudmFjY2luc3NhbnNhbHVtaW5pdW0ub3JnLzEwMC1jaGVyY2hldXJzLWludGVybmF0aW9uYXV4LW1vYmlsaXNlbnQtc291dGllbi1jaHJpcy1leGxleS8\" target=\"_blank\" rel=\"noopener noreferrer\"><u>l\u00e0<\/u><\/a>).<\/p>\n<p class=\"\" data-testid=\"c0DGDMvjSguP6\">Une vid\u00e9o de sa cha\u00eene Youtube a \u00e9t\u00e9 supprim\u00e9e courant janvier 2022. Il s&rsquo;agissait d&rsquo;une interview du Pr Exley r\u00e9alis\u00e9e par E3M, lors d\u2019un colloque qui s&rsquo;est tenu au S\u00e9nat en octobre 2017 sur la toxicit\u00e9 de l\u2019aluminium. Son titre : \u00ab Des doses importantes d&rsquo;aluminium retrouv\u00e9es dans des cerveaux d&rsquo;autistes \u00bb\u00a0(voir <a class=\"\" href=\"http:\/\/3pj7.mj.am\/lnk\/AM4AAMTQNiYAActsk6wAAG7IAVgAAP_9G4kAAAAmAAPT6ABiQqLRt-cyB2mlQjm1-qn3L6rYVAADqPA\/3\/PL9sU15xMJ-14QQE54J3sg\/aHR0cHM6Ly93d3cueW91dHViZS5jb20vd2F0Y2g_dj1TbWtWdjhwY1ZoYyZsaXN0PVBMUEE3clVKMDVObFpBTnR4OGZadU5TVVhlZGFCdFhoZFI\" target=\"_blank\" rel=\"noopener noreferrer\"><u>l&rsquo;interview du Pr Exley<\/u><\/a> encore disponible sur notre chaine Youtube et <a class=\"\" href=\"http:\/\/3pj7.mj.am\/lnk\/AM4AAMTQNiYAActsk6wAAG7IAVgAAP_9G4kAAAAmAAPT6ABiQqLRt-cyB2mlQjm1-qn3L6rYVAADqPA\/4\/GvFdQzkTcc3EFj7wngyxlA\/aHR0cHM6Ly93d3cueW91dHViZS5jb20vcGxheWxpc3Q_bGlzdD1QTFBBN3JVSjA1TmxiVFZsRkJCdEU0RUc2N1Y0QVZBSm5G\" target=\"_blank\" rel=\"noopener noreferrer\"><u>les\u00a0vid\u00e9os du colloque<\/u><\/a>).<\/p>\n<p class=\"\" data-testid=\"c0DGDMvjSguP6\">Deux jours apr\u00e8s la suppression de notre documentaire, Youtube a aussi supprim\u00e9 la vid\u00e9o <i>L&rsquo;alu total<\/i>\u00a0r\u00e9alis\u00e9e par Hypatie.<\/p>\n<p class=\"\" data-testid=\"c0DGDMvjSguP6\">Et le 16 f\u00e9vrier, Youtube supprimait <i>Aluminium, notre poison quotidien<\/i> de notre cha\u00eene. Un documentaire r\u00e9alis\u00e9 par Val\u00e9rie Rouvi\u00e8re pour la cha\u00eene publique France 5 en 2011.<\/p>\n<p class=\"\" data-testid=\"c0DGDMvjSguP6\"><b>Manifestement, parler des risques li\u00e9s \u00e0 la pr\u00e9sence d&rsquo;aluminium dans les vaccins d\u00e9range.<\/b><\/p>\n<p class=\"\" data-testid=\"c0DGDMvjSguP6\">Il n&rsquo;est pas question pour nous d&rsquo;accepter que la libert\u00e9 d&rsquo;expression soit ainsi brid\u00e9e, par principe. Mais aussi parce que :<\/p>\n<p class=\"\" data-testid=\"c0DGDMvjSguP6\">(1) les connaissances scientifiques les plus r\u00e9centes* confirment les d\u00e9couvertes pr\u00e9sent\u00e9es dans le documentaire,<\/p>\n<p class=\"\" data-testid=\"c0DGDMvjSguP6\">(2) l\u2019\u00c9tat commence \u00e0 financer la recherche sur l\u2019aluminium vaccinal (ANSM puis <a class=\"\" href=\"http:\/\/3pj7.mj.am\/lnk\/AM4AAMTQNiYAActsk6wAAG7IAVgAAP_9G4kAAAAmAAPT6ABiQqLRt-cyB2mlQjm1-qn3L6rYVAADqPA\/5\/xkGwAn80OK7pGgnnyzmIiw\/aHR0cHM6Ly93d3cudmFjY2luc3NhbnNhbHVtaW5pdW0ub3JnL3JlY2hlcmNoZS1hbHVtaW5pdW0tdmFjY2luYWwtZW5maW4tZmluYW5jZWUv\" target=\"_blank\" rel=\"noopener noreferrer\"><u>ANR<\/u><\/a>),<\/p>\n<p class=\"\" data-testid=\"c0DGDMvjSguP6\">(3) le Conseil d\u2019\u00c9tat reconna\u00eet le lien entre la myofasciite \u00e0 macrophages et cet adjuvant neurotoxique (forte jurisprudence, avec 11 arr\u00eats depuis 2012, le <a class=\"\" href=\"http:\/\/3pj7.mj.am\/lnk\/AM4AAMTQNiYAActsk6wAAG7IAVgAAP_9G4kAAAAmAAPT6ABiQqLRt-cyB2mlQjm1-qn3L6rYVAADqPA\/6\/K9GSINc0IG30atU-Wf-WLQ\/aHR0cHM6Ly93d3cudmFjY2luc3NhbnNhbHVtaW5pdW0ub3JnL2xlLWNvbnNlaWwtZGV0YXQtY29uZmlybWUtbGUtbGllbi1lbnRyZS1hbHVtaW5pdW0tdmFjY2luYWwtZXQtbXlvZmFzY2lpdGUtYS1tYWNyb3BoYWdlcy8\" target=\"_blank\" rel=\"noopener noreferrer\"><u>dernier jugement<\/u><\/a> datant\u00a0de septembre 2021).<\/p>\n<p class=\"\" data-testid=\"c0DGDMvjSguP6\"><b>Nous avons donc mis en demeure Google (Youtube) de r\u00e9tablir nos vid\u00e9os, par courrier en date du 18 f\u00e9vrier 2022. N\u2019ayant pas obtenu de r\u00e9ponse, nous engageons un r\u00e9f\u00e9r\u00e9 contre Google.<\/b><\/p>\n<p class=\"\" data-testid=\"kEone1ezl\"><b>Vous pouvez retrouver :<\/b><\/p>\n<p class=\"\" data-testid=\"kEone1ezl\">\u2022 <i>L&rsquo;aluminium, les vaccins et les 2 lapins&#8230;<\/i>\u00a0<a class=\"\" href=\"http:\/\/3pj7.mj.am\/lnk\/AM4AAMTQNiYAActsk6wAAG7IAVgAAP_9G4kAAAAmAAPT6ABiQqLRt-cyB2mlQjm1-qn3L6rYVAADqPA\/7\/jVEfQ-vIBVwLgm7uvPjAPQ\/aHR0cHM6Ly9jcm93ZGJ1bmtlci5jb20vdi9obzZtMnU1d1ph\" target=\"_blank\" rel=\"noopener noreferrer\"><u>sur ce lien<\/u><\/a><\/p>\n<p class=\"\" data-testid=\"kEone1ezl\">\u2022<i> L\u2019alu total<\/i>\u00a0<a class=\"\" href=\"http:\/\/3pj7.mj.am\/lnk\/AM4AAMTQNiYAActsk6wAAG7IAVgAAP_9G4kAAAAmAAPT6ABiQqLRt-cyB2mlQjm1-qn3L6rYVAADqPA\/8\/CS2XV1rjyjrhjOOYykrRMw\/aHR0cHM6Ly9jcm93ZGJ1bmtlci5jb20vdi90WlB4R0V6UmU3\" target=\"_blank\" rel=\"noopener noreferrer\"><u>sur ce lien<\/u><\/a><\/p>\n<table width=\"100%\">\n<tbody>\n<tr>\n<td>\n<p data-testid=\"4nLXnI0io\">Vous vous sentez concern\u00e9s par les actions que nous menons ? Ou plus largement, vous voulez \u00eatre \u00e0 nos c\u00f4t\u00e9s pour d\u00e9fendre la libert\u00e9 d\u2019expression ?<\/p>\n<p data-testid=\"4nLXnI0io\"><strong>Nous accueillons avec reconnaissance tout soutien<\/strong>, quelle qu\u2019en soit la forme (prise de parole publique, d\u00e9marche politique, relai dans vos r\u00e9seaux, soutien financier pour nous aider \u00e0 mener les d\u00e9marches judiciaires, etc.).<\/p>\n<p data-testid=\"4nLXnI0io\">Solidairement,<br \/>\nDidier Lambert<br \/>\nPr\u00e9sident E3M<\/p>\n<\/td>\n<\/tr>\n<tr>\n<td>\n<table>\n<tbody>\n<tr>\n<td><a href=\"http:\/\/3pj7.mj.am\/lnk\/AM4AAMTQNiYAActsk6wAAG7IAVgAAP_9G4kAAAAmAAPT6ABiQqLRt-cyB2mlQjm1-qn3L6rYVAADqPA\/9\/fUCoavwA9UMf6TE-sTqrhQ\/aHR0cHM6Ly93d3cuaGVsbG9hc3NvLmNvbS9hc3NvY2lhdGlvbnMvYXNzb2NpYXRpb24tZTNtL2Zvcm11bGFpcmVzLzEvd2lkZ2V0\">Faire un don<\/a><\/td>\n<\/tr>\n<\/tbody>\n<\/table>\n<\/td>\n<\/tr>\n<tr>\n<td>\n<p data-testid=\"BK55L5RUE\"><em>* Myalgia and chronic fatigue syndrome following immunization : macrophagic myofasciitis and animal studies support linkage to aluminum adjuvant persistency and diffusion in the immune system\u00a0<\/em><br \/>\n<em>\u2013 <\/em><a href=\"http:\/\/3pj7.mj.am\/lnk\/AM4AAMTQNiYAActsk6wAAG7IAVgAAP_9G4kAAAAmAAPT6ABiQqLRt-cyB2mlQjm1-qn3L6rYVAADqPA\/10\/un4PzRyNtINk_CpIazTk9g\/aHR0cHM6Ly9kb2kub3JnLzEwLjEwMTYvai5hdXRyZXYuMjAxOS4wNS4wMDY\"><em><u>Version originale<\/u><\/em><\/a><em> \u2013 <\/em><a href=\"http:\/\/3pj7.mj.am\/lnk\/AM4AAMTQNiYAActsk6wAAG7IAVgAAP_9G4kAAAAmAAPT6ABiQqLRt-cyB2mlQjm1-qn3L6rYVAADqPA\/11\/9JwNQrpWf8OpCCZjvckAmA\/aHR0cHM6Ly93d3cudmFjY2luc3NhbnNhbHVtaW5pdW0ub3JnL3dwLWNvbnRlbnQvdXBsb2Fkcy8yMDE5LzA1LzIwMTkuMDUtR2hlcmFyZGktYWwtTXlhbGdpZXMtZXQtc3luZHJvbWUtZGUtZmF0aWd1ZS1jaHJvbmlxdWUtYXByZXMtdmFjY2luYXRpb24ucGRm\"><em><u>Version fran\u00e7aise<\/u><\/em><\/a><\/p>\n<\/td>\n<\/tr>\n<\/tbody>\n<\/table>\n<p data-testid=\"kEone1ezl\">\n","protected":false},"excerpt":{"rendered":"<p>Le 1er f\u00e9vrier 2022, Youtube a d\u00e9cid\u00e9 de supprimer le documentaire L&rsquo;aluminium, les vaccins et les 2 lapins&#8230;, r\u00e9alis\u00e9 par Marie-Ange Poyet en 2016 (et en ligne depuis 2018, totalisant plus de 60 000 vues). Le pr\u00e9texte ? \u00ab Informations&hellip;<\/p>\n","protected":false},"author":926,"featured_media":1556878,"comment_status":"closed","ping_status":"closed","sticky":false,"template":"","format":"standard","meta":{"footnotes":""},"categories":[98,85,1245],"tags":[100713,519,278,4715],"class_list":["post-1556849","post","type-post","status-publish","format-standard","has-post-thumbnail","hentry","category-droits-de-lhomme","category-europe-fr","category-sante-sujet","tag-aluminium","tag-liberte-dexpression","tag-sante","tag-vaccins"],"yoast_head":"<!-- This site is optimized with the Yoast SEO plugin v27.1.1 - https:\/\/yoast.com\/product\/yoast-seo-wordpress\/ -->\n<title>Atteinte \u00e0 la libert\u00e9 d&#039;expression<\/title>\n<meta name=\"description\" content=\"Le 1er f\u00e9vrier 2022, Youtube a d\u00e9cid\u00e9 de supprimer le documentaire L&#039;aluminium, les vaccins et les 2 lapins..., r\u00e9alis\u00e9 par Marie-Ange Poyet en 2016 (et\" \/>\n<meta name=\"robots\" content=\"index, follow, max-snippet:-1, max-image-preview:large, max-video-preview:-1\" \/>\n<link rel=\"canonical\" href=\"https:\/\/www.pressenza.com\/fr\/2022\/04\/atteinte-a-la-liberte-dexpression\/\" \/>\n<meta property=\"og:locale\" content=\"fr_FR\" \/>\n<meta property=\"og:type\" content=\"article\" \/>\n<meta property=\"og:title\" content=\"Atteinte \u00e0 la libert\u00e9 d&#039;expression\" \/>\n<meta property=\"og:description\" content=\"Le 1er f\u00e9vrier 2022, Youtube a d\u00e9cid\u00e9 de supprimer le documentaire L&#039;aluminium, les vaccins et les 2 lapins..., r\u00e9alis\u00e9 par Marie-Ange Poyet en 2016 (et\" \/>\n<meta property=\"og:url\" content=\"https:\/\/www.pressenza.com\/fr\/2022\/04\/atteinte-a-la-liberte-dexpression\/\" \/>\n<meta property=\"og:site_name\" content=\"Pressenza\" \/>\n<meta property=\"article:publisher\" content=\"https:\/\/www.facebook.com\/PressenzaItalia\" \/>\n<meta property=\"article:published_time\" content=\"2022-04-02T23:09:39+00:00\" \/>\n<meta property=\"og:image\" content=\"https:\/\/www.pressenza.com\/wp-content\/uploads\/2022\/04\/freedom-of-speech-g1f4fb961b_640.jpg\" \/>\n\t<meta property=\"og:image:width\" content=\"820\" \/>\n\t<meta property=\"og:image:height\" content=\"460\" \/>\n\t<meta property=\"og:image:type\" content=\"image\/jpeg\" \/>\n<meta name=\"author\" content=\"R\u00e9daction France\" \/>\n<meta name=\"twitter:card\" content=\"summary_large_image\" \/>\n<meta name=\"twitter:creator\" content=\"@PressenzaIPA\" \/>\n<meta name=\"twitter:site\" content=\"@PressenzaIPA\" \/>\n<meta name=\"twitter:label1\" content=\"\u00c9crit par\" \/>\n\t<meta name=\"twitter:data1\" content=\"R\u00e9daction France\" \/>\n\t<meta name=\"twitter:label2\" content=\"Dur\u00e9e de lecture estim\u00e9e\" \/>\n\t<meta name=\"twitter:data2\" content=\"3 minutes\" \/>\n<script type=\"application\/ld+json\" class=\"yoast-schema-graph\">{\"@context\":\"https:\/\/schema.org\",\"@graph\":[{\"@type\":\"Article\",\"@id\":\"https:\/\/www.pressenza.com\/fr\/2022\/04\/atteinte-a-la-liberte-dexpression\/#article\",\"isPartOf\":{\"@id\":\"https:\/\/www.pressenza.com\/fr\/2022\/04\/atteinte-a-la-liberte-dexpression\/\"},\"author\":{\"name\":\"R\u00e9daction France\",\"@id\":\"https:\/\/www.pressenza.com\/fr\/#\/schema\/person\/3c9fe6670cc2cffbd37562f87b98e869\"},\"headline\":\"Atteinte \u00e0 la libert\u00e9 d&rsquo;expression\",\"datePublished\":\"2022-04-02T23:09:39+00:00\",\"mainEntityOfPage\":{\"@id\":\"https:\/\/www.pressenza.com\/fr\/2022\/04\/atteinte-a-la-liberte-dexpression\/\"},\"wordCount\":493,\"publisher\":{\"@id\":\"https:\/\/www.pressenza.com\/fr\/#organization\"},\"image\":{\"@id\":\"https:\/\/www.pressenza.com\/fr\/2022\/04\/atteinte-a-la-liberte-dexpression\/#primaryimage\"},\"thumbnailUrl\":\"https:\/\/www.pressenza.com\/wp-content\/uploads\/2022\/04\/freedom-of-speech-g1f4fb961b_640.jpg\",\"keywords\":[\"aluminium\",\"Libert\u00e9 d'expression\",\"sant\u00e9\",\"vaccins\"],\"articleSection\":[\"Droits humains\",\"Europe\",\"Sant\u00e9\"],\"inLanguage\":\"fr-FR\"},{\"@type\":\"WebPage\",\"@id\":\"https:\/\/www.pressenza.com\/fr\/2022\/04\/atteinte-a-la-liberte-dexpression\/\",\"url\":\"https:\/\/www.pressenza.com\/fr\/2022\/04\/atteinte-a-la-liberte-dexpression\/\",\"name\":\"Atteinte \u00e0 la libert\u00e9 d'expression\",\"isPartOf\":{\"@id\":\"https:\/\/www.pressenza.com\/fr\/#website\"},\"primaryImageOfPage\":{\"@id\":\"https:\/\/www.pressenza.com\/fr\/2022\/04\/atteinte-a-la-liberte-dexpression\/#primaryimage\"},\"image\":{\"@id\":\"https:\/\/www.pressenza.com\/fr\/2022\/04\/atteinte-a-la-liberte-dexpression\/#primaryimage\"},\"thumbnailUrl\":\"https:\/\/www.pressenza.com\/wp-content\/uploads\/2022\/04\/freedom-of-speech-g1f4fb961b_640.jpg\",\"datePublished\":\"2022-04-02T23:09:39+00:00\",\"description\":\"Le 1er f\u00e9vrier 2022, Youtube a d\u00e9cid\u00e9 de supprimer le documentaire L'aluminium, les vaccins et les 2 lapins..., r\u00e9alis\u00e9 par Marie-Ange Poyet en 2016 (et\",\"breadcrumb\":{\"@id\":\"https:\/\/www.pressenza.com\/fr\/2022\/04\/atteinte-a-la-liberte-dexpression\/#breadcrumb\"},\"inLanguage\":\"fr-FR\",\"potentialAction\":[{\"@type\":\"ReadAction\",\"target\":[\"https:\/\/www.pressenza.com\/fr\/2022\/04\/atteinte-a-la-liberte-dexpression\/\"]}]},{\"@type\":\"ImageObject\",\"inLanguage\":\"fr-FR\",\"@id\":\"https:\/\/www.pressenza.com\/fr\/2022\/04\/atteinte-a-la-liberte-dexpression\/#primaryimage\",\"url\":\"https:\/\/www.pressenza.com\/wp-content\/uploads\/2022\/04\/freedom-of-speech-g1f4fb961b_640.jpg\",\"contentUrl\":\"https:\/\/www.pressenza.com\/wp-content\/uploads\/2022\/04\/freedom-of-speech-g1f4fb961b_640.jpg\",\"width\":820,\"height\":460,\"caption\":\"Atteinte \u00e0 la libert\u00e9 d\u2019expression\"},{\"@type\":\"BreadcrumbList\",\"@id\":\"https:\/\/www.pressenza.com\/fr\/2022\/04\/atteinte-a-la-liberte-dexpression\/#breadcrumb\",\"itemListElement\":[{\"@type\":\"ListItem\",\"position\":1,\"name\":\"Accueil\",\"item\":\"https:\/\/www.pressenza.com\/fr\/\"},{\"@type\":\"ListItem\",\"position\":2,\"name\":\"Atteinte \u00e0 la libert\u00e9 d&rsquo;expression\"}]},{\"@type\":\"WebSite\",\"@id\":\"https:\/\/www.pressenza.com\/fr\/#website\",\"url\":\"https:\/\/www.pressenza.com\/fr\/\",\"name\":\"Pressenza\",\"description\":\"International Press Agency\",\"publisher\":{\"@id\":\"https:\/\/www.pressenza.com\/fr\/#organization\"},\"potentialAction\":[{\"@type\":\"SearchAction\",\"target\":{\"@type\":\"EntryPoint\",\"urlTemplate\":\"https:\/\/www.pressenza.com\/fr\/?s={search_term_string}\"},\"query-input\":{\"@type\":\"PropertyValueSpecification\",\"valueRequired\":true,\"valueName\":\"search_term_string\"}}],\"inLanguage\":\"fr-FR\"},{\"@type\":\"Organization\",\"@id\":\"https:\/\/www.pressenza.com\/fr\/#organization\",\"name\":\"Pressenza\",\"url\":\"https:\/\/www.pressenza.com\/fr\/\",\"logo\":{\"@type\":\"ImageObject\",\"inLanguage\":\"fr-FR\",\"@id\":\"https:\/\/www.pressenza.com\/fr\/#\/schema\/logo\/image\/\",\"url\":\"https:\/\/www.pressenza.com\/wp-content\/uploads\/2022\/10\/pressenza_logo_200x200.jpg\",\"contentUrl\":\"https:\/\/www.pressenza.com\/wp-content\/uploads\/2022\/10\/pressenza_logo_200x200.jpg\",\"width\":200,\"height\":200,\"caption\":\"Pressenza\"},\"image\":{\"@id\":\"https:\/\/www.pressenza.com\/fr\/#\/schema\/logo\/image\/\"},\"sameAs\":[\"https:\/\/www.facebook.com\/PressenzaItalia\",\"https:\/\/x.com\/PressenzaIPA\"]},{\"@type\":\"Person\",\"@id\":\"https:\/\/www.pressenza.com\/fr\/#\/schema\/person\/3c9fe6670cc2cffbd37562f87b98e869\",\"name\":\"R\u00e9daction France\",\"description\":\"News published by the Pressenza bureau in France\",\"sameAs\":[\"http:\/\/www.pressenza.com\/fr\"],\"url\":\"https:\/\/www.pressenza.com\/fr\/author\/redactionfrance\/\"}]}<\/script>\n<!-- \/ Yoast SEO plugin. -->","yoast_head_json":{"title":"Atteinte \u00e0 la libert\u00e9 d'expression","description":"Le 1er f\u00e9vrier 2022, Youtube a d\u00e9cid\u00e9 de supprimer le documentaire L'aluminium, les vaccins et les 2 lapins..., r\u00e9alis\u00e9 par Marie-Ange Poyet en 2016 (et","robots":{"index":"index","follow":"follow","max-snippet":"max-snippet:-1","max-image-preview":"max-image-preview:large","max-video-preview":"max-video-preview:-1"},"canonical":"https:\/\/www.pressenza.com\/fr\/2022\/04\/atteinte-a-la-liberte-dexpression\/","og_locale":"fr_FR","og_type":"article","og_title":"Atteinte \u00e0 la libert\u00e9 d'expression","og_description":"Le 1er f\u00e9vrier 2022, Youtube a d\u00e9cid\u00e9 de supprimer le documentaire L'aluminium, les vaccins et les 2 lapins..., r\u00e9alis\u00e9 par Marie-Ange Poyet en 2016 (et","og_url":"https:\/\/www.pressenza.com\/fr\/2022\/04\/atteinte-a-la-liberte-dexpression\/","og_site_name":"Pressenza","article_publisher":"https:\/\/www.facebook.com\/PressenzaItalia","article_published_time":"2022-04-02T23:09:39+00:00","og_image":[{"width":820,"height":460,"url":"https:\/\/www.pressenza.com\/wp-content\/uploads\/2022\/04\/freedom-of-speech-g1f4fb961b_640.jpg","type":"image\/jpeg"}],"author":"R\u00e9daction France","twitter_card":"summary_large_image","twitter_creator":"@PressenzaIPA","twitter_site":"@PressenzaIPA","twitter_misc":{"\u00c9crit par":"R\u00e9daction France","Dur\u00e9e de lecture estim\u00e9e":"3 minutes"},"schema":{"@context":"https:\/\/schema.org","@graph":[{"@type":"Article","@id":"https:\/\/www.pressenza.com\/fr\/2022\/04\/atteinte-a-la-liberte-dexpression\/#article","isPartOf":{"@id":"https:\/\/www.pressenza.com\/fr\/2022\/04\/atteinte-a-la-liberte-dexpression\/"},"author":{"name":"R\u00e9daction France","@id":"https:\/\/www.pressenza.com\/fr\/#\/schema\/person\/3c9fe6670cc2cffbd37562f87b98e869"},"headline":"Atteinte \u00e0 la libert\u00e9 d&rsquo;expression","datePublished":"2022-04-02T23:09:39+00:00","mainEntityOfPage":{"@id":"https:\/\/www.pressenza.com\/fr\/2022\/04\/atteinte-a-la-liberte-dexpression\/"},"wordCount":493,"publisher":{"@id":"https:\/\/www.pressenza.com\/fr\/#organization"},"image":{"@id":"https:\/\/www.pressenza.com\/fr\/2022\/04\/atteinte-a-la-liberte-dexpression\/#primaryimage"},"thumbnailUrl":"https:\/\/www.pressenza.com\/wp-content\/uploads\/2022\/04\/freedom-of-speech-g1f4fb961b_640.jpg","keywords":["aluminium","Libert\u00e9 d'expression","sant\u00e9","vaccins"],"articleSection":["Droits humains","Europe","Sant\u00e9"],"inLanguage":"fr-FR"},{"@type":"WebPage","@id":"https:\/\/www.pressenza.com\/fr\/2022\/04\/atteinte-a-la-liberte-dexpression\/","url":"https:\/\/www.pressenza.com\/fr\/2022\/04\/atteinte-a-la-liberte-dexpression\/","name":"Atteinte \u00e0 la libert\u00e9 d'expression","isPartOf":{"@id":"https:\/\/www.pressenza.com\/fr\/#website"},"primaryImageOfPage":{"@id":"https:\/\/www.pressenza.com\/fr\/2022\/04\/atteinte-a-la-liberte-dexpression\/#primaryimage"},"image":{"@id":"https:\/\/www.pressenza.com\/fr\/2022\/04\/atteinte-a-la-liberte-dexpression\/#primaryimage"},"thumbnailUrl":"https:\/\/www.pressenza.com\/wp-content\/uploads\/2022\/04\/freedom-of-speech-g1f4fb961b_640.jpg","datePublished":"2022-04-02T23:09:39+00:00","description":"Le 1er f\u00e9vrier 2022, Youtube a d\u00e9cid\u00e9 de supprimer le documentaire L'aluminium, les vaccins et les 2 lapins..., r\u00e9alis\u00e9 par Marie-Ange Poyet en 2016 (et","breadcrumb":{"@id":"https:\/\/www.pressenza.com\/fr\/2022\/04\/atteinte-a-la-liberte-dexpression\/#breadcrumb"},"inLanguage":"fr-FR","potentialAction":[{"@type":"ReadAction","target":["https:\/\/www.pressenza.com\/fr\/2022\/04\/atteinte-a-la-liberte-dexpression\/"]}]},{"@type":"ImageObject","inLanguage":"fr-FR","@id":"https:\/\/www.pressenza.com\/fr\/2022\/04\/atteinte-a-la-liberte-dexpression\/#primaryimage","url":"https:\/\/www.pressenza.com\/wp-content\/uploads\/2022\/04\/freedom-of-speech-g1f4fb961b_640.jpg","contentUrl":"https:\/\/www.pressenza.com\/wp-content\/uploads\/2022\/04\/freedom-of-speech-g1f4fb961b_640.jpg","width":820,"height":460,"caption":"Atteinte \u00e0 la libert\u00e9 d\u2019expression"},{"@type":"BreadcrumbList","@id":"https:\/\/www.pressenza.com\/fr\/2022\/04\/atteinte-a-la-liberte-dexpression\/#breadcrumb","itemListElement":[{"@type":"ListItem","position":1,"name":"Accueil","item":"https:\/\/www.pressenza.com\/fr\/"},{"@type":"ListItem","position":2,"name":"Atteinte \u00e0 la libert\u00e9 d&rsquo;expression"}]},{"@type":"WebSite","@id":"https:\/\/www.pressenza.com\/fr\/#website","url":"https:\/\/www.pressenza.com\/fr\/","name":"Pressenza","description":"International Press Agency","publisher":{"@id":"https:\/\/www.pressenza.com\/fr\/#organization"},"potentialAction":[{"@type":"SearchAction","target":{"@type":"EntryPoint","urlTemplate":"https:\/\/www.pressenza.com\/fr\/?s={search_term_string}"},"query-input":{"@type":"PropertyValueSpecification","valueRequired":true,"valueName":"search_term_string"}}],"inLanguage":"fr-FR"},{"@type":"Organization","@id":"https:\/\/www.pressenza.com\/fr\/#organization","name":"Pressenza","url":"https:\/\/www.pressenza.com\/fr\/","logo":{"@type":"ImageObject","inLanguage":"fr-FR","@id":"https:\/\/www.pressenza.com\/fr\/#\/schema\/logo\/image\/","url":"https:\/\/www.pressenza.com\/wp-content\/uploads\/2022\/10\/pressenza_logo_200x200.jpg","contentUrl":"https:\/\/www.pressenza.com\/wp-content\/uploads\/2022\/10\/pressenza_logo_200x200.jpg","width":200,"height":200,"caption":"Pressenza"},"image":{"@id":"https:\/\/www.pressenza.com\/fr\/#\/schema\/logo\/image\/"},"sameAs":["https:\/\/www.facebook.com\/PressenzaItalia","https:\/\/x.com\/PressenzaIPA"]},{"@type":"Person","@id":"https:\/\/www.pressenza.com\/fr\/#\/schema\/person\/3c9fe6670cc2cffbd37562f87b98e869","name":"R\u00e9daction France","description":"News published by the Pressenza bureau in France","sameAs":["http:\/\/www.pressenza.com\/fr"],"url":"https:\/\/www.pressenza.com\/fr\/author\/redactionfrance\/"}]}},"place":"France","original_article_url":"","_links":{"self":[{"href":"https:\/\/www.pressenza.com\/fr\/wp-json\/wp\/v2\/posts\/1556849","targetHints":{"allow":["GET"]}}],"collection":[{"href":"https:\/\/www.pressenza.com\/fr\/wp-json\/wp\/v2\/posts"}],"about":[{"href":"https:\/\/www.pressenza.com\/fr\/wp-json\/wp\/v2\/types\/post"}],"author":[{"embeddable":true,"href":"https:\/\/www.pressenza.com\/fr\/wp-json\/wp\/v2\/users\/926"}],"replies":[{"embeddable":true,"href":"https:\/\/www.pressenza.com\/fr\/wp-json\/wp\/v2\/comments?post=1556849"}],"version-history":[{"count":0,"href":"https:\/\/www.pressenza.com\/fr\/wp-json\/wp\/v2\/posts\/1556849\/revisions"}],"wp:featuredmedia":[{"embeddable":true,"href":"https:\/\/www.pressenza.com\/fr\/wp-json\/wp\/v2\/media\/1556878"}],"wp:attachment":[{"href":"https:\/\/www.pressenza.com\/fr\/wp-json\/wp\/v2\/media?parent=1556849"}],"wp:term":[{"taxonomy":"category","embeddable":true,"href":"https:\/\/www.pressenza.com\/fr\/wp-json\/wp\/v2\/categories?post=1556849"},{"taxonomy":"post_tag","embeddable":true,"href":"https:\/\/www.pressenza.com\/fr\/wp-json\/wp\/v2\/tags?post=1556849"}],"curies":[{"name":"wp","href":"https:\/\/api.w.org\/{rel}","templated":true}]}}